{"id":6707,"date":"2025-11-18T11:10:51","date_gmt":"2025-11-18T10:10:51","guid":{"rendered":"https:\/\/blog.insieme.ch\/?p=6707"},"modified":"2025-12-02T16:12:24","modified_gmt":"2025-12-02T15:12:24","slug":"linclusion-par-andreas-rubin","status":"publish","type":"post","link":"https:\/\/blog.insieme.ch\/fr\/falc\/linclusion-par-andreas-rubin\/","title":{"rendered":"L&rsquo;inclusion par Andreas Rubin"},"content":{"rendered":"<p><!-- flzn:zn_pagebanner --><\/p>\n<header id=\"flzn-pagebanner-1\" class=\"zone zn-pagebanner is-alignfull with-bg bg-color is-bgc-yellow-light\"><span class=\"zone-bg bg-color bgc-yellow-light alignfull\"><\/span><\/p>\n<div class=\"zone-block zn-pagebanner-block alignfull va-center\">\n<div class=\"row zn-pagebanner-row\">\n<div class=\"columns zn-pagebanner-col-content large-12\">\n<div class=\"columns-inner\">\n<div class=\"zn-pagebanner-content\"><\/div>\n<\/p><\/div>\n<\/p><\/div>\n<\/p><\/div>\n<\/p><\/div>\n<\/header>\n<p><!-- \/flzn:zn_pagebanner --><br \/>\n<!-- flzn:zn_text --><\/p>\n<div id=\"flzn-text-1\" class=\"zone zn-text is-alignwide\">\n<div class=\"zone-block zn-text-block alignwide va-top\">\n<div class=\"row mw-content-zone zn-text-row widthbig\">\n<div class=\"columns large-12\">\n<div class=\"zn-text-titlebox\">\n<h2 class=\"zone-title zn-text-title zone-title titleline\">\n\t\t\t\t\t\t\u00ab&#160;&#160;Et pourquoi on doit changer&#160;&#160;?&#160;&#160;\u00bb\t\t\t\t\t<\/h2>\n<\/p><\/div>\n<div class=\"row large-up-1 with-nice-alignment nbloc-1\">\n<div class=\"column zn-text-col\">\n<div class=\"column-inner\">\n<div class=\"wig-content mw-content\">\n<p>Pour l&rsquo;exposition \u00ab&#160;&#160;Et pourquoi on doit changer&#160;&#160;?&#160;&#160;\u00bb Andreas Rubin nous parle d&rsquo;inclusion&#160;&#160;:<\/p>\n<p>&nbsp;<\/p>\n<p><span data-contrast=\"auto\">L\u2019inclusion veut dire&#160;&#160;:<\/span><br \/>\n<span data-contrast=\"auto\">Nous, les personnes en situation de handicap, pouvons faire plus de choses.<\/span><br \/>\n<span data-contrast=\"auto\">Je veux \u00eatre \u00e9gal aux autres personnes. Je ne veux pas avoir d\u2019obstacles.<\/span><br \/>\n<span data-contrast=\"auto\">Il faut une nouvelle politique.<\/span><br \/>\n<span data-contrast=\"auto\">Dans les d\u00e9cisions, il faut plus de personnes en situation de handicap..<\/span><br \/>\n<span data-contrast=\"auto\">Et nous sommes beaucoup de personnes en situation de handicap.\u00a0 <\/span><br \/>\n<span data-contrast=\"auto\">Nous faisons partie de la soci\u00e9t\u00e9. Les personnes ont besoin de la soci\u00e9t\u00e9.<\/span><br \/>\n<span data-contrast=\"auto\">La soci\u00e9t\u00e9, c\u2019est tous ensemble.<\/span><span data-ccp-props=\"{&quot;201341983&quot;:0,&quot;335559739&quot;:300,&quot;335559740&quot;:276}\">\u00a0<\/span><\/p>\n<p><span data-contrast=\"auto\">Parfois, je ne peux pas bien participer&#160;&#160;:<\/span><span data-ccp-props=\"{&quot;201341983&quot;:0,&quot;335559739&quot;:100,&quot;335559740&quot;:276}\">\u00a0<\/span><\/p>\n<ul>\n<li aria-setsize=\"-1\" data-leveltext=\"\uf0b7\" data-font=\"Symbol\" data-listid=\"1\" data-list-defn-props=\"{&quot;335552541&quot;:1,&quot;335559685&quot;:720,&quot;335559991&quot;:360,&quot;469769226&quot;:&quot;Symbol&quot;,&quot;469769242&quot;:[8226],&quot;469777803&quot;:&quot;left&quot;,&quot;469777804&quot;:&quot;\uf0b7&quot;,&quot;469777815&quot;:&quot;multilevel&quot;}\" data-aria-posinset=\"1\" data-aria-level=\"1\"><span data-contrast=\"auto\">dans la vie publique<\/span><span data-ccp-props=\"{&quot;201341983&quot;:0,&quot;335559739&quot;:100,&quot;335559740&quot;:276}\">\u00a0<\/span><\/li>\n<\/ul>\n<ul>\n<li aria-setsize=\"-1\" data-leveltext=\"\uf0b7\" data-font=\"Symbol\" data-listid=\"1\" data-list-defn-props=\"{&quot;335552541&quot;:1,&quot;335559685&quot;:720,&quot;335559991&quot;:360,&quot;469769226&quot;:&quot;Symbol&quot;,&quot;469769242&quot;:[8226],&quot;469777803&quot;:&quot;left&quot;,&quot;469777804&quot;:&quot;\uf0b7&quot;,&quot;469777815&quot;:&quot;multilevel&quot;}\" data-aria-posinset=\"2\" data-aria-level=\"1\"><span data-contrast=\"auto\">dans la politique<\/span><span data-ccp-props=\"{&quot;201341983&quot;:0,&quot;335559739&quot;:100,&quot;335559740&quot;:276}\">\u00a0<\/span><\/li>\n<\/ul>\n<ul>\n<li aria-setsize=\"-1\" data-leveltext=\"\uf0b7\" data-font=\"Symbol\" data-listid=\"1\" data-list-defn-props=\"{&quot;335552541&quot;:1,&quot;335559685&quot;:720,&quot;335559991&quot;:360,&quot;469769226&quot;:&quot;Symbol&quot;,&quot;469769242&quot;:[8226],&quot;469777803&quot;:&quot;left&quot;,&quot;469777804&quot;:&quot;\uf0b7&quot;,&quot;469777815&quot;:&quot;multilevel&quot;}\" data-aria-posinset=\"3\" data-aria-level=\"1\"><span data-contrast=\"auto\">\u00e0 la banque<\/span><span data-ccp-props=\"{&quot;201341983&quot;:0,&quot;335559739&quot;:100,&quot;335559740&quot;:276}\">\u00a0<\/span><\/li>\n<\/ul>\n<ul>\n<li aria-setsize=\"-1\" data-leveltext=\"\uf0b7\" data-font=\"Symbol\" data-listid=\"1\" data-list-defn-props=\"{&quot;335552541&quot;:1,&quot;335559685&quot;:720,&quot;335559991&quot;:360,&quot;469769226&quot;:&quot;Symbol&quot;,&quot;469769242&quot;:[8226],&quot;469777803&quot;:&quot;left&quot;,&quot;469777804&quot;:&quot;\uf0b7&quot;,&quot;469777815&quot;:&quot;multilevel&quot;}\" data-aria-posinset=\"4\" data-aria-level=\"1\"><span data-contrast=\"auto\">aux d\u00e9cisions de l\u2019assurance invalidit\u00e9 (AI).<\/span><span data-ccp-props=\"{&quot;201341983&quot;:0,&quot;335559739&quot;:100,&quot;335559740&quot;:276}\">\u00a0<\/span><\/li>\n<\/ul>\n<p><span data-contrast=\"auto\">Pour moi, tout cela est difficile.\u00a0<\/span><span data-ccp-props=\"{&quot;201341983&quot;:0,&quot;335559739&quot;:300,&quot;335559740&quot;:276}\">\u00a0<\/span><\/p>\n<p><span data-contrast=\"auto\">Parfois, je ne comprends pas bien. Je dois demander plusieurs fois.<\/span><br \/>\n<span data-contrast=\"auto\">On ne peut pas toujours \u00eatre soi-m\u00eame.<\/span><br \/>\n<span data-contrast=\"auto\">Et pourquoi on doit changer&#160;&#160;? Nous ne devons pas changer&#160;&#160;!<\/span><span data-ccp-props=\"{&quot;201341983&quot;:0,&quot;335559739&quot;:300,&quot;335559740&quot;:276}\">\u00a0<\/span><\/p>\n<\/p><\/div>\n<\/p><\/div>\n<\/p><\/div>\n<\/p><\/div>\n<\/p><\/div>\n<\/p><\/div>\n<\/div>\n<\/div>\n<p><!-- \/flzn:zn_text --><br \/>\n<!-- flzn:zn_image --><\/p>\n<div id=\"flzn-image-1\" class=\"zone zn-image is-alignsimple\">\n<div class=\"zone-block zn-image-block pdd-top pdd-bottom alignsimple va-center\">\n<div class=\"row one-img\">\n<div class=\"columns large-12\">\n<div class=\"row with-nice-alignment va-center\" data-equalizer data-equalize-on=\"large\">\n<div class=\"columns large-12 zn-image-col\" data-equalizer-watch>\n<div class=\"columns-inner zn-image-col-inner\">\n\t\t\t\t\t\t\t<a class=\"zn-image-imgbox swipebox\" href=\"https:\/\/blog.insieme.ch\/wp-inside\/uploads\/2025\/11\/ds93260.jpg\" title=\"\" rel=\"galleryzone-flzn-image-1\">\t\t\t\t\t\t\t<\/p>\n<figure class=\"zn-image-figure\">\n\t\t\t\t\t\t\t\t<img decoding=\"async\" class=\"zn-image-img\" src=\"https:\/\/blog.insieme.ch\/wp-inside\/uploads\/2025\/11\/ds93260-1920x2880.jpg\" alt=\"\" \/><br \/>\n\t\t\t\t\t\t\t\t\t\t\t\t\t\t\t<\/figure>\n<p>\t\t\t\t\t\t\t<\/a>\t\t\t\t\t\t<\/div>\n<\/p><\/div>\n<\/p><\/div>\n<\/p><\/div>\n<\/p><\/div>\n<\/div>\n<\/div>\n<p><!-- \/flzn:zn_image --><\/p>\n","protected":false},"excerpt":{"rendered":"<p>\u00ab&#160;&#160;Et pourquoi on doit changer&#160;&#160;?&#160;&#160;\u00bb Pour l&rsquo;exposition \u00ab&#160;&#160;Et pourquoi on doit changer&#160;&#160;?&#160;&#160;\u00bb Andreas Rubin nous parle d&rsquo;inclusion&#160;&#160;: &nbsp; L\u2019inclusion veut dire&#160;&#160;: Nous, les personnes en situation de handicap, pouvons faire [&hellip;]<\/p>\n","protected":false},"author":45,"featured_media":6798,"comment_status":"open","ping_status":"open","sticky":false,"template":"","format":"standard","meta":{"_acf_changed":false,"footnotes":""},"categories":[15,17],"tags":[],"class_list":["post-6707","post","type-post","status-publish","format-standard","has-post-thumbnail","hentry","category-falc","category-inclusion","wp-sticky"],"acf":[],"yoast_head":"<!-- This site is optimized with the Yoast SEO plugin v27.5 - https:\/\/yoast.com\/product\/yoast-seo-wordpress\/ -->\n<title>L&#039;inclusion par Andreas Rubin<\/title>\n<meta name=\"robots\" content=\"index, follow, max-snippet:-1, max-image-preview:large, max-video-preview:-1\" \/>\n<link rel=\"canonical\" href=\"https:\/\/blog.insieme.ch\/fr\/falc\/linclusion-par-andreas-rubin\/\" \/>\n<meta property=\"og:locale\" content=\"fr_FR\" \/>\n<meta property=\"og:type\" content=\"article\" \/>\n<meta property=\"og:title\" content=\"L&#039;inclusion par Andreas Rubin\" \/>\n<meta property=\"og:description\" content=\"\u00ab&#160;&#160;Et pourquoi on doit changer&#160;&#160;?&#160;&#160;\u00bb Pour l&rsquo;exposition \u00ab&#160;&#160;Et pourquoi on doit changer&#160;&#160;?&#160;&#160;\u00bb Andreas Rubin nous parle d&rsquo;inclusion&#160;&#160;: &nbsp; L\u2019inclusion veut dire&#160;&#160;: Nous, les personnes en situation de handicap, pouvons faire [&hellip;]\" \/>\n<meta property=\"og:url\" content=\"https:\/\/blog.insieme.ch\/fr\/falc\/linclusion-par-andreas-rubin\/\" \/>\n<meta property=\"og:site_name\" content=\"insieme Blog\" \/>\n<meta property=\"article:publisher\" content=\"https:\/\/www.facebook.com\/insiemeSuisse\/\" \/>\n<meta property=\"article:published_time\" content=\"2025-11-18T10:10:51+00:00\" \/>\n<meta property=\"article:modified_time\" content=\"2025-12-02T15:12:24+00:00\" \/>\n<meta property=\"og:image\" content=\"https:\/\/blog.insieme.ch\/wp-inside\/uploads\/2025\/11\/ds93260.jpg\" \/>\n\t<meta property=\"og:image:width\" content=\"2000\" \/>\n\t<meta property=\"og:image:height\" content=\"3000\" \/>\n\t<meta property=\"og:image:type\" content=\"image\/jpeg\" \/>\n<meta name=\"author\" content=\"insieme Suisse\" \/>\n<meta name=\"twitter:card\" content=\"summary_large_image\" \/>\n<meta name=\"twitter:creator\" content=\"@insiemeSuisse\" \/>\n<meta name=\"twitter:site\" content=\"@insiemeSuisse\" \/>\n<meta name=\"twitter:label1\" content=\"\u00c9crit par\" \/>\n\t<meta name=\"twitter:data1\" content=\"insieme Suisse\" \/>\n\t<meta name=\"twitter:label2\" content=\"Dur\u00e9e de lecture estim\u00e9e\" \/>\n\t<meta name=\"twitter:data2\" content=\"1 minute\" \/>\n<script type=\"application\/ld+json\" class=\"yoast-schema-graph\">{\"@context\":\"https:\\\/\\\/schema.org\",\"@graph\":[{\"@type\":\"Article\",\"@id\":\"https:\\\/\\\/blog.insieme.ch\\\/fr\\\/falc\\\/linclusion-par-andreas-rubin\\\/#article\",\"isPartOf\":{\"@id\":\"https:\\\/\\\/blog.insieme.ch\\\/fr\\\/falc\\\/linclusion-par-andreas-rubin\\\/\"},\"author\":{\"name\":\"insieme Suisse\",\"@id\":\"https:\\\/\\\/blog.insieme.ch\\\/fr\\\/#\\\/schema\\\/person\\\/1619aa235290bb5d64fd91d84b9ebf86\"},\"headline\":\"L&rsquo;inclusion par Andreas Rubin\",\"datePublished\":\"2025-11-18T10:10:51+00:00\",\"dateModified\":\"2025-12-02T15:12:24+00:00\",\"mainEntityOfPage\":{\"@id\":\"https:\\\/\\\/blog.insieme.ch\\\/fr\\\/falc\\\/linclusion-par-andreas-rubin\\\/\"},\"wordCount\":166,\"commentCount\":0,\"publisher\":{\"@id\":\"https:\\\/\\\/blog.insieme.ch\\\/fr\\\/#organization\"},\"image\":{\"@id\":\"https:\\\/\\\/blog.insieme.ch\\\/fr\\\/falc\\\/linclusion-par-andreas-rubin\\\/#primaryimage\"},\"thumbnailUrl\":\"https:\\\/\\\/blog.insieme.ch\\\/wp-inside\\\/uploads\\\/2025\\\/11\\\/ds93260.jpg\",\"articleSection\":[\"Articles en FALC\",\"Inclusion\"],\"inLanguage\":\"fr-FR\",\"potentialAction\":[{\"@type\":\"CommentAction\",\"name\":\"Comment\",\"target\":[\"https:\\\/\\\/blog.insieme.ch\\\/fr\\\/falc\\\/linclusion-par-andreas-rubin\\\/#respond\"]}]},{\"@type\":\"WebPage\",\"@id\":\"https:\\\/\\\/blog.insieme.ch\\\/fr\\\/falc\\\/linclusion-par-andreas-rubin\\\/\",\"url\":\"https:\\\/\\\/blog.insieme.ch\\\/fr\\\/falc\\\/linclusion-par-andreas-rubin\\\/\",\"name\":\"L'inclusion par Andreas Rubin\",\"isPartOf\":{\"@id\":\"https:\\\/\\\/blog.insieme.ch\\\/fr\\\/#website\"},\"primaryImageOfPage\":{\"@id\":\"https:\\\/\\\/blog.insieme.ch\\\/fr\\\/falc\\\/linclusion-par-andreas-rubin\\\/#primaryimage\"},\"image\":{\"@id\":\"https:\\\/\\\/blog.insieme.ch\\\/fr\\\/falc\\\/linclusion-par-andreas-rubin\\\/#primaryimage\"},\"thumbnailUrl\":\"https:\\\/\\\/blog.insieme.ch\\\/wp-inside\\\/uploads\\\/2025\\\/11\\\/ds93260.jpg\",\"datePublished\":\"2025-11-18T10:10:51+00:00\",\"dateModified\":\"2025-12-02T15:12:24+00:00\",\"breadcrumb\":{\"@id\":\"https:\\\/\\\/blog.insieme.ch\\\/fr\\\/falc\\\/linclusion-par-andreas-rubin\\\/#breadcrumb\"},\"inLanguage\":\"fr-FR\",\"potentialAction\":[{\"@type\":\"ReadAction\",\"target\":[\"https:\\\/\\\/blog.insieme.ch\\\/fr\\\/falc\\\/linclusion-par-andreas-rubin\\\/\"]}]},{\"@type\":\"ImageObject\",\"inLanguage\":\"fr-FR\",\"@id\":\"https:\\\/\\\/blog.insieme.ch\\\/fr\\\/falc\\\/linclusion-par-andreas-rubin\\\/#primaryimage\",\"url\":\"https:\\\/\\\/blog.insieme.ch\\\/wp-inside\\\/uploads\\\/2025\\\/11\\\/ds93260.jpg\",\"contentUrl\":\"https:\\\/\\\/blog.insieme.ch\\\/wp-inside\\\/uploads\\\/2025\\\/11\\\/ds93260.jpg\",\"width\":2000,\"height\":3000},{\"@type\":\"BreadcrumbList\",\"@id\":\"https:\\\/\\\/blog.insieme.ch\\\/fr\\\/falc\\\/linclusion-par-andreas-rubin\\\/#breadcrumb\",\"itemListElement\":[{\"@type\":\"ListItem\",\"position\":1,\"name\":\"Accueil\",\"item\":\"https:\\\/\\\/blog.insieme.ch\\\/fr\\\/\"},{\"@type\":\"ListItem\",\"position\":2,\"name\":\"Articles en FALC\",\"item\":\"https:\\\/\\\/blog.insieme.ch\\\/fr\\\/falc\\\/\"},{\"@type\":\"ListItem\",\"position\":3,\"name\":\"L&rsquo;inclusion par Andreas Rubin\"}]},{\"@type\":\"WebSite\",\"@id\":\"https:\\\/\\\/blog.insieme.ch\\\/fr\\\/#website\",\"url\":\"https:\\\/\\\/blog.insieme.ch\\\/fr\\\/\",\"name\":\"insieme Blog\",\"description\":\"Alles ausser gew\u00f6hnlich\",\"publisher\":{\"@id\":\"https:\\\/\\\/blog.insieme.ch\\\/fr\\\/#organization\"},\"potentialAction\":[{\"@type\":\"SearchAction\",\"target\":{\"@type\":\"EntryPoint\",\"urlTemplate\":\"https:\\\/\\\/blog.insieme.ch\\\/fr\\\/?s={search_term_string}\"},\"query-input\":{\"@type\":\"PropertyValueSpecification\",\"valueRequired\":true,\"valueName\":\"search_term_string\"}}],\"inLanguage\":\"fr-FR\"},{\"@type\":\"Organization\",\"@id\":\"https:\\\/\\\/blog.insieme.ch\\\/fr\\\/#organization\",\"name\":\"insieme Blog\",\"url\":\"https:\\\/\\\/blog.insieme.ch\\\/fr\\\/\",\"logo\":{\"@type\":\"ImageObject\",\"inLanguage\":\"fr-FR\",\"@id\":\"https:\\\/\\\/blog.insieme.ch\\\/fr\\\/#\\\/schema\\\/logo\\\/image\\\/\",\"url\":\"https:\\\/\\\/blog.insieme.ch\\\/wp-inside\\\/uploads\\\/2021\\\/04\\\/logo-insieme-blog.png\",\"contentUrl\":\"https:\\\/\\\/blog.insieme.ch\\\/wp-inside\\\/uploads\\\/2021\\\/04\\\/logo-insieme-blog.png\",\"width\":280,\"height\":81,\"caption\":\"insieme Blog\"},\"image\":{\"@id\":\"https:\\\/\\\/blog.insieme.ch\\\/fr\\\/#\\\/schema\\\/logo\\\/image\\\/\"},\"sameAs\":[\"https:\\\/\\\/www.facebook.com\\\/insiemeSuisse\\\/\",\"https:\\\/\\\/x.com\\\/insiemeSuisse\"]},{\"@type\":\"Person\",\"@id\":\"https:\\\/\\\/blog.insieme.ch\\\/fr\\\/#\\\/schema\\\/person\\\/1619aa235290bb5d64fd91d84b9ebf86\",\"name\":\"insieme Suisse\",\"image\":{\"@type\":\"ImageObject\",\"inLanguage\":\"fr-FR\",\"@id\":\"https:\\\/\\\/secure.gravatar.com\\\/avatar\\\/324412281196890007c7811233ff9a0039d5ea99ad73266f84289fdf0836d421?s=96&d=mm&r=g\",\"url\":\"https:\\\/\\\/secure.gravatar.com\\\/avatar\\\/324412281196890007c7811233ff9a0039d5ea99ad73266f84289fdf0836d421?s=96&d=mm&r=g\",\"contentUrl\":\"https:\\\/\\\/secure.gravatar.com\\\/avatar\\\/324412281196890007c7811233ff9a0039d5ea99ad73266f84289fdf0836d421?s=96&d=mm&r=g\",\"caption\":\"insieme Suisse\"},\"url\":\"https:\\\/\\\/blog.insieme.ch\\\/fr\\\/author\\\/insieme-suisse\\\/\"}]}<\/script>\n<!-- \/ Yoast SEO plugin. -->","yoast_head_json":{"title":"L'inclusion par Andreas Rubin","robots":{"index":"index","follow":"follow","max-snippet":"max-snippet:-1","max-image-preview":"max-image-preview:large","max-video-preview":"max-video-preview:-1"},"canonical":"https:\/\/blog.insieme.ch\/fr\/falc\/linclusion-par-andreas-rubin\/","og_locale":"fr_FR","og_type":"article","og_title":"L'inclusion par Andreas Rubin","og_description":"\u00ab&#160;&#160;Et pourquoi on doit changer&#160;&#160;?&#160;&#160;\u00bb Pour l&rsquo;exposition \u00ab&#160;&#160;Et pourquoi on doit changer&#160;&#160;?&#160;&#160;\u00bb Andreas Rubin nous parle d&rsquo;inclusion&#160;&#160;: &nbsp; L\u2019inclusion veut dire&#160;&#160;: Nous, les personnes en situation de handicap, pouvons faire [&hellip;]","og_url":"https:\/\/blog.insieme.ch\/fr\/falc\/linclusion-par-andreas-rubin\/","og_site_name":"insieme Blog","article_publisher":"https:\/\/www.facebook.com\/insiemeSuisse\/","article_published_time":"2025-11-18T10:10:51+00:00","article_modified_time":"2025-12-02T15:12:24+00:00","og_image":[{"width":2000,"height":3000,"url":"https:\/\/blog.insieme.ch\/wp-inside\/uploads\/2025\/11\/ds93260.jpg","type":"image\/jpeg"}],"author":"insieme Suisse","twitter_card":"summary_large_image","twitter_creator":"@insiemeSuisse","twitter_site":"@insiemeSuisse","twitter_misc":{"\u00c9crit par":"insieme Suisse","Dur\u00e9e de lecture estim\u00e9e":"1 minute"},"schema":{"@context":"https:\/\/schema.org","@graph":[{"@type":"Article","@id":"https:\/\/blog.insieme.ch\/fr\/falc\/linclusion-par-andreas-rubin\/#article","isPartOf":{"@id":"https:\/\/blog.insieme.ch\/fr\/falc\/linclusion-par-andreas-rubin\/"},"author":{"name":"insieme Suisse","@id":"https:\/\/blog.insieme.ch\/fr\/#\/schema\/person\/1619aa235290bb5d64fd91d84b9ebf86"},"headline":"L&rsquo;inclusion par Andreas Rubin","datePublished":"2025-11-18T10:10:51+00:00","dateModified":"2025-12-02T15:12:24+00:00","mainEntityOfPage":{"@id":"https:\/\/blog.insieme.ch\/fr\/falc\/linclusion-par-andreas-rubin\/"},"wordCount":166,"commentCount":0,"publisher":{"@id":"https:\/\/blog.insieme.ch\/fr\/#organization"},"image":{"@id":"https:\/\/blog.insieme.ch\/fr\/falc\/linclusion-par-andreas-rubin\/#primaryimage"},"thumbnailUrl":"https:\/\/blog.insieme.ch\/wp-inside\/uploads\/2025\/11\/ds93260.jpg","articleSection":["Articles en FALC","Inclusion"],"inLanguage":"fr-FR","potentialAction":[{"@type":"CommentAction","name":"Comment","target":["https:\/\/blog.insieme.ch\/fr\/falc\/linclusion-par-andreas-rubin\/#respond"]}]},{"@type":"WebPage","@id":"https:\/\/blog.insieme.ch\/fr\/falc\/linclusion-par-andreas-rubin\/","url":"https:\/\/blog.insieme.ch\/fr\/falc\/linclusion-par-andreas-rubin\/","name":"L'inclusion par Andreas Rubin","isPartOf":{"@id":"https:\/\/blog.insieme.ch\/fr\/#website"},"primaryImageOfPage":{"@id":"https:\/\/blog.insieme.ch\/fr\/falc\/linclusion-par-andreas-rubin\/#primaryimage"},"image":{"@id":"https:\/\/blog.insieme.ch\/fr\/falc\/linclusion-par-andreas-rubin\/#primaryimage"},"thumbnailUrl":"https:\/\/blog.insieme.ch\/wp-inside\/uploads\/2025\/11\/ds93260.jpg","datePublished":"2025-11-18T10:10:51+00:00","dateModified":"2025-12-02T15:12:24+00:00","breadcrumb":{"@id":"https:\/\/blog.insieme.ch\/fr\/falc\/linclusion-par-andreas-rubin\/#breadcrumb"},"inLanguage":"fr-FR","potentialAction":[{"@type":"ReadAction","target":["https:\/\/blog.insieme.ch\/fr\/falc\/linclusion-par-andreas-rubin\/"]}]},{"@type":"ImageObject","inLanguage":"fr-FR","@id":"https:\/\/blog.insieme.ch\/fr\/falc\/linclusion-par-andreas-rubin\/#primaryimage","url":"https:\/\/blog.insieme.ch\/wp-inside\/uploads\/2025\/11\/ds93260.jpg","contentUrl":"https:\/\/blog.insieme.ch\/wp-inside\/uploads\/2025\/11\/ds93260.jpg","width":2000,"height":3000},{"@type":"BreadcrumbList","@id":"https:\/\/blog.insieme.ch\/fr\/falc\/linclusion-par-andreas-rubin\/#breadcrumb","itemListElement":[{"@type":"ListItem","position":1,"name":"Accueil","item":"https:\/\/blog.insieme.ch\/fr\/"},{"@type":"ListItem","position":2,"name":"Articles en FALC","item":"https:\/\/blog.insieme.ch\/fr\/falc\/"},{"@type":"ListItem","position":3,"name":"L&rsquo;inclusion par Andreas Rubin"}]},{"@type":"WebSite","@id":"https:\/\/blog.insieme.ch\/fr\/#website","url":"https:\/\/blog.insieme.ch\/fr\/","name":"insieme Blog","description":"Alles ausser gew\u00f6hnlich","publisher":{"@id":"https:\/\/blog.insieme.ch\/fr\/#organization"},"potentialAction":[{"@type":"SearchAction","target":{"@type":"EntryPoint","urlTemplate":"https:\/\/blog.insieme.ch\/fr\/?s={search_term_string}"},"query-input":{"@type":"PropertyValueSpecification","valueRequired":true,"valueName":"search_term_string"}}],"inLanguage":"fr-FR"},{"@type":"Organization","@id":"https:\/\/blog.insieme.ch\/fr\/#organization","name":"insieme Blog","url":"https:\/\/blog.insieme.ch\/fr\/","logo":{"@type":"ImageObject","inLanguage":"fr-FR","@id":"https:\/\/blog.insieme.ch\/fr\/#\/schema\/logo\/image\/","url":"https:\/\/blog.insieme.ch\/wp-inside\/uploads\/2021\/04\/logo-insieme-blog.png","contentUrl":"https:\/\/blog.insieme.ch\/wp-inside\/uploads\/2021\/04\/logo-insieme-blog.png","width":280,"height":81,"caption":"insieme Blog"},"image":{"@id":"https:\/\/blog.insieme.ch\/fr\/#\/schema\/logo\/image\/"},"sameAs":["https:\/\/www.facebook.com\/insiemeSuisse\/","https:\/\/x.com\/insiemeSuisse"]},{"@type":"Person","@id":"https:\/\/blog.insieme.ch\/fr\/#\/schema\/person\/1619aa235290bb5d64fd91d84b9ebf86","name":"insieme Suisse","image":{"@type":"ImageObject","inLanguage":"fr-FR","@id":"https:\/\/secure.gravatar.com\/avatar\/324412281196890007c7811233ff9a0039d5ea99ad73266f84289fdf0836d421?s=96&d=mm&r=g","url":"https:\/\/secure.gravatar.com\/avatar\/324412281196890007c7811233ff9a0039d5ea99ad73266f84289fdf0836d421?s=96&d=mm&r=g","contentUrl":"https:\/\/secure.gravatar.com\/avatar\/324412281196890007c7811233ff9a0039d5ea99ad73266f84289fdf0836d421?s=96&d=mm&r=g","caption":"insieme Suisse"},"url":"https:\/\/blog.insieme.ch\/fr\/author\/insieme-suisse\/"}]}},"featured_media_url":"https:\/\/blog.insieme.ch\/wp-inside\/uploads\/2025\/11\/ds93260-683x1024.jpg","_links":{"self":[{"href":"https:\/\/blog.insieme.ch\/fr\/wp-json\/wp\/v2\/posts\/6707","targetHints":{"allow":["GET"]}}],"collection":[{"href":"https:\/\/blog.insieme.ch\/fr\/wp-json\/wp\/v2\/posts"}],"about":[{"href":"https:\/\/blog.insieme.ch\/fr\/wp-json\/wp\/v2\/types\/post"}],"author":[{"embeddable":true,"href":"https:\/\/blog.insieme.ch\/fr\/wp-json\/wp\/v2\/users\/45"}],"replies":[{"embeddable":true,"href":"https:\/\/blog.insieme.ch\/fr\/wp-json\/wp\/v2\/comments?post=6707"}],"version-history":[{"count":13,"href":"https:\/\/blog.insieme.ch\/fr\/wp-json\/wp\/v2\/posts\/6707\/revisions"}],"predecessor-version":[{"id":6816,"href":"https:\/\/blog.insieme.ch\/fr\/wp-json\/wp\/v2\/posts\/6707\/revisions\/6816"}],"wp:featuredmedia":[{"embeddable":true,"href":"https:\/\/blog.insieme.ch\/fr\/wp-json\/wp\/v2\/media\/6798"}],"wp:attachment":[{"href":"https:\/\/blog.insieme.ch\/fr\/wp-json\/wp\/v2\/media?parent=6707"}],"wp:term":[{"taxonomy":"category","embeddable":true,"href":"https:\/\/blog.insieme.ch\/fr\/wp-json\/wp\/v2\/categories?post=6707"},{"taxonomy":"post_tag","embeddable":true,"href":"https:\/\/blog.insieme.ch\/fr\/wp-json\/wp\/v2\/tags?post=6707"}],"curies":[{"name":"wp","href":"https:\/\/api.w.org\/{rel}","templated":true}]}}