{"id":6584,"date":"2025-06-30T13:33:29","date_gmt":"2025-06-30T11:33:29","guid":{"rendered":"https:\/\/blog.insieme.ch\/?p=6584"},"modified":"2025-06-30T13:35:22","modified_gmt":"2025-06-30T11:35:22","slug":"je-voulais-etre-acteur-de-mon-inclusion","status":"publish","type":"post","link":"https:\/\/blog.insieme.ch\/fr\/loisirs\/je-voulais-etre-acteur-de-mon-inclusion\/","title":{"rendered":"\u00ab&#160;Je voulais \u00eatre acteur de mon inclusion&#160;\u00bb"},"content":{"rendered":"<p><!-- flzn:zn_pagebanner --><\/p>\n<header id=\"flzn-pagebanner-1\" class=\"zone zn-pagebanner is-alignfull with-bg bg-color is-bgc-yellow-light\"><span class=\"zone-bg bg-color bgc-yellow-light alignfull\"><\/span><\/p>\n<div class=\"zone-block zn-pagebanner-block alignfull va-center\"><\/div>\n<\/header>\n<p><!-- \/flzn:zn_pagebanner --><br \/>\n<!-- flzn:zn_text --><\/p>\n<div id=\"flzn-text-1\" class=\"zone zn-text is-alignwide\">\n<div class=\"zone-block zn-text-block alignwide va-top\">\n<div class=\"row mw-content-zone zn-text-row\">\n<div class=\"columns large-12\">\n<div class=\"row large-up-1 with-nice-alignment nbloc-1\">\n<div class=\"column zn-text-col\">\n<div class=\"column-inner\">\n<div class=\"wig-content mw-content\">\n<section class=\"placed focus\">\n<h4><span style=\"font-size: inherit;\">Au sein de l\u2019\u00e9quipe Atypique 3&#215;3, variante du basketball traditionnel, on fait tout soi-m\u00eame. Tandis que l\u2019entra\u00eenement est assur\u00e9 par plusieurs joueurs en alternance, l\u2019un d\u2019entre eux en assume la gestion administrative. Mais ce que ces basketteur\u00b7se\u00b7s aiment avant tout&#160;&#160;: jouer, se d\u00e9passer et pouvoir se mesurer \u00e0 d\u2019autres formations lors de comp\u00e9titions ordinaires.<\/span><\/h4>\n<\/section>\n<p><!--more--><\/p>\n<section class=\"placed\">Les Halles sportives de Beaulieu \u00e0 Lausanne abritent, \u00e0 l\u2019\u00e9tage, deux vastes terrains de basketball. Ce lundi soir, l\u2019\u00e9quipe du Lausanne-Sport de basket 3&#215;3, variante du basketball ordinaire, opposant deux \u00e9quipes de trois joueur\u00b7se\u00b7s sur un demi-terrain, occupe une moiti\u00e9 de l\u2019espace. L\u2019entier de la salle est divis\u00e9 en son centre par un espace fitness, o\u00f9 plusieurs personnes s\u2019activent sur des machines, sous l\u2019\u0153il attentif d\u2019un pr\u00e9parateur physique. \u00ab&#160;&#160;Alors, tout va bien, champion&#160;&#160;?&#160;&#160;\u00bb, lance celui-ci \u00e0 Olivier Paccaud, qui nous a donn\u00e9 rendez-vous ce soir pour assister \u00e0 l\u2019entra\u00eenement d\u2019Atypique 3&#215;3, \u00e9quipe qu\u2019il a cr\u00e9\u00e9e en septembre 2022.<\/p>\n<blockquote>\n<p>\u00ab&#160;&#160;La plupart d\u2019entre nous sommes sur le spectre de l\u2019autisme. Nous avons des niveaux d\u2019autonomie diff\u00e9rents et des exp\u00e9riences vari\u00e9es dans le basket&#160;&#160;\u00bb<\/p>\n<\/blockquote>\n<p>L\u2019une des particularit\u00e9s de cette derni\u00e8re&#160;&#160;? Elle a \u00e9t\u00e9 mise sur pied de A \u00e0 Z par une personne en situation de handicap pour des personnes en situation de handicap&#160;&#160;: \u00ab&#160;&#160;La plupart d\u2019entre nous sommes sur le spectre de l\u2019autisme. Nous avons des niveaux d\u2019autonomie diff\u00e9rents et des exp\u00e9riences vari\u00e9es dans le basket&#160;&#160;\u00bb, explique le jeune homme, \u00e9galement membre du comit\u00e9 d\u2019insieme Vaud. La gestion administrative du club, les inscriptions aux tournois ou encore la coordination des participant\u00b7e\u00b7s reposent essentiellement sur les \u00e9paules d\u2019Olivier Paccaud&#160;&#160;: \u00ab&#160;&#160;Quand j\u2019ai lanc\u00e9 ce club, je voulais \u00eatre acteur de mon inclusion et jouer un r\u00f4le direct&#160;&#160;\u00bb, explique-t-il avec passion. Et de pr\u00e9ciser que l\u2019\u00e9quipe est ouverte \u00e0 tout le monde.<\/p>\n<\/section><\/div>\n<\/p><\/div>\n<\/p><\/div>\n<\/p><\/div>\n<\/p><\/div>\n<\/p><\/div>\n<\/div>\n<\/div>\n<p><!-- \/flzn:zn_text --><br \/>\n<!-- flzn:zn_quote --><\/p>\n<div id=\"flzn-quote-1\" class=\"zone zn-quote is-alignsimple\">\n<div class=\"zone-block zn-quote-block alignsimple va-top\">\n<div class=\"row mw-content-zone\">\n<div class=\"large-12 columns\">\n<div class=\"quotebox with-img\">\n<div class=\"quotebox-inner\">\n<figure class=\"quotebox-img\">\n\t\t\t\t\t\t\t<img decoding=\"async\" src=\"https:\/\/blog.insieme.ch\/wp-inside\/uploads\/2025\/02\/basket_3x3_22-150x150.jpg\" alt=\"Olivier pPa\" \/><br \/>\n\t\t\t\t\t\t<\/figure>\n<blockquote class=\"quotebox-content\">\n<div class=\"quotebox-content-inner\">\n<p class=\"quotebox-desc\">\u00ab&#160;&#160;Quand j\u2019ai lanc\u00e9 ce club, je voulais \u00eatre acteur de mon inclusion et jouer un r\u00f4le direct&#160;&#160;\u00bb<\/p>\n<p>\t\t\t\t\t\t\t\t\t\t\t\t\t\t<cite class=\"quotebox-author\"><br \/>\n\t\t\t\t\t\t\t\t<span class=\"quotebox-name\">Olivier pPa<\/span>\t\t\t\t\t\t\t\t\t\t\t\t\t\t\t<\/cite>\n\t\t\t\t\t\t\t\t\t\t\t\t\t<\/div>\n<\/blockquote><\/div>\n<\/p><\/div>\n<\/p><\/div>\n<\/p><\/div>\n<\/div>\n<\/div>\n<p><!-- \/flzn:zn_quote --><br \/>\n<!-- flzn:zn_text --><\/p>\n<div id=\"flzn-text-2\" class=\"zone zn-text is-alignwide\">\n<div class=\"zone-block zn-text-block alignwide va-top\">\n<div class=\"row mw-content-zone zn-text-row\">\n<div class=\"columns large-12\">\n<div class=\"row large-up-1 with-nice-alignment nbloc-1\">\n<div class=\"column zn-text-col\">\n<div class=\"column-inner\">\n<div class=\"wig-content mw-content\">\n<section class=\"placed\">\n<h4><strong>Trois \u00ab&#160;&#160;coachs-joueurs&#160;&#160;\u00bb et autant de comp\u00e9tences diff\u00e9rentes<\/strong><\/h4>\n<\/section><\/div>\n<\/p><\/div>\n<\/p><\/div>\n<\/p><\/div>\n<\/p><\/div>\n<\/p><\/div>\n<\/div>\n<\/div>\n<p><!-- \/flzn:zn_text --><br \/>\n<!-- flzn:zn_text --><\/p>\n<div id=\"flzn-text-3\" class=\"zone zn-text is-alignwide\">\n<div class=\"zone-block zn-text-block alignwide va-top\">\n<div class=\"row mw-content-zone zn-text-row\">\n<div class=\"columns large-12\">\n<div class=\"row with-nice-alignment nbloc-2 va-top\">\n<div class=\"columns large-6 zn-text-col\">\n<div class=\"columns-inner\">\n<div class=\"wig-content mw-content\">\n<section class=\"placed\">On s\u2019\u00e9change quelques mots et blagues, on prend des nouvelles des autres et on attend le dernier qui se change au vestiaire. Puis, Alexander, David, Enrique, Olivier et Wiley se r\u00e9partissent sur le demi-terrain. Assur\u00e9 chaque semaine en alternance par trois participants en mode double casquette \u00ab&#160;&#160;coach-joueur&#160;&#160;\u00bb, l\u2019entra\u00eenement de ce soir d\u00e9bute par un \u00e9chauffement des chevilles, puis des genoux.\u00a0 \u00ab&#160;&#160;A la fin, on fait des 3 contre 3, si on est assez&#160;&#160;\u00bb, explique Enrique, en charge de l\u2019entra\u00eenement pour cette session. La composition de ce dernier, les exercices choisis ainsi que le coaching varie en fonction des comp\u00e9tences de l\u2019entra\u00eeneur d\u00e9sign\u00e9. Si Enrique est plus ax\u00e9 \u00ab&#160;&#160;exercices physiques&#160;&#160;\u00bb, Olivier insiste davantage sur la technique. Tandis que Vincent, absent ce soir-l\u00e0, est plus orient\u00e9 \u00ab&#160;&#160;situations de match&#160;&#160;\u00bb.<\/section>\n<section class=\"placed\">\u00a0<\/section>\n<\/p><\/div>\n<\/p><\/div>\n<\/p><\/div>\n<div class=\"columns large-6 zn-text-col\">\n<div class=\"columns-inner\">\n<div class=\"wig-content mw-content\">\n<section class=\"placed\">\u00ab&#160;&#160;Comment vous vous \u00eates sentis apr\u00e8s le dernier entra\u00eenement&#160;&#160;? Si vous n\u2019\u00e9tiez pas \u00e9puis\u00e9s, ce n\u2019est pas bon signe&#160;&#160;!&#160;&#160;\u00bb, lance Olivier \u00e0 ses co\u00e9quipiers, en plein \u00e9chauffement. On passe \u00e0 l\u2019exercice suivant, la pratique du lay-up, \u00ab&#160;&#160;on tire \u00e0 courte distance en se d\u00e9pla\u00e7ant vers le panier&#160;&#160;\u00bb, nous explique Wiley. Ceux qui n\u2019ont pas le ballon se postent d\u2019un c\u00f4t\u00e9 du panier, bondissant vers ce dernier pour le r\u00e9cup\u00e9rer lorsque le point est marqu\u00e9, formant une sorte de ballet rapide dans lequel les joueurs se croisent sans cesse. \u00ab&#160;&#160;Combien de lay-ups rat\u00e9s&#160;&#160;?&#160;&#160;\u00bb, interrompt d\u2019un coup de sifflet sec le coach Enrique. Ce n\u2019est pas encore le moment de se laisser aller. Tous entament une s\u00e9rie de pompes avant de prendre enfin une pause. David en profite pour lancer la musique.\u00a0<\/section>\n<section class=\"placed\">\u00a0<\/section>\n<\/p><\/div>\n<\/p><\/div>\n<\/p><\/div>\n<\/p><\/div>\n<\/p><\/div>\n<\/p><\/div>\n<\/div>\n<\/div>\n<p><!-- \/flzn:zn_text --><br \/>\n<!-- flzn:zn_gallery --><\/p>\n<div id=\"flzn-gallery-1\" class=\"zone zn-gallery is-alignwide\">\n<div class=\"zone-block zn-gallery-block alignwide va-top\">\n<div class=\"row mw-content-zone\">\n<div class=\"large-12 columns\">\n<div class=\"zn-gallery-list slick-slider galleryslider-grid\">\n<div class=\"zn-gallery-item slick-item\">\n<div class=\"zn-gallery-item-inner\">\n<p>\t\t\t\t\t\t\t\t\t\t\t\t\t<a class=\"swipebox\" href=\"https:\/\/blog.insieme.ch\/wp-inside\/uploads\/2025\/06\/basket_3x3_06-1920x1280.jpg\" title=\" \u00a9Cyril Zingaro\" rel=\"galleryzone-flzn-gallery-1\"><\/p>\n<div class=\"imgbox\">\n\t\t\t\t\t\t\t\t\t\t\t\t\t\t\t\t\t\t<img decoding=\"async\" src=\"https:\/\/blog.insieme.ch\/wp-inside\/uploads\/2025\/06\/basket_3x3_06-185x185.jpg\" alt=\"\" data-interchange=\"[https:\/\/blog.insieme.ch\/wp-inside\/uploads\/2025\/06\/basket_3x3_06-185x185.jpg, small],[https:\/\/blog.insieme.ch\/wp-inside\/uploads\/2025\/06\/basket_3x3_06-370x300.jpg, gsmall],[https:\/\/blog.insieme.ch\/wp-inside\/uploads\/2025\/06\/basket_3x3_06-185x185.jpg, large],[https:\/\/blog.insieme.ch\/wp-inside\/uploads\/2025\/06\/basket_3x3_06-370x300.jpg, glarge],\"\/>\n\t\t\t\t\t\t\t\t<\/div>\n<p>\t\t\t\t\t\t\t\t\t\t\t\t\t<\/a>\n\t\t\t\t\t\t\t\t\t\t\t\t<\/div>\n<\/p><\/div>\n<div class=\"zn-gallery-item slick-item\">\n<div class=\"zn-gallery-item-inner\">\n<p>\t\t\t\t\t\t\t\t\t\t\t\t\t<a class=\"swipebox\" href=\"https:\/\/blog.insieme.ch\/wp-inside\/uploads\/2025\/06\/basket_3x3_08-1920x1280.jpg\" title=\"Olivier Paccaud et son equipe posent pour le photographe lors d'un entrainement de basket 3x3. \u00a9 Cyril Zingaro\" rel=\"galleryzone-flzn-gallery-1\"><\/p>\n<div class=\"imgbox\">\n\t\t\t\t\t\t\t\t\t\t\t\t\t\t\t\t\t\t<img decoding=\"async\" src=\"https:\/\/blog.insieme.ch\/wp-inside\/uploads\/2025\/06\/basket_3x3_08-185x185.jpg\" alt=\"\" data-interchange=\"[https:\/\/blog.insieme.ch\/wp-inside\/uploads\/2025\/06\/basket_3x3_08-185x185.jpg, small],[https:\/\/blog.insieme.ch\/wp-inside\/uploads\/2025\/06\/basket_3x3_08-370x300.jpg, gsmall],[https:\/\/blog.insieme.ch\/wp-inside\/uploads\/2025\/06\/basket_3x3_08-185x185.jpg, large],[https:\/\/blog.insieme.ch\/wp-inside\/uploads\/2025\/06\/basket_3x3_08-370x300.jpg, glarge],\"\/>\n\t\t\t\t\t\t\t\t<\/div>\n<p>\t\t\t\t\t\t\t\t\t\t\t\t\t<\/a>\n\t\t\t\t\t\t\t\t\t\t\t\t<\/div>\n<\/p><\/div>\n<div class=\"zn-gallery-item slick-item\">\n<div class=\"zn-gallery-item-inner\">\n<p>\t\t\t\t\t\t\t\t\t\t\t\t\t<a class=\"swipebox\" href=\"https:\/\/blog.insieme.ch\/wp-inside\/uploads\/2025\/06\/basket_3x3_10-1920x1280.jpg\" title=\"Olivier Paccaud et son equipe lors d'un entrainement de basket 3x3 . \u00a9 Cyril Zingaro\" rel=\"galleryzone-flzn-gallery-1\"><\/p>\n<div class=\"imgbox\">\n\t\t\t\t\t\t\t\t\t\t\t\t\t\t\t\t\t\t<img decoding=\"async\" src=\"https:\/\/blog.insieme.ch\/wp-inside\/uploads\/2025\/06\/basket_3x3_10-185x185.jpg\" alt=\"\" data-interchange=\"[https:\/\/blog.insieme.ch\/wp-inside\/uploads\/2025\/06\/basket_3x3_10-185x185.jpg, small],[https:\/\/blog.insieme.ch\/wp-inside\/uploads\/2025\/06\/basket_3x3_10-370x300.jpg, gsmall],[https:\/\/blog.insieme.ch\/wp-inside\/uploads\/2025\/06\/basket_3x3_10-185x185.jpg, large],[https:\/\/blog.insieme.ch\/wp-inside\/uploads\/2025\/06\/basket_3x3_10-370x300.jpg, glarge],\"\/>\n\t\t\t\t\t\t\t\t<\/div>\n<p>\t\t\t\t\t\t\t\t\t\t\t\t\t<\/a>\n\t\t\t\t\t\t\t\t\t\t\t\t<\/div>\n<\/p><\/div>\n<div class=\"zn-gallery-item slick-item\">\n<div class=\"zn-gallery-item-inner\">\n<p>\t\t\t\t\t\t\t\t\t\t\t\t\t<a class=\"swipebox\" href=\"https:\/\/blog.insieme.ch\/wp-inside\/uploads\/2025\/06\/basket_3x3_16-1920x1280.jpg\" title=\"\u00a9 Cyril Zingaro\" rel=\"galleryzone-flzn-gallery-1\"><\/p>\n<div class=\"imgbox\">\n\t\t\t\t\t\t\t\t\t\t\t\t\t\t\t\t\t\t<img decoding=\"async\" src=\"https:\/\/blog.insieme.ch\/wp-inside\/uploads\/2025\/06\/basket_3x3_16-185x185.jpg\" alt=\"\" data-interchange=\"[https:\/\/blog.insieme.ch\/wp-inside\/uploads\/2025\/06\/basket_3x3_16-185x185.jpg, small],[https:\/\/blog.insieme.ch\/wp-inside\/uploads\/2025\/06\/basket_3x3_16-370x300.jpg, gsmall],[https:\/\/blog.insieme.ch\/wp-inside\/uploads\/2025\/06\/basket_3x3_16-185x185.jpg, large],[https:\/\/blog.insieme.ch\/wp-inside\/uploads\/2025\/06\/basket_3x3_16-370x300.jpg, glarge],\"\/>\n\t\t\t\t\t\t\t\t<\/div>\n<p>\t\t\t\t\t\t\t\t\t\t\t\t\t<\/a>\n\t\t\t\t\t\t\t\t\t\t\t\t<\/div>\n<\/p><\/div>\n<div class=\"zn-gallery-item slick-item\">\n<div class=\"zn-gallery-item-inner\">\n<p>\t\t\t\t\t\t\t\t\t\t\t\t\t<a class=\"swipebox\" href=\"https:\/\/blog.insieme.ch\/wp-inside\/uploads\/2025\/06\/basket_3x3_17-1920x1280.jpg\" title=\"\u00a9 Cyril Zingaro\" rel=\"galleryzone-flzn-gallery-1\"><\/p>\n<div class=\"imgbox\">\n\t\t\t\t\t\t\t\t\t\t\t\t\t\t\t\t\t\t<img decoding=\"async\" src=\"https:\/\/blog.insieme.ch\/wp-inside\/uploads\/2025\/06\/basket_3x3_17-185x185.jpg\" alt=\"\" data-interchange=\"[https:\/\/blog.insieme.ch\/wp-inside\/uploads\/2025\/06\/basket_3x3_17-185x185.jpg, small],[https:\/\/blog.insieme.ch\/wp-inside\/uploads\/2025\/06\/basket_3x3_17-370x300.jpg, gsmall],[https:\/\/blog.insieme.ch\/wp-inside\/uploads\/2025\/06\/basket_3x3_17-185x185.jpg, large],[https:\/\/blog.insieme.ch\/wp-inside\/uploads\/2025\/06\/basket_3x3_17-370x300.jpg, glarge],\"\/>\n\t\t\t\t\t\t\t\t<\/div>\n<p>\t\t\t\t\t\t\t\t\t\t\t\t\t<\/a>\n\t\t\t\t\t\t\t\t\t\t\t\t<\/div>\n<\/p><\/div>\n<div class=\"zn-gallery-item slick-item\">\n<div class=\"zn-gallery-item-inner\">\n<p>\t\t\t\t\t\t\t\t\t\t\t\t\t<a class=\"swipebox\" href=\"https:\/\/blog.insieme.ch\/wp-inside\/uploads\/2025\/06\/basket_3x3_24-1920x1280.jpg\" title=\"\u00a9 Cyril Zingaro\" rel=\"galleryzone-flzn-gallery-1\"><\/p>\n<div class=\"imgbox\">\n\t\t\t\t\t\t\t\t\t\t\t\t\t\t\t\t\t\t<img decoding=\"async\" src=\"https:\/\/blog.insieme.ch\/wp-inside\/uploads\/2025\/06\/basket_3x3_24-185x185.jpg\" alt=\"\" data-interchange=\"[https:\/\/blog.insieme.ch\/wp-inside\/uploads\/2025\/06\/basket_3x3_24-185x185.jpg, small],[https:\/\/blog.insieme.ch\/wp-inside\/uploads\/2025\/06\/basket_3x3_24-370x300.jpg, gsmall],[https:\/\/blog.insieme.ch\/wp-inside\/uploads\/2025\/06\/basket_3x3_24-185x185.jpg, large],[https:\/\/blog.insieme.ch\/wp-inside\/uploads\/2025\/06\/basket_3x3_24-370x300.jpg, glarge],\"\/>\n\t\t\t\t\t\t\t\t<\/div>\n<p>\t\t\t\t\t\t\t\t\t\t\t\t\t<\/a>\n\t\t\t\t\t\t\t\t\t\t\t\t<\/div>\n<\/p><\/div>\n<div class=\"zn-gallery-item slick-item\">\n<div class=\"zn-gallery-item-inner\">\n<p>\t\t\t\t\t\t\t\t\t\t\t\t\t<a class=\"swipebox\" href=\"https:\/\/blog.insieme.ch\/wp-inside\/uploads\/2025\/06\/basket_3x3_30-1920x1280.jpg\" title=\"\u00a9 Cyril Zingaro\" rel=\"galleryzone-flzn-gallery-1\"><\/p>\n<div class=\"imgbox\">\n\t\t\t\t\t\t\t\t\t\t\t\t\t\t\t\t\t\t<img decoding=\"async\" src=\"https:\/\/blog.insieme.ch\/wp-inside\/uploads\/2025\/06\/basket_3x3_30-185x185.jpg\" alt=\"\" data-interchange=\"[https:\/\/blog.insieme.ch\/wp-inside\/uploads\/2025\/06\/basket_3x3_30-185x185.jpg, small],[https:\/\/blog.insieme.ch\/wp-inside\/uploads\/2025\/06\/basket_3x3_30-370x300.jpg, gsmall],[https:\/\/blog.insieme.ch\/wp-inside\/uploads\/2025\/06\/basket_3x3_30-185x185.jpg, large],[https:\/\/blog.insieme.ch\/wp-inside\/uploads\/2025\/06\/basket_3x3_30-370x300.jpg, glarge],\"\/>\n\t\t\t\t\t\t\t\t<\/div>\n<p>\t\t\t\t\t\t\t\t\t\t\t\t\t<\/a>\n\t\t\t\t\t\t\t\t\t\t\t\t<\/div>\n<\/p><\/div>\n<div class=\"zn-gallery-item slick-item\">\n<div class=\"zn-gallery-item-inner\">\n<p>\t\t\t\t\t\t\t\t\t\t\t\t\t<a class=\"swipebox\" href=\"https:\/\/blog.insieme.ch\/wp-inside\/uploads\/2025\/06\/basket_3x3_35-1920x1280.jpg\" title=\" \u00a9 Cyril Zingaro\" rel=\"galleryzone-flzn-gallery-1\"><\/p>\n<div class=\"imgbox\">\n\t\t\t\t\t\t\t\t\t\t\t\t\t\t\t\t\t\t<img decoding=\"async\" src=\"https:\/\/blog.insieme.ch\/wp-inside\/uploads\/2025\/06\/basket_3x3_35-185x185.jpg\" alt=\"\" data-interchange=\"[https:\/\/blog.insieme.ch\/wp-inside\/uploads\/2025\/06\/basket_3x3_35-185x185.jpg, small],[https:\/\/blog.insieme.ch\/wp-inside\/uploads\/2025\/06\/basket_3x3_35-370x300.jpg, gsmall],[https:\/\/blog.insieme.ch\/wp-inside\/uploads\/2025\/06\/basket_3x3_35-185x185.jpg, large],[https:\/\/blog.insieme.ch\/wp-inside\/uploads\/2025\/06\/basket_3x3_35-370x300.jpg, glarge],\"\/>\n\t\t\t\t\t\t\t\t<\/div>\n<p>\t\t\t\t\t\t\t\t\t\t\t\t\t<\/a>\n\t\t\t\t\t\t\t\t\t\t\t\t<\/div>\n<\/p><\/div>\n<\/p><\/div>\n<\/p><\/div>\n<\/p><\/div>\n<\/div>\n<\/div>\n<p><!-- \/flzn:zn_gallery --><br \/>\n<!-- flzn:zn_text --><\/p>\n<div id=\"flzn-text-4\" class=\"zone zn-text is-alignwide\">\n<div class=\"zone-block zn-text-block alignwide va-top\">\n<div class=\"row mw-content-zone zn-text-row\">\n<div class=\"columns large-12\">\n<div class=\"row large-up-1 with-nice-alignment nbloc-1\">\n<div class=\"column zn-text-col\">\n<div class=\"column-inner\">\n<div class=\"wig-content mw-content\">\n<section class=\"placed\">\n<h4>\u00ab&#160;&#160;Quand on discute, on sent de l\u2019int\u00e9r\u00eat. Et m\u00eame du respect&#160;&#160;\u00bb<\/h4>\n<p>Ce soir, il n\u2019y a pas de femme \u00e0 l\u2019entra\u00eenement. Comment expliquer ce manque de mixit\u00e9&#160;&#160;? \u00ab&#160;&#160;Quand on est en situation de handicap, on n\u2019est pas toujours encourag\u00e9 \u00e0 pratiquer du sport de mani\u00e8re intensive. Lorsqu\u2019on est une femme, on l\u2019est peut-\u00eatre encore moins&#160;&#160;\u00bb, glisse Olivier Paccaud en guise d\u2019explication. Et d\u2019ajouter qu\u2019il souhaiterait plus de mixit\u00e9.<\/p>\n<blockquote>\n<p>Quand on est en situation de handicap, on n\u2019est pas toujours encourag\u00e9 \u00e0 pratiquer du sport de mani\u00e8re intensive. Lorsqu\u2019on est une femme, on l\u2019est peut-\u00eatre encore moins&#160;&#160;\u00bb,<\/p>\n<\/blockquote>\n<p>Le basket, le jeune homme au b\u00e9n\u00e9fice d\u2019une Attestation f\u00e9d\u00e9rale de formation professionnelle (AFP) l\u2019a tout d\u2019abord pratiqu\u00e9 au club du Riviera Basket Adapt\u00e9 (RBA) de Vevey, o\u00f9 il joue toujours et avec laquelle il participe au championnat organis\u00e9 par Special Olympics Switzerland (SOSWI). \u00ab&#160;&#160;Le jeu est plus lent dans une \u00e9quipe SOSWI. Avec Atypique 3&#215;3, on joue contre des \u00e9quipes ordinaires lors de tournois. Nous n\u2019avons pas encore eu de victoires, mais nous arrivons \u00e0 nous adapter&#160;&#160;\u00bb, explique Olivier Paccaud.<\/p>\n<blockquote>\n<p>Le jeu est plus lent dans une \u00e9quipe SOSWI. Avec Atypique 3&#215;3, on joue contre des \u00e9quipes ordinaires lors de tournois. Nous n\u2019avons pas encore eu de victoires, mais nous arrivons \u00e0 nous adapter&#160;&#160;\u00bb<\/p>\n<\/blockquote>\n<p>Comment cette \u00e9quipe atypique est-elle per\u00e7ue par les autres clubs&#160;&#160;? S\u2019ils ne cachent pas leur handicap, les joueurs ne vont pas \u00ab&#160;&#160;jouer l\u00e0-dessus&#160;&#160;\u00bb, explique-t-il. Et de pr\u00e9ciser&#160;&#160;: \u00ab&#160;&#160;On intrigue. Quand on discute, on sent de l\u2019int\u00e9r\u00eat. Et m\u00eame du respect.&#160;&#160;\u00bb C\u2019est justement apr\u00e8s la participation \u00e0 un tournoi \u00e0 Montreux que le Lausanne-Sport 3&#215;3 a entendu parler d\u2019Atypique 3&#215;3 via les r\u00e9seaux. La team A lausannoise veut donner un coup de main&#160;&#160;: elle met alors gratuitement la salle \u00e0 disposition d\u2019Olivier et de ses co\u00e9quipiers pour leurs entra\u00eenements.<\/p>\n<h4>Le prochain projet&#160;&#160;? Devenir une association<\/h4>\n<p>Sur le terrain, les joueurs ont d\u00e9sormais form\u00e9 des duos. L\u2019un d\u2019eux doit tenter de tirer, tandis que l\u2019autre l\u2019en emp\u00eache. \u00ab&#160;&#160;L\u2019important, c\u2019est le d\u00e9marquage, que David a bien fait&#160;&#160;\u00bb, commente Enrique. Puis, Alexander et Olivier affrontent David et Wiley lors d\u2019une s\u00e9rie de tirs \u00e0 partir de cinq positions diff\u00e9rentes. La premi\u00e8re \u00e9quipe qui marque remporte 3 points. Apr\u00e8s une heure d\u2019entra\u00eenement \u00e0 ce rythme, les matchs en 2&#215;2 peuvent commencer&#160;&#160;: \u00ab&#160;&#160;On fait deux temps morts pendant le match. On essaie de les faire en temps r\u00e9el&#160;&#160;\u00bb, nous explique Enrique. Les joueurs se r\u00e9partissent \u00e0 nouveau sur le terrain pour se donner \u00e0 fond pour cette derni\u00e8re demi-heure de jeu. \u00ab&#160;&#160;Nous sommes tous des comp\u00e9titeurs dans cette \u00e9quipe, on a envie de montrer ce qu\u2019on vaut&#160;&#160;!&#160;&#160;\u00bb, l\u00e2che Olivier Paccaud. Si, \u00e0 ses yeux, le handicap peut parfois avoir un impact sur la concentration, il peut aussi agir comme un booster&#160;&#160;: \u00ab&#160;&#160;Depuis petits, nous avons l\u2019habitude de faire face \u00e0 des difficult\u00e9s. On se d\u00e9courage moins vite et on a moins peur de la confrontation&#160;&#160;\u00bb, se r\u00e9jouit le fondateur d\u2019Atypique 3&#215;3, dont le prochain chantier est de structurer le club et de le transformer en association. \u2022<\/p>\n<\/section>\n<section class=\"placed\"><\/section>\n<section class=\"placed\">\u00a0<\/section>\n<\/p><\/div>\n<\/p><\/div>\n<\/p><\/div>\n<\/p><\/div>\n<\/p><\/div>\n<\/p><\/div>\n<\/div>\n<\/div>\n<p><!-- \/flzn:zn_text --><\/p>\n","protected":false},"excerpt":{"rendered":"<p>L\u2019une des particularit\u00e9s de l&rsquo;\u00e9quipe de basket atypique 3&#215;3 derni\u00e8re? Elle a \u00e9t\u00e9 mise sur pied de A \u00e0 Z par une personne en situation de handicap pour des personnes en situation de handicap.<\/p>\n","protected":false},"author":2,"featured_media":6592,"comment_status":"open","ping_status":"open","sticky":false,"template":"","format":"standard","meta":{"_acf_changed":false,"footnotes":""},"categories":[23],"tags":[],"class_list":["post-6584","post","type-post","status-publish","format-standard","has-post-thumbnail","hentry","category-loisirs","wp-sticky"],"acf":[],"yoast_head":"<!-- This site is optimized with the Yoast SEO plugin v27.5 - https:\/\/yoast.com\/product\/yoast-seo-wordpress\/ -->\n<title>\u00abJe voulais \u00eatre acteur de mon inclusion\u00bb<\/title>\n<meta name=\"description\" content=\"L\u2019une des particularit\u00e9s de l&#039;\u00e9quipe de basket atypique 3x3 derni\u00e8re? Elle a \u00e9t\u00e9 mise sur pied de A \u00e0 Z par une personne en situation de handicap pour des personnes en situation de handicap.\" \/>\n<meta name=\"robots\" content=\"index, follow, max-snippet:-1, max-image-preview:large, max-video-preview:-1\" \/>\n<link rel=\"canonical\" href=\"https:\/\/blog.insieme.ch\/fr\/loisirs\/je-voulais-etre-acteur-de-mon-inclusion\/\" \/>\n<meta property=\"og:locale\" content=\"fr_FR\" \/>\n<meta property=\"og:type\" content=\"article\" \/>\n<meta property=\"og:title\" content=\"\u00abJe voulais \u00eatre acteur de mon inclusion\u00bb\" \/>\n<meta property=\"og:description\" content=\"L\u2019une des particularit\u00e9s de l&#039;\u00e9quipe de basket atypique 3x3 derni\u00e8re? Elle a \u00e9t\u00e9 mise sur pied de A \u00e0 Z par une personne en situation de handicap pour des personnes en situation de handicap.\" \/>\n<meta property=\"og:url\" content=\"https:\/\/blog.insieme.ch\/fr\/loisirs\/je-voulais-etre-acteur-de-mon-inclusion\/\" \/>\n<meta property=\"og:site_name\" content=\"insieme Blog\" \/>\n<meta property=\"article:publisher\" content=\"https:\/\/www.facebook.com\/insiemeSuisse\/\" \/>\n<meta property=\"article:published_time\" content=\"2025-06-30T11:33:29+00:00\" \/>\n<meta property=\"article:modified_time\" content=\"2025-06-30T11:35:22+00:00\" \/>\n<meta property=\"og:image\" content=\"https:\/\/blog.insieme.ch\/wp-inside\/uploads\/2025\/06\/basket_3x3_16.jpg\" \/>\n\t<meta property=\"og:image:width\" content=\"2000\" \/>\n\t<meta property=\"og:image:height\" content=\"1333\" \/>\n\t<meta property=\"og:image:type\" content=\"image\/jpeg\" \/>\n<meta name=\"author\" content=\"Lise Tran\" \/>\n<meta name=\"twitter:card\" content=\"summary_large_image\" \/>\n<meta name=\"twitter:creator\" content=\"@insiemeSuisse\" \/>\n<meta name=\"twitter:site\" content=\"@insiemeSuisse\" \/>\n<meta name=\"twitter:label1\" content=\"\u00c9crit par\" \/>\n\t<meta name=\"twitter:data1\" content=\"Lise Tran\" \/>\n\t<meta name=\"twitter:label2\" content=\"Dur\u00e9e de lecture estim\u00e9e\" \/>\n\t<meta name=\"twitter:data2\" content=\"6 minutes\" \/>\n<script type=\"application\/ld+json\" class=\"yoast-schema-graph\">{\"@context\":\"https:\\\/\\\/schema.org\",\"@graph\":[{\"@type\":\"Article\",\"@id\":\"https:\\\/\\\/blog.insieme.ch\\\/fr\\\/loisirs\\\/je-voulais-etre-acteur-de-mon-inclusion\\\/#article\",\"isPartOf\":{\"@id\":\"https:\\\/\\\/blog.insieme.ch\\\/fr\\\/loisirs\\\/je-voulais-etre-acteur-de-mon-inclusion\\\/\"},\"author\":{\"name\":\"Lise Tran\",\"@id\":\"https:\\\/\\\/blog.insieme.ch\\\/fr\\\/#\\\/schema\\\/person\\\/3221ad8fe089e1e3b6f9a5ea253e648c\"},\"headline\":\"\u00ab&#160;Je voulais \u00eatre acteur de mon inclusion&#160;\u00bb\",\"datePublished\":\"2025-06-30T11:33:29+00:00\",\"dateModified\":\"2025-06-30T11:35:22+00:00\",\"mainEntityOfPage\":{\"@id\":\"https:\\\/\\\/blog.insieme.ch\\\/fr\\\/loisirs\\\/je-voulais-etre-acteur-de-mon-inclusion\\\/\"},\"wordCount\":1198,\"commentCount\":0,\"publisher\":{\"@id\":\"https:\\\/\\\/blog.insieme.ch\\\/fr\\\/#organization\"},\"image\":{\"@id\":\"https:\\\/\\\/blog.insieme.ch\\\/fr\\\/loisirs\\\/je-voulais-etre-acteur-de-mon-inclusion\\\/#primaryimage\"},\"thumbnailUrl\":\"https:\\\/\\\/blog.insieme.ch\\\/wp-inside\\\/uploads\\\/2025\\\/06\\\/basket_3x3_16.jpg\",\"articleSection\":[\"Loisirs\"],\"inLanguage\":\"fr-FR\",\"potentialAction\":[{\"@type\":\"CommentAction\",\"name\":\"Comment\",\"target\":[\"https:\\\/\\\/blog.insieme.ch\\\/fr\\\/loisirs\\\/je-voulais-etre-acteur-de-mon-inclusion\\\/#respond\"]}]},{\"@type\":\"WebPage\",\"@id\":\"https:\\\/\\\/blog.insieme.ch\\\/fr\\\/loisirs\\\/je-voulais-etre-acteur-de-mon-inclusion\\\/\",\"url\":\"https:\\\/\\\/blog.insieme.ch\\\/fr\\\/loisirs\\\/je-voulais-etre-acteur-de-mon-inclusion\\\/\",\"name\":\"\u00abJe voulais \u00eatre acteur de mon inclusion\u00bb\",\"isPartOf\":{\"@id\":\"https:\\\/\\\/blog.insieme.ch\\\/fr\\\/#website\"},\"primaryImageOfPage\":{\"@id\":\"https:\\\/\\\/blog.insieme.ch\\\/fr\\\/loisirs\\\/je-voulais-etre-acteur-de-mon-inclusion\\\/#primaryimage\"},\"image\":{\"@id\":\"https:\\\/\\\/blog.insieme.ch\\\/fr\\\/loisirs\\\/je-voulais-etre-acteur-de-mon-inclusion\\\/#primaryimage\"},\"thumbnailUrl\":\"https:\\\/\\\/blog.insieme.ch\\\/wp-inside\\\/uploads\\\/2025\\\/06\\\/basket_3x3_16.jpg\",\"datePublished\":\"2025-06-30T11:33:29+00:00\",\"dateModified\":\"2025-06-30T11:35:22+00:00\",\"description\":\"L\u2019une des particularit\u00e9s de l'\u00e9quipe de basket atypique 3x3 derni\u00e8re? Elle a \u00e9t\u00e9 mise sur pied de A \u00e0 Z par une personne en situation de handicap pour des personnes en situation de handicap.\",\"breadcrumb\":{\"@id\":\"https:\\\/\\\/blog.insieme.ch\\\/fr\\\/loisirs\\\/je-voulais-etre-acteur-de-mon-inclusion\\\/#breadcrumb\"},\"inLanguage\":\"fr-FR\",\"potentialAction\":[{\"@type\":\"ReadAction\",\"target\":[\"https:\\\/\\\/blog.insieme.ch\\\/fr\\\/loisirs\\\/je-voulais-etre-acteur-de-mon-inclusion\\\/\"]}]},{\"@type\":\"ImageObject\",\"inLanguage\":\"fr-FR\",\"@id\":\"https:\\\/\\\/blog.insieme.ch\\\/fr\\\/loisirs\\\/je-voulais-etre-acteur-de-mon-inclusion\\\/#primaryimage\",\"url\":\"https:\\\/\\\/blog.insieme.ch\\\/wp-inside\\\/uploads\\\/2025\\\/06\\\/basket_3x3_16.jpg\",\"contentUrl\":\"https:\\\/\\\/blog.insieme.ch\\\/wp-inside\\\/uploads\\\/2025\\\/06\\\/basket_3x3_16.jpg\",\"width\":2000,\"height\":1333,\"caption\":\"\u00a9 Cyril Zingaro\"},{\"@type\":\"BreadcrumbList\",\"@id\":\"https:\\\/\\\/blog.insieme.ch\\\/fr\\\/loisirs\\\/je-voulais-etre-acteur-de-mon-inclusion\\\/#breadcrumb\",\"itemListElement\":[{\"@type\":\"ListItem\",\"position\":1,\"name\":\"Accueil\",\"item\":\"https:\\\/\\\/blog.insieme.ch\\\/fr\\\/\"},{\"@type\":\"ListItem\",\"position\":2,\"name\":\"Loisirs\",\"item\":\"https:\\\/\\\/blog.insieme.ch\\\/fr\\\/loisirs\\\/\"},{\"@type\":\"ListItem\",\"position\":3,\"name\":\"\u00ab&#160;Je voulais \u00eatre acteur de mon inclusion&#160;\u00bb\"}]},{\"@type\":\"WebSite\",\"@id\":\"https:\\\/\\\/blog.insieme.ch\\\/fr\\\/#website\",\"url\":\"https:\\\/\\\/blog.insieme.ch\\\/fr\\\/\",\"name\":\"insieme Blog\",\"description\":\"Alles ausser gew\u00f6hnlich\",\"publisher\":{\"@id\":\"https:\\\/\\\/blog.insieme.ch\\\/fr\\\/#organization\"},\"potentialAction\":[{\"@type\":\"SearchAction\",\"target\":{\"@type\":\"EntryPoint\",\"urlTemplate\":\"https:\\\/\\\/blog.insieme.ch\\\/fr\\\/?s={search_term_string}\"},\"query-input\":{\"@type\":\"PropertyValueSpecification\",\"valueRequired\":true,\"valueName\":\"search_term_string\"}}],\"inLanguage\":\"fr-FR\"},{\"@type\":\"Organization\",\"@id\":\"https:\\\/\\\/blog.insieme.ch\\\/fr\\\/#organization\",\"name\":\"insieme Blog\",\"url\":\"https:\\\/\\\/blog.insieme.ch\\\/fr\\\/\",\"logo\":{\"@type\":\"ImageObject\",\"inLanguage\":\"fr-FR\",\"@id\":\"https:\\\/\\\/blog.insieme.ch\\\/fr\\\/#\\\/schema\\\/logo\\\/image\\\/\",\"url\":\"https:\\\/\\\/blog.insieme.ch\\\/wp-inside\\\/uploads\\\/2021\\\/04\\\/logo-insieme-blog.png\",\"contentUrl\":\"https:\\\/\\\/blog.insieme.ch\\\/wp-inside\\\/uploads\\\/2021\\\/04\\\/logo-insieme-blog.png\",\"width\":280,\"height\":81,\"caption\":\"insieme Blog\"},\"image\":{\"@id\":\"https:\\\/\\\/blog.insieme.ch\\\/fr\\\/#\\\/schema\\\/logo\\\/image\\\/\"},\"sameAs\":[\"https:\\\/\\\/www.facebook.com\\\/insiemeSuisse\\\/\",\"https:\\\/\\\/x.com\\\/insiemeSuisse\"]},{\"@type\":\"Person\",\"@id\":\"https:\\\/\\\/blog.insieme.ch\\\/fr\\\/#\\\/schema\\\/person\\\/3221ad8fe089e1e3b6f9a5ea253e648c\",\"name\":\"Lise Tran\",\"image\":{\"@type\":\"ImageObject\",\"inLanguage\":\"fr-FR\",\"@id\":\"https:\\\/\\\/secure.gravatar.com\\\/avatar\\\/4c1028ac8c35a45d0420275ec991fe6d9964020c33f7db80209f71a09cbfc3a8?s=96&d=mm&r=g\",\"url\":\"https:\\\/\\\/secure.gravatar.com\\\/avatar\\\/4c1028ac8c35a45d0420275ec991fe6d9964020c33f7db80209f71a09cbfc3a8?s=96&d=mm&r=g\",\"contentUrl\":\"https:\\\/\\\/secure.gravatar.com\\\/avatar\\\/4c1028ac8c35a45d0420275ec991fe6d9964020c33f7db80209f71a09cbfc3a8?s=96&d=mm&r=g\",\"caption\":\"Lise Tran\"},\"description\":\"Communication insieme\",\"url\":\"https:\\\/\\\/blog.insieme.ch\\\/fr\\\/author\\\/lise-tran\\\/\"}]}<\/script>\n<!-- \/ Yoast SEO plugin. -->","yoast_head_json":{"title":"\u00abJe voulais \u00eatre acteur de mon inclusion\u00bb","description":"L\u2019une des particularit\u00e9s de l'\u00e9quipe de basket atypique 3x3 derni\u00e8re? Elle a \u00e9t\u00e9 mise sur pied de A \u00e0 Z par une personne en situation de handicap pour des personnes en situation de handicap.","robots":{"index":"index","follow":"follow","max-snippet":"max-snippet:-1","max-image-preview":"max-image-preview:large","max-video-preview":"max-video-preview:-1"},"canonical":"https:\/\/blog.insieme.ch\/fr\/loisirs\/je-voulais-etre-acteur-de-mon-inclusion\/","og_locale":"fr_FR","og_type":"article","og_title":"\u00abJe voulais \u00eatre acteur de mon inclusion\u00bb","og_description":"L\u2019une des particularit\u00e9s de l'\u00e9quipe de basket atypique 3x3 derni\u00e8re? Elle a \u00e9t\u00e9 mise sur pied de A \u00e0 Z par une personne en situation de handicap pour des personnes en situation de handicap.","og_url":"https:\/\/blog.insieme.ch\/fr\/loisirs\/je-voulais-etre-acteur-de-mon-inclusion\/","og_site_name":"insieme Blog","article_publisher":"https:\/\/www.facebook.com\/insiemeSuisse\/","article_published_time":"2025-06-30T11:33:29+00:00","article_modified_time":"2025-06-30T11:35:22+00:00","og_image":[{"width":2000,"height":1333,"url":"https:\/\/blog.insieme.ch\/wp-inside\/uploads\/2025\/06\/basket_3x3_16.jpg","type":"image\/jpeg"}],"author":"Lise Tran","twitter_card":"summary_large_image","twitter_creator":"@insiemeSuisse","twitter_site":"@insiemeSuisse","twitter_misc":{"\u00c9crit par":"Lise Tran","Dur\u00e9e de lecture estim\u00e9e":"6 minutes"},"schema":{"@context":"https:\/\/schema.org","@graph":[{"@type":"Article","@id":"https:\/\/blog.insieme.ch\/fr\/loisirs\/je-voulais-etre-acteur-de-mon-inclusion\/#article","isPartOf":{"@id":"https:\/\/blog.insieme.ch\/fr\/loisirs\/je-voulais-etre-acteur-de-mon-inclusion\/"},"author":{"name":"Lise Tran","@id":"https:\/\/blog.insieme.ch\/fr\/#\/schema\/person\/3221ad8fe089e1e3b6f9a5ea253e648c"},"headline":"\u00ab&#160;Je voulais \u00eatre acteur de mon inclusion&#160;\u00bb","datePublished":"2025-06-30T11:33:29+00:00","dateModified":"2025-06-30T11:35:22+00:00","mainEntityOfPage":{"@id":"https:\/\/blog.insieme.ch\/fr\/loisirs\/je-voulais-etre-acteur-de-mon-inclusion\/"},"wordCount":1198,"commentCount":0,"publisher":{"@id":"https:\/\/blog.insieme.ch\/fr\/#organization"},"image":{"@id":"https:\/\/blog.insieme.ch\/fr\/loisirs\/je-voulais-etre-acteur-de-mon-inclusion\/#primaryimage"},"thumbnailUrl":"https:\/\/blog.insieme.ch\/wp-inside\/uploads\/2025\/06\/basket_3x3_16.jpg","articleSection":["Loisirs"],"inLanguage":"fr-FR","potentialAction":[{"@type":"CommentAction","name":"Comment","target":["https:\/\/blog.insieme.ch\/fr\/loisirs\/je-voulais-etre-acteur-de-mon-inclusion\/#respond"]}]},{"@type":"WebPage","@id":"https:\/\/blog.insieme.ch\/fr\/loisirs\/je-voulais-etre-acteur-de-mon-inclusion\/","url":"https:\/\/blog.insieme.ch\/fr\/loisirs\/je-voulais-etre-acteur-de-mon-inclusion\/","name":"\u00abJe voulais \u00eatre acteur de mon inclusion\u00bb","isPartOf":{"@id":"https:\/\/blog.insieme.ch\/fr\/#website"},"primaryImageOfPage":{"@id":"https:\/\/blog.insieme.ch\/fr\/loisirs\/je-voulais-etre-acteur-de-mon-inclusion\/#primaryimage"},"image":{"@id":"https:\/\/blog.insieme.ch\/fr\/loisirs\/je-voulais-etre-acteur-de-mon-inclusion\/#primaryimage"},"thumbnailUrl":"https:\/\/blog.insieme.ch\/wp-inside\/uploads\/2025\/06\/basket_3x3_16.jpg","datePublished":"2025-06-30T11:33:29+00:00","dateModified":"2025-06-30T11:35:22+00:00","description":"L\u2019une des particularit\u00e9s de l'\u00e9quipe de basket atypique 3x3 derni\u00e8re? Elle a \u00e9t\u00e9 mise sur pied de A \u00e0 Z par une personne en situation de handicap pour des personnes en situation de handicap.","breadcrumb":{"@id":"https:\/\/blog.insieme.ch\/fr\/loisirs\/je-voulais-etre-acteur-de-mon-inclusion\/#breadcrumb"},"inLanguage":"fr-FR","potentialAction":[{"@type":"ReadAction","target":["https:\/\/blog.insieme.ch\/fr\/loisirs\/je-voulais-etre-acteur-de-mon-inclusion\/"]}]},{"@type":"ImageObject","inLanguage":"fr-FR","@id":"https:\/\/blog.insieme.ch\/fr\/loisirs\/je-voulais-etre-acteur-de-mon-inclusion\/#primaryimage","url":"https:\/\/blog.insieme.ch\/wp-inside\/uploads\/2025\/06\/basket_3x3_16.jpg","contentUrl":"https:\/\/blog.insieme.ch\/wp-inside\/uploads\/2025\/06\/basket_3x3_16.jpg","width":2000,"height":1333,"caption":"\u00a9 Cyril Zingaro"},{"@type":"BreadcrumbList","@id":"https:\/\/blog.insieme.ch\/fr\/loisirs\/je-voulais-etre-acteur-de-mon-inclusion\/#breadcrumb","itemListElement":[{"@type":"ListItem","position":1,"name":"Accueil","item":"https:\/\/blog.insieme.ch\/fr\/"},{"@type":"ListItem","position":2,"name":"Loisirs","item":"https:\/\/blog.insieme.ch\/fr\/loisirs\/"},{"@type":"ListItem","position":3,"name":"\u00ab&#160;Je voulais \u00eatre acteur de mon inclusion&#160;\u00bb"}]},{"@type":"WebSite","@id":"https:\/\/blog.insieme.ch\/fr\/#website","url":"https:\/\/blog.insieme.ch\/fr\/","name":"insieme Blog","description":"Alles ausser gew\u00f6hnlich","publisher":{"@id":"https:\/\/blog.insieme.ch\/fr\/#organization"},"potentialAction":[{"@type":"SearchAction","target":{"@type":"EntryPoint","urlTemplate":"https:\/\/blog.insieme.ch\/fr\/?s={search_term_string}"},"query-input":{"@type":"PropertyValueSpecification","valueRequired":true,"valueName":"search_term_string"}}],"inLanguage":"fr-FR"},{"@type":"Organization","@id":"https:\/\/blog.insieme.ch\/fr\/#organization","name":"insieme Blog","url":"https:\/\/blog.insieme.ch\/fr\/","logo":{"@type":"ImageObject","inLanguage":"fr-FR","@id":"https:\/\/blog.insieme.ch\/fr\/#\/schema\/logo\/image\/","url":"https:\/\/blog.insieme.ch\/wp-inside\/uploads\/2021\/04\/logo-insieme-blog.png","contentUrl":"https:\/\/blog.insieme.ch\/wp-inside\/uploads\/2021\/04\/logo-insieme-blog.png","width":280,"height":81,"caption":"insieme Blog"},"image":{"@id":"https:\/\/blog.insieme.ch\/fr\/#\/schema\/logo\/image\/"},"sameAs":["https:\/\/www.facebook.com\/insiemeSuisse\/","https:\/\/x.com\/insiemeSuisse"]},{"@type":"Person","@id":"https:\/\/blog.insieme.ch\/fr\/#\/schema\/person\/3221ad8fe089e1e3b6f9a5ea253e648c","name":"Lise Tran","image":{"@type":"ImageObject","inLanguage":"fr-FR","@id":"https:\/\/secure.gravatar.com\/avatar\/4c1028ac8c35a45d0420275ec991fe6d9964020c33f7db80209f71a09cbfc3a8?s=96&d=mm&r=g","url":"https:\/\/secure.gravatar.com\/avatar\/4c1028ac8c35a45d0420275ec991fe6d9964020c33f7db80209f71a09cbfc3a8?s=96&d=mm&r=g","contentUrl":"https:\/\/secure.gravatar.com\/avatar\/4c1028ac8c35a45d0420275ec991fe6d9964020c33f7db80209f71a09cbfc3a8?s=96&d=mm&r=g","caption":"Lise Tran"},"description":"Communication insieme","url":"https:\/\/blog.insieme.ch\/fr\/author\/lise-tran\/"}]}},"featured_media_url":"https:\/\/blog.insieme.ch\/wp-inside\/uploads\/2025\/06\/basket_3x3_16-1024x682.jpg","_links":{"self":[{"href":"https:\/\/blog.insieme.ch\/fr\/wp-json\/wp\/v2\/posts\/6584","targetHints":{"allow":["GET"]}}],"collection":[{"href":"https:\/\/blog.insieme.ch\/fr\/wp-json\/wp\/v2\/posts"}],"about":[{"href":"https:\/\/blog.insieme.ch\/fr\/wp-json\/wp\/v2\/types\/post"}],"author":[{"embeddable":true,"href":"https:\/\/blog.insieme.ch\/fr\/wp-json\/wp\/v2\/users\/2"}],"replies":[{"embeddable":true,"href":"https:\/\/blog.insieme.ch\/fr\/wp-json\/wp\/v2\/comments?post=6584"}],"version-history":[{"count":5,"href":"https:\/\/blog.insieme.ch\/fr\/wp-json\/wp\/v2\/posts\/6584\/revisions"}],"predecessor-version":[{"id":6605,"href":"https:\/\/blog.insieme.ch\/fr\/wp-json\/wp\/v2\/posts\/6584\/revisions\/6605"}],"wp:featuredmedia":[{"embeddable":true,"href":"https:\/\/blog.insieme.ch\/fr\/wp-json\/wp\/v2\/media\/6592"}],"wp:attachment":[{"href":"https:\/\/blog.insieme.ch\/fr\/wp-json\/wp\/v2\/media?parent=6584"}],"wp:term":[{"taxonomy":"category","embeddable":true,"href":"https:\/\/blog.insieme.ch\/fr\/wp-json\/wp\/v2\/categories?post=6584"},{"taxonomy":"post_tag","embeddable":true,"href":"https:\/\/blog.insieme.ch\/fr\/wp-json\/wp\/v2\/tags?post=6584"}],"curies":[{"name":"wp","href":"https:\/\/api.w.org\/{rel}","templated":true}]}}