{"id":6551,"date":"2025-05-28T13:00:51","date_gmt":"2025-05-28T11:00:51","guid":{"rendered":"https:\/\/blog.insieme.ch\/?p=6551"},"modified":"2025-05-28T13:04:17","modified_gmt":"2025-05-28T11:04:17","slug":"se-familiariser-aux-soins-gynecologiques","status":"publish","type":"post","link":"https:\/\/blog.insieme.ch\/fr\/sante-et-qualite-de-vie\/se-familiariser-aux-soins-gynecologiques\/","title":{"rendered":"Se familiariser aux soins gyn\u00e9cologiques"},"content":{"rendered":"<p><!-- flzn:zn_pagebanner --><\/p>\n<header id=\"flzn-pagebanner-1\" class=\"zone zn-pagebanner is-alignfull with-bg bg-color is-bgc-yellow-light\"><span class=\"zone-bg bg-color bgc-yellow-light alignfull\"><\/span><\/p>\n<div class=\"zone-block zn-pagebanner-block alignfull va-center\"><\/div>\n<\/header>\n<p><!-- \/flzn:zn_pagebanner --><br \/>\n<!-- flzn:zn_text --><\/p>\n<div id=\"flzn-text-1\" class=\"zone zn-text is-alignwide\">\n<div class=\"zone-block zn-text-block alignwide va-top\">\n<div class=\"row mw-content-zone zn-text-row\">\n<div class=\"columns large-12\">\n<div class=\"row large-up-1 with-nice-alignment nbloc-1\">\n<div class=\"column zn-text-col\">\n<div class=\"column-inner\">\n<div class=\"wig-content mw-content\">\n<section class=\"placed focus\">\n<h4 style=\"text-align: left;\">Un travail de master en Facult\u00e9 de psychologie et des sciences de l\u2019\u00e9ducation de l\u2019Universit\u00e9 de Gen\u00e8ve s\u2019est pench\u00e9 sur l\u2019acc\u00e8s aux soins gyn\u00e9cologiques de femmes ayant un handicap mental. Pr\u00e9cisions avec son autrice, Luana Veraguth.<\/h4>\n<\/section>\n<p><!--more--><\/p>\n<section class=\"placed\">\n<h4>Pour quelles raisons avoir men\u00e9 cette recherche&#160;&#160;?<\/h4>\n<p>J\u2019ai une maladie chronique gyn\u00e9cologique diagnostiqu\u00e9e tardivement. A 24 ans, j\u2019ai chang\u00e9 de m\u00e9decins et d\u00e9cid\u00e9 d\u2019\u00eatre actrice de ma propre sant\u00e9. Lors de mon parcours universitaire, j\u2019ai d\u00e9velopp\u00e9 un int\u00e9r\u00eat sp\u00e9cifique pour les personnes ayant un trouble du d\u00e9veloppement intellectuel. Je me suis demand\u00e9 ce qu\u2019il en \u00e9tait lorsque ces derni\u00e8res rencontraient des difficult\u00e9s gyn\u00e9cologiques. Et qu\u2019elles ne pouvaient pas forc\u00e9ment agir sur leur sant\u00e9.<\/p>\n<h4>Deux femmes ont particip\u00e9 \u00e0 votre recherche. Quelles \u00e9taient leurs exp\u00e9riences gyn\u00e9cologiques&#160;&#160;?<\/h4>\n<p>Alice, trentenaire, avait d\u00e9j\u00e0 consult\u00e9 des gyn\u00e9cologues. Son v\u00e9cu \u00e9tait plut\u00f4t n\u00e9gatif. Diana, quadrag\u00e9naire, \u00e9tait en attente d\u2019une op\u00e9ration des polypes. Toutes deux avaient un \u00e2ge auquel il est important d\u2019effectuer certains d\u00e9pistages. Elles poss\u00e9daient de bonnes comp\u00e9tences communicationnelles.<\/p>\n<\/section><\/div>\n<\/p><\/div>\n<\/p><\/div>\n<\/p><\/div>\n<\/p><\/div>\n<\/p><\/div>\n<\/div>\n<\/div>\n<p><!-- \/flzn:zn_text --><br \/>\n<!-- flzn:zn_quote --><\/p>\n<div id=\"flzn-quote-1\" class=\"zone zn-quote is-alignwide\">\n<div class=\"zone-block zn-quote-block alignwide va-top\">\n<div class=\"row mw-content-zone\">\n<div class=\"large-12 columns\">\n<div class=\"quotebox with-img\" data-aos=\"fade-up\" data-aos-once=\"true\" data-aos-anchor=\"#flzn-quote-1\" data-aos-anchor-placement=\"top-bottom\">\n<div class=\"quotebox-inner\">\n<figure class=\"quotebox-img\">\n\t\t\t\t\t\t\t<img decoding=\"async\" src=\"https:\/\/blog.insieme.ch\/wp-inside\/uploads\/2025\/05\/luana-veraguth-150x150.jpeg\" alt=\"Luana Veraguth\" \/><br \/>\n\t\t\t\t\t\t<\/figure>\n<blockquote class=\"quotebox-content\">\n<div class=\"quotebox-content-inner\">\n<p class=\"quotebox-desc\">Certain\u00b7e\u00b7s gyn\u00e9cologues ne comprennent pas pourquoi ces femmes devraient consulter si elles ne sont pas actives sexuellement. Cette attitude r\u00e9v\u00e8le une m\u00e9connaissance et une infantilisation de celles-ci, r\u00e9duisant leur autonomie et leur capacit\u00e9 \u00e0 s\u2019exprimer.<\/p>\n<p>\t\t\t\t\t\t\t\t\t\t\t\t\t\t<cite class=\"quotebox-author\"><br \/>\n\t\t\t\t\t\t\t\t<span class=\"quotebox-name\">Luana Veraguth<\/span>, \t\t\t\t\t\t\t\t<span class=\"quotebox-nameinfos\">autrice du travail de Master sur l&rsquo;acc\u00e8s aux soins gyn\u00e9cologiques des femmes vivant avec une d\u00e9ficience intellectuelle<\/span>\t\t\t\t\t\t\t<\/cite>\n\t\t\t\t\t\t\t\t\t\t\t\t\t<\/div>\n<\/blockquote><\/div>\n<\/p><\/div>\n<\/p><\/div>\n<\/p><\/div>\n<\/div>\n<\/div>\n<p><!-- \/flzn:zn_quote --><br \/>\n<!-- flzn:zn_text --><\/p>\n<div id=\"flzn-text-2\" class=\"zone zn-text is-alignwide with-bg bg-color is-bgc-white\"><span class=\"zone-bg bg-color bgc-white alignfull\"><\/span><\/p>\n<div class=\"zone-block zn-text-block alignwide va-top\">\n<div class=\"row mw-content-zone zn-text-row\">\n<div class=\"columns large-12\">\n<div class=\"row large-up-1 with-nice-alignment nbloc-1\">\n<div class=\"column zn-text-col\">\n<div class=\"column-inner\">\n<div class=\"wig-content mw-content\">\n<h4><strong>Avaient-elles des besoins sp\u00e9cifiques&#160;&#160;?<\/strong><\/h4>\n<p>Pour Alice, il \u00e9tait difficile d\u2019aborder ce sujet. Notamment en raison d\u2019une pose de st\u00e9rilet douloureuse. Son v\u00e9cu \u00e9tait domin\u00e9 par la peur et l\u2019anxi\u00e9t\u00e9. Apprendre \u00e0 mettre en place des strat\u00e9gies de relaxation, lors de l\u2019insertion du sp\u00e9culum par exemple, \u00e9tait essentiel pour elle. N\u2019ayant \u00e0 aucun moment eu de complications, Diana n\u2019avait ja\u00admais consult\u00e9 de gyn\u00e9cologue. En raison de consid\u00e9rations culturelles et de l\u2019absence de rapports sexuels, son entourage n\u2019en avait jusque-l\u00e0 pas vu l\u2019int\u00e9r\u00eat. Mais de fortes douleurs et des saignements ont r\u00e9v\u00e9l\u00e9 des polypes n\u00e9cessitant une op\u00e9ration. Diana avait donc besoin d\u2019informations sur les consultations et les examens.<\/p>\n<blockquote>\n<p>Pour Alice, il \u00e9tait difficile d\u2019aborder ce sujet. Notamment en raison d\u2019une pose de st\u00e9rilet douloureuse. Son v\u00e9cu \u00e9tait domin\u00e9 par la peur et l\u2019anxi\u00e9t\u00e9.<\/p>\n<\/blockquote><\/div>\n<\/p><\/div>\n<\/p><\/div>\n<\/p><\/div>\n<\/p><\/div>\n<\/p><\/div>\n<\/div>\n<\/div>\n<p><!-- \/flzn:zn_text --><br \/>\n<!-- flzn:zn_text --><\/p>\n<div id=\"flzn-text-3\" class=\"zone zn-text is-alignwide with-bg bg-color is-bgc-yellow-light\"><span class=\"zone-bg bg-color bgc-yellow-light alignfull\"><\/span><\/p>\n<div class=\"zone-block zn-text-block alignwide va-top\">\n<div class=\"row mw-content-zone zn-text-row\">\n<div class=\"columns large-12\">\n<div class=\"row large-up-1 with-nice-alignment nbloc-1\">\n<div class=\"column zn-text-col\">\n<div class=\"column-inner\">\n<div class=\"wig-content mw-content\">\n<h4><strong>Vous avez mis en place un dispositif d\u2019habituation. En quoi celui-ci consiste-t-il&#160;&#160;?<\/strong><\/h4>\n<p>Son objectif&#160;&#160;: habituer progressivement ces femmes \u00e0 un soin gyn\u00e9cologique particulier. Avant de mettre le dispositif en place, j\u2019ai rencontr\u00e9 les deux participantes afin de cr\u00e9er un lien de confiance. Je leur ai remis une pr\u00e9sentation de l\u2019\u00e9tude en FALC et expliqu\u00e9 les conditions, comme la possibilit\u00e9 d\u2019arr\u00eater \u00e0 tout moment ou de ne pas r\u00e9pondre.<\/p>\n<\/p><\/div>\n<\/p><\/div>\n<\/p><\/div>\n<\/p><\/div>\n<\/p><\/div>\n<\/p><\/div>\n<\/div>\n<\/div>\n<p><!-- \/flzn:zn_text --><br \/>\n<!-- flzn:zn_text --><\/p>\n<div id=\"flzn-text-4\" class=\"zone zn-text is-alignwide\">\n<div class=\"zone-block zn-text-block alignwide va-top\">\n<div class=\"row mw-content-zone zn-text-row\">\n<div class=\"columns large-12\">\n<div class=\"row with-nice-alignment nbloc-2 va-top\">\n<div class=\"columns large-6 zn-text-col\">\n<div class=\"columns-inner\">\n<div class=\"wig-content mw-content\">\n<h4><\/h4>\n<h4>Comment s\u2019est d\u00e9roul\u00e9e la suite de la recherche&#160;&#160;?<\/h4>\n<p>Nous avons travaill\u00e9 avec des fiches. L\u2019une d\u2019elles, avec le sc\u00e9nario d\u2019une patiente demandant \u00e0 son gyn\u00e9cologue un drap pour pouvoir cacher ses parties intimes, a permis \u00e0 Alice de voir que couverte, elle se sentait mieux. L\u2019informer qu\u2019elle avait la possibilit\u00e9 de demander un drap \u00e9tait important. Tout comme savoir qu\u2019elle pouvait \u00eatre accompagn\u00e9e par une personne de confiance et lui donner la main lors de l\u2019examen. Nous avons \u00e9galement travaill\u00e9 sur la respiration. Avec Diana, nous nous sommes concentr\u00e9es sur ce qu\u2019on dit chez le ou la gyn\u00e9cologue, les sympt\u00f4mes ainsi que les examens possibles. Pour faciliter la communication, j\u2019ai utilis\u00e9 diff\u00e9rents pictogrammes.<\/p>\n<h4><strong>Les rencontres incluaient-elles une dimension pratique&#160;&#160;?<\/strong><\/h4>\n<p>La troisi\u00e8me s\u00e9ance, \u00e0 laquelle Alice n\u2019a pas souhait\u00e9 participer, visait \u00e0 entrer en contact direct avec le mat\u00e9riel gyn\u00e9cologique. Diana a ainsi eu l\u2019occasion de manipuler un sp\u00e9culum et des \u00e9couvillons. La compr\u00e9hension de leur fonctionnement lui a permis d\u2019avoir une forme de contr\u00f4le et de diminuer son anxi\u00e9t\u00e9. La derni\u00e8re s\u00e9ance consistait en des jeux de r\u00f4le.<\/p>\n<p>&nbsp;<\/p>\n<\/p><\/div>\n<\/p><\/div>\n<\/p><\/div>\n<div class=\"columns large-6 zn-text-col\">\n<div class=\"columns-inner\">\n<div class=\"wig-content mw-content\">\n<p>&nbsp;<\/p>\n<p>Dans un premier temps, la participante m\u2019observait dans le r\u00f4le d\u2019une patiente stress\u00e9e, en consultation chez la gyn\u00e9cologue, jou\u00e9e par une infirmi\u00e8re d\u2019Handiconsult*. Pour le sc\u00e9nario, nous nous sommes bas\u00e9es sur les fiches travaill\u00e9es ensemble au pr\u00e9alable. Ensuite, elle jouait son propre r\u00f4le de patiente. M\u00eame si le sc\u00e9nario \u00e9tait le m\u00eame, on a pu noter une vraie forme d\u2019affirmation de soi de la part des participantes, qui jouaient leur propre r\u00f4le, avec leur propre histoire.<\/p>\n<h4><strong>Peu de gyn\u00e9cologues sont sensibilis\u00e9\u00b7e\u00b7s \u00e0 une approche prenant en compte les besoins sp\u00e9cifiques des femmes ayant une d\u00e9ficience intellectuelle \u2026<\/strong><\/h4>\n<p>Le personnel m\u00e9dical en g\u00e9n\u00e9ral est tr\u00e8s peu form\u00e9. Certain\u00b7e\u00b7s gyn\u00e9cologues ne comprennent pas pourquoi ces femmes devraient consulter si elles ne sont pas actives sexuellement. Cette attitude r\u00e9v\u00e8le une m\u00e9connaissance et une infantilisation de celles-ci, r\u00e9duisant leur autonomie et leur capacit\u00e9 \u00e0 s\u2019exprimer. Il est essentiel de rendre ces femmes actrices de leur sant\u00e9 sexuelle et reproductive, de les mettre en confiance et de les encourager \u00e0 oser exprimer leurs besoins. Ce qui serait g\u00e9nial&#160;&#160;: pouvoir cr\u00e9er des dispositifs d\u2019habituation pour tous types de soins gyn\u00e9cologiques, comme en cas de cancer ou de consultation pr\u00e9op\u00e9ratoire.<\/p>\n<p>&nbsp;<\/p>\n<\/p><\/div>\n<\/p><\/div>\n<\/p><\/div>\n<\/p><\/div>\n<\/p><\/div>\n<\/p><\/div>\n<\/div>\n<\/div>\n<p><!-- \/flzn:zn_text --><br \/>\n<!-- flzn:zn_text --><\/p>\n<div id=\"flzn-text-5\" class=\"zone zn-text is-alignwide\">\n<div class=\"zone-block zn-text-block alignwide va-top\">\n<div class=\"row mw-content-zone zn-text-row\">\n<div class=\"columns large-12\">\n<div class=\"row large-up-1 with-nice-alignment nbloc-1\">\n<div class=\"column zn-text-col\">\n<div class=\"column-inner\">\n<div class=\"wig-content mw-content\">\n<p><em>* Consultation m\u00e9dicale genevoise coordonnant la prise en soins des adultes et adolescent\u00b7e\u00b7s avec une d\u00e9ficience intellectuelle<\/em><\/p>\n<\/p><\/div>\n<\/p><\/div>\n<\/p><\/div>\n<\/p><\/div>\n<\/p><\/div>\n<\/p><\/div>\n<\/div>\n<\/div>\n<p><!-- \/flzn:zn_text --><\/p>\n","protected":false},"excerpt":{"rendered":"<p>L&rsquo;acc\u00e8s aux soins gyn\u00e9cologiques des femmes ayant un handicap mental est au c\u0153ur d&rsquo;une recherche. Interview de son autrice. <\/p>\n","protected":false},"author":2,"featured_media":6555,"comment_status":"open","ping_status":"open","sticky":false,"template":"","format":"standard","meta":{"_acf_changed":false,"footnotes":""},"categories":[21],"tags":[94],"class_list":["post-6551","post","type-post","status-publish","format-standard","has-post-thumbnail","hentry","category-sante-et-qualite-de-vie","tag-soins","wp-sticky"],"acf":[],"yoast_head":"<!-- This site is optimized with the Yoast SEO plugin v27.5 - https:\/\/yoast.com\/product\/yoast-seo-wordpress\/ -->\n<title>Se familiariser aux soins gyn\u00e9cologiques<\/title>\n<meta name=\"description\" content=\"L&#039;acc\u00e8s aux soins gyn\u00e9cologiques des femmes ayant un handicap mental est au c\u0153ur d&#039;une recherche. Interview de son autrice.\" \/>\n<meta name=\"robots\" content=\"index, follow, max-snippet:-1, max-image-preview:large, max-video-preview:-1\" \/>\n<link rel=\"canonical\" href=\"https:\/\/blog.insieme.ch\/fr\/sante-et-qualite-de-vie\/se-familiariser-aux-soins-gynecologiques\/\" \/>\n<meta property=\"og:locale\" content=\"fr_FR\" \/>\n<meta property=\"og:type\" content=\"article\" \/>\n<meta property=\"og:title\" content=\"Se familiariser aux soins gyn\u00e9cologiques\" \/>\n<meta property=\"og:description\" content=\"L&#039;acc\u00e8s aux soins gyn\u00e9cologiques des femmes ayant un handicap mental est au c\u0153ur d&#039;une recherche. Interview de son autrice.\" \/>\n<meta property=\"og:url\" content=\"https:\/\/blog.insieme.ch\/fr\/sante-et-qualite-de-vie\/se-familiariser-aux-soins-gynecologiques\/\" \/>\n<meta property=\"og:site_name\" content=\"insieme Blog\" \/>\n<meta property=\"article:publisher\" content=\"https:\/\/www.facebook.com\/insiemeSuisse\/\" \/>\n<meta property=\"article:published_time\" content=\"2025-05-28T11:00:51+00:00\" \/>\n<meta property=\"article:modified_time\" content=\"2025-05-28T11:04:17+00:00\" \/>\n<meta property=\"og:image\" content=\"https:\/\/blog.insieme.ch\/wp-inside\/uploads\/2025\/05\/sandy-millar-hp3vss7o_2g-unsplash.jpg\" \/>\n\t<meta property=\"og:image:width\" content=\"2000\" \/>\n\t<meta property=\"og:image:height\" content=\"3000\" \/>\n\t<meta property=\"og:image:type\" content=\"image\/jpeg\" \/>\n<meta name=\"author\" content=\"Lise Tran\" \/>\n<meta name=\"twitter:card\" content=\"summary_large_image\" \/>\n<meta name=\"twitter:creator\" content=\"@insiemeSuisse\" \/>\n<meta name=\"twitter:site\" content=\"@insiemeSuisse\" \/>\n<meta name=\"twitter:label1\" content=\"\u00c9crit par\" \/>\n\t<meta name=\"twitter:data1\" content=\"Lise Tran\" \/>\n\t<meta name=\"twitter:label2\" content=\"Dur\u00e9e de lecture estim\u00e9e\" \/>\n\t<meta name=\"twitter:data2\" content=\"5 minutes\" \/>\n<script type=\"application\/ld+json\" class=\"yoast-schema-graph\">{\"@context\":\"https:\\\/\\\/schema.org\",\"@graph\":[{\"@type\":\"Article\",\"@id\":\"https:\\\/\\\/blog.insieme.ch\\\/fr\\\/sante-et-qualite-de-vie\\\/se-familiariser-aux-soins-gynecologiques\\\/#article\",\"isPartOf\":{\"@id\":\"https:\\\/\\\/blog.insieme.ch\\\/fr\\\/sante-et-qualite-de-vie\\\/se-familiariser-aux-soins-gynecologiques\\\/\"},\"author\":{\"name\":\"Lise Tran\",\"@id\":\"https:\\\/\\\/blog.insieme.ch\\\/fr\\\/#\\\/schema\\\/person\\\/3221ad8fe089e1e3b6f9a5ea253e648c\"},\"headline\":\"Se familiariser aux soins gyn\u00e9cologiques\",\"datePublished\":\"2025-05-28T11:00:51+00:00\",\"dateModified\":\"2025-05-28T11:04:17+00:00\",\"mainEntityOfPage\":{\"@id\":\"https:\\\/\\\/blog.insieme.ch\\\/fr\\\/sante-et-qualite-de-vie\\\/se-familiariser-aux-soins-gynecologiques\\\/\"},\"wordCount\":965,\"commentCount\":0,\"publisher\":{\"@id\":\"https:\\\/\\\/blog.insieme.ch\\\/fr\\\/#organization\"},\"image\":{\"@id\":\"https:\\\/\\\/blog.insieme.ch\\\/fr\\\/sante-et-qualite-de-vie\\\/se-familiariser-aux-soins-gynecologiques\\\/#primaryimage\"},\"thumbnailUrl\":\"https:\\\/\\\/blog.insieme.ch\\\/wp-inside\\\/uploads\\\/2025\\\/05\\\/sandy-millar-hp3vss7o_2g-unsplash.jpg\",\"keywords\":[\"Soins\"],\"articleSection\":[\"Sant\u00e9 et qualit\u00e9 de vie\"],\"inLanguage\":\"fr-FR\",\"potentialAction\":[{\"@type\":\"CommentAction\",\"name\":\"Comment\",\"target\":[\"https:\\\/\\\/blog.insieme.ch\\\/fr\\\/sante-et-qualite-de-vie\\\/se-familiariser-aux-soins-gynecologiques\\\/#respond\"]}]},{\"@type\":\"WebPage\",\"@id\":\"https:\\\/\\\/blog.insieme.ch\\\/fr\\\/sante-et-qualite-de-vie\\\/se-familiariser-aux-soins-gynecologiques\\\/\",\"url\":\"https:\\\/\\\/blog.insieme.ch\\\/fr\\\/sante-et-qualite-de-vie\\\/se-familiariser-aux-soins-gynecologiques\\\/\",\"name\":\"Se familiariser aux soins gyn\u00e9cologiques\",\"isPartOf\":{\"@id\":\"https:\\\/\\\/blog.insieme.ch\\\/fr\\\/#website\"},\"primaryImageOfPage\":{\"@id\":\"https:\\\/\\\/blog.insieme.ch\\\/fr\\\/sante-et-qualite-de-vie\\\/se-familiariser-aux-soins-gynecologiques\\\/#primaryimage\"},\"image\":{\"@id\":\"https:\\\/\\\/blog.insieme.ch\\\/fr\\\/sante-et-qualite-de-vie\\\/se-familiariser-aux-soins-gynecologiques\\\/#primaryimage\"},\"thumbnailUrl\":\"https:\\\/\\\/blog.insieme.ch\\\/wp-inside\\\/uploads\\\/2025\\\/05\\\/sandy-millar-hp3vss7o_2g-unsplash.jpg\",\"datePublished\":\"2025-05-28T11:00:51+00:00\",\"dateModified\":\"2025-05-28T11:04:17+00:00\",\"description\":\"L'acc\u00e8s aux soins gyn\u00e9cologiques des femmes ayant un handicap mental est au c\u0153ur d'une recherche. Interview de son autrice.\",\"breadcrumb\":{\"@id\":\"https:\\\/\\\/blog.insieme.ch\\\/fr\\\/sante-et-qualite-de-vie\\\/se-familiariser-aux-soins-gynecologiques\\\/#breadcrumb\"},\"inLanguage\":\"fr-FR\",\"potentialAction\":[{\"@type\":\"ReadAction\",\"target\":[\"https:\\\/\\\/blog.insieme.ch\\\/fr\\\/sante-et-qualite-de-vie\\\/se-familiariser-aux-soins-gynecologiques\\\/\"]}]},{\"@type\":\"ImageObject\",\"inLanguage\":\"fr-FR\",\"@id\":\"https:\\\/\\\/blog.insieme.ch\\\/fr\\\/sante-et-qualite-de-vie\\\/se-familiariser-aux-soins-gynecologiques\\\/#primaryimage\",\"url\":\"https:\\\/\\\/blog.insieme.ch\\\/wp-inside\\\/uploads\\\/2025\\\/05\\\/sandy-millar-hp3vss7o_2g-unsplash.jpg\",\"contentUrl\":\"https:\\\/\\\/blog.insieme.ch\\\/wp-inside\\\/uploads\\\/2025\\\/05\\\/sandy-millar-hp3vss7o_2g-unsplash.jpg\",\"width\":2000,\"height\":3000},{\"@type\":\"BreadcrumbList\",\"@id\":\"https:\\\/\\\/blog.insieme.ch\\\/fr\\\/sante-et-qualite-de-vie\\\/se-familiariser-aux-soins-gynecologiques\\\/#breadcrumb\",\"itemListElement\":[{\"@type\":\"ListItem\",\"position\":1,\"name\":\"Accueil\",\"item\":\"https:\\\/\\\/blog.insieme.ch\\\/fr\\\/\"},{\"@type\":\"ListItem\",\"position\":2,\"name\":\"Sant\u00e9 et qualit\u00e9 de vie\",\"item\":\"https:\\\/\\\/blog.insieme.ch\\\/fr\\\/sante-et-qualite-de-vie\\\/\"},{\"@type\":\"ListItem\",\"position\":3,\"name\":\"Se familiariser aux soins gyn\u00e9cologiques\"}]},{\"@type\":\"WebSite\",\"@id\":\"https:\\\/\\\/blog.insieme.ch\\\/fr\\\/#website\",\"url\":\"https:\\\/\\\/blog.insieme.ch\\\/fr\\\/\",\"name\":\"insieme Blog\",\"description\":\"Alles ausser gew\u00f6hnlich\",\"publisher\":{\"@id\":\"https:\\\/\\\/blog.insieme.ch\\\/fr\\\/#organization\"},\"potentialAction\":[{\"@type\":\"SearchAction\",\"target\":{\"@type\":\"EntryPoint\",\"urlTemplate\":\"https:\\\/\\\/blog.insieme.ch\\\/fr\\\/?s={search_term_string}\"},\"query-input\":{\"@type\":\"PropertyValueSpecification\",\"valueRequired\":true,\"valueName\":\"search_term_string\"}}],\"inLanguage\":\"fr-FR\"},{\"@type\":\"Organization\",\"@id\":\"https:\\\/\\\/blog.insieme.ch\\\/fr\\\/#organization\",\"name\":\"insieme Blog\",\"url\":\"https:\\\/\\\/blog.insieme.ch\\\/fr\\\/\",\"logo\":{\"@type\":\"ImageObject\",\"inLanguage\":\"fr-FR\",\"@id\":\"https:\\\/\\\/blog.insieme.ch\\\/fr\\\/#\\\/schema\\\/logo\\\/image\\\/\",\"url\":\"https:\\\/\\\/blog.insieme.ch\\\/wp-inside\\\/uploads\\\/2021\\\/04\\\/logo-insieme-blog.png\",\"contentUrl\":\"https:\\\/\\\/blog.insieme.ch\\\/wp-inside\\\/uploads\\\/2021\\\/04\\\/logo-insieme-blog.png\",\"width\":280,\"height\":81,\"caption\":\"insieme Blog\"},\"image\":{\"@id\":\"https:\\\/\\\/blog.insieme.ch\\\/fr\\\/#\\\/schema\\\/logo\\\/image\\\/\"},\"sameAs\":[\"https:\\\/\\\/www.facebook.com\\\/insiemeSuisse\\\/\",\"https:\\\/\\\/x.com\\\/insiemeSuisse\"]},{\"@type\":\"Person\",\"@id\":\"https:\\\/\\\/blog.insieme.ch\\\/fr\\\/#\\\/schema\\\/person\\\/3221ad8fe089e1e3b6f9a5ea253e648c\",\"name\":\"Lise Tran\",\"image\":{\"@type\":\"ImageObject\",\"inLanguage\":\"fr-FR\",\"@id\":\"https:\\\/\\\/secure.gravatar.com\\\/avatar\\\/4c1028ac8c35a45d0420275ec991fe6d9964020c33f7db80209f71a09cbfc3a8?s=96&d=mm&r=g\",\"url\":\"https:\\\/\\\/secure.gravatar.com\\\/avatar\\\/4c1028ac8c35a45d0420275ec991fe6d9964020c33f7db80209f71a09cbfc3a8?s=96&d=mm&r=g\",\"contentUrl\":\"https:\\\/\\\/secure.gravatar.com\\\/avatar\\\/4c1028ac8c35a45d0420275ec991fe6d9964020c33f7db80209f71a09cbfc3a8?s=96&d=mm&r=g\",\"caption\":\"Lise Tran\"},\"description\":\"Communication insieme\",\"url\":\"https:\\\/\\\/blog.insieme.ch\\\/fr\\\/author\\\/lise-tran\\\/\"}]}<\/script>\n<!-- \/ Yoast SEO plugin. -->","yoast_head_json":{"title":"Se familiariser aux soins gyn\u00e9cologiques","description":"L'acc\u00e8s aux soins gyn\u00e9cologiques des femmes ayant un handicap mental est au c\u0153ur d'une recherche. Interview de son autrice.","robots":{"index":"index","follow":"follow","max-snippet":"max-snippet:-1","max-image-preview":"max-image-preview:large","max-video-preview":"max-video-preview:-1"},"canonical":"https:\/\/blog.insieme.ch\/fr\/sante-et-qualite-de-vie\/se-familiariser-aux-soins-gynecologiques\/","og_locale":"fr_FR","og_type":"article","og_title":"Se familiariser aux soins gyn\u00e9cologiques","og_description":"L'acc\u00e8s aux soins gyn\u00e9cologiques des femmes ayant un handicap mental est au c\u0153ur d'une recherche. Interview de son autrice.","og_url":"https:\/\/blog.insieme.ch\/fr\/sante-et-qualite-de-vie\/se-familiariser-aux-soins-gynecologiques\/","og_site_name":"insieme Blog","article_publisher":"https:\/\/www.facebook.com\/insiemeSuisse\/","article_published_time":"2025-05-28T11:00:51+00:00","article_modified_time":"2025-05-28T11:04:17+00:00","og_image":[{"width":2000,"height":3000,"url":"https:\/\/blog.insieme.ch\/wp-inside\/uploads\/2025\/05\/sandy-millar-hp3vss7o_2g-unsplash.jpg","type":"image\/jpeg"}],"author":"Lise Tran","twitter_card":"summary_large_image","twitter_creator":"@insiemeSuisse","twitter_site":"@insiemeSuisse","twitter_misc":{"\u00c9crit par":"Lise Tran","Dur\u00e9e de lecture estim\u00e9e":"5 minutes"},"schema":{"@context":"https:\/\/schema.org","@graph":[{"@type":"Article","@id":"https:\/\/blog.insieme.ch\/fr\/sante-et-qualite-de-vie\/se-familiariser-aux-soins-gynecologiques\/#article","isPartOf":{"@id":"https:\/\/blog.insieme.ch\/fr\/sante-et-qualite-de-vie\/se-familiariser-aux-soins-gynecologiques\/"},"author":{"name":"Lise Tran","@id":"https:\/\/blog.insieme.ch\/fr\/#\/schema\/person\/3221ad8fe089e1e3b6f9a5ea253e648c"},"headline":"Se familiariser aux soins gyn\u00e9cologiques","datePublished":"2025-05-28T11:00:51+00:00","dateModified":"2025-05-28T11:04:17+00:00","mainEntityOfPage":{"@id":"https:\/\/blog.insieme.ch\/fr\/sante-et-qualite-de-vie\/se-familiariser-aux-soins-gynecologiques\/"},"wordCount":965,"commentCount":0,"publisher":{"@id":"https:\/\/blog.insieme.ch\/fr\/#organization"},"image":{"@id":"https:\/\/blog.insieme.ch\/fr\/sante-et-qualite-de-vie\/se-familiariser-aux-soins-gynecologiques\/#primaryimage"},"thumbnailUrl":"https:\/\/blog.insieme.ch\/wp-inside\/uploads\/2025\/05\/sandy-millar-hp3vss7o_2g-unsplash.jpg","keywords":["Soins"],"articleSection":["Sant\u00e9 et qualit\u00e9 de vie"],"inLanguage":"fr-FR","potentialAction":[{"@type":"CommentAction","name":"Comment","target":["https:\/\/blog.insieme.ch\/fr\/sante-et-qualite-de-vie\/se-familiariser-aux-soins-gynecologiques\/#respond"]}]},{"@type":"WebPage","@id":"https:\/\/blog.insieme.ch\/fr\/sante-et-qualite-de-vie\/se-familiariser-aux-soins-gynecologiques\/","url":"https:\/\/blog.insieme.ch\/fr\/sante-et-qualite-de-vie\/se-familiariser-aux-soins-gynecologiques\/","name":"Se familiariser aux soins gyn\u00e9cologiques","isPartOf":{"@id":"https:\/\/blog.insieme.ch\/fr\/#website"},"primaryImageOfPage":{"@id":"https:\/\/blog.insieme.ch\/fr\/sante-et-qualite-de-vie\/se-familiariser-aux-soins-gynecologiques\/#primaryimage"},"image":{"@id":"https:\/\/blog.insieme.ch\/fr\/sante-et-qualite-de-vie\/se-familiariser-aux-soins-gynecologiques\/#primaryimage"},"thumbnailUrl":"https:\/\/blog.insieme.ch\/wp-inside\/uploads\/2025\/05\/sandy-millar-hp3vss7o_2g-unsplash.jpg","datePublished":"2025-05-28T11:00:51+00:00","dateModified":"2025-05-28T11:04:17+00:00","description":"L'acc\u00e8s aux soins gyn\u00e9cologiques des femmes ayant un handicap mental est au c\u0153ur d'une recherche. Interview de son autrice.","breadcrumb":{"@id":"https:\/\/blog.insieme.ch\/fr\/sante-et-qualite-de-vie\/se-familiariser-aux-soins-gynecologiques\/#breadcrumb"},"inLanguage":"fr-FR","potentialAction":[{"@type":"ReadAction","target":["https:\/\/blog.insieme.ch\/fr\/sante-et-qualite-de-vie\/se-familiariser-aux-soins-gynecologiques\/"]}]},{"@type":"ImageObject","inLanguage":"fr-FR","@id":"https:\/\/blog.insieme.ch\/fr\/sante-et-qualite-de-vie\/se-familiariser-aux-soins-gynecologiques\/#primaryimage","url":"https:\/\/blog.insieme.ch\/wp-inside\/uploads\/2025\/05\/sandy-millar-hp3vss7o_2g-unsplash.jpg","contentUrl":"https:\/\/blog.insieme.ch\/wp-inside\/uploads\/2025\/05\/sandy-millar-hp3vss7o_2g-unsplash.jpg","width":2000,"height":3000},{"@type":"BreadcrumbList","@id":"https:\/\/blog.insieme.ch\/fr\/sante-et-qualite-de-vie\/se-familiariser-aux-soins-gynecologiques\/#breadcrumb","itemListElement":[{"@type":"ListItem","position":1,"name":"Accueil","item":"https:\/\/blog.insieme.ch\/fr\/"},{"@type":"ListItem","position":2,"name":"Sant\u00e9 et qualit\u00e9 de vie","item":"https:\/\/blog.insieme.ch\/fr\/sante-et-qualite-de-vie\/"},{"@type":"ListItem","position":3,"name":"Se familiariser aux soins gyn\u00e9cologiques"}]},{"@type":"WebSite","@id":"https:\/\/blog.insieme.ch\/fr\/#website","url":"https:\/\/blog.insieme.ch\/fr\/","name":"insieme Blog","description":"Alles ausser gew\u00f6hnlich","publisher":{"@id":"https:\/\/blog.insieme.ch\/fr\/#organization"},"potentialAction":[{"@type":"SearchAction","target":{"@type":"EntryPoint","urlTemplate":"https:\/\/blog.insieme.ch\/fr\/?s={search_term_string}"},"query-input":{"@type":"PropertyValueSpecification","valueRequired":true,"valueName":"search_term_string"}}],"inLanguage":"fr-FR"},{"@type":"Organization","@id":"https:\/\/blog.insieme.ch\/fr\/#organization","name":"insieme Blog","url":"https:\/\/blog.insieme.ch\/fr\/","logo":{"@type":"ImageObject","inLanguage":"fr-FR","@id":"https:\/\/blog.insieme.ch\/fr\/#\/schema\/logo\/image\/","url":"https:\/\/blog.insieme.ch\/wp-inside\/uploads\/2021\/04\/logo-insieme-blog.png","contentUrl":"https:\/\/blog.insieme.ch\/wp-inside\/uploads\/2021\/04\/logo-insieme-blog.png","width":280,"height":81,"caption":"insieme Blog"},"image":{"@id":"https:\/\/blog.insieme.ch\/fr\/#\/schema\/logo\/image\/"},"sameAs":["https:\/\/www.facebook.com\/insiemeSuisse\/","https:\/\/x.com\/insiemeSuisse"]},{"@type":"Person","@id":"https:\/\/blog.insieme.ch\/fr\/#\/schema\/person\/3221ad8fe089e1e3b6f9a5ea253e648c","name":"Lise Tran","image":{"@type":"ImageObject","inLanguage":"fr-FR","@id":"https:\/\/secure.gravatar.com\/avatar\/4c1028ac8c35a45d0420275ec991fe6d9964020c33f7db80209f71a09cbfc3a8?s=96&d=mm&r=g","url":"https:\/\/secure.gravatar.com\/avatar\/4c1028ac8c35a45d0420275ec991fe6d9964020c33f7db80209f71a09cbfc3a8?s=96&d=mm&r=g","contentUrl":"https:\/\/secure.gravatar.com\/avatar\/4c1028ac8c35a45d0420275ec991fe6d9964020c33f7db80209f71a09cbfc3a8?s=96&d=mm&r=g","caption":"Lise Tran"},"description":"Communication insieme","url":"https:\/\/blog.insieme.ch\/fr\/author\/lise-tran\/"}]}},"featured_media_url":"https:\/\/blog.insieme.ch\/wp-inside\/uploads\/2025\/05\/sandy-millar-hp3vss7o_2g-unsplash-683x1024.jpg","_links":{"self":[{"href":"https:\/\/blog.insieme.ch\/fr\/wp-json\/wp\/v2\/posts\/6551","targetHints":{"allow":["GET"]}}],"collection":[{"href":"https:\/\/blog.insieme.ch\/fr\/wp-json\/wp\/v2\/posts"}],"about":[{"href":"https:\/\/blog.insieme.ch\/fr\/wp-json\/wp\/v2\/types\/post"}],"author":[{"embeddable":true,"href":"https:\/\/blog.insieme.ch\/fr\/wp-json\/wp\/v2\/users\/2"}],"replies":[{"embeddable":true,"href":"https:\/\/blog.insieme.ch\/fr\/wp-json\/wp\/v2\/comments?post=6551"}],"version-history":[{"count":14,"href":"https:\/\/blog.insieme.ch\/fr\/wp-json\/wp\/v2\/posts\/6551\/revisions"}],"predecessor-version":[{"id":6569,"href":"https:\/\/blog.insieme.ch\/fr\/wp-json\/wp\/v2\/posts\/6551\/revisions\/6569"}],"wp:featuredmedia":[{"embeddable":true,"href":"https:\/\/blog.insieme.ch\/fr\/wp-json\/wp\/v2\/media\/6555"}],"wp:attachment":[{"href":"https:\/\/blog.insieme.ch\/fr\/wp-json\/wp\/v2\/media?parent=6551"}],"wp:term":[{"taxonomy":"category","embeddable":true,"href":"https:\/\/blog.insieme.ch\/fr\/wp-json\/wp\/v2\/categories?post=6551"},{"taxonomy":"post_tag","embeddable":true,"href":"https:\/\/blog.insieme.ch\/fr\/wp-json\/wp\/v2\/tags?post=6551"}],"curies":[{"name":"wp","href":"https:\/\/api.w.org\/{rel}","templated":true}]}}