{"id":6522,"date":"2025-03-21T10:40:53","date_gmt":"2025-03-21T09:40:53","guid":{"rendered":"https:\/\/blog.insieme.ch\/?p=6522"},"modified":"2025-03-21T10:41:56","modified_gmt":"2025-03-21T09:41:56","slug":"journee-mondiale-de-la-trisomie-21-quand-la-diversite-enrichit-notre-vie","status":"publish","type":"post","link":"https:\/\/blog.insieme.ch\/fr\/handicap-mental\/journee-mondiale-de-la-trisomie-21-quand-la-diversite-enrichit-notre-vie\/","title":{"rendered":"Journ\u00e9e mondiale de la trisomie 21&#160;: quand la diversit\u00e9 enrichit notre vie"},"content":{"rendered":"<p><!-- flzn:zn_pagebanner --><\/p>\n<header id=\"flzn-pagebanner-1\" class=\"zone zn-pagebanner is-alignfull with-bg bg-color is-bgc-yellow-light\"><span class=\"zone-bg bg-color bgc-yellow-light alignfull\"><\/span><\/p>\n<div class=\"zone-block zn-pagebanner-block alignfull va-center\"><\/div>\n<\/header>\n<p><!-- \/flzn:zn_pagebanner --><br \/>\n<!-- flzn:zn_text --><\/p>\n<div id=\"flzn-text-1\" class=\"zone zn-text is-alignwide\">\n<div class=\"zone-block zn-text-block alignwide va-top\">\n<div class=\"row mw-content-zone zn-text-row\">\n<div class=\"columns large-12\">\n<div class=\"row large-up-1 with-nice-alignment nbloc-1\">\n<div class=\"column zn-text-col\">\n<div class=\"column-inner\">\n<div class=\"wig-content mw-content\">\n<h4><strong>Le 21 mars, nous c\u00e9l\u00e9brons la Journ\u00e9e mondiale de la trisomie 21. Pourtant, une journ\u00e9e sp\u00e9ciale ne devrait pas \u00eatre n\u00e9cessaire&#160;&#160;: les personnes porteuses de trisomie 21 font partie de notre soci\u00e9t\u00e9. Elles ne sont pas \u00ab&#160;&#160;sp\u00e9ciales&#160;&#160;\u00bb, mais simplement des \u00eatres humains avec leurs propres d\u00e9sirs, talents, particularit\u00e9s et d\u00e9fis. Comme tout le monde.<\/strong><!--more--><\/h4>\n<p>\u00ab&#160;&#160;Pourquoi les autres me regardent-ils comme \u00e7a&#160;&#160;?&#160;&#160;\u00bb, Alina ne cesse de se poser cette question. A 17 ans, elle remarque qu&rsquo;elle est per\u00e7ue diff\u00e9remment.<\/p>\n<blockquote>\n<p>Pourquoi les autres me regardent-ils comme \u00e7a&#160;&#160;?<\/p>\n<\/blockquote>\n<p>Que cela n&rsquo;est pas une \u00e9vidence de se sentir \u00e0 sa place partout. Pourtant, c&rsquo;est une fille tout \u00e0 fait normale&#160;&#160;: un peu joueuse, pleine de r\u00eaves et incroyablement courageuse.<\/p>\n<div id=\"attachment_6493\" class=\"wp-caption alignnone\" style=\"width:100%;max-width:800px\"><img loading=\"lazy\" decoding=\"async\" class=\"wp-image-6493 size-800w\" src=\"https:\/\/blog.insieme.ch\/wp-inside\/uploads\/2025\/03\/design-sans-titre-7-800x533.jpg\" alt=\"\" width=\"800\" height=\"533\" srcset=\"https:\/\/blog.insieme.ch\/wp-inside\/uploads\/2025\/03\/design-sans-titre-7-800x533.jpg 800w, https:\/\/blog.insieme.ch\/wp-inside\/uploads\/2025\/03\/design-sans-titre-7-300x200.jpg 300w, https:\/\/blog.insieme.ch\/wp-inside\/uploads\/2025\/03\/design-sans-titre-7-1024x683.jpg 1024w, https:\/\/blog.insieme.ch\/wp-inside\/uploads\/2025\/03\/design-sans-titre-7-768x512.jpg 768w, https:\/\/blog.insieme.ch\/wp-inside\/uploads\/2025\/03\/design-sans-titre-7-320x213.jpg 320w, https:\/\/blog.insieme.ch\/wp-inside\/uploads\/2025\/03\/design-sans-titre-7.jpg 1500w\" sizes=\"auto, (max-width: 800px) 100vw, 800px\" \/><\/p>\n<p class=\"wp-caption-text\">Pour son avenir, Alina a les id\u00e9es claires. \u00a9 Alan Sahin<\/p>\n<\/div>\n<p>&nbsp;<\/p>\n<h2>Une vie pleine de courage et de r\u00eaves<\/h2>\n<p>Alina est une jeune fille pleine de vie. Sa forte volont\u00e9 et sa d\u00e9termination impressionnent celles et ceux qui la connaissent. Passionn\u00e9e de danse, de chant, de peinture et de cuisine, elle aime s&rsquo;entourer d&rsquo;autres personnes. Elle affectionne tout particuli\u00e8rement le ski et les randonn\u00e9es et aime inviter des amis \u00e0 partager sa table. Que cela soit pour apprendre \u00e0 nager ou pour faire parfaitement la roue, elle n&rsquo;abandonne jamais lorsqu&rsquo;elle se fixe un objectif.<\/p>\n<blockquote>\n<p>Pour son avenir, Alina a les id\u00e9es claires. Elle veut avoir son propre appartement. Et r\u00eave d\u2019exercer un m\u00e9tier dans lequel elle pourra s&rsquo;engager pour la justice et le bien-\u00eatre des personnes.<\/p>\n<\/blockquote>\n<p>Pour son avenir, Alina a les id\u00e9es claires. Elle veut avoir son propre appartement. Et r\u00eave d\u2019exercer un m\u00e9tier dans lequel elle pourra s&rsquo;engager pour la justice et le bien-\u00eatre des personnes. Elle veut aussi faire des g\u00e2teaux pour sa famille. Tout cela semble totalement ordinaire&#160;&#160;? \u00a0Pourtant, suivre ce chemin est tellement plus difficile pour les personnes porteuses de trisomie 21.<\/p>\n<\/p><\/div>\n<\/p><\/div>\n<\/p><\/div>\n<\/p><\/div>\n<\/p><\/div>\n<\/p><\/div>\n<\/div>\n<\/div>\n<p><!-- \/flzn:zn_text --><br \/>\n<!-- flzn:zn_button --><\/p>\n<div id=\"flzn-button-1\" class=\"zone zn-button is-alignfull with-bg bg-color is-bgc-yellow-light\"><span class=\"zone-bg bg-color bgc-yellow-light alignfull\"><\/span><\/p>\n<div class=\"zone-block zn-button-block alignfull va-top text-center\">\n<div class=\"zn-button-bgbox block-alignfull oneblock text-center\">\n<div class=\"zn-button-bgbox-bg with-img\" data-interchange=\"[https:\/\/blog.insieme.ch\/wp-inside\/uploads\/2025\/03\/29012025-insieme-7-1-425x250.jpg, small],[https:\/\/blog.insieme.ch\/wp-inside\/uploads\/2025\/03\/29012025-insieme-7-1-1024x600.jpg, gsmall],[https:\/\/blog.insieme.ch\/wp-inside\/uploads\/2025\/03\/29012025-insieme-7-1-1280x600.jpg, glarge],[https:\/\/blog.insieme.ch\/wp-inside\/uploads\/2025\/03\/29012025-insieme-7-1-1920x600.jpg, xlarge],\"><\/div>\n<\/p><\/div>\n<div class=\"zn-button-list row small-up-1 medium-up-1 nb-bloc-1  oneblock text-center\" data-equalizer data-equalize-on=\"large\">\n<div class=\"zn-button-bloc column\" data-equalizer-watch>\n<div class=\"column-inner\">\n<div class=\"zn-button-innerbox with-img\">\n<div class=\"zn-button-bloc-titledesc\">\n<h3 class=\"zn-button-bloc-title h2 cursive-font title-with-deco\">\n\t\t\t\t\t\t\t\t\t\tJourn\u00e9e mondiale de la trisomie 21\t\t\t\t\t\t\t\t\t<\/h3>\n<div class=\"zn-button-bloc-desc\">\n<div class=\"zn-button-bloc-titledesc\">\n<div class=\"zn-button-bloc-desc\">\n<p style=\"text-align: center;\">Chez les personnes vivant avec une trisomie 21, le 21e chromosome est pr\u00e9sent trois fois et non deux. Elles ont ainsi 47 chromosomes au lieu de 46. Le 21 mars est l\u2019occasion de faire entendre leur voix. Afin de promouvoir la diversit\u00e9 et de mettre en avant l\u2019enrichissement que repr\u00e9sentent les personnes avec une trisomie 21 pour notre vie et notre soci\u00e9t\u00e9,\u00a0<a href=\"https:\/\/insieme.ch\/fr\/donner\/\"><strong>insieme Suisse<\/strong><\/a>\u00a0c\u00e9l\u00e8bre cette journ\u00e9e.<\/p>\n<\/div>\n<\/div>\n<div class=\"zn-button-buttons-box\"><\/div>\n<\/p><\/div>\n<\/p><\/div>\n<div class=\"zn-button-buttons-box\">\n<p>\t\t\t\t\t\t\t\t\t\t\t\t\t\t\t\t\t\t<a class=\"button outline\" href=\"https:\/\/insieme.ch\/fr\/donner\/\"><br \/>\n\t\t\t\t\t\t\t\t\t\t\t\t\t\t\t\t\t\t\t\t\tSoutenir Alina et sa famille\t\t\t\t\t\t\t\t\t\t\t\t\t\t\t\t\t\t\t<\/a>\n\t\t\t\t\t\t\t\t\t\t\t\t\t\t\t\t\t\t\t\t\t<\/div>\n<\/p><\/div>\n<\/p><\/div>\n<\/p><\/div>\n<\/p><\/div>\n<\/div>\n<\/div>\n<p><!-- \/flzn:zn_button --><br \/>\n<!-- flzn:zn_text --><\/p>\n<div id=\"flzn-text-2\" class=\"zone zn-text is-alignwide\">\n<div class=\"zone-block zn-text-block alignwide va-top\">\n<div class=\"row mw-content-zone zn-text-row\">\n<div class=\"columns large-12\">\n<div class=\"row large-up-1 with-nice-alignment nbloc-1\">\n<div class=\"column zn-text-col\">\n<div class=\"column-inner\">\n<div class=\"wig-content mw-content\">\n<h2><\/h2>\n<h2><strong>Devenir adulte, un v\u00e9ritable d\u00e9fi <\/strong><\/h2>\n<p>A la sortie de l&rsquo;adolescence, les jeunes se lancent dans une formation ou un travail. Mais pour Alina, il n&rsquo;existe pas suffisamment d&rsquo;offres adapt\u00e9es. Sur le plan cognitif, le d\u00e9veloppement des personnes porteuses de trisomie 21 est plus lent. Toutefois, on leur demande de commencer leur parcours professionnel \u00e0 18 ans.<\/p>\n<blockquote>\n<p>Une chose est en tout cas s\u00fbre&#160;&#160;: rien n&rsquo;arr\u00eate Alina&#160;&#160;! Durant des ann\u00e9es, elle s&rsquo;est entra\u00een\u00e9e pour savoir effectuer la roue parfaite.<\/p>\n<\/blockquote>\n<p>Alina fr\u00e9quente une \u00e9cole sp\u00e9cialis\u00e9e.\u00a0 Trop joueuse et r\u00eaveuse, elle n&rsquo;est pas encore pr\u00eate pour une formation.\u00a0 Elle cherche donc d&rsquo;abord une activit\u00e9 int\u00e9ressante dans une institution o\u00f9 elle pourra grandir et se d\u00e9velopper. Ce qu&rsquo;elle aimerait entreprendre&#160;&#160;? Un stage d\u00a0\u00bbobservation dans une maison de retraite. Une chose est en tout cas s\u00fbre&#160;&#160;: rien n&rsquo;arr\u00eate Alina&#160;&#160;! Durant des ann\u00e9es, elle s&rsquo;est entra\u00een\u00e9e pour savoir effectuer la roue parfaite. Et \u00e0 s&rsquo;entra\u00eener, elle continuera. Jusqu&rsquo;\u00e0 pouvoir r\u00e9aliser ses r\u00eaves.<\/p>\n<\/p><\/div>\n<\/p><\/div>\n<\/p><\/div>\n<\/p><\/div>\n<\/p><\/div>\n<\/p><\/div>\n<\/div>\n<\/div>\n<p><!-- \/flzn:zn_text --><br \/>\n<!-- flzn:zn_gallery --><\/p>\n<div id=\"flzn-gallery-1\" class=\"zone zn-gallery is-alignwide\">\n<div class=\"zone-block zn-gallery-block alignwide va-top\">\n<div class=\"row mw-content-zone\">\n<div class=\"large-12 columns\">\n<div class=\"zn-gallery-list slick-slider galleryslider-grid\">\n<div class=\"zn-gallery-item slick-item\">\n<div class=\"zn-gallery-item-inner\">\n<p>\t\t\t\t\t\t\t\t\t\t\t\t\t<a class=\"swipebox\" href=\"https:\/\/blog.insieme.ch\/wp-inside\/uploads\/2025\/03\/29012025-insieme-5-1920x2880.jpg\" title=\"\" rel=\"galleryzone-flzn-gallery-1\"><\/p>\n<div class=\"imgbox\">\n\t\t\t\t\t\t\t\t\t\t\t\t\t\t\t\t\t\t<img decoding=\"async\" src=\"https:\/\/blog.insieme.ch\/wp-inside\/uploads\/2025\/03\/29012025-insieme-5-185x185.jpg\" alt=\"\" data-interchange=\"[https:\/\/blog.insieme.ch\/wp-inside\/uploads\/2025\/03\/29012025-insieme-5-185x185.jpg, small],[https:\/\/blog.insieme.ch\/wp-inside\/uploads\/2025\/03\/29012025-insieme-5-370x300.jpg, gsmall],[https:\/\/blog.insieme.ch\/wp-inside\/uploads\/2025\/03\/29012025-insieme-5-185x185.jpg, large],[https:\/\/blog.insieme.ch\/wp-inside\/uploads\/2025\/03\/29012025-insieme-5-370x300.jpg, glarge],\"\/>\n\t\t\t\t\t\t\t\t<\/div>\n<p>\t\t\t\t\t\t\t\t\t\t\t\t\t<\/a>\n\t\t\t\t\t\t\t\t\t\t\t\t<\/div>\n<\/p><\/div>\n<div class=\"zn-gallery-item slick-item\">\n<div class=\"zn-gallery-item-inner\">\n<p>\t\t\t\t\t\t\t\t\t\t\t\t\t<a class=\"swipebox\" href=\"https:\/\/blog.insieme.ch\/wp-inside\/uploads\/2025\/03\/29012025-insieme-8-1920x1280.jpg\" title=\"\" rel=\"galleryzone-flzn-gallery-1\"><\/p>\n<div class=\"imgbox\">\n\t\t\t\t\t\t\t\t\t\t\t\t\t\t\t\t\t\t<img decoding=\"async\" src=\"https:\/\/blog.insieme.ch\/wp-inside\/uploads\/2025\/03\/29012025-insieme-8-185x185.jpg\" alt=\"\" data-interchange=\"[https:\/\/blog.insieme.ch\/wp-inside\/uploads\/2025\/03\/29012025-insieme-8-185x185.jpg, small],[https:\/\/blog.insieme.ch\/wp-inside\/uploads\/2025\/03\/29012025-insieme-8-370x300.jpg, gsmall],[https:\/\/blog.insieme.ch\/wp-inside\/uploads\/2025\/03\/29012025-insieme-8-185x185.jpg, large],[https:\/\/blog.insieme.ch\/wp-inside\/uploads\/2025\/03\/29012025-insieme-8-370x300.jpg, glarge],\"\/>\n\t\t\t\t\t\t\t\t<\/div>\n<p>\t\t\t\t\t\t\t\t\t\t\t\t\t<\/a>\n\t\t\t\t\t\t\t\t\t\t\t\t<\/div>\n<\/p><\/div>\n<div class=\"zn-gallery-item slick-item\">\n<div class=\"zn-gallery-item-inner\">\n<p>\t\t\t\t\t\t\t\t\t\t\t\t\t<a class=\"swipebox\" href=\"https:\/\/blog.insieme.ch\/wp-inside\/uploads\/2025\/03\/29012025-insieme-2-1920x1280.jpg\" title=\"\" rel=\"galleryzone-flzn-gallery-1\"><\/p>\n<div class=\"imgbox\">\n\t\t\t\t\t\t\t\t\t\t\t\t\t\t\t\t\t\t<img decoding=\"async\" src=\"https:\/\/blog.insieme.ch\/wp-inside\/uploads\/2025\/03\/29012025-insieme-2-185x185.jpg\" alt=\"\" data-interchange=\"[https:\/\/blog.insieme.ch\/wp-inside\/uploads\/2025\/03\/29012025-insieme-2-185x185.jpg, small],[https:\/\/blog.insieme.ch\/wp-inside\/uploads\/2025\/03\/29012025-insieme-2-370x300.jpg, gsmall],[https:\/\/blog.insieme.ch\/wp-inside\/uploads\/2025\/03\/29012025-insieme-2-185x185.jpg, large],[https:\/\/blog.insieme.ch\/wp-inside\/uploads\/2025\/03\/29012025-insieme-2-370x300.jpg, glarge],\"\/>\n\t\t\t\t\t\t\t\t<\/div>\n<p>\t\t\t\t\t\t\t\t\t\t\t\t\t<\/a>\n\t\t\t\t\t\t\t\t\t\t\t\t<\/div>\n<\/p><\/div>\n<div class=\"zn-gallery-item slick-item\">\n<div class=\"zn-gallery-item-inner\">\n<p>\t\t\t\t\t\t\t\t\t\t\t\t\t<a class=\"swipebox\" href=\"https:\/\/blog.insieme.ch\/wp-inside\/uploads\/2025\/03\/29012025-insieme-11-1920x1280.jpg\" title=\"\" rel=\"galleryzone-flzn-gallery-1\"><\/p>\n<div class=\"imgbox\">\n\t\t\t\t\t\t\t\t\t\t\t\t\t\t\t\t\t\t<img decoding=\"async\" src=\"https:\/\/blog.insieme.ch\/wp-inside\/uploads\/2025\/03\/29012025-insieme-11-185x185.jpg\" alt=\"\" data-interchange=\"[https:\/\/blog.insieme.ch\/wp-inside\/uploads\/2025\/03\/29012025-insieme-11-185x185.jpg, small],[https:\/\/blog.insieme.ch\/wp-inside\/uploads\/2025\/03\/29012025-insieme-11-370x300.jpg, gsmall],[https:\/\/blog.insieme.ch\/wp-inside\/uploads\/2025\/03\/29012025-insieme-11-185x185.jpg, large],[https:\/\/blog.insieme.ch\/wp-inside\/uploads\/2025\/03\/29012025-insieme-11-370x300.jpg, glarge],\"\/>\n\t\t\t\t\t\t\t\t<\/div>\n<p>\t\t\t\t\t\t\t\t\t\t\t\t\t<\/a>\n\t\t\t\t\t\t\t\t\t\t\t\t<\/div>\n<\/p><\/div>\n<\/p><\/div>\n<\/p><\/div>\n<\/p><\/div>\n<\/div>\n<\/div>\n<p><!-- \/flzn:zn_gallery --><br \/>\n<!-- flzn:zn_text --><\/p>\n<div id=\"flzn-text-3\" class=\"zone zn-text is-alignwide\">\n<div class=\"zone-block zn-text-block alignwide va-top\">\n<div class=\"row mw-content-zone zn-text-row\">\n<div class=\"columns large-12\">\n<div class=\"row large-up-1 with-nice-alignment nbloc-1\">\n<div class=\"column zn-text-col\">\n<div class=\"column-inner\">\n<div class=\"wig-content mw-content\">\n<h2 style=\"text-align: center;\"><strong>Se sentir plus fort ensemble <\/strong><\/h2>\n<p>Ce qui a particuli\u00e8rement aid\u00e9 la m\u00e8re d&rsquo;Alina au cours de toutes ces ann\u00e9es&#160;&#160;?\u00a0 Les \u00e9changes entre parents insieme. \u00ab&#160;&#160;On se sent compris, sans avoir besoin de parler. On sait exactement ce que l&rsquo;autre ressent ou de quoi il parle&#8230; C&rsquo;est tellement d\u00e9culpabilisant&#160;&#160;\u00bb. Ces \u00e9change entre parents vivant des exp\u00e9riences similaires lui donnent de la force et de l&rsquo;assurance.<\/p>\n<blockquote>\n<p>Car depuis qu&rsquo;Alina est n\u00e9e, il n&rsquo;y a pas eu un seul moment de chagrin ou de d\u00e9sespoir. Pas une seule seconde.<\/p>\n<\/blockquote>\n<p>Pouvoir compter sur son entourage proche est \u00e9galement une aide pr\u00e9cieuse au quotidien&#160;&#160;: \u00ab&#160;&#160;J&rsquo;ai la chance que ma famille et mes amis proches soient toujours derri\u00e8re nous. D\u00e8s le d\u00e9but, ils ont accept\u00e9 Alina telle qu&rsquo;elle est, sans pr\u00e9jug\u00e9s, sans appr\u00e9hension&#160;&#160;\u00bb. Malgr\u00e9\u00a0 les d\u00e9fis qu&rsquo;implique la vie avec un enfant en situation de handicap, le sentiment de gratitude l&#8217;emporte. Car depuis qu&rsquo;Alina est n\u00e9e, il n&rsquo;y a pas eu un seul moment de chagrin ou de d\u00e9sespoir. Pas une seule seconde.<\/p>\n<\/p><\/div>\n<\/p><\/div>\n<\/p><\/div>\n<\/p><\/div>\n<\/p><\/div>\n<\/p><\/div>\n<\/div>\n<\/div>\n<p><!-- \/flzn:zn_text --><br \/>\n<!-- flzn:zn_image --><\/p>\n<div id=\"flzn-image-1\" class=\"zone zn-image is-alignsimple\">\n<div class=\"zone-block zn-image-block alignsimple va-top\">\n<div class=\"row one-img\">\n<div class=\"columns large-12\">\n<div class=\"row with-nice-alignment va-top\">\n<div class=\"columns large-12 zn-image-col\">\n<div class=\"columns-inner zn-image-col-inner\">\n\t\t\t\t\t\t\t<a class=\"zn-image-imgbox swipebox\" href=\"https:\/\/blog.insieme.ch\/wp-inside\/uploads\/2025\/03\/29012025-insieme-16-1920x2880.jpg\" title=\"29012025-Insieme-16\" rel=\"galleryzone-flzn-image-1\">\t\t\t\t\t\t\t<\/p>\n<figure class=\"zn-image-figure\">\n\t\t\t\t\t\t\t\t<img decoding=\"async\" class=\"zn-image-img\" src=\"https:\/\/blog.insieme.ch\/wp-inside\/uploads\/2025\/03\/29012025-insieme-16-1920x2880.jpg\" alt=\"\" \/><figcaption class=\"zn-image-caption\">Pouvoir compter sur son entourage proche est une aide pr\u00e9cieuse au quotidien. \u00a9 Alan Sahin<\/figcaption><\/figure>\n<p>\t\t\t\t\t\t\t<\/a>\t\t\t\t\t\t<\/div>\n<\/p><\/div>\n<\/p><\/div>\n<\/p><\/div>\n<\/p><\/div>\n<\/div>\n<\/div>\n<p><!-- \/flzn:zn_image --><br \/>\n<!-- flzn:zn_text --><\/p>\n<div id=\"flzn-text-4\" class=\"zone zn-text is-alignwide with-bg bg-color is-bgc-yellow-light\"><span class=\"zone-bg bg-color bgc-yellow-light alignfull\"><\/span><\/p>\n<div class=\"zone-block zn-text-block alignwide va-top\">\n<div class=\"row mw-content-zone zn-text-row\">\n<div class=\"columns large-12\">\n<div class=\"row large-up-1 with-nice-alignment nbloc-1\">\n<div class=\"column zn-text-col\">\n<div class=\"column-inner\">\n<div class=\"wig-content mw-content\">\n<h2><strong>Ouvrir des nouvelles perspectives ensemble <\/strong><\/h2>\n<p>La soci\u00e9t\u00e9 doit apprendre \u00e0 voir les personnes comme Alina de mani\u00e8re diff\u00e9rente. Elles doivent pouvoir fr\u00e9quenter l&rsquo;\u00e9cole, effectuer un travail ou avoir des loisirs. C&rsquo;est pourquoi insieme s&rsquo;engage pour que les familles re\u00e7oivent un soutien et pour que de v\u00e9ritables \u00e9changes soient possibles. Mais aussi pour que personne ne soit exclu.<\/p>\n<p>Le 21 mars, en signe de diversit\u00e9, de nombreuses personnes portent deux chaussettes diff\u00e9rentes. Un petit geste qui montre qu&rsquo;il n&rsquo;y a pas de soucis \u00e0 \u00eatre diff\u00e9rent.<\/p>\n<p>Mais ce qui compte vraiment&#160;&#160;: les 364 autres jours de l&rsquo;ann\u00e9e.Au cours desquels nous ne devrions pas d\u00e9tourner le regard, mais, en supprimant les barri\u00e8res, cr\u00e9er de nouvelles possibilit\u00e9s.<\/p>\n<\/p><\/div>\n<\/p><\/div>\n<\/p><\/div>\n<\/p><\/div>\n<\/p><\/div>\n<\/p><\/div>\n<\/div>\n<\/div>\n<p><!-- \/flzn:zn_text --><\/p>\n","protected":false},"excerpt":{"rendered":"<p>\u00abPourquoi les autres me regardent-ils comme \u00e7a?\u00bb, Alina ne cesse de se poser cette question. A 17 ans, elle remarque qu&rsquo;elle est per\u00e7ue diff\u00e9remment.<\/p>\n","protected":false},"author":28,"featured_media":6493,"comment_status":"open","ping_status":"open","sticky":false,"template":"","format":"standard","meta":{"_acf_changed":false,"footnotes":""},"categories":[16],"tags":[],"class_list":["post-6522","post","type-post","status-publish","format-standard","has-post-thumbnail","hentry","category-handicap-mental","wp-sticky"],"acf":[],"yoast_head":"<!-- This site is optimized with the Yoast SEO plugin v27.5 - https:\/\/yoast.com\/product\/yoast-seo-wordpress\/ -->\n<title>Journ\u00e9e mondiale de la trisomie 21 : quand la diversit\u00e9 enrichit notre vie<\/title>\n<meta name=\"description\" content=\"Le 21 mars, nous c\u00e9l\u00e9brons la Journ\u00e9e mondiale de la trisomie 21. Pourtant, une journ\u00e9e sp\u00e9ciale ne devrait pas \u00eatre n\u00e9cessaire\u00a0: les personnes porteuses de trisomie 21 font partie de notre soci\u00e9t\u00e9.\" \/>\n<meta name=\"robots\" content=\"index, follow, max-snippet:-1, max-image-preview:large, max-video-preview:-1\" \/>\n<link rel=\"canonical\" href=\"https:\/\/blog.insieme.ch\/fr\/handicap-mental\/journee-mondiale-de-la-trisomie-21-quand-la-diversite-enrichit-notre-vie\/\" \/>\n<meta property=\"og:locale\" content=\"fr_FR\" \/>\n<meta property=\"og:type\" content=\"article\" \/>\n<meta property=\"og:title\" content=\"Journ\u00e9e mondiale de la trisomie 21 : quand la diversit\u00e9 enrichit notre vie\" \/>\n<meta property=\"og:description\" content=\"Le 21 mars, nous c\u00e9l\u00e9brons la Journ\u00e9e mondiale de la trisomie 21. Pourtant, une journ\u00e9e sp\u00e9ciale ne devrait pas \u00eatre n\u00e9cessaire\u00a0: les personnes porteuses de trisomie 21 font partie de notre soci\u00e9t\u00e9.\" \/>\n<meta property=\"og:url\" content=\"https:\/\/blog.insieme.ch\/fr\/handicap-mental\/journee-mondiale-de-la-trisomie-21-quand-la-diversite-enrichit-notre-vie\/\" \/>\n<meta property=\"og:site_name\" content=\"insieme Blog\" \/>\n<meta property=\"article:publisher\" content=\"https:\/\/www.facebook.com\/insiemeSuisse\/\" \/>\n<meta property=\"article:published_time\" content=\"2025-03-21T09:40:53+00:00\" \/>\n<meta property=\"article:modified_time\" content=\"2025-03-21T09:41:56+00:00\" \/>\n<meta property=\"og:image\" content=\"https:\/\/blog.insieme.ch\/wp-inside\/uploads\/2025\/03\/design-sans-titre-7.jpg\" \/>\n\t<meta property=\"og:image:width\" content=\"1500\" \/>\n\t<meta property=\"og:image:height\" content=\"1000\" \/>\n\t<meta property=\"og:image:type\" content=\"image\/jpeg\" \/>\n<meta name=\"author\" content=\"Tanja Male\" \/>\n<meta name=\"twitter:card\" content=\"summary_large_image\" \/>\n<meta name=\"twitter:creator\" content=\"@insiemeSuisse\" \/>\n<meta name=\"twitter:site\" content=\"@insiemeSuisse\" \/>\n<meta name=\"twitter:label1\" content=\"\u00c9crit par\" \/>\n\t<meta name=\"twitter:data1\" content=\"Tanja Male-Stocker\" \/>\n\t<meta name=\"twitter:label2\" content=\"Dur\u00e9e de lecture estim\u00e9e\" \/>\n\t<meta name=\"twitter:data2\" content=\"5 minutes\" \/>\n<script type=\"application\/ld+json\" class=\"yoast-schema-graph\">{\"@context\":\"https:\\\/\\\/schema.org\",\"@graph\":[{\"@type\":\"Article\",\"@id\":\"https:\\\/\\\/blog.insieme.ch\\\/fr\\\/handicap-mental\\\/journee-mondiale-de-la-trisomie-21-quand-la-diversite-enrichit-notre-vie\\\/#article\",\"isPartOf\":{\"@id\":\"https:\\\/\\\/blog.insieme.ch\\\/fr\\\/handicap-mental\\\/journee-mondiale-de-la-trisomie-21-quand-la-diversite-enrichit-notre-vie\\\/\"},\"author\":{\"name\":\"Tanja Male\",\"@id\":\"https:\\\/\\\/blog.insieme.ch\\\/fr\\\/#\\\/schema\\\/person\\\/4ce1376bb19acea97a23d3d214e1c089\"},\"headline\":\"Journ\u00e9e mondiale de la trisomie 21&#160;: quand la diversit\u00e9 enrichit notre vie\",\"datePublished\":\"2025-03-21T09:40:53+00:00\",\"dateModified\":\"2025-03-21T09:41:56+00:00\",\"mainEntityOfPage\":{\"@id\":\"https:\\\/\\\/blog.insieme.ch\\\/fr\\\/handicap-mental\\\/journee-mondiale-de-la-trisomie-21-quand-la-diversite-enrichit-notre-vie\\\/\"},\"wordCount\":993,\"commentCount\":0,\"publisher\":{\"@id\":\"https:\\\/\\\/blog.insieme.ch\\\/fr\\\/#organization\"},\"image\":{\"@id\":\"https:\\\/\\\/blog.insieme.ch\\\/fr\\\/handicap-mental\\\/journee-mondiale-de-la-trisomie-21-quand-la-diversite-enrichit-notre-vie\\\/#primaryimage\"},\"thumbnailUrl\":\"https:\\\/\\\/blog.insieme.ch\\\/wp-inside\\\/uploads\\\/2025\\\/03\\\/design-sans-titre-7.jpg\",\"articleSection\":[\"Handicap mental\"],\"inLanguage\":\"fr-FR\",\"potentialAction\":[{\"@type\":\"CommentAction\",\"name\":\"Comment\",\"target\":[\"https:\\\/\\\/blog.insieme.ch\\\/fr\\\/handicap-mental\\\/journee-mondiale-de-la-trisomie-21-quand-la-diversite-enrichit-notre-vie\\\/#respond\"]}]},{\"@type\":\"WebPage\",\"@id\":\"https:\\\/\\\/blog.insieme.ch\\\/fr\\\/handicap-mental\\\/journee-mondiale-de-la-trisomie-21-quand-la-diversite-enrichit-notre-vie\\\/\",\"url\":\"https:\\\/\\\/blog.insieme.ch\\\/fr\\\/handicap-mental\\\/journee-mondiale-de-la-trisomie-21-quand-la-diversite-enrichit-notre-vie\\\/\",\"name\":\"Journ\u00e9e mondiale de la trisomie 21 : quand la diversit\u00e9 enrichit notre vie\",\"isPartOf\":{\"@id\":\"https:\\\/\\\/blog.insieme.ch\\\/fr\\\/#website\"},\"primaryImageOfPage\":{\"@id\":\"https:\\\/\\\/blog.insieme.ch\\\/fr\\\/handicap-mental\\\/journee-mondiale-de-la-trisomie-21-quand-la-diversite-enrichit-notre-vie\\\/#primaryimage\"},\"image\":{\"@id\":\"https:\\\/\\\/blog.insieme.ch\\\/fr\\\/handicap-mental\\\/journee-mondiale-de-la-trisomie-21-quand-la-diversite-enrichit-notre-vie\\\/#primaryimage\"},\"thumbnailUrl\":\"https:\\\/\\\/blog.insieme.ch\\\/wp-inside\\\/uploads\\\/2025\\\/03\\\/design-sans-titre-7.jpg\",\"datePublished\":\"2025-03-21T09:40:53+00:00\",\"dateModified\":\"2025-03-21T09:41:56+00:00\",\"description\":\"Le 21 mars, nous c\u00e9l\u00e9brons la Journ\u00e9e mondiale de la trisomie 21. Pourtant, une journ\u00e9e sp\u00e9ciale ne devrait pas \u00eatre n\u00e9cessaire\u00a0: les personnes porteuses de trisomie 21 font partie de notre soci\u00e9t\u00e9.\",\"breadcrumb\":{\"@id\":\"https:\\\/\\\/blog.insieme.ch\\\/fr\\\/handicap-mental\\\/journee-mondiale-de-la-trisomie-21-quand-la-diversite-enrichit-notre-vie\\\/#breadcrumb\"},\"inLanguage\":\"fr-FR\",\"potentialAction\":[{\"@type\":\"ReadAction\",\"target\":[\"https:\\\/\\\/blog.insieme.ch\\\/fr\\\/handicap-mental\\\/journee-mondiale-de-la-trisomie-21-quand-la-diversite-enrichit-notre-vie\\\/\"]}]},{\"@type\":\"ImageObject\",\"inLanguage\":\"fr-FR\",\"@id\":\"https:\\\/\\\/blog.insieme.ch\\\/fr\\\/handicap-mental\\\/journee-mondiale-de-la-trisomie-21-quand-la-diversite-enrichit-notre-vie\\\/#primaryimage\",\"url\":\"https:\\\/\\\/blog.insieme.ch\\\/wp-inside\\\/uploads\\\/2025\\\/03\\\/design-sans-titre-7.jpg\",\"contentUrl\":\"https:\\\/\\\/blog.insieme.ch\\\/wp-inside\\\/uploads\\\/2025\\\/03\\\/design-sans-titre-7.jpg\",\"width\":1500,\"height\":1000},{\"@type\":\"BreadcrumbList\",\"@id\":\"https:\\\/\\\/blog.insieme.ch\\\/fr\\\/handicap-mental\\\/journee-mondiale-de-la-trisomie-21-quand-la-diversite-enrichit-notre-vie\\\/#breadcrumb\",\"itemListElement\":[{\"@type\":\"ListItem\",\"position\":1,\"name\":\"Accueil\",\"item\":\"https:\\\/\\\/blog.insieme.ch\\\/fr\\\/\"},{\"@type\":\"ListItem\",\"position\":2,\"name\":\"Handicap mental\",\"item\":\"https:\\\/\\\/blog.insieme.ch\\\/fr\\\/handicap-mental\\\/\"},{\"@type\":\"ListItem\",\"position\":3,\"name\":\"Journ\u00e9e mondiale de la trisomie 21&#160;: quand la diversit\u00e9 enrichit notre vie\"}]},{\"@type\":\"WebSite\",\"@id\":\"https:\\\/\\\/blog.insieme.ch\\\/fr\\\/#website\",\"url\":\"https:\\\/\\\/blog.insieme.ch\\\/fr\\\/\",\"name\":\"insieme Blog\",\"description\":\"Alles ausser gew\u00f6hnlich\",\"publisher\":{\"@id\":\"https:\\\/\\\/blog.insieme.ch\\\/fr\\\/#organization\"},\"potentialAction\":[{\"@type\":\"SearchAction\",\"target\":{\"@type\":\"EntryPoint\",\"urlTemplate\":\"https:\\\/\\\/blog.insieme.ch\\\/fr\\\/?s={search_term_string}\"},\"query-input\":{\"@type\":\"PropertyValueSpecification\",\"valueRequired\":true,\"valueName\":\"search_term_string\"}}],\"inLanguage\":\"fr-FR\"},{\"@type\":\"Organization\",\"@id\":\"https:\\\/\\\/blog.insieme.ch\\\/fr\\\/#organization\",\"name\":\"insieme Blog\",\"url\":\"https:\\\/\\\/blog.insieme.ch\\\/fr\\\/\",\"logo\":{\"@type\":\"ImageObject\",\"inLanguage\":\"fr-FR\",\"@id\":\"https:\\\/\\\/blog.insieme.ch\\\/fr\\\/#\\\/schema\\\/logo\\\/image\\\/\",\"url\":\"https:\\\/\\\/blog.insieme.ch\\\/wp-inside\\\/uploads\\\/2021\\\/04\\\/logo-insieme-blog.png\",\"contentUrl\":\"https:\\\/\\\/blog.insieme.ch\\\/wp-inside\\\/uploads\\\/2021\\\/04\\\/logo-insieme-blog.png\",\"width\":280,\"height\":81,\"caption\":\"insieme Blog\"},\"image\":{\"@id\":\"https:\\\/\\\/blog.insieme.ch\\\/fr\\\/#\\\/schema\\\/logo\\\/image\\\/\"},\"sameAs\":[\"https:\\\/\\\/www.facebook.com\\\/insiemeSuisse\\\/\",\"https:\\\/\\\/x.com\\\/insiemeSuisse\"]},{\"@type\":\"Person\",\"@id\":\"https:\\\/\\\/blog.insieme.ch\\\/fr\\\/#\\\/schema\\\/person\\\/4ce1376bb19acea97a23d3d214e1c089\",\"name\":\"Tanja Male\",\"image\":{\"@type\":\"ImageObject\",\"inLanguage\":\"fr-FR\",\"@id\":\"https:\\\/\\\/secure.gravatar.com\\\/avatar\\\/627012daf1c4ed211a64650f2f4f54c09528ec18fa02f418ae017c562872f780?s=96&d=mm&r=g\",\"url\":\"https:\\\/\\\/secure.gravatar.com\\\/avatar\\\/627012daf1c4ed211a64650f2f4f54c09528ec18fa02f418ae017c562872f780?s=96&d=mm&r=g\",\"contentUrl\":\"https:\\\/\\\/secure.gravatar.com\\\/avatar\\\/627012daf1c4ed211a64650f2f4f54c09528ec18fa02f418ae017c562872f780?s=96&d=mm&r=g\",\"caption\":\"Tanja Male\"},\"description\":\"Marketing &amp; collecte de fonds insieme suisse\",\"url\":\"https:\\\/\\\/blog.insieme.ch\\\/fr\\\/author\\\/tanja-male\\\/\"}]}<\/script>\n<!-- \/ Yoast SEO plugin. -->","yoast_head_json":{"title":"Journ\u00e9e mondiale de la trisomie 21 : quand la diversit\u00e9 enrichit notre vie","description":"Le 21 mars, nous c\u00e9l\u00e9brons la Journ\u00e9e mondiale de la trisomie 21. Pourtant, une journ\u00e9e sp\u00e9ciale ne devrait pas \u00eatre n\u00e9cessaire\u00a0: les personnes porteuses de trisomie 21 font partie de notre soci\u00e9t\u00e9.","robots":{"index":"index","follow":"follow","max-snippet":"max-snippet:-1","max-image-preview":"max-image-preview:large","max-video-preview":"max-video-preview:-1"},"canonical":"https:\/\/blog.insieme.ch\/fr\/handicap-mental\/journee-mondiale-de-la-trisomie-21-quand-la-diversite-enrichit-notre-vie\/","og_locale":"fr_FR","og_type":"article","og_title":"Journ\u00e9e mondiale de la trisomie 21 : quand la diversit\u00e9 enrichit notre vie","og_description":"Le 21 mars, nous c\u00e9l\u00e9brons la Journ\u00e9e mondiale de la trisomie 21. Pourtant, une journ\u00e9e sp\u00e9ciale ne devrait pas \u00eatre n\u00e9cessaire\u00a0: les personnes porteuses de trisomie 21 font partie de notre soci\u00e9t\u00e9.","og_url":"https:\/\/blog.insieme.ch\/fr\/handicap-mental\/journee-mondiale-de-la-trisomie-21-quand-la-diversite-enrichit-notre-vie\/","og_site_name":"insieme Blog","article_publisher":"https:\/\/www.facebook.com\/insiemeSuisse\/","article_published_time":"2025-03-21T09:40:53+00:00","article_modified_time":"2025-03-21T09:41:56+00:00","og_image":[{"width":1500,"height":1000,"url":"https:\/\/blog.insieme.ch\/wp-inside\/uploads\/2025\/03\/design-sans-titre-7.jpg","type":"image\/jpeg"}],"author":"Tanja Male","twitter_card":"summary_large_image","twitter_creator":"@insiemeSuisse","twitter_site":"@insiemeSuisse","twitter_misc":{"\u00c9crit par":"Tanja Male-Stocker","Dur\u00e9e de lecture estim\u00e9e":"5 minutes"},"schema":{"@context":"https:\/\/schema.org","@graph":[{"@type":"Article","@id":"https:\/\/blog.insieme.ch\/fr\/handicap-mental\/journee-mondiale-de-la-trisomie-21-quand-la-diversite-enrichit-notre-vie\/#article","isPartOf":{"@id":"https:\/\/blog.insieme.ch\/fr\/handicap-mental\/journee-mondiale-de-la-trisomie-21-quand-la-diversite-enrichit-notre-vie\/"},"author":{"name":"Tanja Male","@id":"https:\/\/blog.insieme.ch\/fr\/#\/schema\/person\/4ce1376bb19acea97a23d3d214e1c089"},"headline":"Journ\u00e9e mondiale de la trisomie 21&#160;: quand la diversit\u00e9 enrichit notre vie","datePublished":"2025-03-21T09:40:53+00:00","dateModified":"2025-03-21T09:41:56+00:00","mainEntityOfPage":{"@id":"https:\/\/blog.insieme.ch\/fr\/handicap-mental\/journee-mondiale-de-la-trisomie-21-quand-la-diversite-enrichit-notre-vie\/"},"wordCount":993,"commentCount":0,"publisher":{"@id":"https:\/\/blog.insieme.ch\/fr\/#organization"},"image":{"@id":"https:\/\/blog.insieme.ch\/fr\/handicap-mental\/journee-mondiale-de-la-trisomie-21-quand-la-diversite-enrichit-notre-vie\/#primaryimage"},"thumbnailUrl":"https:\/\/blog.insieme.ch\/wp-inside\/uploads\/2025\/03\/design-sans-titre-7.jpg","articleSection":["Handicap mental"],"inLanguage":"fr-FR","potentialAction":[{"@type":"CommentAction","name":"Comment","target":["https:\/\/blog.insieme.ch\/fr\/handicap-mental\/journee-mondiale-de-la-trisomie-21-quand-la-diversite-enrichit-notre-vie\/#respond"]}]},{"@type":"WebPage","@id":"https:\/\/blog.insieme.ch\/fr\/handicap-mental\/journee-mondiale-de-la-trisomie-21-quand-la-diversite-enrichit-notre-vie\/","url":"https:\/\/blog.insieme.ch\/fr\/handicap-mental\/journee-mondiale-de-la-trisomie-21-quand-la-diversite-enrichit-notre-vie\/","name":"Journ\u00e9e mondiale de la trisomie 21 : quand la diversit\u00e9 enrichit notre vie","isPartOf":{"@id":"https:\/\/blog.insieme.ch\/fr\/#website"},"primaryImageOfPage":{"@id":"https:\/\/blog.insieme.ch\/fr\/handicap-mental\/journee-mondiale-de-la-trisomie-21-quand-la-diversite-enrichit-notre-vie\/#primaryimage"},"image":{"@id":"https:\/\/blog.insieme.ch\/fr\/handicap-mental\/journee-mondiale-de-la-trisomie-21-quand-la-diversite-enrichit-notre-vie\/#primaryimage"},"thumbnailUrl":"https:\/\/blog.insieme.ch\/wp-inside\/uploads\/2025\/03\/design-sans-titre-7.jpg","datePublished":"2025-03-21T09:40:53+00:00","dateModified":"2025-03-21T09:41:56+00:00","description":"Le 21 mars, nous c\u00e9l\u00e9brons la Journ\u00e9e mondiale de la trisomie 21. Pourtant, une journ\u00e9e sp\u00e9ciale ne devrait pas \u00eatre n\u00e9cessaire\u00a0: les personnes porteuses de trisomie 21 font partie de notre soci\u00e9t\u00e9.","breadcrumb":{"@id":"https:\/\/blog.insieme.ch\/fr\/handicap-mental\/journee-mondiale-de-la-trisomie-21-quand-la-diversite-enrichit-notre-vie\/#breadcrumb"},"inLanguage":"fr-FR","potentialAction":[{"@type":"ReadAction","target":["https:\/\/blog.insieme.ch\/fr\/handicap-mental\/journee-mondiale-de-la-trisomie-21-quand-la-diversite-enrichit-notre-vie\/"]}]},{"@type":"ImageObject","inLanguage":"fr-FR","@id":"https:\/\/blog.insieme.ch\/fr\/handicap-mental\/journee-mondiale-de-la-trisomie-21-quand-la-diversite-enrichit-notre-vie\/#primaryimage","url":"https:\/\/blog.insieme.ch\/wp-inside\/uploads\/2025\/03\/design-sans-titre-7.jpg","contentUrl":"https:\/\/blog.insieme.ch\/wp-inside\/uploads\/2025\/03\/design-sans-titre-7.jpg","width":1500,"height":1000},{"@type":"BreadcrumbList","@id":"https:\/\/blog.insieme.ch\/fr\/handicap-mental\/journee-mondiale-de-la-trisomie-21-quand-la-diversite-enrichit-notre-vie\/#breadcrumb","itemListElement":[{"@type":"ListItem","position":1,"name":"Accueil","item":"https:\/\/blog.insieme.ch\/fr\/"},{"@type":"ListItem","position":2,"name":"Handicap mental","item":"https:\/\/blog.insieme.ch\/fr\/handicap-mental\/"},{"@type":"ListItem","position":3,"name":"Journ\u00e9e mondiale de la trisomie 21&#160;: quand la diversit\u00e9 enrichit notre vie"}]},{"@type":"WebSite","@id":"https:\/\/blog.insieme.ch\/fr\/#website","url":"https:\/\/blog.insieme.ch\/fr\/","name":"insieme Blog","description":"Alles ausser gew\u00f6hnlich","publisher":{"@id":"https:\/\/blog.insieme.ch\/fr\/#organization"},"potentialAction":[{"@type":"SearchAction","target":{"@type":"EntryPoint","urlTemplate":"https:\/\/blog.insieme.ch\/fr\/?s={search_term_string}"},"query-input":{"@type":"PropertyValueSpecification","valueRequired":true,"valueName":"search_term_string"}}],"inLanguage":"fr-FR"},{"@type":"Organization","@id":"https:\/\/blog.insieme.ch\/fr\/#organization","name":"insieme Blog","url":"https:\/\/blog.insieme.ch\/fr\/","logo":{"@type":"ImageObject","inLanguage":"fr-FR","@id":"https:\/\/blog.insieme.ch\/fr\/#\/schema\/logo\/image\/","url":"https:\/\/blog.insieme.ch\/wp-inside\/uploads\/2021\/04\/logo-insieme-blog.png","contentUrl":"https:\/\/blog.insieme.ch\/wp-inside\/uploads\/2021\/04\/logo-insieme-blog.png","width":280,"height":81,"caption":"insieme Blog"},"image":{"@id":"https:\/\/blog.insieme.ch\/fr\/#\/schema\/logo\/image\/"},"sameAs":["https:\/\/www.facebook.com\/insiemeSuisse\/","https:\/\/x.com\/insiemeSuisse"]},{"@type":"Person","@id":"https:\/\/blog.insieme.ch\/fr\/#\/schema\/person\/4ce1376bb19acea97a23d3d214e1c089","name":"Tanja Male","image":{"@type":"ImageObject","inLanguage":"fr-FR","@id":"https:\/\/secure.gravatar.com\/avatar\/627012daf1c4ed211a64650f2f4f54c09528ec18fa02f418ae017c562872f780?s=96&d=mm&r=g","url":"https:\/\/secure.gravatar.com\/avatar\/627012daf1c4ed211a64650f2f4f54c09528ec18fa02f418ae017c562872f780?s=96&d=mm&r=g","contentUrl":"https:\/\/secure.gravatar.com\/avatar\/627012daf1c4ed211a64650f2f4f54c09528ec18fa02f418ae017c562872f780?s=96&d=mm&r=g","caption":"Tanja Male"},"description":"Marketing &amp; collecte de fonds insieme suisse","url":"https:\/\/blog.insieme.ch\/fr\/author\/tanja-male\/"}]}},"featured_media_url":"https:\/\/blog.insieme.ch\/wp-inside\/uploads\/2025\/03\/design-sans-titre-7-1024x683.jpg","_links":{"self":[{"href":"https:\/\/blog.insieme.ch\/fr\/wp-json\/wp\/v2\/posts\/6522","targetHints":{"allow":["GET"]}}],"collection":[{"href":"https:\/\/blog.insieme.ch\/fr\/wp-json\/wp\/v2\/posts"}],"about":[{"href":"https:\/\/blog.insieme.ch\/fr\/wp-json\/wp\/v2\/types\/post"}],"author":[{"embeddable":true,"href":"https:\/\/blog.insieme.ch\/fr\/wp-json\/wp\/v2\/users\/28"}],"replies":[{"embeddable":true,"href":"https:\/\/blog.insieme.ch\/fr\/wp-json\/wp\/v2\/comments?post=6522"}],"version-history":[{"count":5,"href":"https:\/\/blog.insieme.ch\/fr\/wp-json\/wp\/v2\/posts\/6522\/revisions"}],"predecessor-version":[{"id":6528,"href":"https:\/\/blog.insieme.ch\/fr\/wp-json\/wp\/v2\/posts\/6522\/revisions\/6528"}],"wp:featuredmedia":[{"embeddable":true,"href":"https:\/\/blog.insieme.ch\/fr\/wp-json\/wp\/v2\/media\/6493"}],"wp:attachment":[{"href":"https:\/\/blog.insieme.ch\/fr\/wp-json\/wp\/v2\/media?parent=6522"}],"wp:term":[{"taxonomy":"category","embeddable":true,"href":"https:\/\/blog.insieme.ch\/fr\/wp-json\/wp\/v2\/categories?post=6522"},{"taxonomy":"post_tag","embeddable":true,"href":"https:\/\/blog.insieme.ch\/fr\/wp-json\/wp\/v2\/tags?post=6522"}],"curies":[{"name":"wp","href":"https:\/\/api.w.org\/{rel}","templated":true}]}}