{"id":6431,"date":"2025-02-03T15:55:01","date_gmt":"2025-02-03T14:55:01","guid":{"rendered":"https:\/\/blog.insieme.ch\/?p=6431"},"modified":"2025-02-03T16:05:45","modified_gmt":"2025-02-03T15:05:45","slug":"je-veux-moi-meme-faire-ma-place-dans-la-societe","status":"publish","type":"post","link":"https:\/\/blog.insieme.ch\/fr\/falc\/je-veux-moi-meme-faire-ma-place-dans-la-societe\/","title":{"rendered":"\u00ab&#160;Je veux moi-m\u00eame faire ma place dans la soci\u00e9t\u00e9&#160;\u00bb\u00a0"},"content":{"rendered":"<p><!-- flzn:zn_pagebanner --><\/p>\n<header id=\"flzn-pagebanner-1\" class=\"zone zn-pagebanner is-alignfull with-bg bg-color is-bgc-yellow-light\"><span class=\"zone-bg bg-color bgc-yellow-light alignfull\"><\/span><\/p>\n<div class=\"zone-block zn-pagebanner-block alignfull va-center\"><\/div>\n<\/header>\n<p><!-- \/flzn:zn_pagebanner --><br \/>\n<!-- flzn:zn_text --><\/p>\n<div id=\"flzn-text-1\" class=\"zone zn-text is-alignwide\">\n<div class=\"zone-block zn-text-block alignwide va-top\">\n<div class=\"row mw-content-zone zn-text-row widthbig\">\n<div class=\"columns large-12\">\n<div class=\"row large-up-1 with-nice-alignment nbloc-1\">\n<div class=\"column zn-text-col\">\n<div class=\"column-inner\">\n<div class=\"wig-content mw-content\">\n<p><span data-contrast=\"auto\">Olivier Paccaud est un tr\u00e8s bon exemple d\u2019int\u00e9gration.<\/span><span data-contrast=\"auto\">\u00a0<\/span><span data-ccp-props=\"{&quot;201341983&quot;:0,&quot;335559739&quot;:0,&quot;335559740&quot;:360}\">\u00a0<\/span><\/p>\n<p><span data-contrast=\"auto\">Nous sommes \u00e0 Lausanne, dans les salles de sport de Beaulieu.\u00a0<\/span><span data-ccp-props=\"{&quot;201341983&quot;:0,&quot;335559739&quot;:0,&quot;335559740&quot;:360}\">\u00a0<\/span><\/p>\n<p><span data-contrast=\"auto\">Olivier Paccaud nous a invit\u00e9s ce soir.\u00a0<\/span><span data-ccp-props=\"{&quot;201341983&quot;:0,&quot;335559739&quot;:0,&quot;335559740&quot;:360}\">\u00a0<\/span><\/p>\n<p><span data-contrast=\"auto\">Pour voir l\u2019entra\u00eenement de l\u2019\u00e9quipe d\u2019Atypique 3&#215;3.\u00a0<\/span><span data-ccp-props=\"{&quot;201341983&quot;:0,&quot;335559739&quot;:0,&quot;335559740&quot;:360}\">\u00a0<\/span><\/p>\n<p><span data-contrast=\"auto\">Le 3&#215;3 est un nouveau sport. <\/span><br \/>\n<span data-contrast=\"auto\">C\u2019est comme le basketball, mais en plus petit.\u00a0<\/span><span data-ccp-props=\"{&quot;201341983&quot;:0,&quot;335559739&quot;:0,&quot;335559740&quot;:360}\">\u00a0<\/span><\/p>\n<p><span data-contrast=\"auto\">Il y a 2 \u00e9quipes. Dans chaque \u00e9quipe il y a 3 joueurs.\u00a0<\/span><span data-ccp-props=\"{&quot;201341983&quot;:0,&quot;335559739&quot;:0,&quot;335559740&quot;:360}\">\u00a0<\/span><\/p>\n<p><span data-contrast=\"auto\">Et le terrain fait la moiti\u00e9 d\u2019un terrain de basket normal.\u00a0<\/span><span data-ccp-props=\"{&quot;201341983&quot;:0,&quot;335559739&quot;:0,&quot;335559740&quot;:360}\">\u00a0<\/span><\/p>\n<p><span data-ccp-props=\"{&quot;201341983&quot;:0,&quot;335559739&quot;:0,&quot;335559740&quot;:360}\">\u00a0<\/span><\/p>\n<p><span data-contrast=\"auto\">Olivier Paccaud a cr\u00e9\u00e9 l\u2019\u00e9quipe Atypique 3&#215;3 en septembre 2022.\u00a0<\/span><span data-ccp-props=\"{&quot;201341983&quot;:0,&quot;335559739&quot;:0,&quot;335559740&quot;:360}\">\u00a0<\/span><\/p>\n<p><span data-contrast=\"auto\">Olivier a un trouble du spectre de l\u2019autisme, <\/span><br \/>\n<span data-contrast=\"auto\">comme les autres joueurs d\u2019Atypique3x3.\u00a0<\/span><span data-ccp-props=\"{&quot;201341983&quot;:0,&quot;335559739&quot;:0,&quot;335559740&quot;:360}\">\u00a0<\/span><\/p>\n<div id=\"attachment_6438\" class=\"wp-caption aligncenter\" style=\"width:100%;max-width:2000px\"><img loading=\"lazy\" decoding=\"async\" class=\"wp-image-6438 size-full\" src=\"https:\/\/blog.insieme.ch\/wp-inside\/uploads\/2025\/02\/basket_3x3_08.jpg\" alt=\"\" width=\"2000\" height=\"1333\" srcset=\"https:\/\/blog.insieme.ch\/wp-inside\/uploads\/2025\/02\/basket_3x3_08.jpg 2000w, https:\/\/blog.insieme.ch\/wp-inside\/uploads\/2025\/02\/basket_3x3_08-300x200.jpg 300w, https:\/\/blog.insieme.ch\/wp-inside\/uploads\/2025\/02\/basket_3x3_08-1024x682.jpg 1024w, https:\/\/blog.insieme.ch\/wp-inside\/uploads\/2025\/02\/basket_3x3_08-768x512.jpg 768w, https:\/\/blog.insieme.ch\/wp-inside\/uploads\/2025\/02\/basket_3x3_08-1536x1024.jpg 1536w, https:\/\/blog.insieme.ch\/wp-inside\/uploads\/2025\/02\/basket_3x3_08-320x213.jpg 320w, https:\/\/blog.insieme.ch\/wp-inside\/uploads\/2025\/02\/basket_3x3_08-800x533.jpg 800w, https:\/\/blog.insieme.ch\/wp-inside\/uploads\/2025\/02\/basket_3x3_08-1920x1280.jpg 1920w\" sizes=\"auto, (max-width: 2000px) 100vw, 2000px\" \/><\/p>\n<p class=\"wp-caption-text\"><span data-contrast=\"auto\">L\u2019\u00e9quipe Atypique 3&#215;3 <\/span>\u00a9 Cyril Zingaro<\/p>\n<\/div>\n<p><span data-contrast=\"auto\">Olivier nous explique&#160;&#160;:\u00a0<\/span><span data-ccp-props=\"{&quot;201341983&quot;:0,&quot;335559739&quot;:0,&quot;335559740&quot;:360}\">\u00a0<\/span><\/p>\n<p><span data-contrast=\"auto\">Dans notre \u00e9quipe, nous aimons tous le basket. <\/span><br \/>\n<span data-contrast=\"auto\">Mais nous sommes, chacun, diff\u00e9rents. <\/span><br \/>\n<span data-contrast=\"auto\">Chaque joueur a des capacit\u00e9s diff\u00e9rentes.\u00a0<\/span><span data-ccp-props=\"{&quot;201341983&quot;:0,&quot;335559739&quot;:0,&quot;335559740&quot;:360}\">\u00a0<\/span><\/p>\n<p><span data-contrast=\"auto\">Pour toutes les t\u00e2ches du club, nous arrivons \u00e0 nous organiser <\/span><br \/>\n<span data-contrast=\"auto\">nous-m\u00eames. Par exemple&#160;&#160;:<\/span><span data-ccp-props=\"{&quot;201341983&quot;:0,&quot;335559739&quot;:0,&quot;335559740&quot;:360}\">\u00a0<\/span><\/p>\n<p><span data-contrast=\"auto\">&#8211; pour remplir les papiers administratifs<\/span><span data-ccp-props=\"{&quot;201341983&quot;:0,&quot;335559739&quot;:0,&quot;335559740&quot;:360}\">\u00a0<\/span><\/p>\n<p><span data-contrast=\"auto\">&#8211; ou pour mener les entra\u00eenements.<\/span><span data-ccp-props=\"{&quot;201341983&quot;:0,&quot;335559739&quot;:0,&quot;335559740&quot;:360}\">\u00a0<\/span><\/p>\n<p><span data-ccp-props=\"{&quot;201341983&quot;:0,&quot;335559739&quot;:0,&quot;335559740&quot;:360}\">\u00a0<\/span><\/p>\n<p><span data-contrast=\"auto\">Olivier explique encore&#160;&#160;: <\/span><br \/>\n<span data-contrast=\"auto\">Pendant les tournois, nous jouons contre des \u00e9quipes <\/span><span data-contrast=\"auto\">sans handicap<\/span><span data-contrast=\"auto\">. <\/span><br \/>\n<span data-contrast=\"auto\">Quand j\u2019ai ouvert ce club, je voulais <\/span><span data-contrast=\"auto\">vraiment m\u2019int\u00e9grer et <\/span><br \/>\n<span data-contrast=\"auto\">faire ma place par moi-m\u00eame.\u00a0<\/span><span data-contrast=\"auto\">\u00a0<\/span><span data-ccp-props=\"{&quot;201341983&quot;:0,&quot;335559739&quot;:0,&quot;335559740&quot;:360}\">\u00a0<\/span><\/p>\n<p><span data-ccp-props=\"{&quot;201341983&quot;:0,&quot;335559739&quot;:0,&quot;335559740&quot;:360}\">\u00a0<\/span><\/p>\n<p><span data-contrast=\"auto\">Et c\u2019est parti pour l\u2019entra\u00eenement&#160;&#160;!\u00a0<\/span><span data-ccp-props=\"{&quot;201341983&quot;:0,&quot;335559739&quot;:0,&quot;335559740&quot;:360}\">\u00a0<\/span><\/p>\n<p><span data-contrast=\"auto\">Alexander, David, Enrique, Olivier et Wiley se r\u00e9partissent sur le terrain.\u00a0<\/span><span data-ccp-props=\"{&quot;201341983&quot;:0,&quot;335559739&quot;:0,&quot;335559740&quot;:360}\">\u00a0<\/span><\/p>\n<p><span data-contrast=\"auto\">Tout d\u2019abord, ils font des exercices d\u2019\u00e9chauffements pour les chevilles. <\/span><br \/>\n<span data-contrast=\"auto\">Et ensuite pour les genoux.\u00a0<\/span><span data-ccp-props=\"{&quot;201341983&quot;:0,&quot;335559739&quot;:0,&quot;335559740&quot;:360}\">\u00a0<\/span><\/p>\n<p><span data-contrast=\"auto\">Ensuite ils font des tirs au panier. Cela s\u2019appelle&#160;&#160;: des lay-up.\u00a0<\/span><span data-ccp-props=\"{&quot;201341983&quot;:0,&quot;335559739&quot;:0,&quot;335559740&quot;:360}\">\u00a0<\/span><\/p>\n<p><span data-contrast=\"auto\">Et finalement, apr\u00e8s 1 heure d\u2019entra\u00eenement, ils font un match.\u00a0 <\/span><br \/>\n<span data-contrast=\"auto\">A 2 contre 2. \u00c7a va vite&#160;&#160;! Les joueurs donnent tout&#160;&#160;! <\/span><br \/>\n<span data-contrast=\"auto\">Olivier nous dit&#160;&#160;: Nous avons tous l&rsquo;esprit de comp\u00e9tition.\u00a0<\/span><span data-ccp-props=\"{&quot;201341983&quot;:0,&quot;335559739&quot;:0,&quot;335559740&quot;:360}\">\u00a0<\/span><\/p>\n<p><span data-contrast=\"auto\">Nous voulons montrer de quoi nous sommes capables.\u00a0\u00a0<\/span><span data-ccp-props=\"{&quot;201341983&quot;:0,&quot;335559739&quot;:0,&quot;335559740&quot;:360}\">\u00a0<\/span><\/p>\n<p><span data-ccp-props=\"{&quot;201341983&quot;:0,&quot;335559739&quot;:0,&quot;335559740&quot;:360}\">\u00a0<\/span><\/p>\n<p><span data-contrast=\"auto\">Et Olivier explique encore&#160;&#160;: <\/span><br \/>\n<span data-contrast=\"auto\">Notre handicap apporte des difficult\u00e9s, c\u2019est vrai. <\/span><br \/>\n<span data-contrast=\"auto\">Par exemple, pour nous, c\u2019est difficile de nous concentrer. <\/span><br \/>\n<span data-contrast=\"auto\">Mais le handicap nous apporte aussi une belle force&#160;&#160;!\u00a0<\/span><span data-ccp-props=\"{&quot;201341983&quot;:0,&quot;335559739&quot;:0,&quot;335559740&quot;:360}\">\u00a0<\/span><\/p>\n<p><span data-contrast=\"auto\">Depuis tout petits, nous avons l\u2019habitude\u00a0<\/span><span data-ccp-props=\"{&quot;201341983&quot;:0,&quot;335559739&quot;:0,&quot;335559740&quot;:360}\">\u00a0<\/span><\/p>\n<ul>\n<li data-leveltext=\"-\" data-font=\"Calibri\" data-listid=\"1\" data-list-defn-props=\"{&quot;335551671&quot;:0,&quot;335552541&quot;:1,&quot;335559685&quot;:720,&quot;335559991&quot;:360,&quot;469769226&quot;:&quot;Calibri&quot;,&quot;469769242&quot;:[8226],&quot;469777803&quot;:&quot;left&quot;,&quot;469777804&quot;:&quot;-&quot;,&quot;469777815&quot;:&quot;hybridMultilevel&quot;}\" aria-setsize=\"-1\" data-aria-posinset=\"0\" data-aria-level=\"1\"><span data-contrast=\"auto\">de faire face aux difficult\u00e9s et\u00a0<\/span><span data-ccp-props=\"{&quot;201341983&quot;:0,&quot;335559739&quot;:0,&quot;335559740&quot;:360}\">\u00a0<\/span><\/li>\n<\/ul>\n<ul>\n<li data-leveltext=\"-\" data-font=\"Calibri\" data-listid=\"1\" data-list-defn-props=\"{&quot;335551671&quot;:0,&quot;335552541&quot;:1,&quot;335559685&quot;:720,&quot;335559991&quot;:360,&quot;469769226&quot;:&quot;Calibri&quot;,&quot;469769242&quot;:[8226],&quot;469777803&quot;:&quot;left&quot;,&quot;469777804&quot;:&quot;-&quot;,&quot;469777815&quot;:&quot;hybridMultilevel&quot;}\" aria-setsize=\"-1\" data-aria-posinset=\"1\" data-aria-level=\"1\"><span data-contrast=\"auto\">de ne pas nous d\u00e9courager.<\/span><span data-ccp-props=\"{&quot;201341983&quot;:0,&quot;335559739&quot;:0,&quot;335559740&quot;:360}\">\u00a0<\/span><\/li>\n<\/ul>\n<p><span data-contrast=\"auto\">\u202f<\/span><span data-contrast=\"auto\">C\u2019est tout ce qu\u2019il faut, dans notre sport&#160;&#160;!\u00a0<\/span><span data-ccp-props=\"{&quot;201341983&quot;:0,&quot;335559739&quot;:0,&quot;335559740&quot;:360}\">\u00a0<\/span><\/p>\n<p>&nbsp;<\/p>\n<\/p><\/div>\n<\/p><\/div>\n<\/p><\/div>\n<\/p><\/div>\n<\/p><\/div>\n<\/p><\/div>\n<\/div>\n<\/div>\n<p><!-- \/flzn:zn_text --><br \/>\n<!-- flzn:zn_gallery --><\/p>\n<div id=\"flzn-gallery-1\" class=\"zone zn-gallery is-alignwide\">\n<div class=\"zone-block zn-gallery-block alignwide va-top\">\n<div class=\"row mw-content-zone\">\n<div class=\"large-12 columns\">\n<div class=\"zn-gallery-list row small-up-2 medium-up-4 large-up-4 gallery\">\n<div class=\"zn-gallery-item gallery-item column\">\n<div class=\"zn-gallery-item-inner\">\n<p>\t\t\t\t\t\t\t\t\t\t\t\t\t<a class=\"swipebox\" href=\"https:\/\/blog.insieme.ch\/wp-inside\/uploads\/2025\/02\/basket_3x3_01-1920x1280.jpg\" title=\"Olivier Paccaud  \u00a9 Cyril Zingaro\" rel=\"galleryzone-flzn-gallery-1\"><\/p>\n<div class=\"imgbox\">\n\t\t\t\t\t\t\t\t\t\t\t\t\t\t\t\t\t\t<img decoding=\"async\" src=\"https:\/\/blog.insieme.ch\/wp-inside\/uploads\/2025\/02\/basket_3x3_01-185x185.jpg\" alt=\"\" data-interchange=\"[https:\/\/blog.insieme.ch\/wp-inside\/uploads\/2025\/02\/basket_3x3_01-185x185.jpg, small],[https:\/\/blog.insieme.ch\/wp-inside\/uploads\/2025\/02\/basket_3x3_01-370x300.jpg, gsmall],[https:\/\/blog.insieme.ch\/wp-inside\/uploads\/2025\/02\/basket_3x3_01-185x185.jpg, large],[https:\/\/blog.insieme.ch\/wp-inside\/uploads\/2025\/02\/basket_3x3_01-370x300.jpg, glarge],\"\/>\n\t\t\t\t\t\t\t\t<\/div>\n<p>\t\t\t\t\t\t\t\t\t\t\t\t\t<\/a>\n\t\t\t\t\t\t\t\t\t\t\t\t<\/div>\n<\/p><\/div>\n<div class=\"zn-gallery-item gallery-item column\">\n<div class=\"zn-gallery-item-inner\">\n<p>\t\t\t\t\t\t\t\t\t\t\t\t\t<a class=\"swipebox\" href=\"https:\/\/blog.insieme.ch\/wp-inside\/uploads\/2025\/02\/basket_3x3_28-1920x2880.jpg\" title=\"Pendant l'entra\u00eenement. \u00a9 Cyril Zingaro\" rel=\"galleryzone-flzn-gallery-1\"><\/p>\n<div class=\"imgbox\">\n\t\t\t\t\t\t\t\t\t\t\t\t\t\t\t\t\t\t<img decoding=\"async\" src=\"https:\/\/blog.insieme.ch\/wp-inside\/uploads\/2025\/02\/basket_3x3_28-185x185.jpg\" alt=\"\" data-interchange=\"[https:\/\/blog.insieme.ch\/wp-inside\/uploads\/2025\/02\/basket_3x3_28-185x185.jpg, small],[https:\/\/blog.insieme.ch\/wp-inside\/uploads\/2025\/02\/basket_3x3_28-370x300.jpg, gsmall],[https:\/\/blog.insieme.ch\/wp-inside\/uploads\/2025\/02\/basket_3x3_28-185x185.jpg, large],[https:\/\/blog.insieme.ch\/wp-inside\/uploads\/2025\/02\/basket_3x3_28-370x300.jpg, glarge],\"\/>\n\t\t\t\t\t\t\t\t<\/div>\n<p>\t\t\t\t\t\t\t\t\t\t\t\t\t<\/a>\n\t\t\t\t\t\t\t\t\t\t\t\t<\/div>\n<\/p><\/div>\n<div class=\"zn-gallery-item gallery-item column\">\n<div class=\"zn-gallery-item-inner\">\n<p>\t\t\t\t\t\t\t\t\t\t\t\t\t<a class=\"swipebox\" href=\"https:\/\/blog.insieme.ch\/wp-inside\/uploads\/2025\/02\/basket_3x3_22-1920x1280.jpg\" title=\"Explications pendant l'entra\u00eenement. \u00a9 Cyril Zingaro\" rel=\"galleryzone-flzn-gallery-1\"><\/p>\n<div class=\"imgbox\">\n\t\t\t\t\t\t\t\t\t\t\t\t\t\t\t\t\t\t<img decoding=\"async\" src=\"https:\/\/blog.insieme.ch\/wp-inside\/uploads\/2025\/02\/basket_3x3_22-185x185.jpg\" alt=\"\" data-interchange=\"[https:\/\/blog.insieme.ch\/wp-inside\/uploads\/2025\/02\/basket_3x3_22-185x185.jpg, small],[https:\/\/blog.insieme.ch\/wp-inside\/uploads\/2025\/02\/basket_3x3_22-370x300.jpg, gsmall],[https:\/\/blog.insieme.ch\/wp-inside\/uploads\/2025\/02\/basket_3x3_22-185x185.jpg, large],[https:\/\/blog.insieme.ch\/wp-inside\/uploads\/2025\/02\/basket_3x3_22-370x300.jpg, glarge],\"\/>\n\t\t\t\t\t\t\t\t<\/div>\n<p>\t\t\t\t\t\t\t\t\t\t\t\t\t<\/a>\n\t\t\t\t\t\t\t\t\t\t\t\t<\/div>\n<\/p><\/div>\n<div class=\"zn-gallery-item gallery-item column\">\n<div class=\"zn-gallery-item-inner\">\n<p>\t\t\t\t\t\t\t\t\t\t\t\t\t<a class=\"swipebox\" href=\"https:\/\/blog.insieme.ch\/wp-inside\/uploads\/2025\/02\/basket_3x3_12-1920x1280.jpg\" title=\"S\u00e9ance d'\u00e9chauffement \u00a9 Cyril Zingaro\" rel=\"galleryzone-flzn-gallery-1\"><\/p>\n<div class=\"imgbox\">\n\t\t\t\t\t\t\t\t\t\t\t\t\t\t\t\t\t\t<img decoding=\"async\" src=\"https:\/\/blog.insieme.ch\/wp-inside\/uploads\/2025\/02\/basket_3x3_12-185x185.jpg\" alt=\"\" data-interchange=\"[https:\/\/blog.insieme.ch\/wp-inside\/uploads\/2025\/02\/basket_3x3_12-185x185.jpg, small],[https:\/\/blog.insieme.ch\/wp-inside\/uploads\/2025\/02\/basket_3x3_12-370x300.jpg, gsmall],[https:\/\/blog.insieme.ch\/wp-inside\/uploads\/2025\/02\/basket_3x3_12-185x185.jpg, large],[https:\/\/blog.insieme.ch\/wp-inside\/uploads\/2025\/02\/basket_3x3_12-370x300.jpg, glarge],\"\/>\n\t\t\t\t\t\t\t\t<\/div>\n<p>\t\t\t\t\t\t\t\t\t\t\t\t\t<\/a>\n\t\t\t\t\t\t\t\t\t\t\t\t<\/div>\n<\/p><\/div>\n<div class=\"zn-gallery-item gallery-item column\">\n<div class=\"zn-gallery-item-inner\">\n<p>\t\t\t\t\t\t\t\t\t\t\t\t\t<a class=\"swipebox\" href=\"https:\/\/blog.insieme.ch\/wp-inside\/uploads\/2025\/02\/basket_3x3_29-1920x1280.jpg\" title=\"On joue ! \u00a9 Cyril Zingaro\" rel=\"galleryzone-flzn-gallery-1\"><\/p>\n<div class=\"imgbox\">\n\t\t\t\t\t\t\t\t\t\t\t\t\t\t\t\t\t\t<img decoding=\"async\" src=\"https:\/\/blog.insieme.ch\/wp-inside\/uploads\/2025\/02\/basket_3x3_29-185x185.jpg\" alt=\"\" data-interchange=\"[https:\/\/blog.insieme.ch\/wp-inside\/uploads\/2025\/02\/basket_3x3_29-185x185.jpg, small],[https:\/\/blog.insieme.ch\/wp-inside\/uploads\/2025\/02\/basket_3x3_29-370x300.jpg, gsmall],[https:\/\/blog.insieme.ch\/wp-inside\/uploads\/2025\/02\/basket_3x3_29-185x185.jpg, large],[https:\/\/blog.insieme.ch\/wp-inside\/uploads\/2025\/02\/basket_3x3_29-370x300.jpg, glarge],\"\/>\n\t\t\t\t\t\t\t\t<\/div>\n<p>\t\t\t\t\t\t\t\t\t\t\t\t\t<\/a>\n\t\t\t\t\t\t\t\t\t\t\t\t<\/div>\n<\/p><\/div>\n<div class=\"zn-gallery-item gallery-item column\">\n<div class=\"zn-gallery-item-inner\">\n<p>\t\t\t\t\t\t\t\t\t\t\t\t\t<a class=\"swipebox\" href=\"https:\/\/blog.insieme.ch\/wp-inside\/uploads\/2025\/02\/basket_3x3_20-1920x1280.jpg\" title=\"Place au jeu. \u00a9 Cyril Zingaro\" rel=\"galleryzone-flzn-gallery-1\"><\/p>\n<div class=\"imgbox\">\n\t\t\t\t\t\t\t\t\t\t\t\t\t\t\t\t\t\t<img decoding=\"async\" src=\"https:\/\/blog.insieme.ch\/wp-inside\/uploads\/2025\/02\/basket_3x3_20-185x185.jpg\" alt=\"\" data-interchange=\"[https:\/\/blog.insieme.ch\/wp-inside\/uploads\/2025\/02\/basket_3x3_20-185x185.jpg, small],[https:\/\/blog.insieme.ch\/wp-inside\/uploads\/2025\/02\/basket_3x3_20-370x300.jpg, gsmall],[https:\/\/blog.insieme.ch\/wp-inside\/uploads\/2025\/02\/basket_3x3_20-185x185.jpg, large],[https:\/\/blog.insieme.ch\/wp-inside\/uploads\/2025\/02\/basket_3x3_20-370x300.jpg, glarge],\"\/>\n\t\t\t\t\t\t\t\t<\/div>\n<p>\t\t\t\t\t\t\t\t\t\t\t\t\t<\/a>\n\t\t\t\t\t\t\t\t\t\t\t\t<\/div>\n<\/p><\/div>\n<\/p><\/div>\n<\/p><\/div>\n<\/p><\/div>\n<\/div>\n<\/div>\n<p><!-- \/flzn:zn_gallery --><\/p>\n","protected":false},"excerpt":{"rendered":"<p>Le 3&#215;3 est un nouveau sport. \u00a0C\u2019est comme le basketball, mais en plus petit.\u00a0\u00a0Rencontre avec l&rsquo;\u00e9quipe Atypique 3&#215;3.<\/p>\n","protected":false},"author":19,"featured_media":6438,"comment_status":"open","ping_status":"open","sticky":false,"template":"","format":"standard","meta":{"_acf_changed":false,"footnotes":""},"categories":[15],"tags":[],"class_list":["post-6431","post","type-post","status-publish","format-standard","has-post-thumbnail","hentry","category-falc","wp-sticky"],"acf":[],"yoast_head":"<!-- This site is optimized with the Yoast SEO plugin v27.5 - https:\/\/yoast.com\/product\/yoast-seo-wordpress\/ -->\n<title>\u00ab\u202fJe veux moi-m\u00eame faire ma place dans la soci\u00e9t\u00e9\u202f\u00bb\u00a0<\/title>\n<meta name=\"description\" content=\"Article en FALC: Le 3x3 est un nouveau sport. \u00a0C\u2019est comme le basketball, mais en plus petit.\u00a0\u00a0Rencontre avec l&#039;\u00e9quipe Atypique 3x3.\" \/>\n<meta name=\"robots\" content=\"index, follow, max-snippet:-1, max-image-preview:large, max-video-preview:-1\" \/>\n<link rel=\"canonical\" href=\"https:\/\/blog.insieme.ch\/fr\/falc\/je-veux-moi-meme-faire-ma-place-dans-la-societe\/\" \/>\n<meta property=\"og:locale\" content=\"fr_FR\" \/>\n<meta property=\"og:type\" content=\"article\" \/>\n<meta property=\"og:title\" content=\"\u00ab\u202fJe veux moi-m\u00eame faire ma place dans la soci\u00e9t\u00e9\u202f\u00bb\u00a0\" \/>\n<meta property=\"og:description\" content=\"Article en FALC: Le 3x3 est un nouveau sport. \u00a0C\u2019est comme le basketball, mais en plus petit.\u00a0\u00a0Rencontre avec l&#039;\u00e9quipe Atypique 3x3.\" \/>\n<meta property=\"og:url\" content=\"https:\/\/blog.insieme.ch\/fr\/falc\/je-veux-moi-meme-faire-ma-place-dans-la-societe\/\" \/>\n<meta property=\"og:site_name\" content=\"insieme Blog\" \/>\n<meta property=\"article:publisher\" content=\"https:\/\/www.facebook.com\/insiemeSuisse\/\" \/>\n<meta property=\"article:published_time\" content=\"2025-02-03T14:55:01+00:00\" \/>\n<meta property=\"article:modified_time\" content=\"2025-02-03T15:05:45+00:00\" \/>\n<meta property=\"og:image\" content=\"https:\/\/blog.insieme.ch\/wp-inside\/uploads\/2025\/02\/basket_3x3_08.jpg\" \/>\n\t<meta property=\"og:image:width\" content=\"2000\" \/>\n\t<meta property=\"og:image:height\" content=\"1333\" \/>\n\t<meta property=\"og:image:type\" content=\"image\/jpeg\" \/>\n<meta name=\"author\" content=\"Lise Tran, traduction FALC Pro Infirmis\" \/>\n<meta name=\"twitter:card\" content=\"summary_large_image\" \/>\n<meta name=\"twitter:creator\" content=\"@insiemeSuisse\" \/>\n<meta name=\"twitter:site\" content=\"@insiemeSuisse\" \/>\n<meta name=\"twitter:label1\" content=\"\u00c9crit par\" \/>\n\t<meta name=\"twitter:data1\" content=\"Lise Tran, traduction FALC Pro Infirmis\" \/>\n\t<meta name=\"twitter:label2\" content=\"Dur\u00e9e de lecture estim\u00e9e\" \/>\n\t<meta name=\"twitter:data2\" content=\"2 minutes\" \/>\n<script type=\"application\/ld+json\" class=\"yoast-schema-graph\">{\"@context\":\"https:\\\/\\\/schema.org\",\"@graph\":[{\"@type\":\"Article\",\"@id\":\"https:\\\/\\\/blog.insieme.ch\\\/fr\\\/falc\\\/je-veux-moi-meme-faire-ma-place-dans-la-societe\\\/#article\",\"isPartOf\":{\"@id\":\"https:\\\/\\\/blog.insieme.ch\\\/fr\\\/falc\\\/je-veux-moi-meme-faire-ma-place-dans-la-societe\\\/\"},\"author\":{\"name\":\"Lise Tran, traduction FALC Pro Infirmis\",\"@id\":\"https:\\\/\\\/blog.insieme.ch\\\/fr\\\/#\\\/schema\\\/person\\\/b96e7415c17d2847ebb34c07a4c714a8\"},\"headline\":\"\u00ab&#160;Je veux moi-m\u00eame faire ma place dans la soci\u00e9t\u00e9&#160;\u00bb\u00a0\",\"datePublished\":\"2025-02-03T14:55:01+00:00\",\"dateModified\":\"2025-02-03T15:05:45+00:00\",\"mainEntityOfPage\":{\"@id\":\"https:\\\/\\\/blog.insieme.ch\\\/fr\\\/falc\\\/je-veux-moi-meme-faire-ma-place-dans-la-societe\\\/\"},\"wordCount\":353,\"commentCount\":0,\"publisher\":{\"@id\":\"https:\\\/\\\/blog.insieme.ch\\\/fr\\\/#organization\"},\"image\":{\"@id\":\"https:\\\/\\\/blog.insieme.ch\\\/fr\\\/falc\\\/je-veux-moi-meme-faire-ma-place-dans-la-societe\\\/#primaryimage\"},\"thumbnailUrl\":\"https:\\\/\\\/blog.insieme.ch\\\/wp-inside\\\/uploads\\\/2025\\\/02\\\/basket_3x3_08.jpg\",\"articleSection\":[\"Articles en FALC\"],\"inLanguage\":\"fr-FR\",\"potentialAction\":[{\"@type\":\"CommentAction\",\"name\":\"Comment\",\"target\":[\"https:\\\/\\\/blog.insieme.ch\\\/fr\\\/falc\\\/je-veux-moi-meme-faire-ma-place-dans-la-societe\\\/#respond\"]}]},{\"@type\":\"WebPage\",\"@id\":\"https:\\\/\\\/blog.insieme.ch\\\/fr\\\/falc\\\/je-veux-moi-meme-faire-ma-place-dans-la-societe\\\/\",\"url\":\"https:\\\/\\\/blog.insieme.ch\\\/fr\\\/falc\\\/je-veux-moi-meme-faire-ma-place-dans-la-societe\\\/\",\"name\":\"\u00ab\u202fJe veux moi-m\u00eame faire ma place dans la soci\u00e9t\u00e9\u202f\u00bb\u00a0\",\"isPartOf\":{\"@id\":\"https:\\\/\\\/blog.insieme.ch\\\/fr\\\/#website\"},\"primaryImageOfPage\":{\"@id\":\"https:\\\/\\\/blog.insieme.ch\\\/fr\\\/falc\\\/je-veux-moi-meme-faire-ma-place-dans-la-societe\\\/#primaryimage\"},\"image\":{\"@id\":\"https:\\\/\\\/blog.insieme.ch\\\/fr\\\/falc\\\/je-veux-moi-meme-faire-ma-place-dans-la-societe\\\/#primaryimage\"},\"thumbnailUrl\":\"https:\\\/\\\/blog.insieme.ch\\\/wp-inside\\\/uploads\\\/2025\\\/02\\\/basket_3x3_08.jpg\",\"datePublished\":\"2025-02-03T14:55:01+00:00\",\"dateModified\":\"2025-02-03T15:05:45+00:00\",\"description\":\"Article en FALC: Le 3x3 est un nouveau sport. \u00a0C\u2019est comme le basketball, mais en plus petit.\u00a0\u00a0Rencontre avec l'\u00e9quipe Atypique 3x3.\",\"breadcrumb\":{\"@id\":\"https:\\\/\\\/blog.insieme.ch\\\/fr\\\/falc\\\/je-veux-moi-meme-faire-ma-place-dans-la-societe\\\/#breadcrumb\"},\"inLanguage\":\"fr-FR\",\"potentialAction\":[{\"@type\":\"ReadAction\",\"target\":[\"https:\\\/\\\/blog.insieme.ch\\\/fr\\\/falc\\\/je-veux-moi-meme-faire-ma-place-dans-la-societe\\\/\"]}]},{\"@type\":\"ImageObject\",\"inLanguage\":\"fr-FR\",\"@id\":\"https:\\\/\\\/blog.insieme.ch\\\/fr\\\/falc\\\/je-veux-moi-meme-faire-ma-place-dans-la-societe\\\/#primaryimage\",\"url\":\"https:\\\/\\\/blog.insieme.ch\\\/wp-inside\\\/uploads\\\/2025\\\/02\\\/basket_3x3_08.jpg\",\"contentUrl\":\"https:\\\/\\\/blog.insieme.ch\\\/wp-inside\\\/uploads\\\/2025\\\/02\\\/basket_3x3_08.jpg\",\"width\":2000,\"height\":1333,\"caption\":\"Olivier Paccaud et son equipe posent pour le photographe lors d'un entrainement de basket 3x3 ce lundi 7 octobre 2024 a Lausanne \u00a9Cyril Zingaro\"},{\"@type\":\"BreadcrumbList\",\"@id\":\"https:\\\/\\\/blog.insieme.ch\\\/fr\\\/falc\\\/je-veux-moi-meme-faire-ma-place-dans-la-societe\\\/#breadcrumb\",\"itemListElement\":[{\"@type\":\"ListItem\",\"position\":1,\"name\":\"Accueil\",\"item\":\"https:\\\/\\\/blog.insieme.ch\\\/fr\\\/\"},{\"@type\":\"ListItem\",\"position\":2,\"name\":\"Articles en FALC\",\"item\":\"https:\\\/\\\/blog.insieme.ch\\\/fr\\\/falc\\\/\"},{\"@type\":\"ListItem\",\"position\":3,\"name\":\"\u00ab&#160;Je veux moi-m\u00eame faire ma place dans la soci\u00e9t\u00e9&#160;\u00bb\u00a0\"}]},{\"@type\":\"WebSite\",\"@id\":\"https:\\\/\\\/blog.insieme.ch\\\/fr\\\/#website\",\"url\":\"https:\\\/\\\/blog.insieme.ch\\\/fr\\\/\",\"name\":\"insieme Blog\",\"description\":\"Alles ausser gew\u00f6hnlich\",\"publisher\":{\"@id\":\"https:\\\/\\\/blog.insieme.ch\\\/fr\\\/#organization\"},\"potentialAction\":[{\"@type\":\"SearchAction\",\"target\":{\"@type\":\"EntryPoint\",\"urlTemplate\":\"https:\\\/\\\/blog.insieme.ch\\\/fr\\\/?s={search_term_string}\"},\"query-input\":{\"@type\":\"PropertyValueSpecification\",\"valueRequired\":true,\"valueName\":\"search_term_string\"}}],\"inLanguage\":\"fr-FR\"},{\"@type\":\"Organization\",\"@id\":\"https:\\\/\\\/blog.insieme.ch\\\/fr\\\/#organization\",\"name\":\"insieme Blog\",\"url\":\"https:\\\/\\\/blog.insieme.ch\\\/fr\\\/\",\"logo\":{\"@type\":\"ImageObject\",\"inLanguage\":\"fr-FR\",\"@id\":\"https:\\\/\\\/blog.insieme.ch\\\/fr\\\/#\\\/schema\\\/logo\\\/image\\\/\",\"url\":\"https:\\\/\\\/blog.insieme.ch\\\/wp-inside\\\/uploads\\\/2021\\\/04\\\/logo-insieme-blog.png\",\"contentUrl\":\"https:\\\/\\\/blog.insieme.ch\\\/wp-inside\\\/uploads\\\/2021\\\/04\\\/logo-insieme-blog.png\",\"width\":280,\"height\":81,\"caption\":\"insieme Blog\"},\"image\":{\"@id\":\"https:\\\/\\\/blog.insieme.ch\\\/fr\\\/#\\\/schema\\\/logo\\\/image\\\/\"},\"sameAs\":[\"https:\\\/\\\/www.facebook.com\\\/insiemeSuisse\\\/\",\"https:\\\/\\\/x.com\\\/insiemeSuisse\"]},{\"@type\":\"Person\",\"@id\":\"https:\\\/\\\/blog.insieme.ch\\\/fr\\\/#\\\/schema\\\/person\\\/b96e7415c17d2847ebb34c07a4c714a8\",\"name\":\"Lise Tran, traduction FALC Pro Infirmis\",\"image\":{\"@type\":\"ImageObject\",\"inLanguage\":\"fr-FR\",\"@id\":\"https:\\\/\\\/secure.gravatar.com\\\/avatar\\\/4a5a17b94f815f018f4e3b62dad6d7edb0783620429adbef8a9db3f4e400beda?s=96&d=mm&r=g\",\"url\":\"https:\\\/\\\/secure.gravatar.com\\\/avatar\\\/4a5a17b94f815f018f4e3b62dad6d7edb0783620429adbef8a9db3f4e400beda?s=96&d=mm&r=g\",\"contentUrl\":\"https:\\\/\\\/secure.gravatar.com\\\/avatar\\\/4a5a17b94f815f018f4e3b62dad6d7edb0783620429adbef8a9db3f4e400beda?s=96&d=mm&r=g\",\"caption\":\"Lise Tran, traduction FALC Pro Infirmis\"},\"url\":\"https:\\\/\\\/blog.insieme.ch\\\/fr\\\/author\\\/lise-tran-2\\\/\"}]}<\/script>\n<!-- \/ Yoast SEO plugin. -->","yoast_head_json":{"title":"\u00ab\u202fJe veux moi-m\u00eame faire ma place dans la soci\u00e9t\u00e9\u202f\u00bb\u00a0","description":"Article en FALC: Le 3x3 est un nouveau sport. \u00a0C\u2019est comme le basketball, mais en plus petit.\u00a0\u00a0Rencontre avec l'\u00e9quipe Atypique 3x3.","robots":{"index":"index","follow":"follow","max-snippet":"max-snippet:-1","max-image-preview":"max-image-preview:large","max-video-preview":"max-video-preview:-1"},"canonical":"https:\/\/blog.insieme.ch\/fr\/falc\/je-veux-moi-meme-faire-ma-place-dans-la-societe\/","og_locale":"fr_FR","og_type":"article","og_title":"\u00ab\u202fJe veux moi-m\u00eame faire ma place dans la soci\u00e9t\u00e9\u202f\u00bb\u00a0","og_description":"Article en FALC: Le 3x3 est un nouveau sport. \u00a0C\u2019est comme le basketball, mais en plus petit.\u00a0\u00a0Rencontre avec l'\u00e9quipe Atypique 3x3.","og_url":"https:\/\/blog.insieme.ch\/fr\/falc\/je-veux-moi-meme-faire-ma-place-dans-la-societe\/","og_site_name":"insieme Blog","article_publisher":"https:\/\/www.facebook.com\/insiemeSuisse\/","article_published_time":"2025-02-03T14:55:01+00:00","article_modified_time":"2025-02-03T15:05:45+00:00","og_image":[{"width":2000,"height":1333,"url":"https:\/\/blog.insieme.ch\/wp-inside\/uploads\/2025\/02\/basket_3x3_08.jpg","type":"image\/jpeg"}],"author":"Lise Tran, traduction FALC Pro Infirmis","twitter_card":"summary_large_image","twitter_creator":"@insiemeSuisse","twitter_site":"@insiemeSuisse","twitter_misc":{"\u00c9crit par":"Lise Tran, traduction FALC Pro Infirmis","Dur\u00e9e de lecture estim\u00e9e":"2 minutes"},"schema":{"@context":"https:\/\/schema.org","@graph":[{"@type":"Article","@id":"https:\/\/blog.insieme.ch\/fr\/falc\/je-veux-moi-meme-faire-ma-place-dans-la-societe\/#article","isPartOf":{"@id":"https:\/\/blog.insieme.ch\/fr\/falc\/je-veux-moi-meme-faire-ma-place-dans-la-societe\/"},"author":{"name":"Lise Tran, traduction FALC Pro Infirmis","@id":"https:\/\/blog.insieme.ch\/fr\/#\/schema\/person\/b96e7415c17d2847ebb34c07a4c714a8"},"headline":"\u00ab&#160;Je veux moi-m\u00eame faire ma place dans la soci\u00e9t\u00e9&#160;\u00bb\u00a0","datePublished":"2025-02-03T14:55:01+00:00","dateModified":"2025-02-03T15:05:45+00:00","mainEntityOfPage":{"@id":"https:\/\/blog.insieme.ch\/fr\/falc\/je-veux-moi-meme-faire-ma-place-dans-la-societe\/"},"wordCount":353,"commentCount":0,"publisher":{"@id":"https:\/\/blog.insieme.ch\/fr\/#organization"},"image":{"@id":"https:\/\/blog.insieme.ch\/fr\/falc\/je-veux-moi-meme-faire-ma-place-dans-la-societe\/#primaryimage"},"thumbnailUrl":"https:\/\/blog.insieme.ch\/wp-inside\/uploads\/2025\/02\/basket_3x3_08.jpg","articleSection":["Articles en FALC"],"inLanguage":"fr-FR","potentialAction":[{"@type":"CommentAction","name":"Comment","target":["https:\/\/blog.insieme.ch\/fr\/falc\/je-veux-moi-meme-faire-ma-place-dans-la-societe\/#respond"]}]},{"@type":"WebPage","@id":"https:\/\/blog.insieme.ch\/fr\/falc\/je-veux-moi-meme-faire-ma-place-dans-la-societe\/","url":"https:\/\/blog.insieme.ch\/fr\/falc\/je-veux-moi-meme-faire-ma-place-dans-la-societe\/","name":"\u00ab\u202fJe veux moi-m\u00eame faire ma place dans la soci\u00e9t\u00e9\u202f\u00bb\u00a0","isPartOf":{"@id":"https:\/\/blog.insieme.ch\/fr\/#website"},"primaryImageOfPage":{"@id":"https:\/\/blog.insieme.ch\/fr\/falc\/je-veux-moi-meme-faire-ma-place-dans-la-societe\/#primaryimage"},"image":{"@id":"https:\/\/blog.insieme.ch\/fr\/falc\/je-veux-moi-meme-faire-ma-place-dans-la-societe\/#primaryimage"},"thumbnailUrl":"https:\/\/blog.insieme.ch\/wp-inside\/uploads\/2025\/02\/basket_3x3_08.jpg","datePublished":"2025-02-03T14:55:01+00:00","dateModified":"2025-02-03T15:05:45+00:00","description":"Article en FALC: Le 3x3 est un nouveau sport. \u00a0C\u2019est comme le basketball, mais en plus petit.\u00a0\u00a0Rencontre avec l'\u00e9quipe Atypique 3x3.","breadcrumb":{"@id":"https:\/\/blog.insieme.ch\/fr\/falc\/je-veux-moi-meme-faire-ma-place-dans-la-societe\/#breadcrumb"},"inLanguage":"fr-FR","potentialAction":[{"@type":"ReadAction","target":["https:\/\/blog.insieme.ch\/fr\/falc\/je-veux-moi-meme-faire-ma-place-dans-la-societe\/"]}]},{"@type":"ImageObject","inLanguage":"fr-FR","@id":"https:\/\/blog.insieme.ch\/fr\/falc\/je-veux-moi-meme-faire-ma-place-dans-la-societe\/#primaryimage","url":"https:\/\/blog.insieme.ch\/wp-inside\/uploads\/2025\/02\/basket_3x3_08.jpg","contentUrl":"https:\/\/blog.insieme.ch\/wp-inside\/uploads\/2025\/02\/basket_3x3_08.jpg","width":2000,"height":1333,"caption":"Olivier Paccaud et son equipe posent pour le photographe lors d'un entrainement de basket 3x3 ce lundi 7 octobre 2024 a Lausanne \u00a9Cyril Zingaro"},{"@type":"BreadcrumbList","@id":"https:\/\/blog.insieme.ch\/fr\/falc\/je-veux-moi-meme-faire-ma-place-dans-la-societe\/#breadcrumb","itemListElement":[{"@type":"ListItem","position":1,"name":"Accueil","item":"https:\/\/blog.insieme.ch\/fr\/"},{"@type":"ListItem","position":2,"name":"Articles en FALC","item":"https:\/\/blog.insieme.ch\/fr\/falc\/"},{"@type":"ListItem","position":3,"name":"\u00ab&#160;Je veux moi-m\u00eame faire ma place dans la soci\u00e9t\u00e9&#160;\u00bb\u00a0"}]},{"@type":"WebSite","@id":"https:\/\/blog.insieme.ch\/fr\/#website","url":"https:\/\/blog.insieme.ch\/fr\/","name":"insieme Blog","description":"Alles ausser gew\u00f6hnlich","publisher":{"@id":"https:\/\/blog.insieme.ch\/fr\/#organization"},"potentialAction":[{"@type":"SearchAction","target":{"@type":"EntryPoint","urlTemplate":"https:\/\/blog.insieme.ch\/fr\/?s={search_term_string}"},"query-input":{"@type":"PropertyValueSpecification","valueRequired":true,"valueName":"search_term_string"}}],"inLanguage":"fr-FR"},{"@type":"Organization","@id":"https:\/\/blog.insieme.ch\/fr\/#organization","name":"insieme Blog","url":"https:\/\/blog.insieme.ch\/fr\/","logo":{"@type":"ImageObject","inLanguage":"fr-FR","@id":"https:\/\/blog.insieme.ch\/fr\/#\/schema\/logo\/image\/","url":"https:\/\/blog.insieme.ch\/wp-inside\/uploads\/2021\/04\/logo-insieme-blog.png","contentUrl":"https:\/\/blog.insieme.ch\/wp-inside\/uploads\/2021\/04\/logo-insieme-blog.png","width":280,"height":81,"caption":"insieme Blog"},"image":{"@id":"https:\/\/blog.insieme.ch\/fr\/#\/schema\/logo\/image\/"},"sameAs":["https:\/\/www.facebook.com\/insiemeSuisse\/","https:\/\/x.com\/insiemeSuisse"]},{"@type":"Person","@id":"https:\/\/blog.insieme.ch\/fr\/#\/schema\/person\/b96e7415c17d2847ebb34c07a4c714a8","name":"Lise Tran, traduction FALC Pro Infirmis","image":{"@type":"ImageObject","inLanguage":"fr-FR","@id":"https:\/\/secure.gravatar.com\/avatar\/4a5a17b94f815f018f4e3b62dad6d7edb0783620429adbef8a9db3f4e400beda?s=96&d=mm&r=g","url":"https:\/\/secure.gravatar.com\/avatar\/4a5a17b94f815f018f4e3b62dad6d7edb0783620429adbef8a9db3f4e400beda?s=96&d=mm&r=g","contentUrl":"https:\/\/secure.gravatar.com\/avatar\/4a5a17b94f815f018f4e3b62dad6d7edb0783620429adbef8a9db3f4e400beda?s=96&d=mm&r=g","caption":"Lise Tran, traduction FALC Pro Infirmis"},"url":"https:\/\/blog.insieme.ch\/fr\/author\/lise-tran-2\/"}]}},"featured_media_url":"https:\/\/blog.insieme.ch\/wp-inside\/uploads\/2025\/02\/basket_3x3_08-1024x682.jpg","_links":{"self":[{"href":"https:\/\/blog.insieme.ch\/fr\/wp-json\/wp\/v2\/posts\/6431","targetHints":{"allow":["GET"]}}],"collection":[{"href":"https:\/\/blog.insieme.ch\/fr\/wp-json\/wp\/v2\/posts"}],"about":[{"href":"https:\/\/blog.insieme.ch\/fr\/wp-json\/wp\/v2\/types\/post"}],"author":[{"embeddable":true,"href":"https:\/\/blog.insieme.ch\/fr\/wp-json\/wp\/v2\/users\/19"}],"replies":[{"embeddable":true,"href":"https:\/\/blog.insieme.ch\/fr\/wp-json\/wp\/v2\/comments?post=6431"}],"version-history":[{"count":5,"href":"https:\/\/blog.insieme.ch\/fr\/wp-json\/wp\/v2\/posts\/6431\/revisions"}],"predecessor-version":[{"id":6450,"href":"https:\/\/blog.insieme.ch\/fr\/wp-json\/wp\/v2\/posts\/6431\/revisions\/6450"}],"wp:featuredmedia":[{"embeddable":true,"href":"https:\/\/blog.insieme.ch\/fr\/wp-json\/wp\/v2\/media\/6438"}],"wp:attachment":[{"href":"https:\/\/blog.insieme.ch\/fr\/wp-json\/wp\/v2\/media?parent=6431"}],"wp:term":[{"taxonomy":"category","embeddable":true,"href":"https:\/\/blog.insieme.ch\/fr\/wp-json\/wp\/v2\/categories?post=6431"},{"taxonomy":"post_tag","embeddable":true,"href":"https:\/\/blog.insieme.ch\/fr\/wp-json\/wp\/v2\/tags?post=6431"}],"curies":[{"name":"wp","href":"https:\/\/api.w.org\/{rel}","templated":true}]}}