{"id":6331,"date":"2024-10-09T08:34:57","date_gmt":"2024-10-09T06:34:57","guid":{"rendered":"https:\/\/blog.insieme.ch\/?p=6331"},"modified":"2025-02-27T17:53:33","modified_gmt":"2025-02-27T16:53:33","slug":"collaborateur-garage-et-emploi-adapte-mirco-braschler-a-deux-jobs","status":"publish","type":"post","link":"https:\/\/blog.insieme.ch\/fr\/vie-professionnelle\/collaborateur-garage-et-emploi-adapte-mirco-braschler-a-deux-jobs\/","title":{"rendered":"Collaborateur garage et emploi adapt\u00e9&#160;: Mirco Braschler a deux jobs"},"content":{"rendered":"<p><!-- flzn:zn_pagebanner --><\/p>\n<header id=\"flzn-pagebanner-1\" class=\"zone zn-pagebanner is-alignfull with-bg bg-color is-bgc-yellow-light\"><span class=\"zone-bg bg-color bgc-yellow-light alignfull\"><\/span><\/p>\n<div class=\"zone-block zn-pagebanner-block alignfull va-center\"><\/div>\n<\/header>\n<p><!-- \/flzn:zn_pagebanner --><br \/>\n<!-- flzn:zn_text --><\/p>\n<div id=\"flzn-text-1\" class=\"zone zn-text is-alignwide\">\n<div class=\"zone-block zn-text-block alignwide va-top\">\n<div class=\"row mw-content-zone zn-text-row\">\n<div class=\"columns large-12\">\n<div class=\"row large-up-1 with-nice-alignment nbloc-1\">\n<div class=\"column zn-text-col\">\n<div class=\"column-inner\">\n<div class=\"wig-content mw-content\">\n<h4>Nombre de personnes vivant avec un handicap mental occupent un poste de travail adapt\u00e9 en institution. Rares sont celles qui trouvent un emploi sur le march\u00e9 primaire du travail. Mirco Braschler est actif sur les deux plans.<\/h4>\n<p><!--more--><\/p>\n<p>C\u2019est avec le sourire que Mirco Braschler nous accueille. Il se dirige vers le lavabo pour se laver les mains, couvertes d\u2019huile. Tr\u00e8s vite, en nous montrant comment il travaille sous la voiture sur\u00e9lev\u00e9e, elles redeviennent noires. Se penchant sous l\u2019essieu, il utilise une cl\u00e9 dynamom\u00e9trique.<\/p>\n<blockquote>\n<p>Pour le comprendre, il faut de la patience. On doit souvent lui poser des questions pour s\u2019assurer d\u2019avoir interpr\u00e9t\u00e9 correctement ses propos. Son \u00e9quipe, qui le conna\u00eet bien, ne voit pas cela comme un probl\u00e8me.<\/p>\n<\/blockquote>\n<p>Newtons-m\u00e8tres, vis, pneus et pi\u00e8ces de rechange en tout genre n\u2019ont pas de secret pour lui. Son visage exprime joie et fiert\u00e9 lorsqu\u2019il se tient au centre du garage et qu\u2019il regarde autour de lui. Mirco Braschler a des difficult\u00e9s \u00e0 s\u2019exprimer verbalement. Pour le comprendre, il faut de la patience. On doit souvent lui poser des questions pour s\u2019assurer d\u2019avoir interpr\u00e9t\u00e9 correctement ses propos. Son \u00e9quipe, qui le conna\u00eet bien, ne voit pas cela comme un probl\u00e8me. Que pr\u00e9f\u00e8re-t-il dans ce travail au garage&#160;&#160;? \u00ab&#160;&#160;Les gens, les coll\u00e8gues et\u00a0 le chef.&#160;&#160;\u00bb Et d\u2019ajouter&#160;&#160;: \u00ab&#160;&#160;Les travaux m\u00e9caniques, le contr\u00f4le des lampes, les pneus. Toutes les t\u00e2ches li\u00e9es au service et la vidange.&#160;&#160;\u00bb<\/p>\n<p>&nbsp;<\/p>\n<p>Mirco Braschler a deux emplois. Les mercredi et jeudi matin, il aide le concierge de la fondation BSZ \u00e0 Sch\u00fcbelbach \u00e0 r\u00e9parer les lampes et \u00e0 nettoyer les vitres. Il tond \u00e9galement la pelouse et ramasse les bouts de papier. Ce qui lui pla\u00eet le plus l\u00e0-bas&#160;&#160;: il peut souvent travailler en plein air. Ce qui lui convient moins dans ce cadre prot\u00e9g\u00e9&#160;&#160;: ceux et celles qui l\u2019entourent ont un handicap. Il y est moins sollicit\u00e9, notamment pour exercer son expression orale.<\/p>\n<blockquote>\n<p>Ce qui lui pla\u00eet le plus l\u00e0-bas&#160;&#160;: il peut souvent travailler en plein air. Ce qui lui convient moins dans ce cadre prot\u00e9g\u00e9&#160;&#160;: ceux et celles qui l\u2019entourent ont un handicap.<\/p>\n<\/blockquote>\n<p>La configuration actuelle des deux emplois a pu \u00eatre mise en place gr\u00e2ce \u00e0 une bonne coordination avec la BSZ&#160;&#160;: \u00ab&#160;&#160;Nous avons men\u00e9 des discussions avec Mirco et la fondation pour savoir comment organiser cela au mieux pour lui&#160;&#160;\u00bb, explique Bekim Amidi, propri\u00e9taire et chef du garage. \u00ab&#160;&#160;Pendant les trois premiers mois, je l\u2019ai <em>emprunt\u00e9<\/em> \u00e0 la fondation sur une base horaire, c\u2019\u00e9tait une sorte de p\u00e9riode d\u2019essai. Nous voulions voir comment il se sentirait, comment il r\u00e9agirait. Comme cela s\u2019est tr\u00e8s bien pass\u00e9, je l\u2019ai tout de suite embauch\u00e9. Il fait bien son travail&#160;&#160;\u00bb, poursuit-il.<\/p>\n<p>&nbsp;<\/p>\n<\/p><\/div>\n<\/p><\/div>\n<\/p><\/div>\n<\/p><\/div>\n<\/p><\/div>\n<\/p><\/div>\n<\/div>\n<\/div>\n<p><!-- \/flzn:zn_text --><br \/>\n<!-- flzn:zn_text_img --><\/p>\n<div id=\"flzn-textimg-1\" class=\"zone zn-textimg is-alignwide\">\n<div class=\"zone-block zn-textimg-block alignwide va-center\">\n<div class=\"row\">\n<div class=\"columns large-12\">\n<div class=\"row with-nice-alignment zn-textimg-row va-center\" data-equalizer data-equalize-on=\"large\">\n<div class=\"columns large-6 zn-textimg-colimg\" data-equalizer-watch>\n<div class=\"columns-inner zn-textimg-col-inner\">\n<div class=\"zn-textimg-imgs\">\n<div class=\"zn-textimg-imgbox\" title=\"\">\n<figure class=\"zn-textimg-figure\">\n\t\t\t\t\t\t\t\t\t<img decoding=\"async\" class=\"zn-textimg-img\" src=\"https:\/\/blog.insieme.ch\/wp-inside\/uploads\/2024\/10\/28666de5-f44c-47db-ac47-ecd7c129d535-800x1224.jpg\" alt=\"\"\/><br \/>\n\t\t\t\t\t\t\t\t\t\t\t\t\t\t\t\t\t<\/figure>\n<\/p><\/div>\n<\/p><\/div>\n<\/p><\/div>\n<\/p><\/div>\n<div class=\"columns large-6 zn-textimg-coldesc\" data-equalizer-watch>\n<div class=\"columns-inner zn-textimg-descbox\">\n<div class=\"zn-textimg-desc wig-content\">\n<h2>Une \u00e9quipe bien rod\u00e9e<\/h2>\n<p>L\u2019environnement inclusif du garage convient davantage au jeune homme. Et, visiblement, lui fait du bien. \u00ab&#160;&#160;On le voit quand il s\u2019exprime. Plus il travaille ici, plus il parle clairement. Il se donne de la peine&#160;&#160;\u00bb, note Bekim Amidi.<\/p>\n<p>Mirco Braschler arrive toujours \u00e0 sept heures du matin. Il prend un caf\u00e9 jusqu\u2019\u00e0 ce que tous les coll\u00e8gues soient arriv\u00e9s. Et \u00e0 sept heures et demie, tout le monde commence \u00e0 travailler. \u00ab&#160;&#160;Avec son coll\u00e8gue Tobi, ils forment une \u00e9quipe bien rod\u00e9e.&#160;&#160;\u00bb<\/p>\n<p>Mirco travaille avec beaucoup de soin et de fiabilit\u00e9. \u00ab&#160;&#160;Il n\u2019a besoin de personne qui regarde constamment par-dessus son \u00e9paule. S\u2019il ne sait pas faire quelque chose ou s\u2019il n\u2019est pas s\u00fbr de lui, il me demande, \u00e0 moi ou \u00e0 son coll\u00e8gue, de jeter un \u0153il&#160;&#160;\u00bb, pr\u00e9cise Bekim Amidi.<\/p>\n<p>\u00ab&#160;&#160;Lorsqu\u2019il y a beaucoup \u00e0 faire avec les pneus, il travaille \u00e0 80&#160;&#160;% au garage, c\u2019est-\u00e0-dire trois jours entiers et deux demi-journ\u00e9es. En temps normal, il effectue un 60&#160;&#160;%&#160;&#160;\u00bb, poursuit-il. Cette p\u00e9riode de travail plus intense dure trois mois au printemps et trois mois en l\u2019automne&#160;&#160;: \u00ab&#160;&#160;Il nous arrive alors de recevoir environ 500 voitures dans l\u2019atelier pour le changement des pneus et des roues. Mirco fait un super boulot lors de ces moments.&#160;&#160;\u00bb<\/p>\n<p>La commande de pi\u00e8ces de rechange fait \u00e9galement partie de ses t\u00e2ches. \u00ab&#160;&#160;Il remplit aussi lui-m\u00eame les fiches. Il y inscrit la quantit\u00e9 d\u2019eau de lave-glace n\u00e9cessaire, celle d\u2019antigel, d\u2019huile&#8230; Il fait tout cela lui-m\u00eame&#160;&#160;\u00bb, se r\u00e9jouit son chef.<\/p>\n<\/div><\/div>\n<\/p><\/div>\n<\/p><\/div>\n<\/p><\/div>\n<\/p><\/div>\n<\/div>\n<\/div>\n<p><!-- \/flzn:zn_text_img --><br \/>\n<!-- flzn:zn_text --><\/p>\n<div id=\"flzn-text-2\" class=\"zone zn-text is-alignsimple with-bg bg-color is-bgc-yellow-light\"><span class=\"zone-bg bg-color bgc-yellow-light alignfull\"><\/span><\/p>\n<div class=\"zone-block zn-text-block pdd-top-big alignsimple va-top\">\n<div class=\"row mw-content-zone zn-text-row\">\n<div class=\"columns large-12\">\n<div class=\"row large-up-1 with-nice-alignment nbloc-1\">\n<div class=\"column zn-text-col\">\n<div class=\"column-inner\">\n<div class=\"wig-content mw-content\">\n<blockquote>\n<p style=\"text-align: center;\">L\u2019environnement inclusif du garage convient davantage au jeune homme. Et, visiblement, lui fait du bien. \u00ab&#160;&#160;On le voit quand il s\u2019exprime. Plus il travaille ici, plus il parle clairement. Il se donne de la peine&#160;&#160;\u00bb<\/p>\n<\/blockquote><\/div>\n<\/p><\/div>\n<\/p><\/div>\n<\/p><\/div>\n<\/p><\/div>\n<\/p><\/div>\n<\/div>\n<\/div>\n<p><!-- \/flzn:zn_text --><br \/>\n<!-- flzn:zn_text --><\/p>\n<div id=\"flzn-text-3\" class=\"zone zn-text is-alignwide\">\n<div class=\"zone-block zn-text-block alignwide va-top\">\n<div class=\"row mw-content-zone zn-text-row\">\n<div class=\"columns large-12\">\n<div class=\"row large-up-1 with-nice-alignment nbloc-1\">\n<div class=\"column zn-text-col\">\n<div class=\"column-inner\">\n<div class=\"wig-content mw-content\">\n<h2>Un vrai salaire est synonyme de reconnaissance<\/h2>\n<p>Enfant, Mirco Braschler \u00e9tait d\u00e9j\u00e0 fascin\u00e9 par les voitures. Lorsque le garage appartenait encore \u00e0 son p\u00e8re, il y passait beaucoup de temps. C\u2019\u00e9tait il y a une \u00e9ternit\u00e9. Aujourd\u2019hui, le p\u00e8re est \u00e0 la retraite et le fils est employ\u00e9 comme collaborateur au garage. Monsieur Braschler senior est \u00e9galement pr\u00e9sent lorsque nous rendons visite \u00e0 son fils. De temps en temps, il donne un coup de main, comme quand il faut se procurer des pi\u00e8ces de rechange. Son fils a \u00e9t\u00e9 engag\u00e9 par son successeur, apr\u00e8s avoir suivi un apprentissage de deux ans comme assistant automobile dans un garage du village voisin, tient-il \u00e0 souligner.<\/p>\n<\/p><\/div>\n<\/p><\/div>\n<\/p><\/div>\n<\/p><\/div>\n<\/p><\/div>\n<\/p><\/div>\n<\/div>\n<\/div>\n<p><!-- \/flzn:zn_text --><br \/>\n<!-- flzn:zn_text --><\/p>\n<div id=\"flzn-text-4\" class=\"zone zn-text is-alignwide with-bg bg-color is-bgc-yellow-light\"><span class=\"zone-bg bg-color bgc-yellow-light alignfull\"><\/span><\/p>\n<div class=\"zone-block zn-text-block alignwide va-top\">\n<div class=\"row mw-content-zone zn-text-row\">\n<div class=\"columns large-12\">\n<div class=\"row large-up-1 with-nice-alignment nbloc-1\">\n<div class=\"column zn-text-col\">\n<div class=\"column-inner\">\n<div class=\"wig-content mw-content\">\n<blockquote>\n<p style=\"text-align: center;\">En plus de l\u2019indemnit\u00e9 que lui verse la fondation BSZ pour son travail, il re\u00e7oit du garage un v\u00e9ritable salaire et b\u00e9n\u00e9ficie d\u2019une assurance accident et maladie.<\/p>\n<\/blockquote><\/div>\n<\/p><\/div>\n<\/p><\/div>\n<\/p><\/div>\n<\/p><\/div>\n<\/p><\/div>\n<\/div>\n<\/div>\n<p><!-- \/flzn:zn_text --><br \/>\n<!-- flzn:zn_text --><\/p>\n<div id=\"flzn-text-5\" class=\"zone zn-text is-alignwide\">\n<div class=\"zone-block zn-text-block alignwide va-top\">\n<div class=\"row mw-content-zone zn-text-row\">\n<div class=\"columns large-12\">\n<div class=\"row large-up-1 with-nice-alignment nbloc-1\">\n<div class=\"column zn-text-col\">\n<div class=\"column-inner\">\n<div class=\"wig-content mw-content\">\n<p>&nbsp;<\/p>\n<p>En plus de l\u2019indemnit\u00e9 que lui verse la fondation BSZ pour son travail, il re\u00e7oit du garage un v\u00e9ritable salaire et b\u00e9n\u00e9ficie d\u2019une assurance accident et maladie. Lorsque l\u2019on s\u2019enqui\u00e8re de son salaire au garage, Mirco Braschler sourit fi\u00e8rement et r\u00e9pond simplement&#160;&#160;: \u00ab&#160;&#160;Plus qu\u2019\u00e0 la fondation.&#160;&#160;\u00bb Des client\u00b7e\u00b7s du garage, il en conna\u00eet beaucoup. Si son patron et son coll\u00e8gue sont occup\u00e9s \u00e0 l\u2019ext\u00e9rieur pendant quelques instants et qu\u2019un client arrive, il l\u2019accueille en disant&#160;&#160;: \u00ab&#160;&#160;Le patron arrive.&#160;&#160;\u00bb<\/p>\n<p>Mirco Braschler se rend \u00e0 son travail en v\u00e9lo \u00e9lectrique. Etre dehors dans la nature est quelque chose qu\u2019il appr\u00e9cie, comme il nous le confie durant une courte pause&#160;&#160;:\u00ab&#160;&#160;J\u2019aime bien me promener.&#160;&#160;\u00bb Ce soir, un programme un peu particulier l\u2019attend&#160;&#160;: \u00ab&#160;&#160;Je vais jouer aux cartes au restaurant avec papa. J\u2019aide tout le monde.&#160;&#160;\u00bb Ce dernier le contredit en riant&#160;&#160;: \u00ab&#160;&#160;C\u2019est faux, tu aides tout le monde, sauf moi.&#160;&#160;\u00bb Mirco Braschler fait signe que non, puis nous lance&#160;&#160;: \u00ab&#160;&#160;Je dois retourner au travail maintenant&#160;&#160;\u00bb, se d\u00e9tournant et rejoignant son poste aupr\u00e8s de la voiture sur\u00e9lev\u00e9e.<\/p>\n<\/p><\/div>\n<\/p><\/div>\n<\/p><\/div>\n<\/p><\/div>\n<\/p><\/div>\n<\/p><\/div>\n<\/div>\n<\/div>\n<p><!-- \/flzn:zn_text --><\/p>\n","protected":false},"excerpt":{"rendered":"<p>Les personnes vivant avec un handicap mental occupent g\u00e9n\u00e9ralement un poste de travail adapt\u00e9. Et celles travaillant sur le march\u00e9 primaire sont rares. Mirco Braschler, lui, est actif sur les deux plans.<\/p>\n","protected":false},"author":4,"featured_media":0,"comment_status":"open","ping_status":"open","sticky":false,"template":"","format":"standard","meta":{"_acf_changed":false,"footnotes":""},"categories":[20],"tags":[57],"class_list":["post-6331","post","type-post","status-publish","format-standard","hentry","category-vie-professionnelle","tag-apprentissage","wp-sticky"],"acf":[],"yoast_head":"<!-- This site is optimized with the Yoast SEO plugin v27.5 - https:\/\/yoast.com\/product\/yoast-seo-wordpress\/ -->\n<title>Collaborateur garage et emploi adapt\u00e9 : Mirco Braschler a deux jobs<\/title>\n<meta name=\"description\" content=\"Les personnes vivant avec un handicap mental occupent g\u00e9n\u00e9ralement un poste de travail adapt\u00e9. Et celles travaillant sur le march\u00e9 primaire sont rares. Mirco Braschler, lui, est actif sur les deux plans.\" \/>\n<meta name=\"robots\" content=\"index, follow, max-snippet:-1, max-image-preview:large, max-video-preview:-1\" \/>\n<link rel=\"canonical\" href=\"https:\/\/blog.insieme.ch\/fr\/vie-professionnelle\/collaborateur-garage-et-emploi-adapte-mirco-braschler-a-deux-jobs\/\" \/>\n<meta property=\"og:locale\" content=\"fr_FR\" \/>\n<meta property=\"og:type\" content=\"article\" \/>\n<meta property=\"og:title\" content=\"Collaborateur garage et emploi adapt\u00e9 : Mirco Braschler a deux jobs\" \/>\n<meta property=\"og:description\" content=\"Les personnes vivant avec un handicap mental occupent g\u00e9n\u00e9ralement un poste de travail adapt\u00e9. Et celles travaillant sur le march\u00e9 primaire sont rares. Mirco Braschler, lui, est actif sur les deux plans.\" \/>\n<meta property=\"og:url\" content=\"https:\/\/blog.insieme.ch\/fr\/vie-professionnelle\/collaborateur-garage-et-emploi-adapte-mirco-braschler-a-deux-jobs\/\" \/>\n<meta property=\"og:site_name\" content=\"insieme Blog\" \/>\n<meta property=\"article:publisher\" content=\"https:\/\/www.facebook.com\/insiemeSuisse\/\" \/>\n<meta property=\"article:published_time\" content=\"2024-10-09T06:34:57+00:00\" \/>\n<meta property=\"article:modified_time\" content=\"2025-02-27T16:53:33+00:00\" \/>\n<meta property=\"og:image\" content=\"https:\/\/blog.insieme.ch\/wp-inside\/uploads\/2024\/10\/28666de5-f44c-47db-ac47-ecd7c129d535-800x1224.jpg\" \/>\n<meta name=\"author\" content=\"Susanne Schanda\" \/>\n<meta name=\"twitter:card\" content=\"summary_large_image\" \/>\n<meta name=\"twitter:creator\" content=\"@insiemeSuisse\" \/>\n<meta name=\"twitter:site\" content=\"@insiemeSuisse\" \/>\n<meta name=\"twitter:label1\" content=\"\u00c9crit par\" \/>\n\t<meta name=\"twitter:data1\" content=\"Susanne Schanda\" \/>\n\t<meta name=\"twitter:label2\" content=\"Dur\u00e9e de lecture estim\u00e9e\" \/>\n\t<meta name=\"twitter:data2\" content=\"6 minutes\" \/>\n<script type=\"application\/ld+json\" class=\"yoast-schema-graph\">{\"@context\":\"https:\\\/\\\/schema.org\",\"@graph\":[{\"@type\":\"Article\",\"@id\":\"https:\\\/\\\/blog.insieme.ch\\\/fr\\\/vie-professionnelle\\\/collaborateur-garage-et-emploi-adapte-mirco-braschler-a-deux-jobs\\\/#article\",\"isPartOf\":{\"@id\":\"https:\\\/\\\/blog.insieme.ch\\\/fr\\\/vie-professionnelle\\\/collaborateur-garage-et-emploi-adapte-mirco-braschler-a-deux-jobs\\\/\"},\"author\":{\"name\":\"Susanne Schanda\",\"@id\":\"https:\\\/\\\/blog.insieme.ch\\\/fr\\\/#\\\/schema\\\/person\\\/9bdc666aa1d449943ed3e91c3bc6ac50\"},\"headline\":\"Collaborateur garage et emploi adapt\u00e9&#160;: Mirco Braschler a deux jobs\",\"datePublished\":\"2024-10-09T06:34:57+00:00\",\"dateModified\":\"2025-02-27T16:53:33+00:00\",\"mainEntityOfPage\":{\"@id\":\"https:\\\/\\\/blog.insieme.ch\\\/fr\\\/vie-professionnelle\\\/collaborateur-garage-et-emploi-adapte-mirco-braschler-a-deux-jobs\\\/\"},\"wordCount\":1155,\"commentCount\":0,\"publisher\":{\"@id\":\"https:\\\/\\\/blog.insieme.ch\\\/fr\\\/#organization\"},\"image\":{\"@id\":\"https:\\\/\\\/blog.insieme.ch\\\/fr\\\/vie-professionnelle\\\/collaborateur-garage-et-emploi-adapte-mirco-braschler-a-deux-jobs\\\/#primaryimage\"},\"thumbnailUrl\":\"https:\\\/\\\/blog.insieme.ch\\\/wp-inside\\\/uploads\\\/2024\\\/10\\\/28666de5-f44c-47db-ac47-ecd7c129d535-800x1224.jpg\",\"keywords\":[\"Apprentissage\"],\"articleSection\":[\"Vie professionnelle\"],\"inLanguage\":\"fr-FR\",\"potentialAction\":[{\"@type\":\"CommentAction\",\"name\":\"Comment\",\"target\":[\"https:\\\/\\\/blog.insieme.ch\\\/fr\\\/vie-professionnelle\\\/collaborateur-garage-et-emploi-adapte-mirco-braschler-a-deux-jobs\\\/#respond\"]}]},{\"@type\":\"WebPage\",\"@id\":\"https:\\\/\\\/blog.insieme.ch\\\/fr\\\/vie-professionnelle\\\/collaborateur-garage-et-emploi-adapte-mirco-braschler-a-deux-jobs\\\/\",\"url\":\"https:\\\/\\\/blog.insieme.ch\\\/fr\\\/vie-professionnelle\\\/collaborateur-garage-et-emploi-adapte-mirco-braschler-a-deux-jobs\\\/\",\"name\":\"Collaborateur garage et emploi adapt\u00e9 : Mirco Braschler a deux jobs\",\"isPartOf\":{\"@id\":\"https:\\\/\\\/blog.insieme.ch\\\/fr\\\/#website\"},\"primaryImageOfPage\":{\"@id\":\"https:\\\/\\\/blog.insieme.ch\\\/fr\\\/vie-professionnelle\\\/collaborateur-garage-et-emploi-adapte-mirco-braschler-a-deux-jobs\\\/#primaryimage\"},\"image\":{\"@id\":\"https:\\\/\\\/blog.insieme.ch\\\/fr\\\/vie-professionnelle\\\/collaborateur-garage-et-emploi-adapte-mirco-braschler-a-deux-jobs\\\/#primaryimage\"},\"thumbnailUrl\":\"https:\\\/\\\/blog.insieme.ch\\\/wp-inside\\\/uploads\\\/2024\\\/10\\\/28666de5-f44c-47db-ac47-ecd7c129d535-800x1224.jpg\",\"datePublished\":\"2024-10-09T06:34:57+00:00\",\"dateModified\":\"2025-02-27T16:53:33+00:00\",\"description\":\"Les personnes vivant avec un handicap mental occupent g\u00e9n\u00e9ralement un poste de travail adapt\u00e9. Et celles travaillant sur le march\u00e9 primaire sont rares. Mirco Braschler, lui, est actif sur les deux plans.\",\"breadcrumb\":{\"@id\":\"https:\\\/\\\/blog.insieme.ch\\\/fr\\\/vie-professionnelle\\\/collaborateur-garage-et-emploi-adapte-mirco-braschler-a-deux-jobs\\\/#breadcrumb\"},\"inLanguage\":\"fr-FR\",\"potentialAction\":[{\"@type\":\"ReadAction\",\"target\":[\"https:\\\/\\\/blog.insieme.ch\\\/fr\\\/vie-professionnelle\\\/collaborateur-garage-et-emploi-adapte-mirco-braschler-a-deux-jobs\\\/\"]}]},{\"@type\":\"ImageObject\",\"inLanguage\":\"fr-FR\",\"@id\":\"https:\\\/\\\/blog.insieme.ch\\\/fr\\\/vie-professionnelle\\\/collaborateur-garage-et-emploi-adapte-mirco-braschler-a-deux-jobs\\\/#primaryimage\",\"url\":\"https:\\\/\\\/blog.insieme.ch\\\/wp-inside\\\/uploads\\\/2024\\\/10\\\/28666de5-f44c-47db-ac47-ecd7c129d535-800x1224.jpg\",\"contentUrl\":\"https:\\\/\\\/blog.insieme.ch\\\/wp-inside\\\/uploads\\\/2024\\\/10\\\/28666de5-f44c-47db-ac47-ecd7c129d535-800x1224.jpg\"},{\"@type\":\"BreadcrumbList\",\"@id\":\"https:\\\/\\\/blog.insieme.ch\\\/fr\\\/vie-professionnelle\\\/collaborateur-garage-et-emploi-adapte-mirco-braschler-a-deux-jobs\\\/#breadcrumb\",\"itemListElement\":[{\"@type\":\"ListItem\",\"position\":1,\"name\":\"Accueil\",\"item\":\"https:\\\/\\\/blog.insieme.ch\\\/fr\\\/\"},{\"@type\":\"ListItem\",\"position\":2,\"name\":\"Vie professionnelle\",\"item\":\"https:\\\/\\\/blog.insieme.ch\\\/fr\\\/vie-professionnelle\\\/\"},{\"@type\":\"ListItem\",\"position\":3,\"name\":\"Collaborateur garage et emploi adapt\u00e9&#160;: Mirco Braschler a deux jobs\"}]},{\"@type\":\"WebSite\",\"@id\":\"https:\\\/\\\/blog.insieme.ch\\\/fr\\\/#website\",\"url\":\"https:\\\/\\\/blog.insieme.ch\\\/fr\\\/\",\"name\":\"insieme Blog\",\"description\":\"Alles ausser gew\u00f6hnlich\",\"publisher\":{\"@id\":\"https:\\\/\\\/blog.insieme.ch\\\/fr\\\/#organization\"},\"potentialAction\":[{\"@type\":\"SearchAction\",\"target\":{\"@type\":\"EntryPoint\",\"urlTemplate\":\"https:\\\/\\\/blog.insieme.ch\\\/fr\\\/?s={search_term_string}\"},\"query-input\":{\"@type\":\"PropertyValueSpecification\",\"valueRequired\":true,\"valueName\":\"search_term_string\"}}],\"inLanguage\":\"fr-FR\"},{\"@type\":\"Organization\",\"@id\":\"https:\\\/\\\/blog.insieme.ch\\\/fr\\\/#organization\",\"name\":\"insieme Blog\",\"url\":\"https:\\\/\\\/blog.insieme.ch\\\/fr\\\/\",\"logo\":{\"@type\":\"ImageObject\",\"inLanguage\":\"fr-FR\",\"@id\":\"https:\\\/\\\/blog.insieme.ch\\\/fr\\\/#\\\/schema\\\/logo\\\/image\\\/\",\"url\":\"https:\\\/\\\/blog.insieme.ch\\\/wp-inside\\\/uploads\\\/2021\\\/04\\\/logo-insieme-blog.png\",\"contentUrl\":\"https:\\\/\\\/blog.insieme.ch\\\/wp-inside\\\/uploads\\\/2021\\\/04\\\/logo-insieme-blog.png\",\"width\":280,\"height\":81,\"caption\":\"insieme Blog\"},\"image\":{\"@id\":\"https:\\\/\\\/blog.insieme.ch\\\/fr\\\/#\\\/schema\\\/logo\\\/image\\\/\"},\"sameAs\":[\"https:\\\/\\\/www.facebook.com\\\/insiemeSuisse\\\/\",\"https:\\\/\\\/x.com\\\/insiemeSuisse\"]},{\"@type\":\"Person\",\"@id\":\"https:\\\/\\\/blog.insieme.ch\\\/fr\\\/#\\\/schema\\\/person\\\/9bdc666aa1d449943ed3e91c3bc6ac50\",\"name\":\"Susanne Schanda\",\"image\":{\"@type\":\"ImageObject\",\"inLanguage\":\"fr-FR\",\"@id\":\"https:\\\/\\\/secure.gravatar.com\\\/avatar\\\/64193fc918460f85b6ec2e9ca238bd037ebbdc901ffd8e7e360e9b28cb18012a?s=96&d=mm&r=g\",\"url\":\"https:\\\/\\\/secure.gravatar.com\\\/avatar\\\/64193fc918460f85b6ec2e9ca238bd037ebbdc901ffd8e7e360e9b28cb18012a?s=96&d=mm&r=g\",\"contentUrl\":\"https:\\\/\\\/secure.gravatar.com\\\/avatar\\\/64193fc918460f85b6ec2e9ca238bd037ebbdc901ffd8e7e360e9b28cb18012a?s=96&d=mm&r=g\",\"caption\":\"Susanne Schanda\"},\"description\":\"Communication insieme\",\"url\":\"https:\\\/\\\/blog.insieme.ch\\\/fr\\\/author\\\/susanne-schanda\\\/\"}]}<\/script>\n<!-- \/ Yoast SEO plugin. -->","yoast_head_json":{"title":"Collaborateur garage et emploi adapt\u00e9 : Mirco Braschler a deux jobs","description":"Les personnes vivant avec un handicap mental occupent g\u00e9n\u00e9ralement un poste de travail adapt\u00e9. Et celles travaillant sur le march\u00e9 primaire sont rares. Mirco Braschler, lui, est actif sur les deux plans.","robots":{"index":"index","follow":"follow","max-snippet":"max-snippet:-1","max-image-preview":"max-image-preview:large","max-video-preview":"max-video-preview:-1"},"canonical":"https:\/\/blog.insieme.ch\/fr\/vie-professionnelle\/collaborateur-garage-et-emploi-adapte-mirco-braschler-a-deux-jobs\/","og_locale":"fr_FR","og_type":"article","og_title":"Collaborateur garage et emploi adapt\u00e9 : Mirco Braschler a deux jobs","og_description":"Les personnes vivant avec un handicap mental occupent g\u00e9n\u00e9ralement un poste de travail adapt\u00e9. Et celles travaillant sur le march\u00e9 primaire sont rares. Mirco Braschler, lui, est actif sur les deux plans.","og_url":"https:\/\/blog.insieme.ch\/fr\/vie-professionnelle\/collaborateur-garage-et-emploi-adapte-mirco-braschler-a-deux-jobs\/","og_site_name":"insieme Blog","article_publisher":"https:\/\/www.facebook.com\/insiemeSuisse\/","article_published_time":"2024-10-09T06:34:57+00:00","article_modified_time":"2025-02-27T16:53:33+00:00","og_image":[{"url":"https:\/\/blog.insieme.ch\/wp-inside\/uploads\/2024\/10\/28666de5-f44c-47db-ac47-ecd7c129d535-800x1224.jpg","type":"","width":"","height":""}],"author":"Susanne Schanda","twitter_card":"summary_large_image","twitter_creator":"@insiemeSuisse","twitter_site":"@insiemeSuisse","twitter_misc":{"\u00c9crit par":"Susanne Schanda","Dur\u00e9e de lecture estim\u00e9e":"6 minutes"},"schema":{"@context":"https:\/\/schema.org","@graph":[{"@type":"Article","@id":"https:\/\/blog.insieme.ch\/fr\/vie-professionnelle\/collaborateur-garage-et-emploi-adapte-mirco-braschler-a-deux-jobs\/#article","isPartOf":{"@id":"https:\/\/blog.insieme.ch\/fr\/vie-professionnelle\/collaborateur-garage-et-emploi-adapte-mirco-braschler-a-deux-jobs\/"},"author":{"name":"Susanne Schanda","@id":"https:\/\/blog.insieme.ch\/fr\/#\/schema\/person\/9bdc666aa1d449943ed3e91c3bc6ac50"},"headline":"Collaborateur garage et emploi adapt\u00e9&#160;: Mirco Braschler a deux jobs","datePublished":"2024-10-09T06:34:57+00:00","dateModified":"2025-02-27T16:53:33+00:00","mainEntityOfPage":{"@id":"https:\/\/blog.insieme.ch\/fr\/vie-professionnelle\/collaborateur-garage-et-emploi-adapte-mirco-braschler-a-deux-jobs\/"},"wordCount":1155,"commentCount":0,"publisher":{"@id":"https:\/\/blog.insieme.ch\/fr\/#organization"},"image":{"@id":"https:\/\/blog.insieme.ch\/fr\/vie-professionnelle\/collaborateur-garage-et-emploi-adapte-mirco-braschler-a-deux-jobs\/#primaryimage"},"thumbnailUrl":"https:\/\/blog.insieme.ch\/wp-inside\/uploads\/2024\/10\/28666de5-f44c-47db-ac47-ecd7c129d535-800x1224.jpg","keywords":["Apprentissage"],"articleSection":["Vie professionnelle"],"inLanguage":"fr-FR","potentialAction":[{"@type":"CommentAction","name":"Comment","target":["https:\/\/blog.insieme.ch\/fr\/vie-professionnelle\/collaborateur-garage-et-emploi-adapte-mirco-braschler-a-deux-jobs\/#respond"]}]},{"@type":"WebPage","@id":"https:\/\/blog.insieme.ch\/fr\/vie-professionnelle\/collaborateur-garage-et-emploi-adapte-mirco-braschler-a-deux-jobs\/","url":"https:\/\/blog.insieme.ch\/fr\/vie-professionnelle\/collaborateur-garage-et-emploi-adapte-mirco-braschler-a-deux-jobs\/","name":"Collaborateur garage et emploi adapt\u00e9 : Mirco Braschler a deux jobs","isPartOf":{"@id":"https:\/\/blog.insieme.ch\/fr\/#website"},"primaryImageOfPage":{"@id":"https:\/\/blog.insieme.ch\/fr\/vie-professionnelle\/collaborateur-garage-et-emploi-adapte-mirco-braschler-a-deux-jobs\/#primaryimage"},"image":{"@id":"https:\/\/blog.insieme.ch\/fr\/vie-professionnelle\/collaborateur-garage-et-emploi-adapte-mirco-braschler-a-deux-jobs\/#primaryimage"},"thumbnailUrl":"https:\/\/blog.insieme.ch\/wp-inside\/uploads\/2024\/10\/28666de5-f44c-47db-ac47-ecd7c129d535-800x1224.jpg","datePublished":"2024-10-09T06:34:57+00:00","dateModified":"2025-02-27T16:53:33+00:00","description":"Les personnes vivant avec un handicap mental occupent g\u00e9n\u00e9ralement un poste de travail adapt\u00e9. Et celles travaillant sur le march\u00e9 primaire sont rares. Mirco Braschler, lui, est actif sur les deux plans.","breadcrumb":{"@id":"https:\/\/blog.insieme.ch\/fr\/vie-professionnelle\/collaborateur-garage-et-emploi-adapte-mirco-braschler-a-deux-jobs\/#breadcrumb"},"inLanguage":"fr-FR","potentialAction":[{"@type":"ReadAction","target":["https:\/\/blog.insieme.ch\/fr\/vie-professionnelle\/collaborateur-garage-et-emploi-adapte-mirco-braschler-a-deux-jobs\/"]}]},{"@type":"ImageObject","inLanguage":"fr-FR","@id":"https:\/\/blog.insieme.ch\/fr\/vie-professionnelle\/collaborateur-garage-et-emploi-adapte-mirco-braschler-a-deux-jobs\/#primaryimage","url":"https:\/\/blog.insieme.ch\/wp-inside\/uploads\/2024\/10\/28666de5-f44c-47db-ac47-ecd7c129d535-800x1224.jpg","contentUrl":"https:\/\/blog.insieme.ch\/wp-inside\/uploads\/2024\/10\/28666de5-f44c-47db-ac47-ecd7c129d535-800x1224.jpg"},{"@type":"BreadcrumbList","@id":"https:\/\/blog.insieme.ch\/fr\/vie-professionnelle\/collaborateur-garage-et-emploi-adapte-mirco-braschler-a-deux-jobs\/#breadcrumb","itemListElement":[{"@type":"ListItem","position":1,"name":"Accueil","item":"https:\/\/blog.insieme.ch\/fr\/"},{"@type":"ListItem","position":2,"name":"Vie professionnelle","item":"https:\/\/blog.insieme.ch\/fr\/vie-professionnelle\/"},{"@type":"ListItem","position":3,"name":"Collaborateur garage et emploi adapt\u00e9&#160;: Mirco Braschler a deux jobs"}]},{"@type":"WebSite","@id":"https:\/\/blog.insieme.ch\/fr\/#website","url":"https:\/\/blog.insieme.ch\/fr\/","name":"insieme Blog","description":"Alles ausser gew\u00f6hnlich","publisher":{"@id":"https:\/\/blog.insieme.ch\/fr\/#organization"},"potentialAction":[{"@type":"SearchAction","target":{"@type":"EntryPoint","urlTemplate":"https:\/\/blog.insieme.ch\/fr\/?s={search_term_string}"},"query-input":{"@type":"PropertyValueSpecification","valueRequired":true,"valueName":"search_term_string"}}],"inLanguage":"fr-FR"},{"@type":"Organization","@id":"https:\/\/blog.insieme.ch\/fr\/#organization","name":"insieme Blog","url":"https:\/\/blog.insieme.ch\/fr\/","logo":{"@type":"ImageObject","inLanguage":"fr-FR","@id":"https:\/\/blog.insieme.ch\/fr\/#\/schema\/logo\/image\/","url":"https:\/\/blog.insieme.ch\/wp-inside\/uploads\/2021\/04\/logo-insieme-blog.png","contentUrl":"https:\/\/blog.insieme.ch\/wp-inside\/uploads\/2021\/04\/logo-insieme-blog.png","width":280,"height":81,"caption":"insieme Blog"},"image":{"@id":"https:\/\/blog.insieme.ch\/fr\/#\/schema\/logo\/image\/"},"sameAs":["https:\/\/www.facebook.com\/insiemeSuisse\/","https:\/\/x.com\/insiemeSuisse"]},{"@type":"Person","@id":"https:\/\/blog.insieme.ch\/fr\/#\/schema\/person\/9bdc666aa1d449943ed3e91c3bc6ac50","name":"Susanne Schanda","image":{"@type":"ImageObject","inLanguage":"fr-FR","@id":"https:\/\/secure.gravatar.com\/avatar\/64193fc918460f85b6ec2e9ca238bd037ebbdc901ffd8e7e360e9b28cb18012a?s=96&d=mm&r=g","url":"https:\/\/secure.gravatar.com\/avatar\/64193fc918460f85b6ec2e9ca238bd037ebbdc901ffd8e7e360e9b28cb18012a?s=96&d=mm&r=g","contentUrl":"https:\/\/secure.gravatar.com\/avatar\/64193fc918460f85b6ec2e9ca238bd037ebbdc901ffd8e7e360e9b28cb18012a?s=96&d=mm&r=g","caption":"Susanne Schanda"},"description":"Communication insieme","url":"https:\/\/blog.insieme.ch\/fr\/author\/susanne-schanda\/"}]}},"featured_media_url":false,"_links":{"self":[{"href":"https:\/\/blog.insieme.ch\/fr\/wp-json\/wp\/v2\/posts\/6331","targetHints":{"allow":["GET"]}}],"collection":[{"href":"https:\/\/blog.insieme.ch\/fr\/wp-json\/wp\/v2\/posts"}],"about":[{"href":"https:\/\/blog.insieme.ch\/fr\/wp-json\/wp\/v2\/types\/post"}],"author":[{"embeddable":true,"href":"https:\/\/blog.insieme.ch\/fr\/wp-json\/wp\/v2\/users\/4"}],"replies":[{"embeddable":true,"href":"https:\/\/blog.insieme.ch\/fr\/wp-json\/wp\/v2\/comments?post=6331"}],"version-history":[{"count":8,"href":"https:\/\/blog.insieme.ch\/fr\/wp-json\/wp\/v2\/posts\/6331\/revisions"}],"predecessor-version":[{"id":6470,"href":"https:\/\/blog.insieme.ch\/fr\/wp-json\/wp\/v2\/posts\/6331\/revisions\/6470"}],"wp:attachment":[{"href":"https:\/\/blog.insieme.ch\/fr\/wp-json\/wp\/v2\/media?parent=6331"}],"wp:term":[{"taxonomy":"category","embeddable":true,"href":"https:\/\/blog.insieme.ch\/fr\/wp-json\/wp\/v2\/categories?post=6331"},{"taxonomy":"post_tag","embeddable":true,"href":"https:\/\/blog.insieme.ch\/fr\/wp-json\/wp\/v2\/tags?post=6331"}],"curies":[{"name":"wp","href":"https:\/\/api.w.org\/{rel}","templated":true}]}}