{"id":6242,"date":"2024-09-09T15:36:41","date_gmt":"2024-09-09T13:36:41","guid":{"rendered":"https:\/\/blog.insieme.ch\/?p=6242"},"modified":"2024-09-09T15:37:16","modified_gmt":"2024-09-09T13:37:16","slug":"letat-doit-etre-mis-face-a-ses-responsabilites","status":"publish","type":"post","link":"https:\/\/blog.insieme.ch\/fr\/sante-et-qualite-de-vie\/letat-doit-etre-mis-face-a-ses-responsabilites\/","title":{"rendered":"\u00ab&#160;L\u2019Etat doit \u00eatre mis face \u00e0 ses responsabilit\u00e9s&#160;!&#160;\u00bb"},"content":{"rendered":"<p><!-- flzn:zn_pagebanner --><\/p>\n<header id=\"flzn-pagebanner-1\" class=\"zone zn-pagebanner is-alignfull with-bg bg-color is-bgc-yellow-light\"><span class=\"zone-bg bg-color bgc-yellow-light alignfull\"><\/span><\/p>\n<div class=\"zone-block zn-pagebanner-block alignfull va-center\"><\/div>\n<\/header>\n<p><!-- \/flzn:zn_pagebanner --><br \/>\n<!-- flzn:zn_text --><\/p>\n<div id=\"flzn-text-1\" class=\"zone zn-text is-alignwide\">\n<div class=\"zone-block zn-text-block alignwide va-top\">\n<div class=\"row mw-content-zone zn-text-row\">\n<div class=\"columns large-12\">\n<div class=\"row large-up-1 with-nice-alignment nbloc-1\">\n<div class=\"column zn-text-col\">\n<div class=\"column-inner\">\n<div class=\"wig-content mw-content\">\n<h4>Fin 2023, <a href=\"https:\/\/www.hesge.ch\/hets\/la-hets-geneve\/notre-actualite\/actualites\/etude-se-penche-les-situations-penurie-personnel-hes-domaine-social-suisse-romande\" target=\"_blank\" rel=\"noopener\">une enqu\u00eate men\u00e9e par la HES-SO<\/a> pointait le manque de personnel qualifi\u00e9 en travail social, en particulier dans les institutions du domaine du handicap. Quels sont les d\u00e9fis concrets dans la r\u00e9alit\u00e9&#160;&#160;? Et quelles en sont les cons\u00e9quences sur les personnes en situation de handicap et leurs familles&#160;&#160;?<\/h4>\n<p><!--more--><\/p>\n<p>Inquiets face \u00e0 la p\u00e9joration de la qualit\u00e9 de vie de leurs enfants, jeunes adultes vivant en institution, de nombreux parents se sont r\u00e9unis il y a deux ans sur l\u2019initiative d\u2019<a href=\"https:\/\/www.insieme-ge.ch\/\" target=\"_blank\" rel=\"noopener\">insieme Gen\u00e8ve<\/a>. Les r\u00e9sultats de <a href=\"https:\/\/www.hesge.ch\/hets\/la-hets-geneve\/notre-actualite\/actualites\/etude-se-penche-les-situations-penurie-personnel-hes-domaine-social-suisse-romande\" target=\"_blank\" rel=\"noopener\">l\u2019enqu\u00eate men\u00e9e par la HES-SO<\/a> n\u2019ont donc pas surpris l\u2019association, qui avait d\u00e9j\u00e0 observ\u00e9 certains changements, comme \u00ab&#160;&#160;un grand tournus au niveau du personnel socio-\u00e9ducatif, le recours \u00e0 des int\u00e9rimaires, davantage d\u2019engagements d\u2019assistant\u00b7e\u00b7s socio \u00e9ducatif\u00b7ve\u00b7s ou encore un manque de communication&#160;&#160;\u00bb, explique C\u00e9line Laidevant, \u00a0sa secr\u00e9taire g\u00e9n\u00e9rale.<\/p>\n<blockquote>\n<p>Le constat dress\u00e9 par l\u2019association est clair&#160;&#160;: les prestations individuelles font d\u00e9faut, les activit\u00e9s physiques et les sorties plus rares.<\/p>\n<\/blockquote>\n<p>De plus, les parents se voient d\u00e9sormais de plus en plus sollicit\u00e9s. Le constat dress\u00e9 par l\u2019association est clair&#160;&#160;: les prestations individuelles font d\u00e9faut, les activit\u00e9s physiques et les sorties plus rares.<\/p>\n<h2>R\u00e9pondre \u00e0 des besoins croissants&#160;&#160;? Oui, mais avec moins de ressources<\/h2>\n<p>Le manque de candidat\u00b7e\u00b7s qualifi\u00e9\u00b7e\u00b7s, <a href=\"https:\/\/labranche.ch\/\" target=\"_blank\" rel=\"noopener\">l\u2019association La Branche (VD)<\/a> doit y faire face. Cette p\u00e9nurie intervient \u00e0 une p\u00e9riode o\u00f9 elle est amen\u00e9e \u00e0 augmenter sa capacit\u00e9 d\u2019accueil&#160;&#160;: \u00ab&#160;&#160;Chez les jeunes adultes de 18-20 ans, une part plus importante qu\u2019il y a dix ans a des besoins tr\u00e8s sp\u00e9cifiques, des troubles du comportement, une hypersensibilit\u00e9 ou encore des troubles sensoriels. Il faut \u00e9galement int\u00e9grer la dimension sant\u00e9 dans l\u2019accompagnement&#160;&#160;\u00bb, explique St\u00e9phane Delgrande, son directeur jusqu\u2019\u00e0 mars dernier.<\/p>\n<\/p><\/div>\n<\/p><\/div>\n<\/p><\/div>\n<\/p><\/div>\n<\/p><\/div>\n<\/p><\/div>\n<\/div>\n<\/div>\n<p><!-- \/flzn:zn_text --><br \/>\n<!-- flzn:zn_quote --><\/p>\n<div id=\"flzn-quote-1\" class=\"zone zn-quote is-alignwide\">\n<div class=\"zone-block zn-quote-block pdd-bottom alignwide va-top\">\n<div class=\"row mw-content-zone\">\n<div class=\"large-12 columns\">\n<div class=\"quotebox with-img\">\n<div class=\"quotebox-inner\">\n<figure class=\"quotebox-img\">\n\t\t\t\t\t\t\t<img decoding=\"async\" src=\"https:\/\/blog.insieme.ch\/wp-inside\/uploads\/2024\/09\/1667466616625-150x150.jpg\" alt=\"St\u00e9phane Delgrande\" \/><br \/>\n\t\t\t\t\t\t<\/figure>\n<blockquote class=\"quotebox-content\">\n<div class=\"quotebox-content-inner\">\n<p class=\"quotebox-desc\">Chez les jeunes adultes de 18-20 ans, une part plus importante qu\u2019il y a dix ans a des besoins tr\u00e8s sp\u00e9cifiques, des troubles du comportement, une hypersensibilit\u00e9 ou encore des troubles sensoriels. Il faut \u00e9galement int\u00e9grer la dimension sant\u00e9 dans l\u2019accompagnement <\/p>\n<p>\t\t\t\t\t\t\t\t\t\t\t\t\t\t<cite class=\"quotebox-author\"><br \/>\n\t\t\t\t\t\t\t\t<span class=\"quotebox-name\">St\u00e9phane Delgrande<\/span>, \t\t\t\t\t\t\t\t<span class=\"quotebox-nameinfos\">ancien directeur de l&rsquo;association La Branche<\/span>\t\t\t\t\t\t\t<\/cite>\n\t\t\t\t\t\t\t\t\t\t\t\t\t<\/div>\n<\/blockquote><\/div>\n<\/p><\/div>\n<\/p><\/div>\n<\/p><\/div>\n<\/div>\n<\/div>\n<p><!-- \/flzn:zn_quote --><br \/>\n<!-- flzn:zn_text --><\/p>\n<div id=\"flzn-text-2\" class=\"zone zn-text is-alignwide\">\n<div class=\"zone-block zn-text-block alignwide va-top\">\n<div class=\"row mw-content-zone zn-text-row\">\n<div class=\"columns large-12\">\n<div class=\"row large-up-1 with-nice-alignment nbloc-1\">\n<div class=\"column zn-text-col\">\n<div class=\"column-inner\">\n<div class=\"wig-content mw-content\">\n<p>L\u2019h\u00e9bergement \u00e9ducatif avec des prestations n\u00e9cessitant un accompagnement 24h\/24, 365 jours par ann\u00e9e et comportant des horaires irr\u00e9guliers est particuli\u00e8rement touch\u00e9, d\u00e9taille-t-il. La Branche fait ponctuellement appel \u00e0 des rempla\u00e7ant\u00b7e\u00b7s, le temps de trouver l\u2019employ\u00e9\u00b7e r\u00e9pondant aux qualifications initialement demand\u00e9es.<\/p>\n<p>D\u2019autres \u00e9tablissements ont d\u00fb faire des choix lourds de cons\u00e9quences. C\u2019est le cas de l\u2019institution vaudoise o\u00f9 r\u00e9side le fils de Catherine Mollard. En raison d\u2019un manque d\u2019\u00e9ducateur\u00b7trice\u00b7s,\u00a0\u00a0la prise en charge de celui-ci ne peut plus \u00eatre assur\u00e9e durant les week-ends. \u00ab&#160;&#160;Pour une fin d\u2019accueil au 5 janvier, on nous a annonc\u00e9 cette nouvelle juste avant No\u00ebl&#160;&#160;! Une encadrante est partie en mai, un autre en d\u00e9cembre. Recruter est impossible&#160;&#160;\u00bb, se d\u00e9sole celle qui est aussi assistante d\u2019int\u00e9gration en milieu scolaire.<\/p>\n<p>&nbsp;<\/p>\n<div id=\"attachment_6243\" class=\"wp-caption alignnone\" style=\"width:100%;max-width:800px\"><img loading=\"lazy\" decoding=\"async\" class=\"wp-image-6243 size-800w\" src=\"https:\/\/blog.insieme.ch\/wp-inside\/uploads\/2024\/09\/beitrag_bild-2-800x533.jpg\" alt=\"Une femme tient la main d'une jeune homme, qui lui montre une petit image.\" width=\"800\" height=\"533\" srcset=\"https:\/\/blog.insieme.ch\/wp-inside\/uploads\/2024\/09\/beitrag_bild-2-800x533.jpg 800w, https:\/\/blog.insieme.ch\/wp-inside\/uploads\/2024\/09\/beitrag_bild-2-300x200.jpg 300w, https:\/\/blog.insieme.ch\/wp-inside\/uploads\/2024\/09\/beitrag_bild-2-1024x682.jpg 1024w, https:\/\/blog.insieme.ch\/wp-inside\/uploads\/2024\/09\/beitrag_bild-2-768x512.jpg 768w, https:\/\/blog.insieme.ch\/wp-inside\/uploads\/2024\/09\/beitrag_bild-2-1536x1024.jpg 1536w, https:\/\/blog.insieme.ch\/wp-inside\/uploads\/2024\/09\/beitrag_bild-2-320x213.jpg 320w, https:\/\/blog.insieme.ch\/wp-inside\/uploads\/2024\/09\/beitrag_bild-2-1920x1280.jpg 1920w, https:\/\/blog.insieme.ch\/wp-inside\/uploads\/2024\/09\/beitrag_bild-2.jpg 2000w\" sizes=\"auto, (max-width: 800px) 100vw, 800px\" \/><\/p>\n<p class=\"wp-caption-text\">Pour le fils de Catherine Mollard, la continuit\u00e9 du lien est essentielle. \u00a9 Patrick Gill\u00e9ron-Lopreno<\/p>\n<\/div>\n<p>&nbsp;<\/p>\n<p>Continuit\u00e9 et d\u00e9veloppement du lien sont essentiels dans l\u2019accompagnement de son fils de 22 ans, qui a des comportements-d\u00e9fis et des troubles autistiques. La d\u00e9cision de ne plus proposer d\u2019accueil en fin de semaine plut\u00f4t que d\u2019engager des int\u00e9rimaires, Catherine Mollard la comprend donc. Mais ne l\u2019accepte pas pour autant&#160;&#160;: \u00ab&#160;&#160;En termes de fatigue et d\u2019investissement personnel, les week-ends sont terribles. L\u2019Etat doit \u00eatre mis face \u00e0 ses responsabilit\u00e9s&#160;&#160;!&#160;&#160;\u00bb, s\u2019exclame-t-elle, entre d\u00e9sespoir et col\u00e8re.<\/p>\n<\/p><\/div>\n<\/p><\/div>\n<\/p><\/div>\n<\/p><\/div>\n<\/p><\/div>\n<\/p><\/div>\n<\/div>\n<\/div>\n<p><!-- \/flzn:zn_text --><br \/>\n<!-- flzn:zn_quote --><\/p>\n<div id=\"flzn-quote-2\" class=\"zone zn-quote is-alignwide\">\n<div class=\"zone-block zn-quote-block alignwide va-top\">\n<div class=\"row mw-content-zone\">\n<div class=\"large-12 columns\">\n<div class=\"quotebox with-img\">\n<div class=\"quotebox-inner\">\n<figure class=\"quotebox-img\">\n\t\t\t\t\t\t\t<img decoding=\"async\" src=\"https:\/\/blog.insieme.ch\/wp-inside\/uploads\/2024\/09\/mollard_003-scaled-e1725887465124-150x150.jpg\" alt=\"Catherine Mollard\" \/><br \/>\n\t\t\t\t\t\t<\/figure>\n<blockquote class=\"quotebox-content\">\n<div class=\"quotebox-content-inner\">\n<p class=\"quotebox-desc\">En termes de fatigue et d\u2019investissement personnel, les week-ends sont terribles. L\u2019Etat doit \u00eatre mis face \u00e0 ses responsabilit\u00e9s&#160;&#160;!<\/p>\n<p>\t\t\t\t\t\t\t\t\t\t\t\t\t\t<cite class=\"quotebox-author\"><br \/>\n\t\t\t\t\t\t\t\t<span class=\"quotebox-name\">Catherine Mollard<\/span>, \t\t\t\t\t\t\t\t<span class=\"quotebox-nameinfos\">maman d&rsquo;une jeune homme ayant a des comportements-d\u00e9fis et des troubles autistiques<\/span>\t\t\t\t\t\t\t<\/cite>\n\t\t\t\t\t\t\t\t\t\t\t\t\t<\/div>\n<\/blockquote><\/div>\n<\/p><\/div>\n<\/p><\/div>\n<\/p><\/div>\n<\/div>\n<\/div>\n<p><!-- \/flzn:zn_quote --><br \/>\n<!-- flzn:zn_text --><\/p>\n<div id=\"flzn-text-3\" class=\"zone zn-text is-alignwide\">\n<div class=\"zone-block zn-text-block alignwide va-top\">\n<div class=\"row mw-content-zone zn-text-row\">\n<div class=\"columns large-12\">\n<div class=\"row large-up-1 with-nice-alignment nbloc-1\">\n<div class=\"column zn-text-col\">\n<div class=\"column-inner\">\n<div class=\"wig-content mw-content\">\n<h2><\/h2>\n<h2>Aux situations complexes, les comp\u00e9tences sp\u00e9cifiques<\/h2>\n<p>Augusto Cosatti, pr\u00e9sident d\u2019<a href=\"https:\/\/www.insieme-ge.ch\/\" target=\"_blank\" rel=\"noopener\">insieme Gen\u00e8ve<\/a>, fait face \u00e0 un personnel parfois d\u00e9muni lors des crises de sa fille de 28 ans, qui pr\u00e9sente des comportements-d\u00e9fis. Un accompagnement 1 pour 1 serait \u00e0 ses yeux n\u00e9cessaire lorsque celle-ci \u00ab&#160;&#160;entre en crise&#160;&#160;\u00bb. \u00ab&#160;&#160;Il est important que le personnel soit \u00e9quip\u00e9 de moyens \u00e9ducatifs. Sans cela, il se met en danger, lui et la personne accompagn\u00e9e&#160;&#160;\u00bb, pr\u00e9vient-il.<\/p>\n<blockquote>\n<p>Il est important que le personnel soit \u00e9quip\u00e9 de moyens \u00e9ducatifs. Sans cela, il se met en danger, lui et la personne accompagn\u00e9e<\/p>\n<\/blockquote>\n<p>La baisse de qualification des profils engag\u00e9s, le manque de diversit\u00e9 au niveau des professions tout comme l\u2019important turnover au sein des \u00e9quipes a \u00e9galement des r\u00e9percussions sur la communication avec les familles. C\u2019est ce que ressent cette maman et curatrice d\u2019un jeune homme, qui d\u00e9plore ne pas avoir \u00e9t\u00e9 inform\u00e9e du d\u00e9part de sa r\u00e9f\u00e9rente ou ne plus obtenir des comptes rendus hebdomadaires. Un retour qui, auparavant, se faisait syst\u00e9matiquement.<\/p>\n<blockquote>\n<p>J\u2019ai l\u2019impression que, dor\u00e9navant, les personnes doivent s\u2019adapter aux \u00e9ducateur\u00b7trice\u00b7s, \u00e0 leur lieu de vie et aux activit\u00e9s, et non plus l\u2019inverse.<\/p>\n<\/blockquote>\n<p>Or depuis la p\u00e9riode COVID, la transmission des informations s\u2019est p\u00e9jor\u00e9e, observe-t-elle. Mais, plus pr\u00e9occupant encore, l\u2019atteinte \u00e0 l\u2019autod\u00e9termination de son fils, notamment dans la gestion du partenariat. Ce dernier implique que la personne concern\u00e9e, les parents, le corps m\u00e9dical et les \u00e9ducateur\u00b7trice\u00b7s s\u2019engagent \u00e0 avancer dans la m\u00eame direction, en respectant le projet de la personne. \u00ab&#160;&#160;Or nous n\u2019avons plus eu d\u2019\u00e9changes sur le projet de mon fils depuis 2022. J\u2019ai l\u2019impression que, dor\u00e9navant, les personnes doivent s\u2019adapter aux \u00e9ducateur\u00b7trice\u00b7s, \u00e0 leur lieu de vie et aux activit\u00e9s, et non plus l\u2019inverse&#160;&#160;\u00bb, s\u2019inqui\u00e8te-t-elle.<\/p>\n<\/p><\/div>\n<\/p><\/div>\n<\/p><\/div>\n<\/p><\/div>\n<\/p><\/div>\n<\/p><\/div>\n<\/div>\n<\/div>\n<p><!-- \/flzn:zn_text --><br \/>\n<!-- flzn:zn_text --><\/p>\n<div id=\"flzn-text-4\" class=\"zone zn-text is-alignwide with-bg bg-color is-bgc-yellow-light\"><span class=\"zone-bg bg-color bgc-yellow-light alignfull\"><\/span><\/p>\n<div class=\"zone-block zn-text-block alignwide va-top\">\n<div class=\"row mw-content-zone zn-text-row\">\n<div class=\"columns large-12\">\n<div class=\"row large-up-1 with-nice-alignment nbloc-1\">\n<div class=\"column zn-text-col\">\n<div class=\"column-inner\">\n<div class=\"wig-content mw-content\">\n<h2 style=\"text-align: center;\">Handicap&#160;&#160;: comment valoriser les m\u00e9tiers du social&#160;&#160;?<\/h2>\n<p style=\"text-align: center;\">Pour<a href=\"https:\/\/www.insieme-ge.ch\/\" target=\"_blank\" rel=\"noopener\"> insieme Gen\u00e8ve<\/a>, des modules d\u2019enseignement sur la d\u00e9ficience intellectuelle et l\u2019autisme doivent \u00eatre int\u00e9gr\u00e9s dans la formation initiale HES et aussi dans le cursus de tous les professionnel\u00b7le\u00b7s ayant un lien avec le handicap. Afin d\u2019\u00eatre force de proposition, elle a lanc\u00e9, avec <a href=\"https:\/\/www.cerebral-geneve.ch\/fr\/\" target=\"_blank\" rel=\"noopener\">Cerebral Gen\u00e8ve<\/a>, un groupe de travail r\u00e9unissant l\u2019Etat et des repr\u00e9sentant\u00b7e\u00b7s des institutions du canton. Mais comment, en parall\u00e8le, attirer de futur\u00b7e\u00b7s candidat\u00b7e\u00b7s \u00e0 s\u2019int\u00e9resser au monde du handicap&#160;&#160;? Inviter des acteur\u00b7trice\u00b7s du monde institutionnel \u00e0 pr\u00e9senter des projets pilotes lors de la formation initiale pourrait \u00eatre un levier d\u2019attraction, estime St\u00e9phane Delgrande. Tout comme l\u2019introduction, dans le cursus, d\u2019un stage obligatoire dans le domaine du handicap&#160;&#160;: \u00ab&#160;&#160;J\u2019ai l\u2019impression qu\u2019une fois d\u00e9couvert cet univers, les \u00e9tudiant\u00b7e\u00b7s ont envie d\u2019y travailler. Notre plus grand d\u00e9fi reste de changer le regard du grand public sur la mission de l\u2019accompagnement des personnes vivant avec un handicap&#160;&#160;: celle-ci est int\u00e9ressante et pas seulement ardue.&#160;&#160;\u00bb<\/p>\n<\/p><\/div>\n<\/p><\/div>\n<\/p><\/div>\n<\/p><\/div>\n<\/p><\/div>\n<\/p><\/div>\n<\/div>\n<\/div>\n<p><!-- \/flzn:zn_text --><\/p>\n","protected":false},"excerpt":{"rendered":"<p>Une enqu\u00eate de la HES-SO pointait le manque de personnel qualifi\u00e9 en travail social, en particulier dans les institutions du domaine du handicap. La maman d&rsquo;un jeune ayant a des comportements-d\u00e9fis t\u00e9moigne.<\/p>\n","protected":false},"author":2,"featured_media":6257,"comment_status":"open","ping_status":"open","sticky":false,"template":"","format":"standard","meta":{"_acf_changed":false,"footnotes":""},"categories":[21],"tags":[],"class_list":["post-6242","post","type-post","status-publish","format-standard","has-post-thumbnail","hentry","category-sante-et-qualite-de-vie","wp-sticky"],"acf":[],"yoast_head":"<!-- This site is optimized with the Yoast SEO plugin v27.5 - https:\/\/yoast.com\/product\/yoast-seo-wordpress\/ -->\n<title>\u00abL\u2019Etat doit \u00eatre mis face \u00e0 ses responsabilit\u00e9s!\u00bb<\/title>\n<meta name=\"description\" content=\"Une enqu\u00eate de la HES-SO pointait le manque de personnel qualifi\u00e9 en travail social, en particulier dans les institutions du domaine du handicap. La maman d&#039;homme ayant a des comportements-d\u00e9fis t\u00e9moigne.\" \/>\n<meta name=\"robots\" content=\"index, follow, max-snippet:-1, max-image-preview:large, max-video-preview:-1\" \/>\n<link rel=\"canonical\" href=\"https:\/\/blog.insieme.ch\/fr\/sante-et-qualite-de-vie\/letat-doit-etre-mis-face-a-ses-responsabilites\/\" \/>\n<meta property=\"og:locale\" content=\"fr_FR\" \/>\n<meta property=\"og:type\" content=\"article\" \/>\n<meta property=\"og:title\" content=\"\u00abL\u2019Etat doit \u00eatre mis face \u00e0 ses responsabilit\u00e9s!\u00bb\" \/>\n<meta property=\"og:description\" content=\"Une enqu\u00eate de la HES-SO pointait le manque de personnel qualifi\u00e9 en travail social, en particulier dans les institutions du domaine du handicap. La maman d&#039;homme ayant a des comportements-d\u00e9fis t\u00e9moigne.\" \/>\n<meta property=\"og:url\" content=\"https:\/\/blog.insieme.ch\/fr\/sante-et-qualite-de-vie\/letat-doit-etre-mis-face-a-ses-responsabilites\/\" \/>\n<meta property=\"og:site_name\" content=\"insieme Blog\" \/>\n<meta property=\"article:publisher\" content=\"https:\/\/www.facebook.com\/insiemeSuisse\/\" \/>\n<meta property=\"article:published_time\" content=\"2024-09-09T13:36:41+00:00\" \/>\n<meta property=\"article:modified_time\" content=\"2024-09-09T13:37:16+00:00\" \/>\n<meta property=\"og:image\" content=\"https:\/\/blog.insieme.ch\/wp-inside\/uploads\/2024\/09\/mollard_012.jpg\" \/>\n\t<meta property=\"og:image:width\" content=\"2000\" \/>\n\t<meta property=\"og:image:height\" content=\"1333\" \/>\n\t<meta property=\"og:image:type\" content=\"image\/jpeg\" \/>\n<meta name=\"author\" content=\"Lise Tran\" \/>\n<meta name=\"twitter:card\" content=\"summary_large_image\" \/>\n<meta name=\"twitter:creator\" content=\"@insiemeSuisse\" \/>\n<meta name=\"twitter:site\" content=\"@insiemeSuisse\" \/>\n<meta name=\"twitter:label1\" content=\"\u00c9crit par\" \/>\n\t<meta name=\"twitter:data1\" content=\"Lise Tran\" \/>\n\t<meta name=\"twitter:label2\" content=\"Dur\u00e9e de lecture estim\u00e9e\" \/>\n\t<meta name=\"twitter:data2\" content=\"6 minutes\" \/>\n<script type=\"application\/ld+json\" class=\"yoast-schema-graph\">{\"@context\":\"https:\\\/\\\/schema.org\",\"@graph\":[{\"@type\":\"Article\",\"@id\":\"https:\\\/\\\/blog.insieme.ch\\\/fr\\\/sante-et-qualite-de-vie\\\/letat-doit-etre-mis-face-a-ses-responsabilites\\\/#article\",\"isPartOf\":{\"@id\":\"https:\\\/\\\/blog.insieme.ch\\\/fr\\\/sante-et-qualite-de-vie\\\/letat-doit-etre-mis-face-a-ses-responsabilites\\\/\"},\"author\":{\"name\":\"Lise Tran\",\"@id\":\"https:\\\/\\\/blog.insieme.ch\\\/fr\\\/#\\\/schema\\\/person\\\/3221ad8fe089e1e3b6f9a5ea253e648c\"},\"headline\":\"\u00ab&#160;L\u2019Etat doit \u00eatre mis face \u00e0 ses responsabilit\u00e9s&#160;!&#160;\u00bb\",\"datePublished\":\"2024-09-09T13:36:41+00:00\",\"dateModified\":\"2024-09-09T13:37:16+00:00\",\"mainEntityOfPage\":{\"@id\":\"https:\\\/\\\/blog.insieme.ch\\\/fr\\\/sante-et-qualite-de-vie\\\/letat-doit-etre-mis-face-a-ses-responsabilites\\\/\"},\"wordCount\":1201,\"commentCount\":0,\"publisher\":{\"@id\":\"https:\\\/\\\/blog.insieme.ch\\\/fr\\\/#organization\"},\"image\":{\"@id\":\"https:\\\/\\\/blog.insieme.ch\\\/fr\\\/sante-et-qualite-de-vie\\\/letat-doit-etre-mis-face-a-ses-responsabilites\\\/#primaryimage\"},\"thumbnailUrl\":\"https:\\\/\\\/blog.insieme.ch\\\/wp-inside\\\/uploads\\\/2024\\\/09\\\/mollard_012.jpg\",\"articleSection\":[\"Sant\u00e9 et qualit\u00e9 de vie\"],\"inLanguage\":\"fr-FR\",\"potentialAction\":[{\"@type\":\"CommentAction\",\"name\":\"Comment\",\"target\":[\"https:\\\/\\\/blog.insieme.ch\\\/fr\\\/sante-et-qualite-de-vie\\\/letat-doit-etre-mis-face-a-ses-responsabilites\\\/#respond\"]}]},{\"@type\":\"WebPage\",\"@id\":\"https:\\\/\\\/blog.insieme.ch\\\/fr\\\/sante-et-qualite-de-vie\\\/letat-doit-etre-mis-face-a-ses-responsabilites\\\/\",\"url\":\"https:\\\/\\\/blog.insieme.ch\\\/fr\\\/sante-et-qualite-de-vie\\\/letat-doit-etre-mis-face-a-ses-responsabilites\\\/\",\"name\":\"\u00abL\u2019Etat doit \u00eatre mis face \u00e0 ses responsabilit\u00e9s!\u00bb\",\"isPartOf\":{\"@id\":\"https:\\\/\\\/blog.insieme.ch\\\/fr\\\/#website\"},\"primaryImageOfPage\":{\"@id\":\"https:\\\/\\\/blog.insieme.ch\\\/fr\\\/sante-et-qualite-de-vie\\\/letat-doit-etre-mis-face-a-ses-responsabilites\\\/#primaryimage\"},\"image\":{\"@id\":\"https:\\\/\\\/blog.insieme.ch\\\/fr\\\/sante-et-qualite-de-vie\\\/letat-doit-etre-mis-face-a-ses-responsabilites\\\/#primaryimage\"},\"thumbnailUrl\":\"https:\\\/\\\/blog.insieme.ch\\\/wp-inside\\\/uploads\\\/2024\\\/09\\\/mollard_012.jpg\",\"datePublished\":\"2024-09-09T13:36:41+00:00\",\"dateModified\":\"2024-09-09T13:37:16+00:00\",\"description\":\"Une enqu\u00eate de la HES-SO pointait le manque de personnel qualifi\u00e9 en travail social, en particulier dans les institutions du domaine du handicap. La maman d'homme ayant a des comportements-d\u00e9fis t\u00e9moigne.\",\"breadcrumb\":{\"@id\":\"https:\\\/\\\/blog.insieme.ch\\\/fr\\\/sante-et-qualite-de-vie\\\/letat-doit-etre-mis-face-a-ses-responsabilites\\\/#breadcrumb\"},\"inLanguage\":\"fr-FR\",\"potentialAction\":[{\"@type\":\"ReadAction\",\"target\":[\"https:\\\/\\\/blog.insieme.ch\\\/fr\\\/sante-et-qualite-de-vie\\\/letat-doit-etre-mis-face-a-ses-responsabilites\\\/\"]}]},{\"@type\":\"ImageObject\",\"inLanguage\":\"fr-FR\",\"@id\":\"https:\\\/\\\/blog.insieme.ch\\\/fr\\\/sante-et-qualite-de-vie\\\/letat-doit-etre-mis-face-a-ses-responsabilites\\\/#primaryimage\",\"url\":\"https:\\\/\\\/blog.insieme.ch\\\/wp-inside\\\/uploads\\\/2024\\\/09\\\/mollard_012.jpg\",\"contentUrl\":\"https:\\\/\\\/blog.insieme.ch\\\/wp-inside\\\/uploads\\\/2024\\\/09\\\/mollard_012.jpg\",\"width\":2000,\"height\":1333,\"caption\":\"Portraits d'Hugues et Catherine Mollard pour illustrer le manque de personnels dans les institutions d'Etat\"},{\"@type\":\"BreadcrumbList\",\"@id\":\"https:\\\/\\\/blog.insieme.ch\\\/fr\\\/sante-et-qualite-de-vie\\\/letat-doit-etre-mis-face-a-ses-responsabilites\\\/#breadcrumb\",\"itemListElement\":[{\"@type\":\"ListItem\",\"position\":1,\"name\":\"Accueil\",\"item\":\"https:\\\/\\\/blog.insieme.ch\\\/fr\\\/\"},{\"@type\":\"ListItem\",\"position\":2,\"name\":\"Sant\u00e9 et qualit\u00e9 de vie\",\"item\":\"https:\\\/\\\/blog.insieme.ch\\\/fr\\\/sante-et-qualite-de-vie\\\/\"},{\"@type\":\"ListItem\",\"position\":3,\"name\":\"\u00ab&#160;L\u2019Etat doit \u00eatre mis face \u00e0 ses responsabilit\u00e9s&#160;!&#160;\u00bb\"}]},{\"@type\":\"WebSite\",\"@id\":\"https:\\\/\\\/blog.insieme.ch\\\/fr\\\/#website\",\"url\":\"https:\\\/\\\/blog.insieme.ch\\\/fr\\\/\",\"name\":\"insieme Blog\",\"description\":\"Alles ausser gew\u00f6hnlich\",\"publisher\":{\"@id\":\"https:\\\/\\\/blog.insieme.ch\\\/fr\\\/#organization\"},\"potentialAction\":[{\"@type\":\"SearchAction\",\"target\":{\"@type\":\"EntryPoint\",\"urlTemplate\":\"https:\\\/\\\/blog.insieme.ch\\\/fr\\\/?s={search_term_string}\"},\"query-input\":{\"@type\":\"PropertyValueSpecification\",\"valueRequired\":true,\"valueName\":\"search_term_string\"}}],\"inLanguage\":\"fr-FR\"},{\"@type\":\"Organization\",\"@id\":\"https:\\\/\\\/blog.insieme.ch\\\/fr\\\/#organization\",\"name\":\"insieme Blog\",\"url\":\"https:\\\/\\\/blog.insieme.ch\\\/fr\\\/\",\"logo\":{\"@type\":\"ImageObject\",\"inLanguage\":\"fr-FR\",\"@id\":\"https:\\\/\\\/blog.insieme.ch\\\/fr\\\/#\\\/schema\\\/logo\\\/image\\\/\",\"url\":\"https:\\\/\\\/blog.insieme.ch\\\/wp-inside\\\/uploads\\\/2021\\\/04\\\/logo-insieme-blog.png\",\"contentUrl\":\"https:\\\/\\\/blog.insieme.ch\\\/wp-inside\\\/uploads\\\/2021\\\/04\\\/logo-insieme-blog.png\",\"width\":280,\"height\":81,\"caption\":\"insieme Blog\"},\"image\":{\"@id\":\"https:\\\/\\\/blog.insieme.ch\\\/fr\\\/#\\\/schema\\\/logo\\\/image\\\/\"},\"sameAs\":[\"https:\\\/\\\/www.facebook.com\\\/insiemeSuisse\\\/\",\"https:\\\/\\\/x.com\\\/insiemeSuisse\"]},{\"@type\":\"Person\",\"@id\":\"https:\\\/\\\/blog.insieme.ch\\\/fr\\\/#\\\/schema\\\/person\\\/3221ad8fe089e1e3b6f9a5ea253e648c\",\"name\":\"Lise Tran\",\"image\":{\"@type\":\"ImageObject\",\"inLanguage\":\"fr-FR\",\"@id\":\"https:\\\/\\\/secure.gravatar.com\\\/avatar\\\/4c1028ac8c35a45d0420275ec991fe6d9964020c33f7db80209f71a09cbfc3a8?s=96&d=mm&r=g\",\"url\":\"https:\\\/\\\/secure.gravatar.com\\\/avatar\\\/4c1028ac8c35a45d0420275ec991fe6d9964020c33f7db80209f71a09cbfc3a8?s=96&d=mm&r=g\",\"contentUrl\":\"https:\\\/\\\/secure.gravatar.com\\\/avatar\\\/4c1028ac8c35a45d0420275ec991fe6d9964020c33f7db80209f71a09cbfc3a8?s=96&d=mm&r=g\",\"caption\":\"Lise Tran\"},\"description\":\"Communication insieme\",\"url\":\"https:\\\/\\\/blog.insieme.ch\\\/fr\\\/author\\\/lise-tran\\\/\"}]}<\/script>\n<!-- \/ Yoast SEO plugin. -->","yoast_head_json":{"title":"\u00abL\u2019Etat doit \u00eatre mis face \u00e0 ses responsabilit\u00e9s!\u00bb","description":"Une enqu\u00eate de la HES-SO pointait le manque de personnel qualifi\u00e9 en travail social, en particulier dans les institutions du domaine du handicap. La maman d'homme ayant a des comportements-d\u00e9fis t\u00e9moigne.","robots":{"index":"index","follow":"follow","max-snippet":"max-snippet:-1","max-image-preview":"max-image-preview:large","max-video-preview":"max-video-preview:-1"},"canonical":"https:\/\/blog.insieme.ch\/fr\/sante-et-qualite-de-vie\/letat-doit-etre-mis-face-a-ses-responsabilites\/","og_locale":"fr_FR","og_type":"article","og_title":"\u00abL\u2019Etat doit \u00eatre mis face \u00e0 ses responsabilit\u00e9s!\u00bb","og_description":"Une enqu\u00eate de la HES-SO pointait le manque de personnel qualifi\u00e9 en travail social, en particulier dans les institutions du domaine du handicap. La maman d'homme ayant a des comportements-d\u00e9fis t\u00e9moigne.","og_url":"https:\/\/blog.insieme.ch\/fr\/sante-et-qualite-de-vie\/letat-doit-etre-mis-face-a-ses-responsabilites\/","og_site_name":"insieme Blog","article_publisher":"https:\/\/www.facebook.com\/insiemeSuisse\/","article_published_time":"2024-09-09T13:36:41+00:00","article_modified_time":"2024-09-09T13:37:16+00:00","og_image":[{"width":2000,"height":1333,"url":"https:\/\/blog.insieme.ch\/wp-inside\/uploads\/2024\/09\/mollard_012.jpg","type":"image\/jpeg"}],"author":"Lise Tran","twitter_card":"summary_large_image","twitter_creator":"@insiemeSuisse","twitter_site":"@insiemeSuisse","twitter_misc":{"\u00c9crit par":"Lise Tran","Dur\u00e9e de lecture estim\u00e9e":"6 minutes"},"schema":{"@context":"https:\/\/schema.org","@graph":[{"@type":"Article","@id":"https:\/\/blog.insieme.ch\/fr\/sante-et-qualite-de-vie\/letat-doit-etre-mis-face-a-ses-responsabilites\/#article","isPartOf":{"@id":"https:\/\/blog.insieme.ch\/fr\/sante-et-qualite-de-vie\/letat-doit-etre-mis-face-a-ses-responsabilites\/"},"author":{"name":"Lise Tran","@id":"https:\/\/blog.insieme.ch\/fr\/#\/schema\/person\/3221ad8fe089e1e3b6f9a5ea253e648c"},"headline":"\u00ab&#160;L\u2019Etat doit \u00eatre mis face \u00e0 ses responsabilit\u00e9s&#160;!&#160;\u00bb","datePublished":"2024-09-09T13:36:41+00:00","dateModified":"2024-09-09T13:37:16+00:00","mainEntityOfPage":{"@id":"https:\/\/blog.insieme.ch\/fr\/sante-et-qualite-de-vie\/letat-doit-etre-mis-face-a-ses-responsabilites\/"},"wordCount":1201,"commentCount":0,"publisher":{"@id":"https:\/\/blog.insieme.ch\/fr\/#organization"},"image":{"@id":"https:\/\/blog.insieme.ch\/fr\/sante-et-qualite-de-vie\/letat-doit-etre-mis-face-a-ses-responsabilites\/#primaryimage"},"thumbnailUrl":"https:\/\/blog.insieme.ch\/wp-inside\/uploads\/2024\/09\/mollard_012.jpg","articleSection":["Sant\u00e9 et qualit\u00e9 de vie"],"inLanguage":"fr-FR","potentialAction":[{"@type":"CommentAction","name":"Comment","target":["https:\/\/blog.insieme.ch\/fr\/sante-et-qualite-de-vie\/letat-doit-etre-mis-face-a-ses-responsabilites\/#respond"]}]},{"@type":"WebPage","@id":"https:\/\/blog.insieme.ch\/fr\/sante-et-qualite-de-vie\/letat-doit-etre-mis-face-a-ses-responsabilites\/","url":"https:\/\/blog.insieme.ch\/fr\/sante-et-qualite-de-vie\/letat-doit-etre-mis-face-a-ses-responsabilites\/","name":"\u00abL\u2019Etat doit \u00eatre mis face \u00e0 ses responsabilit\u00e9s!\u00bb","isPartOf":{"@id":"https:\/\/blog.insieme.ch\/fr\/#website"},"primaryImageOfPage":{"@id":"https:\/\/blog.insieme.ch\/fr\/sante-et-qualite-de-vie\/letat-doit-etre-mis-face-a-ses-responsabilites\/#primaryimage"},"image":{"@id":"https:\/\/blog.insieme.ch\/fr\/sante-et-qualite-de-vie\/letat-doit-etre-mis-face-a-ses-responsabilites\/#primaryimage"},"thumbnailUrl":"https:\/\/blog.insieme.ch\/wp-inside\/uploads\/2024\/09\/mollard_012.jpg","datePublished":"2024-09-09T13:36:41+00:00","dateModified":"2024-09-09T13:37:16+00:00","description":"Une enqu\u00eate de la HES-SO pointait le manque de personnel qualifi\u00e9 en travail social, en particulier dans les institutions du domaine du handicap. La maman d'homme ayant a des comportements-d\u00e9fis t\u00e9moigne.","breadcrumb":{"@id":"https:\/\/blog.insieme.ch\/fr\/sante-et-qualite-de-vie\/letat-doit-etre-mis-face-a-ses-responsabilites\/#breadcrumb"},"inLanguage":"fr-FR","potentialAction":[{"@type":"ReadAction","target":["https:\/\/blog.insieme.ch\/fr\/sante-et-qualite-de-vie\/letat-doit-etre-mis-face-a-ses-responsabilites\/"]}]},{"@type":"ImageObject","inLanguage":"fr-FR","@id":"https:\/\/blog.insieme.ch\/fr\/sante-et-qualite-de-vie\/letat-doit-etre-mis-face-a-ses-responsabilites\/#primaryimage","url":"https:\/\/blog.insieme.ch\/wp-inside\/uploads\/2024\/09\/mollard_012.jpg","contentUrl":"https:\/\/blog.insieme.ch\/wp-inside\/uploads\/2024\/09\/mollard_012.jpg","width":2000,"height":1333,"caption":"Portraits d'Hugues et Catherine Mollard pour illustrer le manque de personnels dans les institutions d'Etat"},{"@type":"BreadcrumbList","@id":"https:\/\/blog.insieme.ch\/fr\/sante-et-qualite-de-vie\/letat-doit-etre-mis-face-a-ses-responsabilites\/#breadcrumb","itemListElement":[{"@type":"ListItem","position":1,"name":"Accueil","item":"https:\/\/blog.insieme.ch\/fr\/"},{"@type":"ListItem","position":2,"name":"Sant\u00e9 et qualit\u00e9 de vie","item":"https:\/\/blog.insieme.ch\/fr\/sante-et-qualite-de-vie\/"},{"@type":"ListItem","position":3,"name":"\u00ab&#160;L\u2019Etat doit \u00eatre mis face \u00e0 ses responsabilit\u00e9s&#160;!&#160;\u00bb"}]},{"@type":"WebSite","@id":"https:\/\/blog.insieme.ch\/fr\/#website","url":"https:\/\/blog.insieme.ch\/fr\/","name":"insieme Blog","description":"Alles ausser gew\u00f6hnlich","publisher":{"@id":"https:\/\/blog.insieme.ch\/fr\/#organization"},"potentialAction":[{"@type":"SearchAction","target":{"@type":"EntryPoint","urlTemplate":"https:\/\/blog.insieme.ch\/fr\/?s={search_term_string}"},"query-input":{"@type":"PropertyValueSpecification","valueRequired":true,"valueName":"search_term_string"}}],"inLanguage":"fr-FR"},{"@type":"Organization","@id":"https:\/\/blog.insieme.ch\/fr\/#organization","name":"insieme Blog","url":"https:\/\/blog.insieme.ch\/fr\/","logo":{"@type":"ImageObject","inLanguage":"fr-FR","@id":"https:\/\/blog.insieme.ch\/fr\/#\/schema\/logo\/image\/","url":"https:\/\/blog.insieme.ch\/wp-inside\/uploads\/2021\/04\/logo-insieme-blog.png","contentUrl":"https:\/\/blog.insieme.ch\/wp-inside\/uploads\/2021\/04\/logo-insieme-blog.png","width":280,"height":81,"caption":"insieme Blog"},"image":{"@id":"https:\/\/blog.insieme.ch\/fr\/#\/schema\/logo\/image\/"},"sameAs":["https:\/\/www.facebook.com\/insiemeSuisse\/","https:\/\/x.com\/insiemeSuisse"]},{"@type":"Person","@id":"https:\/\/blog.insieme.ch\/fr\/#\/schema\/person\/3221ad8fe089e1e3b6f9a5ea253e648c","name":"Lise Tran","image":{"@type":"ImageObject","inLanguage":"fr-FR","@id":"https:\/\/secure.gravatar.com\/avatar\/4c1028ac8c35a45d0420275ec991fe6d9964020c33f7db80209f71a09cbfc3a8?s=96&d=mm&r=g","url":"https:\/\/secure.gravatar.com\/avatar\/4c1028ac8c35a45d0420275ec991fe6d9964020c33f7db80209f71a09cbfc3a8?s=96&d=mm&r=g","contentUrl":"https:\/\/secure.gravatar.com\/avatar\/4c1028ac8c35a45d0420275ec991fe6d9964020c33f7db80209f71a09cbfc3a8?s=96&d=mm&r=g","caption":"Lise Tran"},"description":"Communication insieme","url":"https:\/\/blog.insieme.ch\/fr\/author\/lise-tran\/"}]}},"featured_media_url":"https:\/\/blog.insieme.ch\/wp-inside\/uploads\/2024\/09\/mollard_012-1024x682.jpg","_links":{"self":[{"href":"https:\/\/blog.insieme.ch\/fr\/wp-json\/wp\/v2\/posts\/6242","targetHints":{"allow":["GET"]}}],"collection":[{"href":"https:\/\/blog.insieme.ch\/fr\/wp-json\/wp\/v2\/posts"}],"about":[{"href":"https:\/\/blog.insieme.ch\/fr\/wp-json\/wp\/v2\/types\/post"}],"author":[{"embeddable":true,"href":"https:\/\/blog.insieme.ch\/fr\/wp-json\/wp\/v2\/users\/2"}],"replies":[{"embeddable":true,"href":"https:\/\/blog.insieme.ch\/fr\/wp-json\/wp\/v2\/comments?post=6242"}],"version-history":[{"count":15,"href":"https:\/\/blog.insieme.ch\/fr\/wp-json\/wp\/v2\/posts\/6242\/revisions"}],"predecessor-version":[{"id":6265,"href":"https:\/\/blog.insieme.ch\/fr\/wp-json\/wp\/v2\/posts\/6242\/revisions\/6265"}],"wp:featuredmedia":[{"embeddable":true,"href":"https:\/\/blog.insieme.ch\/fr\/wp-json\/wp\/v2\/media\/6257"}],"wp:attachment":[{"href":"https:\/\/blog.insieme.ch\/fr\/wp-json\/wp\/v2\/media?parent=6242"}],"wp:term":[{"taxonomy":"category","embeddable":true,"href":"https:\/\/blog.insieme.ch\/fr\/wp-json\/wp\/v2\/categories?post=6242"},{"taxonomy":"post_tag","embeddable":true,"href":"https:\/\/blog.insieme.ch\/fr\/wp-json\/wp\/v2\/tags?post=6242"}],"curies":[{"name":"wp","href":"https:\/\/api.w.org\/{rel}","templated":true}]}}