{"id":6236,"date":"2024-08-22T16:56:14","date_gmt":"2024-08-22T14:56:14","guid":{"rendered":"https:\/\/blog.insieme.ch\/?p=6236"},"modified":"2024-08-22T16:56:14","modified_gmt":"2024-08-22T14:56:14","slug":"open-air-de-gampel-dj-baecheli-dechire","status":"publish","type":"post","link":"https:\/\/blog.insieme.ch\/fr\/loisirs\/open-air-de-gampel-dj-baecheli-dechire\/","title":{"rendered":"Open Air de Gampel&#160;: DJ B\u00e4cheli d\u00e9chire&#160;!"},"content":{"rendered":"<p><!-- flzn:zn_pagebanner --><\/p>\n<header id=\"flzn-pagebanner-1\" class=\"zone zn-pagebanner is-alignfull with-bg bg-color is-bgc-yellow-light\"><span class=\"zone-bg bg-color bgc-yellow-light alignfull\"><\/span><\/p>\n<div class=\"zone-block zn-pagebanner-block alignfull va-center\"><\/div>\n<\/header>\n<p><!-- \/flzn:zn_pagebanner --><br \/>\n<!-- flzn:zn_text --><\/p>\n<div id=\"flzn-text-1\" class=\"zone zn-text is-alignwide\">\n<div class=\"zone-block zn-text-block alignwide va-top\">\n<div class=\"row mw-content-zone zn-text-row\">\n<div class=\"columns large-12\">\n<div class=\"row large-up-1 with-nice-alignment nbloc-1\">\n<div class=\"column zn-text-col\">\n<div class=\"column-inner\">\n<div class=\"wig-content mw-content\">\n<h4>Vendredi dernier, de nombreux DJs ont \u00e9lectris\u00e9 la sc\u00e8ne de l&rsquo;Open Air de Gampel. Parmi ces derniers, DJ B\u00e4chli a marqu\u00e9 les esprits. Originaire de Zollikon (ZH), le jeune homme est le premier artiste vivant avec une trisomie 21 \u00e0 mixer dans un festival de cette renomm\u00e9e. Je l\u2019ai rencontr\u00e9 peu avant sa prestation.<\/h4>\n<p><!--more--><\/p>\n<p>J&rsquo;arrive \u00e0 l&rsquo;Open Air de Gampel, laissant nombre de d\u00e9tours derri\u00e8re moi. Le site du festival, entour\u00e9 de montagnes, voit affluer des jeunes gens de toutes parts. A l&rsquo;entr\u00e9e, je rencontre Fabian B\u00e4chli, alias DJ B\u00e4chli. Muni de sa valise de DJ, il est accompagn\u00e9 du partenaire de sa m\u00e8re, Wolfgang Walter Wulle.<\/p>\n<div id=\"attachment_6201\" class=\"wp-caption alignnone\" style=\"width:100%;max-width:800px\"><img loading=\"lazy\" decoding=\"async\" class=\"wp-image-6201 size-800w\" src=\"https:\/\/blog.insieme.ch\/wp-inside\/uploads\/2024\/08\/1-800x600.jpg\" alt=\"\" width=\"800\" height=\"600\" srcset=\"https:\/\/blog.insieme.ch\/wp-inside\/uploads\/2024\/08\/1-800x600.jpg 800w, https:\/\/blog.insieme.ch\/wp-inside\/uploads\/2024\/08\/1-300x225.jpg 300w, https:\/\/blog.insieme.ch\/wp-inside\/uploads\/2024\/08\/1-1024x768.jpg 1024w, https:\/\/blog.insieme.ch\/wp-inside\/uploads\/2024\/08\/1-768x576.jpg 768w, https:\/\/blog.insieme.ch\/wp-inside\/uploads\/2024\/08\/1-320x240.jpg 320w, https:\/\/blog.insieme.ch\/wp-inside\/uploads\/2024\/08\/1.jpg 1352w\" sizes=\"auto, (max-width: 800px) 100vw, 800px\" \/><\/p>\n<p class=\"wp-caption-text\">Diff\u00e9rentes sc\u00e8nes sont tourn\u00e9es, en compagnie de DJ B\u00e4cheli festival. \u00a9 insieme Suisse<\/p>\n<\/div>\n<p>&nbsp;<\/p>\n<p>Ensemble, nous nous rendons dans les coulisses r\u00e9serv\u00e9es aux DJs, o\u00f9 \u00d6zlem B\u00e4chli, la m\u00e8re de Fabian, nous rejoint. Si un fort son de techno nous parvient de la tente attenante, dans les coulisses, l\u2019ambiance reste sereine. Nous attendons encore Tanya K\u00f6nig, animatrice \u00e0 la TV suisse al\u00e9manique ainsi que son \u00e9quipe, qui suivront Fabian B\u00e4chli lors de la soir\u00e9e.<\/p>\n<blockquote>\n<p>Nous attendons encore Tanya K\u00f6nig, animatrice \u00e0 la TV suisse al\u00e9manique ainsi que son \u00e9quipe, qui suivront Fabian B\u00e4chli lors de la soir\u00e9e.<\/p>\n<\/blockquote>\n<p>Diff\u00e9rentes sc\u00e8nes en sa compagnie sont ensuite tourn\u00e9es, \u00e0 l\u2019instar de celle o\u00f9 on le voit tirer sa valise sur le site du festival. L\u2019animatrice et DJ B\u00e4chli semblent bien s&rsquo;entendre. Ils rient beaucoup. Ensuite nous nous rendons dans l\u2019espace m\u00e9dias du festival. Apr\u00e8s Radio Rottu, la t\u00e9l\u00e9vision locale Canal9 et Pro Infirmis, je peux finalement poser mes questions \u00e0 Fabian B\u00e4cheli.<\/p>\n<\/p><\/div>\n<\/p><\/div>\n<\/p><\/div>\n<\/p><\/div>\n<\/p><\/div>\n<\/p><\/div>\n<\/div>\n<\/div>\n<p><!-- \/flzn:zn_text --><br \/>\n<!-- flzn:zn_text --><\/p>\n<div id=\"flzn-text-2\" class=\"zone zn-text is-alignwide with-bg bg-color is-bgc-yellow-light\"><span class=\"zone-bg bg-color bgc-yellow-light alignfull\"><\/span><\/p>\n<div class=\"zone-block zn-text-block alignwide va-top\">\n<div class=\"row mw-content-zone zn-text-row\">\n<div class=\"columns large-12\">\n<div class=\"row large-up-1 with-nice-alignment nbloc-1\">\n<div class=\"column zn-text-col\">\n<div class=\"column-inner\">\n<div class=\"wig-content mw-content\">\n<h4>DJ B\u00e4chli, c&rsquo;est super que tu sois l\u00e0. Comment te sens-tu avant de monter sur sc\u00e8ne&#160;&#160;?<\/h4>\n<p>Je sens que tous les gens qui sont l\u00e0 ce soir ont envie de danser, de s&rsquo;amuser, de se d\u00e9cha\u00eener et de danser ensemble.<\/p>\n<h4>Est-ce que tu es un peu nerveux&#160;&#160;?<\/h4>\n<p>Non, pas moi. Mais ma m\u00e8re oui. Elle est plut\u00f4t nerveuse. Tellement que ses mains tremblent.<\/p>\n<h4>Comment es-tu devenu DJ&#160;&#160;?<\/h4>\n<p>Ce qu\u2019il se passe en ce moment est tout \u00e0 fait nouveau pour moi.<\/p>\n<h4><strong>Mais tu t\u2019es d\u00e9j\u00e0 produit comme DJ, non&#160;&#160;? Pourquoi fais-tu cela<\/strong>&#160;&#160;?<\/h4>\n<p>Oui, c&rsquo;est vrai. C\u2019est une passion. Je tiens \u00e7a de ma m\u00e8re.<\/p>\n<\/p><\/div>\n<\/p><\/div>\n<\/p><\/div>\n<\/p><\/div>\n<\/p><\/div>\n<\/p><\/div>\n<\/div>\n<\/div>\n<p><!-- \/flzn:zn_text --><br \/>\n<!-- flzn:zn_text --><\/p>\n<div id=\"flzn-text-3\" class=\"zone zn-text is-alignwide with-bg bg-color is-bgc-yellow-light\"><span class=\"zone-bg bg-color bgc-yellow-light alignfull\"><\/span><\/p>\n<div class=\"zone-block zn-text-block alignwide va-top\">\n<div class=\"row mw-content-zone zn-text-row\">\n<div class=\"columns large-12\">\n<div class=\"row large-up-1 with-nice-alignment nbloc-1\">\n<div class=\"column zn-text-col\">\n<div class=\"column-inner\">\n<div class=\"wig-content mw-content\">\n<p>Qu&rsquo;est-ce qui ne doit pas manquer lors d&rsquo;une repr\u00e9sentation de DJ B\u00e4chli&#160;&#160;?<\/p>\n<p>Moi, en fair. Je ne peux pas manquer. Sauf une fois. Une fois, je suis \u00e0 Majorque pendant deux semaines, ma m\u00e8re doit alors me remplacer.<\/p>\n<h4>En tant que DJ&#160;&#160;?<\/h4>\n<p>En tant que DJ. Oui, ma m\u00e8re le fait bien aussi.<\/p>\n<h4>Ah waouh&#160;&#160;! Vous \u00eates une bonne \u00e9quipe&#160;&#160;!<\/h4>\n<p>Oui. Et sinon, il y a aussi DJ Lupo, qui en fait aussi partie.<\/p>\n<h4>Et maintenant, tu vas faire quoi avant d\u2019entrer sur sc\u00e8ne&#160;&#160;?<\/h4>\n<p>Nous avons encore un peu de temps. Peut-\u00eatre manger et boire un peu.<\/p>\n<p>&nbsp;<\/p>\n<p>D&rsquo;autres concerts repr\u00e9sentations sont-elles pr\u00e9vues&#160;&#160;?&#160;&#160;?<\/p>\n<p>Oui. Avec l&rsquo;Openair de Gampel et Olivier Imboden, nous cherchons \u00e0 ce que je puisse me produire \u00e0 nouveau ici.<\/p>\n<\/p><\/div>\n<\/p><\/div>\n<\/p><\/div>\n<\/p><\/div>\n<\/p><\/div>\n<\/p><\/div>\n<\/div>\n<\/div>\n<p><!-- \/flzn:zn_text --><br \/>\n<!-- flzn:zn_gallery --><\/p>\n<div id=\"flzn-gallery-1\" class=\"zone zn-gallery is-alignwide\">\n<div class=\"zone-block zn-gallery-block alignwide va-top\">\n<div class=\"row mw-content-zone\">\n<div class=\"large-12 columns\">\n<div class=\"zn-gallery-list slick-slider galleryslider-grid\">\n<div class=\"zn-gallery-item slick-item\">\n<div class=\"zn-gallery-item-inner\">\n<p>\t\t\t\t\t\t\t\t\t\t\t\t\t<a class=\"swipebox\" href=\"https:\/\/blog.insieme.ch\/wp-inside\/uploads\/2024\/08\/2-1920x1440.jpg\" title=\"\u00a9 insieme Suisse\" rel=\"galleryzone-flzn-gallery-1\"><\/p>\n<div class=\"imgbox\">\n\t\t\t\t\t\t\t\t\t\t\t\t\t\t\t\t\t\t<img decoding=\"async\" src=\"https:\/\/blog.insieme.ch\/wp-inside\/uploads\/2024\/08\/2-185x185.jpg\" alt=\"\" data-interchange=\"[https:\/\/blog.insieme.ch\/wp-inside\/uploads\/2024\/08\/2-185x185.jpg, small],[https:\/\/blog.insieme.ch\/wp-inside\/uploads\/2024\/08\/2-370x300.jpg, gsmall],[https:\/\/blog.insieme.ch\/wp-inside\/uploads\/2024\/08\/2-185x185.jpg, large],[https:\/\/blog.insieme.ch\/wp-inside\/uploads\/2024\/08\/2-370x300.jpg, glarge],\"\/>\n\t\t\t\t\t\t\t\t<\/div>\n<p>\t\t\t\t\t\t\t\t\t\t\t\t\t<\/a>\n\t\t\t\t\t\t\t\t\t\t\t\t<\/div>\n<\/p><\/div>\n<div class=\"zn-gallery-item slick-item\">\n<div class=\"zn-gallery-item-inner\">\n<p>\t\t\t\t\t\t\t\t\t\t\t\t\t<a class=\"swipebox\" href=\"https:\/\/blog.insieme.ch\/wp-inside\/uploads\/2024\/08\/dsc08541-enhanced-nr-1920x1280.jpg\" title=\"\u00a9 Pro Infirmis\" rel=\"galleryzone-flzn-gallery-1\"><\/p>\n<div class=\"imgbox\">\n\t\t\t\t\t\t\t\t\t\t\t\t\t\t\t\t\t\t<img decoding=\"async\" src=\"https:\/\/blog.insieme.ch\/wp-inside\/uploads\/2024\/08\/dsc08541-enhanced-nr-185x185.jpg\" alt=\"\" data-interchange=\"[https:\/\/blog.insieme.ch\/wp-inside\/uploads\/2024\/08\/dsc08541-enhanced-nr-185x185.jpg, small],[https:\/\/blog.insieme.ch\/wp-inside\/uploads\/2024\/08\/dsc08541-enhanced-nr-370x300.jpg, gsmall],[https:\/\/blog.insieme.ch\/wp-inside\/uploads\/2024\/08\/dsc08541-enhanced-nr-185x185.jpg, large],[https:\/\/blog.insieme.ch\/wp-inside\/uploads\/2024\/08\/dsc08541-enhanced-nr-370x300.jpg, glarge],\"\/>\n\t\t\t\t\t\t\t\t<\/div>\n<p>\t\t\t\t\t\t\t\t\t\t\t\t\t<\/a>\n\t\t\t\t\t\t\t\t\t\t\t\t<\/div>\n<\/p><\/div>\n<div class=\"zn-gallery-item slick-item\">\n<div class=\"zn-gallery-item-inner\">\n<p>\t\t\t\t\t\t\t\t\t\t\t\t\t<a class=\"swipebox\" href=\"https:\/\/blog.insieme.ch\/wp-inside\/uploads\/2024\/08\/dsc08403-enhanced-nr-1920x1280.jpg\" title=\"\u00a9 Pro Infirmis\" rel=\"galleryzone-flzn-gallery-1\"><\/p>\n<div class=\"imgbox\">\n\t\t\t\t\t\t\t\t\t\t\t\t\t\t\t\t\t\t<img decoding=\"async\" src=\"https:\/\/blog.insieme.ch\/wp-inside\/uploads\/2024\/08\/dsc08403-enhanced-nr-185x185.jpg\" alt=\"\" data-interchange=\"[https:\/\/blog.insieme.ch\/wp-inside\/uploads\/2024\/08\/dsc08403-enhanced-nr-185x185.jpg, small],[https:\/\/blog.insieme.ch\/wp-inside\/uploads\/2024\/08\/dsc08403-enhanced-nr-370x300.jpg, gsmall],[https:\/\/blog.insieme.ch\/wp-inside\/uploads\/2024\/08\/dsc08403-enhanced-nr-185x185.jpg, large],[https:\/\/blog.insieme.ch\/wp-inside\/uploads\/2024\/08\/dsc08403-enhanced-nr-370x300.jpg, glarge],\"\/>\n\t\t\t\t\t\t\t\t<\/div>\n<p>\t\t\t\t\t\t\t\t\t\t\t\t\t<\/a>\n\t\t\t\t\t\t\t\t\t\t\t\t<\/div>\n<\/p><\/div>\n<div class=\"zn-gallery-item slick-item\">\n<div class=\"zn-gallery-item-inner\">\n<p>\t\t\t\t\t\t\t\t\t\t\t\t\t<a class=\"swipebox\" href=\"https:\/\/blog.insieme.ch\/wp-inside\/uploads\/2024\/08\/pxl_20240816_190819362-1920x2560.jpg\" title=\"\u00a9 insieme Suisse\" rel=\"galleryzone-flzn-gallery-1\"><\/p>\n<div class=\"imgbox\">\n\t\t\t\t\t\t\t\t\t\t\t\t\t\t\t\t\t\t<img decoding=\"async\" src=\"https:\/\/blog.insieme.ch\/wp-inside\/uploads\/2024\/08\/pxl_20240816_190819362-185x185.jpg\" alt=\"\" data-interchange=\"[https:\/\/blog.insieme.ch\/wp-inside\/uploads\/2024\/08\/pxl_20240816_190819362-185x185.jpg, small],[https:\/\/blog.insieme.ch\/wp-inside\/uploads\/2024\/08\/pxl_20240816_190819362-370x300.jpg, gsmall],[https:\/\/blog.insieme.ch\/wp-inside\/uploads\/2024\/08\/pxl_20240816_190819362-185x185.jpg, large],[https:\/\/blog.insieme.ch\/wp-inside\/uploads\/2024\/08\/pxl_20240816_190819362-370x300.jpg, glarge],\"\/>\n\t\t\t\t\t\t\t\t<\/div>\n<p>\t\t\t\t\t\t\t\t\t\t\t\t\t<\/a>\n\t\t\t\t\t\t\t\t\t\t\t\t<\/div>\n<\/p><\/div>\n<div class=\"zn-gallery-item slick-item\">\n<div class=\"zn-gallery-item-inner\">\n<p>\t\t\t\t\t\t\t\t\t\t\t\t\t<a class=\"swipebox\" href=\"https:\/\/blog.insieme.ch\/wp-inside\/uploads\/2024\/08\/dsc08549-enhanced-nr-1-1920x1280.jpg\" title=\"\u00a9 Pro Infirmis\" rel=\"galleryzone-flzn-gallery-1\"><\/p>\n<div class=\"imgbox\">\n\t\t\t\t\t\t\t\t\t\t\t\t\t\t\t\t\t\t<img decoding=\"async\" src=\"https:\/\/blog.insieme.ch\/wp-inside\/uploads\/2024\/08\/dsc08549-enhanced-nr-1-185x185.jpg\" alt=\"\" data-interchange=\"[https:\/\/blog.insieme.ch\/wp-inside\/uploads\/2024\/08\/dsc08549-enhanced-nr-1-185x185.jpg, small],[https:\/\/blog.insieme.ch\/wp-inside\/uploads\/2024\/08\/dsc08549-enhanced-nr-1-370x300.jpg, gsmall],[https:\/\/blog.insieme.ch\/wp-inside\/uploads\/2024\/08\/dsc08549-enhanced-nr-1-185x185.jpg, large],[https:\/\/blog.insieme.ch\/wp-inside\/uploads\/2024\/08\/dsc08549-enhanced-nr-1-370x300.jpg, glarge],\"\/>\n\t\t\t\t\t\t\t\t<\/div>\n<p>\t\t\t\t\t\t\t\t\t\t\t\t\t<\/a>\n\t\t\t\t\t\t\t\t\t\t\t\t<\/div>\n<\/p><\/div>\n<div class=\"zn-gallery-item slick-item\">\n<div class=\"zn-gallery-item-inner\">\n<p>\t\t\t\t\t\t\t\t\t\t\t\t\t<a class=\"swipebox\" href=\"https:\/\/blog.insieme.ch\/wp-inside\/uploads\/2024\/08\/pxl_20240816_185116558.mp_-1920x1440.jpg\" title=\"\u00a9 insieme Suisse\" rel=\"galleryzone-flzn-gallery-1\"><\/p>\n<div class=\"imgbox\">\n\t\t\t\t\t\t\t\t\t\t\t\t\t\t\t\t\t\t<img decoding=\"async\" src=\"https:\/\/blog.insieme.ch\/wp-inside\/uploads\/2024\/08\/pxl_20240816_185116558.mp_-185x185.jpg\" alt=\"\" data-interchange=\"[https:\/\/blog.insieme.ch\/wp-inside\/uploads\/2024\/08\/pxl_20240816_185116558.mp_-185x185.jpg, small],[https:\/\/blog.insieme.ch\/wp-inside\/uploads\/2024\/08\/pxl_20240816_185116558.mp_-370x300.jpg, gsmall],[https:\/\/blog.insieme.ch\/wp-inside\/uploads\/2024\/08\/pxl_20240816_185116558.mp_-185x185.jpg, large],[https:\/\/blog.insieme.ch\/wp-inside\/uploads\/2024\/08\/pxl_20240816_185116558.mp_-370x300.jpg, glarge],\"\/>\n\t\t\t\t\t\t\t\t<\/div>\n<p>\t\t\t\t\t\t\t\t\t\t\t\t\t<\/a>\n\t\t\t\t\t\t\t\t\t\t\t\t<\/div>\n<\/p><\/div>\n<div class=\"zn-gallery-item slick-item\">\n<div class=\"zn-gallery-item-inner\">\n<p>\t\t\t\t\t\t\t\t\t\t\t\t\t<a class=\"swipebox\" href=\"https:\/\/blog.insieme.ch\/wp-inside\/uploads\/2024\/08\/pxl_20240816_190811005_exported_777_1724139617136-1920x1440.jpg\" title=\"\u00a9 insieme Suisse\" rel=\"galleryzone-flzn-gallery-1\"><\/p>\n<div class=\"imgbox\">\n\t\t\t\t\t\t\t\t\t\t\t\t\t\t\t\t\t\t<img decoding=\"async\" src=\"https:\/\/blog.insieme.ch\/wp-inside\/uploads\/2024\/08\/pxl_20240816_190811005_exported_777_1724139617136-185x185.jpg\" alt=\"\" data-interchange=\"[https:\/\/blog.insieme.ch\/wp-inside\/uploads\/2024\/08\/pxl_20240816_190811005_exported_777_1724139617136-185x185.jpg, small],[https:\/\/blog.insieme.ch\/wp-inside\/uploads\/2024\/08\/pxl_20240816_190811005_exported_777_1724139617136-370x300.jpg, gsmall],[https:\/\/blog.insieme.ch\/wp-inside\/uploads\/2024\/08\/pxl_20240816_190811005_exported_777_1724139617136-185x185.jpg, large],[https:\/\/blog.insieme.ch\/wp-inside\/uploads\/2024\/08\/pxl_20240816_190811005_exported_777_1724139617136-370x300.jpg, glarge],\"\/>\n\t\t\t\t\t\t\t\t<\/div>\n<p>\t\t\t\t\t\t\t\t\t\t\t\t\t<\/a>\n\t\t\t\t\t\t\t\t\t\t\t\t<\/div>\n<\/p><\/div>\n<div class=\"zn-gallery-item slick-item\">\n<div class=\"zn-gallery-item-inner\">\n<p>\t\t\t\t\t\t\t\t\t\t\t\t\t<a class=\"swipebox\" href=\"https:\/\/blog.insieme.ch\/wp-inside\/uploads\/2024\/08\/pxl_20240816_185316169-1920x1440.jpg\" title=\"\u00a9 insieme Suisse\" rel=\"galleryzone-flzn-gallery-1\"><\/p>\n<div class=\"imgbox\">\n\t\t\t\t\t\t\t\t\t\t\t\t\t\t\t\t\t\t<img decoding=\"async\" src=\"https:\/\/blog.insieme.ch\/wp-inside\/uploads\/2024\/08\/pxl_20240816_185316169-185x185.jpg\" alt=\"\" data-interchange=\"[https:\/\/blog.insieme.ch\/wp-inside\/uploads\/2024\/08\/pxl_20240816_185316169-185x185.jpg, small],[https:\/\/blog.insieme.ch\/wp-inside\/uploads\/2024\/08\/pxl_20240816_185316169-370x300.jpg, gsmall],[https:\/\/blog.insieme.ch\/wp-inside\/uploads\/2024\/08\/pxl_20240816_185316169-185x185.jpg, large],[https:\/\/blog.insieme.ch\/wp-inside\/uploads\/2024\/08\/pxl_20240816_185316169-370x300.jpg, glarge],\"\/>\n\t\t\t\t\t\t\t\t<\/div>\n<p>\t\t\t\t\t\t\t\t\t\t\t\t\t<\/a>\n\t\t\t\t\t\t\t\t\t\t\t\t<\/div>\n<\/p><\/div>\n<div class=\"zn-gallery-item slick-item\">\n<div class=\"zn-gallery-item-inner\">\n<p>\t\t\t\t\t\t\t\t\t\t\t\t\t<a class=\"swipebox\" href=\"https:\/\/blog.insieme.ch\/wp-inside\/uploads\/2024\/08\/pxl_20240816_162234121-1920x1440.jpg\" title=\"\u00a9 insieme Suisse\" rel=\"galleryzone-flzn-gallery-1\"><\/p>\n<div class=\"imgbox\">\n\t\t\t\t\t\t\t\t\t\t\t\t\t\t\t\t\t\t<img decoding=\"async\" src=\"https:\/\/blog.insieme.ch\/wp-inside\/uploads\/2024\/08\/pxl_20240816_162234121-185x185.jpg\" alt=\"\" data-interchange=\"[https:\/\/blog.insieme.ch\/wp-inside\/uploads\/2024\/08\/pxl_20240816_162234121-185x185.jpg, small],[https:\/\/blog.insieme.ch\/wp-inside\/uploads\/2024\/08\/pxl_20240816_162234121-370x300.jpg, gsmall],[https:\/\/blog.insieme.ch\/wp-inside\/uploads\/2024\/08\/pxl_20240816_162234121-185x185.jpg, large],[https:\/\/blog.insieme.ch\/wp-inside\/uploads\/2024\/08\/pxl_20240816_162234121-370x300.jpg, glarge],\"\/>\n\t\t\t\t\t\t\t\t<\/div>\n<p>\t\t\t\t\t\t\t\t\t\t\t\t\t<\/a>\n\t\t\t\t\t\t\t\t\t\t\t\t<\/div>\n<\/p><\/div>\n<\/p><\/div>\n<\/p><\/div>\n<\/p><\/div>\n<\/div>\n<\/div>\n<p><!-- \/flzn:zn_gallery --><br \/>\n<!-- flzn:zn_text --><\/p>\n<div id=\"flzn-text-4\" class=\"zone zn-text is-alignwide\">\n<div class=\"zone-block zn-text-block alignwide va-top\">\n<div class=\"row mw-content-zone zn-text-row\">\n<div class=\"columns large-12\">\n<div class=\"row large-up-1 with-nice-alignment nbloc-1\">\n<div class=\"column zn-text-col\">\n<div class=\"column-inner\">\n<div class=\"wig-content mw-content\">\n<h2 style=\"text-align: center;\">Une prestation couronn\u00e9e de succ\u00e8s<\/h2>\n<p style=\"text-align: center;\">Lorsque DJ B\u00e4chli encha\u00eene le pas \u00e0 son pr\u00e9d\u00e9cesseur, la foule est en d\u00e9lire. La TV suisse al\u00e9manique est \u00e0 nouveau de la partie et filme la prestation. La playlist de DJ B\u00e4chli est bien accueillie. Celle-ci est compos\u00e9e de versions originales m\u00e9lang\u00e9es \u00e0 des reprises tant\u00f4t rock, tant\u00f4t \u00e9lectroniques des tubes d&rsquo;Abba.<\/p>\n<\/p><\/div>\n<\/p><\/div>\n<\/p><\/div>\n<\/p><\/div>\n<\/p><\/div>\n<\/p><\/div>\n<\/div>\n<\/div>\n<p><!-- \/flzn:zn_text --><\/p>\n","protected":false},"excerpt":{"rendered":"<p>Lors de l&rsquo;Open Air de Gampel, DJ B\u00e4chli a marqu\u00e9 les esprits. Originaire de Zollikon (ZH), le jeune homme est le premier artiste vivant avec une trisomie 21 \u00e0 mixer dans un festival de cette renomm\u00e9e.<\/p>\n","protected":false},"author":36,"featured_media":6225,"comment_status":"open","ping_status":"open","sticky":false,"template":"","format":"standard","meta":{"_acf_changed":false,"footnotes":""},"categories":[23],"tags":[49],"class_list":["post-6236","post","type-post","status-publish","format-standard","has-post-thumbnail","hentry","category-loisirs","tag-plaisir","wp-sticky"],"acf":[],"yoast_head":"<!-- This site is optimized with the Yoast SEO plugin v27.5 - https:\/\/yoast.com\/product\/yoast-seo-wordpress\/ -->\n<title>Open Air de Gampel: DJ B\u00e4cheli d\u00e9chire!<\/title>\n<meta name=\"description\" content=\"Lors de l&#039;Open Air de Gampel, DJ B\u00e4chli a marqu\u00e9 les esprits. Originaire de Zollikon (ZH), le jeune homme est le premier artiste vivant avec une trisomie 21 \u00e0 mixer dans un festival de cette renomm\u00e9e.\" \/>\n<meta name=\"robots\" content=\"index, follow, max-snippet:-1, max-image-preview:large, max-video-preview:-1\" \/>\n<link rel=\"canonical\" href=\"https:\/\/blog.insieme.ch\/fr\/loisirs\/open-air-de-gampel-dj-baecheli-dechire\/\" \/>\n<meta property=\"og:locale\" content=\"fr_FR\" \/>\n<meta property=\"og:type\" content=\"article\" \/>\n<meta property=\"og:title\" content=\"Open Air de Gampel: DJ B\u00e4cheli d\u00e9chire!\" \/>\n<meta property=\"og:description\" content=\"Lors de l&#039;Open Air de Gampel, DJ B\u00e4chli a marqu\u00e9 les esprits. Originaire de Zollikon (ZH), le jeune homme est le premier artiste vivant avec une trisomie 21 \u00e0 mixer dans un festival de cette renomm\u00e9e.\" \/>\n<meta property=\"og:url\" content=\"https:\/\/blog.insieme.ch\/fr\/loisirs\/open-air-de-gampel-dj-baecheli-dechire\/\" \/>\n<meta property=\"og:site_name\" content=\"insieme Blog\" \/>\n<meta property=\"article:publisher\" content=\"https:\/\/www.facebook.com\/insiemeSuisse\/\" \/>\n<meta property=\"article:published_time\" content=\"2024-08-22T14:56:14+00:00\" \/>\n<meta property=\"og:image\" content=\"https:\/\/blog.insieme.ch\/wp-inside\/uploads\/2024\/08\/pxl_20240816_190819362-scaled.jpg\" \/>\n\t<meta property=\"og:image:width\" content=\"1920\" \/>\n\t<meta property=\"og:image:height\" content=\"2560\" \/>\n\t<meta property=\"og:image:type\" content=\"image\/jpeg\" \/>\n<meta name=\"author\" content=\"Tobias Soder\" \/>\n<meta name=\"twitter:card\" content=\"summary_large_image\" \/>\n<meta name=\"twitter:creator\" content=\"@insiemeSuisse\" \/>\n<meta name=\"twitter:site\" content=\"@insiemeSuisse\" \/>\n<meta name=\"twitter:label1\" content=\"\u00c9crit par\" \/>\n\t<meta name=\"twitter:data1\" content=\"Webmaster et responsable IT insieme Suisse\" \/>\n\t<meta name=\"twitter:label2\" content=\"Dur\u00e9e de lecture estim\u00e9e\" \/>\n\t<meta name=\"twitter:data2\" content=\"3 minutes\" \/>\n<script type=\"application\/ld+json\" class=\"yoast-schema-graph\">{\"@context\":\"https:\\\/\\\/schema.org\",\"@graph\":[{\"@type\":\"Article\",\"@id\":\"https:\\\/\\\/blog.insieme.ch\\\/fr\\\/loisirs\\\/open-air-de-gampel-dj-baecheli-dechire\\\/#article\",\"isPartOf\":{\"@id\":\"https:\\\/\\\/blog.insieme.ch\\\/fr\\\/loisirs\\\/open-air-de-gampel-dj-baecheli-dechire\\\/\"},\"author\":{\"name\":\"Tobias Soder\",\"@id\":\"https:\\\/\\\/blog.insieme.ch\\\/fr\\\/#\\\/schema\\\/person\\\/a0016290458024115196fb6f5b171c90\"},\"headline\":\"Open Air de Gampel&#160;: DJ B\u00e4cheli d\u00e9chire&#160;!\",\"datePublished\":\"2024-08-22T14:56:14+00:00\",\"mainEntityOfPage\":{\"@id\":\"https:\\\/\\\/blog.insieme.ch\\\/fr\\\/loisirs\\\/open-air-de-gampel-dj-baecheli-dechire\\\/\"},\"wordCount\":644,\"commentCount\":0,\"publisher\":{\"@id\":\"https:\\\/\\\/blog.insieme.ch\\\/fr\\\/#organization\"},\"image\":{\"@id\":\"https:\\\/\\\/blog.insieme.ch\\\/fr\\\/loisirs\\\/open-air-de-gampel-dj-baecheli-dechire\\\/#primaryimage\"},\"thumbnailUrl\":\"https:\\\/\\\/blog.insieme.ch\\\/wp-inside\\\/uploads\\\/2024\\\/08\\\/pxl_20240816_190819362-scaled.jpg\",\"keywords\":[\"Plaisir\"],\"articleSection\":[\"Loisirs\"],\"inLanguage\":\"fr-FR\",\"potentialAction\":[{\"@type\":\"CommentAction\",\"name\":\"Comment\",\"target\":[\"https:\\\/\\\/blog.insieme.ch\\\/fr\\\/loisirs\\\/open-air-de-gampel-dj-baecheli-dechire\\\/#respond\"]}]},{\"@type\":\"WebPage\",\"@id\":\"https:\\\/\\\/blog.insieme.ch\\\/fr\\\/loisirs\\\/open-air-de-gampel-dj-baecheli-dechire\\\/\",\"url\":\"https:\\\/\\\/blog.insieme.ch\\\/fr\\\/loisirs\\\/open-air-de-gampel-dj-baecheli-dechire\\\/\",\"name\":\"Open Air de Gampel: DJ B\u00e4cheli d\u00e9chire!\",\"isPartOf\":{\"@id\":\"https:\\\/\\\/blog.insieme.ch\\\/fr\\\/#website\"},\"primaryImageOfPage\":{\"@id\":\"https:\\\/\\\/blog.insieme.ch\\\/fr\\\/loisirs\\\/open-air-de-gampel-dj-baecheli-dechire\\\/#primaryimage\"},\"image\":{\"@id\":\"https:\\\/\\\/blog.insieme.ch\\\/fr\\\/loisirs\\\/open-air-de-gampel-dj-baecheli-dechire\\\/#primaryimage\"},\"thumbnailUrl\":\"https:\\\/\\\/blog.insieme.ch\\\/wp-inside\\\/uploads\\\/2024\\\/08\\\/pxl_20240816_190819362-scaled.jpg\",\"datePublished\":\"2024-08-22T14:56:14+00:00\",\"description\":\"Lors de l'Open Air de Gampel, DJ B\u00e4chli a marqu\u00e9 les esprits. Originaire de Zollikon (ZH), le jeune homme est le premier artiste vivant avec une trisomie 21 \u00e0 mixer dans un festival de cette renomm\u00e9e.\",\"breadcrumb\":{\"@id\":\"https:\\\/\\\/blog.insieme.ch\\\/fr\\\/loisirs\\\/open-air-de-gampel-dj-baecheli-dechire\\\/#breadcrumb\"},\"inLanguage\":\"fr-FR\",\"potentialAction\":[{\"@type\":\"ReadAction\",\"target\":[\"https:\\\/\\\/blog.insieme.ch\\\/fr\\\/loisirs\\\/open-air-de-gampel-dj-baecheli-dechire\\\/\"]}]},{\"@type\":\"ImageObject\",\"inLanguage\":\"fr-FR\",\"@id\":\"https:\\\/\\\/blog.insieme.ch\\\/fr\\\/loisirs\\\/open-air-de-gampel-dj-baecheli-dechire\\\/#primaryimage\",\"url\":\"https:\\\/\\\/blog.insieme.ch\\\/wp-inside\\\/uploads\\\/2024\\\/08\\\/pxl_20240816_190819362-scaled.jpg\",\"contentUrl\":\"https:\\\/\\\/blog.insieme.ch\\\/wp-inside\\\/uploads\\\/2024\\\/08\\\/pxl_20240816_190819362-scaled.jpg\",\"width\":1920,\"height\":2560,\"caption\":\"\u00a9 insieme Suisse\"},{\"@type\":\"BreadcrumbList\",\"@id\":\"https:\\\/\\\/blog.insieme.ch\\\/fr\\\/loisirs\\\/open-air-de-gampel-dj-baecheli-dechire\\\/#breadcrumb\",\"itemListElement\":[{\"@type\":\"ListItem\",\"position\":1,\"name\":\"Accueil\",\"item\":\"https:\\\/\\\/blog.insieme.ch\\\/fr\\\/\"},{\"@type\":\"ListItem\",\"position\":2,\"name\":\"Loisirs\",\"item\":\"https:\\\/\\\/blog.insieme.ch\\\/fr\\\/loisirs\\\/\"},{\"@type\":\"ListItem\",\"position\":3,\"name\":\"Open Air de Gampel&#160;: DJ B\u00e4cheli d\u00e9chire&#160;!\"}]},{\"@type\":\"WebSite\",\"@id\":\"https:\\\/\\\/blog.insieme.ch\\\/fr\\\/#website\",\"url\":\"https:\\\/\\\/blog.insieme.ch\\\/fr\\\/\",\"name\":\"insieme Blog\",\"description\":\"Alles ausser gew\u00f6hnlich\",\"publisher\":{\"@id\":\"https:\\\/\\\/blog.insieme.ch\\\/fr\\\/#organization\"},\"potentialAction\":[{\"@type\":\"SearchAction\",\"target\":{\"@type\":\"EntryPoint\",\"urlTemplate\":\"https:\\\/\\\/blog.insieme.ch\\\/fr\\\/?s={search_term_string}\"},\"query-input\":{\"@type\":\"PropertyValueSpecification\",\"valueRequired\":true,\"valueName\":\"search_term_string\"}}],\"inLanguage\":\"fr-FR\"},{\"@type\":\"Organization\",\"@id\":\"https:\\\/\\\/blog.insieme.ch\\\/fr\\\/#organization\",\"name\":\"insieme Blog\",\"url\":\"https:\\\/\\\/blog.insieme.ch\\\/fr\\\/\",\"logo\":{\"@type\":\"ImageObject\",\"inLanguage\":\"fr-FR\",\"@id\":\"https:\\\/\\\/blog.insieme.ch\\\/fr\\\/#\\\/schema\\\/logo\\\/image\\\/\",\"url\":\"https:\\\/\\\/blog.insieme.ch\\\/wp-inside\\\/uploads\\\/2021\\\/04\\\/logo-insieme-blog.png\",\"contentUrl\":\"https:\\\/\\\/blog.insieme.ch\\\/wp-inside\\\/uploads\\\/2021\\\/04\\\/logo-insieme-blog.png\",\"width\":280,\"height\":81,\"caption\":\"insieme Blog\"},\"image\":{\"@id\":\"https:\\\/\\\/blog.insieme.ch\\\/fr\\\/#\\\/schema\\\/logo\\\/image\\\/\"},\"sameAs\":[\"https:\\\/\\\/www.facebook.com\\\/insiemeSuisse\\\/\",\"https:\\\/\\\/x.com\\\/insiemeSuisse\"]},{\"@type\":\"Person\",\"@id\":\"https:\\\/\\\/blog.insieme.ch\\\/fr\\\/#\\\/schema\\\/person\\\/a0016290458024115196fb6f5b171c90\",\"name\":\"Tobias Soder\",\"image\":{\"@type\":\"ImageObject\",\"inLanguage\":\"fr-FR\",\"@id\":\"https:\\\/\\\/secure.gravatar.com\\\/avatar\\\/d98ee181ce12d8305ea242290ed4a54e22352b332a1996e89c9eedacef23b24f?s=96&d=mm&r=g\",\"url\":\"https:\\\/\\\/secure.gravatar.com\\\/avatar\\\/d98ee181ce12d8305ea242290ed4a54e22352b332a1996e89c9eedacef23b24f?s=96&d=mm&r=g\",\"contentUrl\":\"https:\\\/\\\/secure.gravatar.com\\\/avatar\\\/d98ee181ce12d8305ea242290ed4a54e22352b332a1996e89c9eedacef23b24f?s=96&d=mm&r=g\",\"caption\":\"Tobias Soder\"},\"description\":\"insieme Schweiz Webmaster und IT-Verantwortlicher\",\"url\":\"https:\\\/\\\/blog.insieme.ch\\\/fr\\\/author\\\/tobias-soder\\\/\"}]}<\/script>\n<!-- \/ Yoast SEO plugin. -->","yoast_head_json":{"title":"Open Air de Gampel: DJ B\u00e4cheli d\u00e9chire!","description":"Lors de l'Open Air de Gampel, DJ B\u00e4chli a marqu\u00e9 les esprits. Originaire de Zollikon (ZH), le jeune homme est le premier artiste vivant avec une trisomie 21 \u00e0 mixer dans un festival de cette renomm\u00e9e.","robots":{"index":"index","follow":"follow","max-snippet":"max-snippet:-1","max-image-preview":"max-image-preview:large","max-video-preview":"max-video-preview:-1"},"canonical":"https:\/\/blog.insieme.ch\/fr\/loisirs\/open-air-de-gampel-dj-baecheli-dechire\/","og_locale":"fr_FR","og_type":"article","og_title":"Open Air de Gampel: DJ B\u00e4cheli d\u00e9chire!","og_description":"Lors de l'Open Air de Gampel, DJ B\u00e4chli a marqu\u00e9 les esprits. Originaire de Zollikon (ZH), le jeune homme est le premier artiste vivant avec une trisomie 21 \u00e0 mixer dans un festival de cette renomm\u00e9e.","og_url":"https:\/\/blog.insieme.ch\/fr\/loisirs\/open-air-de-gampel-dj-baecheli-dechire\/","og_site_name":"insieme Blog","article_publisher":"https:\/\/www.facebook.com\/insiemeSuisse\/","article_published_time":"2024-08-22T14:56:14+00:00","og_image":[{"width":1920,"height":2560,"url":"https:\/\/blog.insieme.ch\/wp-inside\/uploads\/2024\/08\/pxl_20240816_190819362-scaled.jpg","type":"image\/jpeg"}],"author":"Tobias Soder","twitter_card":"summary_large_image","twitter_creator":"@insiemeSuisse","twitter_site":"@insiemeSuisse","twitter_misc":{"\u00c9crit par":"Webmaster et responsable IT insieme Suisse","Dur\u00e9e de lecture estim\u00e9e":"3 minutes"},"schema":{"@context":"https:\/\/schema.org","@graph":[{"@type":"Article","@id":"https:\/\/blog.insieme.ch\/fr\/loisirs\/open-air-de-gampel-dj-baecheli-dechire\/#article","isPartOf":{"@id":"https:\/\/blog.insieme.ch\/fr\/loisirs\/open-air-de-gampel-dj-baecheli-dechire\/"},"author":{"name":"Tobias Soder","@id":"https:\/\/blog.insieme.ch\/fr\/#\/schema\/person\/a0016290458024115196fb6f5b171c90"},"headline":"Open Air de Gampel&#160;: DJ B\u00e4cheli d\u00e9chire&#160;!","datePublished":"2024-08-22T14:56:14+00:00","mainEntityOfPage":{"@id":"https:\/\/blog.insieme.ch\/fr\/loisirs\/open-air-de-gampel-dj-baecheli-dechire\/"},"wordCount":644,"commentCount":0,"publisher":{"@id":"https:\/\/blog.insieme.ch\/fr\/#organization"},"image":{"@id":"https:\/\/blog.insieme.ch\/fr\/loisirs\/open-air-de-gampel-dj-baecheli-dechire\/#primaryimage"},"thumbnailUrl":"https:\/\/blog.insieme.ch\/wp-inside\/uploads\/2024\/08\/pxl_20240816_190819362-scaled.jpg","keywords":["Plaisir"],"articleSection":["Loisirs"],"inLanguage":"fr-FR","potentialAction":[{"@type":"CommentAction","name":"Comment","target":["https:\/\/blog.insieme.ch\/fr\/loisirs\/open-air-de-gampel-dj-baecheli-dechire\/#respond"]}]},{"@type":"WebPage","@id":"https:\/\/blog.insieme.ch\/fr\/loisirs\/open-air-de-gampel-dj-baecheli-dechire\/","url":"https:\/\/blog.insieme.ch\/fr\/loisirs\/open-air-de-gampel-dj-baecheli-dechire\/","name":"Open Air de Gampel: DJ B\u00e4cheli d\u00e9chire!","isPartOf":{"@id":"https:\/\/blog.insieme.ch\/fr\/#website"},"primaryImageOfPage":{"@id":"https:\/\/blog.insieme.ch\/fr\/loisirs\/open-air-de-gampel-dj-baecheli-dechire\/#primaryimage"},"image":{"@id":"https:\/\/blog.insieme.ch\/fr\/loisirs\/open-air-de-gampel-dj-baecheli-dechire\/#primaryimage"},"thumbnailUrl":"https:\/\/blog.insieme.ch\/wp-inside\/uploads\/2024\/08\/pxl_20240816_190819362-scaled.jpg","datePublished":"2024-08-22T14:56:14+00:00","description":"Lors de l'Open Air de Gampel, DJ B\u00e4chli a marqu\u00e9 les esprits. Originaire de Zollikon (ZH), le jeune homme est le premier artiste vivant avec une trisomie 21 \u00e0 mixer dans un festival de cette renomm\u00e9e.","breadcrumb":{"@id":"https:\/\/blog.insieme.ch\/fr\/loisirs\/open-air-de-gampel-dj-baecheli-dechire\/#breadcrumb"},"inLanguage":"fr-FR","potentialAction":[{"@type":"ReadAction","target":["https:\/\/blog.insieme.ch\/fr\/loisirs\/open-air-de-gampel-dj-baecheli-dechire\/"]}]},{"@type":"ImageObject","inLanguage":"fr-FR","@id":"https:\/\/blog.insieme.ch\/fr\/loisirs\/open-air-de-gampel-dj-baecheli-dechire\/#primaryimage","url":"https:\/\/blog.insieme.ch\/wp-inside\/uploads\/2024\/08\/pxl_20240816_190819362-scaled.jpg","contentUrl":"https:\/\/blog.insieme.ch\/wp-inside\/uploads\/2024\/08\/pxl_20240816_190819362-scaled.jpg","width":1920,"height":2560,"caption":"\u00a9 insieme Suisse"},{"@type":"BreadcrumbList","@id":"https:\/\/blog.insieme.ch\/fr\/loisirs\/open-air-de-gampel-dj-baecheli-dechire\/#breadcrumb","itemListElement":[{"@type":"ListItem","position":1,"name":"Accueil","item":"https:\/\/blog.insieme.ch\/fr\/"},{"@type":"ListItem","position":2,"name":"Loisirs","item":"https:\/\/blog.insieme.ch\/fr\/loisirs\/"},{"@type":"ListItem","position":3,"name":"Open Air de Gampel&#160;: DJ B\u00e4cheli d\u00e9chire&#160;!"}]},{"@type":"WebSite","@id":"https:\/\/blog.insieme.ch\/fr\/#website","url":"https:\/\/blog.insieme.ch\/fr\/","name":"insieme Blog","description":"Alles ausser gew\u00f6hnlich","publisher":{"@id":"https:\/\/blog.insieme.ch\/fr\/#organization"},"potentialAction":[{"@type":"SearchAction","target":{"@type":"EntryPoint","urlTemplate":"https:\/\/blog.insieme.ch\/fr\/?s={search_term_string}"},"query-input":{"@type":"PropertyValueSpecification","valueRequired":true,"valueName":"search_term_string"}}],"inLanguage":"fr-FR"},{"@type":"Organization","@id":"https:\/\/blog.insieme.ch\/fr\/#organization","name":"insieme Blog","url":"https:\/\/blog.insieme.ch\/fr\/","logo":{"@type":"ImageObject","inLanguage":"fr-FR","@id":"https:\/\/blog.insieme.ch\/fr\/#\/schema\/logo\/image\/","url":"https:\/\/blog.insieme.ch\/wp-inside\/uploads\/2021\/04\/logo-insieme-blog.png","contentUrl":"https:\/\/blog.insieme.ch\/wp-inside\/uploads\/2021\/04\/logo-insieme-blog.png","width":280,"height":81,"caption":"insieme Blog"},"image":{"@id":"https:\/\/blog.insieme.ch\/fr\/#\/schema\/logo\/image\/"},"sameAs":["https:\/\/www.facebook.com\/insiemeSuisse\/","https:\/\/x.com\/insiemeSuisse"]},{"@type":"Person","@id":"https:\/\/blog.insieme.ch\/fr\/#\/schema\/person\/a0016290458024115196fb6f5b171c90","name":"Tobias Soder","image":{"@type":"ImageObject","inLanguage":"fr-FR","@id":"https:\/\/secure.gravatar.com\/avatar\/d98ee181ce12d8305ea242290ed4a54e22352b332a1996e89c9eedacef23b24f?s=96&d=mm&r=g","url":"https:\/\/secure.gravatar.com\/avatar\/d98ee181ce12d8305ea242290ed4a54e22352b332a1996e89c9eedacef23b24f?s=96&d=mm&r=g","contentUrl":"https:\/\/secure.gravatar.com\/avatar\/d98ee181ce12d8305ea242290ed4a54e22352b332a1996e89c9eedacef23b24f?s=96&d=mm&r=g","caption":"Tobias Soder"},"description":"insieme Schweiz Webmaster und IT-Verantwortlicher","url":"https:\/\/blog.insieme.ch\/fr\/author\/tobias-soder\/"}]}},"featured_media_url":"https:\/\/blog.insieme.ch\/wp-inside\/uploads\/2024\/08\/pxl_20240816_190819362-768x1024.jpg","_links":{"self":[{"href":"https:\/\/blog.insieme.ch\/fr\/wp-json\/wp\/v2\/posts\/6236","targetHints":{"allow":["GET"]}}],"collection":[{"href":"https:\/\/blog.insieme.ch\/fr\/wp-json\/wp\/v2\/posts"}],"about":[{"href":"https:\/\/blog.insieme.ch\/fr\/wp-json\/wp\/v2\/types\/post"}],"author":[{"embeddable":true,"href":"https:\/\/blog.insieme.ch\/fr\/wp-json\/wp\/v2\/users\/36"}],"replies":[{"embeddable":true,"href":"https:\/\/blog.insieme.ch\/fr\/wp-json\/wp\/v2\/comments?post=6236"}],"version-history":[{"count":3,"href":"https:\/\/blog.insieme.ch\/fr\/wp-json\/wp\/v2\/posts\/6236\/revisions"}],"predecessor-version":[{"id":6239,"href":"https:\/\/blog.insieme.ch\/fr\/wp-json\/wp\/v2\/posts\/6236\/revisions\/6239"}],"wp:featuredmedia":[{"embeddable":true,"href":"https:\/\/blog.insieme.ch\/fr\/wp-json\/wp\/v2\/media\/6225"}],"wp:attachment":[{"href":"https:\/\/blog.insieme.ch\/fr\/wp-json\/wp\/v2\/media?parent=6236"}],"wp:term":[{"taxonomy":"category","embeddable":true,"href":"https:\/\/blog.insieme.ch\/fr\/wp-json\/wp\/v2\/categories?post=6236"},{"taxonomy":"post_tag","embeddable":true,"href":"https:\/\/blog.insieme.ch\/fr\/wp-json\/wp\/v2\/tags?post=6236"}],"curies":[{"name":"wp","href":"https:\/\/api.w.org\/{rel}","templated":true}]}}