{"id":5716,"date":"2024-02-01T14:41:32","date_gmt":"2024-02-01T13:41:32","guid":{"rendered":"https:\/\/blog.insieme.ch\/?p=5716"},"modified":"2024-02-01T16:18:45","modified_gmt":"2024-02-01T15:18:45","slug":"formation-professionnelle-a-t-on-vraiment-la-liberte-de-choix","status":"publish","type":"post","link":"https:\/\/blog.insieme.ch\/fr\/vie-professionnelle\/formation-professionnelle-a-t-on-vraiment-la-liberte-de-choix\/","title":{"rendered":"Formation professionnelle&#160;: a-t-on vraiment la libert\u00e9 de choix&#160;?"},"content":{"rendered":"<p><!-- flzn:zn_pagebanner --><\/p>\n<header id=\"flzn-pagebanner-1\" class=\"zone zn-pagebanner is-alignfull with-bg bg-color is-bgc-yellow-light\"><span class=\"zone-bg bg-color bgc-yellow-light alignfull\"><\/span><\/p>\n<div class=\"zone-block zn-pagebanner-block alignfull va-center\"><\/div>\n<\/header>\n<p><!-- \/flzn:zn_pagebanner --><br \/>\n<!-- flzn:zn_text --><\/p>\n<div id=\"flzn-text-1\" class=\"zone zn-text is-alignwide\">\n<div class=\"zone-block zn-text-block alignwide va-top\">\n<div class=\"row mw-content-zone zn-text-row\">\n<div class=\"columns large-12\">\n<div class=\"row large-up-1 with-nice-alignment nbloc-1\">\n<div class=\"column zn-text-col\">\n<div class=\"column-inner\">\n<div class=\"wig-content mw-content\">\n<h4><strong>Choix de l\u2019apprentissage, difficult\u00e9s relationnelles ou encore pression mise sur les parents&#160;&#160;: une maman revient sur le parcours professionnel de son fils.<\/strong><\/h4>\n<p><!--more--><\/p>\n<p>Durant sa derni\u00e8re ann\u00e9e d\u2019\u00e9cole ordinaire, mon fils a r\u00e9alis\u00e9 des stages en menuiserie et charpente, car cela lui tenait \u00e0 c\u0153ur de travailler avec le bois. Les rapports de stage ont mis en avant ses capacit\u00e9s de travail mais aussi ses difficult\u00e9s d\u2019int\u00e9gration aux \u00e9quipes en place. Il a eu la chance de trouver une entreprise qui \u00e9tait d\u2019accord de faire avec sa singularit\u00e9 et de l\u2019engager pour un CFC, qui s\u2019est finalement transform\u00e9 en AFP.<\/p>\n<h2>Les premi\u00e8re difficult\u00e9s<\/h2>\n<p>En deuxi\u00e8me ann\u00e9e, mon fils a malheureusement \u00e9t\u00e9 maltrait\u00e9 par d\u2019autres jeunes qui ne comprenaient pas sa diff\u00e9rence. C\u2019est son psychologue qui nous a alert\u00e9 et d\u00e8s lors, l\u2019AI est intervenue via son <a href=\"https:\/\/aivd.ch\/andiamo-cis\/\" target=\"_blank\" rel=\"noopener\">projet de coaching Andiamo<\/a>, qui s\u2019adresse aux jeunes vaudois.e.s de moins de 25 ans pour faciliter leur insertion dans le monde du travail. Les mesures ANDIAMO \u00e9taient tout \u00e0 fait pertinentes et la personne qui se d\u00e9pla\u00e7ait \u00e0 domicile \u00e9tait tr\u00e8s ad\u00e9quate.<\/p>\n<blockquote>\n<p>Sur la base du diagnostique d\u2019autisme, l\u2019AI a sugg\u00e9r\u00e9 que le m\u00e9tier de charpentier n\u2019\u00e9tait pas adapt\u00e9 car trop bruyant et g\u00e9n\u00e9rant trop de proximit\u00e9 physique.<\/p>\n<\/blockquote>\n<p>Sur la base du diagnostique d\u2019autisme, l\u2019AI a sugg\u00e9r\u00e9 que le m\u00e9tier de charpentier n\u2019\u00e9tait pas adapt\u00e9 car trop bruyant et g\u00e9n\u00e9rant trop de proximit\u00e9 physique. L\u2019AI a alors propos\u00e9 de financer une formation en cuisine ou en logistique \u00e0 l\u2019ORIF. Cela n\u00e9cessitait que mon fils recommence un nouveau CFC. Il s\u2019y est alors fermement oppos\u00e9&#160;&#160;: il n\u2019avait pas du tout envie de faire cela&#160;&#160;!<\/p>\n<\/p><\/div>\n<\/p><\/div>\n<\/p><\/div>\n<\/p><\/div>\n<\/p><\/div>\n<\/p><\/div>\n<\/div>\n<\/div>\n<p><!-- \/flzn:zn_text --><br \/>\n<!-- flzn:zn_quote --><\/p>\n<div id=\"flzn-quote-1\" class=\"zone zn-quote is-alignwide\">\n<div class=\"zone-block zn-quote-block alignwide va-top\">\n<div class=\"row mw-content-zone\">\n<div class=\"large-12 columns\">\n<div class=\"quotebox\" data-aos=\"fade-up\" data-aos-once=\"true\" data-aos-anchor=\"#flzn-quote-1\" data-aos-anchor-placement=\"top-bottom\">\n<div class=\"quotebox-inner\">\n<blockquote class=\"quotebox-content\">\n<div class=\"quotebox-content-inner\">\n<p class=\"quotebox-desc\">Comment peut-il vivre avec un salaire mensuel de 3100 CHF, surtout s\u2019il souhaite fonder une famille&#160;&#160;?<\/p>\n<\/p><\/div>\n<\/blockquote><\/div>\n<\/p><\/div>\n<\/p><\/div>\n<\/p><\/div>\n<\/div>\n<\/div>\n<p><!-- \/flzn:zn_quote --><br \/>\n<!-- flzn:zn_text --><\/p>\n<div id=\"flzn-text-2\" class=\"zone zn-text is-alignwide\">\n<div class=\"zone-block zn-text-block alignwide va-top\">\n<div class=\"row mw-content-zone zn-text-row\">\n<div class=\"columns large-12\">\n<div class=\"row large-up-1 with-nice-alignment nbloc-1\">\n<div class=\"column zn-text-col\">\n<div class=\"column-inner\">\n<div class=\"wig-content mw-content\">\n<p>&nbsp;<\/p>\n<p>Nous avons donc n\u00e9goci\u00e9 avec l\u2019AI afin que mon fils puisse terminer sa formation puis faire les stages demand\u00e9s, qui ne lui ont pas plu. Son AFP obtenue, il s\u2019est fait engager dans une entreprise de charpente qui a toute ma consid\u00e9ration. Ayant trouv\u00e9 un emploi, il n\u2019avait d\u00e8s lors plus droit \u00e0 l\u2019aide de l\u2019AI, ni au programme ANDIAMO. Cela me questionne tout de m\u00eame pour la suite&#160;&#160;? Comment peut-il vivre avec un salaire mensuel de 3100 CHF, surtout s\u2019il souhaite fonder une famille&#160;&#160;?<\/p>\n<p>&nbsp;<\/p>\n<div id=\"attachment_5720\" class=\"wp-caption aligncenter\" style=\"width:100%;max-width:445px\"><img loading=\"lazy\" decoding=\"async\" class=\"wp-image-5720\" src=\"https:\/\/blog.insieme.ch\/wp-inside\/uploads\/2024\/02\/image-compressee-200x300.jpg\" alt=\"\" width=\"445\" height=\"668\" srcset=\"https:\/\/blog.insieme.ch\/wp-inside\/uploads\/2024\/02\/image-compressee-200x300.jpg 200w, https:\/\/blog.insieme.ch\/wp-inside\/uploads\/2024\/02\/image-compressee-683x1024.jpg 683w, https:\/\/blog.insieme.ch\/wp-inside\/uploads\/2024\/02\/image-compressee-768x1152.jpg 768w, https:\/\/blog.insieme.ch\/wp-inside\/uploads\/2024\/02\/image-compressee-213x320.jpg 213w, https:\/\/blog.insieme.ch\/wp-inside\/uploads\/2024\/02\/image-compressee-800x1200.jpg 800w, https:\/\/blog.insieme.ch\/wp-inside\/uploads\/2024\/02\/image-compressee.jpg 1000w\" sizes=\"auto, (max-width: 445px) 100vw, 445px\" \/><\/p>\n<p class=\"wp-caption-text\">Choix de l\u2019apprentissage, difficult\u00e9s relationnelles ou encore pression mise sur les parents&#160;&#160;: le parcours professionnel de jeunes avec autisme est sem\u00e9 d&#8217;emb\u00fbches. \u00a9Erik Bonerf\u00e4lt<\/p>\n<\/div>\n<p>&nbsp;<\/p>\n<\/p><\/div>\n<\/p><\/div>\n<\/p><\/div>\n<\/p><\/div>\n<\/p><\/div>\n<\/p><\/div>\n<\/div>\n<\/div>\n<p><!-- \/flzn:zn_text --><br \/>\n<!-- flzn:zn_text --><\/p>\n<div id=\"flzn-text-3\" class=\"zone zn-text is-alignwide with-bg bg-color is-bgc-yellow-light\"><span class=\"zone-bg bg-color bgc-yellow-light alignfull\"><\/span><\/p>\n<div class=\"zone-block zn-text-block pdd-top alignwide va-top\">\n<div class=\"row mw-content-zone zn-text-row\">\n<div class=\"columns large-12\">\n<div class=\"row large-up-1 with-nice-alignment nbloc-1\">\n<div class=\"column zn-text-col\">\n<div class=\"column-inner\">\n<div class=\"wig-content mw-content\">\n<h2 style=\"text-align: center;\">Propositions d&rsquo;am\u00e9lioration<\/h2>\n<p>Il y avait, par exemple, le probl\u00e8me des horaires de travail, surtout le matin&#160;&#160;: il d\u00e9butait trop loin et trop t\u00f4t pour pouvoir y aller en train. Une discussion soutenue par l\u2019AI, avec l\u2019employeur, aurait peut-\u00eatre permis de n\u00e9gocier une adaptation, comme d\u2019arriver trente minutes apr\u00e8s les autres ou r\u00e9fl\u00e9chir \u00e0 une solution pour le trajet du matin. C\u2019est moi qui devais l\u2019y conduire, \u00e0 une trentaine de kilom\u00e8tres de la maison, avant de revenir dans ma r\u00e9gion pour aller travailler&#160;&#160;! J\u2019ai tenu trois mois puis, au bord de l\u2019\u00e9puisement, je lui ai finalement trouv\u00e9 un appartement \u00e0 une demi-heure de v\u00e9lo de son emploi. Je trouve que cela met une grande responsabilit\u00e9 sur les \u00e9paules des parents, qui tentent d\u2019\u00eatre sur tous les fronts.<\/p>\n<p>&nbsp;<\/p>\n<blockquote>\n<p style=\"text-align: center;\">Il est essentiel que le projet professionnel se construise en pluridisciplinarit\u00e9 avec le jeune, en tenant compte de ses envies et de ses capacit\u00e9s, de sa famille et de ses ressources, avec l\u2019avis de son psychologue mais aussi bien entendu, avec le conseiller AI.<\/p>\n<\/blockquote>\n<p>&nbsp;<\/p>\n<p>Il est essentiel que le projet professionnel se construise en pluridisciplinarit\u00e9 avec le jeune, en tenant compte de ses envies et de ses capacit\u00e9s, de sa famille et de ses ressources, avec l\u2019avis de son psychologue mais aussi bien entendu, avec le conseiller AI. Selon moi, il aurait \u00e9t\u00e9 utile de r\u00e9unir tout le monde autour de la table pour avoir une vision plus compl\u00e8te et pour g\u00e9n\u00e9rer ainsi une sorte d\u2019intelligence collective.<\/p>\n<p>&nbsp;<\/p>\n<\/p><\/div>\n<\/p><\/div>\n<\/p><\/div>\n<\/p><\/div>\n<\/p><\/div>\n<\/p><\/div>\n<\/div>\n<\/div>\n<p><!-- \/flzn:zn_text --><br \/>\n<!-- flzn:zn_text --><\/p>\n<div id=\"flzn-text-4\" class=\"zone zn-text is-alignwide\">\n<div class=\"zone-block zn-text-block alignwide va-top\">\n<div class=\"row mw-content-zone zn-text-row\">\n<div class=\"columns large-12\">\n<div class=\"row large-up-1 with-nice-alignment nbloc-1\">\n<div class=\"column zn-text-col\">\n<div class=\"column-inner\">\n<div class=\"wig-content mw-content\">\n<p>&nbsp;<\/p>\n<p>\u00c0 l\u2019heure actuelle, tout se passe bien et je suis contente de l\u2019avoir soutenu dans son choix car le risque \u00e9tait un effondrement psychologique qui aurait pu l\u2019amener \u00e0 une d\u00e9pression, voire un drame.<\/p>\n<blockquote>\n<p>\u00c0 l\u2019heure actuelle, tout se passe bien et je suis contente de l\u2019avoir soutenu dans son choix car le risque \u00e9tait un effondrement psychologique qui aurait pu l\u2019amener \u00e0 une d\u00e9pression, voire un drame.<\/p>\n<\/blockquote>\n<p>Mais j\u2019aimerais \u00e9galement pouvoir b\u00e9n\u00e9ficier d\u2019un tiers m\u00e9diant, par exemple pour discuter avec le patron quand il y a un probl\u00e8me, car, lorsque mon fils me dit qu\u2019il a fait une b\u00eatise au travail, je n\u2019arrive pas \u00e0 en mesurer la gravit\u00e9. S\u2019il devait subitement se faire licencier, qu\u2019en serait-il&#160;&#160;?<\/p>\n<\/p><\/div>\n<\/p><\/div>\n<\/p><\/div>\n<\/p><\/div>\n<\/p><\/div>\n<\/p><\/div>\n<\/div>\n<\/div>\n<p><!-- \/flzn:zn_text --><br \/>\n<!-- flzn:zn_text --><\/p>\n<div id=\"flzn-text-5\" class=\"zone zn-text is-alignwide\">\n<div class=\"zone-block zn-text-block alignwide va-top\">\n<div class=\"row mw-content-zone zn-text-row\">\n<div class=\"columns large-12\">\n<div class=\"row large-up-1 with-nice-alignment nbloc-1\">\n<div class=\"column zn-text-col\">\n<div class=\"column-inner\">\n<div class=\"wig-content mw-content\">\n<p>&nbsp;<\/p>\n<p>&nbsp;<\/p>\n<p><em>L\u2019article dans sa version int\u00e9grale est parue dans le\u00a0<a href=\"http:\/\/www.pagesromandes.ch\/accueil-2-2-2\/#1677657910195-8344c8d8-077a\" target=\"_blank\" rel=\"noopener\">num\u00e9ro\u00a0 03\/2023 de Pages Romandes<\/a>, commandable par email \u00e0\u00a0<strong><a href=\"mailto:sarah.cornaz@bluewin.ch\" target=\"_blank\" rel=\"noopener\">sarah.cornaz@bluewin.ch<\/a><\/strong><\/em><\/p>\n<p><em><a href=\"http:\/\/www.pagesromandes.ch\/\"><img loading=\"lazy\" decoding=\"async\" class=\"alignleft wp-image-2518 size-full\" src=\"https:\/\/blog.insieme.ch\/wp-inside\/uploads\/2021\/09\/logo-pages-romandes.png\" alt=\"\" width=\"282\" height=\"117\" \/><\/a><\/em><\/p>\n<p>&nbsp;<\/p>\n<p><em>Abonnement annuel (45CHF \/ an pour 4 num\u00e9ros)&#160;&#160;:\u00a0<strong><a href=\"http:\/\/www.pagesromandes.ch\/abonnement\" target=\"_blank\" rel=\"noopener\">www.pagesromandes.ch\/abonnement\u00a0<\/a><\/strong><\/em><\/p>\n<\/p><\/div>\n<\/p><\/div>\n<\/p><\/div>\n<\/p><\/div>\n<\/p><\/div>\n<\/p><\/div>\n<\/div>\n<\/div>\n<p><!-- \/flzn:zn_text --><\/p>\n","protected":false},"excerpt":{"rendered":"<p>Choix de l\u2019apprentissage, difficult\u00e9s relationnelles ou encore pression mise sur les parents\u00a0: une maman revient sur le parcours professionnel de son fils.<\/p>\n","protected":false},"author":18,"featured_media":5720,"comment_status":"open","ping_status":"open","sticky":false,"template":"","format":"standard","meta":{"_acf_changed":false,"footnotes":""},"categories":[20],"tags":[57,46],"class_list":["post-5716","post","type-post","status-publish","format-standard","has-post-thumbnail","hentry","category-vie-professionnelle","tag-apprentissage","tag-vie-autonome","wp-sticky"],"acf":[],"yoast_head":"<!-- This site is optimized with the Yoast SEO plugin v27.5 - https:\/\/yoast.com\/product\/yoast-seo-wordpress\/ -->\n<title>Formation professionnelle\u00a0: a-t-on vraiment la libert\u00e9 de choix\u00a0?<\/title>\n<meta name=\"description\" content=\"Choix de l\u2019apprentissage, difficult\u00e9s relationnelles ou encore pression mise sur les parents\u00a0: le parcours professionnel de jeunes avec autisme est sem\u00e9 d&#039;emb\u00fbches.\" \/>\n<meta name=\"robots\" content=\"index, follow, max-snippet:-1, max-image-preview:large, max-video-preview:-1\" \/>\n<link rel=\"canonical\" href=\"https:\/\/blog.insieme.ch\/fr\/vie-professionnelle\/formation-professionnelle-a-t-on-vraiment-la-liberte-de-choix\/\" \/>\n<meta property=\"og:locale\" content=\"fr_FR\" \/>\n<meta property=\"og:type\" content=\"article\" \/>\n<meta property=\"og:title\" content=\"Formation professionnelle\u00a0: a-t-on vraiment la libert\u00e9 de choix\u00a0?\" \/>\n<meta property=\"og:description\" content=\"Choix de l\u2019apprentissage, difficult\u00e9s relationnelles ou encore pression mise sur les parents\u00a0: le parcours professionnel de jeunes avec autisme est sem\u00e9 d&#039;emb\u00fbches.\" \/>\n<meta property=\"og:url\" content=\"https:\/\/blog.insieme.ch\/fr\/vie-professionnelle\/formation-professionnelle-a-t-on-vraiment-la-liberte-de-choix\/\" \/>\n<meta property=\"og:site_name\" content=\"insieme Blog\" \/>\n<meta property=\"article:publisher\" content=\"https:\/\/www.facebook.com\/insiemeSuisse\/\" \/>\n<meta property=\"article:published_time\" content=\"2024-02-01T13:41:32+00:00\" \/>\n<meta property=\"article:modified_time\" content=\"2024-02-01T15:18:45+00:00\" \/>\n<meta property=\"og:image\" content=\"https:\/\/blog.insieme.ch\/wp-inside\/uploads\/2024\/02\/image-compressee.jpg\" \/>\n\t<meta property=\"og:image:width\" content=\"1000\" \/>\n\t<meta property=\"og:image:height\" content=\"1500\" \/>\n\t<meta property=\"og:image:type\" content=\"image\/jpeg\" \/>\n<meta name=\"author\" content=\"Sarah Cornaz\" \/>\n<meta name=\"twitter:card\" content=\"summary_large_image\" \/>\n<meta name=\"twitter:creator\" content=\"@insiemeSuisse\" \/>\n<meta name=\"twitter:site\" content=\"@insiemeSuisse\" \/>\n<meta name=\"twitter:label1\" content=\"\u00c9crit par\" \/>\n\t<meta name=\"twitter:data1\" content=\"Sarah Cornaz\" \/>\n\t<meta name=\"twitter:label2\" content=\"Dur\u00e9e de lecture estim\u00e9e\" \/>\n\t<meta name=\"twitter:data2\" content=\"4 minutes\" \/>\n<script type=\"application\/ld+json\" class=\"yoast-schema-graph\">{\"@context\":\"https:\\\/\\\/schema.org\",\"@graph\":[{\"@type\":\"Article\",\"@id\":\"https:\\\/\\\/blog.insieme.ch\\\/fr\\\/vie-professionnelle\\\/formation-professionnelle-a-t-on-vraiment-la-liberte-de-choix\\\/#article\",\"isPartOf\":{\"@id\":\"https:\\\/\\\/blog.insieme.ch\\\/fr\\\/vie-professionnelle\\\/formation-professionnelle-a-t-on-vraiment-la-liberte-de-choix\\\/\"},\"author\":{\"name\":\"Sarah Cornaz\",\"@id\":\"https:\\\/\\\/blog.insieme.ch\\\/fr\\\/#\\\/schema\\\/person\\\/4abd487d1a20fd75785a6c1acf29aada\"},\"headline\":\"Formation professionnelle&#160;: a-t-on vraiment la libert\u00e9 de choix&#160;?\",\"datePublished\":\"2024-02-01T13:41:32+00:00\",\"dateModified\":\"2024-02-01T15:18:45+00:00\",\"mainEntityOfPage\":{\"@id\":\"https:\\\/\\\/blog.insieme.ch\\\/fr\\\/vie-professionnelle\\\/formation-professionnelle-a-t-on-vraiment-la-liberte-de-choix\\\/\"},\"wordCount\":907,\"commentCount\":0,\"publisher\":{\"@id\":\"https:\\\/\\\/blog.insieme.ch\\\/fr\\\/#organization\"},\"image\":{\"@id\":\"https:\\\/\\\/blog.insieme.ch\\\/fr\\\/vie-professionnelle\\\/formation-professionnelle-a-t-on-vraiment-la-liberte-de-choix\\\/#primaryimage\"},\"thumbnailUrl\":\"https:\\\/\\\/blog.insieme.ch\\\/wp-inside\\\/uploads\\\/2024\\\/02\\\/image-compressee.jpg\",\"keywords\":[\"Apprentissage\",\"Vie autonome\"],\"articleSection\":[\"Vie professionnelle\"],\"inLanguage\":\"fr-FR\",\"potentialAction\":[{\"@type\":\"CommentAction\",\"name\":\"Comment\",\"target\":[\"https:\\\/\\\/blog.insieme.ch\\\/fr\\\/vie-professionnelle\\\/formation-professionnelle-a-t-on-vraiment-la-liberte-de-choix\\\/#respond\"]}]},{\"@type\":\"WebPage\",\"@id\":\"https:\\\/\\\/blog.insieme.ch\\\/fr\\\/vie-professionnelle\\\/formation-professionnelle-a-t-on-vraiment-la-liberte-de-choix\\\/\",\"url\":\"https:\\\/\\\/blog.insieme.ch\\\/fr\\\/vie-professionnelle\\\/formation-professionnelle-a-t-on-vraiment-la-liberte-de-choix\\\/\",\"name\":\"Formation professionnelle\u00a0: a-t-on vraiment la libert\u00e9 de choix\u00a0?\",\"isPartOf\":{\"@id\":\"https:\\\/\\\/blog.insieme.ch\\\/fr\\\/#website\"},\"primaryImageOfPage\":{\"@id\":\"https:\\\/\\\/blog.insieme.ch\\\/fr\\\/vie-professionnelle\\\/formation-professionnelle-a-t-on-vraiment-la-liberte-de-choix\\\/#primaryimage\"},\"image\":{\"@id\":\"https:\\\/\\\/blog.insieme.ch\\\/fr\\\/vie-professionnelle\\\/formation-professionnelle-a-t-on-vraiment-la-liberte-de-choix\\\/#primaryimage\"},\"thumbnailUrl\":\"https:\\\/\\\/blog.insieme.ch\\\/wp-inside\\\/uploads\\\/2024\\\/02\\\/image-compressee.jpg\",\"datePublished\":\"2024-02-01T13:41:32+00:00\",\"dateModified\":\"2024-02-01T15:18:45+00:00\",\"description\":\"Choix de l\u2019apprentissage, difficult\u00e9s relationnelles ou encore pression mise sur les parents\u00a0: le parcours professionnel de jeunes avec autisme est sem\u00e9 d'emb\u00fbches.\",\"breadcrumb\":{\"@id\":\"https:\\\/\\\/blog.insieme.ch\\\/fr\\\/vie-professionnelle\\\/formation-professionnelle-a-t-on-vraiment-la-liberte-de-choix\\\/#breadcrumb\"},\"inLanguage\":\"fr-FR\",\"potentialAction\":[{\"@type\":\"ReadAction\",\"target\":[\"https:\\\/\\\/blog.insieme.ch\\\/fr\\\/vie-professionnelle\\\/formation-professionnelle-a-t-on-vraiment-la-liberte-de-choix\\\/\"]}]},{\"@type\":\"ImageObject\",\"inLanguage\":\"fr-FR\",\"@id\":\"https:\\\/\\\/blog.insieme.ch\\\/fr\\\/vie-professionnelle\\\/formation-professionnelle-a-t-on-vraiment-la-liberte-de-choix\\\/#primaryimage\",\"url\":\"https:\\\/\\\/blog.insieme.ch\\\/wp-inside\\\/uploads\\\/2024\\\/02\\\/image-compressee.jpg\",\"contentUrl\":\"https:\\\/\\\/blog.insieme.ch\\\/wp-inside\\\/uploads\\\/2024\\\/02\\\/image-compressee.jpg\",\"width\":1000,\"height\":1500},{\"@type\":\"BreadcrumbList\",\"@id\":\"https:\\\/\\\/blog.insieme.ch\\\/fr\\\/vie-professionnelle\\\/formation-professionnelle-a-t-on-vraiment-la-liberte-de-choix\\\/#breadcrumb\",\"itemListElement\":[{\"@type\":\"ListItem\",\"position\":1,\"name\":\"Accueil\",\"item\":\"https:\\\/\\\/blog.insieme.ch\\\/fr\\\/\"},{\"@type\":\"ListItem\",\"position\":2,\"name\":\"Vie professionnelle\",\"item\":\"https:\\\/\\\/blog.insieme.ch\\\/fr\\\/vie-professionnelle\\\/\"},{\"@type\":\"ListItem\",\"position\":3,\"name\":\"Formation professionnelle&#160;: a-t-on vraiment la libert\u00e9 de choix&#160;?\"}]},{\"@type\":\"WebSite\",\"@id\":\"https:\\\/\\\/blog.insieme.ch\\\/fr\\\/#website\",\"url\":\"https:\\\/\\\/blog.insieme.ch\\\/fr\\\/\",\"name\":\"insieme Blog\",\"description\":\"Alles ausser gew\u00f6hnlich\",\"publisher\":{\"@id\":\"https:\\\/\\\/blog.insieme.ch\\\/fr\\\/#organization\"},\"potentialAction\":[{\"@type\":\"SearchAction\",\"target\":{\"@type\":\"EntryPoint\",\"urlTemplate\":\"https:\\\/\\\/blog.insieme.ch\\\/fr\\\/?s={search_term_string}\"},\"query-input\":{\"@type\":\"PropertyValueSpecification\",\"valueRequired\":true,\"valueName\":\"search_term_string\"}}],\"inLanguage\":\"fr-FR\"},{\"@type\":\"Organization\",\"@id\":\"https:\\\/\\\/blog.insieme.ch\\\/fr\\\/#organization\",\"name\":\"insieme Blog\",\"url\":\"https:\\\/\\\/blog.insieme.ch\\\/fr\\\/\",\"logo\":{\"@type\":\"ImageObject\",\"inLanguage\":\"fr-FR\",\"@id\":\"https:\\\/\\\/blog.insieme.ch\\\/fr\\\/#\\\/schema\\\/logo\\\/image\\\/\",\"url\":\"https:\\\/\\\/blog.insieme.ch\\\/wp-inside\\\/uploads\\\/2021\\\/04\\\/logo-insieme-blog.png\",\"contentUrl\":\"https:\\\/\\\/blog.insieme.ch\\\/wp-inside\\\/uploads\\\/2021\\\/04\\\/logo-insieme-blog.png\",\"width\":280,\"height\":81,\"caption\":\"insieme Blog\"},\"image\":{\"@id\":\"https:\\\/\\\/blog.insieme.ch\\\/fr\\\/#\\\/schema\\\/logo\\\/image\\\/\"},\"sameAs\":[\"https:\\\/\\\/www.facebook.com\\\/insiemeSuisse\\\/\",\"https:\\\/\\\/x.com\\\/insiemeSuisse\"]},{\"@type\":\"Person\",\"@id\":\"https:\\\/\\\/blog.insieme.ch\\\/fr\\\/#\\\/schema\\\/person\\\/4abd487d1a20fd75785a6c1acf29aada\",\"name\":\"Sarah Cornaz\",\"image\":{\"@type\":\"ImageObject\",\"inLanguage\":\"fr-FR\",\"@id\":\"https:\\\/\\\/secure.gravatar.com\\\/avatar\\\/d51e6f85ca60c293e4474895ae2ce5441ee8317a1224fcf89b478932464eb57a?s=96&d=mm&r=g\",\"url\":\"https:\\\/\\\/secure.gravatar.com\\\/avatar\\\/d51e6f85ca60c293e4474895ae2ce5441ee8317a1224fcf89b478932464eb57a?s=96&d=mm&r=g\",\"contentUrl\":\"https:\\\/\\\/secure.gravatar.com\\\/avatar\\\/d51e6f85ca60c293e4474895ae2ce5441ee8317a1224fcf89b478932464eb57a?s=96&d=mm&r=g\",\"caption\":\"Sarah Cornaz\"},\"description\":\"Directrice de Pages Romandes\",\"url\":\"https:\\\/\\\/blog.insieme.ch\\\/fr\\\/author\\\/sarah-cornaz\\\/\"}]}<\/script>\n<!-- \/ Yoast SEO plugin. -->","yoast_head_json":{"title":"Formation professionnelle\u00a0: a-t-on vraiment la libert\u00e9 de choix\u00a0?","description":"Choix de l\u2019apprentissage, difficult\u00e9s relationnelles ou encore pression mise sur les parents\u00a0: le parcours professionnel de jeunes avec autisme est sem\u00e9 d'emb\u00fbches.","robots":{"index":"index","follow":"follow","max-snippet":"max-snippet:-1","max-image-preview":"max-image-preview:large","max-video-preview":"max-video-preview:-1"},"canonical":"https:\/\/blog.insieme.ch\/fr\/vie-professionnelle\/formation-professionnelle-a-t-on-vraiment-la-liberte-de-choix\/","og_locale":"fr_FR","og_type":"article","og_title":"Formation professionnelle\u00a0: a-t-on vraiment la libert\u00e9 de choix\u00a0?","og_description":"Choix de l\u2019apprentissage, difficult\u00e9s relationnelles ou encore pression mise sur les parents\u00a0: le parcours professionnel de jeunes avec autisme est sem\u00e9 d'emb\u00fbches.","og_url":"https:\/\/blog.insieme.ch\/fr\/vie-professionnelle\/formation-professionnelle-a-t-on-vraiment-la-liberte-de-choix\/","og_site_name":"insieme Blog","article_publisher":"https:\/\/www.facebook.com\/insiemeSuisse\/","article_published_time":"2024-02-01T13:41:32+00:00","article_modified_time":"2024-02-01T15:18:45+00:00","og_image":[{"width":1000,"height":1500,"url":"https:\/\/blog.insieme.ch\/wp-inside\/uploads\/2024\/02\/image-compressee.jpg","type":"image\/jpeg"}],"author":"Sarah Cornaz","twitter_card":"summary_large_image","twitter_creator":"@insiemeSuisse","twitter_site":"@insiemeSuisse","twitter_misc":{"\u00c9crit par":"Sarah Cornaz","Dur\u00e9e de lecture estim\u00e9e":"4 minutes"},"schema":{"@context":"https:\/\/schema.org","@graph":[{"@type":"Article","@id":"https:\/\/blog.insieme.ch\/fr\/vie-professionnelle\/formation-professionnelle-a-t-on-vraiment-la-liberte-de-choix\/#article","isPartOf":{"@id":"https:\/\/blog.insieme.ch\/fr\/vie-professionnelle\/formation-professionnelle-a-t-on-vraiment-la-liberte-de-choix\/"},"author":{"name":"Sarah Cornaz","@id":"https:\/\/blog.insieme.ch\/fr\/#\/schema\/person\/4abd487d1a20fd75785a6c1acf29aada"},"headline":"Formation professionnelle&#160;: a-t-on vraiment la libert\u00e9 de choix&#160;?","datePublished":"2024-02-01T13:41:32+00:00","dateModified":"2024-02-01T15:18:45+00:00","mainEntityOfPage":{"@id":"https:\/\/blog.insieme.ch\/fr\/vie-professionnelle\/formation-professionnelle-a-t-on-vraiment-la-liberte-de-choix\/"},"wordCount":907,"commentCount":0,"publisher":{"@id":"https:\/\/blog.insieme.ch\/fr\/#organization"},"image":{"@id":"https:\/\/blog.insieme.ch\/fr\/vie-professionnelle\/formation-professionnelle-a-t-on-vraiment-la-liberte-de-choix\/#primaryimage"},"thumbnailUrl":"https:\/\/blog.insieme.ch\/wp-inside\/uploads\/2024\/02\/image-compressee.jpg","keywords":["Apprentissage","Vie autonome"],"articleSection":["Vie professionnelle"],"inLanguage":"fr-FR","potentialAction":[{"@type":"CommentAction","name":"Comment","target":["https:\/\/blog.insieme.ch\/fr\/vie-professionnelle\/formation-professionnelle-a-t-on-vraiment-la-liberte-de-choix\/#respond"]}]},{"@type":"WebPage","@id":"https:\/\/blog.insieme.ch\/fr\/vie-professionnelle\/formation-professionnelle-a-t-on-vraiment-la-liberte-de-choix\/","url":"https:\/\/blog.insieme.ch\/fr\/vie-professionnelle\/formation-professionnelle-a-t-on-vraiment-la-liberte-de-choix\/","name":"Formation professionnelle\u00a0: a-t-on vraiment la libert\u00e9 de choix\u00a0?","isPartOf":{"@id":"https:\/\/blog.insieme.ch\/fr\/#website"},"primaryImageOfPage":{"@id":"https:\/\/blog.insieme.ch\/fr\/vie-professionnelle\/formation-professionnelle-a-t-on-vraiment-la-liberte-de-choix\/#primaryimage"},"image":{"@id":"https:\/\/blog.insieme.ch\/fr\/vie-professionnelle\/formation-professionnelle-a-t-on-vraiment-la-liberte-de-choix\/#primaryimage"},"thumbnailUrl":"https:\/\/blog.insieme.ch\/wp-inside\/uploads\/2024\/02\/image-compressee.jpg","datePublished":"2024-02-01T13:41:32+00:00","dateModified":"2024-02-01T15:18:45+00:00","description":"Choix de l\u2019apprentissage, difficult\u00e9s relationnelles ou encore pression mise sur les parents\u00a0: le parcours professionnel de jeunes avec autisme est sem\u00e9 d'emb\u00fbches.","breadcrumb":{"@id":"https:\/\/blog.insieme.ch\/fr\/vie-professionnelle\/formation-professionnelle-a-t-on-vraiment-la-liberte-de-choix\/#breadcrumb"},"inLanguage":"fr-FR","potentialAction":[{"@type":"ReadAction","target":["https:\/\/blog.insieme.ch\/fr\/vie-professionnelle\/formation-professionnelle-a-t-on-vraiment-la-liberte-de-choix\/"]}]},{"@type":"ImageObject","inLanguage":"fr-FR","@id":"https:\/\/blog.insieme.ch\/fr\/vie-professionnelle\/formation-professionnelle-a-t-on-vraiment-la-liberte-de-choix\/#primaryimage","url":"https:\/\/blog.insieme.ch\/wp-inside\/uploads\/2024\/02\/image-compressee.jpg","contentUrl":"https:\/\/blog.insieme.ch\/wp-inside\/uploads\/2024\/02\/image-compressee.jpg","width":1000,"height":1500},{"@type":"BreadcrumbList","@id":"https:\/\/blog.insieme.ch\/fr\/vie-professionnelle\/formation-professionnelle-a-t-on-vraiment-la-liberte-de-choix\/#breadcrumb","itemListElement":[{"@type":"ListItem","position":1,"name":"Accueil","item":"https:\/\/blog.insieme.ch\/fr\/"},{"@type":"ListItem","position":2,"name":"Vie professionnelle","item":"https:\/\/blog.insieme.ch\/fr\/vie-professionnelle\/"},{"@type":"ListItem","position":3,"name":"Formation professionnelle&#160;: a-t-on vraiment la libert\u00e9 de choix&#160;?"}]},{"@type":"WebSite","@id":"https:\/\/blog.insieme.ch\/fr\/#website","url":"https:\/\/blog.insieme.ch\/fr\/","name":"insieme Blog","description":"Alles ausser gew\u00f6hnlich","publisher":{"@id":"https:\/\/blog.insieme.ch\/fr\/#organization"},"potentialAction":[{"@type":"SearchAction","target":{"@type":"EntryPoint","urlTemplate":"https:\/\/blog.insieme.ch\/fr\/?s={search_term_string}"},"query-input":{"@type":"PropertyValueSpecification","valueRequired":true,"valueName":"search_term_string"}}],"inLanguage":"fr-FR"},{"@type":"Organization","@id":"https:\/\/blog.insieme.ch\/fr\/#organization","name":"insieme Blog","url":"https:\/\/blog.insieme.ch\/fr\/","logo":{"@type":"ImageObject","inLanguage":"fr-FR","@id":"https:\/\/blog.insieme.ch\/fr\/#\/schema\/logo\/image\/","url":"https:\/\/blog.insieme.ch\/wp-inside\/uploads\/2021\/04\/logo-insieme-blog.png","contentUrl":"https:\/\/blog.insieme.ch\/wp-inside\/uploads\/2021\/04\/logo-insieme-blog.png","width":280,"height":81,"caption":"insieme Blog"},"image":{"@id":"https:\/\/blog.insieme.ch\/fr\/#\/schema\/logo\/image\/"},"sameAs":["https:\/\/www.facebook.com\/insiemeSuisse\/","https:\/\/x.com\/insiemeSuisse"]},{"@type":"Person","@id":"https:\/\/blog.insieme.ch\/fr\/#\/schema\/person\/4abd487d1a20fd75785a6c1acf29aada","name":"Sarah Cornaz","image":{"@type":"ImageObject","inLanguage":"fr-FR","@id":"https:\/\/secure.gravatar.com\/avatar\/d51e6f85ca60c293e4474895ae2ce5441ee8317a1224fcf89b478932464eb57a?s=96&d=mm&r=g","url":"https:\/\/secure.gravatar.com\/avatar\/d51e6f85ca60c293e4474895ae2ce5441ee8317a1224fcf89b478932464eb57a?s=96&d=mm&r=g","contentUrl":"https:\/\/secure.gravatar.com\/avatar\/d51e6f85ca60c293e4474895ae2ce5441ee8317a1224fcf89b478932464eb57a?s=96&d=mm&r=g","caption":"Sarah Cornaz"},"description":"Directrice de Pages Romandes","url":"https:\/\/blog.insieme.ch\/fr\/author\/sarah-cornaz\/"}]}},"featured_media_url":"https:\/\/blog.insieme.ch\/wp-inside\/uploads\/2024\/02\/image-compressee-683x1024.jpg","_links":{"self":[{"href":"https:\/\/blog.insieme.ch\/fr\/wp-json\/wp\/v2\/posts\/5716","targetHints":{"allow":["GET"]}}],"collection":[{"href":"https:\/\/blog.insieme.ch\/fr\/wp-json\/wp\/v2\/posts"}],"about":[{"href":"https:\/\/blog.insieme.ch\/fr\/wp-json\/wp\/v2\/types\/post"}],"author":[{"embeddable":true,"href":"https:\/\/blog.insieme.ch\/fr\/wp-json\/wp\/v2\/users\/18"}],"replies":[{"embeddable":true,"href":"https:\/\/blog.insieme.ch\/fr\/wp-json\/wp\/v2\/comments?post=5716"}],"version-history":[{"count":11,"href":"https:\/\/blog.insieme.ch\/fr\/wp-json\/wp\/v2\/posts\/5716\/revisions"}],"predecessor-version":[{"id":5737,"href":"https:\/\/blog.insieme.ch\/fr\/wp-json\/wp\/v2\/posts\/5716\/revisions\/5737"}],"wp:featuredmedia":[{"embeddable":true,"href":"https:\/\/blog.insieme.ch\/fr\/wp-json\/wp\/v2\/media\/5720"}],"wp:attachment":[{"href":"https:\/\/blog.insieme.ch\/fr\/wp-json\/wp\/v2\/media?parent=5716"}],"wp:term":[{"taxonomy":"category","embeddable":true,"href":"https:\/\/blog.insieme.ch\/fr\/wp-json\/wp\/v2\/categories?post=5716"},{"taxonomy":"post_tag","embeddable":true,"href":"https:\/\/blog.insieme.ch\/fr\/wp-json\/wp\/v2\/tags?post=5716"}],"curies":[{"name":"wp","href":"https:\/\/api.w.org\/{rel}","templated":true}]}}