{"id":5669,"date":"2024-01-18T15:22:32","date_gmt":"2024-01-18T14:22:32","guid":{"rendered":"https:\/\/blog.insieme.ch\/?p=5669"},"modified":"2024-01-29T16:08:29","modified_gmt":"2024-01-29T15:08:29","slug":"avoir-un-soutien-dans-le-quartier-est-necessaire","status":"publish","type":"post","link":"https:\/\/blog.insieme.ch\/fr\/loisirs\/avoir-un-soutien-dans-le-quartier-est-necessaire\/","title":{"rendered":"\u00ab&#160;Avoir un soutien dans le quartier est n\u00e9cessaire&#160;\u00bb"},"content":{"rendered":"<p><!-- flzn:zn_pagebanner --><\/p>\n<header id=\"flzn-pagebanner-1\" class=\"zone zn-pagebanner is-alignfull with-bg bg-color is-bgc-yellow-light\"><span class=\"zone-bg bg-color bgc-yellow-light alignfull\"><\/span><\/p>\n<div class=\"zone-block zn-pagebanner-block alignfull va-center\"><\/div>\n<\/header>\n<p><!-- \/flzn:zn_pagebanner --><br \/>\n<!-- flzn:zn_text --><\/p>\n<div id=\"flzn-text-1\" class=\"zone zn-text is-alignwide\">\n<div class=\"zone-block zn-text-block alignwide va-top\">\n<div class=\"row mw-content-zone zn-text-row\">\n<div class=\"columns large-12\">\n<div class=\"row large-up-1 with-nice-alignment nbloc-1\">\n<div class=\"column zn-text-col\">\n<div class=\"column-inner\">\n<div class=\"wig-content mw-content\">\n<h4><strong>Comment les enfants vivant avec un handicap mental occupent-ils leur temps libre&#160;&#160;? Existe-t-il assez d&rsquo;activit\u00e9s et celles-ci r\u00e9pondent-elles aux souhaits et aux besoins des enfants&#160;&#160;? Karin von Moos, maman d&rsquo;Eline, 9 ans, et membre d&rsquo;insieme Lucerne, nous fait part de son exp\u00e9rience.<\/strong><\/h4>\n<p><!--more--><\/p>\n<p>Eline est une fi\u00e8re \u00e9l\u00e8ve de 4P. Elle fr\u00e9quente une classe ordinaire multi-\u00e2ge de la ville de Lucerne et, deux jours par semaine, elle reste au parascolaire. Bien entour\u00e9e, elle parle beaucoup et volontiers de ses ami\u00b7e\u00b7s, de ses camarades et des autres enfants. Le calcul, la lecture et l&rsquo;\u00e9criture sont adapt\u00e9s \u00e0 son rythme.<\/p>\n<h2><strong>Comment et avec qui Eline aime-t-elle passer son temps <\/strong><strong>&#160;&#160;?<\/strong><\/h2>\n<p>Une fois par semaine, elle fait de l&rsquo;\u00e9quitation (th\u00e9rapie) et va ensuite \u00e0 son cours de natation. Deux activit\u00e9s qui, \u00e0 nos yeux, sont n\u00e9cessaires pour renforcer sa musculature et sa confiance en elle. Apprendre \u00e0 nager est \u00e9galement essentiel, car nous vivons \u00e0 proximit\u00e9 d&rsquo;un lac.\u00a0 Une fois par semaine, elle participe \u00e9galement \u00e0 une super activit\u00e9 sportive, propos\u00e9e par la ville de Lucerne, <em>Trendsport f\u00fcr M\u00e4dchen<\/em>(sport tendance pour les filles).<\/p>\n<h2><strong>Eline peut-elle occuper son temps libre comme elle le souhaite<\/strong><strong>&#160;&#160;?<\/strong><\/h2>\n<p>Voici tout ce qu&rsquo;Eline souhaiterait faire (et que je trouverais bien qu&rsquo;elle fasse) mais qui n&rsquo;est pas possible&#160;&#160;: prendre des cours de fl\u00fbte, faire du karat\u00e9 ou de la lutte, faire partie de la chorale des enfants, faire du v\u00e9lo sans sa maman, f\u00eater son anniversaire &#8211; le sien avec des copains et celui des copains chez eux, chercher des chats seule dans le quartier, promener le chien du voisin, faire du scoutisme ou encore rendre visite \u00e0 des amis. Alors NON, clairement, Eline n&rsquo;occupe pas son temps libre comme elle le souhaiterait ou comme moi je le jugerais bon.<\/p>\n<\/p><\/div>\n<\/p><\/div>\n<\/p><\/div>\n<\/p><\/div>\n<\/p><\/div>\n<\/p><\/div>\n<\/div>\n<\/div>\n<p><!-- \/flzn:zn_text --><br \/>\n<!-- flzn:zn_button --><\/p>\n<div id=\"flzn-button-1\" class=\"zone zn-button is-alignfull with-bg bg-color is-bgc-yellow-light\"><span class=\"zone-bg bg-color bgc-yellow-light alignfull\"><\/span><\/p>\n<div class=\"zone-block zn-button-block alignfull va-top text-center\">\n<div class=\"zn-button-bgbox block-alignfull oneblock text-center\">\n<div class=\"zn-button-bgbox-bg with-img\" data-interchange=\"[https:\/\/blog.insieme.ch\/wp-inside\/uploads\/2024\/01\/headerbild-425x250.jpg, small],[https:\/\/blog.insieme.ch\/wp-inside\/uploads\/2024\/01\/headerbild-1024x600.jpg, gsmall],[https:\/\/blog.insieme.ch\/wp-inside\/uploads\/2024\/01\/headerbild-1280x600.jpg, glarge],[https:\/\/blog.insieme.ch\/wp-inside\/uploads\/2024\/01\/headerbild.jpg, xlarge],\"><\/div>\n<\/p><\/div>\n<div class=\"zn-button-list row small-up-1 medium-up-1 nb-bloc-1  oneblock text-center\" data-equalizer data-equalize-on=\"large\">\n<div class=\"zn-button-bloc column\" data-equalizer-watch>\n<div class=\"column-inner\">\n<div class=\"zn-button-innerbox with-img\">\n<div class=\"zn-button-bloc-titledesc\">\n<h3 class=\"zn-button-bloc-title h2 cursive-font title-with-deco\">\n\t\t\t\t\t\t\t\t\t\t\u00ab&#160;&#160;\u00c7a joue&#160;&#160;?&#160;&#160;\u00bb\u00a0\t\t\t\t\t\t\t\t\t<\/h3>\n<div class=\"zn-button-bloc-desc\">\n<p><span class=\"TextRun Highlight SCXW226036951 BCX8\" lang=\"FR-CH\" xml:lang=\"FR-CH\" data-contrast=\"auto\"><span class=\"NormalTextRun SCXW226036951 BCX8\">Afin de mettre en \u0153uvre la Convention des droits des personnes handicap\u00e9es dans le domaine des loisirs<\/span><span class=\"NormalTextRun SCXW226036951 BCX8\">,<\/span><\/span>\u00a0<span class=\"TextRun Highlight SCXW226036951 BCX8\" lang=\"FR-CH\" xml:lang=\"FR-CH\" data-contrast=\"auto\"><span class=\"NormalTextRun SpellingErrorV2Themed SCXW226036951 BCX8\">insieme<\/span><span class=\"NormalTextRun SCXW226036951 BCX8\"> Suisse a lanc\u00e9<\/span><span class=\"NormalTextRun SCXW226036951 BCX8\">\u00a0le projet \u00ab&#160;&#160;<\/span><\/span><span class=\"TextRun SCXW226036951 BCX8\" lang=\"FR-CH\" xml:lang=\"FR-CH\" data-contrast=\"auto\"><span class=\"NormalTextRun SCXW226036951 BCX8\">\u00c7<\/span><\/span><span class=\"TextRun Highlight SCXW226036951 BCX8\" lang=\"FR-CH\" xml:lang=\"FR-CH\" data-contrast=\"auto\"><span class=\"NormalTextRun SCXW226036951 BCX8\">a joue&#160;&#160;?&#160;&#160;\u00bb\u00a0<\/span><\/span><\/p>\n<\/p><\/div>\n<\/p><\/div>\n<div class=\"zn-button-buttons-box\">\n<p>\t\t\t\t\t\t\t\t\t\t\t\t\t\t\t\t\t\t<a class=\"button primary\" href=\"https:\/\/insieme.ch\/fr\/nos-activites\/projets-et-realisations\/ca-joue\/\" target=\"_blank\" rel=\"noopener\"><br \/>\n\t\t\t\t\t\t\t\t\t\t\t\t\t\t\t\t\t\t\t\t\tEn savoir plus\t\t\t\t\t\t\t\t\t\t\t\t\t\t\t\t\t\t\t<\/a>\n\t\t\t\t\t\t\t\t\t\t\t\t\t\t\t\t\t\t\t\t\t<\/div>\n<\/p><\/div>\n<\/p><\/div>\n<\/p><\/div>\n<\/p><\/div>\n<\/div>\n<\/div>\n<p><!-- \/flzn:zn_button --><br \/>\n<!-- flzn:zn_text --><\/p>\n<div id=\"flzn-text-2\" class=\"zone zn-text is-alignwide\">\n<div class=\"zone-block zn-text-block pdd-top alignwide va-top\">\n<div class=\"row mw-content-zone zn-text-row\">\n<div class=\"columns large-12\">\n<div class=\"row large-up-1 with-nice-alignment nbloc-1\">\n<div class=\"column zn-text-col\">\n<div class=\"column-inner\">\n<div class=\"wig-content mw-content\">\n<h2><strong>Quels sont les obstacles&#160;&#160;?<\/strong><\/h2>\n<p>Eline aimerait faire beaucoup de choses seule, ou du moins sans sa maman. Ce d\u00e9sir d&rsquo;ind\u00e9pendance est tr\u00e8s prononc\u00e9. Mais comme elle n&rsquo;a aucune notion du temps et de l&rsquo;espace, et qu&rsquo;elle ne peut pas se faire comprendre, elle doit constamment \u00eatre sous surveillance ou au minimum se trouver dans un cadre prot\u00e9g\u00e9, c&rsquo;est-\u00e0-dire un espace ferm\u00e9. A chaque fois qu&rsquo;Eline veut sortir, maman devrait avoir le temps. Ce n&rsquo;est pas toujours possible, \u00e0 moins que je ne quitte mon travail. <span style=\"font-size: inherit;\">Pour les m\u00e8res qui ont un enfant en situation de handicap, la question de l\u2019\u00e9galit\u00e9 des chances est quelque chose qui revient sans cesse et qui m\u2019exasp\u00e8re<\/span><\/p>\n<\/p><\/div>\n<\/p><\/div>\n<\/p><\/div>\n<\/p><\/div>\n<\/p><\/div>\n<\/p><\/div>\n<\/div>\n<\/div>\n<p><!-- \/flzn:zn_text --><br \/>\n<!-- flzn:zn_image --><\/p>\n<div id=\"flzn-image-1\" class=\"zone zn-image is-alignwide\">\n<div class=\"zone-block zn-image-block alignwide va-top\">\n<div class=\"row one-img\">\n<div class=\"columns large-12\">\n<div class=\"row with-nice-alignment va-top\">\n<div class=\"columns large-12 zn-image-col\">\n<div class=\"columns-inner zn-image-col-inner\">\n\t\t\t\t\t\t\t<a class=\"zn-image-imgbox swipebox\" href=\"https:\/\/blog.insieme.ch\/wp-inside\/uploads\/2024\/01\/famille-von-moos.jpg\" title=\"famille von Moos\" rel=\"galleryzone-flzn-image-1\">\t\t\t\t\t\t\t<\/p>\n<figure class=\"zn-image-figure\">\n\t\t\t\t\t\t\t\t<img decoding=\"async\" class=\"zn-image-img\" src=\"https:\/\/blog.insieme.ch\/wp-inside\/uploads\/2024\/01\/famille-von-moos.jpg\" alt=\"\" \/><br \/>\n\t\t\t\t\t\t\t\t\t\t\t\t\t\t\t<\/figure>\n<p>\t\t\t\t\t\t\t<\/a>\t\t\t\t\t\t<\/div>\n<\/p><\/div>\n<\/p><\/div>\n<\/p><\/div>\n<\/p><\/div>\n<\/div>\n<\/div>\n<p><!-- \/flzn:zn_image --><br \/>\n<!-- flzn:zn_text --><\/p>\n<div id=\"flzn-text-3\" class=\"zone zn-text is-alignwide with-bg bg-color is-bgc-yellow-light\"><span class=\"zone-bg bg-color bgc-yellow-light alignfull\"><\/span><\/p>\n<div class=\"zone-block zn-text-block alignwide va-top\">\n<div class=\"row mw-content-zone zn-text-row\">\n<div class=\"columns large-12\">\n<div class=\"row large-up-1 with-nice-alignment nbloc-1\">\n<div class=\"column zn-text-col\">\n<div class=\"column-inner\">\n<div class=\"wig-content mw-content\">\n<p>De nombreux enfants du quartier d&rsquo;un \u00e2ge similaire, mais sans handicap, se d\u00e9placent souvent plus rapidement d&rsquo;un environnement \u00e0 l&rsquo;autre et sont \u00e9galement plus agiles sur le plan moteur. En \u00e9tant plus lente, Eline perd rapidement le contact avec un groupe. Afin de pouvoir avoir des \u00a0activit\u00e9s en commun, elle a besoin de personnes qui fassent le lien entre elle et les autres. .<\/p>\n<p>Eline demande beaucoup d&rsquo;\u00e9nergie, de personnel et d&rsquo;organisation. Au quotidien, ce n&rsquo;est pas toujours suffisant. Si, par exemple, on nous met \u00e0 disposition une assistance suppl\u00e9mentaire lors d&rsquo;un camp d&rsquo;\u00e9quitation, cela entra\u00eene soit un doublement des co\u00fbts pour nous, soit la bonne volont\u00e9 de sa direction, qui organise cela d&rsquo;une mani\u00e8re ou d&rsquo;une autre sans contributions. C&rsquo;est super quand c&rsquo;est le cas, mais c&rsquo;est tr\u00e8s fatigant quand Eline ou moi devons constamment \u00eatre demandeuses.<\/p>\n<p>&nbsp;<\/p>\n<\/p><\/div>\n<\/p><\/div>\n<\/p><\/div>\n<\/p><\/div>\n<\/p><\/div>\n<\/p><\/div>\n<\/div>\n<\/div>\n<p><!-- \/flzn:zn_text --><br \/>\n<!-- flzn:zn_text --><\/p>\n<div id=\"flzn-text-4\" class=\"zone zn-text is-alignwide\">\n<div class=\"zone-block zn-text-block alignwide va-top\">\n<div class=\"row mw-content-zone zn-text-row\">\n<div class=\"columns large-12\">\n<div class=\"row large-up-1 with-nice-alignment nbloc-1\">\n<div class=\"column zn-text-col\">\n<div class=\"column-inner\">\n<div class=\"wig-content mw-content\">\n<h2><strong>Comment aimerais-je <\/strong><strong>qu&rsquo;Eline puisse occuper son temps libre \u00e0 l&rsquo;avenir&#160;&#160;?<\/strong><\/h2>\n<p>Eline doit s&rsquo;exercer \u00e0 l&rsquo;autonomie, cela ne fait aucun doute. C&rsquo;est possible en petites \u00e9tapes. Je suis convaincue que l&rsquo;environnement habituel, le quartier, est un point de d\u00e9part id\u00e9al. Le rayon social pourra ensuite \u00eatre petit \u00e0 petit \u00e9largi. Se rendre aux scouts \u00e0 l&rsquo;autre bout de la ville ne sert \u00e0 rien, puisqu\u2019elle n\u2019y conna\u00eet personne, et qu\u2019elle ne rencontrera par la suite pas ces personnes dans le quartier. Elle ne peut donc pas se constituer de r\u00e9seau. C&rsquo;est pourtant indispensable \u00e0 l&rsquo;autonomie d&rsquo;Eline. Eline ne peut aller au <em>Trendsport<\/em> que parce que l&rsquo;activit\u00e9 a lieu dans l&rsquo;enceinte de l&rsquo;\u00e9cole et directement apr\u00e8s les cours et que l&rsquo;assistant de classe est pr\u00eat \u00e0 l\u2019accompagner. Je dois \u00eatre disponible pour venir la chercher \u00e0 16h30. Si l\u2019horaire ou l\u2019activit\u00e9 change ou si l&rsquo;assistant de classe ne veut mettre \u00e0 disposition 10 minutes, cela ne fonctionne pas. Sans compter le moniteur sportif, , qui doit \u00eatre pr\u00eate \u00e0 impliquer Eline de mani\u00e8re cibl\u00e9e et \u00e0 garder un \u0153il sur elle. Cela fait beaucoup de variables en d\u00e9faveur des enfants en situation de handicap.<\/p>\n<\/p><\/div>\n<\/p><\/div>\n<\/p><\/div>\n<\/p><\/div>\n<\/p><\/div>\n<\/p><\/div>\n<\/div>\n<\/div>\n<p><!-- \/flzn:zn_text --><br \/>\n<!-- flzn:zn_quote --><\/p>\n<div id=\"flzn-quote-1\" class=\"zone zn-quote is-alignwide\">\n<div class=\"zone-block zn-quote-block alignwide va-top\">\n<div class=\"row mw-content-zone\">\n<div class=\"large-12 columns\">\n<div class=\"quotebox with-img\">\n<div class=\"quotebox-inner\">\n<figure class=\"quotebox-img\">\n\t\t\t\t\t\t\t<img decoding=\"async\" src=\"https:\/\/blog.insieme.ch\/wp-inside\/uploads\/2024\/01\/karin-von-moos-150x150.jpg\" alt=\"Karin von Moos\" \/><br \/>\n\t\t\t\t\t\t<\/figure>\n<blockquote class=\"quotebox-content\">\n<div class=\"quotebox-content-inner\">\n<p class=\"quotebox-desc\">Alors NON, clairement, Eline n&rsquo;occupe pas son temps libre comme elle le souhaiterait ou comme moi je le jugerais bon.<\/p>\n<p>\t\t\t\t\t\t\t\t\t\t\t\t\t\t<cite class=\"quotebox-author\"><br \/>\n\t\t\t\t\t\t\t\t<span class=\"quotebox-name\">Karin von Moos<\/span>, \t\t\t\t\t\t\t\t<span class=\"quotebox-nameinfos\">maman d&rsquo;Eline<\/span>\t\t\t\t\t\t\t<\/cite>\n\t\t\t\t\t\t\t\t\t\t\t\t\t<\/div>\n<\/blockquote><\/div>\n<\/p><\/div>\n<\/p><\/div>\n<\/p><\/div>\n<\/div>\n<\/div>\n<p><!-- \/flzn:zn_quote --><br \/>\n<!-- flzn:zn_text --><\/p>\n<div id=\"flzn-text-5\" class=\"zone zn-text is-alignwide\">\n<div class=\"zone-block zn-text-block alignwide va-top\">\n<div class=\"row mw-content-zone zn-text-row\">\n<div class=\"columns large-12\">\n<div class=\"row large-up-1 with-nice-alignment nbloc-1\">\n<div class=\"column zn-text-col\">\n<div class=\"column-inner\">\n<div class=\"wig-content mw-content\">\n<h2><strong>Que faudrait-il pour qu&rsquo;Eline puisse passer son temps libre comme nous le souhaiterions <\/strong><strong>&#160;&#160;?<\/strong><\/h2>\n<p>Avoir un soutien dans le quartier, avec des personnes physiquement disponibles, est n\u00e9cessaire pour tout&#160;&#160;: \u00e9cole, loisirs, famille. De nombreuses connaissances sont disponibles, parfois aussi l&rsquo;argent ainsi que la bonne volont\u00e9&#8230; seule la mise en \u0153uvre est difficile.<\/p>\n<blockquote>\n<p>De nombreuses connaissances sont disponibles, parfois aussi l&rsquo;argent ainsi que la bonne volont\u00e9&#8230; seule la mise en \u0153uvre est difficile.<\/p>\n<\/blockquote>\n<p>Dans chaque quartier, il y a sans doute des personnes qui ont le temps, les connaissances, la compr\u00e9hension et la volont\u00e9 de s&rsquo;engager ponctuellement dans des activit\u00e9s d&rsquo;accompagnement. Mais comment les atteindre et les mobiliser&#160;&#160;? Je ne sais pas, cela ne r\u00e9ussit que dans certaines situations et avec de la chance. Peut-\u00eatre serait-ce un nouveau projet&#160;&#160;? \u00ab&#160;&#160;Accompagnateur de quartier&#160;&#160;\u00bb pourrait \u00eatre le nom d&rsquo;un projet pilote<\/p>\n<p>&nbsp;<\/p>\n<p>&nbsp;<\/p>\n<\/p><\/div>\n<\/p><\/div>\n<\/p><\/div>\n<\/p><\/div>\n<\/p><\/div>\n<\/p><\/div>\n<\/div>\n<\/div>\n<p><!-- \/flzn:zn_text --><\/p>\n","protected":false},"excerpt":{"rendered":"<p>Comment les enfants vivant avec un handicap mental occupent-ils leur temps libre ? Karin von Moos, maman d&rsquo;Eline, 9 ans, nous fait part de son exp\u00e9rience.<\/p>\n","protected":false},"author":38,"featured_media":5655,"comment_status":"open","ping_status":"open","sticky":false,"template":"","format":"standard","meta":{"_acf_changed":false,"footnotes":""},"categories":[17,23],"tags":[],"class_list":["post-5669","post","type-post","status-publish","format-standard","has-post-thumbnail","hentry","category-inclusion","category-loisirs","wp-sticky"],"acf":[],"yoast_head":"<!-- This site is optimized with the Yoast SEO plugin v27.5 - https:\/\/yoast.com\/product\/yoast-seo-wordpress\/ -->\n<title>&quot;Avoir un soutien dans le quartier est n\u00e9cessaire&quot;<\/title>\n<meta name=\"description\" content=\"Comment les enfants vivant avec un handicap mental occupent-ils leur temps libre ? Existe-t-il assez d&#039;activit\u00e9s et celles-ci r\u00e9pondent-elles aux souhaits et aux besoins des enfants ?\" \/>\n<meta name=\"robots\" content=\"index, follow, max-snippet:-1, max-image-preview:large, max-video-preview:-1\" \/>\n<link rel=\"canonical\" href=\"https:\/\/blog.insieme.ch\/fr\/loisirs\/avoir-un-soutien-dans-le-quartier-est-necessaire\/\" \/>\n<meta property=\"og:locale\" content=\"fr_FR\" \/>\n<meta property=\"og:type\" content=\"article\" \/>\n<meta property=\"og:title\" content=\"&quot;Avoir un soutien dans le quartier est n\u00e9cessaire&quot;\" \/>\n<meta property=\"og:description\" content=\"Comment les enfants vivant avec un handicap mental occupent-ils leur temps libre ? Existe-t-il assez d&#039;activit\u00e9s et celles-ci r\u00e9pondent-elles aux souhaits et aux besoins des enfants ?\" \/>\n<meta property=\"og:url\" content=\"https:\/\/blog.insieme.ch\/fr\/loisirs\/avoir-un-soutien-dans-le-quartier-est-necessaire\/\" \/>\n<meta property=\"og:site_name\" content=\"insieme Blog\" \/>\n<meta property=\"article:publisher\" content=\"https:\/\/www.facebook.com\/insiemeSuisse\/\" \/>\n<meta property=\"article:published_time\" content=\"2024-01-18T14:22:32+00:00\" \/>\n<meta property=\"article:modified_time\" content=\"2024-01-29T15:08:29+00:00\" \/>\n<meta property=\"og:image\" content=\"https:\/\/blog.insieme.ch\/wp-inside\/uploads\/2024\/01\/famille-von-moos.jpg\" \/>\n\t<meta property=\"og:image:width\" content=\"640\" \/>\n\t<meta property=\"og:image:height\" content=\"590\" \/>\n\t<meta property=\"og:image:type\" content=\"image\/jpeg\" \/>\n<meta name=\"author\" content=\"Karin von Moos\" \/>\n<meta name=\"twitter:card\" content=\"summary_large_image\" \/>\n<meta name=\"twitter:creator\" content=\"@insiemeSuisse\" \/>\n<meta name=\"twitter:site\" content=\"@insiemeSuisse\" \/>\n<meta name=\"twitter:label1\" content=\"\u00c9crit par\" \/>\n\t<meta name=\"twitter:data1\" content=\"Maman et membre d&#039;insieme Lucerne\" \/>\n\t<meta name=\"twitter:label2\" content=\"Dur\u00e9e de lecture estim\u00e9e\" \/>\n\t<meta name=\"twitter:data2\" content=\"5 minutes\" \/>\n<script type=\"application\/ld+json\" class=\"yoast-schema-graph\">{\"@context\":\"https:\\\/\\\/schema.org\",\"@graph\":[{\"@type\":\"Article\",\"@id\":\"https:\\\/\\\/blog.insieme.ch\\\/fr\\\/loisirs\\\/avoir-un-soutien-dans-le-quartier-est-necessaire\\\/#article\",\"isPartOf\":{\"@id\":\"https:\\\/\\\/blog.insieme.ch\\\/fr\\\/loisirs\\\/avoir-un-soutien-dans-le-quartier-est-necessaire\\\/\"},\"author\":{\"name\":\"Karin von Moos\",\"@id\":\"https:\\\/\\\/blog.insieme.ch\\\/fr\\\/#\\\/schema\\\/person\\\/216ebcf6dd7e3108b75eac8aeb9b18a0\"},\"headline\":\"\u00ab&#160;Avoir un soutien dans le quartier est n\u00e9cessaire&#160;\u00bb\",\"datePublished\":\"2024-01-18T14:22:32+00:00\",\"dateModified\":\"2024-01-29T15:08:29+00:00\",\"mainEntityOfPage\":{\"@id\":\"https:\\\/\\\/blog.insieme.ch\\\/fr\\\/loisirs\\\/avoir-un-soutien-dans-le-quartier-est-necessaire\\\/\"},\"wordCount\":1071,\"commentCount\":0,\"publisher\":{\"@id\":\"https:\\\/\\\/blog.insieme.ch\\\/fr\\\/#organization\"},\"image\":{\"@id\":\"https:\\\/\\\/blog.insieme.ch\\\/fr\\\/loisirs\\\/avoir-un-soutien-dans-le-quartier-est-necessaire\\\/#primaryimage\"},\"thumbnailUrl\":\"https:\\\/\\\/blog.insieme.ch\\\/wp-inside\\\/uploads\\\/2024\\\/01\\\/famille-von-moos.jpg\",\"articleSection\":[\"Inclusion\",\"Loisirs\"],\"inLanguage\":\"fr-FR\",\"potentialAction\":[{\"@type\":\"CommentAction\",\"name\":\"Comment\",\"target\":[\"https:\\\/\\\/blog.insieme.ch\\\/fr\\\/loisirs\\\/avoir-un-soutien-dans-le-quartier-est-necessaire\\\/#respond\"]}]},{\"@type\":\"WebPage\",\"@id\":\"https:\\\/\\\/blog.insieme.ch\\\/fr\\\/loisirs\\\/avoir-un-soutien-dans-le-quartier-est-necessaire\\\/\",\"url\":\"https:\\\/\\\/blog.insieme.ch\\\/fr\\\/loisirs\\\/avoir-un-soutien-dans-le-quartier-est-necessaire\\\/\",\"name\":\"\\\"Avoir un soutien dans le quartier est n\u00e9cessaire\\\"\",\"isPartOf\":{\"@id\":\"https:\\\/\\\/blog.insieme.ch\\\/fr\\\/#website\"},\"primaryImageOfPage\":{\"@id\":\"https:\\\/\\\/blog.insieme.ch\\\/fr\\\/loisirs\\\/avoir-un-soutien-dans-le-quartier-est-necessaire\\\/#primaryimage\"},\"image\":{\"@id\":\"https:\\\/\\\/blog.insieme.ch\\\/fr\\\/loisirs\\\/avoir-un-soutien-dans-le-quartier-est-necessaire\\\/#primaryimage\"},\"thumbnailUrl\":\"https:\\\/\\\/blog.insieme.ch\\\/wp-inside\\\/uploads\\\/2024\\\/01\\\/famille-von-moos.jpg\",\"datePublished\":\"2024-01-18T14:22:32+00:00\",\"dateModified\":\"2024-01-29T15:08:29+00:00\",\"description\":\"Comment les enfants vivant avec un handicap mental occupent-ils leur temps libre ? Existe-t-il assez d'activit\u00e9s et celles-ci r\u00e9pondent-elles aux souhaits et aux besoins des enfants ?\",\"breadcrumb\":{\"@id\":\"https:\\\/\\\/blog.insieme.ch\\\/fr\\\/loisirs\\\/avoir-un-soutien-dans-le-quartier-est-necessaire\\\/#breadcrumb\"},\"inLanguage\":\"fr-FR\",\"potentialAction\":[{\"@type\":\"ReadAction\",\"target\":[\"https:\\\/\\\/blog.insieme.ch\\\/fr\\\/loisirs\\\/avoir-un-soutien-dans-le-quartier-est-necessaire\\\/\"]}]},{\"@type\":\"ImageObject\",\"inLanguage\":\"fr-FR\",\"@id\":\"https:\\\/\\\/blog.insieme.ch\\\/fr\\\/loisirs\\\/avoir-un-soutien-dans-le-quartier-est-necessaire\\\/#primaryimage\",\"url\":\"https:\\\/\\\/blog.insieme.ch\\\/wp-inside\\\/uploads\\\/2024\\\/01\\\/famille-von-moos.jpg\",\"contentUrl\":\"https:\\\/\\\/blog.insieme.ch\\\/wp-inside\\\/uploads\\\/2024\\\/01\\\/famille-von-moos.jpg\",\"width\":640,\"height\":590},{\"@type\":\"BreadcrumbList\",\"@id\":\"https:\\\/\\\/blog.insieme.ch\\\/fr\\\/loisirs\\\/avoir-un-soutien-dans-le-quartier-est-necessaire\\\/#breadcrumb\",\"itemListElement\":[{\"@type\":\"ListItem\",\"position\":1,\"name\":\"Accueil\",\"item\":\"https:\\\/\\\/blog.insieme.ch\\\/fr\\\/\"},{\"@type\":\"ListItem\",\"position\":2,\"name\":\"Loisirs\",\"item\":\"https:\\\/\\\/blog.insieme.ch\\\/fr\\\/loisirs\\\/\"},{\"@type\":\"ListItem\",\"position\":3,\"name\":\"\u00ab&#160;Avoir un soutien dans le quartier est n\u00e9cessaire&#160;\u00bb\"}]},{\"@type\":\"WebSite\",\"@id\":\"https:\\\/\\\/blog.insieme.ch\\\/fr\\\/#website\",\"url\":\"https:\\\/\\\/blog.insieme.ch\\\/fr\\\/\",\"name\":\"insieme Blog\",\"description\":\"Alles ausser gew\u00f6hnlich\",\"publisher\":{\"@id\":\"https:\\\/\\\/blog.insieme.ch\\\/fr\\\/#organization\"},\"potentialAction\":[{\"@type\":\"SearchAction\",\"target\":{\"@type\":\"EntryPoint\",\"urlTemplate\":\"https:\\\/\\\/blog.insieme.ch\\\/fr\\\/?s={search_term_string}\"},\"query-input\":{\"@type\":\"PropertyValueSpecification\",\"valueRequired\":true,\"valueName\":\"search_term_string\"}}],\"inLanguage\":\"fr-FR\"},{\"@type\":\"Organization\",\"@id\":\"https:\\\/\\\/blog.insieme.ch\\\/fr\\\/#organization\",\"name\":\"insieme Blog\",\"url\":\"https:\\\/\\\/blog.insieme.ch\\\/fr\\\/\",\"logo\":{\"@type\":\"ImageObject\",\"inLanguage\":\"fr-FR\",\"@id\":\"https:\\\/\\\/blog.insieme.ch\\\/fr\\\/#\\\/schema\\\/logo\\\/image\\\/\",\"url\":\"https:\\\/\\\/blog.insieme.ch\\\/wp-inside\\\/uploads\\\/2021\\\/04\\\/logo-insieme-blog.png\",\"contentUrl\":\"https:\\\/\\\/blog.insieme.ch\\\/wp-inside\\\/uploads\\\/2021\\\/04\\\/logo-insieme-blog.png\",\"width\":280,\"height\":81,\"caption\":\"insieme Blog\"},\"image\":{\"@id\":\"https:\\\/\\\/blog.insieme.ch\\\/fr\\\/#\\\/schema\\\/logo\\\/image\\\/\"},\"sameAs\":[\"https:\\\/\\\/www.facebook.com\\\/insiemeSuisse\\\/\",\"https:\\\/\\\/x.com\\\/insiemeSuisse\"]},{\"@type\":\"Person\",\"@id\":\"https:\\\/\\\/blog.insieme.ch\\\/fr\\\/#\\\/schema\\\/person\\\/216ebcf6dd7e3108b75eac8aeb9b18a0\",\"name\":\"Karin von Moos\",\"image\":{\"@type\":\"ImageObject\",\"inLanguage\":\"fr-FR\",\"@id\":\"https:\\\/\\\/secure.gravatar.com\\\/avatar\\\/e6c7eb5bbe0086d860f5717873a81b2c7bff709a1a83b85e936bc137b2cf2322?s=96&d=mm&r=g\",\"url\":\"https:\\\/\\\/secure.gravatar.com\\\/avatar\\\/e6c7eb5bbe0086d860f5717873a81b2c7bff709a1a83b85e936bc137b2cf2322?s=96&d=mm&r=g\",\"contentUrl\":\"https:\\\/\\\/secure.gravatar.com\\\/avatar\\\/e6c7eb5bbe0086d860f5717873a81b2c7bff709a1a83b85e936bc137b2cf2322?s=96&d=mm&r=g\",\"caption\":\"Karin von Moos\"},\"description\":\"Mutter und Mitglied von insieme Luzern\",\"url\":\"https:\\\/\\\/blog.insieme.ch\\\/fr\\\/author\\\/karin-von-moos\\\/\"}]}<\/script>\n<!-- \/ Yoast SEO plugin. -->","yoast_head_json":{"title":"\"Avoir un soutien dans le quartier est n\u00e9cessaire\"","description":"Comment les enfants vivant avec un handicap mental occupent-ils leur temps libre ? Existe-t-il assez d'activit\u00e9s et celles-ci r\u00e9pondent-elles aux souhaits et aux besoins des enfants ?","robots":{"index":"index","follow":"follow","max-snippet":"max-snippet:-1","max-image-preview":"max-image-preview:large","max-video-preview":"max-video-preview:-1"},"canonical":"https:\/\/blog.insieme.ch\/fr\/loisirs\/avoir-un-soutien-dans-le-quartier-est-necessaire\/","og_locale":"fr_FR","og_type":"article","og_title":"\"Avoir un soutien dans le quartier est n\u00e9cessaire\"","og_description":"Comment les enfants vivant avec un handicap mental occupent-ils leur temps libre ? Existe-t-il assez d'activit\u00e9s et celles-ci r\u00e9pondent-elles aux souhaits et aux besoins des enfants ?","og_url":"https:\/\/blog.insieme.ch\/fr\/loisirs\/avoir-un-soutien-dans-le-quartier-est-necessaire\/","og_site_name":"insieme Blog","article_publisher":"https:\/\/www.facebook.com\/insiemeSuisse\/","article_published_time":"2024-01-18T14:22:32+00:00","article_modified_time":"2024-01-29T15:08:29+00:00","og_image":[{"width":640,"height":590,"url":"https:\/\/blog.insieme.ch\/wp-inside\/uploads\/2024\/01\/famille-von-moos.jpg","type":"image\/jpeg"}],"author":"Karin von Moos","twitter_card":"summary_large_image","twitter_creator":"@insiemeSuisse","twitter_site":"@insiemeSuisse","twitter_misc":{"\u00c9crit par":"Maman et membre d'insieme Lucerne","Dur\u00e9e de lecture estim\u00e9e":"5 minutes"},"schema":{"@context":"https:\/\/schema.org","@graph":[{"@type":"Article","@id":"https:\/\/blog.insieme.ch\/fr\/loisirs\/avoir-un-soutien-dans-le-quartier-est-necessaire\/#article","isPartOf":{"@id":"https:\/\/blog.insieme.ch\/fr\/loisirs\/avoir-un-soutien-dans-le-quartier-est-necessaire\/"},"author":{"name":"Karin von Moos","@id":"https:\/\/blog.insieme.ch\/fr\/#\/schema\/person\/216ebcf6dd7e3108b75eac8aeb9b18a0"},"headline":"\u00ab&#160;Avoir un soutien dans le quartier est n\u00e9cessaire&#160;\u00bb","datePublished":"2024-01-18T14:22:32+00:00","dateModified":"2024-01-29T15:08:29+00:00","mainEntityOfPage":{"@id":"https:\/\/blog.insieme.ch\/fr\/loisirs\/avoir-un-soutien-dans-le-quartier-est-necessaire\/"},"wordCount":1071,"commentCount":0,"publisher":{"@id":"https:\/\/blog.insieme.ch\/fr\/#organization"},"image":{"@id":"https:\/\/blog.insieme.ch\/fr\/loisirs\/avoir-un-soutien-dans-le-quartier-est-necessaire\/#primaryimage"},"thumbnailUrl":"https:\/\/blog.insieme.ch\/wp-inside\/uploads\/2024\/01\/famille-von-moos.jpg","articleSection":["Inclusion","Loisirs"],"inLanguage":"fr-FR","potentialAction":[{"@type":"CommentAction","name":"Comment","target":["https:\/\/blog.insieme.ch\/fr\/loisirs\/avoir-un-soutien-dans-le-quartier-est-necessaire\/#respond"]}]},{"@type":"WebPage","@id":"https:\/\/blog.insieme.ch\/fr\/loisirs\/avoir-un-soutien-dans-le-quartier-est-necessaire\/","url":"https:\/\/blog.insieme.ch\/fr\/loisirs\/avoir-un-soutien-dans-le-quartier-est-necessaire\/","name":"\"Avoir un soutien dans le quartier est n\u00e9cessaire\"","isPartOf":{"@id":"https:\/\/blog.insieme.ch\/fr\/#website"},"primaryImageOfPage":{"@id":"https:\/\/blog.insieme.ch\/fr\/loisirs\/avoir-un-soutien-dans-le-quartier-est-necessaire\/#primaryimage"},"image":{"@id":"https:\/\/blog.insieme.ch\/fr\/loisirs\/avoir-un-soutien-dans-le-quartier-est-necessaire\/#primaryimage"},"thumbnailUrl":"https:\/\/blog.insieme.ch\/wp-inside\/uploads\/2024\/01\/famille-von-moos.jpg","datePublished":"2024-01-18T14:22:32+00:00","dateModified":"2024-01-29T15:08:29+00:00","description":"Comment les enfants vivant avec un handicap mental occupent-ils leur temps libre ? Existe-t-il assez d'activit\u00e9s et celles-ci r\u00e9pondent-elles aux souhaits et aux besoins des enfants ?","breadcrumb":{"@id":"https:\/\/blog.insieme.ch\/fr\/loisirs\/avoir-un-soutien-dans-le-quartier-est-necessaire\/#breadcrumb"},"inLanguage":"fr-FR","potentialAction":[{"@type":"ReadAction","target":["https:\/\/blog.insieme.ch\/fr\/loisirs\/avoir-un-soutien-dans-le-quartier-est-necessaire\/"]}]},{"@type":"ImageObject","inLanguage":"fr-FR","@id":"https:\/\/blog.insieme.ch\/fr\/loisirs\/avoir-un-soutien-dans-le-quartier-est-necessaire\/#primaryimage","url":"https:\/\/blog.insieme.ch\/wp-inside\/uploads\/2024\/01\/famille-von-moos.jpg","contentUrl":"https:\/\/blog.insieme.ch\/wp-inside\/uploads\/2024\/01\/famille-von-moos.jpg","width":640,"height":590},{"@type":"BreadcrumbList","@id":"https:\/\/blog.insieme.ch\/fr\/loisirs\/avoir-un-soutien-dans-le-quartier-est-necessaire\/#breadcrumb","itemListElement":[{"@type":"ListItem","position":1,"name":"Accueil","item":"https:\/\/blog.insieme.ch\/fr\/"},{"@type":"ListItem","position":2,"name":"Loisirs","item":"https:\/\/blog.insieme.ch\/fr\/loisirs\/"},{"@type":"ListItem","position":3,"name":"\u00ab&#160;Avoir un soutien dans le quartier est n\u00e9cessaire&#160;\u00bb"}]},{"@type":"WebSite","@id":"https:\/\/blog.insieme.ch\/fr\/#website","url":"https:\/\/blog.insieme.ch\/fr\/","name":"insieme Blog","description":"Alles ausser gew\u00f6hnlich","publisher":{"@id":"https:\/\/blog.insieme.ch\/fr\/#organization"},"potentialAction":[{"@type":"SearchAction","target":{"@type":"EntryPoint","urlTemplate":"https:\/\/blog.insieme.ch\/fr\/?s={search_term_string}"},"query-input":{"@type":"PropertyValueSpecification","valueRequired":true,"valueName":"search_term_string"}}],"inLanguage":"fr-FR"},{"@type":"Organization","@id":"https:\/\/blog.insieme.ch\/fr\/#organization","name":"insieme Blog","url":"https:\/\/blog.insieme.ch\/fr\/","logo":{"@type":"ImageObject","inLanguage":"fr-FR","@id":"https:\/\/blog.insieme.ch\/fr\/#\/schema\/logo\/image\/","url":"https:\/\/blog.insieme.ch\/wp-inside\/uploads\/2021\/04\/logo-insieme-blog.png","contentUrl":"https:\/\/blog.insieme.ch\/wp-inside\/uploads\/2021\/04\/logo-insieme-blog.png","width":280,"height":81,"caption":"insieme Blog"},"image":{"@id":"https:\/\/blog.insieme.ch\/fr\/#\/schema\/logo\/image\/"},"sameAs":["https:\/\/www.facebook.com\/insiemeSuisse\/","https:\/\/x.com\/insiemeSuisse"]},{"@type":"Person","@id":"https:\/\/blog.insieme.ch\/fr\/#\/schema\/person\/216ebcf6dd7e3108b75eac8aeb9b18a0","name":"Karin von Moos","image":{"@type":"ImageObject","inLanguage":"fr-FR","@id":"https:\/\/secure.gravatar.com\/avatar\/e6c7eb5bbe0086d860f5717873a81b2c7bff709a1a83b85e936bc137b2cf2322?s=96&d=mm&r=g","url":"https:\/\/secure.gravatar.com\/avatar\/e6c7eb5bbe0086d860f5717873a81b2c7bff709a1a83b85e936bc137b2cf2322?s=96&d=mm&r=g","contentUrl":"https:\/\/secure.gravatar.com\/avatar\/e6c7eb5bbe0086d860f5717873a81b2c7bff709a1a83b85e936bc137b2cf2322?s=96&d=mm&r=g","caption":"Karin von Moos"},"description":"Mutter und Mitglied von insieme Luzern","url":"https:\/\/blog.insieme.ch\/fr\/author\/karin-von-moos\/"}]}},"featured_media_url":"https:\/\/blog.insieme.ch\/wp-inside\/uploads\/2024\/01\/famille-von-moos.jpg","_links":{"self":[{"href":"https:\/\/blog.insieme.ch\/fr\/wp-json\/wp\/v2\/posts\/5669","targetHints":{"allow":["GET"]}}],"collection":[{"href":"https:\/\/blog.insieme.ch\/fr\/wp-json\/wp\/v2\/posts"}],"about":[{"href":"https:\/\/blog.insieme.ch\/fr\/wp-json\/wp\/v2\/types\/post"}],"author":[{"embeddable":true,"href":"https:\/\/blog.insieme.ch\/fr\/wp-json\/wp\/v2\/users\/38"}],"replies":[{"embeddable":true,"href":"https:\/\/blog.insieme.ch\/fr\/wp-json\/wp\/v2\/comments?post=5669"}],"version-history":[{"count":8,"href":"https:\/\/blog.insieme.ch\/fr\/wp-json\/wp\/v2\/posts\/5669\/revisions"}],"predecessor-version":[{"id":5674,"href":"https:\/\/blog.insieme.ch\/fr\/wp-json\/wp\/v2\/posts\/5669\/revisions\/5674"}],"wp:featuredmedia":[{"embeddable":true,"href":"https:\/\/blog.insieme.ch\/fr\/wp-json\/wp\/v2\/media\/5655"}],"wp:attachment":[{"href":"https:\/\/blog.insieme.ch\/fr\/wp-json\/wp\/v2\/media?parent=5669"}],"wp:term":[{"taxonomy":"category","embeddable":true,"href":"https:\/\/blog.insieme.ch\/fr\/wp-json\/wp\/v2\/categories?post=5669"},{"taxonomy":"post_tag","embeddable":true,"href":"https:\/\/blog.insieme.ch\/fr\/wp-json\/wp\/v2\/tags?post=5669"}],"curies":[{"name":"wp","href":"https:\/\/api.w.org\/{rel}","templated":true}]}}