{"id":5572,"date":"2023-12-22T12:10:15","date_gmt":"2023-12-22T11:10:15","guid":{"rendered":"https:\/\/blog.insieme.ch\/?p=5572"},"modified":"2023-12-22T13:15:57","modified_gmt":"2023-12-22T12:15:57","slug":"handicap-un-hashtag-qui-federe","status":"publish","type":"post","link":"https:\/\/blog.insieme.ch\/fr\/loisirs\/handicap-un-hashtag-qui-federe\/","title":{"rendered":"\u00ab&#160;Handicap&#160;\u00bb, un hashtag qui f\u00e9d\u00e8re"},"content":{"rendered":"<p><!-- flzn:zn_pagebanner --><\/p>\n<header id=\"flzn-pagebanner-1\" class=\"zone zn-pagebanner is-alignfull with-bg bg-color is-bgc-yellow-light\"><span class=\"zone-bg bg-color bgc-yellow-light alignfull\"><\/span><\/p>\n<div class=\"zone-block zn-pagebanner-block alignfull va-center\"><\/div>\n<\/header>\n<p><!-- \/flzn:zn_pagebanner --><br \/>\n<!-- flzn:zn_text --><\/p>\n<div id=\"flzn-text-1\" class=\"zone zn-text is-alignwide\">\n<div class=\"zone-block zn-text-block pdd-top-off pdd-bottom-off alignwide va-top\">\n<div class=\"row mw-content-zone zn-text-row\">\n<div class=\"columns large-12\">\n<div class=\"row large-up-1 with-nice-alignment nbloc-1\">\n<div class=\"column zn-text-col\">\n<div class=\"column-inner\">\n<div class=\"wig-content mw-content\">\n<h4 style=\"text-align: left;\">Mettre en sc\u00e8ne son handicap sur les r\u00e9seaux sociaux en tournant celui-ci en d\u00e9rision ou en exposant les d\u00e9fis de son quoti\u00addien. Ce type de d\u00e9marche individuelle peut-il s\u2019apparenter \u00e0 une forme de sensibilisation, voire de militantisme&#160;&#160;? Derri\u00e8re l\u2019appellation d\u2019influenceur\u00b7euse dans le domaine du handicap se cache une grande diversit\u00e9 de profils et d\u2019usages.<\/h4>\n<p style=\"text-align: center;\"><!--more--><\/p>\n<section>Un petit gar\u00e7on, tr\u00e8s concentr\u00e9 car il tente de remonter seul la fermeture \u00e9clair de sa veste, finit par laisser exploser sa joie en y parvenant. Ce reel,\u00a0 post\u00e9 sur Instagram a \u00e9t\u00e9 vu plus de 21&rsquo;000 fois.\u00a0<\/section>\n<section>\u00a0<\/section>\n<section><\/section>\n<section><\/section>\n<section><\/section>\n<section><\/section>\n<div style=\"max-width: 350px; margin: 0 auto;\">\n<blockquote class=\"instagram-media\" style=\"background: #FFF; border: 0; border-radius: 3px; box-shadow: 0 0 1px 0 rgba(0,0,0,0.5),0 1px 10px 0 rgba(0,0,0,0.15); margin: 0 auto !important; max-width: 350px; min-width: 326px; padding: 0; width: calc(100% - 2px);\" data-instgrm-permalink=\"https:\/\/www.instagram.com\/reel\/CxqOH15M0w6\/?utm_source=ig_embed&amp;utm_campaign=loading\" data-instgrm-version=\"14\">\n<div style=\"padding: 16px;\"><\/div>\n<p>&nbsp;<\/p>\n<div style=\"display: flex; flex-direction: row; align-items: center;\">\n<div style=\"background-color: #f4f4f4; border-radius: 50%; flex-grow: 0; height: 40px; margin-right: 14px; width: 40px;\"><\/div>\n<div style=\"display: flex; flex-direction: column; flex-grow: 1; justify-content: center;\">\n<div style=\"background-color: #f4f4f4; border-radius: 4px; flex-grow: 0; height: 14px; margin-bottom: 6px; width: 100px;\"><\/div>\n<div style=\"background-color: #f4f4f4; border-radius: 4px; flex-grow: 0; height: 14px; width: 60px;\"><\/div>\n<\/div>\n<\/div>\n<div style=\"padding: 19% 0;\"><\/div>\n<div style=\"display: block; height: 50px; margin: 0 auto 12px; width: 50px;\"><\/div>\n<div style=\"padding-top: 8px;\">\n<div style=\"color: #3897f0; font-family: Arial,sans-serif; font-size: 14px; font-style: normal; font-weight: 550; line-height: 18px;\">Voir cette publication sur Instagram<\/div>\n<\/div>\n<div style=\"padding: 12.5% 0;\"><\/div>\n<div style=\"display: flex; flex-direction: row; margin-bottom: 14px; align-items: center;\">\n<div>\n<div style=\"background-color: #f4f4f4; border-radius: 50%; height: 12.5px; width: 12.5px; transform: translateX(0px) translateY(7px);\"><\/div>\n<div style=\"background-color: #f4f4f4; height: 12.5px; transform: rotate(-45deg) translateX(3px) translateY(1px); width: 12.5px; flex-grow: 0; margin-right: 14px; margin-left: 2px;\"><\/div>\n<div style=\"background-color: #f4f4f4; border-radius: 50%; height: 12.5px; width: 12.5px; transform: translateX(9px) translateY(-18px);\"><\/div>\n<\/div>\n<div style=\"margin-left: 8px;\">\n<div style=\"background-color: #f4f4f4; border-radius: 50%; flex-grow: 0; height: 20px; width: 20px;\"><\/div>\n<div style=\"width: 0; height: 0; border-top: 2px solid transparent; border-left: 6px solid #f4f4f4; border-bottom: 2px solid transparent; transform: translateX(16px) translateY(-4px) rotate(30deg);\"><\/div>\n<\/div>\n<div style=\"margin-left: auto;\">\n<div style=\"width: 0px; border-top: 8px solid #F4F4F4; border-right: 8px solid transparent; transform: translateY(16px);\"><\/div>\n<div style=\"background-color: #f4f4f4; flex-grow: 0; height: 12px; width: 16px; transform: translateY(-4px);\"><\/div>\n<div style=\"width: 0; height: 0; border-top: 8px solid #F4F4F4; border-left: 8px solid transparent; transform: translateY(-4px) translateX(8px);\"><\/div>\n<\/div>\n<\/div>\n<div style=\"display: flex; flex-direction: column; flex-grow: 1; justify-content: center; margin-bottom: 24px;\">\n<div style=\"background-color: #f4f4f4; border-radius: 4px; flex-grow: 0; height: 14px; margin-bottom: 6px; width: 224px;\"><\/div>\n<div style=\"background-color: #f4f4f4; border-radius: 4px; flex-grow: 0; height: 14px; width: 144px;\"><\/div>\n<\/div>\n<p>&nbsp;<\/p>\n<p style=\"color: #c9c8cd; font-family: Arial,sans-serif; font-size: 14px; line-height: 17px; margin-bottom: 0; margin-top: 8px; overflow: hidden; padding: 8px 0 7px; text-align: center; text-overflow: ellipsis; white-space: nowrap;\"><a style=\"color: #c9c8cd; font-family: Arial,sans-serif; font-size: 14px; font-style: normal; font-weight: normal; line-height: 17px; text-decoration: none; max-width: 350px; margin: 0 auto;\" href=\"https:\/\/www.instagram.com\/reel\/CxqOH15M0w6\/?utm_source=ig_embed&amp;utm_campaign=loading\" target=\"_blank\" rel=\"noopener\">Une publication partag\u00e9e par Myriam (@teamansermet)<\/a><\/p>\n<\/blockquote>\n<\/div>\n<p>&nbsp;<\/p>\n<p><script async src=\"\/\/www.instagram.com\/embed.js\"><\/script>Alors enceinte de son troisi\u00e8me enfant, Myriam Ansermet apprend que son fils est porteur de trisomie 21. Avec son mari, ils prennent la d\u00e9cision de le garder&#160;&#160;:\u00a0 \u00ab&#160;&#160;On ne connaissait rien \u00e0 ce handicap. C\u2019\u00e9tait difficile de se projeter. Des amis m\u2019avaient parl\u00e9 de livres et de comptes Instagram. Quand je me suis abonn\u00e9e \u00e0 celui de l\u2019<a href=\"https:\/\/www.instagram.com\/lextraordinairemarcel\/\" target=\"_blank\" rel=\"noopener\">extraordinaire Marcel<\/a> je me suis dit&#160;&#160;: Waouh, c\u2019est cool de montrer \u00e7a&#160;&#160;!&#160;&#160;\u00bb<\/p>\n<p>Quelques mois apr\u00e8s la naissance d\u2019Am\u00e9lien, la famille d\u00e9cide d\u2019ouvrir un compte public sur ce r\u00e9seau, \u00ab&#160;&#160;pour montrer que notre quotidien n\u2019est pas tellement diff\u00e9rent&#160;&#160;\u00bb. Mais aussi pour apporter un contrepoint au milieu m\u00e9dical, pour qui l\u2019annonce d\u2019un handicap est \u00ab&#160;&#160;une mauvaise nouvelle&#160;&#160;\u00bb.<\/p>\n<blockquote>\n<p>On ne connaissait rien \u00e0 ce handicap. C\u2019\u00e9tait difficile de se projeter. Des amis m\u2019avaient parl\u00e9 de livres et de comptes Instagram. Quand je me suis abonn\u00e9e \u00e0 celui de l\u2019<a href=\"https:\/\/www.instagram.com\/lextraordinairemarcel\/\" target=\"_blank\" rel=\"noopener\">extraordinaire Marcel<\/a> je me suis dit&#160;&#160;: Waouh, c\u2019est cool de montrer \u00e7a&#160;&#160;!&#160;&#160;\u00bb<\/p>\n<\/blockquote>\n<p>Des <a href=\"https:\/\/www.instagram.com\/teamansermet\/\" target=\"_blank\" rel=\"noopener\">comptes comme celui de la famille Ansermet<\/a>, il en existe de nombreux sur les r\u00e9seaux sociaux. Le hashtag \u00ab&#160;&#160;handicap&#160;&#160;\u00bb compte plus de 800&rsquo;000 occurrences sur le r\u00e9seau de partage d\u2019images. \u00ab&#160;&#160;Le hashtag est une forme d\u2019ancrage, qui veut dire que l\u2019on se retrouve autour d\u2019un th\u00e8me. Le fait qu\u2019il soit utilis\u00e9 est important. Cela montre qu\u2019il y a une envie de reconnaissance de la th\u00e9matique du handicap&#160;&#160;\u00bb, explique Olivier Glassey, sociologue des m\u00e9dias.<\/p>\n<div id=\"gtx-trans\" style=\"position: absolute; left: 158px; top: 133px;\">\n<div class=\"gtx-trans-icon\"><\/div>\n<\/div><\/div>\n<\/p><\/div>\n<\/p><\/div>\n<\/p><\/div>\n<\/p><\/div>\n<\/p><\/div>\n<\/div>\n<\/div>\n<p><!-- \/flzn:zn_text --><br \/>\n<!-- flzn:zn_quote --><\/p>\n<div id=\"flzn-quote-1\" class=\"zone zn-quote is-alignwide\">\n<div class=\"zone-block zn-quote-block pdd-top-off pdd-bottom-off alignwide va-top\">\n<div class=\"row mw-content-zone\">\n<div class=\"large-12 columns\">\n<div class=\"quotebox with-img\">\n<div class=\"quotebox-inner\">\n<figure class=\"quotebox-img\">\n\t\t\t\t\t\t\t<img decoding=\"async\" src=\"https:\/\/blog.insieme.ch\/wp-inside\/uploads\/2023\/12\/glassey-unil-scaled-1-150x150.jpg\" alt=\"Olivier Glassey\" \/><br \/>\n\t\t\t\t\t\t<\/figure>\n<blockquote class=\"quotebox-content\">\n<div class=\"quotebox-content-inner\">\n<p class=\"quotebox-desc\">\u00ab&#160;&#160;Le hashtag est une forme d\u2019ancrage, qui veut dire que l\u2019on se retrouve autour d\u2019un th\u00e8me. Le fait qu\u2019il soit utilis\u00e9 est important. Cela montre qu\u2019il y a une envie de reconnaissance de la th\u00e9matique du handicap&#160;&#160;\u00bb<\/p>\n<p>\t\t\t\t\t\t\t\t\t\t\t\t\t\t<cite class=\"quotebox-author\"><br \/>\n\t\t\t\t\t\t\t\t<span class=\"quotebox-name\">Olivier Glassey<\/span>, \t\t\t\t\t\t\t\t<span class=\"quotebox-nameinfos\">sociologue des m\u00e9dias<\/span>\t\t\t\t\t\t\t<\/cite>\n\t\t\t\t\t\t\t\t\t\t\t\t\t<\/div>\n<\/blockquote><\/div>\n<\/p><\/div>\n<\/p><\/div>\n<\/p><\/div>\n<\/div>\n<\/div>\n<p><!-- \/flzn:zn_quote --><br \/>\n<!-- flzn:zn_text --><\/p>\n<div id=\"flzn-text-2\" class=\"zone zn-text is-alignwide\">\n<div class=\"zone-block zn-text-block alignwide va-top\">\n<div class=\"row mw-content-zone zn-text-row\">\n<div class=\"columns large-12\">\n<div class=\"row large-up-1 with-nice-alignment nbloc-1\">\n<div class=\"column zn-text-col\">\n<div class=\"column-inner\">\n<div class=\"wig-content mw-content\">\n<p>&nbsp;<\/p>\n<p>C\u2019est pr\u00e9cis\u00e9ment de cette th\u00e9matique que deviennent expert\u00b7e\u00b7s nombre d\u2019influenceur\u00b7euse\u00b7s sur les r\u00e9seaux. G\u00e9n\u00e9ralement sp\u00e9cialis\u00e9\u00b7e\u00b7s dans un domaine, comme la beaut\u00e9 ou les voyages, ces dernier\u00b7\u00e8re\u00b7s tentent, \u00e0 travers leur statut ou leur notori\u00e9t\u00e9 num\u00e9rique, d\u2019influencer les comportements, notamment en mati\u00e8re de consommation.<\/p>\n<p>Romain, alias <a href=\"https:\/\/www.instagram.com\/roro_le_costaud\/\" target=\"_blank\" rel=\"noopener\">\u00ab&#160;&#160;Roro le costaud&#160;&#160;\u00bb<\/a>, compte plus de 200\u2009000 followers sur Instagram. La particularit\u00e9 des posts de ce \u00ab&#160;&#160;pompier \u00e0 roulettes&#160;&#160;\u00bb fran\u00e7ais&#160;&#160;? Aborder, au moyen de vid\u00e9os d\u00e9cal\u00e9es, des sujets tabous.<\/p>\n<p>&nbsp;<\/p>\n<div style=\"max-width: 350px; margin: 0 auto;\">\n<blockquote class=\"instagram-media\" style=\"background: #FFF; border: 0; border-radius: 3px; box-shadow: 0 0 1px 0 rgba(0,0,0,0.5),0 1px 10px 0 rgba(0,0,0,0.15); margin: 0 auto; max-width: 350px; min-width: 326px; padding: 0; width: calc(100% - 2px);\" data-instgrm-captioned=\"\" data-instgrm-permalink=\"https:\/\/www.instagram.com\/reel\/CyBeZCZoTdy\/?utm_source=ig_embed&amp;utm_campaign=loading\" data-instgrm-version=\"14\">\n<div style=\"padding: 16px;\">\n<p>&nbsp;<\/p>\n<div style=\"display: flex; flex-direction: row; align-items: center;\">\n<div style=\"background-color: #f4f4f4; border-radius: 50%; flex-grow: 0; height: 40px; margin-right: 14px; width: 40px;\"><\/div>\n<div style=\"display: flex; flex-direction: column; flex-grow: 1; justify-content: center;\">\n<div style=\"background-color: #f4f4f4; border-radius: 4px; flex-grow: 0; height: 14px; margin-bottom: 6px; width: 100px;\"><\/div>\n<div style=\"background-color: #f4f4f4; border-radius: 4px; flex-grow: 0; height: 14px; width: 60px;\"><\/div>\n<\/div>\n<\/div>\n<div style=\"padding: 19% 0;\"><\/div>\n<div style=\"display: block; height: 50px; margin: 0 auto 12px; width: 50px;\"><\/div>\n<div style=\"padding-top: 8px;\">\n<div style=\"color: #3897f0; font-family: Arial,sans-serif; font-size: 14px; font-style: normal; font-weight: 550; line-height: 18px;\">Voir cette publication sur Instagram<\/div>\n<\/div>\n<div style=\"padding: 12.5% 0;\"><\/div>\n<div style=\"display: flex; flex-direction: row; margin-bottom: 14px; align-items: center;\">\n<div>\n<div style=\"background-color: #f4f4f4; border-radius: 50%; height: 12.5px; width: 12.5px; transform: translateX(0px) translateY(7px);\"><\/div>\n<div style=\"background-color: #f4f4f4; height: 12.5px; transform: rotate(-45deg) translateX(3px) translateY(1px); width: 12.5px; flex-grow: 0; margin-right: 14px; margin-left: 2px;\"><\/div>\n<div style=\"background-color: #f4f4f4; border-radius: 50%; height: 12.5px; width: 12.5px; transform: translateX(9px) translateY(-18px);\"><\/div>\n<\/div>\n<div style=\"margin-left: 8px;\">\n<div style=\"background-color: #f4f4f4; border-radius: 50%; flex-grow: 0; height: 20px; width: 20px;\"><\/div>\n<div style=\"width: 0; height: 0; border-top: 2px solid transparent; border-left: 6px solid #f4f4f4; border-bottom: 2px solid transparent; transform: translateX(16px) translateY(-4px) rotate(30deg);\"><\/div>\n<\/div>\n<div style=\"margin-left: auto;\">\n<div style=\"width: 0px; border-top: 8px solid #F4F4F4; border-right: 8px solid transparent; transform: translateY(16px);\"><\/div>\n<div style=\"background-color: #f4f4f4; flex-grow: 0; height: 12px; width: 16px; transform: translateY(-4px);\"><\/div>\n<div style=\"width: 0; height: 0; border-top: 8px solid #F4F4F4; border-left: 8px solid transparent; transform: translateY(-4px) translateX(8px);\"><\/div>\n<\/div>\n<\/div>\n<div style=\"display: flex; flex-direction: column; flex-grow: 1; justify-content: center; margin-bottom: 24px;\">\n<div style=\"background-color: #f4f4f4; border-radius: 4px; flex-grow: 0; height: 14px; margin-bottom: 6px; width: 224px;\"><\/div>\n<div style=\"background-color: #f4f4f4; border-radius: 4px; flex-grow: 0; height: 14px; width: 144px;\"><\/div>\n<\/div>\n<p>&nbsp;<\/p>\n<p style=\"color: #c9c8cd; font-family: Arial,sans-serif; font-size: 14px; line-height: 17px; margin-bottom: 0; margin-top: 8px; overflow: hidden; padding: 8px 0 7px; text-align: center; text-overflow: ellipsis; white-space: nowrap;\"><a style=\"color: #c9c8cd; font-family: Arial,sans-serif; font-size: 14px; font-style: normal; font-weight: normal; line-height: 17px; text-decoration: none;\" href=\"https:\/\/www.instagram.com\/reel\/CyBeZCZoTdy\/?utm_source=ig_embed&amp;utm_campaign=loading\" target=\"_blank\" rel=\"noopener\">Une publication partag\u00e9e par Roro le costaud (@roro_le_costaud)<\/a><\/p>\n<\/div>\n<\/blockquote>\n<\/div>\n<p><script async src=\"\/\/www.instagram.com\/embed.js\"><\/script><\/p>\n<p>&nbsp;<\/p>\n<p>Antoine, plus connu sous le pseudo de <a href=\"https:\/\/www.linkedin.com\/in\/antoine-un-handicap%C3%A9-74a314117\/\" target=\"_blank\" rel=\"noopener\">\u00ab&#160;&#160;Antoine un Handicap\u00e9&#160;&#160;\u00bb<\/a>, a pour sa part fait le choix de ne pas mettre en avant son handicap. Estimant qu\u2019il ne faut pas uniquement parler de soi pour faire avancer la cause, le Rennais tente de rassembler, sur LinkedIn, une audience int\u00e9ress\u00e9e par ce sujet&#160;&#160;: \u00ab&#160;&#160;En France, il existe peu d\u2019informations sur le handicap et les gens ne savent pas vers qui se tourner. Il y a plein d\u2019organismes qui proposent des choses. Malheureusement, elles ne sont pas relay\u00e9es par les m\u00e9dias, car peu porteuses.&#160;&#160;\u00bb<\/p>\n<p>S\u2019il pr\u00e9f\u00e8re le terme d\u2019ambassadeur digital \u00e0 celui d\u2019influenceur&#160;&#160;\u00bb, il s\u2019agit pour lui d\u2019utiliser les r\u00e9seaux comme un espace de sensibilisation. \u00ab&#160;&#160;Montrer tout son quotidien, ce n\u2019est pas mon truc. Les personnes qui s\u2019abonnent \u00e0 des comptes d\u2019influenceurs qui misent sur le storytelling le font pour avoir du divertissement, pas pour trouver des solutions&#160;&#160;\u00bb, estime-t-il.<\/p>\n<\/p><\/div>\n<\/p><\/div>\n<\/p><\/div>\n<\/p><\/div>\n<\/p><\/div>\n<\/p><\/div>\n<\/div>\n<\/div>\n<p><!-- \/flzn:zn_text --><br \/>\n<!-- flzn:zn_quote --><\/p>\n<div id=\"flzn-quote-2\" class=\"zone zn-quote is-alignwide\">\n<div class=\"zone-block zn-quote-block pdd-top-off pdd-bottom-off alignwide va-top\">\n<div class=\"row mw-content-zone\">\n<div class=\"large-12 columns\">\n<div class=\"quotebox with-img\">\n<div class=\"quotebox-inner\">\n<figure class=\"quotebox-img\">\n\t\t\t\t\t\t\t<img decoding=\"async\" src=\"https:\/\/blog.insieme.ch\/wp-inside\/uploads\/2023\/12\/1615361442413-150x150.jpg\" alt=\"Antoine un Handicap\u00e9\" \/><br \/>\n\t\t\t\t\t\t<\/figure>\n<blockquote class=\"quotebox-content\">\n<div class=\"quotebox-content-inner\">\n<p class=\"quotebox-desc\">\u00ab&#160;&#160;Montrer tout son quotidien, ce n\u2019est pas mon truc. Les personnes qui s\u2019abonnent \u00e0 des comptes d\u2019influenceurs qui misent sur le storytelling le font pour avoir du divertissement, pas pour trouver des solutions&#160;&#160;\u00bb<\/p>\n<p>\t\t\t\t\t\t\t\t\t\t\t\t\t\t<cite class=\"quotebox-author\"><br \/>\n\t\t\t\t\t\t\t\t<span class=\"quotebox-name\">Antoine un Handicap\u00e9<\/span>, \t\t\t\t\t\t\t\t<span class=\"quotebox-nameinfos\">ambassadeur digital<\/span>\t\t\t\t\t\t\t<\/cite>\n\t\t\t\t\t\t\t\t\t\t\t\t\t<\/div>\n<\/blockquote><\/div>\n<\/p><\/div>\n<\/p><\/div>\n<\/p><\/div>\n<\/div>\n<\/div>\n<p><!-- \/flzn:zn_quote --><br \/>\n<!-- flzn:zn_text --><\/p>\n<div id=\"flzn-text-3\" class=\"zone zn-text is-alignwide\">\n<div class=\"zone-block zn-text-block alignwide va-top\">\n<div class=\"row mw-content-zone zn-text-row\">\n<div class=\"columns large-12\">\n<div class=\"row large-up-1 with-nice-alignment nbloc-1\">\n<div class=\"column zn-text-col\">\n<div class=\"column-inner\">\n<div class=\"wig-content mw-content\">\n<p>Les d\u00e9marches individuelles de ces derniers peuvent-elles toutefois s\u2019apparenter \u00e0 une forme de sensibilisation, voire de militantisme&#160;&#160;? Pour Olivier Glassey, d\u00e8s lors o\u00f9 ces influenceur\u00b7euse\u00b7s sont populaires et contribuent \u00e0 rendre visible leur vie avec un handicap de mani\u00e8re non stigmatisante, leur activit\u00e9 en ligne pourrait constituer une alli\u00e9e \u00e0 d\u2019autres formes de militances.<\/p>\n<blockquote>\n<p>\u00ab&#160;&#160;Il est important qu\u2019il n\u2019y ait pas uniquement des militants qui partagent leur mani\u00e8re de vivre leur handicap. Il faut du courage pour se montrer&#160;&#160;\u00bb<\/p>\n<\/blockquote>\n<p>\u00ab&#160;&#160;Il est important qu\u2019il n\u2019y ait pas uniquement des militants qui partagent leur mani\u00e8re de vivre leur handicap. Il faut du courage pour se montrer&#160;&#160;\u00bb, tient-il encore \u00e0 pr\u00e9ciser.<\/p>\n<h2>Se r\u00e9approprier son pouvoir d\u2019agir<\/h2>\n<p>Quels rapports les influenceur\u00b7euse\u00b7s ont-ils\/elles avec les personnes qui s\u2019identifient \u00e0 eux\/elles&#160;&#160;? \u00ab&#160;&#160;La question de la responsabilit\u00e9 des influenceur\u00b7euse\u00b7s ayant acquis une certaine notori\u00e9t\u00e9 est centrale. Mais il s\u2019agit d\u2019un domaine encore peu explor\u00e9, \u00e0 part dans le cadre de la publicit\u00e9, o\u00f9 on commence \u00e0 encadrer leurs pratiques commerciales&#160;&#160;\u00bb, juge encore le sociologue.<\/p>\n<p>Vanter les m\u00e9rites de produits au moyen de partenariats commerciaux est une pratique courante chez les influenceur\u00b7euse\u00b7s. Aussi dans le domaine du handicap. Roro le costaud n\u2019h\u00e9site ainsi pas \u00e0 promouvoir la simplicit\u00e9 d\u2019usage d\u2019un appareil m\u00e9nager.<\/p>\n<section>\u00a0<\/section>\n<div style=\"max-width: 350px; margin: 0 auto;\">\n<blockquote class=\"instagram-media\" style=\"background: #FFF; border: 0; border-radius: 3px; box-shadow: 0 0 1px 0 rgba(0,0,0,0.5),0 1px 10px 0 rgba(0,0,0,0.15); margin: 1px; max-width: 540px; min-width: 326px; padding: 0; width: calc(100% - 2px);\" data-instgrm-permalink=\"https:\/\/www.instagram.com\/reel\/Cx-5KAfMOji\/?utm_source=ig_embed&amp;utm_campaign=loading\" data-instgrm-version=\"14\">\n<div style=\"padding: 16px;\">\n<p>&nbsp;<\/p>\n<div style=\"display: flex; flex-direction: row; align-items: center;\">\n<div style=\"background-color: #f4f4f4; border-radius: 50%; flex-grow: 0; height: 40px; margin-right: 14px; width: 40px;\"><\/div>\n<div style=\"display: flex; flex-direction: column; flex-grow: 1; justify-content: center;\">\n<div style=\"background-color: #f4f4f4; border-radius: 4px; flex-grow: 0; height: 14px; margin-bottom: 6px; width: 100px;\"><\/div>\n<div style=\"background-color: #f4f4f4; border-radius: 4px; flex-grow: 0; height: 14px; width: 60px;\"><\/div>\n<\/div>\n<\/div>\n<div style=\"padding: 19% 0;\"><\/div>\n<div style=\"display: block; height: 50px; margin: 0 auto 12px; width: 50px;\"><\/div>\n<div style=\"padding-top: 8px;\">\n<div style=\"color: #3897f0; font-family: Arial,sans-serif; font-size: 14px; font-style: normal; font-weight: 550; line-height: 18px;\">Voir cette publication sur Instagram<\/div>\n<\/div>\n<div style=\"padding: 12.5% 0;\"><\/div>\n<div style=\"display: flex; flex-direction: row; margin-bottom: 14px; align-items: center;\">\n<div>\n<div style=\"background-color: #f4f4f4; border-radius: 50%; height: 12.5px; width: 12.5px; transform: translateX(0px) translateY(7px);\"><\/div>\n<div style=\"background-color: #f4f4f4; height: 12.5px; transform: rotate(-45deg) translateX(3px) translateY(1px); width: 12.5px; flex-grow: 0; margin-right: 14px; margin-left: 2px;\"><\/div>\n<div style=\"background-color: #f4f4f4; border-radius: 50%; height: 12.5px; width: 12.5px; transform: translateX(9px) translateY(-18px);\"><\/div>\n<\/div>\n<div style=\"margin-left: 8px;\">\n<div style=\"background-color: #f4f4f4; border-radius: 50%; flex-grow: 0; height: 20px; width: 20px;\"><\/div>\n<div style=\"width: 0; height: 0; border-top: 2px solid transparent; border-left: 6px solid #f4f4f4; border-bottom: 2px solid transparent; transform: translateX(16px) translateY(-4px) rotate(30deg);\"><\/div>\n<\/div>\n<div style=\"margin-left: auto;\">\n<div style=\"width: 0px; border-top: 8px solid #F4F4F4; border-right: 8px solid transparent; transform: translateY(16px);\"><\/div>\n<div style=\"background-color: #f4f4f4; flex-grow: 0; height: 12px; width: 16px; transform: translateY(-4px);\"><\/div>\n<div style=\"width: 0; height: 0; border-top: 8px solid #F4F4F4; border-left: 8px solid transparent; transform: translateY(-4px) translateX(8px);\"><\/div>\n<\/div>\n<\/div>\n<div style=\"display: flex; flex-direction: column; flex-grow: 1; justify-content: center; margin-bottom: 24px;\">\n<div style=\"background-color: #f4f4f4; border-radius: 4px; flex-grow: 0; height: 14px; margin-bottom: 6px; width: 224px;\"><\/div>\n<div style=\"background-color: #f4f4f4; border-radius: 4px; flex-grow: 0; height: 14px; width: 144px;\"><\/div>\n<\/div>\n<p>&nbsp;<\/p>\n<p style=\"color: #c9c8cd; font-family: Arial,sans-serif; font-size: 14px; line-height: 17px; margin-bottom: 0; margin-top: 8px; overflow: hidden; padding: 8px 0 7px; text-align: center; text-overflow: ellipsis; white-space: nowrap;\"><a style=\"color: #c9c8cd; font-family: Arial,sans-serif; font-size: 14px; font-style: normal; font-weight: normal; line-height: 17px; text-decoration: none;\" href=\"https:\/\/www.instagram.com\/reel\/Cx-5KAfMOji\/?utm_source=ig_embed&amp;utm_campaign=loading\" target=\"_blank\" rel=\"noopener\">Une publication partag\u00e9e par Magimix France (@magimix)<\/a><\/p>\n<\/div>\n<\/blockquote>\n<p><script async src=\"\/\/www.instagram.com\/embed.js\"><\/script><\/p>\n<\/div><\/div>\n<\/p><\/div>\n<\/p><\/div>\n<\/p><\/div>\n<\/p><\/div>\n<\/p><\/div>\n<\/div>\n<\/div>\n<p><!-- \/flzn:zn_text --><br \/>\n<!-- flzn:zn_text --><\/p>\n<div id=\"flzn-text-4\" class=\"zone zn-text is-alignwide\">\n<div class=\"zone-block zn-text-block pdd-top-off pdd-bottom-off alignwide va-top\">\n<div class=\"row mw-content-zone zn-text-row\">\n<div class=\"columns large-12\">\n<div class=\"row large-up-1 with-nice-alignment nbloc-1\">\n<div class=\"column zn-text-col\">\n<div class=\"column-inner\">\n<div class=\"wig-content mw-content\">\n<p>Ce papa \u00ab&#160;&#160;handisolo&#160;&#160;\u00bb utilise-t-il ainsi son handicap pour faire vendre ou contribue-t-il \u00e0 visibiliser sa situation&#160;&#160;? \u00ab&#160;&#160;Cela n\u2019est pas si facile que cela \u00e0 trancher. Je ne vois pas au nom de quoi il n\u2019aurait pas le droit d\u2019\u00eatre auto-entrepreneur, comme tout un chacun, de sa notori\u00e9t\u00e9&#160;&#160;\u00bb, estime Olivier Glassey.<\/p>\n<p>Le type de produits vant\u00e9s rentre bien entendu en ligne de compte. Myriam Ansermet ne serait pas oppos\u00e9e \u00e0 ce que son fils pr\u00eate son image \u00e0 une ligne de v\u00eatements&#160;&#160;: \u00ab&#160;&#160;Cela me touche de voir des enfants porteurs de trisomie dans le mannequinat. Le handicap n\u2019est pas assez pr\u00e9sent dans les m\u00e9dias traditionnels&#160;&#160;\u00bb, confie celle qui, en raison de sa petite \u00e9chelle, ne se consid\u00e8re pas vraiment comme une influenceuse.<\/p>\n<\/p><\/div>\n<\/p><\/div>\n<\/p><\/div>\n<\/p><\/div>\n<\/p><\/div>\n<\/p><\/div>\n<\/div>\n<\/div>\n<p><!-- \/flzn:zn_text --><br \/>\n<!-- flzn:zn_quote --><\/p>\n<div id=\"flzn-quote-3\" class=\"zone zn-quote is-alignwide\">\n<div class=\"zone-block zn-quote-block pdd-top-off pdd-bottom-off alignwide va-top\">\n<div class=\"row mw-content-zone\">\n<div class=\"large-12 columns\">\n<div class=\"quotebox with-img\">\n<div class=\"quotebox-inner\">\n<figure class=\"quotebox-img\">\n\t\t\t\t\t\t\t<img decoding=\"async\" src=\"https:\/\/blog.insieme.ch\/wp-inside\/uploads\/2023\/12\/ma-150x150.jpg\" alt=\"Myriam Ansermet\" \/><br \/>\n\t\t\t\t\t\t<\/figure>\n<blockquote class=\"quotebox-content\">\n<div class=\"quotebox-content-inner\">\n<p class=\"quotebox-desc\">\u00ab&#160;&#160;Cela me touche de voir des enfants porteurs de trisomie dans le mannequinat. Le handicap n\u2019est pas assez pr\u00e9sent dans les m\u00e9dias traditionnels&#160;&#160;\u00bb<\/p>\n<p>\t\t\t\t\t\t\t\t\t\t\t\t\t\t<cite class=\"quotebox-author\"><br \/>\n\t\t\t\t\t\t\t\t<span class=\"quotebox-name\">Myriam Ansermet<\/span>, \t\t\t\t\t\t\t\t<span class=\"quotebox-nameinfos\">maman d&rsquo;un enfant porteur de trisomie 21<\/span>\t\t\t\t\t\t\t<\/cite>\n\t\t\t\t\t\t\t\t\t\t\t\t\t<\/div>\n<\/blockquote><\/div>\n<\/p><\/div>\n<\/p><\/div>\n<\/p><\/div>\n<\/div>\n<\/div>\n<p><!-- \/flzn:zn_quote --><br \/>\n<!-- flzn:zn_text --><\/p>\n<div id=\"flzn-text-5\" class=\"zone zn-text is-alignwide\">\n<div class=\"zone-block zn-text-block pdd-top-off pdd-bottom-big alignwide va-top\">\n<div class=\"row mw-content-zone zn-text-row\">\n<div class=\"columns large-12\">\n<div class=\"row large-up-1 with-nice-alignment nbloc-1\">\n<div class=\"column zn-text-col\">\n<div class=\"column-inner\">\n<div class=\"wig-content mw-content\">\n<p>Pendant longtemps, il fallait cacher son handicap. Ou du moins ne pas le visibiliser. Sur les r\u00e9seaux sociaux, le mouvement du body positive veut donner \u00e0 voir tous types de morphologies et rendre ceux-ci plus inclusifs. En choisissant de mettre en sc\u00e8ne son handicap ou celui d\u2019un\u00b7e de ses proches et de le rendre visible \u00e0 un potentiel tr\u00e8s large public, les personnes en situation de handicap, via leur t\u00e9moignage, se r\u00e9approprient leur pouvoir d\u2019agir, estime Antoine un Handicap\u00e9.<\/p>\n<blockquote>\n<p>En choisissant de mettre en sc\u00e8ne son handicap ou celui d\u2019un\u00b7e de ses proches et de le rendre visible \u00e0 un potentiel tr\u00e8s large public, les personnes en situation de handicap, via leur t\u00e9moignage, se r\u00e9approprient leur pouvoir d\u2019agir<\/p>\n<\/blockquote>\n<p>Si tout un dispositif se met en place en faisant ce choix, l\u2019interm\u00e9diaire du journaliste dispara\u00eet. Qui plus est, \u00ab&#160;&#160;on ne met pas la focale sur un moment x de la vie d\u2019une personne handicap\u00e9e. Sur les r\u00e9seaux, on peut passer des ann\u00e9es \u00e0 suivre une personne. Sans vouloir occulter la violence parfois pr\u00e9sente, cette temporalit\u00e9 cr\u00e9e des possibilit\u00e9s d\u2019attachements et de vivre ensemble num\u00e9rique qui ne sont pas pr\u00e9sentes dans les m\u00e9dias traditionnels.&#160;&#160;\u00bb<\/p>\n<\/p><\/div>\n<\/p><\/div>\n<\/p><\/div>\n<\/p><\/div>\n<\/p><\/div>\n<\/p><\/div>\n<\/div>\n<\/div>\n<p><!-- \/flzn:zn_text --><\/p>\n","protected":false},"excerpt":{"rendered":"<p>Pendant longtemps, il fallait cacher son handicap. Ou du moins ne pas le visibiliser. Sur les r\u00e9seaux, le mouvement du body positive veut donner \u00e0 voir tous types de morphologies et les rendre plus inclusifs.<\/p>\n","protected":false},"author":2,"featured_media":5626,"comment_status":"open","ping_status":"open","sticky":false,"template":"","format":"standard","meta":{"_acf_changed":false,"footnotes":""},"categories":[23],"tags":[42,40],"class_list":["post-5572","post","type-post","status-publish","format-standard","has-post-thumbnail","hentry","category-loisirs","tag-internet","tag-medias-numeriques","wp-sticky"],"acf":[],"yoast_head":"<!-- This site is optimized with the Yoast SEO plugin v27.5 - https:\/\/yoast.com\/product\/yoast-seo-wordpress\/ -->\n<title>\u00abHandicap\u00bb, un hashtag qui f\u00e9d\u00e8re<\/title>\n<meta name=\"description\" content=\"Pendant longtemps, il fallait cacher son handicap. Ou du moins ne pas le visibiliser. Sur les r\u00e9seaux, le mouvement du body positive veut donner \u00e0 voir tous types de morphologies les rendre plus inclusifs.\" \/>\n<meta name=\"robots\" content=\"index, follow, max-snippet:-1, max-image-preview:large, max-video-preview:-1\" \/>\n<link rel=\"canonical\" href=\"https:\/\/blog.insieme.ch\/fr\/loisirs\/handicap-un-hashtag-qui-federe\/\" \/>\n<meta property=\"og:locale\" content=\"fr_FR\" \/>\n<meta property=\"og:type\" content=\"article\" \/>\n<meta property=\"og:title\" content=\"\u00abHandicap\u00bb, un hashtag qui f\u00e9d\u00e8re\" \/>\n<meta property=\"og:description\" content=\"Pendant longtemps, il fallait cacher son handicap. Ou du moins ne pas le visibiliser. Sur les r\u00e9seaux, le mouvement du body positive veut donner \u00e0 voir tous types de morphologies les rendre plus inclusifs.\" \/>\n<meta property=\"og:url\" content=\"https:\/\/blog.insieme.ch\/fr\/loisirs\/handicap-un-hashtag-qui-federe\/\" \/>\n<meta property=\"og:site_name\" content=\"insieme Blog\" \/>\n<meta property=\"article:publisher\" content=\"https:\/\/www.facebook.com\/insiemeSuisse\/\" \/>\n<meta property=\"article:published_time\" content=\"2023-12-22T11:10:15+00:00\" \/>\n<meta property=\"article:modified_time\" content=\"2023-12-22T12:15:57+00:00\" \/>\n<meta property=\"og:image\" content=\"https:\/\/blog.insieme.ch\/wp-inside\/uploads\/2023\/12\/inhalt_leben_copyright-estelle-juvet_famille-ansermet-e1703243388854.jpg\" \/>\n\t<meta property=\"og:image:width\" content=\"1054\" \/>\n\t<meta property=\"og:image:height\" content=\"766\" \/>\n\t<meta property=\"og:image:type\" content=\"image\/jpeg\" \/>\n<meta name=\"author\" content=\"Lise Tran\" \/>\n<meta name=\"twitter:card\" content=\"summary_large_image\" \/>\n<meta name=\"twitter:creator\" content=\"@insiemeSuisse\" \/>\n<meta name=\"twitter:site\" content=\"@insiemeSuisse\" \/>\n<meta name=\"twitter:label1\" content=\"\u00c9crit par\" \/>\n\t<meta name=\"twitter:data1\" content=\"Lise Tran\" \/>\n\t<meta name=\"twitter:label2\" content=\"Dur\u00e9e de lecture estim\u00e9e\" \/>\n\t<meta name=\"twitter:data2\" content=\"7 minutes\" \/>\n<script type=\"application\/ld+json\" class=\"yoast-schema-graph\">{\"@context\":\"https:\\\/\\\/schema.org\",\"@graph\":[{\"@type\":\"Article\",\"@id\":\"https:\\\/\\\/blog.insieme.ch\\\/fr\\\/loisirs\\\/handicap-un-hashtag-qui-federe\\\/#article\",\"isPartOf\":{\"@id\":\"https:\\\/\\\/blog.insieme.ch\\\/fr\\\/loisirs\\\/handicap-un-hashtag-qui-federe\\\/\"},\"author\":{\"name\":\"Lise Tran\",\"@id\":\"https:\\\/\\\/blog.insieme.ch\\\/fr\\\/#\\\/schema\\\/person\\\/3221ad8fe089e1e3b6f9a5ea253e648c\"},\"headline\":\"\u00ab&#160;Handicap&#160;\u00bb, un hashtag qui f\u00e9d\u00e8re\",\"datePublished\":\"2023-12-22T11:10:15+00:00\",\"dateModified\":\"2023-12-22T12:15:57+00:00\",\"mainEntityOfPage\":{\"@id\":\"https:\\\/\\\/blog.insieme.ch\\\/fr\\\/loisirs\\\/handicap-un-hashtag-qui-federe\\\/\"},\"wordCount\":1381,\"commentCount\":0,\"publisher\":{\"@id\":\"https:\\\/\\\/blog.insieme.ch\\\/fr\\\/#organization\"},\"image\":{\"@id\":\"https:\\\/\\\/blog.insieme.ch\\\/fr\\\/loisirs\\\/handicap-un-hashtag-qui-federe\\\/#primaryimage\"},\"thumbnailUrl\":\"https:\\\/\\\/blog.insieme.ch\\\/wp-inside\\\/uploads\\\/2023\\\/12\\\/inhalt_leben_copyright-estelle-juvet_famille-ansermet-e1713190561193.jpg\",\"keywords\":[\"Internet\",\"M\u00e9dias num\u00e9riques\"],\"articleSection\":[\"Loisirs\"],\"inLanguage\":\"fr-FR\",\"potentialAction\":[{\"@type\":\"CommentAction\",\"name\":\"Comment\",\"target\":[\"https:\\\/\\\/blog.insieme.ch\\\/fr\\\/loisirs\\\/handicap-un-hashtag-qui-federe\\\/#respond\"]}]},{\"@type\":\"WebPage\",\"@id\":\"https:\\\/\\\/blog.insieme.ch\\\/fr\\\/loisirs\\\/handicap-un-hashtag-qui-federe\\\/\",\"url\":\"https:\\\/\\\/blog.insieme.ch\\\/fr\\\/loisirs\\\/handicap-un-hashtag-qui-federe\\\/\",\"name\":\"\u00abHandicap\u00bb, un hashtag qui f\u00e9d\u00e8re\",\"isPartOf\":{\"@id\":\"https:\\\/\\\/blog.insieme.ch\\\/fr\\\/#website\"},\"primaryImageOfPage\":{\"@id\":\"https:\\\/\\\/blog.insieme.ch\\\/fr\\\/loisirs\\\/handicap-un-hashtag-qui-federe\\\/#primaryimage\"},\"image\":{\"@id\":\"https:\\\/\\\/blog.insieme.ch\\\/fr\\\/loisirs\\\/handicap-un-hashtag-qui-federe\\\/#primaryimage\"},\"thumbnailUrl\":\"https:\\\/\\\/blog.insieme.ch\\\/wp-inside\\\/uploads\\\/2023\\\/12\\\/inhalt_leben_copyright-estelle-juvet_famille-ansermet-e1713190561193.jpg\",\"datePublished\":\"2023-12-22T11:10:15+00:00\",\"dateModified\":\"2023-12-22T12:15:57+00:00\",\"description\":\"Pendant longtemps, il fallait cacher son handicap. Ou du moins ne pas le visibiliser. Sur les r\u00e9seaux, le mouvement du body positive veut donner \u00e0 voir tous types de morphologies les rendre plus inclusifs.\",\"breadcrumb\":{\"@id\":\"https:\\\/\\\/blog.insieme.ch\\\/fr\\\/loisirs\\\/handicap-un-hashtag-qui-federe\\\/#breadcrumb\"},\"inLanguage\":\"fr-FR\",\"potentialAction\":[{\"@type\":\"ReadAction\",\"target\":[\"https:\\\/\\\/blog.insieme.ch\\\/fr\\\/loisirs\\\/handicap-un-hashtag-qui-federe\\\/\"]}]},{\"@type\":\"ImageObject\",\"inLanguage\":\"fr-FR\",\"@id\":\"https:\\\/\\\/blog.insieme.ch\\\/fr\\\/loisirs\\\/handicap-un-hashtag-qui-federe\\\/#primaryimage\",\"url\":\"https:\\\/\\\/blog.insieme.ch\\\/wp-inside\\\/uploads\\\/2023\\\/12\\\/inhalt_leben_copyright-estelle-juvet_famille-ansermet-e1713190561193.jpg\",\"contentUrl\":\"https:\\\/\\\/blog.insieme.ch\\\/wp-inside\\\/uploads\\\/2023\\\/12\\\/inhalt_leben_copyright-estelle-juvet_famille-ansermet-e1713190561193.jpg\",\"width\":1054,\"height\":382},{\"@type\":\"BreadcrumbList\",\"@id\":\"https:\\\/\\\/blog.insieme.ch\\\/fr\\\/loisirs\\\/handicap-un-hashtag-qui-federe\\\/#breadcrumb\",\"itemListElement\":[{\"@type\":\"ListItem\",\"position\":1,\"name\":\"Accueil\",\"item\":\"https:\\\/\\\/blog.insieme.ch\\\/fr\\\/\"},{\"@type\":\"ListItem\",\"position\":2,\"name\":\"Loisirs\",\"item\":\"https:\\\/\\\/blog.insieme.ch\\\/fr\\\/loisirs\\\/\"},{\"@type\":\"ListItem\",\"position\":3,\"name\":\"\u00ab&#160;Handicap&#160;\u00bb, un hashtag qui f\u00e9d\u00e8re\"}]},{\"@type\":\"WebSite\",\"@id\":\"https:\\\/\\\/blog.insieme.ch\\\/fr\\\/#website\",\"url\":\"https:\\\/\\\/blog.insieme.ch\\\/fr\\\/\",\"name\":\"insieme Blog\",\"description\":\"Alles ausser gew\u00f6hnlich\",\"publisher\":{\"@id\":\"https:\\\/\\\/blog.insieme.ch\\\/fr\\\/#organization\"},\"potentialAction\":[{\"@type\":\"SearchAction\",\"target\":{\"@type\":\"EntryPoint\",\"urlTemplate\":\"https:\\\/\\\/blog.insieme.ch\\\/fr\\\/?s={search_term_string}\"},\"query-input\":{\"@type\":\"PropertyValueSpecification\",\"valueRequired\":true,\"valueName\":\"search_term_string\"}}],\"inLanguage\":\"fr-FR\"},{\"@type\":\"Organization\",\"@id\":\"https:\\\/\\\/blog.insieme.ch\\\/fr\\\/#organization\",\"name\":\"insieme Blog\",\"url\":\"https:\\\/\\\/blog.insieme.ch\\\/fr\\\/\",\"logo\":{\"@type\":\"ImageObject\",\"inLanguage\":\"fr-FR\",\"@id\":\"https:\\\/\\\/blog.insieme.ch\\\/fr\\\/#\\\/schema\\\/logo\\\/image\\\/\",\"url\":\"https:\\\/\\\/blog.insieme.ch\\\/wp-inside\\\/uploads\\\/2021\\\/04\\\/logo-insieme-blog.png\",\"contentUrl\":\"https:\\\/\\\/blog.insieme.ch\\\/wp-inside\\\/uploads\\\/2021\\\/04\\\/logo-insieme-blog.png\",\"width\":280,\"height\":81,\"caption\":\"insieme Blog\"},\"image\":{\"@id\":\"https:\\\/\\\/blog.insieme.ch\\\/fr\\\/#\\\/schema\\\/logo\\\/image\\\/\"},\"sameAs\":[\"https:\\\/\\\/www.facebook.com\\\/insiemeSuisse\\\/\",\"https:\\\/\\\/x.com\\\/insiemeSuisse\"]},{\"@type\":\"Person\",\"@id\":\"https:\\\/\\\/blog.insieme.ch\\\/fr\\\/#\\\/schema\\\/person\\\/3221ad8fe089e1e3b6f9a5ea253e648c\",\"name\":\"Lise Tran\",\"image\":{\"@type\":\"ImageObject\",\"inLanguage\":\"fr-FR\",\"@id\":\"https:\\\/\\\/secure.gravatar.com\\\/avatar\\\/4c1028ac8c35a45d0420275ec991fe6d9964020c33f7db80209f71a09cbfc3a8?s=96&d=mm&r=g\",\"url\":\"https:\\\/\\\/secure.gravatar.com\\\/avatar\\\/4c1028ac8c35a45d0420275ec991fe6d9964020c33f7db80209f71a09cbfc3a8?s=96&d=mm&r=g\",\"contentUrl\":\"https:\\\/\\\/secure.gravatar.com\\\/avatar\\\/4c1028ac8c35a45d0420275ec991fe6d9964020c33f7db80209f71a09cbfc3a8?s=96&d=mm&r=g\",\"caption\":\"Lise Tran\"},\"description\":\"Communication insieme\",\"url\":\"https:\\\/\\\/blog.insieme.ch\\\/fr\\\/author\\\/lise-tran\\\/\"}]}<\/script>\n<!-- \/ Yoast SEO plugin. -->","yoast_head_json":{"title":"\u00abHandicap\u00bb, un hashtag qui f\u00e9d\u00e8re","description":"Pendant longtemps, il fallait cacher son handicap. Ou du moins ne pas le visibiliser. Sur les r\u00e9seaux, le mouvement du body positive veut donner \u00e0 voir tous types de morphologies les rendre plus inclusifs.","robots":{"index":"index","follow":"follow","max-snippet":"max-snippet:-1","max-image-preview":"max-image-preview:large","max-video-preview":"max-video-preview:-1"},"canonical":"https:\/\/blog.insieme.ch\/fr\/loisirs\/handicap-un-hashtag-qui-federe\/","og_locale":"fr_FR","og_type":"article","og_title":"\u00abHandicap\u00bb, un hashtag qui f\u00e9d\u00e8re","og_description":"Pendant longtemps, il fallait cacher son handicap. Ou du moins ne pas le visibiliser. Sur les r\u00e9seaux, le mouvement du body positive veut donner \u00e0 voir tous types de morphologies les rendre plus inclusifs.","og_url":"https:\/\/blog.insieme.ch\/fr\/loisirs\/handicap-un-hashtag-qui-federe\/","og_site_name":"insieme Blog","article_publisher":"https:\/\/www.facebook.com\/insiemeSuisse\/","article_published_time":"2023-12-22T11:10:15+00:00","article_modified_time":"2023-12-22T12:15:57+00:00","og_image":[{"width":1054,"height":766,"url":"https:\/\/blog.insieme.ch\/wp-inside\/uploads\/2023\/12\/inhalt_leben_copyright-estelle-juvet_famille-ansermet-e1703243388854.jpg","type":"image\/jpeg"}],"author":"Lise Tran","twitter_card":"summary_large_image","twitter_creator":"@insiemeSuisse","twitter_site":"@insiemeSuisse","twitter_misc":{"\u00c9crit par":"Lise Tran","Dur\u00e9e de lecture estim\u00e9e":"7 minutes"},"schema":{"@context":"https:\/\/schema.org","@graph":[{"@type":"Article","@id":"https:\/\/blog.insieme.ch\/fr\/loisirs\/handicap-un-hashtag-qui-federe\/#article","isPartOf":{"@id":"https:\/\/blog.insieme.ch\/fr\/loisirs\/handicap-un-hashtag-qui-federe\/"},"author":{"name":"Lise Tran","@id":"https:\/\/blog.insieme.ch\/fr\/#\/schema\/person\/3221ad8fe089e1e3b6f9a5ea253e648c"},"headline":"\u00ab&#160;Handicap&#160;\u00bb, un hashtag qui f\u00e9d\u00e8re","datePublished":"2023-12-22T11:10:15+00:00","dateModified":"2023-12-22T12:15:57+00:00","mainEntityOfPage":{"@id":"https:\/\/blog.insieme.ch\/fr\/loisirs\/handicap-un-hashtag-qui-federe\/"},"wordCount":1381,"commentCount":0,"publisher":{"@id":"https:\/\/blog.insieme.ch\/fr\/#organization"},"image":{"@id":"https:\/\/blog.insieme.ch\/fr\/loisirs\/handicap-un-hashtag-qui-federe\/#primaryimage"},"thumbnailUrl":"https:\/\/blog.insieme.ch\/wp-inside\/uploads\/2023\/12\/inhalt_leben_copyright-estelle-juvet_famille-ansermet-e1713190561193.jpg","keywords":["Internet","M\u00e9dias num\u00e9riques"],"articleSection":["Loisirs"],"inLanguage":"fr-FR","potentialAction":[{"@type":"CommentAction","name":"Comment","target":["https:\/\/blog.insieme.ch\/fr\/loisirs\/handicap-un-hashtag-qui-federe\/#respond"]}]},{"@type":"WebPage","@id":"https:\/\/blog.insieme.ch\/fr\/loisirs\/handicap-un-hashtag-qui-federe\/","url":"https:\/\/blog.insieme.ch\/fr\/loisirs\/handicap-un-hashtag-qui-federe\/","name":"\u00abHandicap\u00bb, un hashtag qui f\u00e9d\u00e8re","isPartOf":{"@id":"https:\/\/blog.insieme.ch\/fr\/#website"},"primaryImageOfPage":{"@id":"https:\/\/blog.insieme.ch\/fr\/loisirs\/handicap-un-hashtag-qui-federe\/#primaryimage"},"image":{"@id":"https:\/\/blog.insieme.ch\/fr\/loisirs\/handicap-un-hashtag-qui-federe\/#primaryimage"},"thumbnailUrl":"https:\/\/blog.insieme.ch\/wp-inside\/uploads\/2023\/12\/inhalt_leben_copyright-estelle-juvet_famille-ansermet-e1713190561193.jpg","datePublished":"2023-12-22T11:10:15+00:00","dateModified":"2023-12-22T12:15:57+00:00","description":"Pendant longtemps, il fallait cacher son handicap. Ou du moins ne pas le visibiliser. Sur les r\u00e9seaux, le mouvement du body positive veut donner \u00e0 voir tous types de morphologies les rendre plus inclusifs.","breadcrumb":{"@id":"https:\/\/blog.insieme.ch\/fr\/loisirs\/handicap-un-hashtag-qui-federe\/#breadcrumb"},"inLanguage":"fr-FR","potentialAction":[{"@type":"ReadAction","target":["https:\/\/blog.insieme.ch\/fr\/loisirs\/handicap-un-hashtag-qui-federe\/"]}]},{"@type":"ImageObject","inLanguage":"fr-FR","@id":"https:\/\/blog.insieme.ch\/fr\/loisirs\/handicap-un-hashtag-qui-federe\/#primaryimage","url":"https:\/\/blog.insieme.ch\/wp-inside\/uploads\/2023\/12\/inhalt_leben_copyright-estelle-juvet_famille-ansermet-e1713190561193.jpg","contentUrl":"https:\/\/blog.insieme.ch\/wp-inside\/uploads\/2023\/12\/inhalt_leben_copyright-estelle-juvet_famille-ansermet-e1713190561193.jpg","width":1054,"height":382},{"@type":"BreadcrumbList","@id":"https:\/\/blog.insieme.ch\/fr\/loisirs\/handicap-un-hashtag-qui-federe\/#breadcrumb","itemListElement":[{"@type":"ListItem","position":1,"name":"Accueil","item":"https:\/\/blog.insieme.ch\/fr\/"},{"@type":"ListItem","position":2,"name":"Loisirs","item":"https:\/\/blog.insieme.ch\/fr\/loisirs\/"},{"@type":"ListItem","position":3,"name":"\u00ab&#160;Handicap&#160;\u00bb, un hashtag qui f\u00e9d\u00e8re"}]},{"@type":"WebSite","@id":"https:\/\/blog.insieme.ch\/fr\/#website","url":"https:\/\/blog.insieme.ch\/fr\/","name":"insieme Blog","description":"Alles ausser gew\u00f6hnlich","publisher":{"@id":"https:\/\/blog.insieme.ch\/fr\/#organization"},"potentialAction":[{"@type":"SearchAction","target":{"@type":"EntryPoint","urlTemplate":"https:\/\/blog.insieme.ch\/fr\/?s={search_term_string}"},"query-input":{"@type":"PropertyValueSpecification","valueRequired":true,"valueName":"search_term_string"}}],"inLanguage":"fr-FR"},{"@type":"Organization","@id":"https:\/\/blog.insieme.ch\/fr\/#organization","name":"insieme Blog","url":"https:\/\/blog.insieme.ch\/fr\/","logo":{"@type":"ImageObject","inLanguage":"fr-FR","@id":"https:\/\/blog.insieme.ch\/fr\/#\/schema\/logo\/image\/","url":"https:\/\/blog.insieme.ch\/wp-inside\/uploads\/2021\/04\/logo-insieme-blog.png","contentUrl":"https:\/\/blog.insieme.ch\/wp-inside\/uploads\/2021\/04\/logo-insieme-blog.png","width":280,"height":81,"caption":"insieme Blog"},"image":{"@id":"https:\/\/blog.insieme.ch\/fr\/#\/schema\/logo\/image\/"},"sameAs":["https:\/\/www.facebook.com\/insiemeSuisse\/","https:\/\/x.com\/insiemeSuisse"]},{"@type":"Person","@id":"https:\/\/blog.insieme.ch\/fr\/#\/schema\/person\/3221ad8fe089e1e3b6f9a5ea253e648c","name":"Lise Tran","image":{"@type":"ImageObject","inLanguage":"fr-FR","@id":"https:\/\/secure.gravatar.com\/avatar\/4c1028ac8c35a45d0420275ec991fe6d9964020c33f7db80209f71a09cbfc3a8?s=96&d=mm&r=g","url":"https:\/\/secure.gravatar.com\/avatar\/4c1028ac8c35a45d0420275ec991fe6d9964020c33f7db80209f71a09cbfc3a8?s=96&d=mm&r=g","contentUrl":"https:\/\/secure.gravatar.com\/avatar\/4c1028ac8c35a45d0420275ec991fe6d9964020c33f7db80209f71a09cbfc3a8?s=96&d=mm&r=g","caption":"Lise Tran"},"description":"Communication insieme","url":"https:\/\/blog.insieme.ch\/fr\/author\/lise-tran\/"}]}},"featured_media_url":"https:\/\/blog.insieme.ch\/wp-inside\/uploads\/2023\/12\/inhalt_leben_copyright-estelle-juvet_famille-ansermet-e1713190561193-1024x371.jpg","_links":{"self":[{"href":"https:\/\/blog.insieme.ch\/fr\/wp-json\/wp\/v2\/posts\/5572","targetHints":{"allow":["GET"]}}],"collection":[{"href":"https:\/\/blog.insieme.ch\/fr\/wp-json\/wp\/v2\/posts"}],"about":[{"href":"https:\/\/blog.insieme.ch\/fr\/wp-json\/wp\/v2\/types\/post"}],"author":[{"embeddable":true,"href":"https:\/\/blog.insieme.ch\/fr\/wp-json\/wp\/v2\/users\/2"}],"replies":[{"embeddable":true,"href":"https:\/\/blog.insieme.ch\/fr\/wp-json\/wp\/v2\/comments?post=5572"}],"version-history":[{"count":49,"href":"https:\/\/blog.insieme.ch\/fr\/wp-json\/wp\/v2\/posts\/5572\/revisions"}],"predecessor-version":[{"id":5638,"href":"https:\/\/blog.insieme.ch\/fr\/wp-json\/wp\/v2\/posts\/5572\/revisions\/5638"}],"wp:featuredmedia":[{"embeddable":true,"href":"https:\/\/blog.insieme.ch\/fr\/wp-json\/wp\/v2\/media\/5626"}],"wp:attachment":[{"href":"https:\/\/blog.insieme.ch\/fr\/wp-json\/wp\/v2\/media?parent=5572"}],"wp:term":[{"taxonomy":"category","embeddable":true,"href":"https:\/\/blog.insieme.ch\/fr\/wp-json\/wp\/v2\/categories?post=5572"},{"taxonomy":"post_tag","embeddable":true,"href":"https:\/\/blog.insieme.ch\/fr\/wp-json\/wp\/v2\/tags?post=5572"}],"curies":[{"name":"wp","href":"https:\/\/api.w.org\/{rel}","templated":true}]}}