{"id":5539,"date":"2023-12-15T10:58:37","date_gmt":"2023-12-15T09:58:37","guid":{"rendered":"https:\/\/blog.insieme.ch\/?p=5539"},"modified":"2023-12-15T10:58:38","modified_gmt":"2023-12-15T09:58:38","slug":"dans-ces-cantons-et-ces-communes-il-y-a-qui","status":"publish","type":"post","link":"https:\/\/blog.insieme.ch\/fr\/falc\/dans-ces-cantons-et-ces-communes-il-y-a-qui\/","title":{"rendered":"\u00ab&#160;Dans ces cantons et ces communes, il y a qui&#160;?&#160;\u00bb"},"content":{"rendered":"<p><!-- flzn:zn_pagebanner --><\/p>\n<header id=\"flzn-pagebanner-1\" class=\"zone zn-pagebanner is-alignfull with-bg bg-color is-bgc-yellow-light\"><span class=\"zone-bg bg-color bgc-yellow-light alignfull\"><\/span><\/p>\n<div class=\"zone-block zn-pagebanner-block alignfull va-center\"><\/div>\n<\/header>\n<p><!-- \/flzn:zn_pagebanner --><br \/>\n<!-- flzn:zn_text --><\/p>\n<div id=\"flzn-text-1\" class=\"zone zn-text is-alignwide\">\n<div class=\"zone-block zn-text-block alignwide va-top\">\n<div class=\"row mw-content-zone zn-text-row widthbig\">\n<div class=\"columns large-12\">\n<div class=\"row large-up-1 with-nice-alignment nbloc-1\">\n<div class=\"column zn-text-col\">\n<div class=\"column-inner\">\n<div class=\"wig-content mw-content\">\n<p>Comment fonctionne la politique en Suisse&#160;&#160;?<br \/>\n<strong>ASA Handicap mental<\/strong> propose un <strong>cours<\/strong> <strong>sur la politique<\/strong>.<!--more--><\/p>\n<p>ASA Handicap mental est une organisation de Suisse romande.<br \/>\n<strong>ASA<\/strong> signifie \u00ab&#160;&#160;Association Suisse d\u2019Aide&#160;&#160;\u00bb.<br \/>\nCette association s\u2019engage pour les personnes<br \/>\navec un handicap mental.<br \/>\nLes personnes avec un handicap mental participent aussi aux actions de l\u2019association.<\/p>\n<p>Deux personnes donnent le cours sur la politique&#160;&#160;:<\/p>\n<ul>\n<li><strong>Anne-Sophie Kupper<\/strong> travaille chez ASA Handicap mental.<br \/>\nElle est responsable d\u2019un programme<br \/>\nCe programme s\u2019appelle&#160;&#160;: Droits et Participation.<\/li>\n<li><strong>Pierre Weber<\/strong> est un membre du Comit\u00e9 d\u2019ASA Handicap mental.<br \/>\nIl a lui-m\u00eame un handicap mental.<\/li>\n<\/ul>\n<div id=\"attachment_5540\" class=\"wp-caption aligncenter\" style=\"width:100%;max-width:2000px\"><img loading=\"lazy\" decoding=\"async\" class=\"wp-image-5540 size-full\" src=\"https:\/\/blog.insieme.ch\/wp-inside\/uploads\/2023\/12\/atelier-savigny_015.jpg\" alt=\"\" width=\"2000\" height=\"1333\" srcset=\"https:\/\/blog.insieme.ch\/wp-inside\/uploads\/2023\/12\/atelier-savigny_015.jpg 2000w, https:\/\/blog.insieme.ch\/wp-inside\/uploads\/2023\/12\/atelier-savigny_015-300x200.jpg 300w, https:\/\/blog.insieme.ch\/wp-inside\/uploads\/2023\/12\/atelier-savigny_015-1024x682.jpg 1024w, https:\/\/blog.insieme.ch\/wp-inside\/uploads\/2023\/12\/atelier-savigny_015-768x512.jpg 768w, https:\/\/blog.insieme.ch\/wp-inside\/uploads\/2023\/12\/atelier-savigny_015-1536x1024.jpg 1536w, https:\/\/blog.insieme.ch\/wp-inside\/uploads\/2023\/12\/atelier-savigny_015-320x213.jpg 320w, https:\/\/blog.insieme.ch\/wp-inside\/uploads\/2023\/12\/atelier-savigny_015-800x533.jpg 800w, https:\/\/blog.insieme.ch\/wp-inside\/uploads\/2023\/12\/atelier-savigny_015-1920x1280.jpg 1920w\" sizes=\"auto, (max-width: 2000px) 100vw, 2000px\" \/><\/p>\n<p class=\"wp-caption-text\">\u00a0Deux personnes donnent le cours sur la politique&#160;&#160;: Anne-Sophie Kupper et pierre -weber. \u00a9 Patrick Gill\u00e9ron-Lopreno<\/p>\n<\/div>\n<p>&nbsp;<\/p>\n<p>Pendant le cours, <strong>Anne-Sophie Kupper<\/strong> dit&#160;&#160;:<br \/>\n\u00ab&#160;&#160;En Suisse, il y a des cantons et des communes.<br \/>\nDans ces cantons et ces communes, il y a qui&#160;&#160;?&#160;&#160;\u00bb<br \/>\nLes participants r\u00e9pondent&#160;&#160;:<br \/>\n\u00ab&#160;&#160;Les citoyens&#160;&#160;!&#160;&#160;\u00bb<\/p>\n<p><strong>Lucien Zimmermann<\/strong> a 24 ans.<br \/>\nIl participe au cours.<br \/>\nLucien Zimmermann dit&#160;&#160;:<br \/>\n\u00ab&#160;&#160;Je lis le journal et je regarde les nouvelles.<br \/>\nLa politique, \u00e7a m\u2019int\u00e9resse beaucoup.&#160;&#160;\u00bb<\/p>\n<p>Les participants regardent <strong>les logos des diff\u00e9rents partis politiques<\/strong>.<br \/>\nChaque parti a son logo.<br \/>\nUn logo est une sorte d\u2019image sp\u00e9ciale.<br \/>\nDans cette image, il y a&#160;&#160;:<\/p>\n<ul>\n<li>le nom du parti politique<\/li>\n<li>et un dessin avec les couleurs du parti.<\/li>\n<\/ul>\n<p><strong>Lucien Zimmermann<\/strong> donne des explications sur un parti&#160;&#160;:<br \/>\n\u00ab&#160;&#160;Le <strong>PS<\/strong>, c\u2019est le parti socialiste.<br \/>\nDans leur nom, il y a le mot\u00a0\u2018social\u2019.<br \/>\nCela veut dire que le <strong>PS<\/strong> est pour les citoyens.&#160;&#160;\u00bb<\/p>\n<p>&nbsp;<\/p>\n<div id=\"attachment_5542\" class=\"wp-caption aligncenter\" style=\"width:100%;max-width:2000px\"><img loading=\"lazy\" decoding=\"async\" class=\"wp-image-5542 size-full\" src=\"https:\/\/blog.insieme.ch\/wp-inside\/uploads\/2023\/12\/atelier-savigny_009.jpg\" alt=\"\" width=\"2000\" height=\"1333\" srcset=\"https:\/\/blog.insieme.ch\/wp-inside\/uploads\/2023\/12\/atelier-savigny_009.jpg 2000w, https:\/\/blog.insieme.ch\/wp-inside\/uploads\/2023\/12\/atelier-savigny_009-300x200.jpg 300w, https:\/\/blog.insieme.ch\/wp-inside\/uploads\/2023\/12\/atelier-savigny_009-1024x682.jpg 1024w, https:\/\/blog.insieme.ch\/wp-inside\/uploads\/2023\/12\/atelier-savigny_009-768x512.jpg 768w, https:\/\/blog.insieme.ch\/wp-inside\/uploads\/2023\/12\/atelier-savigny_009-1536x1024.jpg 1536w, https:\/\/blog.insieme.ch\/wp-inside\/uploads\/2023\/12\/atelier-savigny_009-320x213.jpg 320w, https:\/\/blog.insieme.ch\/wp-inside\/uploads\/2023\/12\/atelier-savigny_009-800x533.jpg 800w, https:\/\/blog.insieme.ch\/wp-inside\/uploads\/2023\/12\/atelier-savigny_009-1920x1280.jpg 1920w\" sizes=\"auto, (max-width: 2000px) 100vw, 2000px\" \/><\/p>\n<p class=\"wp-caption-text\">\u00a0Lucien Zimmermann n\u2019a encore jamais vot\u00e9. \u00a9 Patrick Gill\u00e9ron-Lopreno<\/p>\n<\/div>\n<p>Une participante demande&#160;&#160;:<br \/>\n\u00ab&#160;&#160;Et l\u2019<strong>UDC<\/strong>, ils font quoi&#160;&#160;? Ils sont pour la nature&#160;&#160;?&#160;&#160;\u00bb<br \/>\n<strong>Pierre Weber<\/strong> r\u00e9pond&#160;&#160;:<br \/>\n\u00ab&#160;&#160;Non, l\u2019<strong>UDC<\/strong> s\u2019engage plut\u00f4t pour la s\u00e9curit\u00e9 du pays.&#160;&#160;\u00bb<\/p>\n<p>Les participants lisent des articles de journaux.<br \/>\nUn article parle des tondeuses \u00e0 essence.<br \/>\nUn participant dit&#160;&#160;:<br \/>\n\u00ab&#160;&#160;Les tondeuses \u00e0 essence, \u00e7a pollue.<br \/>\nLa lutte contre la pollution, c\u2019est un th\u00e8me des <strong>Verts<\/strong>.<br \/>\nLa nature est importante pour les <strong>Verts<\/strong>.&#160;&#160;\u00bb<\/p>\n<p><strong>Anne-Sophie Kupper<\/strong> dit&#160;&#160;:<br \/>\n\u00ab&#160;&#160;C\u2019est bien de conna\u00eetre les avis de plusieurs personnes.<br \/>\nPar exemple, en lisant les journaux, en \u00e9coutant la radio ou<br \/>\nen parlant avec d\u2019autres gens.<br \/>\n\u00c7a permet de se faire son propre avis,<br \/>\net de voter pour le parti politique qui a le m\u00eame avis que nous.&#160;&#160;\u00bb<\/p>\n<p><strong>No\u00e9mie Bovey<\/strong> a 34 ans.<br \/>\nElle aussi participe au cours.<br \/>\nElle a appris beaucoup de choses avec ce cours.<br \/>\nNo\u00e9mie Bovey ira voter maintenant&#160;&#160;?<br \/>\nElle ne sait <strong>pas.<\/strong><\/p>\n<p><strong>Lucien Zimmermann<\/strong> n\u2019a encore <strong>jamais<\/strong> vot\u00e9.<br \/>\nAvant, il avait peur de faire des <strong>erreurs<\/strong>.<br \/>\nMais maintenant, il a confiance en lui.<br \/>\nApr\u00e8s le premier jour de cours, Lucien Zimmermann a dit \u00e0 sa m\u00e8re&#160;&#160;:<br \/>\n\u00ab&#160;&#160;Moi aussi, je veux voter maintenant&#160;&#160;!&#160;&#160;\u00bb<\/p>\n<p>&nbsp;<\/p>\n<\/p><\/div>\n<\/p><\/div>\n<\/p><\/div>\n<\/p><\/div>\n<\/p><\/div>\n<\/p><\/div>\n<\/div>\n<\/div>\n<p><!-- \/flzn:zn_text --><\/p>\n","protected":false},"excerpt":{"rendered":"<p>Comment fonctionne la politique en Suisse\u00a0?<br \/>\nASA Handicap mental propose un cours sur la politique.<\/p>\n","protected":false},"author":19,"featured_media":5546,"comment_status":"open","ping_status":"open","sticky":false,"template":"","format":"standard","meta":{"_acf_changed":false,"footnotes":""},"categories":[15],"tags":[57,44],"class_list":["post-5539","post","type-post","status-publish","format-standard","has-post-thumbnail","hentry","category-falc","tag-apprentissage","tag-politique","wp-sticky"],"acf":[],"yoast_head":"<!-- This site is optimized with the Yoast SEO plugin v27.5 - https:\/\/yoast.com\/product\/yoast-seo-wordpress\/ -->\n<title>\u00abDans ces cantons et ces communes, il y a qui ? \u00bb<\/title>\n<meta name=\"description\" content=\"Article en Facile \u00e0 lire (FALC): Comment fonctionne la politique en Suisse\u00a0? ASA Handicap mental propose un cours sur la politique.\" \/>\n<meta name=\"robots\" content=\"index, follow, max-snippet:-1, max-image-preview:large, max-video-preview:-1\" \/>\n<link rel=\"canonical\" href=\"https:\/\/blog.insieme.ch\/fr\/falc\/dans-ces-cantons-et-ces-communes-il-y-a-qui\/\" \/>\n<meta property=\"og:locale\" content=\"fr_FR\" \/>\n<meta property=\"og:type\" content=\"article\" \/>\n<meta property=\"og:title\" content=\"\u00abDans ces cantons et ces communes, il y a qui ? \u00bb\" \/>\n<meta property=\"og:description\" content=\"Article en Facile \u00e0 lire (FALC): Comment fonctionne la politique en Suisse\u00a0? ASA Handicap mental propose un cours sur la politique.\" \/>\n<meta property=\"og:url\" content=\"https:\/\/blog.insieme.ch\/fr\/falc\/dans-ces-cantons-et-ces-communes-il-y-a-qui\/\" \/>\n<meta property=\"og:site_name\" content=\"insieme Blog\" \/>\n<meta property=\"article:publisher\" content=\"https:\/\/www.facebook.com\/insiemeSuisse\/\" \/>\n<meta property=\"article:published_time\" content=\"2023-12-15T09:58:37+00:00\" \/>\n<meta property=\"article:modified_time\" content=\"2023-12-15T09:58:38+00:00\" \/>\n<meta property=\"og:image\" content=\"https:\/\/blog.insieme.ch\/wp-inside\/uploads\/2023\/12\/atelier-savigny_023.jpg\" \/>\n\t<meta property=\"og:image:width\" content=\"2000\" \/>\n\t<meta property=\"og:image:height\" content=\"1333\" \/>\n\t<meta property=\"og:image:type\" content=\"image\/jpeg\" \/>\n<meta name=\"author\" content=\"Lise Tran, traduction FALC Pro Infirmis\" \/>\n<meta name=\"twitter:card\" content=\"summary_large_image\" \/>\n<meta name=\"twitter:creator\" content=\"@insiemeSuisse\" \/>\n<meta name=\"twitter:site\" content=\"@insiemeSuisse\" \/>\n<meta name=\"twitter:label1\" content=\"\u00c9crit par\" \/>\n\t<meta name=\"twitter:data1\" content=\"Lise Tran, traduction FALC Pro Infirmis\" \/>\n\t<meta name=\"twitter:label2\" content=\"Dur\u00e9e de lecture estim\u00e9e\" \/>\n\t<meta name=\"twitter:data2\" content=\"2 minutes\" \/>\n<script type=\"application\/ld+json\" class=\"yoast-schema-graph\">{\"@context\":\"https:\\\/\\\/schema.org\",\"@graph\":[{\"@type\":\"Article\",\"@id\":\"https:\\\/\\\/blog.insieme.ch\\\/fr\\\/falc\\\/dans-ces-cantons-et-ces-communes-il-y-a-qui\\\/#article\",\"isPartOf\":{\"@id\":\"https:\\\/\\\/blog.insieme.ch\\\/fr\\\/falc\\\/dans-ces-cantons-et-ces-communes-il-y-a-qui\\\/\"},\"author\":{\"name\":\"Lise Tran, traduction FALC Pro Infirmis\",\"@id\":\"https:\\\/\\\/blog.insieme.ch\\\/fr\\\/#\\\/schema\\\/person\\\/b96e7415c17d2847ebb34c07a4c714a8\"},\"headline\":\"\u00ab&#160;Dans ces cantons et ces communes, il y a qui&#160;?&#160;\u00bb\",\"datePublished\":\"2023-12-15T09:58:37+00:00\",\"dateModified\":\"2023-12-15T09:58:38+00:00\",\"mainEntityOfPage\":{\"@id\":\"https:\\\/\\\/blog.insieme.ch\\\/fr\\\/falc\\\/dans-ces-cantons-et-ces-communes-il-y-a-qui\\\/\"},\"wordCount\":471,\"commentCount\":0,\"publisher\":{\"@id\":\"https:\\\/\\\/blog.insieme.ch\\\/fr\\\/#organization\"},\"image\":{\"@id\":\"https:\\\/\\\/blog.insieme.ch\\\/fr\\\/falc\\\/dans-ces-cantons-et-ces-communes-il-y-a-qui\\\/#primaryimage\"},\"thumbnailUrl\":\"https:\\\/\\\/blog.insieme.ch\\\/wp-inside\\\/uploads\\\/2023\\\/12\\\/atelier-savigny_023.jpg\",\"keywords\":[\"Apprentissage\",\"Politique\"],\"articleSection\":[\"Articles en FALC\"],\"inLanguage\":\"fr-FR\",\"potentialAction\":[{\"@type\":\"CommentAction\",\"name\":\"Comment\",\"target\":[\"https:\\\/\\\/blog.insieme.ch\\\/fr\\\/falc\\\/dans-ces-cantons-et-ces-communes-il-y-a-qui\\\/#respond\"]}]},{\"@type\":\"WebPage\",\"@id\":\"https:\\\/\\\/blog.insieme.ch\\\/fr\\\/falc\\\/dans-ces-cantons-et-ces-communes-il-y-a-qui\\\/\",\"url\":\"https:\\\/\\\/blog.insieme.ch\\\/fr\\\/falc\\\/dans-ces-cantons-et-ces-communes-il-y-a-qui\\\/\",\"name\":\"\u00abDans ces cantons et ces communes, il y a qui ? \u00bb\",\"isPartOf\":{\"@id\":\"https:\\\/\\\/blog.insieme.ch\\\/fr\\\/#website\"},\"primaryImageOfPage\":{\"@id\":\"https:\\\/\\\/blog.insieme.ch\\\/fr\\\/falc\\\/dans-ces-cantons-et-ces-communes-il-y-a-qui\\\/#primaryimage\"},\"image\":{\"@id\":\"https:\\\/\\\/blog.insieme.ch\\\/fr\\\/falc\\\/dans-ces-cantons-et-ces-communes-il-y-a-qui\\\/#primaryimage\"},\"thumbnailUrl\":\"https:\\\/\\\/blog.insieme.ch\\\/wp-inside\\\/uploads\\\/2023\\\/12\\\/atelier-savigny_023.jpg\",\"datePublished\":\"2023-12-15T09:58:37+00:00\",\"dateModified\":\"2023-12-15T09:58:38+00:00\",\"description\":\"Article en Facile \u00e0 lire (FALC): Comment fonctionne la politique en Suisse\u00a0? ASA Handicap mental propose un cours sur la politique.\",\"breadcrumb\":{\"@id\":\"https:\\\/\\\/blog.insieme.ch\\\/fr\\\/falc\\\/dans-ces-cantons-et-ces-communes-il-y-a-qui\\\/#breadcrumb\"},\"inLanguage\":\"fr-FR\",\"potentialAction\":[{\"@type\":\"ReadAction\",\"target\":[\"https:\\\/\\\/blog.insieme.ch\\\/fr\\\/falc\\\/dans-ces-cantons-et-ces-communes-il-y-a-qui\\\/\"]}]},{\"@type\":\"ImageObject\",\"inLanguage\":\"fr-FR\",\"@id\":\"https:\\\/\\\/blog.insieme.ch\\\/fr\\\/falc\\\/dans-ces-cantons-et-ces-communes-il-y-a-qui\\\/#primaryimage\",\"url\":\"https:\\\/\\\/blog.insieme.ch\\\/wp-inside\\\/uploads\\\/2023\\\/12\\\/atelier-savigny_023.jpg\",\"contentUrl\":\"https:\\\/\\\/blog.insieme.ch\\\/wp-inside\\\/uploads\\\/2023\\\/12\\\/atelier-savigny_023.jpg\",\"width\":2000,\"height\":1333,\"caption\":\"Ateier de\"},{\"@type\":\"BreadcrumbList\",\"@id\":\"https:\\\/\\\/blog.insieme.ch\\\/fr\\\/falc\\\/dans-ces-cantons-et-ces-communes-il-y-a-qui\\\/#breadcrumb\",\"itemListElement\":[{\"@type\":\"ListItem\",\"position\":1,\"name\":\"Accueil\",\"item\":\"https:\\\/\\\/blog.insieme.ch\\\/fr\\\/\"},{\"@type\":\"ListItem\",\"position\":2,\"name\":\"Articles en FALC\",\"item\":\"https:\\\/\\\/blog.insieme.ch\\\/fr\\\/falc\\\/\"},{\"@type\":\"ListItem\",\"position\":3,\"name\":\"\u00ab&#160;Dans ces cantons et ces communes, il y a qui&#160;?&#160;\u00bb\"}]},{\"@type\":\"WebSite\",\"@id\":\"https:\\\/\\\/blog.insieme.ch\\\/fr\\\/#website\",\"url\":\"https:\\\/\\\/blog.insieme.ch\\\/fr\\\/\",\"name\":\"insieme Blog\",\"description\":\"Alles ausser gew\u00f6hnlich\",\"publisher\":{\"@id\":\"https:\\\/\\\/blog.insieme.ch\\\/fr\\\/#organization\"},\"potentialAction\":[{\"@type\":\"SearchAction\",\"target\":{\"@type\":\"EntryPoint\",\"urlTemplate\":\"https:\\\/\\\/blog.insieme.ch\\\/fr\\\/?s={search_term_string}\"},\"query-input\":{\"@type\":\"PropertyValueSpecification\",\"valueRequired\":true,\"valueName\":\"search_term_string\"}}],\"inLanguage\":\"fr-FR\"},{\"@type\":\"Organization\",\"@id\":\"https:\\\/\\\/blog.insieme.ch\\\/fr\\\/#organization\",\"name\":\"insieme Blog\",\"url\":\"https:\\\/\\\/blog.insieme.ch\\\/fr\\\/\",\"logo\":{\"@type\":\"ImageObject\",\"inLanguage\":\"fr-FR\",\"@id\":\"https:\\\/\\\/blog.insieme.ch\\\/fr\\\/#\\\/schema\\\/logo\\\/image\\\/\",\"url\":\"https:\\\/\\\/blog.insieme.ch\\\/wp-inside\\\/uploads\\\/2021\\\/04\\\/logo-insieme-blog.png\",\"contentUrl\":\"https:\\\/\\\/blog.insieme.ch\\\/wp-inside\\\/uploads\\\/2021\\\/04\\\/logo-insieme-blog.png\",\"width\":280,\"height\":81,\"caption\":\"insieme Blog\"},\"image\":{\"@id\":\"https:\\\/\\\/blog.insieme.ch\\\/fr\\\/#\\\/schema\\\/logo\\\/image\\\/\"},\"sameAs\":[\"https:\\\/\\\/www.facebook.com\\\/insiemeSuisse\\\/\",\"https:\\\/\\\/x.com\\\/insiemeSuisse\"]},{\"@type\":\"Person\",\"@id\":\"https:\\\/\\\/blog.insieme.ch\\\/fr\\\/#\\\/schema\\\/person\\\/b96e7415c17d2847ebb34c07a4c714a8\",\"name\":\"Lise Tran, traduction FALC Pro Infirmis\",\"image\":{\"@type\":\"ImageObject\",\"inLanguage\":\"fr-FR\",\"@id\":\"https:\\\/\\\/secure.gravatar.com\\\/avatar\\\/4a5a17b94f815f018f4e3b62dad6d7edb0783620429adbef8a9db3f4e400beda?s=96&d=mm&r=g\",\"url\":\"https:\\\/\\\/secure.gravatar.com\\\/avatar\\\/4a5a17b94f815f018f4e3b62dad6d7edb0783620429adbef8a9db3f4e400beda?s=96&d=mm&r=g\",\"contentUrl\":\"https:\\\/\\\/secure.gravatar.com\\\/avatar\\\/4a5a17b94f815f018f4e3b62dad6d7edb0783620429adbef8a9db3f4e400beda?s=96&d=mm&r=g\",\"caption\":\"Lise Tran, traduction FALC Pro Infirmis\"},\"url\":\"https:\\\/\\\/blog.insieme.ch\\\/fr\\\/author\\\/lise-tran-2\\\/\"}]}<\/script>\n<!-- \/ Yoast SEO plugin. -->","yoast_head_json":{"title":"\u00abDans ces cantons et ces communes, il y a qui ? \u00bb","description":"Article en Facile \u00e0 lire (FALC): Comment fonctionne la politique en Suisse\u00a0? ASA Handicap mental propose un cours sur la politique.","robots":{"index":"index","follow":"follow","max-snippet":"max-snippet:-1","max-image-preview":"max-image-preview:large","max-video-preview":"max-video-preview:-1"},"canonical":"https:\/\/blog.insieme.ch\/fr\/falc\/dans-ces-cantons-et-ces-communes-il-y-a-qui\/","og_locale":"fr_FR","og_type":"article","og_title":"\u00abDans ces cantons et ces communes, il y a qui ? \u00bb","og_description":"Article en Facile \u00e0 lire (FALC): Comment fonctionne la politique en Suisse\u00a0? ASA Handicap mental propose un cours sur la politique.","og_url":"https:\/\/blog.insieme.ch\/fr\/falc\/dans-ces-cantons-et-ces-communes-il-y-a-qui\/","og_site_name":"insieme Blog","article_publisher":"https:\/\/www.facebook.com\/insiemeSuisse\/","article_published_time":"2023-12-15T09:58:37+00:00","article_modified_time":"2023-12-15T09:58:38+00:00","og_image":[{"width":2000,"height":1333,"url":"https:\/\/blog.insieme.ch\/wp-inside\/uploads\/2023\/12\/atelier-savigny_023.jpg","type":"image\/jpeg"}],"author":"Lise Tran, traduction FALC Pro Infirmis","twitter_card":"summary_large_image","twitter_creator":"@insiemeSuisse","twitter_site":"@insiemeSuisse","twitter_misc":{"\u00c9crit par":"Lise Tran, traduction FALC Pro Infirmis","Dur\u00e9e de lecture estim\u00e9e":"2 minutes"},"schema":{"@context":"https:\/\/schema.org","@graph":[{"@type":"Article","@id":"https:\/\/blog.insieme.ch\/fr\/falc\/dans-ces-cantons-et-ces-communes-il-y-a-qui\/#article","isPartOf":{"@id":"https:\/\/blog.insieme.ch\/fr\/falc\/dans-ces-cantons-et-ces-communes-il-y-a-qui\/"},"author":{"name":"Lise Tran, traduction FALC Pro Infirmis","@id":"https:\/\/blog.insieme.ch\/fr\/#\/schema\/person\/b96e7415c17d2847ebb34c07a4c714a8"},"headline":"\u00ab&#160;Dans ces cantons et ces communes, il y a qui&#160;?&#160;\u00bb","datePublished":"2023-12-15T09:58:37+00:00","dateModified":"2023-12-15T09:58:38+00:00","mainEntityOfPage":{"@id":"https:\/\/blog.insieme.ch\/fr\/falc\/dans-ces-cantons-et-ces-communes-il-y-a-qui\/"},"wordCount":471,"commentCount":0,"publisher":{"@id":"https:\/\/blog.insieme.ch\/fr\/#organization"},"image":{"@id":"https:\/\/blog.insieme.ch\/fr\/falc\/dans-ces-cantons-et-ces-communes-il-y-a-qui\/#primaryimage"},"thumbnailUrl":"https:\/\/blog.insieme.ch\/wp-inside\/uploads\/2023\/12\/atelier-savigny_023.jpg","keywords":["Apprentissage","Politique"],"articleSection":["Articles en FALC"],"inLanguage":"fr-FR","potentialAction":[{"@type":"CommentAction","name":"Comment","target":["https:\/\/blog.insieme.ch\/fr\/falc\/dans-ces-cantons-et-ces-communes-il-y-a-qui\/#respond"]}]},{"@type":"WebPage","@id":"https:\/\/blog.insieme.ch\/fr\/falc\/dans-ces-cantons-et-ces-communes-il-y-a-qui\/","url":"https:\/\/blog.insieme.ch\/fr\/falc\/dans-ces-cantons-et-ces-communes-il-y-a-qui\/","name":"\u00abDans ces cantons et ces communes, il y a qui ? \u00bb","isPartOf":{"@id":"https:\/\/blog.insieme.ch\/fr\/#website"},"primaryImageOfPage":{"@id":"https:\/\/blog.insieme.ch\/fr\/falc\/dans-ces-cantons-et-ces-communes-il-y-a-qui\/#primaryimage"},"image":{"@id":"https:\/\/blog.insieme.ch\/fr\/falc\/dans-ces-cantons-et-ces-communes-il-y-a-qui\/#primaryimage"},"thumbnailUrl":"https:\/\/blog.insieme.ch\/wp-inside\/uploads\/2023\/12\/atelier-savigny_023.jpg","datePublished":"2023-12-15T09:58:37+00:00","dateModified":"2023-12-15T09:58:38+00:00","description":"Article en Facile \u00e0 lire (FALC): Comment fonctionne la politique en Suisse\u00a0? ASA Handicap mental propose un cours sur la politique.","breadcrumb":{"@id":"https:\/\/blog.insieme.ch\/fr\/falc\/dans-ces-cantons-et-ces-communes-il-y-a-qui\/#breadcrumb"},"inLanguage":"fr-FR","potentialAction":[{"@type":"ReadAction","target":["https:\/\/blog.insieme.ch\/fr\/falc\/dans-ces-cantons-et-ces-communes-il-y-a-qui\/"]}]},{"@type":"ImageObject","inLanguage":"fr-FR","@id":"https:\/\/blog.insieme.ch\/fr\/falc\/dans-ces-cantons-et-ces-communes-il-y-a-qui\/#primaryimage","url":"https:\/\/blog.insieme.ch\/wp-inside\/uploads\/2023\/12\/atelier-savigny_023.jpg","contentUrl":"https:\/\/blog.insieme.ch\/wp-inside\/uploads\/2023\/12\/atelier-savigny_023.jpg","width":2000,"height":1333,"caption":"Ateier de"},{"@type":"BreadcrumbList","@id":"https:\/\/blog.insieme.ch\/fr\/falc\/dans-ces-cantons-et-ces-communes-il-y-a-qui\/#breadcrumb","itemListElement":[{"@type":"ListItem","position":1,"name":"Accueil","item":"https:\/\/blog.insieme.ch\/fr\/"},{"@type":"ListItem","position":2,"name":"Articles en FALC","item":"https:\/\/blog.insieme.ch\/fr\/falc\/"},{"@type":"ListItem","position":3,"name":"\u00ab&#160;Dans ces cantons et ces communes, il y a qui&#160;?&#160;\u00bb"}]},{"@type":"WebSite","@id":"https:\/\/blog.insieme.ch\/fr\/#website","url":"https:\/\/blog.insieme.ch\/fr\/","name":"insieme Blog","description":"Alles ausser gew\u00f6hnlich","publisher":{"@id":"https:\/\/blog.insieme.ch\/fr\/#organization"},"potentialAction":[{"@type":"SearchAction","target":{"@type":"EntryPoint","urlTemplate":"https:\/\/blog.insieme.ch\/fr\/?s={search_term_string}"},"query-input":{"@type":"PropertyValueSpecification","valueRequired":true,"valueName":"search_term_string"}}],"inLanguage":"fr-FR"},{"@type":"Organization","@id":"https:\/\/blog.insieme.ch\/fr\/#organization","name":"insieme Blog","url":"https:\/\/blog.insieme.ch\/fr\/","logo":{"@type":"ImageObject","inLanguage":"fr-FR","@id":"https:\/\/blog.insieme.ch\/fr\/#\/schema\/logo\/image\/","url":"https:\/\/blog.insieme.ch\/wp-inside\/uploads\/2021\/04\/logo-insieme-blog.png","contentUrl":"https:\/\/blog.insieme.ch\/wp-inside\/uploads\/2021\/04\/logo-insieme-blog.png","width":280,"height":81,"caption":"insieme Blog"},"image":{"@id":"https:\/\/blog.insieme.ch\/fr\/#\/schema\/logo\/image\/"},"sameAs":["https:\/\/www.facebook.com\/insiemeSuisse\/","https:\/\/x.com\/insiemeSuisse"]},{"@type":"Person","@id":"https:\/\/blog.insieme.ch\/fr\/#\/schema\/person\/b96e7415c17d2847ebb34c07a4c714a8","name":"Lise Tran, traduction FALC Pro Infirmis","image":{"@type":"ImageObject","inLanguage":"fr-FR","@id":"https:\/\/secure.gravatar.com\/avatar\/4a5a17b94f815f018f4e3b62dad6d7edb0783620429adbef8a9db3f4e400beda?s=96&d=mm&r=g","url":"https:\/\/secure.gravatar.com\/avatar\/4a5a17b94f815f018f4e3b62dad6d7edb0783620429adbef8a9db3f4e400beda?s=96&d=mm&r=g","contentUrl":"https:\/\/secure.gravatar.com\/avatar\/4a5a17b94f815f018f4e3b62dad6d7edb0783620429adbef8a9db3f4e400beda?s=96&d=mm&r=g","caption":"Lise Tran, traduction FALC Pro Infirmis"},"url":"https:\/\/blog.insieme.ch\/fr\/author\/lise-tran-2\/"}]}},"featured_media_url":"https:\/\/blog.insieme.ch\/wp-inside\/uploads\/2023\/12\/atelier-savigny_023-1024x682.jpg","_links":{"self":[{"href":"https:\/\/blog.insieme.ch\/fr\/wp-json\/wp\/v2\/posts\/5539","targetHints":{"allow":["GET"]}}],"collection":[{"href":"https:\/\/blog.insieme.ch\/fr\/wp-json\/wp\/v2\/posts"}],"about":[{"href":"https:\/\/blog.insieme.ch\/fr\/wp-json\/wp\/v2\/types\/post"}],"author":[{"embeddable":true,"href":"https:\/\/blog.insieme.ch\/fr\/wp-json\/wp\/v2\/users\/19"}],"replies":[{"embeddable":true,"href":"https:\/\/blog.insieme.ch\/fr\/wp-json\/wp\/v2\/comments?post=5539"}],"version-history":[{"count":3,"href":"https:\/\/blog.insieme.ch\/fr\/wp-json\/wp\/v2\/posts\/5539\/revisions"}],"predecessor-version":[{"id":5550,"href":"https:\/\/blog.insieme.ch\/fr\/wp-json\/wp\/v2\/posts\/5539\/revisions\/5550"}],"wp:featuredmedia":[{"embeddable":true,"href":"https:\/\/blog.insieme.ch\/fr\/wp-json\/wp\/v2\/media\/5546"}],"wp:attachment":[{"href":"https:\/\/blog.insieme.ch\/fr\/wp-json\/wp\/v2\/media?parent=5539"}],"wp:term":[{"taxonomy":"category","embeddable":true,"href":"https:\/\/blog.insieme.ch\/fr\/wp-json\/wp\/v2\/categories?post=5539"},{"taxonomy":"post_tag","embeddable":true,"href":"https:\/\/blog.insieme.ch\/fr\/wp-json\/wp\/v2\/tags?post=5539"}],"curies":[{"name":"wp","href":"https:\/\/api.w.org\/{rel}","templated":true}]}}