{"id":5489,"date":"2023-11-29T15:39:07","date_gmt":"2023-11-29T14:39:07","guid":{"rendered":"https:\/\/blog.insieme.ch\/?p=5489"},"modified":"2023-11-29T15:39:08","modified_gmt":"2023-11-29T14:39:08","slug":"un-cours-de-theatre-pas-comme-les-autres","status":"publish","type":"post","link":"https:\/\/blog.insieme.ch\/fr\/falc\/un-cours-de-theatre-pas-comme-les-autres\/","title":{"rendered":"Un cours de th\u00e9\u00e2tre pas comme les autres"},"content":{"rendered":"<p><!-- flzn:zn_pagebanner --><\/p>\n<header id=\"flzn-pagebanner-1\" class=\"zone zn-pagebanner is-alignfull with-bg bg-color is-bgc-yellow-light\"><span class=\"zone-bg bg-color bgc-yellow-light alignfull\"><\/span><\/p>\n<div class=\"zone-block zn-pagebanner-block alignfull va-center\"><\/div>\n<\/header>\n<p><!-- \/flzn:zn_pagebanner --><br \/>\n<!-- flzn:zn_text --><\/p>\n<div id=\"flzn-text-1\" class=\"zone zn-text is-alignwide\">\n<div class=\"zone-block zn-text-block alignwide va-top\">\n<div class=\"row mw-content-zone zn-text-row widthbig\">\n<div class=\"columns large-12\">\n<div class=\"row large-up-1 with-nice-alignment nbloc-1\">\n<div class=\"column zn-text-col\">\n<div class=\"column-inner\">\n<div class=\"wig-content mw-content\">\n<p>Le th\u00e9\u00e2tre d\u2019improvisation, vous connaissez&#160;&#160;?<\/p>\n<p>Un groupe se retrouve chaque semaine \u00e0 Burgdorf<br \/>\npour un cours pas comme les autres.<!--more--><\/p>\n<p>&nbsp;<\/p>\n<p><strong>Le th\u00e9\u00e2tre d\u2019impro, c\u2019est quoi&#160;&#160;?<\/strong><\/p>\n<p>Le th\u00e9\u00e2tre d\u2019improvisation s\u2019appelle aussi&#160;&#160;: le th\u00e9\u00e2tre d\u2019impro.<\/p>\n<p>Au th\u00e9\u00e2tre d\u2019impro, pas besoin d\u2019apprendre un texte.<\/p>\n<p>Un participant propose une id\u00e9e<br \/>\net les autres participants inventent la suite.<\/p>\n<p>Par exemple&#160;&#160;:<\/p>\n<p>L\u2019animatrice du cours prend un gros cube en mousse, le renifle<br \/>\net fait semblant qu\u2019il sent mauvais.<\/p>\n<p>Les participants prennent le cube \u00e0 tour de r\u00f4le.<\/p>\n<p>\u00ab&#160;&#160;Beurk, il pue&#160;&#160;!&#160;&#160;\u00bb, dit Markus.<\/p>\n<p>Et il jette le cube \u00e0 Linda, qui est \u00e0 c\u00f4t\u00e9 de lui.<\/p>\n<div id=\"attachment_5481\" class=\"wp-caption aligncenter\" style=\"width:100%;max-width:2000px\"><img loading=\"lazy\" decoding=\"async\" class=\"wp-image-5481 size-full\" src=\"https:\/\/blog.insieme.ch\/wp-inside\/uploads\/2023\/11\/img_9724.jpg\" alt=\"Un groupe de personnes se passent un cube en mousse.\" width=\"2000\" height=\"1500\" srcset=\"https:\/\/blog.insieme.ch\/wp-inside\/uploads\/2023\/11\/img_9724.jpg 2000w, https:\/\/blog.insieme.ch\/wp-inside\/uploads\/2023\/11\/img_9724-300x225.jpg 300w, https:\/\/blog.insieme.ch\/wp-inside\/uploads\/2023\/11\/img_9724-1024x768.jpg 1024w, https:\/\/blog.insieme.ch\/wp-inside\/uploads\/2023\/11\/img_9724-768x576.jpg 768w, https:\/\/blog.insieme.ch\/wp-inside\/uploads\/2023\/11\/img_9724-1536x1152.jpg 1536w, https:\/\/blog.insieme.ch\/wp-inside\/uploads\/2023\/11\/img_9724-320x240.jpg 320w, https:\/\/blog.insieme.ch\/wp-inside\/uploads\/2023\/11\/img_9724-800x600.jpg 800w, https:\/\/blog.insieme.ch\/wp-inside\/uploads\/2023\/11\/img_9724-1920x1440.jpg 1920w\" sizes=\"auto, (max-width: 2000px) 100vw, 2000px\" \/><\/p>\n<p class=\"wp-caption-text\">Les participants prennent le cube \u00e0 tour de r\u00f4le. \u00a9 insieme Suisse<\/p>\n<\/div>\n<p><strong>\u00a0<\/strong><\/p>\n<p><strong>Comment \u00e7a se passe&#160;&#160;?<\/strong><\/p>\n<p>Il y a 8 personnes au cours d\u2019impro \u00e0 Burgdorf.<\/p>\n<p>Au d\u00e9but, tout le monde s\u2019assied et ferme les yeux<br \/>\npour un moment de calme.<\/p>\n<p>Ensuite, l\u2019animatrice du cours propose un th\u00e8me aux participants.<\/p>\n<p>Par exemple&#160;&#160;: <strong>attendre le train \u00e0 la gare<\/strong>.<\/p>\n<p>Des chaises sont dispos\u00e9es sur la sc\u00e8ne<br \/>\ncomme dans une salle d&rsquo;attente \u00e0 la gare.<br \/>\nLes acteurs sur sc\u00e8ne ne parlent pas.<br \/>\nMais ils montrent leurs \u00e9motions&#160;&#160;:<\/p>\n<ul>\n<li>Claudio attend calmement.<\/li>\n<li>Jo\u00eblle est impatiente. Elle n\u2019aime pas attendre le train.<\/li>\n<\/ul>\n<p>L\u2019animatrice et son assistante aident les participants qui sont timides.<\/p>\n<div id=\"attachment_5483\" class=\"wp-caption aligncenter\" style=\"width:100%;max-width:2000px\"><img loading=\"lazy\" decoding=\"async\" class=\"wp-image-5483 size-full\" src=\"https:\/\/blog.insieme.ch\/wp-inside\/uploads\/2023\/11\/img_9718.jpeg\" alt=\"Trois personnes sont assises sur des chaises.\" width=\"2000\" height=\"1500\" srcset=\"https:\/\/blog.insieme.ch\/wp-inside\/uploads\/2023\/11\/img_9718.jpeg 2000w, https:\/\/blog.insieme.ch\/wp-inside\/uploads\/2023\/11\/img_9718-300x225.jpeg 300w, https:\/\/blog.insieme.ch\/wp-inside\/uploads\/2023\/11\/img_9718-1024x768.jpeg 1024w, https:\/\/blog.insieme.ch\/wp-inside\/uploads\/2023\/11\/img_9718-768x576.jpeg 768w, https:\/\/blog.insieme.ch\/wp-inside\/uploads\/2023\/11\/img_9718-1536x1152.jpeg 1536w, https:\/\/blog.insieme.ch\/wp-inside\/uploads\/2023\/11\/img_9718-320x240.jpeg 320w, https:\/\/blog.insieme.ch\/wp-inside\/uploads\/2023\/11\/img_9718-800x600.jpeg 800w, https:\/\/blog.insieme.ch\/wp-inside\/uploads\/2023\/11\/img_9718-1920x1440.jpeg 1920w\" sizes=\"auto, (max-width: 2000px) 100vw, 2000px\" \/><\/p>\n<p class=\"wp-caption-text\">Des chaises sont dispos\u00e9es sur la sc\u00e8ne comme dans une salle d&rsquo;attente \u00e0 la gare. \u00a9 insieme Suisse<\/p>\n<\/div>\n<p><strong>\u00a0<\/strong><\/p>\n<p><strong>A la fin, un spectacle <\/strong><\/p>\n<p>Le soir du dernier cours, les participants font un spectacle.<\/p>\n<p>La famille et les amis sont invit\u00e9s.<\/p>\n<p>Certains participants ont un peu le trac.<\/p>\n<p>Pas facile de monter sur sc\u00e8ne devant un public.<\/p>\n<p>Mais finalement, tout le monde ose y aller et s\u2019amuse bien.<\/p>\n<p>Et tout le monde a envie de se retrouver l\u2019ann\u00e9e prochaine<br \/>\npour refaire de l\u2019impro.<\/p>\n<p>Apr\u00e8s la s\u00e9ance, Barbara dit&#160;&#160;:<\/p>\n<p>\u00ab&#160;&#160;Ce cours m\u2019a permis de sortir de mon quotidien.<br \/>\nJ\u2019ai pu faire des blagues. C\u2019est \u00e7a, le th\u00e9\u00e2tre d\u2019impro.&#160;&#160;\u00bb<\/p>\n<p>&nbsp;<\/p>\n<p><em>\u00a0<\/em><\/p>\n<\/p><\/div>\n<\/p><\/div>\n<\/p><\/div>\n<\/p><\/div>\n<\/p><\/div>\n<\/p><\/div>\n<\/div>\n<\/div>\n<p><!-- \/flzn:zn_text --><\/p>\n","protected":false},"excerpt":{"rendered":"<p>Le th\u00e9\u00e2tre d\u2019improvisation s\u2019appelle aussi\u00a0: le th\u00e9\u00e2tre d\u2019impro. Au th\u00e9\u00e2tre d\u2019impro, pas besoin d\u2019apprendre un texte.<\/p>\n","protected":false},"author":37,"featured_media":5483,"comment_status":"open","ping_status":"open","sticky":false,"template":"","format":"standard","meta":{"_acf_changed":false,"footnotes":""},"categories":[15],"tags":[],"class_list":["post-5489","post","type-post","status-publish","format-standard","has-post-thumbnail","hentry","category-falc","wp-sticky"],"acf":[],"yoast_head":"<!-- This site is optimized with the Yoast SEO plugin v27.5 - https:\/\/yoast.com\/product\/yoast-seo-wordpress\/ -->\n<title>Un cours de th\u00e9\u00e2tre pas comme les autres<\/title>\n<meta name=\"robots\" content=\"index, follow, max-snippet:-1, max-image-preview:large, max-video-preview:-1\" \/>\n<link rel=\"canonical\" href=\"https:\/\/blog.insieme.ch\/fr\/falc\/un-cours-de-theatre-pas-comme-les-autres\/\" \/>\n<meta property=\"og:locale\" content=\"fr_FR\" \/>\n<meta property=\"og:type\" content=\"article\" \/>\n<meta property=\"og:title\" content=\"Un cours de th\u00e9\u00e2tre pas comme les autres\" \/>\n<meta property=\"og:description\" content=\"Le th\u00e9\u00e2tre d\u2019improvisation s\u2019appelle aussi\u00a0: le th\u00e9\u00e2tre d\u2019impro. Au th\u00e9\u00e2tre d\u2019impro, pas besoin d\u2019apprendre un texte.\" \/>\n<meta property=\"og:url\" content=\"https:\/\/blog.insieme.ch\/fr\/falc\/un-cours-de-theatre-pas-comme-les-autres\/\" \/>\n<meta property=\"og:site_name\" content=\"insieme Blog\" \/>\n<meta property=\"article:publisher\" content=\"https:\/\/www.facebook.com\/insiemeSuisse\/\" \/>\n<meta property=\"article:published_time\" content=\"2023-11-29T14:39:07+00:00\" \/>\n<meta property=\"article:modified_time\" content=\"2023-11-29T14:39:08+00:00\" \/>\n<meta property=\"og:image\" content=\"https:\/\/blog.insieme.ch\/wp-inside\/uploads\/2023\/11\/img_9718.jpeg\" \/>\n\t<meta property=\"og:image:width\" content=\"2000\" \/>\n\t<meta property=\"og:image:height\" content=\"1500\" \/>\n\t<meta property=\"og:image:type\" content=\"image\/jpeg\" \/>\n<meta name=\"author\" content=\"Tabea M\u00fcndlein, traduction FALC Pro Infirmis\" \/>\n<meta name=\"twitter:card\" content=\"summary_large_image\" \/>\n<meta name=\"twitter:creator\" content=\"@insiemeSuisse\" \/>\n<meta name=\"twitter:site\" content=\"@insiemeSuisse\" \/>\n<meta name=\"twitter:label1\" content=\"\u00c9crit par\" \/>\n\t<meta name=\"twitter:data1\" content=\"Tabea M\u00fcndlein, traduction FALC Pro Infirmis\" \/>\n\t<meta name=\"twitter:label2\" content=\"Dur\u00e9e de lecture estim\u00e9e\" \/>\n\t<meta name=\"twitter:data2\" content=\"2 minutes\" \/>\n<script type=\"application\/ld+json\" class=\"yoast-schema-graph\">{\"@context\":\"https:\\\/\\\/schema.org\",\"@graph\":[{\"@type\":\"Article\",\"@id\":\"https:\\\/\\\/blog.insieme.ch\\\/fr\\\/falc\\\/un-cours-de-theatre-pas-comme-les-autres\\\/#article\",\"isPartOf\":{\"@id\":\"https:\\\/\\\/blog.insieme.ch\\\/fr\\\/falc\\\/un-cours-de-theatre-pas-comme-les-autres\\\/\"},\"author\":{\"name\":\"Tabea M\u00fcndlein, traduction FALC Pro Infirmis\",\"@id\":\"https:\\\/\\\/blog.insieme.ch\\\/fr\\\/#\\\/schema\\\/person\\\/eacd7712364e0971232dd8f8bc46f1f2\"},\"headline\":\"Un cours de th\u00e9\u00e2tre pas comme les autres\",\"datePublished\":\"2023-11-29T14:39:07+00:00\",\"dateModified\":\"2023-11-29T14:39:08+00:00\",\"mainEntityOfPage\":{\"@id\":\"https:\\\/\\\/blog.insieme.ch\\\/fr\\\/falc\\\/un-cours-de-theatre-pas-comme-les-autres\\\/\"},\"wordCount\":360,\"commentCount\":0,\"publisher\":{\"@id\":\"https:\\\/\\\/blog.insieme.ch\\\/fr\\\/#organization\"},\"image\":{\"@id\":\"https:\\\/\\\/blog.insieme.ch\\\/fr\\\/falc\\\/un-cours-de-theatre-pas-comme-les-autres\\\/#primaryimage\"},\"thumbnailUrl\":\"https:\\\/\\\/blog.insieme.ch\\\/wp-inside\\\/uploads\\\/2023\\\/11\\\/img_9718.jpeg\",\"articleSection\":[\"Articles en FALC\"],\"inLanguage\":\"fr-FR\",\"potentialAction\":[{\"@type\":\"CommentAction\",\"name\":\"Comment\",\"target\":[\"https:\\\/\\\/blog.insieme.ch\\\/fr\\\/falc\\\/un-cours-de-theatre-pas-comme-les-autres\\\/#respond\"]}]},{\"@type\":\"WebPage\",\"@id\":\"https:\\\/\\\/blog.insieme.ch\\\/fr\\\/falc\\\/un-cours-de-theatre-pas-comme-les-autres\\\/\",\"url\":\"https:\\\/\\\/blog.insieme.ch\\\/fr\\\/falc\\\/un-cours-de-theatre-pas-comme-les-autres\\\/\",\"name\":\"Un cours de th\u00e9\u00e2tre pas comme les autres\",\"isPartOf\":{\"@id\":\"https:\\\/\\\/blog.insieme.ch\\\/fr\\\/#website\"},\"primaryImageOfPage\":{\"@id\":\"https:\\\/\\\/blog.insieme.ch\\\/fr\\\/falc\\\/un-cours-de-theatre-pas-comme-les-autres\\\/#primaryimage\"},\"image\":{\"@id\":\"https:\\\/\\\/blog.insieme.ch\\\/fr\\\/falc\\\/un-cours-de-theatre-pas-comme-les-autres\\\/#primaryimage\"},\"thumbnailUrl\":\"https:\\\/\\\/blog.insieme.ch\\\/wp-inside\\\/uploads\\\/2023\\\/11\\\/img_9718.jpeg\",\"datePublished\":\"2023-11-29T14:39:07+00:00\",\"dateModified\":\"2023-11-29T14:39:08+00:00\",\"breadcrumb\":{\"@id\":\"https:\\\/\\\/blog.insieme.ch\\\/fr\\\/falc\\\/un-cours-de-theatre-pas-comme-les-autres\\\/#breadcrumb\"},\"inLanguage\":\"fr-FR\",\"potentialAction\":[{\"@type\":\"ReadAction\",\"target\":[\"https:\\\/\\\/blog.insieme.ch\\\/fr\\\/falc\\\/un-cours-de-theatre-pas-comme-les-autres\\\/\"]}]},{\"@type\":\"ImageObject\",\"inLanguage\":\"fr-FR\",\"@id\":\"https:\\\/\\\/blog.insieme.ch\\\/fr\\\/falc\\\/un-cours-de-theatre-pas-comme-les-autres\\\/#primaryimage\",\"url\":\"https:\\\/\\\/blog.insieme.ch\\\/wp-inside\\\/uploads\\\/2023\\\/11\\\/img_9718.jpeg\",\"contentUrl\":\"https:\\\/\\\/blog.insieme.ch\\\/wp-inside\\\/uploads\\\/2023\\\/11\\\/img_9718.jpeg\",\"width\":2000,\"height\":1500},{\"@type\":\"BreadcrumbList\",\"@id\":\"https:\\\/\\\/blog.insieme.ch\\\/fr\\\/falc\\\/un-cours-de-theatre-pas-comme-les-autres\\\/#breadcrumb\",\"itemListElement\":[{\"@type\":\"ListItem\",\"position\":1,\"name\":\"Accueil\",\"item\":\"https:\\\/\\\/blog.insieme.ch\\\/fr\\\/\"},{\"@type\":\"ListItem\",\"position\":2,\"name\":\"Articles en FALC\",\"item\":\"https:\\\/\\\/blog.insieme.ch\\\/fr\\\/falc\\\/\"},{\"@type\":\"ListItem\",\"position\":3,\"name\":\"Un cours de th\u00e9\u00e2tre pas comme les autres\"}]},{\"@type\":\"WebSite\",\"@id\":\"https:\\\/\\\/blog.insieme.ch\\\/fr\\\/#website\",\"url\":\"https:\\\/\\\/blog.insieme.ch\\\/fr\\\/\",\"name\":\"insieme Blog\",\"description\":\"Alles ausser gew\u00f6hnlich\",\"publisher\":{\"@id\":\"https:\\\/\\\/blog.insieme.ch\\\/fr\\\/#organization\"},\"potentialAction\":[{\"@type\":\"SearchAction\",\"target\":{\"@type\":\"EntryPoint\",\"urlTemplate\":\"https:\\\/\\\/blog.insieme.ch\\\/fr\\\/?s={search_term_string}\"},\"query-input\":{\"@type\":\"PropertyValueSpecification\",\"valueRequired\":true,\"valueName\":\"search_term_string\"}}],\"inLanguage\":\"fr-FR\"},{\"@type\":\"Organization\",\"@id\":\"https:\\\/\\\/blog.insieme.ch\\\/fr\\\/#organization\",\"name\":\"insieme Blog\",\"url\":\"https:\\\/\\\/blog.insieme.ch\\\/fr\\\/\",\"logo\":{\"@type\":\"ImageObject\",\"inLanguage\":\"fr-FR\",\"@id\":\"https:\\\/\\\/blog.insieme.ch\\\/fr\\\/#\\\/schema\\\/logo\\\/image\\\/\",\"url\":\"https:\\\/\\\/blog.insieme.ch\\\/wp-inside\\\/uploads\\\/2021\\\/04\\\/logo-insieme-blog.png\",\"contentUrl\":\"https:\\\/\\\/blog.insieme.ch\\\/wp-inside\\\/uploads\\\/2021\\\/04\\\/logo-insieme-blog.png\",\"width\":280,\"height\":81,\"caption\":\"insieme Blog\"},\"image\":{\"@id\":\"https:\\\/\\\/blog.insieme.ch\\\/fr\\\/#\\\/schema\\\/logo\\\/image\\\/\"},\"sameAs\":[\"https:\\\/\\\/www.facebook.com\\\/insiemeSuisse\\\/\",\"https:\\\/\\\/x.com\\\/insiemeSuisse\"]},{\"@type\":\"Person\",\"@id\":\"https:\\\/\\\/blog.insieme.ch\\\/fr\\\/#\\\/schema\\\/person\\\/eacd7712364e0971232dd8f8bc46f1f2\",\"name\":\"Tabea M\u00fcndlein, traduction FALC Pro Infirmis\",\"image\":{\"@type\":\"ImageObject\",\"inLanguage\":\"fr-FR\",\"@id\":\"https:\\\/\\\/secure.gravatar.com\\\/avatar\\\/266825279141dd9b297266b8b869d112167bdc5051c0c064bfdc9cb31f9b4958?s=96&d=mm&r=g\",\"url\":\"https:\\\/\\\/secure.gravatar.com\\\/avatar\\\/266825279141dd9b297266b8b869d112167bdc5051c0c064bfdc9cb31f9b4958?s=96&d=mm&r=g\",\"contentUrl\":\"https:\\\/\\\/secure.gravatar.com\\\/avatar\\\/266825279141dd9b297266b8b869d112167bdc5051c0c064bfdc9cb31f9b4958?s=96&d=mm&r=g\",\"caption\":\"Tabea M\u00fcndlein, traduction FALC Pro Infirmis\"},\"url\":\"https:\\\/\\\/blog.insieme.ch\\\/fr\\\/author\\\/tabea-muendlein-traduction-falc-pro-infirmis\\\/\"}]}<\/script>\n<!-- \/ Yoast SEO plugin. -->","yoast_head_json":{"title":"Un cours de th\u00e9\u00e2tre pas comme les autres","robots":{"index":"index","follow":"follow","max-snippet":"max-snippet:-1","max-image-preview":"max-image-preview:large","max-video-preview":"max-video-preview:-1"},"canonical":"https:\/\/blog.insieme.ch\/fr\/falc\/un-cours-de-theatre-pas-comme-les-autres\/","og_locale":"fr_FR","og_type":"article","og_title":"Un cours de th\u00e9\u00e2tre pas comme les autres","og_description":"Le th\u00e9\u00e2tre d\u2019improvisation s\u2019appelle aussi\u00a0: le th\u00e9\u00e2tre d\u2019impro. Au th\u00e9\u00e2tre d\u2019impro, pas besoin d\u2019apprendre un texte.","og_url":"https:\/\/blog.insieme.ch\/fr\/falc\/un-cours-de-theatre-pas-comme-les-autres\/","og_site_name":"insieme Blog","article_publisher":"https:\/\/www.facebook.com\/insiemeSuisse\/","article_published_time":"2023-11-29T14:39:07+00:00","article_modified_time":"2023-11-29T14:39:08+00:00","og_image":[{"width":2000,"height":1500,"url":"https:\/\/blog.insieme.ch\/wp-inside\/uploads\/2023\/11\/img_9718.jpeg","type":"image\/jpeg"}],"author":"Tabea M\u00fcndlein, traduction FALC Pro Infirmis","twitter_card":"summary_large_image","twitter_creator":"@insiemeSuisse","twitter_site":"@insiemeSuisse","twitter_misc":{"\u00c9crit par":"Tabea M\u00fcndlein, traduction FALC Pro Infirmis","Dur\u00e9e de lecture estim\u00e9e":"2 minutes"},"schema":{"@context":"https:\/\/schema.org","@graph":[{"@type":"Article","@id":"https:\/\/blog.insieme.ch\/fr\/falc\/un-cours-de-theatre-pas-comme-les-autres\/#article","isPartOf":{"@id":"https:\/\/blog.insieme.ch\/fr\/falc\/un-cours-de-theatre-pas-comme-les-autres\/"},"author":{"name":"Tabea M\u00fcndlein, traduction FALC Pro Infirmis","@id":"https:\/\/blog.insieme.ch\/fr\/#\/schema\/person\/eacd7712364e0971232dd8f8bc46f1f2"},"headline":"Un cours de th\u00e9\u00e2tre pas comme les autres","datePublished":"2023-11-29T14:39:07+00:00","dateModified":"2023-11-29T14:39:08+00:00","mainEntityOfPage":{"@id":"https:\/\/blog.insieme.ch\/fr\/falc\/un-cours-de-theatre-pas-comme-les-autres\/"},"wordCount":360,"commentCount":0,"publisher":{"@id":"https:\/\/blog.insieme.ch\/fr\/#organization"},"image":{"@id":"https:\/\/blog.insieme.ch\/fr\/falc\/un-cours-de-theatre-pas-comme-les-autres\/#primaryimage"},"thumbnailUrl":"https:\/\/blog.insieme.ch\/wp-inside\/uploads\/2023\/11\/img_9718.jpeg","articleSection":["Articles en FALC"],"inLanguage":"fr-FR","potentialAction":[{"@type":"CommentAction","name":"Comment","target":["https:\/\/blog.insieme.ch\/fr\/falc\/un-cours-de-theatre-pas-comme-les-autres\/#respond"]}]},{"@type":"WebPage","@id":"https:\/\/blog.insieme.ch\/fr\/falc\/un-cours-de-theatre-pas-comme-les-autres\/","url":"https:\/\/blog.insieme.ch\/fr\/falc\/un-cours-de-theatre-pas-comme-les-autres\/","name":"Un cours de th\u00e9\u00e2tre pas comme les autres","isPartOf":{"@id":"https:\/\/blog.insieme.ch\/fr\/#website"},"primaryImageOfPage":{"@id":"https:\/\/blog.insieme.ch\/fr\/falc\/un-cours-de-theatre-pas-comme-les-autres\/#primaryimage"},"image":{"@id":"https:\/\/blog.insieme.ch\/fr\/falc\/un-cours-de-theatre-pas-comme-les-autres\/#primaryimage"},"thumbnailUrl":"https:\/\/blog.insieme.ch\/wp-inside\/uploads\/2023\/11\/img_9718.jpeg","datePublished":"2023-11-29T14:39:07+00:00","dateModified":"2023-11-29T14:39:08+00:00","breadcrumb":{"@id":"https:\/\/blog.insieme.ch\/fr\/falc\/un-cours-de-theatre-pas-comme-les-autres\/#breadcrumb"},"inLanguage":"fr-FR","potentialAction":[{"@type":"ReadAction","target":["https:\/\/blog.insieme.ch\/fr\/falc\/un-cours-de-theatre-pas-comme-les-autres\/"]}]},{"@type":"ImageObject","inLanguage":"fr-FR","@id":"https:\/\/blog.insieme.ch\/fr\/falc\/un-cours-de-theatre-pas-comme-les-autres\/#primaryimage","url":"https:\/\/blog.insieme.ch\/wp-inside\/uploads\/2023\/11\/img_9718.jpeg","contentUrl":"https:\/\/blog.insieme.ch\/wp-inside\/uploads\/2023\/11\/img_9718.jpeg","width":2000,"height":1500},{"@type":"BreadcrumbList","@id":"https:\/\/blog.insieme.ch\/fr\/falc\/un-cours-de-theatre-pas-comme-les-autres\/#breadcrumb","itemListElement":[{"@type":"ListItem","position":1,"name":"Accueil","item":"https:\/\/blog.insieme.ch\/fr\/"},{"@type":"ListItem","position":2,"name":"Articles en FALC","item":"https:\/\/blog.insieme.ch\/fr\/falc\/"},{"@type":"ListItem","position":3,"name":"Un cours de th\u00e9\u00e2tre pas comme les autres"}]},{"@type":"WebSite","@id":"https:\/\/blog.insieme.ch\/fr\/#website","url":"https:\/\/blog.insieme.ch\/fr\/","name":"insieme Blog","description":"Alles ausser gew\u00f6hnlich","publisher":{"@id":"https:\/\/blog.insieme.ch\/fr\/#organization"},"potentialAction":[{"@type":"SearchAction","target":{"@type":"EntryPoint","urlTemplate":"https:\/\/blog.insieme.ch\/fr\/?s={search_term_string}"},"query-input":{"@type":"PropertyValueSpecification","valueRequired":true,"valueName":"search_term_string"}}],"inLanguage":"fr-FR"},{"@type":"Organization","@id":"https:\/\/blog.insieme.ch\/fr\/#organization","name":"insieme Blog","url":"https:\/\/blog.insieme.ch\/fr\/","logo":{"@type":"ImageObject","inLanguage":"fr-FR","@id":"https:\/\/blog.insieme.ch\/fr\/#\/schema\/logo\/image\/","url":"https:\/\/blog.insieme.ch\/wp-inside\/uploads\/2021\/04\/logo-insieme-blog.png","contentUrl":"https:\/\/blog.insieme.ch\/wp-inside\/uploads\/2021\/04\/logo-insieme-blog.png","width":280,"height":81,"caption":"insieme Blog"},"image":{"@id":"https:\/\/blog.insieme.ch\/fr\/#\/schema\/logo\/image\/"},"sameAs":["https:\/\/www.facebook.com\/insiemeSuisse\/","https:\/\/x.com\/insiemeSuisse"]},{"@type":"Person","@id":"https:\/\/blog.insieme.ch\/fr\/#\/schema\/person\/eacd7712364e0971232dd8f8bc46f1f2","name":"Tabea M\u00fcndlein, traduction FALC Pro Infirmis","image":{"@type":"ImageObject","inLanguage":"fr-FR","@id":"https:\/\/secure.gravatar.com\/avatar\/266825279141dd9b297266b8b869d112167bdc5051c0c064bfdc9cb31f9b4958?s=96&d=mm&r=g","url":"https:\/\/secure.gravatar.com\/avatar\/266825279141dd9b297266b8b869d112167bdc5051c0c064bfdc9cb31f9b4958?s=96&d=mm&r=g","contentUrl":"https:\/\/secure.gravatar.com\/avatar\/266825279141dd9b297266b8b869d112167bdc5051c0c064bfdc9cb31f9b4958?s=96&d=mm&r=g","caption":"Tabea M\u00fcndlein, traduction FALC Pro Infirmis"},"url":"https:\/\/blog.insieme.ch\/fr\/author\/tabea-muendlein-traduction-falc-pro-infirmis\/"}]}},"featured_media_url":"https:\/\/blog.insieme.ch\/wp-inside\/uploads\/2023\/11\/img_9718-1024x768.jpeg","_links":{"self":[{"href":"https:\/\/blog.insieme.ch\/fr\/wp-json\/wp\/v2\/posts\/5489","targetHints":{"allow":["GET"]}}],"collection":[{"href":"https:\/\/blog.insieme.ch\/fr\/wp-json\/wp\/v2\/posts"}],"about":[{"href":"https:\/\/blog.insieme.ch\/fr\/wp-json\/wp\/v2\/types\/post"}],"author":[{"embeddable":true,"href":"https:\/\/blog.insieme.ch\/fr\/wp-json\/wp\/v2\/users\/37"}],"replies":[{"embeddable":true,"href":"https:\/\/blog.insieme.ch\/fr\/wp-json\/wp\/v2\/comments?post=5489"}],"version-history":[{"count":1,"href":"https:\/\/blog.insieme.ch\/fr\/wp-json\/wp\/v2\/posts\/5489\/revisions"}],"predecessor-version":[{"id":5490,"href":"https:\/\/blog.insieme.ch\/fr\/wp-json\/wp\/v2\/posts\/5489\/revisions\/5490"}],"wp:featuredmedia":[{"embeddable":true,"href":"https:\/\/blog.insieme.ch\/fr\/wp-json\/wp\/v2\/media\/5483"}],"wp:attachment":[{"href":"https:\/\/blog.insieme.ch\/fr\/wp-json\/wp\/v2\/media?parent=5489"}],"wp:term":[{"taxonomy":"category","embeddable":true,"href":"https:\/\/blog.insieme.ch\/fr\/wp-json\/wp\/v2\/categories?post=5489"},{"taxonomy":"post_tag","embeddable":true,"href":"https:\/\/blog.insieme.ch\/fr\/wp-json\/wp\/v2\/tags?post=5489"}],"curies":[{"name":"wp","href":"https:\/\/api.w.org\/{rel}","templated":true}]}}