{"id":5415,"date":"2023-10-30T14:36:38","date_gmt":"2023-10-30T13:36:38","guid":{"rendered":"https:\/\/blog.insieme.ch\/?p=5415"},"modified":"2023-11-03T09:29:46","modified_gmt":"2023-11-03T08:29:46","slug":"les-parents-qui-vivent-la-meme-situation-ont-toujours-envie-daider","status":"publish","type":"post","link":"https:\/\/blog.insieme.ch\/fr\/handicap-mental\/les-parents-qui-vivent-la-meme-situation-ont-toujours-envie-daider\/","title":{"rendered":"\u00ab&#160;Les parents qui vivent la m\u00eame situation ont toujours envie d\u2019aider&#160;\u00bb"},"content":{"rendered":"<p><!-- flzn:zn_pagebanner --><\/p>\n<header id=\"flzn-pagebanner-1\" class=\"zone zn-pagebanner is-alignfull with-bg bg-color is-bgc-yellow-light\"><span class=\"zone-bg bg-color bgc-yellow-light alignfull\"><\/span><\/p>\n<div class=\"zone-block zn-pagebanner-block alignfull va-center\"><\/div>\n<\/header>\n<p><!-- \/flzn:zn_pagebanner --><br \/>\n<!-- flzn:zn_text --><\/p>\n<div id=\"flzn-text-1\" class=\"zone zn-text is-alignwide\">\n<div class=\"zone-block zn-text-block alignwide va-top\">\n<div class=\"row mw-content-zone zn-text-row\">\n<div class=\"columns large-12\">\n<div class=\"row large-up-1 with-nice-alignment nbloc-1\">\n<div class=\"column zn-text-col\">\n<div class=\"column-inner\">\n<div class=\"wig-content mw-content\">\n<p>Alors que nous l\u2019attendons devant son immeuble, Jos\u00e9 arrive, essouffl\u00e9. \u00a0\u00ab&#160;&#160;J\u2019avais pr\u00e9vu de vous accueillir parce que ma femme est encore chez l\u2019ergoth\u00e9rapeute avec notre fille. Et puis, le chargeur de la machine \u00e0 oxyg\u00e8ne de Joana est tomb\u00e9 en panne et j\u2019ai d\u00fb aller en commander un nouveau&#160;&#160;\u00bb, s\u2019excuse-t-il.\u00a0 Alors que nous entrons dans l\u2019ascenseur, il plaisante&#160;&#160;: \u00ab&#160;&#160;Pour votre article, vous pourrez noter que les parents qui ont un jeune enfant en situation de handicap passent leur temps \u00e0 courir partout&#160;&#160;!&#160;&#160;\u00bb<\/p>\n<blockquote>\n<p>Pour votre article, vous pourrez noter que les parents qui ont un jeune enfant en situation de handicap passent leur temps \u00e0 courir partout&#160;&#160;!<\/p>\n<p>&nbsp;<\/p>\n<\/blockquote>\n<p>Nous passons devant les photos de famille dans l\u2019entr\u00e9e, puis dans le salon o\u00f9 Amanda nous rejoint quelques minutes plus tard avec sa fille, en s\u2019excusant \u00e0 son tour. Joana, la petite de deux ans, qui vit avec une trisomie 21, est aussit\u00f4t fascin\u00e9e par l\u2019appareil photo. Pendant la conversation, elle se balade sur le tapis pelucheux, suivie par deux petits fils qui la relient \u00e0 son appareil \u00e0 oxyg\u00e8ne. Les chansons de ses bo\u00eetes \u00e0 musique r\u00e9sonnent joyeusement.<\/p>\n<\/p><\/div>\n<\/p><\/div>\n<\/p><\/div>\n<\/p><\/div>\n<\/p><\/div>\n<\/p><\/div>\n<\/div>\n<\/div>\n<p><!-- \/flzn:zn_text --><br \/>\n<!-- flzn:zn_image --><\/p>\n<div id=\"flzn-image-1\" class=\"zone zn-image is-alignwide\">\n<div class=\"zone-block zn-image-block alignwide va-top\">\n<div class=\"row one-img\">\n<div class=\"columns large-12\">\n<div class=\"row with-nice-alignment va-top\">\n<div class=\"columns large-12 zn-image-col\">\n<div class=\"columns-inner zn-image-col-inner\">\n\t\t\t\t\t\t\t<a class=\"zn-image-imgbox swipebox\" href=\"https:\/\/blog.insieme.ch\/wp-inside\/uploads\/2023\/10\/proches-aidants_025.jpg\" title=\"\u00ab Je suis reconnaissante de tout ce que Joana me fait apprendre tous les jours \u00bb\" rel=\"galleryzone-flzn-image-1\">\t\t\t\t\t\t\t<\/p>\n<figure class=\"zn-image-figure\">\n\t\t\t\t\t\t\t\t<img decoding=\"async\" class=\"zn-image-img\" src=\"https:\/\/blog.insieme.ch\/wp-inside\/uploads\/2023\/10\/proches-aidants_025-1920x1280.jpg\" alt=\"\" \/><figcaption class=\"zn-image-caption\">\u00ab&#160;Je suis reconnaissante de tout ce que Joana me fait apprendre tous les jours.&#160;\u00bb \u00a9 Patrick Gill\u00e9ron-Lopreno \/ insieme Suisse<\/figcaption><\/figure>\n<p>\t\t\t\t\t\t\t<\/a>\t\t\t\t\t\t<\/div>\n<\/p><\/div>\n<\/p><\/div>\n<\/p><\/div>\n<\/p><\/div>\n<\/div>\n<\/div>\n<p><!-- \/flzn:zn_image --><br \/>\n<!-- flzn:zn_text --><\/p>\n<div id=\"flzn-text-2\" class=\"zone zn-text is-alignwide with-bg bg-color is-bgc-yellow-light\"><span class=\"zone-bg bg-color bgc-yellow-light alignfull\"><\/span><\/p>\n<div class=\"zone-block zn-text-block pdd-bottom-off alignwide va-top\">\n<div class=\"row mw-content-zone zn-text-row\">\n<div class=\"columns large-12\">\n<div class=\"row large-up-1 with-nice-alignment nbloc-1\">\n<div class=\"column zn-text-col\">\n<div class=\"column-inner\">\n<div class=\"wig-content mw-content\">\n<h2 style=\"text-align: center;\"><strong>Une ann\u00e9e difficile<\/strong><\/h2>\n<p>&nbsp;<\/p>\n<\/p><\/div>\n<\/p><\/div>\n<\/p><\/div>\n<\/p><\/div>\n<\/p><\/div>\n<\/p><\/div>\n<\/div>\n<\/div>\n<p><!-- \/flzn:zn_text --><br \/>\n<!-- flzn:zn_text --><\/p>\n<div id=\"flzn-text-3\" class=\"zone zn-text is-alignwide with-bg bg-color is-bgc-yellow-light\"><span class=\"zone-bg bg-color bgc-yellow-light alignfull\"><\/span><\/p>\n<div class=\"zone-block zn-text-block alignwide va-top\">\n<div class=\"row mw-content-zone zn-text-row\">\n<div class=\"columns large-12\">\n<div class=\"row with-nice-alignment nbloc-2 va-top\">\n<div class=\"columns large-6 zn-text-col\">\n<div class=\"columns-inner\">\n<div class=\"wig-content mw-content\">\n<p>\u00ab&#160;&#160;Nous avons eu une ann\u00e9e tr\u00e8s compliqu\u00e9e, avec beaucoup de changements&#160;&#160;\u00bb, explique Jos\u00e9. Une maladie auto-immune, potentiellement mortelle, a \u00e9t\u00e9 diagnostiqu\u00e9e chez Joana. Elle a pass\u00e9 quatre mois \u00e0 l\u2019h\u00f4pital, dont plusieurs aux soins intensifs. \u00ab&#160;&#160;On a d\u00fb s\u2019organiser, Jos\u00e9 \u00e9tait beaucoup avec Helena, notre fille a\u00een\u00e9e, et moi \u00e0 l\u2019h\u00f4pital, mais Joana n\u2019\u00e9tait jamais seule dans sa chambre.&#160;&#160;\u00bb<\/p>\n<blockquote>\n<p>On a d\u00fb s\u2019organiser, Jos\u00e9 \u00e9tait beaucoup avec Helena, notre fille a\u00een\u00e9e, et moi \u00e0 l\u2019h\u00f4pital, mais Joana n\u2019\u00e9tait jamais seule dans sa chambre.<\/p>\n<\/blockquote>\n<p>Rester au maximum avec son enfant gravement malade&#160;&#160;: une \u00e9vidence pour n\u2019importe quel parent, mais visiblement pas pour l\u2019employeur d\u2019Amanda. De plus, depuis 2021, une allocation pour perte de gains permet d\u2019aider les parents dont les enfants, malades, doivent rester \u00e0 l\u2019h\u00f4pital.<\/p>\n<p>&nbsp;<\/p>\n<\/p><\/div>\n<\/p><\/div>\n<\/p><\/div>\n<div class=\"columns large-6 zn-text-col\">\n<div class=\"columns-inner\">\n<div class=\"wig-content mw-content\">\n<p>Malgr\u00e9 cette possibilit\u00e9, l\u2019employeur de la maman de Joana n\u2019a pas trait\u00e9 correctement la demande de cong\u00e9 de prise en charge. Il a licenci\u00e9 Amanda, qui est au ch\u00f4mage depuis quelques mois. \u00ab&#160;&#160;Ils ont vu que notre fille \u00e9tait souvent malade, et ils ont voulu se d\u00e9barrasser d\u2019Amanda parce qu\u2019ils se sont dit&#160;&#160;:\u00a0 <em>ah, elle va souvent \u00e0 l\u2019h\u00f4pital<\/em>&#160;&#160;!&#160;&#160;\u00bb, d\u00e9taille Jos\u00e9.<\/p>\n<blockquote>\n<p>Ils ont vu que notre fille \u00e9tait souvent malade, et ils ont voulu se d\u00e9barrasser d\u2019Amanda parce qu\u2019ils se sont dit&#160;&#160;:\u00a0 <em>ah, elle va souvent \u00e0 l\u2019h\u00f4pital&#160;&#160;!<\/em><\/p>\n<\/blockquote>\n<p>Gr\u00e2ce au soutien fourni par une assistante sociale, Amanda est actuellement en proc\u00e9dure de contestation pour licenciement abusif. Jos\u00e9, de son c\u00f4t\u00e9, a eu la chance de trouver un emploi comme architecte au CHUV alors que sa fille y \u00e9tait hospitalis\u00e9e&#160;&#160;:\u00ab&#160;&#160;\u00c7a m\u2019a permis d\u2019\u00eatre tout pr\u00e8s de Joana et d\u2019aller la voir pendant mes pauses de midi, souffle-t-il, soulag\u00e9. Mais on attendait avec impatience de revenir \u00e0 la maison&#160;&#160;\u00bb.<\/p>\n<\/p><\/div>\n<\/p><\/div>\n<\/p><\/div>\n<\/p><\/div>\n<\/p><\/div>\n<\/p><\/div>\n<\/div>\n<\/div>\n<p><!-- \/flzn:zn_text --><br \/>\n<!-- flzn:zn_gallery --><\/p>\n<div id=\"flzn-gallery-1\" class=\"zone zn-gallery is-alignwide\">\n<div class=\"zone-block zn-gallery-block alignwide va-top\">\n<div class=\"row mw-content-zone\">\n<div class=\"large-12 columns\">\n<div class=\"zn-gallery-list slick-slider galleryslider-carousel\">\n<div class=\"zn-gallery-item slick-item with-ratio\">\n<div class=\"zn-gallery-item-inner\">\n<p>\t\t\t\t\t\t\t\t\t\t\t\t\t<a class=\"swipebox\" href=\"https:\/\/blog.insieme.ch\/wp-inside\/uploads\/2023\/10\/proches-aidants_019-1920x1280.jpg\" title=\"Reportage sur les proches aidants - famille Santos \u0088 Lausanne.\" rel=\"galleryzone-flzn-gallery-1\"><\/p>\n<div class=\"imgbox\">\n\t\t\t\t\t\t\t\t\t\t\t\t\t\t\t\t\t\t<img decoding=\"async\" class=\"imgratio\" src=\"\/\/blog.insieme.ch\/wp-inside\/themes\/blog.insieme.ch\/assets\/images\/ratio-1280x600.png\" alt=\"\" width=\"0\" \/><br \/>\n\t\t\t\t\t\t\t\t\t\t\t\t\t\t\t\t\t\t<img decoding=\"async\" src=\"https:\/\/blog.insieme.ch\/wp-inside\/uploads\/2023\/10\/proches-aidants_019-425x250.jpg\" alt=\"\" data-interchange=\"[https:\/\/blog.insieme.ch\/wp-inside\/uploads\/2023\/10\/proches-aidants_019-425x250.jpg, small],[https:\/\/blog.insieme.ch\/wp-inside\/uploads\/2023\/10\/proches-aidants_019-1024x300.jpg, gsmall],[https:\/\/blog.insieme.ch\/wp-inside\/uploads\/2023\/10\/proches-aidants_019-1280x600.jpg, glarge],[https:\/\/blog.insieme.ch\/wp-inside\/uploads\/2023\/10\/proches-aidants_019-1280x600.jpg, xlarge],\"\/>\n\t\t\t\t\t\t\t\t<\/div>\n<p>\t\t\t\t\t\t\t\t\t\t\t\t\t<\/a>\n\t\t\t\t\t\t\t\t\t\t\t\t<\/div>\n<\/p><\/div>\n<div class=\"zn-gallery-item slick-item with-ratio with-ratio\">\n<div class=\"zn-gallery-item-inner\">\n<p>\t\t\t\t\t\t\t\t\t\t\t\t\t<a class=\"swipebox\" href=\"https:\/\/blog.insieme.ch\/wp-inside\/uploads\/2023\/10\/proches-aidants_001-1920x2880.jpg\" title=\"Reportage sur les proches aidants - famille Santos \u0088 Lausanne.\" rel=\"galleryzone-flzn-gallery-1\"><\/p>\n<div class=\"imgbox\">\n\t\t\t\t\t\t\t\t\t\t\t\t\t\t\t\t\t\t<img decoding=\"async\" class=\"imgratio\" src=\"\/\/blog.insieme.ch\/wp-inside\/themes\/blog.insieme.ch\/assets\/images\/ratio-1280x600.png\" alt=\"\" width=\"0\" \/><br \/>\n\t\t\t\t\t\t\t\t\t\t\t\t\t\t\t\t\t\t<img decoding=\"async\" src=\"https:\/\/blog.insieme.ch\/wp-inside\/uploads\/2023\/10\/proches-aidants_001-425x250.jpg\" alt=\"\" data-interchange=\"[https:\/\/blog.insieme.ch\/wp-inside\/uploads\/2023\/10\/proches-aidants_001-425x250.jpg, small],[https:\/\/blog.insieme.ch\/wp-inside\/uploads\/2023\/10\/proches-aidants_001-1024x300.jpg, gsmall],[https:\/\/blog.insieme.ch\/wp-inside\/uploads\/2023\/10\/proches-aidants_001-1280x600.jpg, glarge],[https:\/\/blog.insieme.ch\/wp-inside\/uploads\/2023\/10\/proches-aidants_001-1280x600.jpg, xlarge],\"\/>\n\t\t\t\t\t\t\t\t<\/div>\n<p>\t\t\t\t\t\t\t\t\t\t\t\t\t<\/a>\n\t\t\t\t\t\t\t\t\t\t\t\t<\/div>\n<\/p><\/div>\n<div class=\"zn-gallery-item slick-item with-ratio with-ratio with-ratio\">\n<div class=\"zn-gallery-item-inner\">\n<p>\t\t\t\t\t\t\t\t\t\t\t\t\t<a class=\"swipebox\" href=\"https:\/\/blog.insieme.ch\/wp-inside\/uploads\/2023\/10\/proches-aidants_022-1920x1280.jpg\" title=\"Reportage sur les proches aidants - famille Santos \u0088 Lausanne.\" rel=\"galleryzone-flzn-gallery-1\"><\/p>\n<div class=\"imgbox\">\n\t\t\t\t\t\t\t\t\t\t\t\t\t\t\t\t\t\t<img decoding=\"async\" class=\"imgratio\" src=\"\/\/blog.insieme.ch\/wp-inside\/themes\/blog.insieme.ch\/assets\/images\/ratio-1280x600.png\" alt=\"\" width=\"0\" \/><br \/>\n\t\t\t\t\t\t\t\t\t\t\t\t\t\t\t\t\t\t<img decoding=\"async\" src=\"https:\/\/blog.insieme.ch\/wp-inside\/uploads\/2023\/10\/proches-aidants_022-425x250.jpg\" alt=\"\" data-interchange=\"[https:\/\/blog.insieme.ch\/wp-inside\/uploads\/2023\/10\/proches-aidants_022-425x250.jpg, small],[https:\/\/blog.insieme.ch\/wp-inside\/uploads\/2023\/10\/proches-aidants_022-1024x300.jpg, gsmall],[https:\/\/blog.insieme.ch\/wp-inside\/uploads\/2023\/10\/proches-aidants_022-1280x600.jpg, glarge],[https:\/\/blog.insieme.ch\/wp-inside\/uploads\/2023\/10\/proches-aidants_022-1280x600.jpg, xlarge],\"\/>\n\t\t\t\t\t\t\t\t<\/div>\n<p>\t\t\t\t\t\t\t\t\t\t\t\t\t<\/a>\n\t\t\t\t\t\t\t\t\t\t\t\t<\/div>\n<\/p><\/div>\n<\/p><\/div>\n<div class=\"slick-slider galleryslider-carousel-nav\">\n<div class=\"slick-item slicknav-item\">\n<div class=\"residence-gallery-slide-nav-thumb\">\n\t\t\t\t\t\t\t<img decoding=\"async\" src=\"https:\/\/blog.insieme.ch\/wp-inside\/uploads\/2023\/10\/proches-aidants_019-425x250.jpg\" alt=\"\" \/>\n\t\t\t\t\t\t<\/div>\n<\/p><\/div>\n<div class=\"slick-item slicknav-item\">\n<div class=\"residence-gallery-slide-nav-thumb\">\n\t\t\t\t\t\t\t<img decoding=\"async\" src=\"https:\/\/blog.insieme.ch\/wp-inside\/uploads\/2023\/10\/proches-aidants_001-425x250.jpg\" alt=\"\" \/>\n\t\t\t\t\t\t<\/div>\n<\/p><\/div>\n<div class=\"slick-item slicknav-item\">\n<div class=\"residence-gallery-slide-nav-thumb\">\n\t\t\t\t\t\t\t<img decoding=\"async\" src=\"https:\/\/blog.insieme.ch\/wp-inside\/uploads\/2023\/10\/proches-aidants_022-425x250.jpg\" alt=\"\" \/>\n\t\t\t\t\t\t<\/div>\n<\/p><\/div>\n<\/p><\/div>\n<\/p><\/div>\n<\/p><\/div>\n<\/div>\n<\/div>\n<p><!-- \/flzn:zn_gallery --><br \/>\n<!-- flzn:zn_text --><\/p>\n<div id=\"flzn-text-4\" class=\"zone zn-text is-alignwide\">\n<div class=\"zone-block zn-text-block pdd-top alignwide va-top\">\n<div class=\"row mw-content-zone zn-text-row\">\n<div class=\"columns large-12\">\n<div class=\"row large-up-1 with-nice-alignment nbloc-1\">\n<div class=\"column zn-text-col\">\n<div class=\"column-inner\">\n<div class=\"wig-content mw-content\">\n<h2 style=\"text-align: center;\"><strong>Pr\u00e9paration minutieuse avant la naissance<\/strong><\/h2>\n<\/p><\/div>\n<\/p><\/div>\n<\/p><\/div>\n<\/p><\/div>\n<\/p><\/div>\n<\/p><\/div>\n<\/div>\n<\/div>\n<p><!-- \/flzn:zn_text --><br \/>\n<!-- flzn:zn_text --><\/p>\n<div id=\"flzn-text-5\" class=\"zone zn-text is-alignwide\">\n<div class=\"zone-block zn-text-block alignwide va-top\">\n<div class=\"row mw-content-zone zn-text-row\">\n<div class=\"columns large-12\">\n<div class=\"row large-up-1 with-nice-alignment nbloc-1\">\n<div class=\"column zn-text-col\">\n<div class=\"column-inner\">\n<div class=\"wig-content mw-content\">\n<p>La maladie de Joana est venue bouleverser un quotidien auxquels les parents s\u2019\u00e9taient bien pr\u00e9par\u00e9s. \u00ab&#160;&#160;Nous avons su assez t\u00f4t la trisomie de Joana. Mais pour moi, ce n\u2019\u00e9tait pas une condition g\u00e9n\u00e9tique qui allait changer l\u2019amour que j\u2019ai pour elle&#160;&#160;\u00bb, explique Amanda. Pour se pr\u00e9parer \u00e0 l\u2019entr\u00e9e dans un monde totalement nouveau, les futurs parents se sont tourn\u00e9s spontan\u00e9ment vers des familles concern\u00e9es.<\/p>\n<\/p><\/div>\n<\/p><\/div>\n<\/p><\/div>\n<\/p><\/div>\n<\/p><\/div>\n<\/p><\/div>\n<\/div>\n<\/div>\n<p><!-- \/flzn:zn_text --><br \/>\n<!-- flzn:zn_quote --><\/p>\n<div id=\"flzn-quote-1\" class=\"zone zn-quote is-alignwide\">\n<div class=\"zone-block zn-quote-block alignwide va-top\">\n<div class=\"row mw-content-zone\">\n<div class=\"large-12 columns\">\n<div class=\"quotebox with-img\">\n<div class=\"quotebox-inner\">\n<figure class=\"quotebox-img\">\n\t\t\t\t\t\t\t<img decoding=\"async\" src=\"https:\/\/blog.insieme.ch\/wp-inside\/uploads\/2023\/10\/proches-aidants_004-150x150.jpg\" alt=\"Jos\u00e9\" \/><br \/>\n\t\t\t\t\t\t<\/figure>\n<blockquote class=\"quotebox-content\">\n<div class=\"quotebox-content-inner\">\n<p class=\"quotebox-desc\">\u00ab&#160;&#160;On a senti une vraie ouverture. Bien s\u00fbr, il y a des associations, mais les parents qui vivent la m\u00eame situation se retrouvent naturellement, et ils ont toujours envie d\u2019aider, de partager leur exp\u00e9rience. Petit \u00e0 petit, on s\u2019est cr\u00e9\u00e9 notre r\u00e9seau&#160;&#160;\u00bb,<\/p>\n<p>\t\t\t\t\t\t\t\t\t\t\t\t\t\t<cite class=\"quotebox-author\"><br \/>\n\t\t\t\t\t\t\t\t<span class=\"quotebox-name\">Jos\u00e9<\/span>, \t\t\t\t\t\t\t\t<span class=\"quotebox-nameinfos\">papa de Joana et de Helena.<\/span>\t\t\t\t\t\t\t<\/cite>\n\t\t\t\t\t\t\t\t\t\t\t\t\t<\/div>\n<\/blockquote><\/div>\n<\/p><\/div>\n<\/p><\/div>\n<\/p><\/div>\n<\/div>\n<\/div>\n<p><!-- \/flzn:zn_quote --><br \/>\n<!-- flzn:zn_text --><\/p>\n<div id=\"flzn-text-6\" class=\"zone zn-text is-alignwide\">\n<div class=\"zone-block zn-text-block alignwide va-top\">\n<div class=\"row mw-content-zone zn-text-row\">\n<div class=\"columns large-12\">\n<div class=\"row large-up-1 with-nice-alignment nbloc-1\">\n<div class=\"column zn-text-col\">\n<div class=\"column-inner\">\n<div class=\"wig-content mw-content\">\n<p>\u00ab&#160;&#160;Comme on ne connaissait rien \u00e0 ce monde, d\u00e8s qu\u2019on voyait des familles avec une personne porteuse de trisomie, on allait vers eux leur expliquer la situation et leur demander si on pouvait leur poser des questions&#160;&#160;\u00bb, se souvient Amanda.<\/p>\n<p>\u00ab&#160;&#160;On a senti une vraie ouverture. Bien s\u00fbr, il y a des associations, mais les parents qui vivent la m\u00eame situation se retrouvent naturellement, et ils ont toujours envie d\u2019aider, de partager leur exp\u00e9rience. Petit \u00e0 petit, on s\u2019est cr\u00e9\u00e9 notre r\u00e9seau&#160;&#160;\u00bb, rench\u00e9rit Jos\u00e9. Amanda trouve aussi le livre de<a href=\"https:\/\/www.instagram.com\/lextraordinairemarcel\/?hl=de\" target=\"_blank\" rel=\"noopener\"> <em>L\u2019extraordinaire Marcel<\/em><\/a> et s\u2019en inspire pour mettre en place tout ce qu\u2019elle peut durant la grossesse&#160;&#160;: logop\u00e9diste, physioth\u00e9rapeute, etc.<\/p>\n<p>&nbsp;<\/p>\n<\/p><\/div>\n<\/p><\/div>\n<\/p><\/div>\n<\/p><\/div>\n<\/p><\/div>\n<\/p><\/div>\n<\/div>\n<\/div>\n<p><!-- \/flzn:zn_text --><br \/>\n<!-- flzn:zn_text --><\/p>\n<div id=\"flzn-text-7\" class=\"zone zn-text is-alignwide with-bg bg-color is-bgc-yellow-light\"><span class=\"zone-bg bg-color bgc-yellow-light alignfull\"><\/span><\/p>\n<div class=\"zone-block zn-text-block alignwide va-top\">\n<div class=\"row mw-content-zone zn-text-row\">\n<div class=\"columns large-12\">\n<div class=\"row large-up-1 with-nice-alignment nbloc-1\">\n<div class=\"column zn-text-col\">\n<div class=\"column-inner\">\n<div class=\"wig-content mw-content\">\n<h2 style=\"text-align: center;\"><strong>Une opportunit\u00e9 de voir les choses diff\u00e9remment<\/strong><\/h2>\n<p>Leurs craintes s\u2019apaisent petit \u00e0 petit apr\u00e8s la naissance. Les parents se rendent compte que Joana apprend aussi les choses, \u00e0 son rythme. Le quotidien reste charg\u00e9, mais les parents parviennent \u00e0 bien le g\u00e9rer. \u00ab&#160;&#160;Et puis, souligne Amanda dans un rire, Joana ne me demande pas forc\u00e9ment beaucoup plus d\u2019\u00e9nergie que sa s\u0153ur. Helena a un caract\u00e8re bien affirm\u00e9, et \u00e7a demande aussi de la patience, d\u2019\u00eatre pr\u00eat \u00e0 beaucoup expliquer.&#160;&#160;\u00bb<\/p>\n<blockquote>\n<p>Notre barom\u00e8tre, c\u2019est l\u2019\u00e9tat de sant\u00e9 de Joana. Tant qu\u2019elle va bien, on essaie vraiment de faire un maximum de choses, m\u00eame en ce moment avec la machine \u00e0 oxyg\u00e8ne.<\/p>\n<p>&nbsp;<\/p>\n<\/blockquote>\n<p>Malgr\u00e9 la p\u00e9riode difficile que sa famille a d\u00fb traverser ces derniers mois, Amanda explique qu\u2019ils essaient de ne pas se limiter&#160;&#160;: \u00ab&#160;&#160;Notre barom\u00e8tre, c\u2019est l\u2019\u00e9tat de sant\u00e9 de Joana. Tant qu\u2019elle va bien, on essaie vraiment de faire un maximum de choses, m\u00eame en ce moment avec la machine \u00e0 oxyg\u00e8ne.&#160;&#160;\u00bb<\/p>\n<p>&nbsp;<\/p>\n<\/p><\/div>\n<\/p><\/div>\n<\/p><\/div>\n<\/p><\/div>\n<\/p><\/div>\n<\/p><\/div>\n<\/div>\n<\/div>\n<p><!-- \/flzn:zn_text --><br \/>\n<!-- flzn:zn_text --><\/p>\n<div id=\"flzn-text-8\" class=\"zone zn-text is-alignwide\">\n<div class=\"zone-block zn-text-block alignwide va-top\">\n<div class=\"row mw-content-zone zn-text-row\">\n<div class=\"columns large-12\">\n<div class=\"row large-up-1 with-nice-alignment nbloc-1\">\n<div class=\"column zn-text-col\">\n<div class=\"column-inner\">\n<div class=\"wig-content mw-content\">\n<h2 style=\"text-align: center;\"><strong>Un conseil \u00e0 donner \u00e0 d\u2019autres futurs parents&#160;&#160;?<\/strong><\/h2>\n<p style=\"text-align: center;\">\u00ab&#160;&#160;Ne pas avoir peur et plonger dans ce nouveau monde. Quand j\u2019\u00e9tais enceinte, bien s\u00fbr que j\u2019avais peur, mais maintenant il y a tellement d\u2019amour et je suis reconnaissante de tout ce que Joana me fait apprendre tous les jours.&#160;&#160;\u00bb Jos\u00e9, de son c\u00f4t\u00e9, rappelle l\u2019importance de ne pas se renfermer&#160;&#160;: \u00ab&#160;&#160;Ouvrez votre c\u0153ur pour rencontrer des gens et pour vous informer. Il y a beaucoup de gens qui veulent aider et qui vont vous aider&#160;&#160;!&#160;&#160;\u00bb<\/p>\n<\/p><\/div>\n<\/p><\/div>\n<\/p><\/div>\n<\/p><\/div>\n<\/p><\/div>\n<\/p><\/div>\n<\/div>\n<\/div>\n<p><!-- \/flzn:zn_text --><br \/>\n<!-- flzn:zn_button --><\/p>\n<div id=\"flzn-button-1\" class=\"zone zn-button is-alignfull with-bg bg-color is-bgc-yellow-light\"><span class=\"zone-bg bg-color bgc-yellow-light alignfull\"><\/span><\/p>\n<div class=\"zone-block zn-button-block alignfull va-top text-center\">\n<div class=\"zn-button-bgbox block-alignfull oneblock text-center\">\n<div class=\"zn-button-bgbox-bg with-img\" data-interchange=\"[https:\/\/blog.insieme.ch\/wp-inside\/uploads\/2023\/10\/proches-aidants_-services-de-releve-425x250.jpg, small],[https:\/\/blog.insieme.ch\/wp-inside\/uploads\/2023\/10\/proches-aidants_-services-de-releve-1024x600.jpg, gsmall],[https:\/\/blog.insieme.ch\/wp-inside\/uploads\/2023\/10\/proches-aidants_-services-de-releve-1280x600.jpg, glarge],[https:\/\/blog.insieme.ch\/wp-inside\/uploads\/2023\/10\/proches-aidants_-services-de-releve-1920x600.jpg, xlarge],\"><\/div>\n<\/p><\/div>\n<div class=\"zn-button-list row small-up-1 medium-up-1 nb-bloc-1  oneblock text-center\" data-equalizer data-equalize-on=\"large\">\n<div class=\"zn-button-bloc column\" data-equalizer-watch>\n<div class=\"column-inner\">\n<div class=\"zn-button-innerbox with-img\">\n<div class=\"zn-button-bloc-titledesc\">\n<h3 class=\"zn-button-bloc-title h2 cursive-font title-with-deco\">\n\t\t\t\t\t\t\t\t\t\tProches aidant\u00b7e\u00b7s sur insieme.ch\t\t\t\t\t\t\t\t\t<\/h3>\n<\/p><\/div>\n<div class=\"zn-button-buttons-box\">\n<p>\t\t\t\t\t\t\t\t\t\t\t\t\t\t\t\t\t\t<a class=\"button primary\" href=\"https:\/\/insieme.ch\/fr\/theme\/famille\/proches-aidant-e-s\/\" target=\"_blank\" rel=\"noopener\"><br \/>\n\t\t\t\t\t\t\t\t\t\t\t\t\t\t\t\t\t\t\t\t\tMehr\t\t\t\t\t\t\t\t\t\t\t\t\t\t\t\t\t\t\t<\/a>\n\t\t\t\t\t\t\t\t\t\t\t\t\t\t\t\t\t\t\t\t\t<\/div>\n<\/p><\/div>\n<\/p><\/div>\n<\/p><\/div>\n<\/p><\/div>\n<\/div>\n<\/div>\n<p><!-- \/flzn:zn_button --><\/p>\n","protected":false},"excerpt":{"rendered":"<p>Proches aidant\u00b7e\u00b7s: \u00ab\u00a0Notre barom\u00e8tre, c\u2019est l\u2019\u00e9tat de sant\u00e9 de Joana. Tant qu\u2019elle va bien, on essaie vraiment de faire un maximum de choses, m\u00eame en ce moment avec la machine \u00e0 oxyg\u00e8ne.\u00a0\u00bb<\/p>\n","protected":false},"author":8,"featured_media":5460,"comment_status":"open","ping_status":"open","sticky":false,"template":"","format":"standard","meta":{"_acf_changed":false,"footnotes":""},"categories":[16,21],"tags":[],"class_list":["post-5415","post","type-post","status-publish","format-standard","has-post-thumbnail","hentry","category-handicap-mental","category-sante-et-qualite-de-vie","wp-sticky"],"acf":[],"yoast_head":"<!-- This site is optimized with the Yoast SEO plugin v27.5 - https:\/\/yoast.com\/product\/yoast-seo-wordpress\/ -->\n<title>\u00abLes parents qui vivent la m\u00eame situation ont toujours envie d\u2019aider\u00bb<\/title>\n<meta name=\"description\" content=\"Proches aidant\u00b7e\u00b7s: une allocation permet d\u2019aider les parents dont l&#039;enfant, malade, doit rester \u00e0 l\u2019h\u00f4pital. L&#039;employeur de la maman de Joana, porteuse de trisomie, n\u2019a pourtant pas b\u00e9n\u00e9fici\u00e9 de cette mesure.\" \/>\n<meta name=\"robots\" content=\"index, follow, max-snippet:-1, max-image-preview:large, max-video-preview:-1\" \/>\n<link rel=\"canonical\" href=\"https:\/\/blog.insieme.ch\/fr\/handicap-mental\/les-parents-qui-vivent-la-meme-situation-ont-toujours-envie-daider\/\" \/>\n<meta property=\"og:locale\" content=\"fr_FR\" \/>\n<meta property=\"og:type\" content=\"article\" \/>\n<meta property=\"og:title\" content=\"\u00abLes parents qui vivent la m\u00eame situation ont toujours envie d\u2019aider\u00bb\" \/>\n<meta property=\"og:description\" content=\"Proches aidant\u00b7e\u00b7s: une allocation permet d\u2019aider les parents dont l&#039;enfant, malade, doit rester \u00e0 l\u2019h\u00f4pital. L&#039;employeur de la maman de Joana, porteuse de trisomie, n\u2019a pourtant pas b\u00e9n\u00e9fici\u00e9 de cette mesure.\" \/>\n<meta property=\"og:url\" content=\"https:\/\/blog.insieme.ch\/fr\/handicap-mental\/les-parents-qui-vivent-la-meme-situation-ont-toujours-envie-daider\/\" \/>\n<meta property=\"og:site_name\" content=\"insieme Blog\" \/>\n<meta property=\"article:publisher\" content=\"https:\/\/www.facebook.com\/insiemeSuisse\/\" \/>\n<meta property=\"article:published_time\" content=\"2023-10-30T13:36:38+00:00\" \/>\n<meta property=\"article:modified_time\" content=\"2023-11-03T08:29:46+00:00\" \/>\n<meta property=\"og:image\" content=\"https:\/\/blog.insieme.ch\/wp-inside\/uploads\/2023\/10\/proches-aidants_016-scaled.jpg\" \/>\n\t<meta property=\"og:image:width\" content=\"1707\" \/>\n\t<meta property=\"og:image:height\" content=\"2560\" \/>\n\t<meta property=\"og:image:type\" content=\"image\/jpeg\" \/>\n<meta name=\"author\" content=\"Claire-Andr\u00e9e Nobs\" \/>\n<meta name=\"twitter:card\" content=\"summary_large_image\" \/>\n<meta name=\"twitter:creator\" content=\"@insiemeSuisse\" \/>\n<meta name=\"twitter:site\" content=\"@insiemeSuisse\" \/>\n<meta name=\"twitter:label1\" content=\"\u00c9crit par\" \/>\n\t<meta name=\"twitter:data1\" content=\"Claire-Andr\u00e9e Nobs\" \/>\n\t<meta name=\"twitter:label2\" content=\"Dur\u00e9e de lecture estim\u00e9e\" \/>\n\t<meta name=\"twitter:data2\" content=\"5 minutes\" \/>\n<script type=\"application\/ld+json\" class=\"yoast-schema-graph\">{\"@context\":\"https:\\\/\\\/schema.org\",\"@graph\":[{\"@type\":\"Article\",\"@id\":\"https:\\\/\\\/blog.insieme.ch\\\/fr\\\/handicap-mental\\\/les-parents-qui-vivent-la-meme-situation-ont-toujours-envie-daider\\\/#article\",\"isPartOf\":{\"@id\":\"https:\\\/\\\/blog.insieme.ch\\\/fr\\\/handicap-mental\\\/les-parents-qui-vivent-la-meme-situation-ont-toujours-envie-daider\\\/\"},\"author\":{\"name\":\"Claire-Andr\u00e9e Nobs\",\"@id\":\"https:\\\/\\\/blog.insieme.ch\\\/fr\\\/#\\\/schema\\\/person\\\/dff2f2e09f2d8a257836944ed96de446\"},\"headline\":\"\u00ab&#160;Les parents qui vivent la m\u00eame situation ont toujours envie d\u2019aider&#160;\u00bb\",\"datePublished\":\"2023-10-30T13:36:38+00:00\",\"dateModified\":\"2023-11-03T08:29:46+00:00\",\"mainEntityOfPage\":{\"@id\":\"https:\\\/\\\/blog.insieme.ch\\\/fr\\\/handicap-mental\\\/les-parents-qui-vivent-la-meme-situation-ont-toujours-envie-daider\\\/\"},\"wordCount\":1094,\"commentCount\":0,\"publisher\":{\"@id\":\"https:\\\/\\\/blog.insieme.ch\\\/fr\\\/#organization\"},\"image\":{\"@id\":\"https:\\\/\\\/blog.insieme.ch\\\/fr\\\/handicap-mental\\\/les-parents-qui-vivent-la-meme-situation-ont-toujours-envie-daider\\\/#primaryimage\"},\"thumbnailUrl\":\"https:\\\/\\\/blog.insieme.ch\\\/wp-inside\\\/uploads\\\/2023\\\/10\\\/proches-aidants_016-scaled.jpg\",\"articleSection\":[\"Handicap mental\",\"Sant\u00e9 et qualit\u00e9 de vie\"],\"inLanguage\":\"fr-FR\",\"potentialAction\":[{\"@type\":\"CommentAction\",\"name\":\"Comment\",\"target\":[\"https:\\\/\\\/blog.insieme.ch\\\/fr\\\/handicap-mental\\\/les-parents-qui-vivent-la-meme-situation-ont-toujours-envie-daider\\\/#respond\"]}]},{\"@type\":\"WebPage\",\"@id\":\"https:\\\/\\\/blog.insieme.ch\\\/fr\\\/handicap-mental\\\/les-parents-qui-vivent-la-meme-situation-ont-toujours-envie-daider\\\/\",\"url\":\"https:\\\/\\\/blog.insieme.ch\\\/fr\\\/handicap-mental\\\/les-parents-qui-vivent-la-meme-situation-ont-toujours-envie-daider\\\/\",\"name\":\"\u00abLes parents qui vivent la m\u00eame situation ont toujours envie d\u2019aider\u00bb\",\"isPartOf\":{\"@id\":\"https:\\\/\\\/blog.insieme.ch\\\/fr\\\/#website\"},\"primaryImageOfPage\":{\"@id\":\"https:\\\/\\\/blog.insieme.ch\\\/fr\\\/handicap-mental\\\/les-parents-qui-vivent-la-meme-situation-ont-toujours-envie-daider\\\/#primaryimage\"},\"image\":{\"@id\":\"https:\\\/\\\/blog.insieme.ch\\\/fr\\\/handicap-mental\\\/les-parents-qui-vivent-la-meme-situation-ont-toujours-envie-daider\\\/#primaryimage\"},\"thumbnailUrl\":\"https:\\\/\\\/blog.insieme.ch\\\/wp-inside\\\/uploads\\\/2023\\\/10\\\/proches-aidants_016-scaled.jpg\",\"datePublished\":\"2023-10-30T13:36:38+00:00\",\"dateModified\":\"2023-11-03T08:29:46+00:00\",\"description\":\"Proches aidant\u00b7e\u00b7s: une allocation permet d\u2019aider les parents dont l'enfant, malade, doit rester \u00e0 l\u2019h\u00f4pital. L'employeur de la maman de Joana, porteuse de trisomie, n\u2019a pourtant pas b\u00e9n\u00e9fici\u00e9 de cette mesure.\",\"breadcrumb\":{\"@id\":\"https:\\\/\\\/blog.insieme.ch\\\/fr\\\/handicap-mental\\\/les-parents-qui-vivent-la-meme-situation-ont-toujours-envie-daider\\\/#breadcrumb\"},\"inLanguage\":\"fr-FR\",\"potentialAction\":[{\"@type\":\"ReadAction\",\"target\":[\"https:\\\/\\\/blog.insieme.ch\\\/fr\\\/handicap-mental\\\/les-parents-qui-vivent-la-meme-situation-ont-toujours-envie-daider\\\/\"]}]},{\"@type\":\"ImageObject\",\"inLanguage\":\"fr-FR\",\"@id\":\"https:\\\/\\\/blog.insieme.ch\\\/fr\\\/handicap-mental\\\/les-parents-qui-vivent-la-meme-situation-ont-toujours-envie-daider\\\/#primaryimage\",\"url\":\"https:\\\/\\\/blog.insieme.ch\\\/wp-inside\\\/uploads\\\/2023\\\/10\\\/proches-aidants_016-scaled.jpg\",\"contentUrl\":\"https:\\\/\\\/blog.insieme.ch\\\/wp-inside\\\/uploads\\\/2023\\\/10\\\/proches-aidants_016-scaled.jpg\",\"width\":1707,\"height\":2560,\"caption\":\"Reportage sur les proches aidants - famille Santos \u0088 Lausanne.\"},{\"@type\":\"BreadcrumbList\",\"@id\":\"https:\\\/\\\/blog.insieme.ch\\\/fr\\\/handicap-mental\\\/les-parents-qui-vivent-la-meme-situation-ont-toujours-envie-daider\\\/#breadcrumb\",\"itemListElement\":[{\"@type\":\"ListItem\",\"position\":1,\"name\":\"Accueil\",\"item\":\"https:\\\/\\\/blog.insieme.ch\\\/fr\\\/\"},{\"@type\":\"ListItem\",\"position\":2,\"name\":\"Handicap mental\",\"item\":\"https:\\\/\\\/blog.insieme.ch\\\/fr\\\/handicap-mental\\\/\"},{\"@type\":\"ListItem\",\"position\":3,\"name\":\"\u00ab&#160;Les parents qui vivent la m\u00eame situation ont toujours envie d\u2019aider&#160;\u00bb\"}]},{\"@type\":\"WebSite\",\"@id\":\"https:\\\/\\\/blog.insieme.ch\\\/fr\\\/#website\",\"url\":\"https:\\\/\\\/blog.insieme.ch\\\/fr\\\/\",\"name\":\"insieme Blog\",\"description\":\"Alles ausser gew\u00f6hnlich\",\"publisher\":{\"@id\":\"https:\\\/\\\/blog.insieme.ch\\\/fr\\\/#organization\"},\"potentialAction\":[{\"@type\":\"SearchAction\",\"target\":{\"@type\":\"EntryPoint\",\"urlTemplate\":\"https:\\\/\\\/blog.insieme.ch\\\/fr\\\/?s={search_term_string}\"},\"query-input\":{\"@type\":\"PropertyValueSpecification\",\"valueRequired\":true,\"valueName\":\"search_term_string\"}}],\"inLanguage\":\"fr-FR\"},{\"@type\":\"Organization\",\"@id\":\"https:\\\/\\\/blog.insieme.ch\\\/fr\\\/#organization\",\"name\":\"insieme Blog\",\"url\":\"https:\\\/\\\/blog.insieme.ch\\\/fr\\\/\",\"logo\":{\"@type\":\"ImageObject\",\"inLanguage\":\"fr-FR\",\"@id\":\"https:\\\/\\\/blog.insieme.ch\\\/fr\\\/#\\\/schema\\\/logo\\\/image\\\/\",\"url\":\"https:\\\/\\\/blog.insieme.ch\\\/wp-inside\\\/uploads\\\/2021\\\/04\\\/logo-insieme-blog.png\",\"contentUrl\":\"https:\\\/\\\/blog.insieme.ch\\\/wp-inside\\\/uploads\\\/2021\\\/04\\\/logo-insieme-blog.png\",\"width\":280,\"height\":81,\"caption\":\"insieme Blog\"},\"image\":{\"@id\":\"https:\\\/\\\/blog.insieme.ch\\\/fr\\\/#\\\/schema\\\/logo\\\/image\\\/\"},\"sameAs\":[\"https:\\\/\\\/www.facebook.com\\\/insiemeSuisse\\\/\",\"https:\\\/\\\/x.com\\\/insiemeSuisse\"]},{\"@type\":\"Person\",\"@id\":\"https:\\\/\\\/blog.insieme.ch\\\/fr\\\/#\\\/schema\\\/person\\\/dff2f2e09f2d8a257836944ed96de446\",\"name\":\"Claire-Andr\u00e9e Nobs\",\"image\":{\"@type\":\"ImageObject\",\"inLanguage\":\"fr-FR\",\"@id\":\"https:\\\/\\\/secure.gravatar.com\\\/avatar\\\/ec2ce3a6f40471849c4a441ce973df98dc1560f8ea116196ba9c6444f3b44049?s=96&d=mm&r=g\",\"url\":\"https:\\\/\\\/secure.gravatar.com\\\/avatar\\\/ec2ce3a6f40471849c4a441ce973df98dc1560f8ea116196ba9c6444f3b44049?s=96&d=mm&r=g\",\"contentUrl\":\"https:\\\/\\\/secure.gravatar.com\\\/avatar\\\/ec2ce3a6f40471849c4a441ce973df98dc1560f8ea116196ba9c6444f3b44049?s=96&d=mm&r=g\",\"caption\":\"Claire-Andr\u00e9e Nobs\"},\"description\":\"Charg\u00e9e de projets insieme\",\"url\":\"https:\\\/\\\/blog.insieme.ch\\\/fr\\\/author\\\/claire-andree-nobs\\\/\"}]}<\/script>\n<!-- \/ Yoast SEO plugin. -->","yoast_head_json":{"title":"\u00abLes parents qui vivent la m\u00eame situation ont toujours envie d\u2019aider\u00bb","description":"Proches aidant\u00b7e\u00b7s: une allocation permet d\u2019aider les parents dont l'enfant, malade, doit rester \u00e0 l\u2019h\u00f4pital. L'employeur de la maman de Joana, porteuse de trisomie, n\u2019a pourtant pas b\u00e9n\u00e9fici\u00e9 de cette mesure.","robots":{"index":"index","follow":"follow","max-snippet":"max-snippet:-1","max-image-preview":"max-image-preview:large","max-video-preview":"max-video-preview:-1"},"canonical":"https:\/\/blog.insieme.ch\/fr\/handicap-mental\/les-parents-qui-vivent-la-meme-situation-ont-toujours-envie-daider\/","og_locale":"fr_FR","og_type":"article","og_title":"\u00abLes parents qui vivent la m\u00eame situation ont toujours envie d\u2019aider\u00bb","og_description":"Proches aidant\u00b7e\u00b7s: une allocation permet d\u2019aider les parents dont l'enfant, malade, doit rester \u00e0 l\u2019h\u00f4pital. L'employeur de la maman de Joana, porteuse de trisomie, n\u2019a pourtant pas b\u00e9n\u00e9fici\u00e9 de cette mesure.","og_url":"https:\/\/blog.insieme.ch\/fr\/handicap-mental\/les-parents-qui-vivent-la-meme-situation-ont-toujours-envie-daider\/","og_site_name":"insieme Blog","article_publisher":"https:\/\/www.facebook.com\/insiemeSuisse\/","article_published_time":"2023-10-30T13:36:38+00:00","article_modified_time":"2023-11-03T08:29:46+00:00","og_image":[{"width":1707,"height":2560,"url":"https:\/\/blog.insieme.ch\/wp-inside\/uploads\/2023\/10\/proches-aidants_016-scaled.jpg","type":"image\/jpeg"}],"author":"Claire-Andr\u00e9e Nobs","twitter_card":"summary_large_image","twitter_creator":"@insiemeSuisse","twitter_site":"@insiemeSuisse","twitter_misc":{"\u00c9crit par":"Claire-Andr\u00e9e Nobs","Dur\u00e9e de lecture estim\u00e9e":"5 minutes"},"schema":{"@context":"https:\/\/schema.org","@graph":[{"@type":"Article","@id":"https:\/\/blog.insieme.ch\/fr\/handicap-mental\/les-parents-qui-vivent-la-meme-situation-ont-toujours-envie-daider\/#article","isPartOf":{"@id":"https:\/\/blog.insieme.ch\/fr\/handicap-mental\/les-parents-qui-vivent-la-meme-situation-ont-toujours-envie-daider\/"},"author":{"name":"Claire-Andr\u00e9e Nobs","@id":"https:\/\/blog.insieme.ch\/fr\/#\/schema\/person\/dff2f2e09f2d8a257836944ed96de446"},"headline":"\u00ab&#160;Les parents qui vivent la m\u00eame situation ont toujours envie d\u2019aider&#160;\u00bb","datePublished":"2023-10-30T13:36:38+00:00","dateModified":"2023-11-03T08:29:46+00:00","mainEntityOfPage":{"@id":"https:\/\/blog.insieme.ch\/fr\/handicap-mental\/les-parents-qui-vivent-la-meme-situation-ont-toujours-envie-daider\/"},"wordCount":1094,"commentCount":0,"publisher":{"@id":"https:\/\/blog.insieme.ch\/fr\/#organization"},"image":{"@id":"https:\/\/blog.insieme.ch\/fr\/handicap-mental\/les-parents-qui-vivent-la-meme-situation-ont-toujours-envie-daider\/#primaryimage"},"thumbnailUrl":"https:\/\/blog.insieme.ch\/wp-inside\/uploads\/2023\/10\/proches-aidants_016-scaled.jpg","articleSection":["Handicap mental","Sant\u00e9 et qualit\u00e9 de vie"],"inLanguage":"fr-FR","potentialAction":[{"@type":"CommentAction","name":"Comment","target":["https:\/\/blog.insieme.ch\/fr\/handicap-mental\/les-parents-qui-vivent-la-meme-situation-ont-toujours-envie-daider\/#respond"]}]},{"@type":"WebPage","@id":"https:\/\/blog.insieme.ch\/fr\/handicap-mental\/les-parents-qui-vivent-la-meme-situation-ont-toujours-envie-daider\/","url":"https:\/\/blog.insieme.ch\/fr\/handicap-mental\/les-parents-qui-vivent-la-meme-situation-ont-toujours-envie-daider\/","name":"\u00abLes parents qui vivent la m\u00eame situation ont toujours envie d\u2019aider\u00bb","isPartOf":{"@id":"https:\/\/blog.insieme.ch\/fr\/#website"},"primaryImageOfPage":{"@id":"https:\/\/blog.insieme.ch\/fr\/handicap-mental\/les-parents-qui-vivent-la-meme-situation-ont-toujours-envie-daider\/#primaryimage"},"image":{"@id":"https:\/\/blog.insieme.ch\/fr\/handicap-mental\/les-parents-qui-vivent-la-meme-situation-ont-toujours-envie-daider\/#primaryimage"},"thumbnailUrl":"https:\/\/blog.insieme.ch\/wp-inside\/uploads\/2023\/10\/proches-aidants_016-scaled.jpg","datePublished":"2023-10-30T13:36:38+00:00","dateModified":"2023-11-03T08:29:46+00:00","description":"Proches aidant\u00b7e\u00b7s: une allocation permet d\u2019aider les parents dont l'enfant, malade, doit rester \u00e0 l\u2019h\u00f4pital. L'employeur de la maman de Joana, porteuse de trisomie, n\u2019a pourtant pas b\u00e9n\u00e9fici\u00e9 de cette mesure.","breadcrumb":{"@id":"https:\/\/blog.insieme.ch\/fr\/handicap-mental\/les-parents-qui-vivent-la-meme-situation-ont-toujours-envie-daider\/#breadcrumb"},"inLanguage":"fr-FR","potentialAction":[{"@type":"ReadAction","target":["https:\/\/blog.insieme.ch\/fr\/handicap-mental\/les-parents-qui-vivent-la-meme-situation-ont-toujours-envie-daider\/"]}]},{"@type":"ImageObject","inLanguage":"fr-FR","@id":"https:\/\/blog.insieme.ch\/fr\/handicap-mental\/les-parents-qui-vivent-la-meme-situation-ont-toujours-envie-daider\/#primaryimage","url":"https:\/\/blog.insieme.ch\/wp-inside\/uploads\/2023\/10\/proches-aidants_016-scaled.jpg","contentUrl":"https:\/\/blog.insieme.ch\/wp-inside\/uploads\/2023\/10\/proches-aidants_016-scaled.jpg","width":1707,"height":2560,"caption":"Reportage sur les proches aidants - famille Santos \u0088 Lausanne."},{"@type":"BreadcrumbList","@id":"https:\/\/blog.insieme.ch\/fr\/handicap-mental\/les-parents-qui-vivent-la-meme-situation-ont-toujours-envie-daider\/#breadcrumb","itemListElement":[{"@type":"ListItem","position":1,"name":"Accueil","item":"https:\/\/blog.insieme.ch\/fr\/"},{"@type":"ListItem","position":2,"name":"Handicap mental","item":"https:\/\/blog.insieme.ch\/fr\/handicap-mental\/"},{"@type":"ListItem","position":3,"name":"\u00ab&#160;Les parents qui vivent la m\u00eame situation ont toujours envie d\u2019aider&#160;\u00bb"}]},{"@type":"WebSite","@id":"https:\/\/blog.insieme.ch\/fr\/#website","url":"https:\/\/blog.insieme.ch\/fr\/","name":"insieme Blog","description":"Alles ausser gew\u00f6hnlich","publisher":{"@id":"https:\/\/blog.insieme.ch\/fr\/#organization"},"potentialAction":[{"@type":"SearchAction","target":{"@type":"EntryPoint","urlTemplate":"https:\/\/blog.insieme.ch\/fr\/?s={search_term_string}"},"query-input":{"@type":"PropertyValueSpecification","valueRequired":true,"valueName":"search_term_string"}}],"inLanguage":"fr-FR"},{"@type":"Organization","@id":"https:\/\/blog.insieme.ch\/fr\/#organization","name":"insieme Blog","url":"https:\/\/blog.insieme.ch\/fr\/","logo":{"@type":"ImageObject","inLanguage":"fr-FR","@id":"https:\/\/blog.insieme.ch\/fr\/#\/schema\/logo\/image\/","url":"https:\/\/blog.insieme.ch\/wp-inside\/uploads\/2021\/04\/logo-insieme-blog.png","contentUrl":"https:\/\/blog.insieme.ch\/wp-inside\/uploads\/2021\/04\/logo-insieme-blog.png","width":280,"height":81,"caption":"insieme Blog"},"image":{"@id":"https:\/\/blog.insieme.ch\/fr\/#\/schema\/logo\/image\/"},"sameAs":["https:\/\/www.facebook.com\/insiemeSuisse\/","https:\/\/x.com\/insiemeSuisse"]},{"@type":"Person","@id":"https:\/\/blog.insieme.ch\/fr\/#\/schema\/person\/dff2f2e09f2d8a257836944ed96de446","name":"Claire-Andr\u00e9e Nobs","image":{"@type":"ImageObject","inLanguage":"fr-FR","@id":"https:\/\/secure.gravatar.com\/avatar\/ec2ce3a6f40471849c4a441ce973df98dc1560f8ea116196ba9c6444f3b44049?s=96&d=mm&r=g","url":"https:\/\/secure.gravatar.com\/avatar\/ec2ce3a6f40471849c4a441ce973df98dc1560f8ea116196ba9c6444f3b44049?s=96&d=mm&r=g","contentUrl":"https:\/\/secure.gravatar.com\/avatar\/ec2ce3a6f40471849c4a441ce973df98dc1560f8ea116196ba9c6444f3b44049?s=96&d=mm&r=g","caption":"Claire-Andr\u00e9e Nobs"},"description":"Charg\u00e9e de projets insieme","url":"https:\/\/blog.insieme.ch\/fr\/author\/claire-andree-nobs\/"}]}},"featured_media_url":"https:\/\/blog.insieme.ch\/wp-inside\/uploads\/2023\/10\/proches-aidants_016-683x1024.jpg","_links":{"self":[{"href":"https:\/\/blog.insieme.ch\/fr\/wp-json\/wp\/v2\/posts\/5415","targetHints":{"allow":["GET"]}}],"collection":[{"href":"https:\/\/blog.insieme.ch\/fr\/wp-json\/wp\/v2\/posts"}],"about":[{"href":"https:\/\/blog.insieme.ch\/fr\/wp-json\/wp\/v2\/types\/post"}],"author":[{"embeddable":true,"href":"https:\/\/blog.insieme.ch\/fr\/wp-json\/wp\/v2\/users\/8"}],"replies":[{"embeddable":true,"href":"https:\/\/blog.insieme.ch\/fr\/wp-json\/wp\/v2\/comments?post=5415"}],"version-history":[{"count":19,"href":"https:\/\/blog.insieme.ch\/fr\/wp-json\/wp\/v2\/posts\/5415\/revisions"}],"predecessor-version":[{"id":5448,"href":"https:\/\/blog.insieme.ch\/fr\/wp-json\/wp\/v2\/posts\/5415\/revisions\/5448"}],"wp:featuredmedia":[{"embeddable":true,"href":"https:\/\/blog.insieme.ch\/fr\/wp-json\/wp\/v2\/media\/5460"}],"wp:attachment":[{"href":"https:\/\/blog.insieme.ch\/fr\/wp-json\/wp\/v2\/media?parent=5415"}],"wp:term":[{"taxonomy":"category","embeddable":true,"href":"https:\/\/blog.insieme.ch\/fr\/wp-json\/wp\/v2\/categories?post=5415"},{"taxonomy":"post_tag","embeddable":true,"href":"https:\/\/blog.insieme.ch\/fr\/wp-json\/wp\/v2\/tags?post=5415"}],"curies":[{"name":"wp","href":"https:\/\/api.w.org\/{rel}","templated":true}]}}