{"id":5161,"date":"2023-07-20T11:41:12","date_gmt":"2023-07-20T09:41:12","guid":{"rendered":"https:\/\/blog.insieme.ch\/?p=5161"},"modified":"2023-07-13T12:42:23","modified_gmt":"2023-07-13T10:42:23","slug":"comment-remplir-mon-bulletin-de-vote-ou-signer-celui-ci","status":"publish","type":"post","link":"https:\/\/blog.insieme.ch\/fr\/inclusion\/comment-remplir-mon-bulletin-de-vote-ou-signer-celui-ci\/","title":{"rendered":"Comment remplir mon bulletin de vote&#160;? O\u00f9 signer celui-ci&#160;?"},"content":{"rendered":"<p><!-- flzn:zn_pagebanner --><\/p>\n<header id=\"flzn-pagebanner-1\" class=\"zone zn-pagebanner is-alignfull with-bg bg-color is-bgc-yellow-light\"><span class=\"zone-bg bg-color bgc-yellow-light alignfull\"><\/span><\/p>\n<div class=\"zone-block zn-pagebanner-block alignfull va-center\"><\/div>\n<\/header>\n<p><!-- \/flzn:zn_pagebanner --><br \/>\n<!-- flzn:zn_text --><\/p>\n<div id=\"flzn-text-1\" class=\"zone zn-text is-alignwide\">\n<div class=\"zone-block zn-text-block alignwide va-top\">\n<div class=\"row mw-content-zone zn-text-row\">\n<div class=\"columns large-12\">\n<div class=\"row large-up-1 with-nice-alignment nbloc-1\">\n<div class=\"column zn-text-col\">\n<div class=\"column-inner\">\n<div class=\"wig-content mw-content\">\n<h4><strong>Les prochaines \u00e9lections f\u00e9d\u00e9rales auront lieu \u00e0 l\u2019automne. A cette occasion, les personnes vivant avec un handicap mental voteront \u00e9galement. En collaboration avec un groupe de personnes en situation de handicap mental, insieme et Capito Zurich ont ainsi d\u00e9cid\u00e9 d\u2019\u00e9laborer un guide contenant des explications pour voter en Facile \u00e0 lire et \u00e0 comprendre.<\/strong><\/h4>\n<p><!--more--><\/p>\n<p>Comment remplir mon bulletin de vote&#160;&#160;? O\u00f9 signer celui-ci&#160;&#160;? Ce sont quelques-unes des questions que se posent les personnes vivant avec un handicap mental lorsqu\u2019elles re\u00e7oivent leur mat\u00e9riel de vote. Pour r\u00e9pondre \u00e0 celles-ci et \u00e0 bien d\u2019autres, insieme est en train de mettre sur pied une brochure en Facile \u00e0 lire et \u00e0 comprendre (FALC), en collaboration avec un groupe de personnes en situation de handicap mental, expertes de leur propre domaine. Dans ce cadre, un premier atelier se tient ce samedi dans la tour de la d\u00e9mocratie du Polit-Forum \u00e0 Berne, tout proche du Palais f\u00e9d\u00e9ral.<\/p>\n<div id=\"attachment_5140\" class=\"wp-caption aligncenter\" style=\"width:100%;max-width:1024px\"><img decoding=\"async\" loading=\"lazy\" class=\"wp-image-5140 size-large\" src=\"https:\/\/blog.insieme.ch\/wp-inside\/uploads\/2023\/07\/ds93227-1024x682.jpg\" alt=\"\" width=\"1024\" height=\"682\" srcset=\"https:\/\/blog.insieme.ch\/wp-inside\/uploads\/2023\/07\/ds93227-1024x682.jpg 1024w, https:\/\/blog.insieme.ch\/wp-inside\/uploads\/2023\/07\/ds93227-300x200.jpg 300w, https:\/\/blog.insieme.ch\/wp-inside\/uploads\/2023\/07\/ds93227-768x512.jpg 768w, https:\/\/blog.insieme.ch\/wp-inside\/uploads\/2023\/07\/ds93227-1536x1024.jpg 1536w, https:\/\/blog.insieme.ch\/wp-inside\/uploads\/2023\/07\/ds93227-320x213.jpg 320w, https:\/\/blog.insieme.ch\/wp-inside\/uploads\/2023\/07\/ds93227-800x533.jpg 800w, https:\/\/blog.insieme.ch\/wp-inside\/uploads\/2023\/07\/ds93227-1920x1280.jpg 1920w, https:\/\/blog.insieme.ch\/wp-inside\/uploads\/2023\/07\/ds93227.jpg 2000w\" sizes=\"auto, (max-width: 1024px) 100vw, 1024px\" \/><\/p>\n<p class=\"wp-caption-text\">En collaboration avec un groupe de personnes en situation de handicap mental, insieme et Capito Zurich \u00e9laborent un guide contenant des explications pour voter en Facile \u00e0 lire et \u00e0 comprendre.\u00a9 Vera Markus<\/p>\n<\/div>\n<p>Autour de la premi\u00e8re, les discussions sur les illustrations de la brochure vont bon train&#160;&#160;: \u00ab&#160;&#160;Une illustration en couleur est plus facile \u00e0 comprendre qu\u2019une photo de la salle du Parlement. Il y a trop de choses sur la photo, cela d\u00e9tourne l\u2019attention&#160;&#160;\u00bb, explique Sabrina Gaetani. \u00ab&#160;&#160;La photo est plus simple \u00e0 comprendre mais elle pourrait \u00eatre un peu plus petite&#160;&#160;\u00bb, r\u00e9torque Andreas Rubin.<\/p>\n<blockquote>\n<p>\u00ab&#160;&#160;Une illustration en couleur est plus facile \u00e0 comprendre qu\u2019une photo de la salle du Parlement. Il y a trop de choses sur la photo, cela d\u00e9tourne l\u2019attention&#160;&#160;\u00bb<\/p>\n<\/blockquote>\n<p>Chris Sch\u00fctz trouve pour sa part l\u2019illustration mieux tandis que Christoph Linggi argumente en faveur de la photo&#160;&#160;: \u00ab&#160;&#160;A la t\u00e9l\u00e9vision, on voit toujours des prises de vue de la salle du Parlement, on la conna\u00eet comme \u00e7a, il y a un effet de reconnaissance.&#160;&#160;\u00bb Si la brochure doit \u00eatre r\u00e9dig\u00e9e en FALC, son aspect visuel est \u00e9galement important en termes d\u2019accessibilit\u00e9.<\/p>\n<blockquote>\n<p>Si la brochure doit \u00eatre r\u00e9dig\u00e9e en FALC, son aspect visuel est \u00e9galement important en termes d\u2019accessibilit\u00e9.<\/p>\n<\/blockquote>\n<p>La brochure doit en effet contribuer \u00e0 ce que les personnes qui ne comprennent pas les explications officielles des autorit\u00e9s puissent elles-m\u00eames remplir leur bulletin de vote. En 2019, lors des derni\u00e8res \u00e9lections, insieme Suisse avait d\u00e9j\u00e0 publi\u00e9 une brochure similaire. Celle-ci, ainsi que deux guides de vote de Capito servent de base au travail actuel. Reste \u00e0 savoir comment am\u00e9liorer la brochure 2023.<\/p>\n<p>&nbsp;<\/p>\n<div id=\"attachment_5142\" class=\"wp-caption aligncenter\" style=\"width:100%;max-width:1024px\"><img decoding=\"async\" loading=\"lazy\" class=\"wp-image-5142 size-large\" src=\"https:\/\/blog.insieme.ch\/wp-inside\/uploads\/2023\/07\/ds93329-1024x682.jpg\" alt=\"Une femme montre une brochure.\" width=\"1024\" height=\"682\" srcset=\"https:\/\/blog.insieme.ch\/wp-inside\/uploads\/2023\/07\/ds93329-1024x682.jpg 1024w, https:\/\/blog.insieme.ch\/wp-inside\/uploads\/2023\/07\/ds93329-300x200.jpg 300w, https:\/\/blog.insieme.ch\/wp-inside\/uploads\/2023\/07\/ds93329-768x512.jpg 768w, https:\/\/blog.insieme.ch\/wp-inside\/uploads\/2023\/07\/ds93329-1536x1024.jpg 1536w, https:\/\/blog.insieme.ch\/wp-inside\/uploads\/2023\/07\/ds93329-320x213.jpg 320w, https:\/\/blog.insieme.ch\/wp-inside\/uploads\/2023\/07\/ds93329-800x533.jpg 800w, https:\/\/blog.insieme.ch\/wp-inside\/uploads\/2023\/07\/ds93329-1920x1280.jpg 1920w, https:\/\/blog.insieme.ch\/wp-inside\/uploads\/2023\/07\/ds93329.jpg 2000w\" sizes=\"auto, (max-width: 1024px) 100vw, 1024px\" \/><\/p>\n<p class=\"wp-caption-text\">La brochure doit contribuer \u00e0 ce que les personnes qui ne comprennent pas les explications officielles des autorit\u00e9s puissent elles-m\u00eames remplir leur bulletin de vote.\u00a9 Vera Markus<\/p>\n<\/div>\n<p>Quels sujets faire figurer dans ce guide&#160;&#160;? C\u2019est la question que se posent les personnes r\u00e9unies autour de la deuxi\u00e8me table. Conseil national, Conseil des Etats, nombre de membres par chambre, t\u00e2ches du Parlement ainsi que partis politiques y sont expliqu\u00e9s. A la question de savoir quel bulletin de vote choisir entre un de taille originale ou un plus petit pour sa repr\u00e9sentation dans la brochure, Nelly Riesen \u00e9crit sur son ordinateur portable, via lequel elle communique&#160;&#160;: \u00ab&#160;&#160;Une esquisse claire suffit, le dessin du bulletin de vote ne doit pas \u00eatre de la m\u00eame taille que l\u2019original, la carte de la Suisse est aussi plus petite que la Suisse.&#160;&#160;\u00bb Quant \u00e0 la place laiss\u00e9e au texte, elle \u00e9crit&#160;&#160;: \u00ab&#160;&#160;Autant que n\u00e9cessaire.&#160;&#160;\u00bb Et Iwan Flury d\u2019ajouter&#160;&#160;: \u00ab&#160;&#160;Autant que n\u00e9cessaire, aussi peu que possible.&#160;&#160;\u00bb<\/p>\n<\/p><\/div>\n<\/p><\/div>\n<\/p><\/div>\n<\/p><\/div>\n<\/p><\/div>\n<\/p><\/div>\n<\/div>\n<\/div>\n<p><!-- \/flzn:zn_text --><br \/>\n<!-- flzn:zn_text --><\/p>\n<div id=\"flzn-text-2\" class=\"zone zn-text is-alignwide with-bg bg-color is-bgc-yellow-light\"><span class=\"zone-bg bg-color bgc-yellow-light alignfull\"><\/span><\/p>\n<div class=\"zone-block zn-text-block pdd-top-big pdd-bottom-big alignwide va-top\">\n<div class=\"row mw-content-zone zn-text-row\">\n<div class=\"columns large-12\">\n<div class=\"row large-up-1 with-nice-alignment nbloc-1\">\n<div class=\"column zn-text-col\">\n<div class=\"column-inner\">\n<div class=\"wig-content mw-content\">\n<h4 style=\"text-align: center;\">insieme revendique des droits politiques pour toutes et tous<\/h4>\n<p style=\"text-align: center;\">En 2019, avec son \u00ab&#160;&#160;Guide pour voter&#160;&#160;\u00bb en Facile \u00e0 lire et \u00e0 comprendre, insieme Suisse s\u2019\u00e9tait d\u00e9j\u00e0 engag\u00e9e pour le droit de vote des personnes en situation de handicap mental. Celui-ci s\u2019adressait explicitement aux personnes ayant le droit de vote et d\u2019\u00e9ligibilit\u00e9. L\u2019opinion publique avait alors \u00e9t\u00e9 sensibilis\u00e9e aux personnes exclues et aux raisons de cette exclusion. En Suisse, \u00e0 l\u2019heure actuelle, les personnes sous curatelle de port\u00e9e g\u00e9n\u00e9rale ne peuvent en effet pas exercer leurs droits politiques. Au niveau f\u00e9d\u00e9ral, elles ne peuvent ni voter ni \u00e9lire. Cette exclusion est inscrite \u00e0 l\u2019article 136 de la Constitution f\u00e9d\u00e9rale ainsi que dans la loi f\u00e9d\u00e9rale sur les droits politiques, qui stipule l\u2019exclusion des droits politique en cas de curatelle de port\u00e9e g\u00e9n\u00e9rale et de mandat pour cause d\u2019inaptitude. insieme Suisse s\u2019engage en faveur des droits politiques pour toutes et tous et exige que la situation juridique soit modifi\u00e9e afin d\u2019\u00eatre conforme \u00e0 la CDPH.<\/p>\n<\/p><\/div>\n<\/p><\/div>\n<\/p><\/div>\n<\/p><\/div>\n<\/p><\/div>\n<\/p><\/div>\n<\/div>\n<\/div>\n<p><!-- \/flzn:zn_text --><br \/>\n<!-- flzn:zn_text --><\/p>\n<div id=\"flzn-text-3\" class=\"zone zn-text is-alignwide\">\n<div class=\"zone-block zn-text-block pdd-top-big alignwide va-top\">\n<div class=\"row mw-content-zone zn-text-row\">\n<div class=\"columns large-12\">\n<div class=\"row large-up-1 with-nice-alignment nbloc-1\">\n<div class=\"column zn-text-col\">\n<div class=\"column-inner\">\n<div class=\"wig-content mw-content\">\n<h2 style=\"text-align: center;\"><strong>Un travail aussi exigeant qu\u2019important<\/strong><\/h2>\n<\/p><\/div>\n<\/p><\/div>\n<\/p><\/div>\n<\/p><\/div>\n<\/p><\/div>\n<\/p><\/div>\n<\/div>\n<\/div>\n<p><!-- \/flzn:zn_text --><br \/>\n<!-- flzn:zn_text --><\/p>\n<div id=\"flzn-text-4\" class=\"zone zn-text is-alignwide\">\n<div class=\"zone-block zn-text-block alignwide va-top\">\n<div class=\"row mw-content-zone zn-text-row\">\n<div class=\"columns large-12\">\n<div class=\"row with-nice-alignment nbloc-2 va-top\">\n<div class=\"columns large-6 zn-text-col\">\n<div class=\"columns-inner\">\n<div class=\"wig-content mw-content\">\n<p>Apr\u00e8s ce premier atelier, une d\u00e9cision est prise. Les questions suivantes doivent figurer dans cet ordre logique&#160;&#160;: pourquoi voter&#160;&#160;? Qui \u00e9lire (Conseil national, Conseil des Etats, partis)&#160;&#160;? Comment voter&#160;&#160;? Les termes ardus comme le panachage et le cumul doivent \u00eatre expliqu\u00e9s d\u00e8s le d\u00e9but, tandis que ceux de majorit\u00e9 ou de proportionnelle, car ils ne concernent pas le vote lui-m\u00eame, mais le d\u00e9pouillement des voix, ne seront expliqu\u00e9s qu\u2019en fin de brochure. Chaque sujet sera accompagn\u00e9 d\u2019une illustration et d\u2019un texte explicatif sur une double page.<\/p>\n<p>Enfin, Tabea M\u00fcndlein d\u2019insieme Suisse r\u00e9sume les questions ouvertes \u00e0 traiter lors de la prochaine r\u00e9union du groupe&#160;&#160;: \u00ab&#160;&#160;Une table des mati\u00e8res est-elle n\u00e9cessaire&#160;&#160;? Si oui, quelle quantit\u00e9 d\u2019informations doit y figurer&#160;&#160;? Faut-il un glossaire complet en fin de brochure&#160;&#160;?&#160;&#160;\u00bb<\/p>\n<p>&nbsp;<\/p>\n<\/p><\/div>\n<\/p><\/div>\n<\/p><\/div>\n<div class=\"columns large-6 zn-text-col\">\n<div class=\"columns-inner\">\n<div class=\"wig-content mw-content\">\n<p>Lors du prochain atelier, Capito pr\u00e9sentera une version provisoire du guide, et le groupe se penchera sur sa pertinence.<\/p>\n<p>\u00ab&#160;&#160;L\u2019\u00e9change et la collaboration avec le groupe permettent d\u2019obtenir de pr\u00e9cieux retours et d\u2019\u00e9laborer une brochure encore plus adapt\u00e9e aux besoins des personnes vivant avec un handicap mental. M\u00eame si les participant\u00b7e\u00b7s ont d\u00e9j\u00e0 \u00e9t\u00e9 \u00e9norm\u00e9ment impliqu\u00e9\u00b7e\u00b7s lors de l\u2019\u00e9laboration du guide 2019, toutes et tous nous transmettent de nouvelles suggestions d\u2019am\u00e9lioration.&#160;&#160;\u00bb, explique Jan Habegger d\u2019insieme Suisse<\/p>\n<\/p><\/div>\n<\/p><\/div>\n<\/p><\/div>\n<\/p><\/div>\n<\/p><\/div>\n<\/p><\/div>\n<\/div>\n<\/div>\n<p><!-- \/flzn:zn_text --><br \/>\n<!-- flzn:zn_gallery --><\/p>\n<div id=\"flzn-gallery-1\" class=\"zone zn-gallery is-alignwide\">\n<div class=\"zone-block zn-gallery-block alignwide va-top\">\n<div class=\"row mw-content-zone\">\n<div class=\"large-12 columns\">\n<div class=\"zn-gallery-list slick-slider galleryslider\">\n<div class=\"zn-gallery-item slick-item with-ratio\">\n<div class=\"zn-gallery-item-inner\">\n<p>\t\t\t\t\t\t\t\t\t\t\t\t\t<a class=\"swipebox\" href=\"https:\/\/blog.insieme.ch\/wp-inside\/uploads\/2023\/07\/ds93473-1920x1280.jpg\" title=\"\u00abLa photo est plus simple \u00e0 comprendre mais elle pourrait \u00eatre un peu plus petite\u00bb, r\u00e9torque Andreas Rubin. \u00a9 Vera Markus\n\" rel=\"galleryzone-flzn-gallery-1\"><\/p>\n<div class=\"imgbox\">\n\t\t\t\t\t\t\t\t\t\t\t\t\t\t\t\t\t\t<img decoding=\"async\" class=\"imgratio\" src=\"\/\/blog.insieme.ch\/wp-inside\/themes\/blog.insieme.ch\/assets\/images\/ratio-1280x600.png\" alt=\"\" width=\"0\" \/><br \/>\n\t\t\t\t\t\t\t\t\t\t\t\t\t\t\t\t\t\t<img decoding=\"async\" src=\"https:\/\/blog.insieme.ch\/wp-inside\/uploads\/2023\/07\/ds93473-e1689243157876.jpg\" alt=\"Un homme en rouge est assis sur une chaise.\" data-interchange=\"[https:\/\/blog.insieme.ch\/wp-inside\/uploads\/2023\/07\/ds93473-e1689243157876.jpg, small],[https:\/\/blog.insieme.ch\/wp-inside\/uploads\/2023\/07\/ds93473-1024x300.jpg, gsmall],[https:\/\/blog.insieme.ch\/wp-inside\/uploads\/2023\/07\/ds93473-1280x600.jpg, glarge],[https:\/\/blog.insieme.ch\/wp-inside\/uploads\/2023\/07\/ds93473-1280x600.jpg, xlarge],\"\/>\n\t\t\t\t\t\t\t\t<\/div>\n<p>\t\t\t\t\t\t\t\t\t\t\t\t\t<\/a>\n\t\t\t\t\t\t\t\t\t\t\t\t<\/div>\n<\/p><\/div>\n<div class=\"zn-gallery-item slick-item with-ratio with-ratio\">\n<div class=\"zn-gallery-item-inner\">\n<p>\t\t\t\t\t\t\t\t\t\t\t\t\t<a class=\"swipebox\" href=\"https:\/\/blog.insieme.ch\/wp-inside\/uploads\/2023\/07\/ds93274-1920x1280.jpg\" title=\"Quels sujets faire figurer dans ce guide? C\u2019est la question que se posent les personnes r\u00e9unies autour de la deuxi\u00e8me table. \u00a9 Vera Markus\n\" rel=\"galleryzone-flzn-gallery-1\"><\/p>\n<div class=\"imgbox\">\n\t\t\t\t\t\t\t\t\t\t\t\t\t\t\t\t\t\t<img decoding=\"async\" class=\"imgratio\" src=\"\/\/blog.insieme.ch\/wp-inside\/themes\/blog.insieme.ch\/assets\/images\/ratio-1280x600.png\" alt=\"\" width=\"0\" \/><br \/>\n\t\t\t\t\t\t\t\t\t\t\t\t\t\t\t\t\t\t<img decoding=\"async\" src=\"https:\/\/blog.insieme.ch\/wp-inside\/uploads\/2023\/07\/ds93274-425x250.jpg\" alt=\"Un homme assis autour d'une table l\u00e8ve la main.\" data-interchange=\"[https:\/\/blog.insieme.ch\/wp-inside\/uploads\/2023\/07\/ds93274-425x250.jpg, small],[https:\/\/blog.insieme.ch\/wp-inside\/uploads\/2023\/07\/ds93274-1024x300.jpg, gsmall],[https:\/\/blog.insieme.ch\/wp-inside\/uploads\/2023\/07\/ds93274-1280x600.jpg, glarge],[https:\/\/blog.insieme.ch\/wp-inside\/uploads\/2023\/07\/ds93274-1280x600.jpg, xlarge],\"\/>\n\t\t\t\t\t\t\t\t<\/div>\n<p>\t\t\t\t\t\t\t\t\t\t\t\t\t<\/a>\n\t\t\t\t\t\t\t\t\t\t\t\t<\/div>\n<\/p><\/div>\n<div class=\"zn-gallery-item slick-item with-ratio with-ratio with-ratio\">\n<div class=\"zn-gallery-item-inner\">\n<p>\t\t\t\t\t\t\t\t\t\t\t\t\t<a class=\"swipebox\" href=\"https:\/\/blog.insieme.ch\/wp-inside\/uploads\/2023\/07\/ds93177-1920x1280.jpg\" title=\"Comment remplir mon bulletin de vote? O\u00f9 signer celui-ci? \u00a9 Vera Markus\n\" rel=\"galleryzone-flzn-gallery-1\"><\/p>\n<div class=\"imgbox\">\n\t\t\t\t\t\t\t\t\t\t\t\t\t\t\t\t\t\t<img decoding=\"async\" class=\"imgratio\" src=\"\/\/blog.insieme.ch\/wp-inside\/themes\/blog.insieme.ch\/assets\/images\/ratio-1280x600.png\" alt=\"\" width=\"0\" \/><br \/>\n\t\t\t\t\t\t\t\t\t\t\t\t\t\t\t\t\t\t<img decoding=\"async\" src=\"https:\/\/blog.insieme.ch\/wp-inside\/uploads\/2023\/07\/ds93177-425x250.jpg\" alt=\"Plusieurs documents\" data-interchange=\"[https:\/\/blog.insieme.ch\/wp-inside\/uploads\/2023\/07\/ds93177-425x250.jpg, small],[https:\/\/blog.insieme.ch\/wp-inside\/uploads\/2023\/07\/ds93177-1024x300.jpg, gsmall],[https:\/\/blog.insieme.ch\/wp-inside\/uploads\/2023\/07\/ds93177-1280x600.jpg, glarge],[https:\/\/blog.insieme.ch\/wp-inside\/uploads\/2023\/07\/ds93177-1280x600.jpg, xlarge],\"\/>\n\t\t\t\t\t\t\t\t<\/div>\n<p>\t\t\t\t\t\t\t\t\t\t\t\t\t<\/a>\n\t\t\t\t\t\t\t\t\t\t\t\t<\/div>\n<\/p><\/div>\n<div class=\"zn-gallery-item slick-item with-ratio with-ratio with-ratio with-ratio\">\n<div class=\"zn-gallery-item-inner\">\n<p>\t\t\t\t\t\t\t\t\t\t\t\t\t<a class=\"swipebox\" href=\"https:\/\/blog.insieme.ch\/wp-inside\/uploads\/2023\/07\/ds93218-1920x1280.jpg\" title=\"Un premier atelier se tient ce samedi dans la tour de la d\u00e9mocratie du Polit-Forum \u00e0 Berne, tout proche du Palais f\u00e9d\u00e9ral. \u00a9 Vera Markus\n\" rel=\"galleryzone-flzn-gallery-1\"><\/p>\n<div class=\"imgbox\">\n\t\t\t\t\t\t\t\t\t\t\t\t\t\t\t\t\t\t<img decoding=\"async\" class=\"imgratio\" src=\"\/\/blog.insieme.ch\/wp-inside\/themes\/blog.insieme.ch\/assets\/images\/ratio-1280x600.png\" alt=\"\" width=\"0\" \/><br \/>\n\t\t\t\t\t\t\t\t\t\t\t\t\t\t\t\t\t\t<img decoding=\"async\" src=\"https:\/\/blog.insieme.ch\/wp-inside\/uploads\/2023\/07\/ds93218-425x250.jpg\" alt=\"Deux personnes se font face et discutent.\" data-interchange=\"[https:\/\/blog.insieme.ch\/wp-inside\/uploads\/2023\/07\/ds93218-425x250.jpg, small],[https:\/\/blog.insieme.ch\/wp-inside\/uploads\/2023\/07\/ds93218-1024x300.jpg, gsmall],[https:\/\/blog.insieme.ch\/wp-inside\/uploads\/2023\/07\/ds93218-1280x600.jpg, glarge],[https:\/\/blog.insieme.ch\/wp-inside\/uploads\/2023\/07\/ds93218-1280x600.jpg, xlarge],\"\/>\n\t\t\t\t\t\t\t\t<\/div>\n<p>\t\t\t\t\t\t\t\t\t\t\t\t\t<\/a>\n\t\t\t\t\t\t\t\t\t\t\t\t<\/div>\n<\/p><\/div>\n<\/p><\/div>\n<\/p><\/div>\n<\/p><\/div>\n<\/div>\n<\/div>\n<p><!-- \/flzn:zn_gallery --><\/p>\n","protected":false},"excerpt":{"rendered":"<p>Les prochaines \u00e9lections f\u00e9d\u00e9rales auront lieu \u00e0 l\u2019automne. A cette occasion, les personnes vivant avec un handicap mental voteront \u00e9galement. <\/p>\n","protected":false},"author":4,"featured_media":5159,"comment_status":"open","ping_status":"open","sticky":false,"template":"","format":"standard","meta":{"_acf_changed":false,"footnotes":""},"categories":[17],"tags":[41,44],"class_list":["post-5161","post","type-post","status-publish","format-standard","has-post-thumbnail","hentry","category-inclusion","tag-accompagnement","tag-politique","wp-sticky"],"acf":[],"yoast_head":"<!-- This site is optimized with the Yoast SEO plugin v27.5 - https:\/\/yoast.com\/product\/yoast-seo-wordpress\/ -->\n<title>Comment remplir mon bulletin de vote? O\u00f9 signer celui-ci?<\/title>\n<meta name=\"description\" content=\"Les prochaines \u00e9lections f\u00e9d\u00e9rales auront lieu \u00e0 l\u2019automne. A cette occasion, les personnes vivant avec un handicap mental voteront \u00e9galement.\" \/>\n<meta name=\"robots\" content=\"index, follow, max-snippet:-1, max-image-preview:large, max-video-preview:-1\" \/>\n<link rel=\"canonical\" href=\"https:\/\/blog.insieme.ch\/fr\/inclusion\/comment-remplir-mon-bulletin-de-vote-ou-signer-celui-ci\/\" \/>\n<meta property=\"og:locale\" content=\"fr_FR\" \/>\n<meta property=\"og:type\" content=\"article\" \/>\n<meta property=\"og:title\" content=\"Comment remplir mon bulletin de vote? O\u00f9 signer celui-ci?\" \/>\n<meta property=\"og:description\" content=\"Les prochaines \u00e9lections f\u00e9d\u00e9rales auront lieu \u00e0 l\u2019automne. A cette occasion, les personnes vivant avec un handicap mental voteront \u00e9galement.\" \/>\n<meta property=\"og:url\" content=\"https:\/\/blog.insieme.ch\/fr\/inclusion\/comment-remplir-mon-bulletin-de-vote-ou-signer-celui-ci\/\" \/>\n<meta property=\"og:site_name\" content=\"insieme Blog\" \/>\n<meta property=\"article:publisher\" content=\"https:\/\/www.facebook.com\/insiemeSuisse\/\" \/>\n<meta property=\"article:published_time\" content=\"2023-07-20T09:41:12+00:00\" \/>\n<meta property=\"og:image\" content=\"https:\/\/blog.insieme.ch\/wp-inside\/uploads\/2023\/07\/ds93330.jpg\" \/>\n\t<meta property=\"og:image:width\" content=\"2000\" \/>\n\t<meta property=\"og:image:height\" content=\"1333\" \/>\n\t<meta property=\"og:image:type\" content=\"image\/jpeg\" \/>\n<meta name=\"author\" content=\"Susanne Schanda\" \/>\n<meta name=\"twitter:card\" content=\"summary_large_image\" \/>\n<meta name=\"twitter:creator\" content=\"@insiemeSuisse\" \/>\n<meta name=\"twitter:site\" content=\"@insiemeSuisse\" \/>\n<meta name=\"twitter:label1\" content=\"\u00c9crit par\" \/>\n\t<meta name=\"twitter:data1\" content=\"Susanne Schanda\" \/>\n\t<meta name=\"twitter:label2\" content=\"Dur\u00e9e de lecture estim\u00e9e\" \/>\n\t<meta name=\"twitter:data2\" content=\"5 minutes\" \/>\n<script type=\"application\/ld+json\" class=\"yoast-schema-graph\">{\"@context\":\"https:\\\/\\\/schema.org\",\"@graph\":[{\"@type\":\"Article\",\"@id\":\"https:\\\/\\\/blog.insieme.ch\\\/fr\\\/inclusion\\\/comment-remplir-mon-bulletin-de-vote-ou-signer-celui-ci\\\/#article\",\"isPartOf\":{\"@id\":\"https:\\\/\\\/blog.insieme.ch\\\/fr\\\/inclusion\\\/comment-remplir-mon-bulletin-de-vote-ou-signer-celui-ci\\\/\"},\"author\":{\"name\":\"Susanne Schanda\",\"@id\":\"https:\\\/\\\/blog.insieme.ch\\\/fr\\\/#\\\/schema\\\/person\\\/9bdc666aa1d449943ed3e91c3bc6ac50\"},\"headline\":\"Comment remplir mon bulletin de vote&#160;? O\u00f9 signer celui-ci&#160;?\",\"datePublished\":\"2023-07-20T09:41:12+00:00\",\"mainEntityOfPage\":{\"@id\":\"https:\\\/\\\/blog.insieme.ch\\\/fr\\\/inclusion\\\/comment-remplir-mon-bulletin-de-vote-ou-signer-celui-ci\\\/\"},\"wordCount\":1046,\"commentCount\":0,\"publisher\":{\"@id\":\"https:\\\/\\\/blog.insieme.ch\\\/fr\\\/#organization\"},\"image\":{\"@id\":\"https:\\\/\\\/blog.insieme.ch\\\/fr\\\/inclusion\\\/comment-remplir-mon-bulletin-de-vote-ou-signer-celui-ci\\\/#primaryimage\"},\"thumbnailUrl\":\"https:\\\/\\\/blog.insieme.ch\\\/wp-inside\\\/uploads\\\/2023\\\/07\\\/ds93330.jpg\",\"keywords\":[\"Accompagnement\",\"Politique\"],\"articleSection\":[\"Inclusion\"],\"inLanguage\":\"fr-FR\",\"potentialAction\":[{\"@type\":\"CommentAction\",\"name\":\"Comment\",\"target\":[\"https:\\\/\\\/blog.insieme.ch\\\/fr\\\/inclusion\\\/comment-remplir-mon-bulletin-de-vote-ou-signer-celui-ci\\\/#respond\"]}]},{\"@type\":\"WebPage\",\"@id\":\"https:\\\/\\\/blog.insieme.ch\\\/fr\\\/inclusion\\\/comment-remplir-mon-bulletin-de-vote-ou-signer-celui-ci\\\/\",\"url\":\"https:\\\/\\\/blog.insieme.ch\\\/fr\\\/inclusion\\\/comment-remplir-mon-bulletin-de-vote-ou-signer-celui-ci\\\/\",\"name\":\"Comment remplir mon bulletin de vote? O\u00f9 signer celui-ci?\",\"isPartOf\":{\"@id\":\"https:\\\/\\\/blog.insieme.ch\\\/fr\\\/#website\"},\"primaryImageOfPage\":{\"@id\":\"https:\\\/\\\/blog.insieme.ch\\\/fr\\\/inclusion\\\/comment-remplir-mon-bulletin-de-vote-ou-signer-celui-ci\\\/#primaryimage\"},\"image\":{\"@id\":\"https:\\\/\\\/blog.insieme.ch\\\/fr\\\/inclusion\\\/comment-remplir-mon-bulletin-de-vote-ou-signer-celui-ci\\\/#primaryimage\"},\"thumbnailUrl\":\"https:\\\/\\\/blog.insieme.ch\\\/wp-inside\\\/uploads\\\/2023\\\/07\\\/ds93330.jpg\",\"datePublished\":\"2023-07-20T09:41:12+00:00\",\"description\":\"Les prochaines \u00e9lections f\u00e9d\u00e9rales auront lieu \u00e0 l\u2019automne. A cette occasion, les personnes vivant avec un handicap mental voteront \u00e9galement.\",\"breadcrumb\":{\"@id\":\"https:\\\/\\\/blog.insieme.ch\\\/fr\\\/inclusion\\\/comment-remplir-mon-bulletin-de-vote-ou-signer-celui-ci\\\/#breadcrumb\"},\"inLanguage\":\"fr-FR\",\"potentialAction\":[{\"@type\":\"ReadAction\",\"target\":[\"https:\\\/\\\/blog.insieme.ch\\\/fr\\\/inclusion\\\/comment-remplir-mon-bulletin-de-vote-ou-signer-celui-ci\\\/\"]}]},{\"@type\":\"ImageObject\",\"inLanguage\":\"fr-FR\",\"@id\":\"https:\\\/\\\/blog.insieme.ch\\\/fr\\\/inclusion\\\/comment-remplir-mon-bulletin-de-vote-ou-signer-celui-ci\\\/#primaryimage\",\"url\":\"https:\\\/\\\/blog.insieme.ch\\\/wp-inside\\\/uploads\\\/2023\\\/07\\\/ds93330.jpg\",\"contentUrl\":\"https:\\\/\\\/blog.insieme.ch\\\/wp-inside\\\/uploads\\\/2023\\\/07\\\/ds93330.jpg\",\"width\":2000,\"height\":1333,\"caption\":\"Insieme: Sitzung: Wahlanleitung in eichter Sprache Januar 2023 Foto: \u00a9 Vera Markus v.markus@bluewin.ch www.veramarkus.com\"},{\"@type\":\"BreadcrumbList\",\"@id\":\"https:\\\/\\\/blog.insieme.ch\\\/fr\\\/inclusion\\\/comment-remplir-mon-bulletin-de-vote-ou-signer-celui-ci\\\/#breadcrumb\",\"itemListElement\":[{\"@type\":\"ListItem\",\"position\":1,\"name\":\"Accueil\",\"item\":\"https:\\\/\\\/blog.insieme.ch\\\/fr\\\/\"},{\"@type\":\"ListItem\",\"position\":2,\"name\":\"Inclusion\",\"item\":\"https:\\\/\\\/blog.insieme.ch\\\/fr\\\/inclusion\\\/\"},{\"@type\":\"ListItem\",\"position\":3,\"name\":\"Comment remplir mon bulletin de vote? O\u00f9 signer celui-ci?\"}]},{\"@type\":\"WebSite\",\"@id\":\"https:\\\/\\\/blog.insieme.ch\\\/fr\\\/#website\",\"url\":\"https:\\\/\\\/blog.insieme.ch\\\/fr\\\/\",\"name\":\"insieme Blog\",\"description\":\"Alles ausser gew\u00f6hnlich\",\"publisher\":{\"@id\":\"https:\\\/\\\/blog.insieme.ch\\\/fr\\\/#organization\"},\"potentialAction\":[{\"@type\":\"SearchAction\",\"target\":{\"@type\":\"EntryPoint\",\"urlTemplate\":\"https:\\\/\\\/blog.insieme.ch\\\/fr\\\/?s={search_term_string}\"},\"query-input\":{\"@type\":\"PropertyValueSpecification\",\"valueRequired\":true,\"valueName\":\"search_term_string\"}}],\"inLanguage\":\"fr-FR\"},{\"@type\":\"Organization\",\"@id\":\"https:\\\/\\\/blog.insieme.ch\\\/fr\\\/#organization\",\"name\":\"insieme Blog\",\"url\":\"https:\\\/\\\/blog.insieme.ch\\\/fr\\\/\",\"logo\":{\"@type\":\"ImageObject\",\"inLanguage\":\"fr-FR\",\"@id\":\"https:\\\/\\\/blog.insieme.ch\\\/fr\\\/#\\\/schema\\\/logo\\\/image\\\/\",\"url\":\"https:\\\/\\\/blog.insieme.ch\\\/wp-inside\\\/uploads\\\/2021\\\/04\\\/logo-insieme-blog.png\",\"contentUrl\":\"https:\\\/\\\/blog.insieme.ch\\\/wp-inside\\\/uploads\\\/2021\\\/04\\\/logo-insieme-blog.png\",\"width\":280,\"height\":81,\"caption\":\"insieme Blog\"},\"image\":{\"@id\":\"https:\\\/\\\/blog.insieme.ch\\\/fr\\\/#\\\/schema\\\/logo\\\/image\\\/\"},\"sameAs\":[\"https:\\\/\\\/www.facebook.com\\\/insiemeSuisse\\\/\",\"https:\\\/\\\/x.com\\\/insiemeSuisse\"]},{\"@type\":\"Person\",\"@id\":\"https:\\\/\\\/blog.insieme.ch\\\/fr\\\/#\\\/schema\\\/person\\\/9bdc666aa1d449943ed3e91c3bc6ac50\",\"name\":\"Susanne Schanda\",\"image\":{\"@type\":\"ImageObject\",\"inLanguage\":\"fr-FR\",\"@id\":\"https:\\\/\\\/secure.gravatar.com\\\/avatar\\\/64193fc918460f85b6ec2e9ca238bd037ebbdc901ffd8e7e360e9b28cb18012a?s=96&d=mm&r=g\",\"url\":\"https:\\\/\\\/secure.gravatar.com\\\/avatar\\\/64193fc918460f85b6ec2e9ca238bd037ebbdc901ffd8e7e360e9b28cb18012a?s=96&d=mm&r=g\",\"contentUrl\":\"https:\\\/\\\/secure.gravatar.com\\\/avatar\\\/64193fc918460f85b6ec2e9ca238bd037ebbdc901ffd8e7e360e9b28cb18012a?s=96&d=mm&r=g\",\"caption\":\"Susanne Schanda\"},\"description\":\"Communication insieme\",\"url\":\"https:\\\/\\\/blog.insieme.ch\\\/fr\\\/author\\\/susanne-schanda\\\/\"}]}<\/script>\n<!-- \/ Yoast SEO plugin. -->","yoast_head_json":{"title":"Comment remplir mon bulletin de vote? O\u00f9 signer celui-ci?","description":"Les prochaines \u00e9lections f\u00e9d\u00e9rales auront lieu \u00e0 l\u2019automne. A cette occasion, les personnes vivant avec un handicap mental voteront \u00e9galement.","robots":{"index":"index","follow":"follow","max-snippet":"max-snippet:-1","max-image-preview":"max-image-preview:large","max-video-preview":"max-video-preview:-1"},"canonical":"https:\/\/blog.insieme.ch\/fr\/inclusion\/comment-remplir-mon-bulletin-de-vote-ou-signer-celui-ci\/","og_locale":"fr_FR","og_type":"article","og_title":"Comment remplir mon bulletin de vote? O\u00f9 signer celui-ci?","og_description":"Les prochaines \u00e9lections f\u00e9d\u00e9rales auront lieu \u00e0 l\u2019automne. A cette occasion, les personnes vivant avec un handicap mental voteront \u00e9galement.","og_url":"https:\/\/blog.insieme.ch\/fr\/inclusion\/comment-remplir-mon-bulletin-de-vote-ou-signer-celui-ci\/","og_site_name":"insieme Blog","article_publisher":"https:\/\/www.facebook.com\/insiemeSuisse\/","article_published_time":"2023-07-20T09:41:12+00:00","og_image":[{"width":2000,"height":1333,"url":"https:\/\/blog.insieme.ch\/wp-inside\/uploads\/2023\/07\/ds93330.jpg","type":"image\/jpeg"}],"author":"Susanne Schanda","twitter_card":"summary_large_image","twitter_creator":"@insiemeSuisse","twitter_site":"@insiemeSuisse","twitter_misc":{"\u00c9crit par":"Susanne Schanda","Dur\u00e9e de lecture estim\u00e9e":"5 minutes"},"schema":{"@context":"https:\/\/schema.org","@graph":[{"@type":"Article","@id":"https:\/\/blog.insieme.ch\/fr\/inclusion\/comment-remplir-mon-bulletin-de-vote-ou-signer-celui-ci\/#article","isPartOf":{"@id":"https:\/\/blog.insieme.ch\/fr\/inclusion\/comment-remplir-mon-bulletin-de-vote-ou-signer-celui-ci\/"},"author":{"name":"Susanne Schanda","@id":"https:\/\/blog.insieme.ch\/fr\/#\/schema\/person\/9bdc666aa1d449943ed3e91c3bc6ac50"},"headline":"Comment remplir mon bulletin de vote&#160;? O\u00f9 signer celui-ci&#160;?","datePublished":"2023-07-20T09:41:12+00:00","mainEntityOfPage":{"@id":"https:\/\/blog.insieme.ch\/fr\/inclusion\/comment-remplir-mon-bulletin-de-vote-ou-signer-celui-ci\/"},"wordCount":1046,"commentCount":0,"publisher":{"@id":"https:\/\/blog.insieme.ch\/fr\/#organization"},"image":{"@id":"https:\/\/blog.insieme.ch\/fr\/inclusion\/comment-remplir-mon-bulletin-de-vote-ou-signer-celui-ci\/#primaryimage"},"thumbnailUrl":"https:\/\/blog.insieme.ch\/wp-inside\/uploads\/2023\/07\/ds93330.jpg","keywords":["Accompagnement","Politique"],"articleSection":["Inclusion"],"inLanguage":"fr-FR","potentialAction":[{"@type":"CommentAction","name":"Comment","target":["https:\/\/blog.insieme.ch\/fr\/inclusion\/comment-remplir-mon-bulletin-de-vote-ou-signer-celui-ci\/#respond"]}]},{"@type":"WebPage","@id":"https:\/\/blog.insieme.ch\/fr\/inclusion\/comment-remplir-mon-bulletin-de-vote-ou-signer-celui-ci\/","url":"https:\/\/blog.insieme.ch\/fr\/inclusion\/comment-remplir-mon-bulletin-de-vote-ou-signer-celui-ci\/","name":"Comment remplir mon bulletin de vote? O\u00f9 signer celui-ci?","isPartOf":{"@id":"https:\/\/blog.insieme.ch\/fr\/#website"},"primaryImageOfPage":{"@id":"https:\/\/blog.insieme.ch\/fr\/inclusion\/comment-remplir-mon-bulletin-de-vote-ou-signer-celui-ci\/#primaryimage"},"image":{"@id":"https:\/\/blog.insieme.ch\/fr\/inclusion\/comment-remplir-mon-bulletin-de-vote-ou-signer-celui-ci\/#primaryimage"},"thumbnailUrl":"https:\/\/blog.insieme.ch\/wp-inside\/uploads\/2023\/07\/ds93330.jpg","datePublished":"2023-07-20T09:41:12+00:00","description":"Les prochaines \u00e9lections f\u00e9d\u00e9rales auront lieu \u00e0 l\u2019automne. A cette occasion, les personnes vivant avec un handicap mental voteront \u00e9galement.","breadcrumb":{"@id":"https:\/\/blog.insieme.ch\/fr\/inclusion\/comment-remplir-mon-bulletin-de-vote-ou-signer-celui-ci\/#breadcrumb"},"inLanguage":"fr-FR","potentialAction":[{"@type":"ReadAction","target":["https:\/\/blog.insieme.ch\/fr\/inclusion\/comment-remplir-mon-bulletin-de-vote-ou-signer-celui-ci\/"]}]},{"@type":"ImageObject","inLanguage":"fr-FR","@id":"https:\/\/blog.insieme.ch\/fr\/inclusion\/comment-remplir-mon-bulletin-de-vote-ou-signer-celui-ci\/#primaryimage","url":"https:\/\/blog.insieme.ch\/wp-inside\/uploads\/2023\/07\/ds93330.jpg","contentUrl":"https:\/\/blog.insieme.ch\/wp-inside\/uploads\/2023\/07\/ds93330.jpg","width":2000,"height":1333,"caption":"Insieme: Sitzung: Wahlanleitung in eichter Sprache Januar 2023 Foto: \u00a9 Vera Markus v.markus@bluewin.ch www.veramarkus.com"},{"@type":"BreadcrumbList","@id":"https:\/\/blog.insieme.ch\/fr\/inclusion\/comment-remplir-mon-bulletin-de-vote-ou-signer-celui-ci\/#breadcrumb","itemListElement":[{"@type":"ListItem","position":1,"name":"Accueil","item":"https:\/\/blog.insieme.ch\/fr\/"},{"@type":"ListItem","position":2,"name":"Inclusion","item":"https:\/\/blog.insieme.ch\/fr\/inclusion\/"},{"@type":"ListItem","position":3,"name":"Comment remplir mon bulletin de vote? O\u00f9 signer celui-ci?"}]},{"@type":"WebSite","@id":"https:\/\/blog.insieme.ch\/fr\/#website","url":"https:\/\/blog.insieme.ch\/fr\/","name":"insieme Blog","description":"Alles ausser gew\u00f6hnlich","publisher":{"@id":"https:\/\/blog.insieme.ch\/fr\/#organization"},"potentialAction":[{"@type":"SearchAction","target":{"@type":"EntryPoint","urlTemplate":"https:\/\/blog.insieme.ch\/fr\/?s={search_term_string}"},"query-input":{"@type":"PropertyValueSpecification","valueRequired":true,"valueName":"search_term_string"}}],"inLanguage":"fr-FR"},{"@type":"Organization","@id":"https:\/\/blog.insieme.ch\/fr\/#organization","name":"insieme Blog","url":"https:\/\/blog.insieme.ch\/fr\/","logo":{"@type":"ImageObject","inLanguage":"fr-FR","@id":"https:\/\/blog.insieme.ch\/fr\/#\/schema\/logo\/image\/","url":"https:\/\/blog.insieme.ch\/wp-inside\/uploads\/2021\/04\/logo-insieme-blog.png","contentUrl":"https:\/\/blog.insieme.ch\/wp-inside\/uploads\/2021\/04\/logo-insieme-blog.png","width":280,"height":81,"caption":"insieme Blog"},"image":{"@id":"https:\/\/blog.insieme.ch\/fr\/#\/schema\/logo\/image\/"},"sameAs":["https:\/\/www.facebook.com\/insiemeSuisse\/","https:\/\/x.com\/insiemeSuisse"]},{"@type":"Person","@id":"https:\/\/blog.insieme.ch\/fr\/#\/schema\/person\/9bdc666aa1d449943ed3e91c3bc6ac50","name":"Susanne Schanda","image":{"@type":"ImageObject","inLanguage":"fr-FR","@id":"https:\/\/secure.gravatar.com\/avatar\/64193fc918460f85b6ec2e9ca238bd037ebbdc901ffd8e7e360e9b28cb18012a?s=96&d=mm&r=g","url":"https:\/\/secure.gravatar.com\/avatar\/64193fc918460f85b6ec2e9ca238bd037ebbdc901ffd8e7e360e9b28cb18012a?s=96&d=mm&r=g","contentUrl":"https:\/\/secure.gravatar.com\/avatar\/64193fc918460f85b6ec2e9ca238bd037ebbdc901ffd8e7e360e9b28cb18012a?s=96&d=mm&r=g","caption":"Susanne Schanda"},"description":"Communication insieme","url":"https:\/\/blog.insieme.ch\/fr\/author\/susanne-schanda\/"}]}},"featured_media_url":"https:\/\/blog.insieme.ch\/wp-inside\/uploads\/2023\/07\/ds93330-1024x682.jpg","_links":{"self":[{"href":"https:\/\/blog.insieme.ch\/fr\/wp-json\/wp\/v2\/posts\/5161","targetHints":{"allow":["GET"]}}],"collection":[{"href":"https:\/\/blog.insieme.ch\/fr\/wp-json\/wp\/v2\/posts"}],"about":[{"href":"https:\/\/blog.insieme.ch\/fr\/wp-json\/wp\/v2\/types\/post"}],"author":[{"embeddable":true,"href":"https:\/\/blog.insieme.ch\/fr\/wp-json\/wp\/v2\/users\/4"}],"replies":[{"embeddable":true,"href":"https:\/\/blog.insieme.ch\/fr\/wp-json\/wp\/v2\/comments?post=5161"}],"version-history":[{"count":6,"href":"https:\/\/blog.insieme.ch\/fr\/wp-json\/wp\/v2\/posts\/5161\/revisions"}],"predecessor-version":[{"id":5168,"href":"https:\/\/blog.insieme.ch\/fr\/wp-json\/wp\/v2\/posts\/5161\/revisions\/5168"}],"wp:featuredmedia":[{"embeddable":true,"href":"https:\/\/blog.insieme.ch\/fr\/wp-json\/wp\/v2\/media\/5159"}],"wp:attachment":[{"href":"https:\/\/blog.insieme.ch\/fr\/wp-json\/wp\/v2\/media?parent=5161"}],"wp:term":[{"taxonomy":"category","embeddable":true,"href":"https:\/\/blog.insieme.ch\/fr\/wp-json\/wp\/v2\/categories?post=5161"},{"taxonomy":"post_tag","embeddable":true,"href":"https:\/\/blog.insieme.ch\/fr\/wp-json\/wp\/v2\/tags?post=5161"}],"curies":[{"name":"wp","href":"https:\/\/api.w.org\/{rel}","templated":true}]}}