{"id":4961,"date":"2023-05-25T14:35:29","date_gmt":"2023-05-25T12:35:29","guid":{"rendered":"https:\/\/blog.insieme.ch\/?p=4961"},"modified":"2023-05-25T14:35:30","modified_gmt":"2023-05-25T12:35:30","slug":"est-ce-que-ca-fait-peur","status":"publish","type":"post","link":"https:\/\/blog.insieme.ch\/fr\/loisirs\/est-ce-que-ca-fait-peur\/","title":{"rendered":"\u00ab&#160;Est-ce que \u00e7a fait peur&#160;?&#160;\u00bb"},"content":{"rendered":"<p><!-- flzn:zn_pagebanner --><\/p>\n<header id=\"flzn-pagebanner-1\" class=\"zone zn-pagebanner is-alignfull with-bg bg-color is-bgc-yellow-light\"><span class=\"zone-bg bg-color bgc-yellow-light alignfull\"><\/span><\/p>\n<div class=\"zone-block zn-pagebanner-block alignfull va-center\"><\/div>\n<\/header>\n<p><!-- \/flzn:zn_pagebanner --><br \/>\n<!-- flzn:zn_text --><\/p>\n<div id=\"flzn-text-1\" class=\"zone zn-text is-alignwide\">\n<div class=\"zone-block zn-text-block alignwide va-top\">\n<div class=\"row mw-content-zone zn-text-row\">\n<div class=\"columns large-12\">\n<div class=\"row large-up-1 with-nice-alignment nbloc-1\">\n<div class=\"column zn-text-col\">\n<div class=\"column-inner\">\n<div class=\"wig-content mw-content\">\n<h4><strong>Couleurs flamboyantes et chatoyantes et mouvements agiles, rythm\u00e9s aux sons des eighties. Tel \u00e9tait le programme de la pi\u00e8ce propos\u00e9e par la Com\u00e9die de Gen\u00e8ve. Une repr\u00e9sentation un peu sp\u00e9ciale, car propos\u00e9e sur un mode dit \u00ab&#160;&#160;relax&#160;&#160;\u00bb.<\/strong><\/h4>\n<p><!--more--><\/p>\n<p>\u00ab&#160;&#160;Aie&#160;&#160;! Oula&#160;&#160;!&#160;&#160;\u00bb, s\u2019exclame \u00e0 haute voix un des spectateurs, captiv\u00e9 par les mouvements d\u2019un danseur faisant mine de tomber au sol. Les d\u00e9cibels ne r\u00e9ussissent pas \u00e0 couvrir sa voix. Aujourd\u2019hui, la repr\u00e9sentation donn\u00e9e dans le cadre du Festival Antigel \u00e0 la Com\u00e9die de Gen\u00e8ve affiche complet.<\/p>\n<blockquote>\n<p>Dite \u00ab&#160;&#160;relax&#160;&#160;\u00bb, la repr\u00e9sentation se caract\u00e9rise par \u00ab&#160;&#160;des codes plus d\u00e9contract\u00e9s et bienveillants&#160;&#160;\u00bb.<\/p>\n<\/blockquote>\n<p>La particularit\u00e9 de celle-ci&#160;&#160;? Elle est \u00ab&#160;&#160;ouverte aux personnes extra-ordinaires&#160;&#160;\u00bb. C\u2019est ainsi que Florence Terki, charg\u00e9e d\u2019actions culturelles et r\u00e9f\u00e9rente inclusion au sein du th\u00e9\u00e2tre, entame son speech d\u2019introduction, avant l\u2019entr\u00e9e en sc\u00e8ne des artistes. Dite \u00ab&#160;&#160;relax&#160;&#160;\u00bb, la repr\u00e9sentation se caract\u00e9rise par \u00ab&#160;&#160;des codes plus d\u00e9contract\u00e9s et bienveillants&#160;&#160;\u00bb.<\/p>\n<p>&nbsp;<\/p>\n<div id=\"attachment_4962\" class=\"wp-caption aligncenter\" style=\"width:100%;max-width:850px\"><img decoding=\"async\" loading=\"lazy\" class=\"wp-image-4962 size-full\" src=\"https:\/\/blog.insieme.ch\/wp-inside\/uploads\/2023\/05\/relax_0011.jpg\" alt=\"Une femme tenant un micro fait un speech.\" width=\"850\" height=\"567\" srcset=\"https:\/\/blog.insieme.ch\/wp-inside\/uploads\/2023\/05\/relax_0011.jpg 850w, https:\/\/blog.insieme.ch\/wp-inside\/uploads\/2023\/05\/relax_0011-300x200.jpg 300w, https:\/\/blog.insieme.ch\/wp-inside\/uploads\/2023\/05\/relax_0011-768x512.jpg 768w, https:\/\/blog.insieme.ch\/wp-inside\/uploads\/2023\/05\/relax_0011-320x213.jpg 320w, https:\/\/blog.insieme.ch\/wp-inside\/uploads\/2023\/05\/relax_0011-800x534.jpg 800w\" sizes=\"auto, (max-width: 850px) 100vw, 850px\" \/><\/p>\n<p class=\"wp-caption-text\">Les repr\u00e9sentations relax sont \u00ab&#160;&#160;ouvertes aux personnes extra-ordinaires&#160;&#160;\u00bb, explique Florence Terki. \u00a9 insieme Suisse \/ Patrick Gill\u00e9ron-Lopreno<\/p>\n<\/div>\n<p>Concr\u00e8tement, on peut s\u2019exprimer \u00e0 haute voix, si l\u2019on en ressent le besoin. Parfois, des adaptations techniques sont apport\u00e9es&#160;&#160;: lumi\u00e8re pr\u00e9sente tout au long de la repr\u00e9sentation ou sons att\u00e9nu\u00e9s. Pour aider les personnes souhaitant quitter la salle, momentan\u00e9ment ou d\u00e9finitivement, des placeurs\u00b7euses sont pr\u00e9sent\u00b7e\u00b7s.<\/p>\n<p>&nbsp;<\/p>\n<p>&nbsp;<\/p>\n<\/p><\/div>\n<\/p><\/div>\n<\/p><\/div>\n<\/p><\/div>\n<\/p><\/div>\n<\/p><\/div>\n<\/div>\n<\/div>\n<p><!-- \/flzn:zn_text --><br \/>\n<!-- flzn:zn_text_img --><\/p>\n<div id=\"flzn-textimg-1\" class=\"zone zn-textimg is-alignwide with-bg bg-color is-bgc-yellow-light\"><span class=\"zone-bg bg-color bgc-yellow-light alignfull\"><\/span><\/p>\n<div class=\"zone-block zn-textimg-block pdd-top pdd-bottom-big alignwide va-center\">\n<div class=\"row\">\n<div class=\"columns large-12\">\n<div class=\"row with-nice-alignment zn-textimg-row va-center\" data-equalizer data-equalize-on=\"large\">\n<div class=\"columns large-6 zn-textimg-colimg\" data-equalizer-watch>\n<div class=\"columns-inner zn-textimg-col-inner\">\n<div class=\"zn-textimg-imgs\">\n\t\t\t\t\t\t\t\t\t\t\t\t\t\t\t\t\t\t\t\t\t\t\t<a class=\"zn-textimg-imgbox swipebox\" href=\"https:\/\/blog.insieme.ch\/wp-inside\/uploads\/2023\/05\/relax_0004.jpg\" title=\"Auparavant, Fr\u00e9d\u00e9ric K\u00e4ssler ne fr\u00e9quentait que peu les salles de th\u00e9\u00e2tre. \u00a9 insieme Suisse \/ Patrick Gill\u00e9ron-Lopreno \" rel=\"galleryzone-flzn-textimg-1\">\t\t\t\t\t\t\t\t<\/p>\n<figure class=\"zn-textimg-figure\">\n\t\t\t\t\t\t\t\t\t<img decoding=\"async\" class=\"zn-textimg-img\" src=\"https:\/\/blog.insieme.ch\/wp-inside\/uploads\/2023\/05\/relax_0004-800x530.jpg\" alt=\"Un homme pose l'index de sa main sur son menton.\"\/><figcaption class=\"zn-textimg-caption\">Auparavant, Fr\u00e9d\u00e9ric K\u00e4ssler ne fr\u00e9quentait que peu les salles de th\u00e9\u00e2tre. \u00a9 insieme Suisse \/ Patrick Gill\u00e9ron-Lopreno <\/figcaption><\/figure>\n<p>\t\t\t\t\t\t\t\t<\/a>\t\t\t\t\t\t\t\t\t\t\t\t\t<\/div>\n<\/p><\/div>\n<\/p><\/div>\n<div class=\"columns large-6 zn-textimg-coldesc\" data-equalizer-watch>\n<div class=\"columns-inner zn-textimg-descbox\">\n<div class=\"zn-textimg-desc wig-content\">\n<h2>\u00ab&#160;&#160;Est-ce que \u00e7a fait peur&#160;&#160;?&#160;&#160;\u00bb<\/h2>\n<p>Adapt\u00e9es \u00e0 un public le plus large possible, qu\u2019il vive ou non avec un handicap, la dimension inclusive est le fil conducteur des sorties relax. Parmi le public du jour, une trentaine de personnes en situation de handicap. Fr\u00e9d\u00e9ric K\u00e4ssler ne fr\u00e9quentait que peu les salles de th\u00e9\u00e2tre. \u00ab&#160;&#160;Le 4 novembre 2022, je suis all\u00e9 \u00e0 un spectacle pas relax du tout. J\u2019ai eu peur&#160;&#160;\u00bb, nous explique-t-il avant d\u2019entrer dans la Grande salle de la Com\u00e9die.<\/p>\n<p>&nbsp;<\/p>\n<\/div><\/div>\n<\/p><\/div>\n<\/p><\/div>\n<\/p><\/div>\n<\/p><\/div>\n<\/div>\n<\/div>\n<p><!-- \/flzn:zn_text_img --><br \/>\n<!-- flzn:zn_text --><\/p>\n<div id=\"flzn-text-2\" class=\"zone zn-text is-alignwide\">\n<div class=\"zone-block zn-text-block pdd-top-big alignwide va-top\">\n<div class=\"row mw-content-zone zn-text-row\">\n<div class=\"columns large-12\">\n<div class=\"row large-up-1 with-nice-alignment nbloc-1\">\n<div class=\"column zn-text-col\">\n<div class=\"column-inner\">\n<div class=\"wig-content mw-content\">\n<h2 style=\"text-align: center;\">Vaincre l&rsquo;appr\u00e9hension<\/h2>\n<\/p><\/div>\n<\/p><\/div>\n<\/p><\/div>\n<\/p><\/div>\n<\/p><\/div>\n<\/p><\/div>\n<\/div>\n<\/div>\n<p><!-- \/flzn:zn_text --><br \/>\n<!-- flzn:zn_text --><\/p>\n<div id=\"flzn-text-3\" class=\"zone zn-text is-alignwide\">\n<div class=\"zone-block zn-text-block alignwide va-top\">\n<div class=\"row mw-content-zone zn-text-row\">\n<div class=\"columns large-12\">\n<div class=\"row with-nice-alignment nbloc-2 va-top\">\n<div class=\"columns large-6 zn-text-col\">\n<div class=\"columns-inner\">\n<div class=\"wig-content mw-content\">\n<p>Une entr\u00e9e qui se fera sur un mode relax, via les sorties de secours, afin d\u2019\u00e9viter un stress suppl\u00e9mentaire&#160;&#160;: \u00ab&#160;&#160;Les places ne sont pas num\u00e9rot\u00e9es et tout le monde va s\u2019agglutiner devant les portes principales&#160;&#160;\u00bb, explique Florence Terki.<\/p>\n<p>Elle est aujourd\u2019hui accompagn\u00e9e de Pauline D\u00e9caillet, coordinatrice de l\u2019association \u00ab&#160;&#160;Relax sorties culturelles \u00e0 Gen\u00e8ve&#160;&#160;\u00bb, elles-m\u00eames coordonn\u00e9es par l\u2019association \u00ab&#160;&#160;Out of the box&#160;&#160;\u00bb.<\/p>\n<p><span style=\"font-size: inherit;\">\u00ab&#160;&#160;Mon p\u00e8re est vieux, puis-je venir avec lui&#160;&#160;?&#160;&#160;\u00bb ou encore \u00ab&#160;&#160;Est-ce que \u00e7a fait peur&#160;&#160;?&#160;&#160;\u00bb sont quelques-unes des interrogations auxquelles Pauline D\u00e9caillet est amen\u00e9e \u00e0 r\u00e9pondre.<\/span><\/p>\n<\/p><\/div>\n<\/p><\/div>\n<\/p><\/div>\n<div class=\"columns large-6 zn-text-col\">\n<div class=\"columns-inner\">\n<div class=\"wig-content mw-content\">\n<p><span style=\"font-size: inherit;\">C\u2019est pr\u00e9cis\u00e9ment pour vaincre une \u00e9ventuelle appr\u00e9hension qu\u2019un rep\u00e9rage des lieux en amont peut \u00eatre propos\u00e9 par la Com\u00e9die. Tout comme, pour les personnes avec un handicap mental, des parcours de m\u00e9diation visant \u00e0 expliquer plus en d\u00e9tails la th\u00e9matique de la pi\u00e8ce.<\/span><\/p>\n<p>La cadence et les refrains des morceaux du duo des ann\u00e9es 80 \u00e9chauffent la salle et les spectateurs\u00b7trices, atteignant une forme d\u2019apoth\u00e9ose avec <em>Shout<\/em>, un de ses morceaux phare.<\/p>\n<p>&nbsp;<\/p>\n<\/p><\/div>\n<\/p><\/div>\n<\/p><\/div>\n<\/p><\/div>\n<\/p><\/div>\n<\/p><\/div>\n<\/div>\n<\/div>\n<p><!-- \/flzn:zn_text --><br \/>\n<!-- flzn:zn_text_img --><\/p>\n<div id=\"flzn-textimg-2\" class=\"zone zn-textimg is-alignwide with-bg bg-color is-bgc-yellow-light\"><span class=\"zone-bg bg-color bgc-yellow-light alignfull\"><\/span><\/p>\n<div class=\"zone-block zn-textimg-block alignwide va-center\">\n<div class=\"row\">\n<div class=\"columns large-12\">\n<div class=\"row with-nice-alignment zn-textimg-row va-center\" data-equalizer data-equalize-on=\"large\">\n<div class=\"columns large-6 large-push-6 zn-textimg-colimg\" data-equalizer-watch>\n<div class=\"columns-inner zn-textimg-col-inner\">\n<div class=\"zn-textimg-imgs\">\n\t\t\t\t\t\t\t\t\t\t\t\t\t\t\t\t\t\t\t\t\t\t\t<a class=\"zn-textimg-imgbox swipebox\" href=\"https:\/\/blog.insieme.ch\/wp-inside\/uploads\/2023\/05\/relax_0019.jpg\" title=\"Filipe Ambriel Machado se rend parfois \u00e0 des sorties non-relax. \u00a9 insieme Suisse \/ Patrick Gill\u00e9ron-Lopreno \" rel=\"galleryzone-flzn-textimg-2\">\t\t\t\t\t\t\t\t<\/p>\n<figure class=\"zn-textimg-figure\">\n\t\t\t\t\t\t\t\t\t<img decoding=\"async\" class=\"zn-textimg-img\" src=\"https:\/\/blog.insieme.ch\/wp-inside\/uploads\/2023\/05\/relax_0019-800x530.jpg\" alt=\"\"\/><figcaption class=\"zn-textimg-caption\">Filipe Ambriel Machado se rend parfois \u00e0 des sorties non-relax. \u00a9 insieme Suisse \/ Patrick Gill\u00e9ron-Lopreno <\/figcaption><\/figure>\n<p>\t\t\t\t\t\t\t\t<\/a>\t\t\t\t\t\t\t\t\t\t\t\t\t<\/div>\n<\/p><\/div>\n<\/p><\/div>\n<div class=\"columns large-6 large-pull-6 zn-textimg-coldesc\" data-equalizer-watch>\n<div class=\"columns-inner zn-textimg-descbox\">\n<div class=\"zn-textimg-desc wig-content\">\n<h2>De rares p\u00e9rip\u00e9ties<\/h2>\n<p>\u00ab&#160;&#160;La musique \u00e9tait presque trop forte. Mais je me souviens surtout de cette chanson&#160;&#160;\u00bb, r\u00e9sume en fin de repr\u00e9sentation Filipe Ambriel Machado. Iel*, d\u00e9signation express\u00e9ment choisie par la personne en question, se rend \u00e9galement \u00e0 des sorties non-relax, o\u00f9 d\u00e9plore-t-iel, \u00ab&#160;&#160;le silence du spectateur fait foi&#160;&#160;\u00bb.<\/p>\n<p>Des p\u00e9rip\u00e9ties peuvent toutefois survenir, comme la fois o\u00f9 un jeune homme a fait des fausses routes&#160;&#160;: \u00ab&#160;&#160;C\u2019\u00e9tait impressionnant pour les personnes dans la salle, mais tout a parfaitement \u00e9t\u00e9 g\u00e9r\u00e9&#160;&#160;\u00bb, se souvient Florence Terki.<\/p>\n<p><em>* 3e pers. sing. d\u00e9signant les personnes sans distinction de genre<\/em><\/p>\n<\/div><\/div>\n<\/p><\/div>\n<\/p><\/div>\n<\/p><\/div>\n<\/p><\/div>\n<\/div>\n<\/div>\n<p><!-- \/flzn:zn_text_img --><br \/>\n<!-- flzn:zn_text --><\/p>\n<div id=\"flzn-text-4\" class=\"zone zn-text is-alignwide\">\n<div class=\"zone-block zn-text-block pdd-top-big pdd-bottom-off alignwide va-top\">\n<div class=\"row mw-content-zone zn-text-row\">\n<div class=\"columns large-12\">\n<div class=\"row large-up-1 with-nice-alignment nbloc-1\">\n<div class=\"column zn-text-col\">\n<div class=\"column-inner\">\n<div class=\"wig-content mw-content\">\n<h2 style=\"text-align: center;\">Une dimension inclusive tr\u00e8s appr\u00e9ci\u00e9e<\/h2>\n<p>\u00ab&#160;&#160;Les sorties relax, c\u2019est merveilleux&#160;&#160;! Cela devrait \u00eatre normal&#160;&#160;!&#160;&#160;\u00bb, s\u2019enthousiasme Charlotte Maas, qui assiste pour la troisi\u00e8me fois \u00e0 un spectacle de ce type. Venue en compagnie de son fr\u00e8re Anthony, hypersensible sensoriel, elle en appr\u00e9cie la dimension inclusive.<\/p>\n<\/p><\/div>\n<\/p><\/div>\n<\/p><\/div>\n<\/p><\/div>\n<\/p><\/div>\n<\/p><\/div>\n<\/div>\n<\/div>\n<p><!-- \/flzn:zn_text --><br \/>\n<!-- flzn:zn_image --><\/p>\n<div id=\"flzn-image-1\" class=\"zone zn-image is-alignwide\">\n<div class=\"zone-block zn-image-block alignwide va-top\">\n<div class=\"row one-img\">\n<div class=\"columns large-12\">\n<div class=\"row with-nice-alignment va-top\">\n<div class=\"columns large-12 zn-image-col\">\n<div class=\"columns-inner zn-image-col-inner\">\n\t\t\t\t\t\t\t<a class=\"zn-image-imgbox swipebox\" href=\"https:\/\/blog.insieme.ch\/wp-inside\/uploads\/2023\/05\/relax_0026.jpg\" title=\"Charlotte Maas a assist\u00e9 \u00e0 la pi\u00e8ce en compagnie de son fr\u00e8re Anthony. \u00a9 insieme Suisse \/ Patrick Gill\u00e9ron-Lopreno\" rel=\"galleryzone-flzn-image-1\">\t\t\t\t\t\t\t<\/p>\n<figure class=\"zn-image-figure\">\n\t\t\t\t\t\t\t\t<img decoding=\"async\" class=\"zn-image-img\" src=\"https:\/\/blog.insieme.ch\/wp-inside\/uploads\/2023\/05\/relax_0026.jpg\" alt=\"\" \/><figcaption class=\"zn-image-caption\">Charlotte Maas a assist\u00e9 \u00e0 la pi\u00e8ce en compagnie de son fr\u00e8re Anthony. \u00a9 insieme Suisse \/ Patrick Gill\u00e9ron-Lopreno <\/figcaption><\/figure>\n<p>\t\t\t\t\t\t\t<\/a>\t\t\t\t\t\t<\/div>\n<\/p><\/div>\n<\/p><\/div>\n<\/p><\/div>\n<\/p><\/div>\n<\/div>\n<\/div>\n<p><!-- \/flzn:zn_image --><br \/>\n<!-- flzn:zn_text --><\/p>\n<div id=\"flzn-text-5\" class=\"zone zn-text is-alignwide with-bg bg-color is-bgc-yellow-light\"><span class=\"zone-bg bg-color bgc-yellow-light alignfull\"><\/span><\/p>\n<div class=\"zone-block zn-text-block alignwide va-top\">\n<div class=\"row mw-content-zone zn-text-row\">\n<div class=\"columns large-12\">\n<div class=\"row large-up-1 with-nice-alignment nbloc-1\">\n<div class=\"column zn-text-col\">\n<div class=\"column-inner\">\n<div class=\"wig-content mw-content\">\n<h2 style=\"text-align: center;\"><strong>Avis aux amateurs\u00b7trices de culture accessible<\/strong><\/h2>\n<p style=\"text-align: center;\">Depuis 2021, ann\u00e9e de transfert de la Com\u00e9die dans un nouveau b\u00e2timent accessible, des pi\u00e8ces adapt\u00e9es y sont propos\u00e9es lors de chaque saison. Avis aux amateurs\u00b7trices de culture accessible&#160;&#160;: la saison 2023-24 de la Com\u00e9die, porteuse du label \u00ab&#160;&#160;Culture inclusive&#160;&#160;\u00bb, promet d\u2019\u00eatre riche en repr\u00e9sentations relax.<\/p>\n<p>&nbsp;<\/p>\n<p>&nbsp;<\/p>\n<p>&nbsp;<\/p>\n<\/p><\/div>\n<\/p><\/div>\n<\/p><\/div>\n<\/p><\/div>\n<\/p><\/div>\n<\/p><\/div>\n<\/div>\n<\/div>\n<p><!-- \/flzn:zn_text --><\/p>\n","protected":false},"excerpt":{"rendered":"<p>Adapt\u00e9es \u00e0 un public le plus large possible, qu\u2019il vive ou non avec un handicap, la dimension inclusive est le fil conducteur des sorties relax.<\/p>\n","protected":false},"author":2,"featured_media":4964,"comment_status":"open","ping_status":"open","sticky":false,"template":"","format":"standard","meta":{"_acf_changed":false,"footnotes":""},"categories":[17,23],"tags":[84,102,85,49],"class_list":["post-4961","post","type-post","status-publish","format-standard","has-post-thumbnail","hentry","category-inclusion","category-loisirs","tag-accessibilite","tag-art","tag-innovation","tag-plaisir","wp-sticky"],"acf":[],"yoast_head":"<!-- This site is optimized with the Yoast SEO plugin v27.5 - https:\/\/yoast.com\/product\/yoast-seo-wordpress\/ -->\n<title>\u00abEst-ce que \u00e7a fait peur?\u00bb<\/title>\n<meta name=\"description\" content=\"Reportage lors d&#039;une pi\u00e8ce propos\u00e9e par la Com\u00e9die de Gen\u00e8ve. Une repr\u00e9sentation un peu sp\u00e9ciale, car propos\u00e9e sur un mode dit &quot;relax&quot;.\" \/>\n<meta name=\"robots\" content=\"index, follow, max-snippet:-1, max-image-preview:large, max-video-preview:-1\" \/>\n<link rel=\"canonical\" href=\"https:\/\/blog.insieme.ch\/fr\/loisirs\/est-ce-que-ca-fait-peur\/\" \/>\n<meta property=\"og:locale\" content=\"fr_FR\" \/>\n<meta property=\"og:type\" content=\"article\" \/>\n<meta property=\"og:title\" content=\"\u00abEst-ce que \u00e7a fait peur?\u00bb\" \/>\n<meta property=\"og:description\" content=\"Reportage lors d&#039;une pi\u00e8ce propos\u00e9e par la Com\u00e9die de Gen\u00e8ve. Une repr\u00e9sentation un peu sp\u00e9ciale, car propos\u00e9e sur un mode dit &quot;relax&quot;.\" \/>\n<meta property=\"og:url\" content=\"https:\/\/blog.insieme.ch\/fr\/loisirs\/est-ce-que-ca-fait-peur\/\" \/>\n<meta property=\"og:site_name\" content=\"insieme Blog\" \/>\n<meta property=\"article:publisher\" content=\"https:\/\/www.facebook.com\/insiemeSuisse\/\" \/>\n<meta property=\"article:published_time\" content=\"2023-05-25T12:35:29+00:00\" \/>\n<meta property=\"article:modified_time\" content=\"2023-05-25T12:35:30+00:00\" \/>\n<meta property=\"og:image\" content=\"https:\/\/blog.insieme.ch\/wp-inside\/uploads\/2023\/05\/relax_0004.jpg\" \/>\n\t<meta property=\"og:image:width\" content=\"850\" \/>\n\t<meta property=\"og:image:height\" content=\"567\" \/>\n\t<meta property=\"og:image:type\" content=\"image\/jpeg\" \/>\n<meta name=\"author\" content=\"Lise Tran\" \/>\n<meta name=\"twitter:card\" content=\"summary_large_image\" \/>\n<meta name=\"twitter:creator\" content=\"@insiemeSuisse\" \/>\n<meta name=\"twitter:site\" content=\"@insiemeSuisse\" \/>\n<meta name=\"twitter:label1\" content=\"\u00c9crit par\" \/>\n\t<meta name=\"twitter:data1\" content=\"Lise Tran\" \/>\n\t<meta name=\"twitter:label2\" content=\"Dur\u00e9e de lecture estim\u00e9e\" \/>\n\t<meta name=\"twitter:data2\" content=\"4 minutes\" \/>\n<script type=\"application\/ld+json\" class=\"yoast-schema-graph\">{\"@context\":\"https:\\\/\\\/schema.org\",\"@graph\":[{\"@type\":\"Article\",\"@id\":\"https:\\\/\\\/blog.insieme.ch\\\/fr\\\/loisirs\\\/est-ce-que-ca-fait-peur\\\/#article\",\"isPartOf\":{\"@id\":\"https:\\\/\\\/blog.insieme.ch\\\/fr\\\/loisirs\\\/est-ce-que-ca-fait-peur\\\/\"},\"author\":{\"name\":\"Lise Tran\",\"@id\":\"https:\\\/\\\/blog.insieme.ch\\\/fr\\\/#\\\/schema\\\/person\\\/3221ad8fe089e1e3b6f9a5ea253e648c\"},\"headline\":\"\u00ab&#160;Est-ce que \u00e7a fait peur&#160;?&#160;\u00bb\",\"datePublished\":\"2023-05-25T12:35:29+00:00\",\"dateModified\":\"2023-05-25T12:35:30+00:00\",\"mainEntityOfPage\":{\"@id\":\"https:\\\/\\\/blog.insieme.ch\\\/fr\\\/loisirs\\\/est-ce-que-ca-fait-peur\\\/\"},\"wordCount\":818,\"commentCount\":0,\"publisher\":{\"@id\":\"https:\\\/\\\/blog.insieme.ch\\\/fr\\\/#organization\"},\"image\":{\"@id\":\"https:\\\/\\\/blog.insieme.ch\\\/fr\\\/loisirs\\\/est-ce-que-ca-fait-peur\\\/#primaryimage\"},\"thumbnailUrl\":\"https:\\\/\\\/blog.insieme.ch\\\/wp-inside\\\/uploads\\\/2023\\\/05\\\/relax_0004.jpg\",\"keywords\":[\"Accessibilit\u00e9\",\"Art\",\"Innovation\",\"Plaisir\"],\"articleSection\":[\"Inclusion\",\"Loisirs\"],\"inLanguage\":\"fr-FR\",\"potentialAction\":[{\"@type\":\"CommentAction\",\"name\":\"Comment\",\"target\":[\"https:\\\/\\\/blog.insieme.ch\\\/fr\\\/loisirs\\\/est-ce-que-ca-fait-peur\\\/#respond\"]}]},{\"@type\":\"WebPage\",\"@id\":\"https:\\\/\\\/blog.insieme.ch\\\/fr\\\/loisirs\\\/est-ce-que-ca-fait-peur\\\/\",\"url\":\"https:\\\/\\\/blog.insieme.ch\\\/fr\\\/loisirs\\\/est-ce-que-ca-fait-peur\\\/\",\"name\":\"\u00abEst-ce que \u00e7a fait peur?\u00bb\",\"isPartOf\":{\"@id\":\"https:\\\/\\\/blog.insieme.ch\\\/fr\\\/#website\"},\"primaryImageOfPage\":{\"@id\":\"https:\\\/\\\/blog.insieme.ch\\\/fr\\\/loisirs\\\/est-ce-que-ca-fait-peur\\\/#primaryimage\"},\"image\":{\"@id\":\"https:\\\/\\\/blog.insieme.ch\\\/fr\\\/loisirs\\\/est-ce-que-ca-fait-peur\\\/#primaryimage\"},\"thumbnailUrl\":\"https:\\\/\\\/blog.insieme.ch\\\/wp-inside\\\/uploads\\\/2023\\\/05\\\/relax_0004.jpg\",\"datePublished\":\"2023-05-25T12:35:29+00:00\",\"dateModified\":\"2023-05-25T12:35:30+00:00\",\"description\":\"Reportage lors d'une pi\u00e8ce propos\u00e9e par la Com\u00e9die de Gen\u00e8ve. Une repr\u00e9sentation un peu sp\u00e9ciale, car propos\u00e9e sur un mode dit \\\"relax\\\".\",\"breadcrumb\":{\"@id\":\"https:\\\/\\\/blog.insieme.ch\\\/fr\\\/loisirs\\\/est-ce-que-ca-fait-peur\\\/#breadcrumb\"},\"inLanguage\":\"fr-FR\",\"potentialAction\":[{\"@type\":\"ReadAction\",\"target\":[\"https:\\\/\\\/blog.insieme.ch\\\/fr\\\/loisirs\\\/est-ce-que-ca-fait-peur\\\/\"]}]},{\"@type\":\"ImageObject\",\"inLanguage\":\"fr-FR\",\"@id\":\"https:\\\/\\\/blog.insieme.ch\\\/fr\\\/loisirs\\\/est-ce-que-ca-fait-peur\\\/#primaryimage\",\"url\":\"https:\\\/\\\/blog.insieme.ch\\\/wp-inside\\\/uploads\\\/2023\\\/05\\\/relax_0004.jpg\",\"contentUrl\":\"https:\\\/\\\/blog.insieme.ch\\\/wp-inside\\\/uploads\\\/2023\\\/05\\\/relax_0004.jpg\",\"width\":850,\"height\":567,\"caption\":\"Auparavant, Fr\u00e9d\u00e9ric K\u00e4ssler ne fr\u00e9quentait que peu les salles de th\u00e9\u00e2tre. \u00a9 insieme Suisse \\\/ Patrick Gill\u00e9ron-Lopreno\"},{\"@type\":\"BreadcrumbList\",\"@id\":\"https:\\\/\\\/blog.insieme.ch\\\/fr\\\/loisirs\\\/est-ce-que-ca-fait-peur\\\/#breadcrumb\",\"itemListElement\":[{\"@type\":\"ListItem\",\"position\":1,\"name\":\"Accueil\",\"item\":\"https:\\\/\\\/blog.insieme.ch\\\/fr\\\/\"},{\"@type\":\"ListItem\",\"position\":2,\"name\":\"Loisirs\",\"item\":\"https:\\\/\\\/blog.insieme.ch\\\/fr\\\/loisirs\\\/\"},{\"@type\":\"ListItem\",\"position\":3,\"name\":\"\u00ab&#160;Est-ce que \u00e7a fait peur&#160;?&#160;\u00bb\"}]},{\"@type\":\"WebSite\",\"@id\":\"https:\\\/\\\/blog.insieme.ch\\\/fr\\\/#website\",\"url\":\"https:\\\/\\\/blog.insieme.ch\\\/fr\\\/\",\"name\":\"insieme Blog\",\"description\":\"Alles ausser gew\u00f6hnlich\",\"publisher\":{\"@id\":\"https:\\\/\\\/blog.insieme.ch\\\/fr\\\/#organization\"},\"potentialAction\":[{\"@type\":\"SearchAction\",\"target\":{\"@type\":\"EntryPoint\",\"urlTemplate\":\"https:\\\/\\\/blog.insieme.ch\\\/fr\\\/?s={search_term_string}\"},\"query-input\":{\"@type\":\"PropertyValueSpecification\",\"valueRequired\":true,\"valueName\":\"search_term_string\"}}],\"inLanguage\":\"fr-FR\"},{\"@type\":\"Organization\",\"@id\":\"https:\\\/\\\/blog.insieme.ch\\\/fr\\\/#organization\",\"name\":\"insieme Blog\",\"url\":\"https:\\\/\\\/blog.insieme.ch\\\/fr\\\/\",\"logo\":{\"@type\":\"ImageObject\",\"inLanguage\":\"fr-FR\",\"@id\":\"https:\\\/\\\/blog.insieme.ch\\\/fr\\\/#\\\/schema\\\/logo\\\/image\\\/\",\"url\":\"https:\\\/\\\/blog.insieme.ch\\\/wp-inside\\\/uploads\\\/2021\\\/04\\\/logo-insieme-blog.png\",\"contentUrl\":\"https:\\\/\\\/blog.insieme.ch\\\/wp-inside\\\/uploads\\\/2021\\\/04\\\/logo-insieme-blog.png\",\"width\":280,\"height\":81,\"caption\":\"insieme Blog\"},\"image\":{\"@id\":\"https:\\\/\\\/blog.insieme.ch\\\/fr\\\/#\\\/schema\\\/logo\\\/image\\\/\"},\"sameAs\":[\"https:\\\/\\\/www.facebook.com\\\/insiemeSuisse\\\/\",\"https:\\\/\\\/x.com\\\/insiemeSuisse\"]},{\"@type\":\"Person\",\"@id\":\"https:\\\/\\\/blog.insieme.ch\\\/fr\\\/#\\\/schema\\\/person\\\/3221ad8fe089e1e3b6f9a5ea253e648c\",\"name\":\"Lise Tran\",\"image\":{\"@type\":\"ImageObject\",\"inLanguage\":\"fr-FR\",\"@id\":\"https:\\\/\\\/secure.gravatar.com\\\/avatar\\\/4c1028ac8c35a45d0420275ec991fe6d9964020c33f7db80209f71a09cbfc3a8?s=96&d=mm&r=g\",\"url\":\"https:\\\/\\\/secure.gravatar.com\\\/avatar\\\/4c1028ac8c35a45d0420275ec991fe6d9964020c33f7db80209f71a09cbfc3a8?s=96&d=mm&r=g\",\"contentUrl\":\"https:\\\/\\\/secure.gravatar.com\\\/avatar\\\/4c1028ac8c35a45d0420275ec991fe6d9964020c33f7db80209f71a09cbfc3a8?s=96&d=mm&r=g\",\"caption\":\"Lise Tran\"},\"description\":\"Communication insieme\",\"url\":\"https:\\\/\\\/blog.insieme.ch\\\/fr\\\/author\\\/lise-tran\\\/\"}]}<\/script>\n<!-- \/ Yoast SEO plugin. -->","yoast_head_json":{"title":"\u00abEst-ce que \u00e7a fait peur?\u00bb","description":"Reportage lors d'une pi\u00e8ce propos\u00e9e par la Com\u00e9die de Gen\u00e8ve. Une repr\u00e9sentation un peu sp\u00e9ciale, car propos\u00e9e sur un mode dit \"relax\".","robots":{"index":"index","follow":"follow","max-snippet":"max-snippet:-1","max-image-preview":"max-image-preview:large","max-video-preview":"max-video-preview:-1"},"canonical":"https:\/\/blog.insieme.ch\/fr\/loisirs\/est-ce-que-ca-fait-peur\/","og_locale":"fr_FR","og_type":"article","og_title":"\u00abEst-ce que \u00e7a fait peur?\u00bb","og_description":"Reportage lors d'une pi\u00e8ce propos\u00e9e par la Com\u00e9die de Gen\u00e8ve. Une repr\u00e9sentation un peu sp\u00e9ciale, car propos\u00e9e sur un mode dit \"relax\".","og_url":"https:\/\/blog.insieme.ch\/fr\/loisirs\/est-ce-que-ca-fait-peur\/","og_site_name":"insieme Blog","article_publisher":"https:\/\/www.facebook.com\/insiemeSuisse\/","article_published_time":"2023-05-25T12:35:29+00:00","article_modified_time":"2023-05-25T12:35:30+00:00","og_image":[{"width":850,"height":567,"url":"https:\/\/blog.insieme.ch\/wp-inside\/uploads\/2023\/05\/relax_0004.jpg","type":"image\/jpeg"}],"author":"Lise Tran","twitter_card":"summary_large_image","twitter_creator":"@insiemeSuisse","twitter_site":"@insiemeSuisse","twitter_misc":{"\u00c9crit par":"Lise Tran","Dur\u00e9e de lecture estim\u00e9e":"4 minutes"},"schema":{"@context":"https:\/\/schema.org","@graph":[{"@type":"Article","@id":"https:\/\/blog.insieme.ch\/fr\/loisirs\/est-ce-que-ca-fait-peur\/#article","isPartOf":{"@id":"https:\/\/blog.insieme.ch\/fr\/loisirs\/est-ce-que-ca-fait-peur\/"},"author":{"name":"Lise Tran","@id":"https:\/\/blog.insieme.ch\/fr\/#\/schema\/person\/3221ad8fe089e1e3b6f9a5ea253e648c"},"headline":"\u00ab&#160;Est-ce que \u00e7a fait peur&#160;?&#160;\u00bb","datePublished":"2023-05-25T12:35:29+00:00","dateModified":"2023-05-25T12:35:30+00:00","mainEntityOfPage":{"@id":"https:\/\/blog.insieme.ch\/fr\/loisirs\/est-ce-que-ca-fait-peur\/"},"wordCount":818,"commentCount":0,"publisher":{"@id":"https:\/\/blog.insieme.ch\/fr\/#organization"},"image":{"@id":"https:\/\/blog.insieme.ch\/fr\/loisirs\/est-ce-que-ca-fait-peur\/#primaryimage"},"thumbnailUrl":"https:\/\/blog.insieme.ch\/wp-inside\/uploads\/2023\/05\/relax_0004.jpg","keywords":["Accessibilit\u00e9","Art","Innovation","Plaisir"],"articleSection":["Inclusion","Loisirs"],"inLanguage":"fr-FR","potentialAction":[{"@type":"CommentAction","name":"Comment","target":["https:\/\/blog.insieme.ch\/fr\/loisirs\/est-ce-que-ca-fait-peur\/#respond"]}]},{"@type":"WebPage","@id":"https:\/\/blog.insieme.ch\/fr\/loisirs\/est-ce-que-ca-fait-peur\/","url":"https:\/\/blog.insieme.ch\/fr\/loisirs\/est-ce-que-ca-fait-peur\/","name":"\u00abEst-ce que \u00e7a fait peur?\u00bb","isPartOf":{"@id":"https:\/\/blog.insieme.ch\/fr\/#website"},"primaryImageOfPage":{"@id":"https:\/\/blog.insieme.ch\/fr\/loisirs\/est-ce-que-ca-fait-peur\/#primaryimage"},"image":{"@id":"https:\/\/blog.insieme.ch\/fr\/loisirs\/est-ce-que-ca-fait-peur\/#primaryimage"},"thumbnailUrl":"https:\/\/blog.insieme.ch\/wp-inside\/uploads\/2023\/05\/relax_0004.jpg","datePublished":"2023-05-25T12:35:29+00:00","dateModified":"2023-05-25T12:35:30+00:00","description":"Reportage lors d'une pi\u00e8ce propos\u00e9e par la Com\u00e9die de Gen\u00e8ve. Une repr\u00e9sentation un peu sp\u00e9ciale, car propos\u00e9e sur un mode dit \"relax\".","breadcrumb":{"@id":"https:\/\/blog.insieme.ch\/fr\/loisirs\/est-ce-que-ca-fait-peur\/#breadcrumb"},"inLanguage":"fr-FR","potentialAction":[{"@type":"ReadAction","target":["https:\/\/blog.insieme.ch\/fr\/loisirs\/est-ce-que-ca-fait-peur\/"]}]},{"@type":"ImageObject","inLanguage":"fr-FR","@id":"https:\/\/blog.insieme.ch\/fr\/loisirs\/est-ce-que-ca-fait-peur\/#primaryimage","url":"https:\/\/blog.insieme.ch\/wp-inside\/uploads\/2023\/05\/relax_0004.jpg","contentUrl":"https:\/\/blog.insieme.ch\/wp-inside\/uploads\/2023\/05\/relax_0004.jpg","width":850,"height":567,"caption":"Auparavant, Fr\u00e9d\u00e9ric K\u00e4ssler ne fr\u00e9quentait que peu les salles de th\u00e9\u00e2tre. \u00a9 insieme Suisse \/ Patrick Gill\u00e9ron-Lopreno"},{"@type":"BreadcrumbList","@id":"https:\/\/blog.insieme.ch\/fr\/loisirs\/est-ce-que-ca-fait-peur\/#breadcrumb","itemListElement":[{"@type":"ListItem","position":1,"name":"Accueil","item":"https:\/\/blog.insieme.ch\/fr\/"},{"@type":"ListItem","position":2,"name":"Loisirs","item":"https:\/\/blog.insieme.ch\/fr\/loisirs\/"},{"@type":"ListItem","position":3,"name":"\u00ab&#160;Est-ce que \u00e7a fait peur&#160;?&#160;\u00bb"}]},{"@type":"WebSite","@id":"https:\/\/blog.insieme.ch\/fr\/#website","url":"https:\/\/blog.insieme.ch\/fr\/","name":"insieme Blog","description":"Alles ausser gew\u00f6hnlich","publisher":{"@id":"https:\/\/blog.insieme.ch\/fr\/#organization"},"potentialAction":[{"@type":"SearchAction","target":{"@type":"EntryPoint","urlTemplate":"https:\/\/blog.insieme.ch\/fr\/?s={search_term_string}"},"query-input":{"@type":"PropertyValueSpecification","valueRequired":true,"valueName":"search_term_string"}}],"inLanguage":"fr-FR"},{"@type":"Organization","@id":"https:\/\/blog.insieme.ch\/fr\/#organization","name":"insieme Blog","url":"https:\/\/blog.insieme.ch\/fr\/","logo":{"@type":"ImageObject","inLanguage":"fr-FR","@id":"https:\/\/blog.insieme.ch\/fr\/#\/schema\/logo\/image\/","url":"https:\/\/blog.insieme.ch\/wp-inside\/uploads\/2021\/04\/logo-insieme-blog.png","contentUrl":"https:\/\/blog.insieme.ch\/wp-inside\/uploads\/2021\/04\/logo-insieme-blog.png","width":280,"height":81,"caption":"insieme Blog"},"image":{"@id":"https:\/\/blog.insieme.ch\/fr\/#\/schema\/logo\/image\/"},"sameAs":["https:\/\/www.facebook.com\/insiemeSuisse\/","https:\/\/x.com\/insiemeSuisse"]},{"@type":"Person","@id":"https:\/\/blog.insieme.ch\/fr\/#\/schema\/person\/3221ad8fe089e1e3b6f9a5ea253e648c","name":"Lise Tran","image":{"@type":"ImageObject","inLanguage":"fr-FR","@id":"https:\/\/secure.gravatar.com\/avatar\/4c1028ac8c35a45d0420275ec991fe6d9964020c33f7db80209f71a09cbfc3a8?s=96&d=mm&r=g","url":"https:\/\/secure.gravatar.com\/avatar\/4c1028ac8c35a45d0420275ec991fe6d9964020c33f7db80209f71a09cbfc3a8?s=96&d=mm&r=g","contentUrl":"https:\/\/secure.gravatar.com\/avatar\/4c1028ac8c35a45d0420275ec991fe6d9964020c33f7db80209f71a09cbfc3a8?s=96&d=mm&r=g","caption":"Lise Tran"},"description":"Communication insieme","url":"https:\/\/blog.insieme.ch\/fr\/author\/lise-tran\/"}]}},"featured_media_url":"https:\/\/blog.insieme.ch\/wp-inside\/uploads\/2023\/05\/relax_0004.jpg","_links":{"self":[{"href":"https:\/\/blog.insieme.ch\/fr\/wp-json\/wp\/v2\/posts\/4961","targetHints":{"allow":["GET"]}}],"collection":[{"href":"https:\/\/blog.insieme.ch\/fr\/wp-json\/wp\/v2\/posts"}],"about":[{"href":"https:\/\/blog.insieme.ch\/fr\/wp-json\/wp\/v2\/types\/post"}],"author":[{"embeddable":true,"href":"https:\/\/blog.insieme.ch\/fr\/wp-json\/wp\/v2\/users\/2"}],"replies":[{"embeddable":true,"href":"https:\/\/blog.insieme.ch\/fr\/wp-json\/wp\/v2\/comments?post=4961"}],"version-history":[{"count":31,"href":"https:\/\/blog.insieme.ch\/fr\/wp-json\/wp\/v2\/posts\/4961\/revisions"}],"predecessor-version":[{"id":5017,"href":"https:\/\/blog.insieme.ch\/fr\/wp-json\/wp\/v2\/posts\/4961\/revisions\/5017"}],"wp:featuredmedia":[{"embeddable":true,"href":"https:\/\/blog.insieme.ch\/fr\/wp-json\/wp\/v2\/media\/4964"}],"wp:attachment":[{"href":"https:\/\/blog.insieme.ch\/fr\/wp-json\/wp\/v2\/media?parent=4961"}],"wp:term":[{"taxonomy":"category","embeddable":true,"href":"https:\/\/blog.insieme.ch\/fr\/wp-json\/wp\/v2\/categories?post=4961"},{"taxonomy":"post_tag","embeddable":true,"href":"https:\/\/blog.insieme.ch\/fr\/wp-json\/wp\/v2\/tags?post=4961"}],"curies":[{"name":"wp","href":"https:\/\/api.w.org\/{rel}","templated":true}]}}