{"id":4955,"date":"2023-05-11T17:13:48","date_gmt":"2023-05-11T15:13:48","guid":{"rendered":"https:\/\/blog.insieme.ch\/?p=4955"},"modified":"2023-05-11T17:13:49","modified_gmt":"2023-05-11T15:13:49","slug":"rendre-la-culture-accessible-a-toutes-et-tous","status":"publish","type":"post","link":"https:\/\/blog.insieme.ch\/fr\/falc\/rendre-la-culture-accessible-a-toutes-et-tous\/","title":{"rendered":"Rendre la culture accessible \u00e0 toutes et tous"},"content":{"rendered":"<p><!-- flzn:zn_pagebanner --><\/p>\n<header id=\"flzn-pagebanner-1\" class=\"zone zn-pagebanner is-alignfull with-bg bg-color is-bgc-yellow-light\"><span class=\"zone-bg bg-color bgc-yellow-light alignfull\"><\/span><\/p>\n<div class=\"zone-block zn-pagebanner-block alignfull va-center\"><\/div>\n<\/header>\n<p><!-- \/flzn:zn_pagebanner --><br \/>\n<!-- flzn:zn_text --><\/p>\n<div id=\"flzn-text-1\" class=\"zone zn-text is-alignwide\">\n<div class=\"zone-block zn-text-block alignwide va-top\">\n<div class=\"row mw-content-zone zn-text-row widthbig\">\n<div class=\"columns large-12\">\n<div class=\"row large-up-1 with-nice-alignment nbloc-1\">\n<div class=\"column zn-text-col\">\n<div class=\"column-inner\">\n<div class=\"wig-content mw-content\">\n<p>Vous aimez le th\u00e9\u00e2tre&#160;&#160;? Vous aimez aller au concert&#160;&#160;?<br \/>\nVous aimez visiter un mus\u00e9e ou un ch\u00e2teau&#160;&#160;?<\/p>\n<p><!--more--><\/p>\n<p>Alors vous aimez les <strong>activit\u00e9s culturelles<\/strong>. Elles font partie de la <strong>Culture<\/strong>.<\/p>\n<p>Mais la Culture est-elle vraiment inclusive, ouverte \u00e0 tout le monde&#160;&#160;?<\/p>\n<p>Trois experts et expertes en Falc (facile \u00e0 lire et \u00e0 comprendre) se sont pos\u00e9<br \/>\ncette question&#160;&#160;: la culture est-elle vraiment inclusive, ouverte \u00e0 tout le monde&#160;&#160;?<br \/>\nCes experts nous parlent de leur travail avec le <strong>Service Culture inclusive<\/strong><br \/>\nde Pro Infirmis.<\/p>\n<p><strong>\u00a0<\/strong><\/p>\n<p>Dans le canton de Neuch\u00e2tel, le service Culture inclusive<br \/>\na cr\u00e9\u00e9 un groupe de travail.<br \/>\nDans ce groupe, on parle des diff\u00e9rents lieux culturels dans le canton&#160;&#160;:<br \/>\npar exemple les th\u00e9\u00e2tres, les mus\u00e9es, les salles de concert.<br \/>\nOn regarde ensemble si ces lieux sont accessibles \u00e0 tous.<\/p>\n<p>Par exemple aux personnes en fauteuil roulant.<\/p>\n<p>Mais on regarde aussi si les <strong>informations <\/strong>dans les mus\u00e9es<br \/>\nou les <strong>programmes \u00e9crits<\/strong> sont faciles \u00e0 comprendre&#160;&#160;?<\/p>\n<p>Pour cela, dans le groupe du Service Culture inclusive,<br \/>\nil y a trois experts et expertes en FALC (facile \u00e0 lire et \u00e0 comprendre)&#160;&#160;:<br \/>\nAngelica Vouga, Florian di Cesare et J\u00e9r\u00e9my W\u00e4fler.<\/p>\n<p>&nbsp;<\/p>\n<div id=\"attachment_4953\" class=\"wp-caption aligncenter\" style=\"width:100%;max-width:1024px\"><img decoding=\"async\" loading=\"lazy\" class=\"wp-image-4953 size-large\" src=\"https:\/\/blog.insieme.ch\/wp-inside\/uploads\/2023\/05\/culture-inclusive-ne-atelier-1-pi-12-1024x768.jpg\" alt=\"De nombreuses personnes sont assises et \u00e9coutent une femme parler \u00e0 une tribune.\" width=\"1024\" height=\"768\" srcset=\"https:\/\/blog.insieme.ch\/wp-inside\/uploads\/2023\/05\/culture-inclusive-ne-atelier-1-pi-12-1024x768.jpg 1024w, https:\/\/blog.insieme.ch\/wp-inside\/uploads\/2023\/05\/culture-inclusive-ne-atelier-1-pi-12-300x225.jpg 300w, https:\/\/blog.insieme.ch\/wp-inside\/uploads\/2023\/05\/culture-inclusive-ne-atelier-1-pi-12-768x576.jpg 768w, https:\/\/blog.insieme.ch\/wp-inside\/uploads\/2023\/05\/culture-inclusive-ne-atelier-1-pi-12-1536x1152.jpg 1536w, https:\/\/blog.insieme.ch\/wp-inside\/uploads\/2023\/05\/culture-inclusive-ne-atelier-1-pi-12-320x240.jpg 320w, https:\/\/blog.insieme.ch\/wp-inside\/uploads\/2023\/05\/culture-inclusive-ne-atelier-1-pi-12-800x600.jpg 800w, https:\/\/blog.insieme.ch\/wp-inside\/uploads\/2023\/05\/culture-inclusive-ne-atelier-1-pi-12-1920x1440.jpg 1920w, https:\/\/blog.insieme.ch\/wp-inside\/uploads\/2023\/05\/culture-inclusive-ne-atelier-1-pi-12.jpg 2000w\" sizes=\"auto, (max-width: 1024px) 100vw, 1024px\" \/><\/p>\n<p class=\"wp-caption-text\">Dans ce groupe de travail, on parle des diff\u00e9rents lieux culturels dans le canton\u00a9 Pro Infirmis \u2013 Service Culture inclusive<\/p>\n<\/div>\n<p>&nbsp;<\/p>\n<p>Une fois par mois, le groupe se rencontre.<\/p>\n<p>Les trois experts regardent si les textes sont faciles \u00e0 comprendre.<\/p>\n<p>Ils font des propositions pour changer des mots ou choisir des images.<\/p>\n<p>\u00ab&#160;&#160;J\u2019adore ce travail&#160;&#160;!&#160;&#160;\u00bb, dit <strong>J\u00e9r\u00e9my W\u00e4fler<\/strong>.<\/p>\n<p><strong>Angelica Vouga<\/strong> aime aussi \u00eatre utile&#160;&#160;: \u00ab&#160;&#160;Je fais ce travail<br \/>\npour que ce soit plus simple dans les mus\u00e9es,<br \/>\npour que ce soit plus facile \u00e0 comprendre.<br \/>\nPour les personnes en situation de handicap, mais aussi<br \/>\npour toutes les autres personnes&#160;&#160;\u00bb.<\/p>\n<p>&nbsp;<\/p>\n<p><strong>Florian di Cesare<\/strong> a un handicap non visible. Cela l\u2019aide pour ce travail.<\/p>\n<p>Il dit&#160;&#160;: \u00ab&#160;&#160;Je comprends autrement les personnes en situation de handicap.<br \/>\nJe les vois autrement que les personnes sans handicap.<br \/>\nJe suis pair-aidant. Cela veut dire&#160;&#160;: moi-m\u00eame, j\u2019ai un handicap<br \/>\net j\u2019aide les personnes qui ont aussi un handicap. \u00c7a me motive.&#160;&#160;\u00bb<\/p>\n<p>Mais Florian voit aussi ceci&#160;&#160;: pour une culture vraiment inclusive,<\/p>\n<p>vraiment ouverte \u00e0 tout le monde, il y a encore beaucoup \u00e0 faire.<\/p>\n<p><strong>\u00a0<\/strong><\/p>\n<\/p><\/div>\n<\/p><\/div>\n<\/p><\/div>\n<\/p><\/div>\n<\/p><\/div>\n<\/p><\/div>\n<\/div>\n<\/div>\n<p><!-- \/flzn:zn_text --><\/p>\n","protected":false},"excerpt":{"rendered":"<p>Trois experts et expertes en Falc (facile \u00e0 lire et \u00e0 comprendre) se sont pos\u00e9 cette question\u00a0: la culture est-elle vraiment inclusive, ouverte \u00e0 tout le monde\u00a0?<\/p>\n","protected":false},"author":30,"featured_media":4954,"comment_status":"open","ping_status":"open","sticky":false,"template":"","format":"standard","meta":{"_acf_changed":false,"footnotes":""},"categories":[15,17],"tags":[],"class_list":["post-4955","post","type-post","status-publish","format-standard","has-post-thumbnail","hentry","category-falc","category-inclusion","wp-sticky"],"acf":[],"yoast_head":"<!-- This site is optimized with the Yoast SEO plugin v27.5 - https:\/\/yoast.com\/product\/yoast-seo-wordpress\/ -->\n<title>Rendre la culture accessible \u00e0 toutes et tous : article en Facile \u00e0 lire<\/title>\n<meta name=\"description\" content=\"Trois experts et expertes en Falc (facile \u00e0 lire et \u00e0 comprendre) se sont pos\u00e9 cette question\u00a0: la culture est-elle vraiment inclusive, ouverte \u00e0 tout le monde\u00a0?\" \/>\n<meta name=\"robots\" content=\"index, follow, max-snippet:-1, max-image-preview:large, max-video-preview:-1\" \/>\n<link rel=\"canonical\" href=\"https:\/\/blog.insieme.ch\/fr\/falc\/rendre-la-culture-accessible-a-toutes-et-tous\/\" \/>\n<meta property=\"og:locale\" content=\"fr_FR\" \/>\n<meta property=\"og:type\" content=\"article\" \/>\n<meta property=\"og:title\" content=\"Rendre la culture accessible \u00e0 toutes et tous : article en Facile \u00e0 lire\" \/>\n<meta property=\"og:description\" content=\"Trois experts et expertes en Falc (facile \u00e0 lire et \u00e0 comprendre) se sont pos\u00e9 cette question\u00a0: la culture est-elle vraiment inclusive, ouverte \u00e0 tout le monde\u00a0?\" \/>\n<meta property=\"og:url\" content=\"https:\/\/blog.insieme.ch\/fr\/falc\/rendre-la-culture-accessible-a-toutes-et-tous\/\" \/>\n<meta property=\"og:site_name\" content=\"insieme Blog\" \/>\n<meta property=\"article:publisher\" content=\"https:\/\/www.facebook.com\/insiemeSuisse\/\" \/>\n<meta property=\"article:published_time\" content=\"2023-05-11T15:13:48+00:00\" \/>\n<meta property=\"article:modified_time\" content=\"2023-05-11T15:13:49+00:00\" \/>\n<meta property=\"og:image\" content=\"https:\/\/blog.insieme.ch\/wp-inside\/uploads\/2023\/05\/culture-inclusive-ne-atelier-1-pi-12.jpg\" \/>\n\t<meta property=\"og:image:width\" content=\"2000\" \/>\n\t<meta property=\"og:image:height\" content=\"1500\" \/>\n\t<meta property=\"og:image:type\" content=\"image\/jpeg\" \/>\n<meta name=\"author\" content=\"Anne-Sophie Ledermann traduction FALC Pro Infirmis\" \/>\n<meta name=\"twitter:card\" content=\"summary_large_image\" \/>\n<meta name=\"twitter:creator\" content=\"@insiemeSuisse\" \/>\n<meta name=\"twitter:site\" content=\"@insiemeSuisse\" \/>\n<meta name=\"twitter:label1\" content=\"\u00c9crit par\" \/>\n\t<meta name=\"twitter:data1\" content=\"Anne-Sophie Ledermann, traduction FALC Pro Infirmis\" \/>\n\t<meta name=\"twitter:label2\" content=\"Dur\u00e9e de lecture estim\u00e9e\" \/>\n\t<meta name=\"twitter:data2\" content=\"2 minutes\" \/>\n<script type=\"application\/ld+json\" class=\"yoast-schema-graph\">{\"@context\":\"https:\\\/\\\/schema.org\",\"@graph\":[{\"@type\":\"Article\",\"@id\":\"https:\\\/\\\/blog.insieme.ch\\\/fr\\\/falc\\\/rendre-la-culture-accessible-a-toutes-et-tous\\\/#article\",\"isPartOf\":{\"@id\":\"https:\\\/\\\/blog.insieme.ch\\\/fr\\\/falc\\\/rendre-la-culture-accessible-a-toutes-et-tous\\\/\"},\"author\":{\"name\":\"Anne-Sophie Ledermann traduction FALC Pro Infirmis\",\"@id\":\"https:\\\/\\\/blog.insieme.ch\\\/fr\\\/#\\\/schema\\\/person\\\/48f0438d9db2098a69cf89ed33c8830e\"},\"headline\":\"Rendre la culture accessible \u00e0 toutes et tous\",\"datePublished\":\"2023-05-11T15:13:48+00:00\",\"dateModified\":\"2023-05-11T15:13:49+00:00\",\"mainEntityOfPage\":{\"@id\":\"https:\\\/\\\/blog.insieme.ch\\\/fr\\\/falc\\\/rendre-la-culture-accessible-a-toutes-et-tous\\\/\"},\"wordCount\":381,\"commentCount\":0,\"publisher\":{\"@id\":\"https:\\\/\\\/blog.insieme.ch\\\/fr\\\/#organization\"},\"image\":{\"@id\":\"https:\\\/\\\/blog.insieme.ch\\\/fr\\\/falc\\\/rendre-la-culture-accessible-a-toutes-et-tous\\\/#primaryimage\"},\"thumbnailUrl\":\"https:\\\/\\\/blog.insieme.ch\\\/wp-inside\\\/uploads\\\/2023\\\/05\\\/culture-inclusive-ne-atelier-1-pi-12.jpg\",\"articleSection\":[\"Articles en FALC\",\"Inclusion\"],\"inLanguage\":\"fr-FR\",\"potentialAction\":[{\"@type\":\"CommentAction\",\"name\":\"Comment\",\"target\":[\"https:\\\/\\\/blog.insieme.ch\\\/fr\\\/falc\\\/rendre-la-culture-accessible-a-toutes-et-tous\\\/#respond\"]}]},{\"@type\":\"WebPage\",\"@id\":\"https:\\\/\\\/blog.insieme.ch\\\/fr\\\/falc\\\/rendre-la-culture-accessible-a-toutes-et-tous\\\/\",\"url\":\"https:\\\/\\\/blog.insieme.ch\\\/fr\\\/falc\\\/rendre-la-culture-accessible-a-toutes-et-tous\\\/\",\"name\":\"Rendre la culture accessible \u00e0 toutes et tous : article en Facile \u00e0 lire\",\"isPartOf\":{\"@id\":\"https:\\\/\\\/blog.insieme.ch\\\/fr\\\/#website\"},\"primaryImageOfPage\":{\"@id\":\"https:\\\/\\\/blog.insieme.ch\\\/fr\\\/falc\\\/rendre-la-culture-accessible-a-toutes-et-tous\\\/#primaryimage\"},\"image\":{\"@id\":\"https:\\\/\\\/blog.insieme.ch\\\/fr\\\/falc\\\/rendre-la-culture-accessible-a-toutes-et-tous\\\/#primaryimage\"},\"thumbnailUrl\":\"https:\\\/\\\/blog.insieme.ch\\\/wp-inside\\\/uploads\\\/2023\\\/05\\\/culture-inclusive-ne-atelier-1-pi-12.jpg\",\"datePublished\":\"2023-05-11T15:13:48+00:00\",\"dateModified\":\"2023-05-11T15:13:49+00:00\",\"description\":\"Trois experts et expertes en Falc (facile \u00e0 lire et \u00e0 comprendre) se sont pos\u00e9 cette question\u00a0: la culture est-elle vraiment inclusive, ouverte \u00e0 tout le monde\u00a0?\",\"breadcrumb\":{\"@id\":\"https:\\\/\\\/blog.insieme.ch\\\/fr\\\/falc\\\/rendre-la-culture-accessible-a-toutes-et-tous\\\/#breadcrumb\"},\"inLanguage\":\"fr-FR\",\"potentialAction\":[{\"@type\":\"ReadAction\",\"target\":[\"https:\\\/\\\/blog.insieme.ch\\\/fr\\\/falc\\\/rendre-la-culture-accessible-a-toutes-et-tous\\\/\"]}]},{\"@type\":\"ImageObject\",\"inLanguage\":\"fr-FR\",\"@id\":\"https:\\\/\\\/blog.insieme.ch\\\/fr\\\/falc\\\/rendre-la-culture-accessible-a-toutes-et-tous\\\/#primaryimage\",\"url\":\"https:\\\/\\\/blog.insieme.ch\\\/wp-inside\\\/uploads\\\/2023\\\/05\\\/culture-inclusive-ne-atelier-1-pi-12.jpg\",\"contentUrl\":\"https:\\\/\\\/blog.insieme.ch\\\/wp-inside\\\/uploads\\\/2023\\\/05\\\/culture-inclusive-ne-atelier-1-pi-12.jpg\",\"width\":2000,\"height\":1500},{\"@type\":\"BreadcrumbList\",\"@id\":\"https:\\\/\\\/blog.insieme.ch\\\/fr\\\/falc\\\/rendre-la-culture-accessible-a-toutes-et-tous\\\/#breadcrumb\",\"itemListElement\":[{\"@type\":\"ListItem\",\"position\":1,\"name\":\"Accueil\",\"item\":\"https:\\\/\\\/blog.insieme.ch\\\/fr\\\/\"},{\"@type\":\"ListItem\",\"position\":2,\"name\":\"Articles en FALC\",\"item\":\"https:\\\/\\\/blog.insieme.ch\\\/fr\\\/falc\\\/\"},{\"@type\":\"ListItem\",\"position\":3,\"name\":\"Rendre la culture accessible \u00e0 toutes et tous\"}]},{\"@type\":\"WebSite\",\"@id\":\"https:\\\/\\\/blog.insieme.ch\\\/fr\\\/#website\",\"url\":\"https:\\\/\\\/blog.insieme.ch\\\/fr\\\/\",\"name\":\"insieme Blog\",\"description\":\"Alles ausser gew\u00f6hnlich\",\"publisher\":{\"@id\":\"https:\\\/\\\/blog.insieme.ch\\\/fr\\\/#organization\"},\"potentialAction\":[{\"@type\":\"SearchAction\",\"target\":{\"@type\":\"EntryPoint\",\"urlTemplate\":\"https:\\\/\\\/blog.insieme.ch\\\/fr\\\/?s={search_term_string}\"},\"query-input\":{\"@type\":\"PropertyValueSpecification\",\"valueRequired\":true,\"valueName\":\"search_term_string\"}}],\"inLanguage\":\"fr-FR\"},{\"@type\":\"Organization\",\"@id\":\"https:\\\/\\\/blog.insieme.ch\\\/fr\\\/#organization\",\"name\":\"insieme Blog\",\"url\":\"https:\\\/\\\/blog.insieme.ch\\\/fr\\\/\",\"logo\":{\"@type\":\"ImageObject\",\"inLanguage\":\"fr-FR\",\"@id\":\"https:\\\/\\\/blog.insieme.ch\\\/fr\\\/#\\\/schema\\\/logo\\\/image\\\/\",\"url\":\"https:\\\/\\\/blog.insieme.ch\\\/wp-inside\\\/uploads\\\/2021\\\/04\\\/logo-insieme-blog.png\",\"contentUrl\":\"https:\\\/\\\/blog.insieme.ch\\\/wp-inside\\\/uploads\\\/2021\\\/04\\\/logo-insieme-blog.png\",\"width\":280,\"height\":81,\"caption\":\"insieme Blog\"},\"image\":{\"@id\":\"https:\\\/\\\/blog.insieme.ch\\\/fr\\\/#\\\/schema\\\/logo\\\/image\\\/\"},\"sameAs\":[\"https:\\\/\\\/www.facebook.com\\\/insiemeSuisse\\\/\",\"https:\\\/\\\/x.com\\\/insiemeSuisse\"]},{\"@type\":\"Person\",\"@id\":\"https:\\\/\\\/blog.insieme.ch\\\/fr\\\/#\\\/schema\\\/person\\\/48f0438d9db2098a69cf89ed33c8830e\",\"name\":\"Anne-Sophie Ledermann traduction FALC Pro Infirmis\",\"image\":{\"@type\":\"ImageObject\",\"inLanguage\":\"fr-FR\",\"@id\":\"https:\\\/\\\/secure.gravatar.com\\\/avatar\\\/4aa6c0d120f2208ee0ab2a906111b759c652a61b88faf4fdf317b7ede3aaf324?s=96&d=mm&r=g\",\"url\":\"https:\\\/\\\/secure.gravatar.com\\\/avatar\\\/4aa6c0d120f2208ee0ab2a906111b759c652a61b88faf4fdf317b7ede3aaf324?s=96&d=mm&r=g\",\"contentUrl\":\"https:\\\/\\\/secure.gravatar.com\\\/avatar\\\/4aa6c0d120f2208ee0ab2a906111b759c652a61b88faf4fdf317b7ede3aaf324?s=96&d=mm&r=g\",\"caption\":\"Anne-Sophie Ledermann traduction FALC Pro Infirmis\"},\"url\":\"https:\\\/\\\/blog.insieme.ch\\\/fr\\\/author\\\/anne-sophie-ledermann-traduction-falc-pro-infirmis\\\/\"}]}<\/script>\n<!-- \/ Yoast SEO plugin. -->","yoast_head_json":{"title":"Rendre la culture accessible \u00e0 toutes et tous : article en Facile \u00e0 lire","description":"Trois experts et expertes en Falc (facile \u00e0 lire et \u00e0 comprendre) se sont pos\u00e9 cette question\u00a0: la culture est-elle vraiment inclusive, ouverte \u00e0 tout le monde\u00a0?","robots":{"index":"index","follow":"follow","max-snippet":"max-snippet:-1","max-image-preview":"max-image-preview:large","max-video-preview":"max-video-preview:-1"},"canonical":"https:\/\/blog.insieme.ch\/fr\/falc\/rendre-la-culture-accessible-a-toutes-et-tous\/","og_locale":"fr_FR","og_type":"article","og_title":"Rendre la culture accessible \u00e0 toutes et tous : article en Facile \u00e0 lire","og_description":"Trois experts et expertes en Falc (facile \u00e0 lire et \u00e0 comprendre) se sont pos\u00e9 cette question\u00a0: la culture est-elle vraiment inclusive, ouverte \u00e0 tout le monde\u00a0?","og_url":"https:\/\/blog.insieme.ch\/fr\/falc\/rendre-la-culture-accessible-a-toutes-et-tous\/","og_site_name":"insieme Blog","article_publisher":"https:\/\/www.facebook.com\/insiemeSuisse\/","article_published_time":"2023-05-11T15:13:48+00:00","article_modified_time":"2023-05-11T15:13:49+00:00","og_image":[{"width":2000,"height":1500,"url":"https:\/\/blog.insieme.ch\/wp-inside\/uploads\/2023\/05\/culture-inclusive-ne-atelier-1-pi-12.jpg","type":"image\/jpeg"}],"author":"Anne-Sophie Ledermann traduction FALC Pro Infirmis","twitter_card":"summary_large_image","twitter_creator":"@insiemeSuisse","twitter_site":"@insiemeSuisse","twitter_misc":{"\u00c9crit par":"Anne-Sophie Ledermann, traduction FALC Pro Infirmis","Dur\u00e9e de lecture estim\u00e9e":"2 minutes"},"schema":{"@context":"https:\/\/schema.org","@graph":[{"@type":"Article","@id":"https:\/\/blog.insieme.ch\/fr\/falc\/rendre-la-culture-accessible-a-toutes-et-tous\/#article","isPartOf":{"@id":"https:\/\/blog.insieme.ch\/fr\/falc\/rendre-la-culture-accessible-a-toutes-et-tous\/"},"author":{"name":"Anne-Sophie Ledermann traduction FALC Pro Infirmis","@id":"https:\/\/blog.insieme.ch\/fr\/#\/schema\/person\/48f0438d9db2098a69cf89ed33c8830e"},"headline":"Rendre la culture accessible \u00e0 toutes et tous","datePublished":"2023-05-11T15:13:48+00:00","dateModified":"2023-05-11T15:13:49+00:00","mainEntityOfPage":{"@id":"https:\/\/blog.insieme.ch\/fr\/falc\/rendre-la-culture-accessible-a-toutes-et-tous\/"},"wordCount":381,"commentCount":0,"publisher":{"@id":"https:\/\/blog.insieme.ch\/fr\/#organization"},"image":{"@id":"https:\/\/blog.insieme.ch\/fr\/falc\/rendre-la-culture-accessible-a-toutes-et-tous\/#primaryimage"},"thumbnailUrl":"https:\/\/blog.insieme.ch\/wp-inside\/uploads\/2023\/05\/culture-inclusive-ne-atelier-1-pi-12.jpg","articleSection":["Articles en FALC","Inclusion"],"inLanguage":"fr-FR","potentialAction":[{"@type":"CommentAction","name":"Comment","target":["https:\/\/blog.insieme.ch\/fr\/falc\/rendre-la-culture-accessible-a-toutes-et-tous\/#respond"]}]},{"@type":"WebPage","@id":"https:\/\/blog.insieme.ch\/fr\/falc\/rendre-la-culture-accessible-a-toutes-et-tous\/","url":"https:\/\/blog.insieme.ch\/fr\/falc\/rendre-la-culture-accessible-a-toutes-et-tous\/","name":"Rendre la culture accessible \u00e0 toutes et tous : article en Facile \u00e0 lire","isPartOf":{"@id":"https:\/\/blog.insieme.ch\/fr\/#website"},"primaryImageOfPage":{"@id":"https:\/\/blog.insieme.ch\/fr\/falc\/rendre-la-culture-accessible-a-toutes-et-tous\/#primaryimage"},"image":{"@id":"https:\/\/blog.insieme.ch\/fr\/falc\/rendre-la-culture-accessible-a-toutes-et-tous\/#primaryimage"},"thumbnailUrl":"https:\/\/blog.insieme.ch\/wp-inside\/uploads\/2023\/05\/culture-inclusive-ne-atelier-1-pi-12.jpg","datePublished":"2023-05-11T15:13:48+00:00","dateModified":"2023-05-11T15:13:49+00:00","description":"Trois experts et expertes en Falc (facile \u00e0 lire et \u00e0 comprendre) se sont pos\u00e9 cette question\u00a0: la culture est-elle vraiment inclusive, ouverte \u00e0 tout le monde\u00a0?","breadcrumb":{"@id":"https:\/\/blog.insieme.ch\/fr\/falc\/rendre-la-culture-accessible-a-toutes-et-tous\/#breadcrumb"},"inLanguage":"fr-FR","potentialAction":[{"@type":"ReadAction","target":["https:\/\/blog.insieme.ch\/fr\/falc\/rendre-la-culture-accessible-a-toutes-et-tous\/"]}]},{"@type":"ImageObject","inLanguage":"fr-FR","@id":"https:\/\/blog.insieme.ch\/fr\/falc\/rendre-la-culture-accessible-a-toutes-et-tous\/#primaryimage","url":"https:\/\/blog.insieme.ch\/wp-inside\/uploads\/2023\/05\/culture-inclusive-ne-atelier-1-pi-12.jpg","contentUrl":"https:\/\/blog.insieme.ch\/wp-inside\/uploads\/2023\/05\/culture-inclusive-ne-atelier-1-pi-12.jpg","width":2000,"height":1500},{"@type":"BreadcrumbList","@id":"https:\/\/blog.insieme.ch\/fr\/falc\/rendre-la-culture-accessible-a-toutes-et-tous\/#breadcrumb","itemListElement":[{"@type":"ListItem","position":1,"name":"Accueil","item":"https:\/\/blog.insieme.ch\/fr\/"},{"@type":"ListItem","position":2,"name":"Articles en FALC","item":"https:\/\/blog.insieme.ch\/fr\/falc\/"},{"@type":"ListItem","position":3,"name":"Rendre la culture accessible \u00e0 toutes et tous"}]},{"@type":"WebSite","@id":"https:\/\/blog.insieme.ch\/fr\/#website","url":"https:\/\/blog.insieme.ch\/fr\/","name":"insieme Blog","description":"Alles ausser gew\u00f6hnlich","publisher":{"@id":"https:\/\/blog.insieme.ch\/fr\/#organization"},"potentialAction":[{"@type":"SearchAction","target":{"@type":"EntryPoint","urlTemplate":"https:\/\/blog.insieme.ch\/fr\/?s={search_term_string}"},"query-input":{"@type":"PropertyValueSpecification","valueRequired":true,"valueName":"search_term_string"}}],"inLanguage":"fr-FR"},{"@type":"Organization","@id":"https:\/\/blog.insieme.ch\/fr\/#organization","name":"insieme Blog","url":"https:\/\/blog.insieme.ch\/fr\/","logo":{"@type":"ImageObject","inLanguage":"fr-FR","@id":"https:\/\/blog.insieme.ch\/fr\/#\/schema\/logo\/image\/","url":"https:\/\/blog.insieme.ch\/wp-inside\/uploads\/2021\/04\/logo-insieme-blog.png","contentUrl":"https:\/\/blog.insieme.ch\/wp-inside\/uploads\/2021\/04\/logo-insieme-blog.png","width":280,"height":81,"caption":"insieme Blog"},"image":{"@id":"https:\/\/blog.insieme.ch\/fr\/#\/schema\/logo\/image\/"},"sameAs":["https:\/\/www.facebook.com\/insiemeSuisse\/","https:\/\/x.com\/insiemeSuisse"]},{"@type":"Person","@id":"https:\/\/blog.insieme.ch\/fr\/#\/schema\/person\/48f0438d9db2098a69cf89ed33c8830e","name":"Anne-Sophie Ledermann traduction FALC Pro Infirmis","image":{"@type":"ImageObject","inLanguage":"fr-FR","@id":"https:\/\/secure.gravatar.com\/avatar\/4aa6c0d120f2208ee0ab2a906111b759c652a61b88faf4fdf317b7ede3aaf324?s=96&d=mm&r=g","url":"https:\/\/secure.gravatar.com\/avatar\/4aa6c0d120f2208ee0ab2a906111b759c652a61b88faf4fdf317b7ede3aaf324?s=96&d=mm&r=g","contentUrl":"https:\/\/secure.gravatar.com\/avatar\/4aa6c0d120f2208ee0ab2a906111b759c652a61b88faf4fdf317b7ede3aaf324?s=96&d=mm&r=g","caption":"Anne-Sophie Ledermann traduction FALC Pro Infirmis"},"url":"https:\/\/blog.insieme.ch\/fr\/author\/anne-sophie-ledermann-traduction-falc-pro-infirmis\/"}]}},"featured_media_url":"https:\/\/blog.insieme.ch\/wp-inside\/uploads\/2023\/05\/culture-inclusive-ne-atelier-1-pi-12-1024x768.jpg","_links":{"self":[{"href":"https:\/\/blog.insieme.ch\/fr\/wp-json\/wp\/v2\/posts\/4955","targetHints":{"allow":["GET"]}}],"collection":[{"href":"https:\/\/blog.insieme.ch\/fr\/wp-json\/wp\/v2\/posts"}],"about":[{"href":"https:\/\/blog.insieme.ch\/fr\/wp-json\/wp\/v2\/types\/post"}],"author":[{"embeddable":true,"href":"https:\/\/blog.insieme.ch\/fr\/wp-json\/wp\/v2\/users\/30"}],"replies":[{"embeddable":true,"href":"https:\/\/blog.insieme.ch\/fr\/wp-json\/wp\/v2\/comments?post=4955"}],"version-history":[{"count":2,"href":"https:\/\/blog.insieme.ch\/fr\/wp-json\/wp\/v2\/posts\/4955\/revisions"}],"predecessor-version":[{"id":4958,"href":"https:\/\/blog.insieme.ch\/fr\/wp-json\/wp\/v2\/posts\/4955\/revisions\/4958"}],"wp:featuredmedia":[{"embeddable":true,"href":"https:\/\/blog.insieme.ch\/fr\/wp-json\/wp\/v2\/media\/4954"}],"wp:attachment":[{"href":"https:\/\/blog.insieme.ch\/fr\/wp-json\/wp\/v2\/media?parent=4955"}],"wp:term":[{"taxonomy":"category","embeddable":true,"href":"https:\/\/blog.insieme.ch\/fr\/wp-json\/wp\/v2\/categories?post=4955"},{"taxonomy":"post_tag","embeddable":true,"href":"https:\/\/blog.insieme.ch\/fr\/wp-json\/wp\/v2\/tags?post=4955"}],"curies":[{"name":"wp","href":"https:\/\/api.w.org\/{rel}","templated":true}]}}