{"id":4712,"date":"2023-03-17T14:17:52","date_gmt":"2023-03-17T13:17:52","guid":{"rendered":"https:\/\/blog.insieme.ch\/?p=4712"},"modified":"2023-03-17T14:17:53","modified_gmt":"2023-03-17T13:17:53","slug":"trisomie21-tous-differents","status":"publish","type":"post","link":"https:\/\/blog.insieme.ch\/fr\/handicap-mental\/trisomie21-tous-differents\/","title":{"rendered":"Toutes et tous diff\u00e9rent\u00b7e\u00b7s les un\u00b7e\u00b7s des autres"},"content":{"rendered":"<p><!-- flzn:zn_pagebanner --><\/p>\n<header id=\"flzn-pagebanner-1\" class=\"zone zn-pagebanner is-alignfull with-bg bg-color is-bgc-yellow-light\"><span class=\"zone-bg bg-color bgc-yellow-light alignfull\"><\/span><\/p>\n<div class=\"zone-block zn-pagebanner-block alignfull va-center\"><\/div>\n<\/header>\n<p><!-- \/flzn:zn_pagebanner --><br \/>\n<!-- flzn:zn_text --><\/p>\n<div id=\"flzn-text-1\" class=\"zone zn-text is-alignwide\">\n<div class=\"zone-block zn-text-block alignwide va-top\">\n<div class=\"row mw-content-zone zn-text-row\">\n<div class=\"columns large-12\">\n<div class=\"row large-up-1 with-nice-alignment nbloc-1\">\n<div class=\"column zn-text-col\">\n<div class=\"column-inner\">\n<div class=\"wig-content mw-content\">\n<h3><strong>\u00c0 l&#8217;occasion de la Journ\u00e9e mondiale de la trisomie 21, j&#8217;esp\u00e8re pouvoir faire tomber quelques pr\u00e9jug\u00e9s. Souvent, on pense que les personnes vivant avec une trisomie 21 sont constamment gentilles et joyeuses, qu&#8217;elles ne peuvent pas apprendre grand-chose, comme lire ou \u00e9crire, qu&#8217;elles auront toujours besoin d&#8217;aide, et, enfin, que leurs parents ont la vie dure et sont \u00e0 plaindre.<\/strong><\/h3>\n<p><!--more--><\/p>\n<p>Une visite au centre de rencontre pour jeunes d&#8217;insieme 21 me prouve le contraire. Lors de celles-ci, les jeunes atteint\u00b7e\u00b7s de trisomie 21 apprennent \u00e0 se conna\u00eetre, planifient et organisent leurs activit\u00e9s. Elles et ils y sont consid\u00e9r\u00e9\u00b7e\u00b7s comme des personnes \u00e0 part enti\u00e8re et peuvent se connecter les un\u00b7e\u00b7s s aux autres, et, une fois adultes, entreprendre des projets ensemble.<\/p>\n<blockquote>\n<p>Elles et ils y sont consid\u00e9r\u00e9\u00b7e\u00b7s comme des personnes \u00e0 part enti\u00e8re<\/p>\n<\/blockquote>\n<p>Nous nous retrouvons dans une grande salle de danse. Lorsque l&#8217;accompagnateur lance \u00e0 la ronde&#160;&#160;: \u00ab&#160;&#160;En forme et de bonne humeur&#160;&#160;?&#160;&#160;\u00bb, un gar\u00e7on r\u00e9pond&#160;&#160;: \u00ab&#160;&#160;En forme, oui, mais pas encore r\u00e9veill\u00e9.\u00ab&#160;&#160;Tout le monde rigole. Une jeune fille se referme sur elle-m\u00eame et lit tranquillement son livre, tandis qu\u2019un gar\u00e7on crie combien il l&#8217;aime \u00e0 une accompagnatrice. Un autre s&#8217;assied un peu \u00e0 l\u2019\u00e9cart du groupe, et lorsque je m&#8217;assois pr\u00e8s de lui, il s&#8217;\u00e9loigne un peu plus. Une discussion anim\u00e9e se tient entre un gar\u00e7on et une fille, qui se serrent r\u00e9guli\u00e8rement dans les bras&#160;&#160;: ce sont de bons ami\u00b7e\u00b7s qui se sont manqu\u00e9\u00b7e\u00b7s.<\/p>\n<div id=\"attachment_4715\" class=\"wp-caption aligncenter\" style=\"width:100%;max-width:2000px\"><img decoding=\"async\" loading=\"lazy\" class=\"wp-image-4715 size-full\" src=\"https:\/\/blog.insieme.ch\/wp-inside\/uploads\/2023\/03\/7y1a2412.jpg\" alt=\"Un jeune est assis \u00e0 une table avec d'autres personnes en arri\u00e8re plan.\" width=\"2000\" height=\"1333\" srcset=\"https:\/\/blog.insieme.ch\/wp-inside\/uploads\/2023\/03\/7y1a2412.jpg 2000w, https:\/\/blog.insieme.ch\/wp-inside\/uploads\/2023\/03\/7y1a2412-300x200.jpg 300w, https:\/\/blog.insieme.ch\/wp-inside\/uploads\/2023\/03\/7y1a2412-1024x682.jpg 1024w, https:\/\/blog.insieme.ch\/wp-inside\/uploads\/2023\/03\/7y1a2412-768x512.jpg 768w, https:\/\/blog.insieme.ch\/wp-inside\/uploads\/2023\/03\/7y1a2412-1536x1024.jpg 1536w, https:\/\/blog.insieme.ch\/wp-inside\/uploads\/2023\/03\/7y1a2412-320x213.jpg 320w, https:\/\/blog.insieme.ch\/wp-inside\/uploads\/2023\/03\/7y1a2412-800x533.jpg 800w, https:\/\/blog.insieme.ch\/wp-inside\/uploads\/2023\/03\/7y1a2412-1920x1280.jpg 1920w\" sizes=\"auto, (max-width: 2000px) 100vw, 2000px\" \/><\/p>\n<p class=\"wp-caption-text\">Lors des rencontres d&#8217;insieme 21, les jeunes atteint\u00b7e\u00b7s de trisomie 21 apprennent \u00e0 se conna\u00eetre, planifient et organisent leurs activit\u00e9s. \u00a9 Cemil Erkoc<\/p>\n<\/div>\n<p>&nbsp;<\/p>\n<\/p><\/div>\n<\/p><\/div>\n<\/p><\/div>\n<\/p><\/div>\n<\/p><\/div>\n<\/p><\/div>\n<\/div>\n<\/div>\n<p><!-- \/flzn:zn_text --><br \/>\n<!-- flzn:zn_button --><\/p>\n<div id=\"flzn-button-1\" class=\"zone zn-button is-alignfull with-bg bg-color is-bgc-yellow-light\"><span class=\"zone-bg bg-color bgc-yellow-light alignfull\"><\/span><\/p>\n<div class=\"zone-block zn-button-block pdd-top pdd-bottom-big alignfull va-top text-center\">\n<div class=\"zn-button-bgbox block-alignfull oneblock text-center\">\n<div class=\"zn-button-bgbox-bg\" ><\/div>\n<\/p><\/div>\n<div class=\"zn-button-list row small-up-1 medium-up-1 nb-bloc-1  without-blocs-bg oneblock text-center\" data-equalizer data-equalize-on=\"large\">\n<div class=\"zn-button-bloc column\" data-equalizer-watch>\n<div class=\"column-inner\">\n<div class=\"zn-button-innerbox\">\n<div class=\"zn-button-bloc-titledesc\">\n<div class=\"zn-button-bloc-desc\">\n<p style=\"text-align: center;\">Chez les personnes vivant avec une trisomie 21, le 21e chromosome est pr\u00e9sent trois fois et non deux. Elles ont ainsi 47 chromosomes au lieu de 46. Le 21 mars est l\u2019occasion de faire entendre leur voix. Afin de promouvoir la diversit\u00e9 et de mettre en avant l\u2019enrichissement que repr\u00e9sentent les personnes avec une trisomie 21 pour notre vie et notre soci\u00e9t\u00e9,\u00a0<a href=\"https:\/\/insieme.ch\/fr\/donner\/\"><strong>insieme Suisse<\/strong><\/a>\u00a0c\u00e9l\u00e8bre cette journ\u00e9e.<\/p>\n<\/p><\/div>\n<\/p><\/div>\n<div class=\"zn-button-buttons-box\">\n<p>\t\t\t\t\t\t\t\t\t\t\t\t\t\t\t\t\t\t<a class=\"button outline\" href=\"https:\/\/insieme.ch\/fr\/donner\/\" target=\"_blank\" rel=\"noopener\"><br \/>\n\t\t\t\t\t\t\t\t\t\t\t\t\t\t\t\t\t\t\t\t\tSoutenir et encourager la diff\u00e9rence\t\t\t\t\t\t\t\t\t\t\t\t\t\t\t\t\t\t\t<\/a>\n\t\t\t\t\t\t\t\t\t\t\t\t\t\t\t\t\t\t\t\t\t<\/div>\n<\/p><\/div>\n<\/p><\/div>\n<\/p><\/div>\n<\/p><\/div>\n<\/div>\n<\/div>\n<p><!-- \/flzn:zn_button --><br \/>\n<!-- flzn:zn_text_img --><\/p>\n<div id=\"flzn-textimg-1\" class=\"zone zn-textimg is-alignwide\">\n<div class=\"zone-block zn-textimg-block alignwide va-center\">\n<div class=\"row\">\n<div class=\"columns large-12\">\n<div class=\"row with-nice-alignment zn-textimg-row va-center\" data-equalizer data-equalize-on=\"large\">\n<div class=\"columns large-6 large-push-6 zn-textimg-colimg\" data-equalizer-watch>\n<div class=\"columns-inner zn-textimg-col-inner\">\n<div class=\"zn-textimg-imgs\">\n<div class=\"zn-textimg-imgbox\" title=\"Au buffet, chacun\u00b7 se sert \u00e0 tour de r\u00f4le. \u00a9 Cemil Erkoc \">\n<figure class=\"zn-textimg-figure\">\n\t\t\t\t\t\t\t\t\t<img decoding=\"async\" class=\"zn-textimg-img\" src=\"https:\/\/blog.insieme.ch\/wp-inside\/uploads\/2023\/03\/7y1a2065-800x530.jpg\" alt=\"\"\/><figcaption class=\"zn-textimg-caption\">Au buffet, chacun\u00b7 se sert \u00e0 tour de r\u00f4le. \u00a9 Cemil Erkoc <\/figcaption><\/figure>\n<\/p><\/div>\n<\/p><\/div>\n<\/p><\/div>\n<\/p><\/div>\n<div class=\"columns large-6 large-pull-6 zn-textimg-coldesc\" data-equalizer-watch>\n<div class=\"columns-inner zn-textimg-descbox\">\n<div class=\"zn-textimg-desc wig-content\">\n<h2><strong>Et l&#8217;ambiance se d\u00e9tend&#8230;<\/strong><\/h2>\n<p>Au buffet, chacun\u00b7 se sert \u00e0 tour de r\u00f4le. L\u2019ambiance se d\u00e9tend et la plupart des participant\u00b7e\u00b7s sortent petit \u00e0 petit de leur r\u00e9serve, mais laissent tranquilles celles et ceux qui ne veulent pas parler. Des questions sur l&#8217;activit\u00e9 du jour, le bowling, peuvent ensuite \u00eatre pos\u00e9es&#160;&#160;:\u00ab&#160;&#160;Quand a lieu la prochaine sortie&#160;&#160;?&#160;&#160;\u00bb, est la seule interrogation. Preuve de l&#8217;importance accord\u00e9e \u00e0 ces excursions par les jeunes.<\/p>\n<blockquote>\n<p>Quand a lieu la prochaine sortie&#160;&#160;?&#160;&#160;\u00bb, est la seule interrogation. Preuve de l&#8217;importance accord\u00e9e \u00e0 ces excursions par les jeunes.<\/p>\n<\/blockquote>\n<p>On recueille ensuite des propositions pour la prochaine excursion. Les r\u00e9ponses se font tr\u00e8s timides, surtout de la part de personnes qui aiment habituellement s\u2019exprimer. Ce qui ne m\u2019\u00e9tonne pas beaucoup. On vote ensuite en levant la main sur les propositions suivantes&#160;&#160;: Technorama, Skill Park ou Laser Tek. Comme aucune majorit\u00e9 claire ne se dessine, les propositions seront \u00e0 nouveau abord\u00e9es lors de la prochaine r\u00e9union. Qui se chargera d\u2019apporter quoi pour le prochain brunch devient d\u00e9sormais le c\u0153ur des discussions.<\/p>\n<\/div><\/div>\n<\/p><\/div>\n<\/p><\/div>\n<\/p><\/div>\n<\/p><\/div>\n<\/div>\n<\/div>\n<p><!-- \/flzn:zn_text_img --><br \/>\n<!-- flzn:zn_text --><\/p>\n<div id=\"flzn-text-2\" class=\"zone zn-text is-alignwide with-bg bg-color is-bgc-yellow-light\"><span class=\"zone-bg bg-color bgc-yellow-light alignfull\"><\/span><\/p>\n<div class=\"zone-block zn-text-block pdd-top-big alignwide va-top\">\n<div class=\"row mw-content-zone zn-text-row\">\n<div class=\"columns large-12\">\n<div class=\"row with-nice-alignment nbloc-2 va-top\">\n<div class=\"columns large-6 zn-text-col\">\n<div class=\"columns-inner\">\n<div class=\"wig-content mw-content\">\n<p>Trois groupes sont form\u00e9s pour jouer au bowling. Les jeunes entrent en contact les un\u00b7e\u00b7s avec les autres et s&#8217;encouragent mutuellement \u00e0 jouer. Aaron, 15 ans, fr\u00e9quente l&#8217;\u00e9cole secondaire ordinaire et aime le sport, la musique et la cuisine. D\u00e8s le d\u00e9but, il m\u00e8ne son groupe et remporte la premi\u00e8re manche haut la main. Il danse et saute devant l&#8217;\u00e9cran qui affiche la liste des points et regarde attentivement son score d&#8217;une manche \u00e0 l&#8217;autre. Son ambition de gagner est grande et le pousse parfois \u00e0 taper dans ses mains lorsque ses co\u00e9quipiers ratent les quilles.<\/p>\n<p>Alors que nous regardons les jeunes jouer au bowling, la directrice du secr\u00e9tariat d&#8217;insieme 21 me raconte qu&#8217;un jour, un b\u00e9n\u00e9vole lui a fait part de sa surprise&#160;&#160;: \u00ab&#160;&#160;Un participant a compt\u00e9 les points si vite au minigolf que je n&#8217;ai pas pu suivre. Le r\u00e9sultat \u00e9tait correct.&#160;&#160;\u00bb<\/p>\n<\/p><\/div>\n<\/p><\/div>\n<\/p><\/div>\n<div class=\"columns large-6 zn-text-col\">\n<div class=\"columns-inner\">\n<div class=\"wig-content mw-content\">\n<p>Et face au pr\u00e9jug\u00e9 qui veut que les personnes vivant avec une trisomie 21 soient toujours joyeuses, elle r\u00e9torque&#160;&#160;: &#171;Viens voir mon fils quand il est f\u00e2ch\u00e9, il n&#8217;est plus mignon du tout.&#160;&#160;\u00bb A ses yeux, avoir des attentes pour celles-ci est tout \u00e0 fait envisageable&#160;&#160;: \u00ab&#160;&#160;Elles peuvent apprendre&#160;&#160;!&#160;&#160;\u00bb<\/p>\n<blockquote>\n<p>Comp\u00e9tences sociales et autonomie s&#8217;apprennent, et c\u2019est ainsi pour chacun\u00b7e, avec ou sans handicap.<\/p>\n<\/blockquote>\n<p><span style=\"font-size: inherit; color: #000000;\">Les participant\u00b7e\u00b7s se rendent compte que leur voix importe et qu\u2019elles et ils sont encourag\u00e9\u00b7e\u00b7s \u00e0 essayer de nouvelles choses. En parall\u00e8le, elles et ils apprennent aussi comment participer et faire leurs propres choix. Comp\u00e9tences sociales et autonomie s&#8217;apprennent, et c\u2019est ainsi pour chacun\u00b7e, avec ou sans handicap.<\/span><\/p>\n<p>&nbsp;<\/p>\n<\/p><\/div>\n<\/p><\/div>\n<\/p><\/div>\n<\/p><\/div>\n<\/p><\/div>\n<\/p><\/div>\n<\/div>\n<\/div>\n<p><!-- \/flzn:zn_text --><br \/>\n<!-- flzn:zn_gallery --><\/p>\n<div id=\"flzn-gallery-1\" class=\"zone zn-gallery is-alignwide\">\n<div class=\"zone-block zn-gallery-block alignwide va-top\">\n<div class=\"row mw-content-zone\">\n<div class=\"large-12 columns\">\n<div class=\"zn-gallery-list slick-slider galleryslider-grid\">\n<div class=\"zn-gallery-item slick-item\">\n<div class=\"zn-gallery-item-inner\">\n<p>\t\t\t\t\t\t\t\t\t\t\t\t\t<a class=\"swipebox\" href=\"https:\/\/blog.insieme.ch\/wp-inside\/uploads\/2023\/03\/7y1a2342-2-1920x1280.jpg\" title=\"Les participant\u00b7e\u00b7s se rendent compte que leur voix importe. \u00a9 Cemil Erkoc \" rel=\"galleryzone-flzn-gallery-1\"><\/p>\n<div class=\"imgbox\">\n\t\t\t\t\t\t\t\t\t\t\t\t\t\t\t\t\t\t<img decoding=\"async\" src=\"https:\/\/blog.insieme.ch\/wp-inside\/uploads\/2023\/03\/7y1a2342-2-185x185.jpg\" alt=\"\" data-interchange=\"[https:\/\/blog.insieme.ch\/wp-inside\/uploads\/2023\/03\/7y1a2342-2-185x185.jpg, small],[https:\/\/blog.insieme.ch\/wp-inside\/uploads\/2023\/03\/7y1a2342-2-370x300.jpg, gsmall],[https:\/\/blog.insieme.ch\/wp-inside\/uploads\/2023\/03\/7y1a2342-2-185x185.jpg, large],[https:\/\/blog.insieme.ch\/wp-inside\/uploads\/2023\/03\/7y1a2342-2-370x300.jpg, glarge],\"\/>\n\t\t\t\t\t\t\t\t<\/div>\n<p>\t\t\t\t\t\t\t\t\t\t\t\t\t<\/a>\n\t\t\t\t\t\t\t\t\t\t\t\t<\/div>\n<\/p><\/div>\n<div class=\"zn-gallery-item slick-item\">\n<div class=\"zn-gallery-item-inner\">\n<p>\t\t\t\t\t\t\t\t\t\t\t\t\t<a class=\"swipebox\" href=\"https:\/\/blog.insieme.ch\/wp-inside\/uploads\/2023\/03\/7y1a2868-1920x1280.jpg\" title=\"Comp\u00e9tences sociales et autonomie s'apprennent. \u00a9 Cemil Erkoc \" rel=\"galleryzone-flzn-gallery-1\"><\/p>\n<div class=\"imgbox\">\n\t\t\t\t\t\t\t\t\t\t\t\t\t\t\t\t\t\t<img decoding=\"async\" src=\"https:\/\/blog.insieme.ch\/wp-inside\/uploads\/2023\/03\/7y1a2868-185x185.jpg\" alt=\"\" data-interchange=\"[https:\/\/blog.insieme.ch\/wp-inside\/uploads\/2023\/03\/7y1a2868-185x185.jpg, small],[https:\/\/blog.insieme.ch\/wp-inside\/uploads\/2023\/03\/7y1a2868-370x300.jpg, gsmall],[https:\/\/blog.insieme.ch\/wp-inside\/uploads\/2023\/03\/7y1a2868-185x185.jpg, large],[https:\/\/blog.insieme.ch\/wp-inside\/uploads\/2023\/03\/7y1a2868-370x300.jpg, glarge],\"\/>\n\t\t\t\t\t\t\t\t<\/div>\n<p>\t\t\t\t\t\t\t\t\t\t\t\t\t<\/a>\n\t\t\t\t\t\t\t\t\t\t\t\t<\/div>\n<\/p><\/div>\n<div class=\"zn-gallery-item slick-item\">\n<div class=\"zn-gallery-item-inner\">\n<p>\t\t\t\t\t\t\t\t\t\t\t\t\t<a class=\"swipebox\" href=\"https:\/\/blog.insieme.ch\/wp-inside\/uploads\/2023\/03\/7y1a3090-1920x1280.jpg\" title=\"D\u00e8s le d\u00e9but, Aaron m\u00e8ne son groupe et remporte la premi\u00e8re manche haut la main.\u00a9 Cemil Erkoc \" rel=\"galleryzone-flzn-gallery-1\"><\/p>\n<div class=\"imgbox\">\n\t\t\t\t\t\t\t\t\t\t\t\t\t\t\t\t\t\t<img decoding=\"async\" src=\"https:\/\/blog.insieme.ch\/wp-inside\/uploads\/2023\/03\/7y1a3090-185x185.jpg\" alt=\"\" data-interchange=\"[https:\/\/blog.insieme.ch\/wp-inside\/uploads\/2023\/03\/7y1a3090-185x185.jpg, small],[https:\/\/blog.insieme.ch\/wp-inside\/uploads\/2023\/03\/7y1a3090-370x300.jpg, gsmall],[https:\/\/blog.insieme.ch\/wp-inside\/uploads\/2023\/03\/7y1a3090-185x185.jpg, large],[https:\/\/blog.insieme.ch\/wp-inside\/uploads\/2023\/03\/7y1a3090-370x300.jpg, glarge],\"\/>\n\t\t\t\t\t\t\t\t<\/div>\n<p>\t\t\t\t\t\t\t\t\t\t\t\t\t<\/a>\n\t\t\t\t\t\t\t\t\t\t\t\t<\/div>\n<\/p><\/div>\n<div class=\"zn-gallery-item slick-item\">\n<div class=\"zn-gallery-item-inner\">\n<p>\t\t\t\t\t\t\t\t\t\t\t\t\t<a class=\"swipebox\" href=\"https:\/\/blog.insieme.ch\/wp-inside\/uploads\/2023\/03\/7y1a3165-1920x1280.jpg\" title=\"Aaron est un jeune homme tr\u00e8s joyeux, ouvert et communicatif. \u00a9 Cemil Erkoc \" rel=\"galleryzone-flzn-gallery-1\"><\/p>\n<div class=\"imgbox\">\n\t\t\t\t\t\t\t\t\t\t\t\t\t\t\t\t\t\t<img decoding=\"async\" src=\"https:\/\/blog.insieme.ch\/wp-inside\/uploads\/2023\/03\/7y1a3165-185x185.jpg\" alt=\"\" data-interchange=\"[https:\/\/blog.insieme.ch\/wp-inside\/uploads\/2023\/03\/7y1a3165-185x185.jpg, small],[https:\/\/blog.insieme.ch\/wp-inside\/uploads\/2023\/03\/7y1a3165-370x300.jpg, gsmall],[https:\/\/blog.insieme.ch\/wp-inside\/uploads\/2023\/03\/7y1a3165-185x185.jpg, large],[https:\/\/blog.insieme.ch\/wp-inside\/uploads\/2023\/03\/7y1a3165-370x300.jpg, glarge],\"\/>\n\t\t\t\t\t\t\t\t<\/div>\n<p>\t\t\t\t\t\t\t\t\t\t\t\t\t<\/a>\n\t\t\t\t\t\t\t\t\t\t\t\t<\/div>\n<\/p><\/div>\n<div class=\"zn-gallery-item slick-item\">\n<div class=\"zn-gallery-item-inner\">\n<p>\t\t\t\t\t\t\t\t\t\t\t\t\t<a class=\"swipebox\" href=\"https:\/\/blog.insieme.ch\/wp-inside\/uploads\/2023\/03\/7y1a2989-1920x1280.jpg\" title=\"Aaron danse et saute devant l'\u00e9cran qui affiche la liste des points. \u00a9 Cemil Erkoc \" rel=\"galleryzone-flzn-gallery-1\"><\/p>\n<div class=\"imgbox\">\n\t\t\t\t\t\t\t\t\t\t\t\t\t\t\t\t\t\t<img decoding=\"async\" src=\"https:\/\/blog.insieme.ch\/wp-inside\/uploads\/2023\/03\/7y1a2989-185x185.jpg\" alt=\"\" data-interchange=\"[https:\/\/blog.insieme.ch\/wp-inside\/uploads\/2023\/03\/7y1a2989-185x185.jpg, small],[https:\/\/blog.insieme.ch\/wp-inside\/uploads\/2023\/03\/7y1a2989-370x300.jpg, gsmall],[https:\/\/blog.insieme.ch\/wp-inside\/uploads\/2023\/03\/7y1a2989-185x185.jpg, large],[https:\/\/blog.insieme.ch\/wp-inside\/uploads\/2023\/03\/7y1a2989-370x300.jpg, glarge],\"\/>\n\t\t\t\t\t\t\t\t<\/div>\n<p>\t\t\t\t\t\t\t\t\t\t\t\t\t<\/a>\n\t\t\t\t\t\t\t\t\t\t\t\t<\/div>\n<\/p><\/div>\n<\/p><\/div>\n<\/p><\/div>\n<\/p><\/div>\n<\/div>\n<\/div>\n<p><!-- \/flzn:zn_gallery --><br \/>\n<!-- flzn:zn_text --><\/p>\n<div id=\"flzn-text-3\" class=\"zone zn-text is-alignwide with-bg bg-color is-bgc-white\"><span class=\"zone-bg bg-color bgc-white alignfull\"><\/span><\/p>\n<div class=\"zone-block zn-text-block pdd-top-big pdd-bottom alignwide va-top\">\n<div class=\"row mw-content-zone zn-text-row\">\n<div class=\"columns large-12\">\n<div class=\"row large-up-1 with-nice-alignment nbloc-1\">\n<div class=\"column zn-text-col\">\n<div class=\"column-inner\">\n<div class=\"wig-content mw-content\">\n<p>Lorsque l\u2019on demande \u00e0 Aaron ce que signifie pour lui la trisomie 21 signifie, il r\u00e9pond&#160;&#160;:\u00a0\u00ab&#160;&#160;Les personnes vivant avec une trisomie sont diff\u00e9rentes. Mais elles ne le sont pas non plus.&#160;&#160;\u00bb Aaron est un jeune homme tr\u00e8s joyeux, ouvert et communicatif. Nombre de choses lui paraissent aujourd\u2019hui simples&#160;&#160;: faire du v\u00e9lo, du ski, respecter certaines r\u00e8gles sociales, conduire un bus de mani\u00e8re autonome, m\u00eame s\u2019il a d\u00fb s&#8217;entra\u00eener longtemps. Le sport et la musique sont ses passions et il a d\u00e9j\u00e0 particip\u00e9 \u00e0 plusieurs reprises \u00e0 l&#8217;UBS Kids Cup &#171;Special Olympics&#187;. Depuis neuf ans, Aaron joue du violoncelle et, depuis quelques ann\u00e9es, du cor. Avec son fr\u00e8re, il joue dans un orchestre d&#8217;instruments \u00e0 vent, \u00a0un enthousiasme pour la musique qui lui vient de ses parents.<\/p>\n<\/p><\/div>\n<\/p><\/div>\n<\/p><\/div>\n<\/p><\/div>\n<\/p><\/div>\n<\/p><\/div>\n<\/div>\n<\/div>\n<p><!-- \/flzn:zn_text --><br \/>\n<!-- flzn:zn_quote --><\/p>\n<div id=\"flzn-quote-1\" class=\"zone zn-quote is-alignwide\">\n<div class=\"zone-block zn-quote-block alignwide va-top\">\n<div class=\"row mw-content-zone\">\n<div class=\"large-12 columns\">\n<div class=\"quotebox with-img\" data-aos=\"fade-up\" data-aos-once=\"true\" data-aos-anchor=\"#flzn-quote-1\" data-aos-anchor-placement=\"top-bottom\">\n<div class=\"quotebox-inner\">\n<figure class=\"quotebox-img\">\n\t\t\t\t\t\t\t<img decoding=\"async\" src=\"https:\/\/blog.insieme.ch\/wp-inside\/uploads\/2023\/03\/7y1a3123-150x150.jpg\" alt=\"Aaron\" \/><br \/>\n\t\t\t\t\t\t<\/figure>\n<blockquote class=\"quotebox-content\">\n<div class=\"quotebox-content-inner\">\n<p class=\"quotebox-desc\"> \u00ab&#160;&#160;Les personnes vivant avec une trisomie sont diff\u00e9rentes. Mais elles ne le sont pas non plus.&#160;&#160;\u00bb <\/p>\n<p>\t\t\t\t\t\t\t\t\t\t\t\t\t\t<cite class=\"quotebox-author\"><br \/>\n\t\t\t\t\t\t\t\t<span class=\"quotebox-name\">Aaron<\/span>\t\t\t\t\t\t\t\t\t\t\t\t\t\t\t<\/cite>\n\t\t\t\t\t\t\t\t\t\t\t\t\t<\/div>\n<\/blockquote><\/div>\n<\/p><\/div>\n<\/p><\/div>\n<\/p><\/div>\n<\/div>\n<\/div>\n<p><!-- \/flzn:zn_quote --><br \/>\n<!-- flzn:zn_text --><\/p>\n<div id=\"flzn-text-4\" class=\"zone zn-text is-alignwide with-bg bg-color is-bgc-white\"><span class=\"zone-bg bg-color bgc-white alignfull\"><\/span><\/p>\n<div class=\"zone-block zn-text-block alignwide va-top\">\n<div class=\"row mw-content-zone zn-text-row\">\n<div class=\"columns large-12\">\n<div class=\"row large-up-1 with-nice-alignment nbloc-1\">\n<div class=\"column zn-text-col\">\n<div class=\"column-inner\">\n<div class=\"wig-content mw-content\">\n<p style=\"text-align: center;\">Pour moi, la journ\u00e9e en compagnie de personnes vivant avec un handicap mental a \u00e9t\u00e9, comme toujours, une journ\u00e9e enrichissante. Aujourd&#8217;hui, j&#8217;ai rencontr\u00e9 des jeunes joyeux\u00b7euses, introverti\u00b7e\u00b7s, bruyant\u00b7e\u00b7s, tristes et chaleureux\u00b7euses. Je les ai vu\u00b7e\u00b7s prendre des notes et lire le proc\u00e8s-verbal.<\/p>\n<blockquote>\n<p style=\"text-align: center;\">Je sais et je suis convaincue que les personnes en situation de handicap mental peuvent apprendre \u00e0 \u00eatre aussi ind\u00e9pendantes et autod\u00e9termin\u00e9es que possible.<\/p>\n<\/blockquote>\n<p style=\"text-align: center;\">Je sais et je suis convaincue que les personnes en situation de handicap mental peuvent apprendre \u00e0 \u00eatre aussi ind\u00e9pendantes et autod\u00e9termin\u00e9es que possible. Si leurs parents ont parfois des difficult\u00e9s, la plupart du temps, c&#8217;est parce qu&#8217;ils doivent se battre pour que leur enfant trouve sa place dans la soci\u00e9t\u00e9. La diversit\u00e9 est une chance. Et cette diversit\u00e9, j\u2019aimerais la rencontrer encore plus souvent.<\/p>\n<\/p><\/div>\n<\/p><\/div>\n<\/p><\/div>\n<\/p><\/div>\n<\/p><\/div>\n<\/p><\/div>\n<\/div>\n<\/div>\n<p><!-- \/flzn:zn_text --><br \/>\n<!-- flzn:zn_text --><\/p>\n<div id=\"flzn-text-5\" class=\"zone zn-text is-alignwide with-bg bg-color is-bgc-yellow-light\"><span class=\"zone-bg bg-color bgc-yellow-light alignfull\"><\/span><\/p>\n<div class=\"zone-block zn-text-block alignwide va-top\">\n<div class=\"row mw-content-zone zn-text-row\">\n<div class=\"columns large-12\">\n<div class=\"row large-up-1 with-nice-alignment nbloc-1\">\n<div class=\"column zn-text-col\">\n<div class=\"column-inner\">\n<div class=\"wig-content mw-content\">\n<p class=\"zn-pagebanner-title titlepage\" style=\"text-align: center;\"><a href=\"https:\/\/insieme.ch\/ueber-insieme\/\"><img decoding=\"async\" loading=\"lazy\" class=\"aligncenter wp-image-3465\" src=\"https:\/\/blog.insieme.ch\/wp-inside\/uploads\/2022\/03\/df_logo_p307-e1647689616448-291x300.jpg\" alt=\"\" width=\"134\" height=\"138\" srcset=\"https:\/\/blog.insieme.ch\/wp-inside\/uploads\/2022\/03\/df_logo_p307-e1647689616448-291x300.jpg 291w, https:\/\/blog.insieme.ch\/wp-inside\/uploads\/2022\/03\/df_logo_p307-e1647689616448-992x1024.jpg 992w, https:\/\/blog.insieme.ch\/wp-inside\/uploads\/2022\/03\/df_logo_p307-e1647689616448-768x793.jpg 768w, https:\/\/blog.insieme.ch\/wp-inside\/uploads\/2022\/03\/df_logo_p307-e1647689616448-50x50.jpg 50w, https:\/\/blog.insieme.ch\/wp-inside\/uploads\/2022\/03\/df_logo_p307-e1647689616448-310x320.jpg 310w, https:\/\/blog.insieme.ch\/wp-inside\/uploads\/2022\/03\/df_logo_p307-e1647689616448-800x826.jpg 800w, https:\/\/blog.insieme.ch\/wp-inside\/uploads\/2022\/03\/df_logo_p307-e1647689616448.jpg 1347w\" sizes=\"auto, (max-width: 134px) 100vw, 134px\" \/><\/a>Pour les jeunes comme Aaron,<strong><a href=\"http:\/\/www.insieme.ch\/fr\" target=\"_blank\" rel=\"noopener\">\u00a0insieme Suisse<\/a>\u00a0<\/strong>propose, \u00e0 travers ses\u00a0<strong><a href=\"https:\/\/insieme.ch\/fr\/association\/\" target=\"_blank\" rel=\"noopener\">48 associations r\u00e9gionales et cantonales<\/a><\/strong>, des offres de cours et de loisirs.<\/p>\n<p>&nbsp;<\/p>\n<\/p><\/div>\n<\/p><\/div>\n<\/p><\/div>\n<\/p><\/div>\n<\/p><\/div>\n<\/p><\/div>\n<\/div>\n<\/div>\n<p><!-- \/flzn:zn_text --><br \/>\n<!-- flzn:zn_button --><\/p>\n<div id=\"flzn-button-2\" class=\"zone zn-button is-alignfull with-bg bg-color is-bgc-yellow-light\"><span class=\"zone-bg bg-color bgc-yellow-light alignfull\"><\/span><\/p>\n<div class=\"zone-block zn-button-block alignfull va-top text-center\">\n<div class=\"zn-button-bgbox block-alignfull oneblock text-center\">\n<div class=\"zn-button-bgbox-bg with-img\" data-interchange=\"[https:\/\/blog.insieme.ch\/wp-inside\/uploads\/2023\/03\/7y1a2342-e1679057423875-425x250.jpg, small],[https:\/\/blog.insieme.ch\/wp-inside\/uploads\/2023\/03\/7y1a2342-e1679057423875-1024x600.jpg, gsmall],[https:\/\/blog.insieme.ch\/wp-inside\/uploads\/2023\/03\/7y1a2342-e1679057423875-1280x600.jpg, glarge],[https:\/\/blog.insieme.ch\/wp-inside\/uploads\/2023\/03\/7y1a2342-e1679057423875-1605x600.jpg, xlarge],\"><\/div>\n<\/p><\/div>\n<div class=\"zn-button-list row small-up-1 medium-up-1 nb-bloc-1  oneblock text-center\" data-equalizer data-equalize-on=\"large\">\n<div class=\"zn-button-bloc column\" data-equalizer-watch>\n<div class=\"column-inner\">\n<div class=\"zn-button-innerbox with-img\">\n<div class=\"zn-button-bloc-titledesc\">\n<h3 class=\"zn-button-bloc-title h2 cursive-font title-with-deco\">\n\t\t\t\t\t\t\t\t\t\tSoutenir les jeunes comme Aaron\t\t\t\t\t\t\t\t\t<\/h3>\n<\/p><\/div>\n<div class=\"zn-button-buttons-box\">\n<p>\t\t\t\t\t\t\t\t\t\t\t\t\t\t\t\t\t\t<a class=\"button primary\" href=\"https:\/\/insieme.ch\/fr\/faire-un-don\/\" target=\"_blank\" rel=\"noopener\"><br \/>\n\t\t\t\t\t\t\t\t\t\t\t\t\t\t\t\t\t\t\t\t\tFaire un don\t\t\t\t\t\t\t\t\t\t\t\t\t\t\t\t\t\t\t<\/a>\n\t\t\t\t\t\t\t\t\t\t\t\t\t\t\t\t\t\t\t\t\t<\/div>\n<\/p><\/div>\n<\/p><\/div>\n<\/p><\/div>\n<\/p><\/div>\n<\/div>\n<\/div>\n<p><!-- \/flzn:zn_button --><\/p>\n","protected":false},"excerpt":{"rendered":"<p>A l&rsquo;occasion de la journ\u00e9e mondiale de la trisomie 21, insieme Suisse promeut la diversit\u00e9 et met en avant l\u2019enrichissement que repr\u00e9sentent les personnes avec une trisomie 21 pour  notre soci\u00e9t\u00e9.<\/p>\n","protected":false},"author":28,"featured_media":4735,"comment_status":"open","ping_status":"open","sticky":false,"template":"","format":"standard","meta":{"_acf_changed":false,"footnotes":""},"categories":[16],"tags":[45,106,108],"class_list":["post-4712","post","type-post","status-publish","format-standard","has-post-thumbnail","hentry","category-handicap-mental","tag-diversite","tag-trisomie-21-fr","tag-welt-down-syndrom-tag","wp-sticky"],"acf":[],"yoast_head":"<!-- This site is optimized with the Yoast SEO plugin v27.5 - https:\/\/yoast.com\/product\/yoast-seo-wordpress\/ -->\n<title>Toutes et tous diff\u00e9rent\u00b7e\u00b7s les un\u00b7e\u00b7s des autres<\/title>\n<meta name=\"robots\" content=\"index, follow, max-snippet:-1, max-image-preview:large, max-video-preview:-1\" \/>\n<link rel=\"canonical\" href=\"https:\/\/blog.insieme.ch\/fr\/handicap-mental\/trisomie21-tous-differents\/\" \/>\n<meta property=\"og:locale\" content=\"fr_FR\" \/>\n<meta property=\"og:type\" content=\"article\" \/>\n<meta property=\"og:title\" content=\"Toutes et tous diff\u00e9rent\u00b7e\u00b7s les un\u00b7e\u00b7s des autres\" \/>\n<meta property=\"og:description\" content=\"A l&#039;occasion de la journ\u00e9e mondiale de la trisomie 21, insieme Suisse promeut la diversit\u00e9 et met en avant l\u2019enrichissement que repr\u00e9sentent les personnes avec une trisomie 21 pour notre soci\u00e9t\u00e9.\" \/>\n<meta property=\"og:url\" content=\"https:\/\/blog.insieme.ch\/fr\/handicap-mental\/trisomie21-tous-differents\/\" \/>\n<meta property=\"og:site_name\" content=\"insieme Blog\" \/>\n<meta property=\"article:publisher\" content=\"https:\/\/www.facebook.com\/insiemeSuisse\/\" \/>\n<meta property=\"article:published_time\" content=\"2023-03-17T13:17:52+00:00\" \/>\n<meta property=\"article:modified_time\" content=\"2023-03-17T13:17:53+00:00\" \/>\n<meta property=\"og:image\" content=\"https:\/\/blog.insieme.ch\/wp-inside\/uploads\/2023\/03\/7y1a3123.jpg\" \/>\n\t<meta property=\"og:image:width\" content=\"2000\" \/>\n\t<meta property=\"og:image:height\" content=\"1333\" \/>\n\t<meta property=\"og:image:type\" content=\"image\/jpeg\" \/>\n<meta name=\"author\" content=\"Tanja Male\" \/>\n<meta name=\"twitter:card\" content=\"summary_large_image\" \/>\n<meta name=\"twitter:creator\" content=\"@insiemeSuisse\" \/>\n<meta name=\"twitter:site\" content=\"@insiemeSuisse\" \/>\n<meta name=\"twitter:label1\" content=\"\u00c9crit par\" \/>\n\t<meta name=\"twitter:data1\" content=\"Tanja Male-Stocker\" \/>\n\t<meta name=\"twitter:label2\" content=\"Dur\u00e9e de lecture estim\u00e9e\" \/>\n\t<meta name=\"twitter:data2\" content=\"6 minutes\" \/>\n<script type=\"application\/ld+json\" class=\"yoast-schema-graph\">{\"@context\":\"https:\\\/\\\/schema.org\",\"@graph\":[{\"@type\":\"Article\",\"@id\":\"https:\\\/\\\/blog.insieme.ch\\\/fr\\\/handicap-mental\\\/trisomie21-tous-differents\\\/#article\",\"isPartOf\":{\"@id\":\"https:\\\/\\\/blog.insieme.ch\\\/fr\\\/handicap-mental\\\/trisomie21-tous-differents\\\/\"},\"author\":{\"name\":\"Tanja Male\",\"@id\":\"https:\\\/\\\/blog.insieme.ch\\\/fr\\\/#\\\/schema\\\/person\\\/4ce1376bb19acea97a23d3d214e1c089\"},\"headline\":\"Toutes et tous diff\u00e9rent\u00b7e\u00b7s les un\u00b7e\u00b7s des autres\",\"datePublished\":\"2023-03-17T13:17:52+00:00\",\"dateModified\":\"2023-03-17T13:17:53+00:00\",\"mainEntityOfPage\":{\"@id\":\"https:\\\/\\\/blog.insieme.ch\\\/fr\\\/handicap-mental\\\/trisomie21-tous-differents\\\/\"},\"wordCount\":1214,\"commentCount\":0,\"publisher\":{\"@id\":\"https:\\\/\\\/blog.insieme.ch\\\/fr\\\/#organization\"},\"image\":{\"@id\":\"https:\\\/\\\/blog.insieme.ch\\\/fr\\\/handicap-mental\\\/trisomie21-tous-differents\\\/#primaryimage\"},\"thumbnailUrl\":\"https:\\\/\\\/blog.insieme.ch\\\/wp-inside\\\/uploads\\\/2023\\\/03\\\/7y1a3123.jpg\",\"keywords\":[\"Diversit\u00e9\",\"Trisomie 21\",\"Welt-Down-Syndrom-Tag\"],\"articleSection\":[\"Handicap mental\"],\"inLanguage\":\"fr-FR\",\"potentialAction\":[{\"@type\":\"CommentAction\",\"name\":\"Comment\",\"target\":[\"https:\\\/\\\/blog.insieme.ch\\\/fr\\\/handicap-mental\\\/trisomie21-tous-differents\\\/#respond\"]}]},{\"@type\":\"WebPage\",\"@id\":\"https:\\\/\\\/blog.insieme.ch\\\/fr\\\/handicap-mental\\\/trisomie21-tous-differents\\\/\",\"url\":\"https:\\\/\\\/blog.insieme.ch\\\/fr\\\/handicap-mental\\\/trisomie21-tous-differents\\\/\",\"name\":\"Toutes et tous diff\u00e9rent\u00b7e\u00b7s les un\u00b7e\u00b7s des autres\",\"isPartOf\":{\"@id\":\"https:\\\/\\\/blog.insieme.ch\\\/fr\\\/#website\"},\"primaryImageOfPage\":{\"@id\":\"https:\\\/\\\/blog.insieme.ch\\\/fr\\\/handicap-mental\\\/trisomie21-tous-differents\\\/#primaryimage\"},\"image\":{\"@id\":\"https:\\\/\\\/blog.insieme.ch\\\/fr\\\/handicap-mental\\\/trisomie21-tous-differents\\\/#primaryimage\"},\"thumbnailUrl\":\"https:\\\/\\\/blog.insieme.ch\\\/wp-inside\\\/uploads\\\/2023\\\/03\\\/7y1a3123.jpg\",\"datePublished\":\"2023-03-17T13:17:52+00:00\",\"dateModified\":\"2023-03-17T13:17:53+00:00\",\"breadcrumb\":{\"@id\":\"https:\\\/\\\/blog.insieme.ch\\\/fr\\\/handicap-mental\\\/trisomie21-tous-differents\\\/#breadcrumb\"},\"inLanguage\":\"fr-FR\",\"potentialAction\":[{\"@type\":\"ReadAction\",\"target\":[\"https:\\\/\\\/blog.insieme.ch\\\/fr\\\/handicap-mental\\\/trisomie21-tous-differents\\\/\"]}]},{\"@type\":\"ImageObject\",\"inLanguage\":\"fr-FR\",\"@id\":\"https:\\\/\\\/blog.insieme.ch\\\/fr\\\/handicap-mental\\\/trisomie21-tous-differents\\\/#primaryimage\",\"url\":\"https:\\\/\\\/blog.insieme.ch\\\/wp-inside\\\/uploads\\\/2023\\\/03\\\/7y1a3123.jpg\",\"contentUrl\":\"https:\\\/\\\/blog.insieme.ch\\\/wp-inside\\\/uploads\\\/2023\\\/03\\\/7y1a3123.jpg\",\"width\":2000,\"height\":1333},{\"@type\":\"BreadcrumbList\",\"@id\":\"https:\\\/\\\/blog.insieme.ch\\\/fr\\\/handicap-mental\\\/trisomie21-tous-differents\\\/#breadcrumb\",\"itemListElement\":[{\"@type\":\"ListItem\",\"position\":1,\"name\":\"Accueil\",\"item\":\"https:\\\/\\\/blog.insieme.ch\\\/fr\\\/\"},{\"@type\":\"ListItem\",\"position\":2,\"name\":\"Handicap mental\",\"item\":\"https:\\\/\\\/blog.insieme.ch\\\/fr\\\/handicap-mental\\\/\"},{\"@type\":\"ListItem\",\"position\":3,\"name\":\"Toutes et tous diff\u00e9rent\u00b7e\u00b7s les un\u00b7e\u00b7s des autres\"}]},{\"@type\":\"WebSite\",\"@id\":\"https:\\\/\\\/blog.insieme.ch\\\/fr\\\/#website\",\"url\":\"https:\\\/\\\/blog.insieme.ch\\\/fr\\\/\",\"name\":\"insieme Blog\",\"description\":\"Alles ausser gew\u00f6hnlich\",\"publisher\":{\"@id\":\"https:\\\/\\\/blog.insieme.ch\\\/fr\\\/#organization\"},\"potentialAction\":[{\"@type\":\"SearchAction\",\"target\":{\"@type\":\"EntryPoint\",\"urlTemplate\":\"https:\\\/\\\/blog.insieme.ch\\\/fr\\\/?s={search_term_string}\"},\"query-input\":{\"@type\":\"PropertyValueSpecification\",\"valueRequired\":true,\"valueName\":\"search_term_string\"}}],\"inLanguage\":\"fr-FR\"},{\"@type\":\"Organization\",\"@id\":\"https:\\\/\\\/blog.insieme.ch\\\/fr\\\/#organization\",\"name\":\"insieme Blog\",\"url\":\"https:\\\/\\\/blog.insieme.ch\\\/fr\\\/\",\"logo\":{\"@type\":\"ImageObject\",\"inLanguage\":\"fr-FR\",\"@id\":\"https:\\\/\\\/blog.insieme.ch\\\/fr\\\/#\\\/schema\\\/logo\\\/image\\\/\",\"url\":\"https:\\\/\\\/blog.insieme.ch\\\/wp-inside\\\/uploads\\\/2021\\\/04\\\/logo-insieme-blog.png\",\"contentUrl\":\"https:\\\/\\\/blog.insieme.ch\\\/wp-inside\\\/uploads\\\/2021\\\/04\\\/logo-insieme-blog.png\",\"width\":280,\"height\":81,\"caption\":\"insieme Blog\"},\"image\":{\"@id\":\"https:\\\/\\\/blog.insieme.ch\\\/fr\\\/#\\\/schema\\\/logo\\\/image\\\/\"},\"sameAs\":[\"https:\\\/\\\/www.facebook.com\\\/insiemeSuisse\\\/\",\"https:\\\/\\\/x.com\\\/insiemeSuisse\"]},{\"@type\":\"Person\",\"@id\":\"https:\\\/\\\/blog.insieme.ch\\\/fr\\\/#\\\/schema\\\/person\\\/4ce1376bb19acea97a23d3d214e1c089\",\"name\":\"Tanja Male\",\"image\":{\"@type\":\"ImageObject\",\"inLanguage\":\"fr-FR\",\"@id\":\"https:\\\/\\\/secure.gravatar.com\\\/avatar\\\/627012daf1c4ed211a64650f2f4f54c09528ec18fa02f418ae017c562872f780?s=96&d=mm&r=g\",\"url\":\"https:\\\/\\\/secure.gravatar.com\\\/avatar\\\/627012daf1c4ed211a64650f2f4f54c09528ec18fa02f418ae017c562872f780?s=96&d=mm&r=g\",\"contentUrl\":\"https:\\\/\\\/secure.gravatar.com\\\/avatar\\\/627012daf1c4ed211a64650f2f4f54c09528ec18fa02f418ae017c562872f780?s=96&d=mm&r=g\",\"caption\":\"Tanja Male\"},\"description\":\"Marketing &amp; collecte de fonds insieme suisse\",\"url\":\"https:\\\/\\\/blog.insieme.ch\\\/fr\\\/author\\\/tanja-male\\\/\"}]}<\/script>\n<!-- \/ Yoast SEO plugin. -->","yoast_head_json":{"title":"Toutes et tous diff\u00e9rent\u00b7e\u00b7s les un\u00b7e\u00b7s des autres","robots":{"index":"index","follow":"follow","max-snippet":"max-snippet:-1","max-image-preview":"max-image-preview:large","max-video-preview":"max-video-preview:-1"},"canonical":"https:\/\/blog.insieme.ch\/fr\/handicap-mental\/trisomie21-tous-differents\/","og_locale":"fr_FR","og_type":"article","og_title":"Toutes et tous diff\u00e9rent\u00b7e\u00b7s les un\u00b7e\u00b7s des autres","og_description":"A l'occasion de la journ\u00e9e mondiale de la trisomie 21, insieme Suisse promeut la diversit\u00e9 et met en avant l\u2019enrichissement que repr\u00e9sentent les personnes avec une trisomie 21 pour notre soci\u00e9t\u00e9.","og_url":"https:\/\/blog.insieme.ch\/fr\/handicap-mental\/trisomie21-tous-differents\/","og_site_name":"insieme Blog","article_publisher":"https:\/\/www.facebook.com\/insiemeSuisse\/","article_published_time":"2023-03-17T13:17:52+00:00","article_modified_time":"2023-03-17T13:17:53+00:00","og_image":[{"width":2000,"height":1333,"url":"https:\/\/blog.insieme.ch\/wp-inside\/uploads\/2023\/03\/7y1a3123.jpg","type":"image\/jpeg"}],"author":"Tanja Male","twitter_card":"summary_large_image","twitter_creator":"@insiemeSuisse","twitter_site":"@insiemeSuisse","twitter_misc":{"\u00c9crit par":"Tanja Male-Stocker","Dur\u00e9e de lecture estim\u00e9e":"6 minutes"},"schema":{"@context":"https:\/\/schema.org","@graph":[{"@type":"Article","@id":"https:\/\/blog.insieme.ch\/fr\/handicap-mental\/trisomie21-tous-differents\/#article","isPartOf":{"@id":"https:\/\/blog.insieme.ch\/fr\/handicap-mental\/trisomie21-tous-differents\/"},"author":{"name":"Tanja Male","@id":"https:\/\/blog.insieme.ch\/fr\/#\/schema\/person\/4ce1376bb19acea97a23d3d214e1c089"},"headline":"Toutes et tous diff\u00e9rent\u00b7e\u00b7s les un\u00b7e\u00b7s des autres","datePublished":"2023-03-17T13:17:52+00:00","dateModified":"2023-03-17T13:17:53+00:00","mainEntityOfPage":{"@id":"https:\/\/blog.insieme.ch\/fr\/handicap-mental\/trisomie21-tous-differents\/"},"wordCount":1214,"commentCount":0,"publisher":{"@id":"https:\/\/blog.insieme.ch\/fr\/#organization"},"image":{"@id":"https:\/\/blog.insieme.ch\/fr\/handicap-mental\/trisomie21-tous-differents\/#primaryimage"},"thumbnailUrl":"https:\/\/blog.insieme.ch\/wp-inside\/uploads\/2023\/03\/7y1a3123.jpg","keywords":["Diversit\u00e9","Trisomie 21","Welt-Down-Syndrom-Tag"],"articleSection":["Handicap mental"],"inLanguage":"fr-FR","potentialAction":[{"@type":"CommentAction","name":"Comment","target":["https:\/\/blog.insieme.ch\/fr\/handicap-mental\/trisomie21-tous-differents\/#respond"]}]},{"@type":"WebPage","@id":"https:\/\/blog.insieme.ch\/fr\/handicap-mental\/trisomie21-tous-differents\/","url":"https:\/\/blog.insieme.ch\/fr\/handicap-mental\/trisomie21-tous-differents\/","name":"Toutes et tous diff\u00e9rent\u00b7e\u00b7s les un\u00b7e\u00b7s des autres","isPartOf":{"@id":"https:\/\/blog.insieme.ch\/fr\/#website"},"primaryImageOfPage":{"@id":"https:\/\/blog.insieme.ch\/fr\/handicap-mental\/trisomie21-tous-differents\/#primaryimage"},"image":{"@id":"https:\/\/blog.insieme.ch\/fr\/handicap-mental\/trisomie21-tous-differents\/#primaryimage"},"thumbnailUrl":"https:\/\/blog.insieme.ch\/wp-inside\/uploads\/2023\/03\/7y1a3123.jpg","datePublished":"2023-03-17T13:17:52+00:00","dateModified":"2023-03-17T13:17:53+00:00","breadcrumb":{"@id":"https:\/\/blog.insieme.ch\/fr\/handicap-mental\/trisomie21-tous-differents\/#breadcrumb"},"inLanguage":"fr-FR","potentialAction":[{"@type":"ReadAction","target":["https:\/\/blog.insieme.ch\/fr\/handicap-mental\/trisomie21-tous-differents\/"]}]},{"@type":"ImageObject","inLanguage":"fr-FR","@id":"https:\/\/blog.insieme.ch\/fr\/handicap-mental\/trisomie21-tous-differents\/#primaryimage","url":"https:\/\/blog.insieme.ch\/wp-inside\/uploads\/2023\/03\/7y1a3123.jpg","contentUrl":"https:\/\/blog.insieme.ch\/wp-inside\/uploads\/2023\/03\/7y1a3123.jpg","width":2000,"height":1333},{"@type":"BreadcrumbList","@id":"https:\/\/blog.insieme.ch\/fr\/handicap-mental\/trisomie21-tous-differents\/#breadcrumb","itemListElement":[{"@type":"ListItem","position":1,"name":"Accueil","item":"https:\/\/blog.insieme.ch\/fr\/"},{"@type":"ListItem","position":2,"name":"Handicap mental","item":"https:\/\/blog.insieme.ch\/fr\/handicap-mental\/"},{"@type":"ListItem","position":3,"name":"Toutes et tous diff\u00e9rent\u00b7e\u00b7s les un\u00b7e\u00b7s des autres"}]},{"@type":"WebSite","@id":"https:\/\/blog.insieme.ch\/fr\/#website","url":"https:\/\/blog.insieme.ch\/fr\/","name":"insieme Blog","description":"Alles ausser gew\u00f6hnlich","publisher":{"@id":"https:\/\/blog.insieme.ch\/fr\/#organization"},"potentialAction":[{"@type":"SearchAction","target":{"@type":"EntryPoint","urlTemplate":"https:\/\/blog.insieme.ch\/fr\/?s={search_term_string}"},"query-input":{"@type":"PropertyValueSpecification","valueRequired":true,"valueName":"search_term_string"}}],"inLanguage":"fr-FR"},{"@type":"Organization","@id":"https:\/\/blog.insieme.ch\/fr\/#organization","name":"insieme Blog","url":"https:\/\/blog.insieme.ch\/fr\/","logo":{"@type":"ImageObject","inLanguage":"fr-FR","@id":"https:\/\/blog.insieme.ch\/fr\/#\/schema\/logo\/image\/","url":"https:\/\/blog.insieme.ch\/wp-inside\/uploads\/2021\/04\/logo-insieme-blog.png","contentUrl":"https:\/\/blog.insieme.ch\/wp-inside\/uploads\/2021\/04\/logo-insieme-blog.png","width":280,"height":81,"caption":"insieme Blog"},"image":{"@id":"https:\/\/blog.insieme.ch\/fr\/#\/schema\/logo\/image\/"},"sameAs":["https:\/\/www.facebook.com\/insiemeSuisse\/","https:\/\/x.com\/insiemeSuisse"]},{"@type":"Person","@id":"https:\/\/blog.insieme.ch\/fr\/#\/schema\/person\/4ce1376bb19acea97a23d3d214e1c089","name":"Tanja Male","image":{"@type":"ImageObject","inLanguage":"fr-FR","@id":"https:\/\/secure.gravatar.com\/avatar\/627012daf1c4ed211a64650f2f4f54c09528ec18fa02f418ae017c562872f780?s=96&d=mm&r=g","url":"https:\/\/secure.gravatar.com\/avatar\/627012daf1c4ed211a64650f2f4f54c09528ec18fa02f418ae017c562872f780?s=96&d=mm&r=g","contentUrl":"https:\/\/secure.gravatar.com\/avatar\/627012daf1c4ed211a64650f2f4f54c09528ec18fa02f418ae017c562872f780?s=96&d=mm&r=g","caption":"Tanja Male"},"description":"Marketing &amp; collecte de fonds insieme suisse","url":"https:\/\/blog.insieme.ch\/fr\/author\/tanja-male\/"}]}},"featured_media_url":"https:\/\/blog.insieme.ch\/wp-inside\/uploads\/2023\/03\/7y1a3123-1024x682.jpg","_links":{"self":[{"href":"https:\/\/blog.insieme.ch\/fr\/wp-json\/wp\/v2\/posts\/4712","targetHints":{"allow":["GET"]}}],"collection":[{"href":"https:\/\/blog.insieme.ch\/fr\/wp-json\/wp\/v2\/posts"}],"about":[{"href":"https:\/\/blog.insieme.ch\/fr\/wp-json\/wp\/v2\/types\/post"}],"author":[{"embeddable":true,"href":"https:\/\/blog.insieme.ch\/fr\/wp-json\/wp\/v2\/users\/28"}],"replies":[{"embeddable":true,"href":"https:\/\/blog.insieme.ch\/fr\/wp-json\/wp\/v2\/comments?post=4712"}],"version-history":[{"count":15,"href":"https:\/\/blog.insieme.ch\/fr\/wp-json\/wp\/v2\/posts\/4712\/revisions"}],"predecessor-version":[{"id":4767,"href":"https:\/\/blog.insieme.ch\/fr\/wp-json\/wp\/v2\/posts\/4712\/revisions\/4767"}],"wp:featuredmedia":[{"embeddable":true,"href":"https:\/\/blog.insieme.ch\/fr\/wp-json\/wp\/v2\/media\/4735"}],"wp:attachment":[{"href":"https:\/\/blog.insieme.ch\/fr\/wp-json\/wp\/v2\/media?parent=4712"}],"wp:term":[{"taxonomy":"category","embeddable":true,"href":"https:\/\/blog.insieme.ch\/fr\/wp-json\/wp\/v2\/categories?post=4712"},{"taxonomy":"post_tag","embeddable":true,"href":"https:\/\/blog.insieme.ch\/fr\/wp-json\/wp\/v2\/tags?post=4712"}],"curies":[{"name":"wp","href":"https:\/\/api.w.org\/{rel}","templated":true}]}}