{"id":4652,"date":"2023-03-02T11:00:40","date_gmt":"2023-03-02T10:00:40","guid":{"rendered":"https:\/\/blog.insieme.ch\/?p=4652"},"modified":"2023-03-02T11:37:22","modified_gmt":"2023-03-02T10:37:22","slug":"pandemie-regards-croises","status":"publish","type":"post","link":"https:\/\/blog.insieme.ch\/fr\/sante-et-qualite-de-vie\/pandemie-regards-croises\/","title":{"rendered":"Pand\u00e9mie&#160;: regards crois\u00e9s"},"content":{"rendered":"<p><!-- flzn:zn_pagebanner --><\/p>\n<header id=\"flzn-pagebanner-1\" class=\"zone zn-pagebanner is-alignfull with-bg bg-color is-bgc-yellow-light\"><span class=\"zone-bg bg-color bgc-yellow-light alignfull\"><\/span><\/p>\n<div class=\"zone-block zn-pagebanner-block alignfull va-center\"><\/div>\n<\/header>\n<p><!-- \/flzn:zn_pagebanner --><br \/>\n<!-- flzn:zn_text --><\/p>\n<div id=\"flzn-text-1\" class=\"zone zn-text is-alignwide\">\n<div class=\"zone-block zn-text-block alignwide va-top\">\n<div class=\"row mw-content-zone zn-text-row\">\n<div class=\"columns large-12\">\n<div class=\"row large-up-1 with-nice-alignment nbloc-1\">\n<div class=\"column zn-text-col\">\n<div class=\"column-inner\">\n<div class=\"wig-content mw-content\">\n<h3 style=\"text-align: center;\"><strong>Avec d\u00e9sormais quelques ann\u00e9es de recul, la revue <a href=\"http:\/\/www.pagesromandes.ch\/\" target=\"_blank\" rel=\"noopener\">Pages Romandes<\/a> est revenue sur la pand\u00e9mie de COVID-19. Retour sur cette p\u00e9riode particuli\u00e8re \u00e0 partir de trois perspectives diff\u00e9rentes.<\/strong><\/h3>\n<p><!--more--><\/p>\n<\/p><\/div>\n<\/p><\/div>\n<\/p><\/div>\n<\/p><\/div>\n<\/p><\/div>\n<\/p><\/div>\n<\/div>\n<\/div>\n<p><!-- \/flzn:zn_text --><br \/>\n<!-- flzn:zn_text_img --><\/p>\n<div id=\"flzn-textimg-1\" class=\"zone zn-textimg is-alignwide\">\n<div class=\"zone-block zn-textimg-block alignwide va-center\">\n<div class=\"row\">\n<div class=\"columns large-12\">\n<div class=\"row with-nice-alignment zn-textimg-row va-center\" data-equalizer data-equalize-on=\"large\">\n<div class=\"columns large-6 zn-textimg-colimg\" data-equalizer-watch>\n<div class=\"columns-inner zn-textimg-col-inner\">\n<div class=\"zn-textimg-imgs\">\n<div class=\"zn-textimg-imgbox\" title=\"Matteo est d\u00e9sormais dans un autre foyer, plus adapt\u00e9 \u00e0 ses besoins. \u00a9 V\u00e9ronique N.\">\n<figure class=\"zn-textimg-figure\">\n\t\t\t\t\t\t\t\t\t<img decoding=\"async\" class=\"zn-textimg-img\" src=\"https:\/\/blog.insieme.ch\/wp-inside\/uploads\/2023\/03\/article-1b_matteo-e1677749164421-614x530.jpg\" alt=\"Une jeune homme est assis dans un hamac.\"\/><figcaption class=\"zn-textimg-caption\">Matteo est d\u00e9sormais dans un autre foyer, plus adapt\u00e9 \u00e0 ses besoins. \u00a9 V\u00e9ronique N.<\/figcaption><\/figure>\n<\/p><\/div>\n<\/p><\/div>\n<\/p><\/div>\n<\/p><\/div>\n<div class=\"columns large-6 zn-textimg-coldesc\" data-equalizer-watch>\n<div class=\"columns-inner zn-textimg-descbox\">\n<div class=\"zn-textimg-desc wig-content\">\n<h3><strong>Le point de vue d&#8217;une maman<\/strong><\/h3>\n<p>Durant le confinement, Matteo \u00e9tait apais\u00e9, tranquille, \u00e0 la maison, toujours avec sa maman ou son papa qui t\u00e9l\u00e9travaillait. Nous sortions tr\u00e8s peu, ce qui avait un c\u00f4t\u00e9 rassurant pour lui. En revanche, la reprise a \u00e9t\u00e9 compliqu\u00e9e. Il \u00e9tait \u00e9tonn\u00e9 de voir que les ateliers n\u2019\u00e9taient ouverts que pour les personnes les \u00ab&#160;&#160;<em>moins vuln\u00e9rables<\/em>&#160;&#160;\u00bb. Il ne comprenait pas pourquoi certains copains n\u2019\u00e9taient pas pr\u00e9sents et semblait inquiet de ne pas savoir s\u2019il allait les retrouver. En plus, il fallait int\u00e9grer de nouvelles r\u00e8gles d\u2019hygi\u00e8ne, mettre le masque, manger s\u00e9par\u00e9ment et non plus au r\u00e9fectoire.<\/p>\n<blockquote>\n<p>La reprise de l\u2019apr\u00e8s-confinement a \u00e9t\u00e9 vraiment dure.<\/p>\n<\/blockquote>\n<p>Les nuits \u00e0 la Fondation St-George ont repris bien plus tard et l\u2019organisation avait chang\u00e9. Peu de temps apr\u00e8s la reprise, Matteo a int\u00e9gr\u00e9 un nouveau foyer pour des personnes plus autonomes. L\u2019\u00e9quipe s\u2019est rapidement aper\u00e7ue que ce foyer ne lui correspondait pas et lui a fait r\u00e9int\u00e9grer son foyer pr\u00e9c\u00e9dent. Mais, l\u00e0 aussi, le personnel avait chang\u00e9 en raison de la restructuration, le responsable n\u2019\u00e9tait plus le m\u00eame non plus. \u00a0Ce foyer ne lui convenait plus. Cela a \u00e9t\u00e9 un moment tr\u00e8s p\u00e9nible pour Matteo, il n\u2019\u00e9tait plus motiv\u00e9 \u00e0 y aller et avait un comportement tr\u00e8s agit\u00e9, il \u00e9tait tr\u00e8s nerveux. La reprise de l\u2019apr\u00e8s-confinement a \u00e9t\u00e9 vraiment dure. Maintenant Matteo est int\u00e9gr\u00e9 dans un autre foyer, beaucoup plus adapt\u00e9 \u00e0 son besoin de bouger.<\/p>\n<\/div><\/div>\n<\/p><\/div>\n<\/p><\/div>\n<\/p><\/div>\n<\/p><\/div>\n<\/div>\n<\/div>\n<p><!-- \/flzn:zn_text_img --><br \/>\n<!-- flzn:zn_text --><\/p>\n<div id=\"flzn-text-2\" class=\"zone zn-text is-alignwide with-bg bg-color is-bgc-yellow-light\"><span class=\"zone-bg bg-color bgc-yellow-light alignfull\"><\/span><\/p>\n<div class=\"zone-block zn-text-block alignwide va-top\">\n<div class=\"row mw-content-zone zn-text-row\">\n<div class=\"columns large-12\">\n<div class=\"row large-up-1 with-nice-alignment nbloc-1\">\n<div class=\"column zn-text-col\">\n<div class=\"column-inner\">\n<div class=\"wig-content mw-content\">\n<h3 style=\"text-align: center;\"><em><strong>V\u00e9ronique <\/strong>est la\u00a0maman de <strong>Matteo<\/strong>, jeune adulte porteur d\u2019une d\u00e9ficience intellectuelle moyenne. Matteo travaille en atelier prot\u00e9g\u00e9 la journ\u00e9e et dort deux \u00e0 trois nuits par semaine en institution.<\/em><\/h3>\n<\/p><\/div>\n<\/p><\/div>\n<\/p><\/div>\n<\/p><\/div>\n<\/p><\/div>\n<\/p><\/div>\n<\/div>\n<\/div>\n<p><!-- \/flzn:zn_text --><br \/>\n<!-- flzn:zn_text --><\/p>\n<div id=\"flzn-text-3\" class=\"zone zn-text is-alignwide\">\n<div class=\"zone-block zn-text-block pdd-top-big alignwide va-top\">\n<div class=\"row mw-content-zone zn-text-row\">\n<div class=\"columns large-12\">\n<div class=\"row large-up-1 with-nice-alignment nbloc-1\">\n<div class=\"column zn-text-col\">\n<div class=\"column-inner\">\n<div class=\"wig-content mw-content\">\n<h3 style=\"text-align: center;\"><strong>Le point de vue d&#8217;une responsable de foyer<\/strong><\/h3>\n<\/p><\/div>\n<\/p><\/div>\n<\/p><\/div>\n<\/p><\/div>\n<\/p><\/div>\n<\/p><\/div>\n<\/div>\n<\/div>\n<p><!-- \/flzn:zn_text --><br \/>\n<!-- flzn:zn_text --><\/p>\n<div id=\"flzn-text-4\" class=\"zone zn-text is-alignwide\">\n<div class=\"zone-block zn-text-block alignwide va-top\">\n<div class=\"row mw-content-zone zn-text-row\">\n<div class=\"columns large-12\">\n<div class=\"row with-nice-alignment nbloc-2 va-top\">\n<div class=\"columns large-6 zn-text-col\">\n<div class=\"columns-inner\">\n<div class=\"wig-content mw-content\">\n<p>Nous avons d\u00fb nous r\u00e9organiser du jour au lendemain. Les \u00e9ducateurs sociaux ont \u00e9t\u00e9 r\u00e9partis dans les foyers, ce qui a eu pour effet d\u2019augmenter le nombre du personnel accompagnant. C\u2019\u00e9tait int\u00e9ressant pour les membres de l\u2019\u00e9quipe \u00e9ducative qui ont pu d\u00e9couvrir les r\u00e9sidents dans des moments de journ\u00e9e o\u00f9, habituellement, ils n\u2019\u00e9taient pas sur les foyers.<\/p>\n<blockquote>\n<p>Nous avons d\u00fb nous r\u00e9organiser du jour au lendemain.<\/p>\n<\/blockquote>\n<p>Les \u00e9ducateurs sociaux des ateliers ont quant \u00e0 eux eu l\u2019opportunit\u00e9 d\u2019accompagner les r\u00e9sidents dans tout ce qui \u00e9tait en lien avec les soins. Nous avons en outre pu observer que le fait de ne plus avoir les contraintes d\u2019horaires et d\u2019ateliers correspondait mieux aux besoins de certains r\u00e9sidents. Pour certains, c\u2019\u00e9tait bien s\u00fbr difficile de ne pas pouvoir sortir, mais globalement nous avons r\u00e9ussi \u00e0 trouver un \u00e9quilibre.<\/p>\n<p>&nbsp;<\/p>\n<p>&nbsp;<\/p>\n<\/p><\/div>\n<\/p><\/div>\n<\/p><\/div>\n<div class=\"columns large-6 zn-text-col\">\n<div class=\"columns-inner\">\n<div class=\"wig-content mw-content\">\n<p>Nous avons pu d\u00e9couvrir leurs multiples ressources et leurs capacit\u00e9s d\u2019adaptation \u00e0 une nouvelle r\u00e9alit\u00e9. Nous avons \u00e9galement d\u00e9velopp\u00e9 l\u2019usage de la visioconf\u00e9rence. Ces moments d\u2019\u00e9changes avec les familles \u00e9taient tr\u00e8s attendus. C\u2019\u00e9tait une nouvelle d\u00e9couverte pour nous et nous utilisons encore ces moyens technologiques aujourd\u2019hui. Lorsque les activit\u00e9s ont repris, la difficult\u00e9 pour certains a \u00e9t\u00e9 de devoir se remettre dans un rythme, avec des horaires r\u00e9guliers.<\/p>\n<blockquote>\n<p>Je retiens de cette p\u00e9riode la tr\u00e8s grande adaptabilit\u00e9 dont ont fait preuve les r\u00e9sidents, ainsi que les collaborateurs<\/p>\n<\/blockquote>\n<p>Je retiens de cette p\u00e9riode la tr\u00e8s grande adaptabilit\u00e9 dont ont fait preuve les r\u00e9sidents, ainsi que les collaborateurs. Cela a \u00e9t\u00e9 l\u2019occasion \u00e9galement de d\u00e9couvrir les r\u00e9sidents autrement. Un tr\u00e8s grand soutien mutuel et une grande solidarit\u00e9 entre les diff\u00e9rents secteurs ont \u00e9galement \u00e9merg\u00e9 durant cette p\u00e9riode.<\/p>\n<\/p><\/div>\n<\/p><\/div>\n<\/p><\/div>\n<\/p><\/div>\n<\/p><\/div>\n<\/p><\/div>\n<\/div>\n<\/div>\n<p><!-- \/flzn:zn_text --><br \/>\n<!-- flzn:zn_text --><\/p>\n<div id=\"flzn-text-5\" class=\"zone zn-text is-alignwide with-bg bg-color is-bgc-yellow-light\"><span class=\"zone-bg bg-color bgc-yellow-light alignfull\"><\/span><\/p>\n<div class=\"zone-block zn-text-block pdd-bottom-big alignwide va-top\">\n<div class=\"row mw-content-zone zn-text-row\">\n<div class=\"columns large-12\">\n<div class=\"row large-up-1 with-nice-alignment nbloc-1\">\n<div class=\"column zn-text-col\">\n<div class=\"column-inner\">\n<div class=\"wig-content mw-content\">\n<h3 style=\"text-align: center;\"><em><strong>Joanne Rousteau<\/strong> est responsable de foyer \u00e0 la Fondation St-George \u00e0 Yevrdon-les-Bains.<\/em><\/h3>\n<\/p><\/div>\n<\/p><\/div>\n<\/p><\/div>\n<\/p><\/div>\n<\/p><\/div>\n<\/p><\/div>\n<\/div>\n<\/div>\n<p><!-- \/flzn:zn_text --><br \/>\n<!-- flzn:zn_text_img --><\/p>\n<div id=\"flzn-textimg-2\" class=\"zone zn-textimg is-alignwide\">\n<div class=\"zone-block zn-textimg-block pdd-top-big alignwide va-center\">\n<div class=\"row\">\n<div class=\"columns large-12\">\n<div class=\"row with-nice-alignment zn-textimg-row va-center\" data-equalizer data-equalize-on=\"large\">\n<div class=\"columns large-6 large-push-6 zn-textimg-colimg\" data-equalizer-watch>\n<div class=\"columns-inner zn-textimg-col-inner\">\n<div class=\"zn-textimg-imgs\">\n<div class=\"zn-textimg-imgbox\" title=\"Pendant la pand\u00e9mie, Arnaud Zighetti n'avait plus le courage d\u2019aller travailler. \u00a9 A.Zighetti\">\n<figure class=\"zn-textimg-figure\">\n\t\t\t\t\t\t\t\t\t<img decoding=\"async\" class=\"zn-textimg-img\" src=\"https:\/\/blog.insieme.ch\/wp-inside\/uploads\/2023\/03\/article-1b_arnaud-800x530.jpg\" alt=\"Un homme est assis sur un banc et regarde l'objectif.\"\/><figcaption class=\"zn-textimg-caption\">Pendant la pand\u00e9mie, Arnaud Zighetti n&rsquo;avait plus le courage d\u2019aller travailler. \u00a9 A.Zighetti<\/figcaption><\/figure>\n<\/p><\/div>\n<\/p><\/div>\n<\/p><\/div>\n<\/p><\/div>\n<div class=\"columns large-6 large-pull-6 zn-textimg-coldesc\" data-equalizer-watch>\n<div class=\"columns-inner zn-textimg-descbox\">\n<div class=\"zn-textimg-desc wig-content\">\n<h3><strong>Le point de vue d&#8217;un r\u00e9sident<\/strong><\/h3>\n<p>Au d\u00e9part c\u2019\u00e9tait tr\u00e8s dur, \u00e7a me tombait sur le moral. Je n\u2019avais plus d\u2019\u00e9nergie, plus rien, on m\u2019aurait donn\u00e9 une paire de gifles que je n\u2019aurais m\u00eame pas r\u00e9agi&#160;&#160;!\u00a0 J\u2019en pleurais tellement, j\u2019avais le moral \u00e0 z\u00e9ro&#160;&#160;! J\u2019ai m\u00eame eu des envies suicidaires, c\u2019\u00e9tait violent.<\/p>\n<blockquote>\n<p>J\u2019en pleurais tellement, j\u2019avais le moral \u00e0 z\u00e9ro&#160;&#160;! J\u2019ai m\u00eame eu des envies suicidaires, c\u2019\u00e9tait violent.<\/p>\n<\/blockquote>\n<p>En 29 ans ici, c\u2019est la pire chose qui me soit arriv\u00e9e, c\u2019est vraiment ce que je pense. Pendant la pand\u00e9mie, je n\u2019avais plus le courage d\u2019aller travailler\u2026 alors j\u2019ai arr\u00eat\u00e9 et je me suis mis \u00e0 \u00e9crire un texte sur la COVID. \u00c7a m\u2019a fait du bien et \u00e7a m\u2019a permis de me retrouver, de calmer le rythme.<\/p>\n<p>J\u2019ai aussi pu travailler le violoncelle deux heures par jour alors que d\u2019habitude je n\u2019ai jamais le temps. J\u2019ai pr\u00e9par\u00e9 une audition. \u00c7a me permettait d\u2019avoir un projet, un but.<\/p>\n<p>Actuellement, on est dans la huiti\u00e8me vague, mais je me sens plus serein. Je suis heureusement bien remont\u00e9.<\/p>\n<p>&nbsp;<\/p>\n<\/div><\/div>\n<\/p><\/div>\n<\/p><\/div>\n<\/p><\/div>\n<\/p><\/div>\n<\/div>\n<\/div>\n<p><!-- \/flzn:zn_text_img --><br \/>\n<!-- flzn:zn_text --><\/p>\n<div id=\"flzn-text-6\" class=\"zone zn-text is-alignwide with-bg bg-color is-bgc-yellow-light\"><span class=\"zone-bg bg-color bgc-yellow-light alignfull\"><\/span><\/p>\n<div class=\"zone-block zn-text-block alignwide va-top\">\n<div class=\"row mw-content-zone zn-text-row\">\n<div class=\"columns large-12\">\n<div class=\"row large-up-1 with-nice-alignment nbloc-1\">\n<div class=\"column zn-text-col\">\n<div class=\"column-inner\">\n<div class=\"wig-content mw-content\">\n<h3 style=\"text-align: center;\"><em><strong>Arnaud Zighetti<\/strong> est interne depuis 29 ans \u00e0 l\u2019institution St-George \u00e0 Yverdon-les-Bains.<\/em><\/h3>\n<\/p><\/div>\n<\/p><\/div>\n<\/p><\/div>\n<\/p><\/div>\n<\/p><\/div>\n<\/p><\/div>\n<\/div>\n<\/div>\n<p><!-- \/flzn:zn_text --><br \/>\n<!-- flzn:zn_text --><\/p>\n<div id=\"flzn-text-7\" class=\"zone zn-text is-alignwide with-bg bg-color is-bgc-white\"><span class=\"zone-bg bg-color bgc-white alignfull\"><\/span><\/p>\n<div class=\"zone-block zn-text-block alignwide va-top\">\n<div class=\"row mw-content-zone zn-text-row\">\n<div class=\"columns large-12\">\n<div class=\"row large-up-1 with-nice-alignment nbloc-1\">\n<div class=\"column zn-text-col\">\n<div class=\"column-inner\">\n<div class=\"wig-content mw-content\">\n<p><em>L\u2019article dans sa version int\u00e9grale est parue dans le <a href=\"http:\/\/www.pagesromandes.ch\/accueil-2-2-2\/#1677657910195-8344c8d8-077a\" target=\"_blank\" rel=\"noopener\">num\u00e9ro\u00a0 09\/2022 de Pages Romandes<\/a>, commandable par email \u00e0 <strong><a href=\"mailto:sarah.cornaz@bluewin.ch\" target=\"_blank\" rel=\"noopener\">sarah.cornaz@bluewin.ch<\/a><\/strong><\/em><\/p>\n<p><em><a href=\"http:\/\/www.pagesromandes.ch\/\"><img decoding=\"async\" loading=\"lazy\" class=\"alignleft wp-image-2518 size-full\" src=\"https:\/\/blog.insieme.ch\/wp-inside\/uploads\/2021\/09\/logo-pages-romandes.png\" alt=\"\" width=\"282\" height=\"117\" \/><\/a><\/em><\/p>\n<p>&nbsp;<\/p>\n<p><em>Abonnement annuel (45CHF \/ an pour 4 num\u00e9ros)&#160;&#160;:\u00a0<strong><a href=\"http:\/\/www.pagesromandes.ch\/abonnement\" target=\"_blank\" rel=\"noopener\">www.pagesromandes.ch\/abonnement\u00a0<\/a><\/strong><\/em><\/p>\n<\/p><\/div>\n<\/p><\/div>\n<\/p><\/div>\n<\/p><\/div>\n<\/p><\/div>\n<\/p><\/div>\n<\/div>\n<\/div>\n<p><!-- \/flzn:zn_text --><\/p>\n","protected":false},"excerpt":{"rendered":"<p>Retour sur la p\u00e9riode particuli\u00e8re de la pand\u00e9mie de COVID-19, \u00e0 partir de trois perspectives diff\u00e9rentes: maman, responsable de foyer et r\u00e9sident.<\/p>\n","protected":false},"author":18,"featured_media":4686,"comment_status":"open","ping_status":"open","sticky":false,"template":"","format":"standard","meta":{"_acf_changed":false,"footnotes":""},"categories":[21],"tags":[89],"class_list":["post-4652","post","type-post","status-publish","format-standard","has-post-thumbnail","hentry","category-sante-et-qualite-de-vie","tag-covid-19","wp-sticky"],"acf":[],"yoast_head":"<!-- This site is optimized with the Yoast SEO plugin v27.5 - https:\/\/yoast.com\/product\/yoast-seo-wordpress\/ -->\n<title>Pand\u00e9mie : regards crois\u00e9s<\/title>\n<meta name=\"description\" content=\"Retour sur cette p\u00e9riode particuli\u00e8re, \u00e0 partir de trois perspectives diff\u00e9rentes: maman, responsable de foyer et r\u00e9sident.\" \/>\n<meta name=\"robots\" content=\"index, follow, max-snippet:-1, max-image-preview:large, max-video-preview:-1\" \/>\n<link rel=\"canonical\" href=\"https:\/\/blog.insieme.ch\/fr\/sante-et-qualite-de-vie\/pandemie-regards-croises\/\" \/>\n<meta property=\"og:locale\" content=\"fr_FR\" \/>\n<meta property=\"og:type\" content=\"article\" \/>\n<meta property=\"og:title\" content=\"Pand\u00e9mie : regards crois\u00e9s\" \/>\n<meta property=\"og:description\" content=\"Retour sur cette p\u00e9riode particuli\u00e8re, \u00e0 partir de trois perspectives diff\u00e9rentes: maman, responsable de foyer et r\u00e9sident.\" \/>\n<meta property=\"og:url\" content=\"https:\/\/blog.insieme.ch\/fr\/sante-et-qualite-de-vie\/pandemie-regards-croises\/\" \/>\n<meta property=\"og:site_name\" content=\"insieme Blog\" \/>\n<meta property=\"article:publisher\" content=\"https:\/\/www.facebook.com\/insiemeSuisse\/\" \/>\n<meta property=\"article:published_time\" content=\"2023-03-02T10:00:40+00:00\" \/>\n<meta property=\"article:modified_time\" content=\"2023-03-02T10:37:22+00:00\" \/>\n<meta property=\"og:image\" content=\"https:\/\/blog.insieme.ch\/wp-inside\/uploads\/2023\/03\/cover-adaptee.jpg\" \/>\n\t<meta property=\"og:image:width\" content=\"1640\" \/>\n\t<meta property=\"og:image:height\" content=\"924\" \/>\n\t<meta property=\"og:image:type\" content=\"image\/jpeg\" \/>\n<meta name=\"author\" content=\"Sarah Cornaz\" \/>\n<meta name=\"twitter:card\" content=\"summary_large_image\" \/>\n<meta name=\"twitter:creator\" content=\"@insiemeSuisse\" \/>\n<meta name=\"twitter:site\" content=\"@insiemeSuisse\" \/>\n<meta name=\"twitter:label1\" content=\"\u00c9crit par\" \/>\n\t<meta name=\"twitter:data1\" content=\"Sarah Cornaz\" \/>\n\t<meta name=\"twitter:label2\" content=\"Dur\u00e9e de lecture estim\u00e9e\" \/>\n\t<meta name=\"twitter:data2\" content=\"5 minutes\" \/>\n<script type=\"application\/ld+json\" class=\"yoast-schema-graph\">{\"@context\":\"https:\\\/\\\/schema.org\",\"@graph\":[{\"@type\":\"Article\",\"@id\":\"https:\\\/\\\/blog.insieme.ch\\\/fr\\\/sante-et-qualite-de-vie\\\/pandemie-regards-croises\\\/#article\",\"isPartOf\":{\"@id\":\"https:\\\/\\\/blog.insieme.ch\\\/fr\\\/sante-et-qualite-de-vie\\\/pandemie-regards-croises\\\/\"},\"author\":{\"name\":\"Sarah Cornaz\",\"@id\":\"https:\\\/\\\/blog.insieme.ch\\\/fr\\\/#\\\/schema\\\/person\\\/4abd487d1a20fd75785a6c1acf29aada\"},\"headline\":\"Pand\u00e9mie&#160;: regards crois\u00e9s\",\"datePublished\":\"2023-03-02T10:00:40+00:00\",\"dateModified\":\"2023-03-02T10:37:22+00:00\",\"mainEntityOfPage\":{\"@id\":\"https:\\\/\\\/blog.insieme.ch\\\/fr\\\/sante-et-qualite-de-vie\\\/pandemie-regards-croises\\\/\"},\"wordCount\":966,\"commentCount\":0,\"publisher\":{\"@id\":\"https:\\\/\\\/blog.insieme.ch\\\/fr\\\/#organization\"},\"image\":{\"@id\":\"https:\\\/\\\/blog.insieme.ch\\\/fr\\\/sante-et-qualite-de-vie\\\/pandemie-regards-croises\\\/#primaryimage\"},\"thumbnailUrl\":\"https:\\\/\\\/blog.insieme.ch\\\/wp-inside\\\/uploads\\\/2023\\\/03\\\/cover-adaptee.jpg\",\"keywords\":[\"covid-19\"],\"articleSection\":[\"Sant\u00e9 et qualit\u00e9 de vie\"],\"inLanguage\":\"fr-FR\",\"potentialAction\":[{\"@type\":\"CommentAction\",\"name\":\"Comment\",\"target\":[\"https:\\\/\\\/blog.insieme.ch\\\/fr\\\/sante-et-qualite-de-vie\\\/pandemie-regards-croises\\\/#respond\"]}]},{\"@type\":\"WebPage\",\"@id\":\"https:\\\/\\\/blog.insieme.ch\\\/fr\\\/sante-et-qualite-de-vie\\\/pandemie-regards-croises\\\/\",\"url\":\"https:\\\/\\\/blog.insieme.ch\\\/fr\\\/sante-et-qualite-de-vie\\\/pandemie-regards-croises\\\/\",\"name\":\"Pand\u00e9mie : regards crois\u00e9s\",\"isPartOf\":{\"@id\":\"https:\\\/\\\/blog.insieme.ch\\\/fr\\\/#website\"},\"primaryImageOfPage\":{\"@id\":\"https:\\\/\\\/blog.insieme.ch\\\/fr\\\/sante-et-qualite-de-vie\\\/pandemie-regards-croises\\\/#primaryimage\"},\"image\":{\"@id\":\"https:\\\/\\\/blog.insieme.ch\\\/fr\\\/sante-et-qualite-de-vie\\\/pandemie-regards-croises\\\/#primaryimage\"},\"thumbnailUrl\":\"https:\\\/\\\/blog.insieme.ch\\\/wp-inside\\\/uploads\\\/2023\\\/03\\\/cover-adaptee.jpg\",\"datePublished\":\"2023-03-02T10:00:40+00:00\",\"dateModified\":\"2023-03-02T10:37:22+00:00\",\"description\":\"Retour sur cette p\u00e9riode particuli\u00e8re, \u00e0 partir de trois perspectives diff\u00e9rentes: maman, responsable de foyer et r\u00e9sident.\",\"breadcrumb\":{\"@id\":\"https:\\\/\\\/blog.insieme.ch\\\/fr\\\/sante-et-qualite-de-vie\\\/pandemie-regards-croises\\\/#breadcrumb\"},\"inLanguage\":\"fr-FR\",\"potentialAction\":[{\"@type\":\"ReadAction\",\"target\":[\"https:\\\/\\\/blog.insieme.ch\\\/fr\\\/sante-et-qualite-de-vie\\\/pandemie-regards-croises\\\/\"]}]},{\"@type\":\"ImageObject\",\"inLanguage\":\"fr-FR\",\"@id\":\"https:\\\/\\\/blog.insieme.ch\\\/fr\\\/sante-et-qualite-de-vie\\\/pandemie-regards-croises\\\/#primaryimage\",\"url\":\"https:\\\/\\\/blog.insieme.ch\\\/wp-inside\\\/uploads\\\/2023\\\/03\\\/cover-adaptee.jpg\",\"contentUrl\":\"https:\\\/\\\/blog.insieme.ch\\\/wp-inside\\\/uploads\\\/2023\\\/03\\\/cover-adaptee.jpg\",\"width\":1640,\"height\":924},{\"@type\":\"BreadcrumbList\",\"@id\":\"https:\\\/\\\/blog.insieme.ch\\\/fr\\\/sante-et-qualite-de-vie\\\/pandemie-regards-croises\\\/#breadcrumb\",\"itemListElement\":[{\"@type\":\"ListItem\",\"position\":1,\"name\":\"Accueil\",\"item\":\"https:\\\/\\\/blog.insieme.ch\\\/fr\\\/\"},{\"@type\":\"ListItem\",\"position\":2,\"name\":\"Sant\u00e9 et qualit\u00e9 de vie\",\"item\":\"https:\\\/\\\/blog.insieme.ch\\\/fr\\\/sante-et-qualite-de-vie\\\/\"},{\"@type\":\"ListItem\",\"position\":3,\"name\":\"Pand\u00e9mie&#160;: regards crois\u00e9s\"}]},{\"@type\":\"WebSite\",\"@id\":\"https:\\\/\\\/blog.insieme.ch\\\/fr\\\/#website\",\"url\":\"https:\\\/\\\/blog.insieme.ch\\\/fr\\\/\",\"name\":\"insieme Blog\",\"description\":\"Alles ausser gew\u00f6hnlich\",\"publisher\":{\"@id\":\"https:\\\/\\\/blog.insieme.ch\\\/fr\\\/#organization\"},\"potentialAction\":[{\"@type\":\"SearchAction\",\"target\":{\"@type\":\"EntryPoint\",\"urlTemplate\":\"https:\\\/\\\/blog.insieme.ch\\\/fr\\\/?s={search_term_string}\"},\"query-input\":{\"@type\":\"PropertyValueSpecification\",\"valueRequired\":true,\"valueName\":\"search_term_string\"}}],\"inLanguage\":\"fr-FR\"},{\"@type\":\"Organization\",\"@id\":\"https:\\\/\\\/blog.insieme.ch\\\/fr\\\/#organization\",\"name\":\"insieme Blog\",\"url\":\"https:\\\/\\\/blog.insieme.ch\\\/fr\\\/\",\"logo\":{\"@type\":\"ImageObject\",\"inLanguage\":\"fr-FR\",\"@id\":\"https:\\\/\\\/blog.insieme.ch\\\/fr\\\/#\\\/schema\\\/logo\\\/image\\\/\",\"url\":\"https:\\\/\\\/blog.insieme.ch\\\/wp-inside\\\/uploads\\\/2021\\\/04\\\/logo-insieme-blog.png\",\"contentUrl\":\"https:\\\/\\\/blog.insieme.ch\\\/wp-inside\\\/uploads\\\/2021\\\/04\\\/logo-insieme-blog.png\",\"width\":280,\"height\":81,\"caption\":\"insieme Blog\"},\"image\":{\"@id\":\"https:\\\/\\\/blog.insieme.ch\\\/fr\\\/#\\\/schema\\\/logo\\\/image\\\/\"},\"sameAs\":[\"https:\\\/\\\/www.facebook.com\\\/insiemeSuisse\\\/\",\"https:\\\/\\\/x.com\\\/insiemeSuisse\"]},{\"@type\":\"Person\",\"@id\":\"https:\\\/\\\/blog.insieme.ch\\\/fr\\\/#\\\/schema\\\/person\\\/4abd487d1a20fd75785a6c1acf29aada\",\"name\":\"Sarah Cornaz\",\"image\":{\"@type\":\"ImageObject\",\"inLanguage\":\"fr-FR\",\"@id\":\"https:\\\/\\\/secure.gravatar.com\\\/avatar\\\/d51e6f85ca60c293e4474895ae2ce5441ee8317a1224fcf89b478932464eb57a?s=96&d=mm&r=g\",\"url\":\"https:\\\/\\\/secure.gravatar.com\\\/avatar\\\/d51e6f85ca60c293e4474895ae2ce5441ee8317a1224fcf89b478932464eb57a?s=96&d=mm&r=g\",\"contentUrl\":\"https:\\\/\\\/secure.gravatar.com\\\/avatar\\\/d51e6f85ca60c293e4474895ae2ce5441ee8317a1224fcf89b478932464eb57a?s=96&d=mm&r=g\",\"caption\":\"Sarah Cornaz\"},\"description\":\"Directrice de Pages Romandes\",\"url\":\"https:\\\/\\\/blog.insieme.ch\\\/fr\\\/author\\\/sarah-cornaz\\\/\"}]}<\/script>\n<!-- \/ Yoast SEO plugin. -->","yoast_head_json":{"title":"Pand\u00e9mie : regards crois\u00e9s","description":"Retour sur cette p\u00e9riode particuli\u00e8re, \u00e0 partir de trois perspectives diff\u00e9rentes: maman, responsable de foyer et r\u00e9sident.","robots":{"index":"index","follow":"follow","max-snippet":"max-snippet:-1","max-image-preview":"max-image-preview:large","max-video-preview":"max-video-preview:-1"},"canonical":"https:\/\/blog.insieme.ch\/fr\/sante-et-qualite-de-vie\/pandemie-regards-croises\/","og_locale":"fr_FR","og_type":"article","og_title":"Pand\u00e9mie : regards crois\u00e9s","og_description":"Retour sur cette p\u00e9riode particuli\u00e8re, \u00e0 partir de trois perspectives diff\u00e9rentes: maman, responsable de foyer et r\u00e9sident.","og_url":"https:\/\/blog.insieme.ch\/fr\/sante-et-qualite-de-vie\/pandemie-regards-croises\/","og_site_name":"insieme Blog","article_publisher":"https:\/\/www.facebook.com\/insiemeSuisse\/","article_published_time":"2023-03-02T10:00:40+00:00","article_modified_time":"2023-03-02T10:37:22+00:00","og_image":[{"width":1640,"height":924,"url":"https:\/\/blog.insieme.ch\/wp-inside\/uploads\/2023\/03\/cover-adaptee.jpg","type":"image\/jpeg"}],"author":"Sarah Cornaz","twitter_card":"summary_large_image","twitter_creator":"@insiemeSuisse","twitter_site":"@insiemeSuisse","twitter_misc":{"\u00c9crit par":"Sarah Cornaz","Dur\u00e9e de lecture estim\u00e9e":"5 minutes"},"schema":{"@context":"https:\/\/schema.org","@graph":[{"@type":"Article","@id":"https:\/\/blog.insieme.ch\/fr\/sante-et-qualite-de-vie\/pandemie-regards-croises\/#article","isPartOf":{"@id":"https:\/\/blog.insieme.ch\/fr\/sante-et-qualite-de-vie\/pandemie-regards-croises\/"},"author":{"name":"Sarah Cornaz","@id":"https:\/\/blog.insieme.ch\/fr\/#\/schema\/person\/4abd487d1a20fd75785a6c1acf29aada"},"headline":"Pand\u00e9mie&#160;: regards crois\u00e9s","datePublished":"2023-03-02T10:00:40+00:00","dateModified":"2023-03-02T10:37:22+00:00","mainEntityOfPage":{"@id":"https:\/\/blog.insieme.ch\/fr\/sante-et-qualite-de-vie\/pandemie-regards-croises\/"},"wordCount":966,"commentCount":0,"publisher":{"@id":"https:\/\/blog.insieme.ch\/fr\/#organization"},"image":{"@id":"https:\/\/blog.insieme.ch\/fr\/sante-et-qualite-de-vie\/pandemie-regards-croises\/#primaryimage"},"thumbnailUrl":"https:\/\/blog.insieme.ch\/wp-inside\/uploads\/2023\/03\/cover-adaptee.jpg","keywords":["covid-19"],"articleSection":["Sant\u00e9 et qualit\u00e9 de vie"],"inLanguage":"fr-FR","potentialAction":[{"@type":"CommentAction","name":"Comment","target":["https:\/\/blog.insieme.ch\/fr\/sante-et-qualite-de-vie\/pandemie-regards-croises\/#respond"]}]},{"@type":"WebPage","@id":"https:\/\/blog.insieme.ch\/fr\/sante-et-qualite-de-vie\/pandemie-regards-croises\/","url":"https:\/\/blog.insieme.ch\/fr\/sante-et-qualite-de-vie\/pandemie-regards-croises\/","name":"Pand\u00e9mie : regards crois\u00e9s","isPartOf":{"@id":"https:\/\/blog.insieme.ch\/fr\/#website"},"primaryImageOfPage":{"@id":"https:\/\/blog.insieme.ch\/fr\/sante-et-qualite-de-vie\/pandemie-regards-croises\/#primaryimage"},"image":{"@id":"https:\/\/blog.insieme.ch\/fr\/sante-et-qualite-de-vie\/pandemie-regards-croises\/#primaryimage"},"thumbnailUrl":"https:\/\/blog.insieme.ch\/wp-inside\/uploads\/2023\/03\/cover-adaptee.jpg","datePublished":"2023-03-02T10:00:40+00:00","dateModified":"2023-03-02T10:37:22+00:00","description":"Retour sur cette p\u00e9riode particuli\u00e8re, \u00e0 partir de trois perspectives diff\u00e9rentes: maman, responsable de foyer et r\u00e9sident.","breadcrumb":{"@id":"https:\/\/blog.insieme.ch\/fr\/sante-et-qualite-de-vie\/pandemie-regards-croises\/#breadcrumb"},"inLanguage":"fr-FR","potentialAction":[{"@type":"ReadAction","target":["https:\/\/blog.insieme.ch\/fr\/sante-et-qualite-de-vie\/pandemie-regards-croises\/"]}]},{"@type":"ImageObject","inLanguage":"fr-FR","@id":"https:\/\/blog.insieme.ch\/fr\/sante-et-qualite-de-vie\/pandemie-regards-croises\/#primaryimage","url":"https:\/\/blog.insieme.ch\/wp-inside\/uploads\/2023\/03\/cover-adaptee.jpg","contentUrl":"https:\/\/blog.insieme.ch\/wp-inside\/uploads\/2023\/03\/cover-adaptee.jpg","width":1640,"height":924},{"@type":"BreadcrumbList","@id":"https:\/\/blog.insieme.ch\/fr\/sante-et-qualite-de-vie\/pandemie-regards-croises\/#breadcrumb","itemListElement":[{"@type":"ListItem","position":1,"name":"Accueil","item":"https:\/\/blog.insieme.ch\/fr\/"},{"@type":"ListItem","position":2,"name":"Sant\u00e9 et qualit\u00e9 de vie","item":"https:\/\/blog.insieme.ch\/fr\/sante-et-qualite-de-vie\/"},{"@type":"ListItem","position":3,"name":"Pand\u00e9mie&#160;: regards crois\u00e9s"}]},{"@type":"WebSite","@id":"https:\/\/blog.insieme.ch\/fr\/#website","url":"https:\/\/blog.insieme.ch\/fr\/","name":"insieme Blog","description":"Alles ausser gew\u00f6hnlich","publisher":{"@id":"https:\/\/blog.insieme.ch\/fr\/#organization"},"potentialAction":[{"@type":"SearchAction","target":{"@type":"EntryPoint","urlTemplate":"https:\/\/blog.insieme.ch\/fr\/?s={search_term_string}"},"query-input":{"@type":"PropertyValueSpecification","valueRequired":true,"valueName":"search_term_string"}}],"inLanguage":"fr-FR"},{"@type":"Organization","@id":"https:\/\/blog.insieme.ch\/fr\/#organization","name":"insieme Blog","url":"https:\/\/blog.insieme.ch\/fr\/","logo":{"@type":"ImageObject","inLanguage":"fr-FR","@id":"https:\/\/blog.insieme.ch\/fr\/#\/schema\/logo\/image\/","url":"https:\/\/blog.insieme.ch\/wp-inside\/uploads\/2021\/04\/logo-insieme-blog.png","contentUrl":"https:\/\/blog.insieme.ch\/wp-inside\/uploads\/2021\/04\/logo-insieme-blog.png","width":280,"height":81,"caption":"insieme Blog"},"image":{"@id":"https:\/\/blog.insieme.ch\/fr\/#\/schema\/logo\/image\/"},"sameAs":["https:\/\/www.facebook.com\/insiemeSuisse\/","https:\/\/x.com\/insiemeSuisse"]},{"@type":"Person","@id":"https:\/\/blog.insieme.ch\/fr\/#\/schema\/person\/4abd487d1a20fd75785a6c1acf29aada","name":"Sarah Cornaz","image":{"@type":"ImageObject","inLanguage":"fr-FR","@id":"https:\/\/secure.gravatar.com\/avatar\/d51e6f85ca60c293e4474895ae2ce5441ee8317a1224fcf89b478932464eb57a?s=96&d=mm&r=g","url":"https:\/\/secure.gravatar.com\/avatar\/d51e6f85ca60c293e4474895ae2ce5441ee8317a1224fcf89b478932464eb57a?s=96&d=mm&r=g","contentUrl":"https:\/\/secure.gravatar.com\/avatar\/d51e6f85ca60c293e4474895ae2ce5441ee8317a1224fcf89b478932464eb57a?s=96&d=mm&r=g","caption":"Sarah Cornaz"},"description":"Directrice de Pages Romandes","url":"https:\/\/blog.insieme.ch\/fr\/author\/sarah-cornaz\/"}]}},"featured_media_url":"https:\/\/blog.insieme.ch\/wp-inside\/uploads\/2023\/03\/cover-adaptee-1024x577.jpg","_links":{"self":[{"href":"https:\/\/blog.insieme.ch\/fr\/wp-json\/wp\/v2\/posts\/4652","targetHints":{"allow":["GET"]}}],"collection":[{"href":"https:\/\/blog.insieme.ch\/fr\/wp-json\/wp\/v2\/posts"}],"about":[{"href":"https:\/\/blog.insieme.ch\/fr\/wp-json\/wp\/v2\/types\/post"}],"author":[{"embeddable":true,"href":"https:\/\/blog.insieme.ch\/fr\/wp-json\/wp\/v2\/users\/18"}],"replies":[{"embeddable":true,"href":"https:\/\/blog.insieme.ch\/fr\/wp-json\/wp\/v2\/comments?post=4652"}],"version-history":[{"count":27,"href":"https:\/\/blog.insieme.ch\/fr\/wp-json\/wp\/v2\/posts\/4652\/revisions"}],"predecessor-version":[{"id":4701,"href":"https:\/\/blog.insieme.ch\/fr\/wp-json\/wp\/v2\/posts\/4652\/revisions\/4701"}],"wp:featuredmedia":[{"embeddable":true,"href":"https:\/\/blog.insieme.ch\/fr\/wp-json\/wp\/v2\/media\/4686"}],"wp:attachment":[{"href":"https:\/\/blog.insieme.ch\/fr\/wp-json\/wp\/v2\/media?parent=4652"}],"wp:term":[{"taxonomy":"category","embeddable":true,"href":"https:\/\/blog.insieme.ch\/fr\/wp-json\/wp\/v2\/categories?post=4652"},{"taxonomy":"post_tag","embeddable":true,"href":"https:\/\/blog.insieme.ch\/fr\/wp-json\/wp\/v2\/tags?post=4652"}],"curies":[{"name":"wp","href":"https:\/\/api.w.org\/{rel}","templated":true}]}}