{"id":4516,"date":"2022-12-21T10:00:51","date_gmt":"2022-12-21T09:00:51","guid":{"rendered":"https:\/\/blog.insieme.ch\/?p=4516"},"modified":"2022-12-22T09:42:55","modified_gmt":"2022-12-22T08:42:55","slug":"quand-je-peins-je-ne-pense-a-rien","status":"publish","type":"post","link":"https:\/\/blog.insieme.ch\/fr\/loisirs\/quand-je-peins-je-ne-pense-a-rien\/","title":{"rendered":"\u00ab&#160;Quand je peins je ne pense \u00e0 rien&#160;\u00bb"},"content":{"rendered":"<p><!-- flzn:zn_pagebanner --><\/p>\n<header id=\"flzn-pagebanner-1\" class=\"zone zn-pagebanner is-alignfull with-bg bg-color is-bgc-yellow-light\"><span class=\"zone-bg bg-color bgc-yellow-light alignfull\"><\/span><\/p>\n<div class=\"zone-block zn-pagebanner-block alignfull va-center\"><\/div>\n<\/header>\n<p><!-- \/flzn:zn_pagebanner --><br \/>\n<!-- flzn:zn_text --><\/p>\n<div id=\"flzn-text-1\" class=\"zone zn-text is-alignwide\">\n<div class=\"zone-block zn-text-block alignwide va-top\">\n<div class=\"row mw-content-zone zn-text-row\">\n<div class=\"columns large-12\">\n<div class=\"row large-up-1 with-nice-alignment nbloc-1\">\n<div class=\"column zn-text-col\">\n<div class=\"column-inner\">\n<div class=\"wig-content mw-content\">\n<p><strong>Je m\u2019appelle Cynthia. J\u2019ai 42 ans et j\u2019habite dans le canton de Vaud. J\u2019ai plusieurs hobbies, tel que l\u2019\u00e9quitation, la cuisine et la peinture. Concernant la peinture, actuellement je peins une fois par semaine dans l\u2019atelier de Franziska, mon art-th\u00e9rapeute.<\/strong><!--more--><\/p>\n<p>Je peins debout, sur une grande feuille. J\u2019applique la couleur directement avec la main, sans pinceau et sans outil. De plus, je peins avec ma main gauche, non-dominante, car c\u2019est comme \u00e7a que je l\u2019ai appris avec mon art-th\u00e9rapeute. J\u2019aime beaucoup appliquer la peinture directement sur la feuille. C\u2019est doux et soyeux et les peintures sentent bons.<\/p>\n<\/p><\/div>\n<\/p><\/div>\n<\/p><\/div>\n<\/p><\/div>\n<\/p><\/div>\n<\/p><\/div>\n<\/div>\n<\/div>\n<p><!-- \/flzn:zn_text --><br \/>\n<!-- flzn:zn_gallery --><\/p>\n<div id=\"flzn-gallery-1\" class=\"zone zn-gallery is-alignwide with-bg bg-color is-bgc-yellow-light\"><span class=\"zone-bg bg-color bgc-yellow-light alignfull\"><\/span><\/p>\n<div class=\"zone-block zn-gallery-block pdd-top pdd-bottom alignwide va-top\">\n<div class=\"row mw-content-zone\">\n<div class=\"large-12 columns\">\n<div class=\"zn-gallery-list slick-slider galleryslider-grid\">\n<div class=\"zn-gallery-item slick-item\">\n<div class=\"zn-gallery-item-inner\">\n<p>\t\t\t\t\t\t\t\t\t\t\t\t\t<a class=\"swipebox\" href=\"https:\/\/blog.insieme.ch\/wp-inside\/uploads\/2022\/12\/15.jpg\" title=\"\" rel=\"galleryzone-flzn-gallery-1\"><\/p>\n<div class=\"imgbox\">\n\t\t\t\t\t\t\t\t\t\t\t\t\t\t\t\t\t\t<img decoding=\"async\" src=\"https:\/\/blog.insieme.ch\/wp-inside\/uploads\/2022\/12\/15-185x185.jpg\" alt=\"Peinture abstraite avec de nombreuses couleurs\" data-interchange=\"[https:\/\/blog.insieme.ch\/wp-inside\/uploads\/2022\/12\/15-185x185.jpg, small],[https:\/\/blog.insieme.ch\/wp-inside\/uploads\/2022\/12\/15.jpg, gsmall],[https:\/\/blog.insieme.ch\/wp-inside\/uploads\/2022\/12\/15-185x185.jpg, large],[https:\/\/blog.insieme.ch\/wp-inside\/uploads\/2022\/12\/15.jpg, glarge],\"\/>\n\t\t\t\t\t\t\t\t<\/div>\n<p>\t\t\t\t\t\t\t\t\t\t\t\t\t<\/a>\n\t\t\t\t\t\t\t\t\t\t\t\t<\/div>\n<\/p><\/div>\n<div class=\"zn-gallery-item slick-item\">\n<div class=\"zn-gallery-item-inner\">\n<p>\t\t\t\t\t\t\t\t\t\t\t\t\t<a class=\"swipebox\" href=\"https:\/\/blog.insieme.ch\/wp-inside\/uploads\/2022\/12\/14.jpg\" title=\"\" rel=\"galleryzone-flzn-gallery-1\"><\/p>\n<div class=\"imgbox\">\n\t\t\t\t\t\t\t\t\t\t\t\t\t\t\t\t\t\t<img decoding=\"async\" src=\"https:\/\/blog.insieme.ch\/wp-inside\/uploads\/2022\/12\/14-185x185.jpg\" alt=\"Peinture abstraite avec de nombreuses couleurs\" data-interchange=\"[https:\/\/blog.insieme.ch\/wp-inside\/uploads\/2022\/12\/14-185x185.jpg, small],[https:\/\/blog.insieme.ch\/wp-inside\/uploads\/2022\/12\/14-226x300.jpg, gsmall],[https:\/\/blog.insieme.ch\/wp-inside\/uploads\/2022\/12\/14-185x185.jpg, large],[https:\/\/blog.insieme.ch\/wp-inside\/uploads\/2022\/12\/14-226x300.jpg, glarge],\"\/>\n\t\t\t\t\t\t\t\t<\/div>\n<p>\t\t\t\t\t\t\t\t\t\t\t\t\t<\/a>\n\t\t\t\t\t\t\t\t\t\t\t\t<\/div>\n<\/p><\/div>\n<div class=\"zn-gallery-item slick-item\">\n<div class=\"zn-gallery-item-inner\">\n<p>\t\t\t\t\t\t\t\t\t\t\t\t\t<a class=\"swipebox\" href=\"https:\/\/blog.insieme.ch\/wp-inside\/uploads\/2022\/12\/cynthia-1.jpg\" title=\"\" rel=\"galleryzone-flzn-gallery-1\"><\/p>\n<div class=\"imgbox\">\n\t\t\t\t\t\t\t\t\t\t\t\t\t\t\t\t\t\t<img decoding=\"async\" src=\"https:\/\/blog.insieme.ch\/wp-inside\/uploads\/2022\/12\/cynthia-1-185x185.jpg\" alt=\"\" data-interchange=\"[https:\/\/blog.insieme.ch\/wp-inside\/uploads\/2022\/12\/cynthia-1-185x185.jpg, small],[https:\/\/blog.insieme.ch\/wp-inside\/uploads\/2022\/12\/cynthia-1.jpg, gsmall],[https:\/\/blog.insieme.ch\/wp-inside\/uploads\/2022\/12\/cynthia-1-185x185.jpg, large],[https:\/\/blog.insieme.ch\/wp-inside\/uploads\/2022\/12\/cynthia-1.jpg, glarge],\"\/>\n\t\t\t\t\t\t\t\t<\/div>\n<p>\t\t\t\t\t\t\t\t\t\t\t\t\t<\/a>\n\t\t\t\t\t\t\t\t\t\t\t\t<\/div>\n<\/p><\/div>\n<div class=\"zn-gallery-item slick-item\">\n<div class=\"zn-gallery-item-inner\">\n<p>\t\t\t\t\t\t\t\t\t\t\t\t\t<a class=\"swipebox\" href=\"https:\/\/blog.insieme.ch\/wp-inside\/uploads\/2022\/12\/13.jpg\" title=\"\" rel=\"galleryzone-flzn-gallery-1\"><\/p>\n<div class=\"imgbox\">\n\t\t\t\t\t\t\t\t\t\t\t\t\t\t\t\t\t\t<img decoding=\"async\" src=\"https:\/\/blog.insieme.ch\/wp-inside\/uploads\/2022\/12\/13-185x185.jpg\" alt=\"Peinture abstraite avec de nombreuses couleurs\" data-interchange=\"[https:\/\/blog.insieme.ch\/wp-inside\/uploads\/2022\/12\/13-185x185.jpg, small],[https:\/\/blog.insieme.ch\/wp-inside\/uploads\/2022\/12\/13.jpg, gsmall],[https:\/\/blog.insieme.ch\/wp-inside\/uploads\/2022\/12\/13-185x185.jpg, large],[https:\/\/blog.insieme.ch\/wp-inside\/uploads\/2022\/12\/13.jpg, glarge],\"\/>\n\t\t\t\t\t\t\t\t<\/div>\n<p>\t\t\t\t\t\t\t\t\t\t\t\t\t<\/a>\n\t\t\t\t\t\t\t\t\t\t\t\t<\/div>\n<\/p><\/div>\n<div class=\"zn-gallery-item slick-item\">\n<div class=\"zn-gallery-item-inner\">\n<p>\t\t\t\t\t\t\t\t\t\t\t\t\t<a class=\"swipebox\" href=\"https:\/\/blog.insieme.ch\/wp-inside\/uploads\/2022\/12\/12.jpg\" title=\"\" rel=\"galleryzone-flzn-gallery-1\"><\/p>\n<div class=\"imgbox\">\n\t\t\t\t\t\t\t\t\t\t\t\t\t\t\t\t\t\t<img decoding=\"async\" src=\"https:\/\/blog.insieme.ch\/wp-inside\/uploads\/2022\/12\/12-185x185.jpg\" alt=\"Peinture abstraite avec de nombreuses couleurs\" data-interchange=\"[https:\/\/blog.insieme.ch\/wp-inside\/uploads\/2022\/12\/12-185x185.jpg, small],[https:\/\/blog.insieme.ch\/wp-inside\/uploads\/2022\/12\/12.jpg, gsmall],[https:\/\/blog.insieme.ch\/wp-inside\/uploads\/2022\/12\/12-185x185.jpg, large],[https:\/\/blog.insieme.ch\/wp-inside\/uploads\/2022\/12\/12.jpg, glarge],\"\/>\n\t\t\t\t\t\t\t\t<\/div>\n<p>\t\t\t\t\t\t\t\t\t\t\t\t\t<\/a>\n\t\t\t\t\t\t\t\t\t\t\t\t<\/div>\n<\/p><\/div>\n<div class=\"zn-gallery-item slick-item\">\n<div class=\"zn-gallery-item-inner\">\n<p>\t\t\t\t\t\t\t\t\t\t\t\t\t<a class=\"swipebox\" href=\"https:\/\/blog.insieme.ch\/wp-inside\/uploads\/2022\/12\/11.jpg\" title=\"\" rel=\"galleryzone-flzn-gallery-1\"><\/p>\n<div class=\"imgbox\">\n\t\t\t\t\t\t\t\t\t\t\t\t\t\t\t\t\t\t<img decoding=\"async\" src=\"https:\/\/blog.insieme.ch\/wp-inside\/uploads\/2022\/12\/11-185x185.jpg\" alt=\"Peinture abstraite de feuilles avec de nombreuses couleurs\" data-interchange=\"[https:\/\/blog.insieme.ch\/wp-inside\/uploads\/2022\/12\/11-185x185.jpg, small],[https:\/\/blog.insieme.ch\/wp-inside\/uploads\/2022\/12\/11.jpg, gsmall],[https:\/\/blog.insieme.ch\/wp-inside\/uploads\/2022\/12\/11-185x185.jpg, large],[https:\/\/blog.insieme.ch\/wp-inside\/uploads\/2022\/12\/11.jpg, glarge],\"\/>\n\t\t\t\t\t\t\t\t<\/div>\n<p>\t\t\t\t\t\t\t\t\t\t\t\t\t<\/a>\n\t\t\t\t\t\t\t\t\t\t\t\t<\/div>\n<\/p><\/div>\n<\/p><\/div>\n<\/p><\/div>\n<\/p><\/div>\n<\/div>\n<\/div>\n<p><!-- \/flzn:zn_gallery --><br \/>\n<!-- flzn:zn_text --><\/p>\n<div id=\"flzn-text-2\" class=\"zone zn-text is-alignwide with-bg bg-color is-bgc-white\"><span class=\"zone-bg bg-color bgc-white alignfull\"><\/span><\/p>\n<div class=\"zone-block zn-text-block pdd-top-big pdd-bottom alignwide va-top\">\n<div class=\"row mw-content-zone zn-text-row\">\n<div class=\"columns large-12\">\n<div class=\"row large-up-1 with-nice-alignment nbloc-1\">\n<div class=\"column zn-text-col\">\n<div class=\"column-inner\">\n<div class=\"wig-content mw-content\">\n<p>Pour peindre, je m\u2019inspire du moment pr\u00e9sent, sans id\u00e9es dans la t\u00eate. Je me fais confiance et je me fais plaisir. J\u2019\u00e9prouve de la joie quand je pose les couleurs que j\u2019aime. Ainsi, mes peintures sont abstraites et vivantes et toutes mes peintures sont diff\u00e9rentes. Cela permet \u00e0 chaque personne de voir ce qu\u2019elle veut dans mes tableaux.<\/p>\n<blockquote>\n<p>Pour peindre, je m\u2019inspire du moment pr\u00e9sent, sans id\u00e9es dans la t\u00eate. Je me fais confiance et je me fais plaisir.<\/p>\n<\/blockquote>\n<p>Peindre me fait du bien. Cela me permet de changer mes id\u00e9es et de l\u00e2cher prise. Peindre me permet aussi de m\u2019exprimer et de sortir mes \u00e9motions quand je ne suis pas bien. \u00c7a m\u2019aide \u00e0 ne pas tout garder en moi. <span style=\"font-size: inherit;\">Quand je peins je me sens calme, je me sens bien. Quand je peins je ne pense \u00e0 rien.<\/span><\/p>\n<\/p><\/div>\n<\/p><\/div>\n<\/p><\/div>\n<\/p><\/div>\n<\/p><\/div>\n<\/p><\/div>\n<\/div>\n<\/div>\n<p><!-- \/flzn:zn_text --><br \/>\n<!-- flzn:zn_gallery --><\/p>\n<div id=\"flzn-gallery-2\" class=\"zone zn-gallery is-alignwide with-bg bg-color is-bgc-yellow-light\"><span class=\"zone-bg bg-color bgc-yellow-light alignfull\"><\/span><\/p>\n<div class=\"zone-block zn-gallery-block pdd-top pdd-bottom alignwide va-top\">\n<div class=\"row mw-content-zone\">\n<div class=\"large-12 columns\">\n<div class=\"zn-gallery-list slick-slider galleryslider-grid\">\n<div class=\"zn-gallery-item slick-item\">\n<div class=\"zn-gallery-item-inner\">\n<p>\t\t\t\t\t\t\t\t\t\t\t\t\t<a class=\"swipebox\" href=\"https:\/\/blog.insieme.ch\/wp-inside\/uploads\/2022\/12\/10.jpg\" title=\"\" rel=\"galleryzone-flzn-gallery-2\"><\/p>\n<div class=\"imgbox\">\n\t\t\t\t\t\t\t\t\t\t\t\t\t\t\t\t\t\t<img decoding=\"async\" src=\"https:\/\/blog.insieme.ch\/wp-inside\/uploads\/2022\/12\/10-185x185.jpg\" alt=\"\" data-interchange=\"[https:\/\/blog.insieme.ch\/wp-inside\/uploads\/2022\/12\/10-185x185.jpg, small],[https:\/\/blog.insieme.ch\/wp-inside\/uploads\/2022\/12\/10-226x300.jpg, gsmall],[https:\/\/blog.insieme.ch\/wp-inside\/uploads\/2022\/12\/10-185x185.jpg, large],[https:\/\/blog.insieme.ch\/wp-inside\/uploads\/2022\/12\/10-226x300.jpg, glarge],\"\/>\n\t\t\t\t\t\t\t\t<\/div>\n<p>\t\t\t\t\t\t\t\t\t\t\t\t\t<\/a>\n\t\t\t\t\t\t\t\t\t\t\t\t<\/div>\n<\/p><\/div>\n<div class=\"zn-gallery-item slick-item\">\n<div class=\"zn-gallery-item-inner\">\n<p>\t\t\t\t\t\t\t\t\t\t\t\t\t<a class=\"swipebox\" href=\"https:\/\/blog.insieme.ch\/wp-inside\/uploads\/2022\/12\/9.jpg\" title=\"\" rel=\"galleryzone-flzn-gallery-2\"><\/p>\n<div class=\"imgbox\">\n\t\t\t\t\t\t\t\t\t\t\t\t\t\t\t\t\t\t<img decoding=\"async\" src=\"https:\/\/blog.insieme.ch\/wp-inside\/uploads\/2022\/12\/9-185x185.jpg\" alt=\"Peinture multicolore abstraite\" data-interchange=\"[https:\/\/blog.insieme.ch\/wp-inside\/uploads\/2022\/12\/9-185x185.jpg, small],[https:\/\/blog.insieme.ch\/wp-inside\/uploads\/2022\/12\/9.jpg, gsmall],[https:\/\/blog.insieme.ch\/wp-inside\/uploads\/2022\/12\/9-185x185.jpg, large],[https:\/\/blog.insieme.ch\/wp-inside\/uploads\/2022\/12\/9.jpg, glarge],\"\/>\n\t\t\t\t\t\t\t\t<\/div>\n<p>\t\t\t\t\t\t\t\t\t\t\t\t\t<\/a>\n\t\t\t\t\t\t\t\t\t\t\t\t<\/div>\n<\/p><\/div>\n<div class=\"zn-gallery-item slick-item\">\n<div class=\"zn-gallery-item-inner\">\n<p>\t\t\t\t\t\t\t\t\t\t\t\t\t<a class=\"swipebox\" href=\"https:\/\/blog.insieme.ch\/wp-inside\/uploads\/2022\/12\/8.jpg\" title=\"Peinture multicolore abstraite\" rel=\"galleryzone-flzn-gallery-2\"><\/p>\n<div class=\"imgbox\">\n\t\t\t\t\t\t\t\t\t\t\t\t\t\t\t\t\t\t<img decoding=\"async\" src=\"https:\/\/blog.insieme.ch\/wp-inside\/uploads\/2022\/12\/8-185x185.jpg\" alt=\"\" data-interchange=\"[https:\/\/blog.insieme.ch\/wp-inside\/uploads\/2022\/12\/8-185x185.jpg, small],[https:\/\/blog.insieme.ch\/wp-inside\/uploads\/2022\/12\/8-228x300.jpg, gsmall],[https:\/\/blog.insieme.ch\/wp-inside\/uploads\/2022\/12\/8-185x185.jpg, large],[https:\/\/blog.insieme.ch\/wp-inside\/uploads\/2022\/12\/8-228x300.jpg, glarge],\"\/>\n\t\t\t\t\t\t\t\t<\/div>\n<p>\t\t\t\t\t\t\t\t\t\t\t\t\t<\/a>\n\t\t\t\t\t\t\t\t\t\t\t\t<\/div>\n<\/p><\/div>\n<div class=\"zn-gallery-item slick-item\">\n<div class=\"zn-gallery-item-inner\">\n<p>\t\t\t\t\t\t\t\t\t\t\t\t\t<a class=\"swipebox\" href=\"https:\/\/blog.insieme.ch\/wp-inside\/uploads\/2022\/12\/7.jpg\" title=\"\" rel=\"galleryzone-flzn-gallery-2\"><\/p>\n<div class=\"imgbox\">\n\t\t\t\t\t\t\t\t\t\t\t\t\t\t\t\t\t\t<img decoding=\"async\" src=\"https:\/\/blog.insieme.ch\/wp-inside\/uploads\/2022\/12\/7-185x185.jpg\" alt=\"Peinture multicolore abstraite\" data-interchange=\"[https:\/\/blog.insieme.ch\/wp-inside\/uploads\/2022\/12\/7-185x185.jpg, small],[https:\/\/blog.insieme.ch\/wp-inside\/uploads\/2022\/12\/7.jpg, gsmall],[https:\/\/blog.insieme.ch\/wp-inside\/uploads\/2022\/12\/7-185x185.jpg, large],[https:\/\/blog.insieme.ch\/wp-inside\/uploads\/2022\/12\/7.jpg, glarge],\"\/>\n\t\t\t\t\t\t\t\t<\/div>\n<p>\t\t\t\t\t\t\t\t\t\t\t\t\t<\/a>\n\t\t\t\t\t\t\t\t\t\t\t\t<\/div>\n<\/p><\/div>\n<div class=\"zn-gallery-item slick-item\">\n<div class=\"zn-gallery-item-inner\">\n<p>\t\t\t\t\t\t\t\t\t\t\t\t\t<a class=\"swipebox\" href=\"https:\/\/blog.insieme.ch\/wp-inside\/uploads\/2022\/12\/6.jpg\" title=\"\" rel=\"galleryzone-flzn-gallery-2\"><\/p>\n<div class=\"imgbox\">\n\t\t\t\t\t\t\t\t\t\t\t\t\t\t\t\t\t\t<img decoding=\"async\" src=\"https:\/\/blog.insieme.ch\/wp-inside\/uploads\/2022\/12\/6-185x185.jpg\" alt=\"Peinture multicolore abstraite\" data-interchange=\"[https:\/\/blog.insieme.ch\/wp-inside\/uploads\/2022\/12\/6-185x185.jpg, small],[https:\/\/blog.insieme.ch\/wp-inside\/uploads\/2022\/12\/6-224x300.jpg, gsmall],[https:\/\/blog.insieme.ch\/wp-inside\/uploads\/2022\/12\/6-185x185.jpg, large],[https:\/\/blog.insieme.ch\/wp-inside\/uploads\/2022\/12\/6-224x300.jpg, glarge],\"\/>\n\t\t\t\t\t\t\t\t<\/div>\n<p>\t\t\t\t\t\t\t\t\t\t\t\t\t<\/a>\n\t\t\t\t\t\t\t\t\t\t\t\t<\/div>\n<\/p><\/div>\n<div class=\"zn-gallery-item slick-item\">\n<div class=\"zn-gallery-item-inner\">\n<p>\t\t\t\t\t\t\t\t\t\t\t\t\t<a class=\"swipebox\" href=\"https:\/\/blog.insieme.ch\/wp-inside\/uploads\/2022\/12\/5.jpg\" title=\"\" rel=\"galleryzone-flzn-gallery-2\"><\/p>\n<div class=\"imgbox\">\n\t\t\t\t\t\t\t\t\t\t\t\t\t\t\t\t\t\t<img decoding=\"async\" src=\"https:\/\/blog.insieme.ch\/wp-inside\/uploads\/2022\/12\/5-185x185.jpg\" alt=\"Peinture multicolore abstraite\" data-interchange=\"[https:\/\/blog.insieme.ch\/wp-inside\/uploads\/2022\/12\/5-185x185.jpg, small],[https:\/\/blog.insieme.ch\/wp-inside\/uploads\/2022\/12\/5.jpg, gsmall],[https:\/\/blog.insieme.ch\/wp-inside\/uploads\/2022\/12\/5-185x185.jpg, large],[https:\/\/blog.insieme.ch\/wp-inside\/uploads\/2022\/12\/5.jpg, glarge],\"\/>\n\t\t\t\t\t\t\t\t<\/div>\n<p>\t\t\t\t\t\t\t\t\t\t\t\t\t<\/a>\n\t\t\t\t\t\t\t\t\t\t\t\t<\/div>\n<\/p><\/div>\n<div class=\"zn-gallery-item slick-item\">\n<div class=\"zn-gallery-item-inner\">\n<p>\t\t\t\t\t\t\t\t\t\t\t\t\t<a class=\"swipebox\" href=\"https:\/\/blog.insieme.ch\/wp-inside\/uploads\/2022\/12\/4.jpg\" title=\"\" rel=\"galleryzone-flzn-gallery-2\"><\/p>\n<div class=\"imgbox\">\n\t\t\t\t\t\t\t\t\t\t\t\t\t\t\t\t\t\t<img decoding=\"async\" src=\"https:\/\/blog.insieme.ch\/wp-inside\/uploads\/2022\/12\/4-185x185.jpg\" alt=\"Peinture multicolore abstraite\" data-interchange=\"[https:\/\/blog.insieme.ch\/wp-inside\/uploads\/2022\/12\/4-185x185.jpg, small],[https:\/\/blog.insieme.ch\/wp-inside\/uploads\/2022\/12\/4.jpg, gsmall],[https:\/\/blog.insieme.ch\/wp-inside\/uploads\/2022\/12\/4-185x185.jpg, large],[https:\/\/blog.insieme.ch\/wp-inside\/uploads\/2022\/12\/4.jpg, glarge],\"\/>\n\t\t\t\t\t\t\t\t<\/div>\n<p>\t\t\t\t\t\t\t\t\t\t\t\t\t<\/a>\n\t\t\t\t\t\t\t\t\t\t\t\t<\/div>\n<\/p><\/div>\n<div class=\"zn-gallery-item slick-item\">\n<div class=\"zn-gallery-item-inner\">\n<p>\t\t\t\t\t\t\t\t\t\t\t\t\t<a class=\"swipebox\" href=\"https:\/\/blog.insieme.ch\/wp-inside\/uploads\/2022\/12\/3.jpg\" title=\"\" rel=\"galleryzone-flzn-gallery-2\"><\/p>\n<div class=\"imgbox\">\n\t\t\t\t\t\t\t\t\t\t\t\t\t\t\t\t\t\t<img decoding=\"async\" src=\"https:\/\/blog.insieme.ch\/wp-inside\/uploads\/2022\/12\/3-185x185.jpg\" alt=\"Peinture multicolore abstraite\" data-interchange=\"[https:\/\/blog.insieme.ch\/wp-inside\/uploads\/2022\/12\/3-185x185.jpg, small],[https:\/\/blog.insieme.ch\/wp-inside\/uploads\/2022\/12\/3.jpg, gsmall],[https:\/\/blog.insieme.ch\/wp-inside\/uploads\/2022\/12\/3-185x185.jpg, large],[https:\/\/blog.insieme.ch\/wp-inside\/uploads\/2022\/12\/3.jpg, glarge],\"\/>\n\t\t\t\t\t\t\t\t<\/div>\n<p>\t\t\t\t\t\t\t\t\t\t\t\t\t<\/a>\n\t\t\t\t\t\t\t\t\t\t\t\t<\/div>\n<\/p><\/div>\n<div class=\"zn-gallery-item slick-item\">\n<div class=\"zn-gallery-item-inner\">\n<p>\t\t\t\t\t\t\t\t\t\t\t\t\t<a class=\"swipebox\" href=\"https:\/\/blog.insieme.ch\/wp-inside\/uploads\/2022\/12\/2.jpg\" title=\"\" rel=\"galleryzone-flzn-gallery-2\"><\/p>\n<div class=\"imgbox\">\n\t\t\t\t\t\t\t\t\t\t\t\t\t\t\t\t\t\t<img decoding=\"async\" src=\"https:\/\/blog.insieme.ch\/wp-inside\/uploads\/2022\/12\/2-185x185.jpg\" alt=\"Peinture multicolore abstraite\" data-interchange=\"[https:\/\/blog.insieme.ch\/wp-inside\/uploads\/2022\/12\/2-185x185.jpg, small],[https:\/\/blog.insieme.ch\/wp-inside\/uploads\/2022\/12\/2-220x300.jpg, gsmall],[https:\/\/blog.insieme.ch\/wp-inside\/uploads\/2022\/12\/2-185x185.jpg, large],[https:\/\/blog.insieme.ch\/wp-inside\/uploads\/2022\/12\/2-220x300.jpg, glarge],\"\/>\n\t\t\t\t\t\t\t\t<\/div>\n<p>\t\t\t\t\t\t\t\t\t\t\t\t\t<\/a>\n\t\t\t\t\t\t\t\t\t\t\t\t<\/div>\n<\/p><\/div>\n<div class=\"zn-gallery-item slick-item\">\n<div class=\"zn-gallery-item-inner\">\n<p>\t\t\t\t\t\t\t\t\t\t\t\t\t<a class=\"swipebox\" href=\"https:\/\/blog.insieme.ch\/wp-inside\/uploads\/2022\/12\/1.jpg\" title=\"\" rel=\"galleryzone-flzn-gallery-2\"><\/p>\n<div class=\"imgbox\">\n\t\t\t\t\t\t\t\t\t\t\t\t\t\t\t\t\t\t<img decoding=\"async\" src=\"https:\/\/blog.insieme.ch\/wp-inside\/uploads\/2022\/12\/1-185x185.jpg\" alt=\"Peinture multicolore abstraite\" data-interchange=\"[https:\/\/blog.insieme.ch\/wp-inside\/uploads\/2022\/12\/1-185x185.jpg, small],[https:\/\/blog.insieme.ch\/wp-inside\/uploads\/2022\/12\/1.jpg, gsmall],[https:\/\/blog.insieme.ch\/wp-inside\/uploads\/2022\/12\/1-185x185.jpg, large],[https:\/\/blog.insieme.ch\/wp-inside\/uploads\/2022\/12\/1.jpg, glarge],\"\/>\n\t\t\t\t\t\t\t\t<\/div>\n<p>\t\t\t\t\t\t\t\t\t\t\t\t\t<\/a>\n\t\t\t\t\t\t\t\t\t\t\t\t<\/div>\n<\/p><\/div>\n<\/p><\/div>\n<\/p><\/div>\n<\/p><\/div>\n<\/div>\n<\/div>\n<p><!-- \/flzn:zn_gallery --><br \/>\n<!-- flzn:zn_text --><\/p>\n<div id=\"flzn-text-3\" class=\"zone zn-text is-alignwide\">\n<div class=\"zone-block zn-text-block alignwide va-top\">\n<div class=\"row mw-content-zone zn-text-row\">\n<div class=\"columns large-12\">\n<div class=\"row large-up-1 with-nice-alignment nbloc-1\">\n<div class=\"column zn-text-col\">\n<div class=\"column-inner\">\n<div class=\"wig-content mw-content\">\n<p>&nbsp;<\/p>\n<p>Peindre me fait du bien. Cela me permet de changer mes id\u00e9es et de l\u00e2cher prise. Peindre me permet aussi de m\u2019exprimer et de sortir mes \u00e9motions quand je ne suis pas bien. \u00c7a m\u2019aide \u00e0 ne pas tout garder en moi. <span style=\"font-size: inherit;\">Quand je peins je me sens calme, je me sens bien. Quand je peins je ne pense \u00e0 rien.<\/span><\/p>\n<blockquote>\n<p><span style=\"font-size: inherit;\">Quand je peins je me sens calme, je me sens bien. Quand je peins je ne pense \u00e0 rien.<\/span><\/p>\n<\/blockquote>\n<p>Une fois la peinture finie, je regarde si je peux reconnaitre une forme&#160;&#160;: peut-\u00eatre un poisson, un oiseau ou une fleur. Je donne alors un titre \u00e0 mon \u0153uvre.<\/p>\n<p>&nbsp;<\/p>\n<p>Quand je finis mes peintures, je suis toujours tr\u00e8s contente et fi\u00e8re. Je trouve qu\u2019elles sont belles, gaies et vivantes. Je ne r\u00e9p\u00e8te jamais la m\u00eame chose. Toutes mes peintures sont uniques.<\/p>\n<blockquote>\n<p>Je ne r\u00e9p\u00e8te jamais la m\u00eame chose. Toutes mes peintures sont uniques.<\/p>\n<\/blockquote>\n<p>J\u2019ai envie de montrer mes \u0153uvres pour faire plaisir aux gens.<\/p>\n<\/p><\/div>\n<\/p><\/div>\n<\/p><\/div>\n<\/p><\/div>\n<\/p><\/div>\n<\/p><\/div>\n<\/div>\n<\/div>\n<p><!-- \/flzn:zn_text --><\/p>\n","protected":false},"excerpt":{"rendered":"<p>Cynthia Imesch \u00e9voque pour nous ses inspirations et ce que la peinture lui procure comme sensations&#8230; hautes en couleurs!<\/p>\n","protected":false},"author":33,"featured_media":4564,"comment_status":"open","ping_status":"open","sticky":false,"template":"","format":"standard","meta":{"_acf_changed":false,"footnotes":""},"categories":[23],"tags":[102],"class_list":["post-4516","post","type-post","status-publish","format-standard","has-post-thumbnail","hentry","category-loisirs","tag-art","wp-sticky"],"acf":[],"yoast_head":"<!-- This site is optimized with the Yoast SEO plugin v27.5 - https:\/\/yoast.com\/product\/yoast-seo-wordpress\/ -->\n<title>&quot;Quand je peins je ne pense \u00e0 rien&quot;<\/title>\n<meta name=\"description\" content=\"Art-th\u00e9rapie et handicap mental: Cynthia Imesch \u00e9voque pour nous ses inspirations et ce que la peinture lui procure comme sensations... hautes en couleurs!\" \/>\n<meta name=\"robots\" content=\"index, follow, max-snippet:-1, max-image-preview:large, max-video-preview:-1\" \/>\n<link rel=\"canonical\" href=\"https:\/\/blog.insieme.ch\/fr\/loisirs\/quand-je-peins-je-ne-pense-a-rien\/\" \/>\n<meta property=\"og:locale\" content=\"fr_FR\" \/>\n<meta property=\"og:type\" content=\"article\" \/>\n<meta property=\"og:title\" content=\"&quot;Quand je peins je ne pense \u00e0 rien&quot;\" \/>\n<meta property=\"og:description\" content=\"Art-th\u00e9rapie et handicap mental: Cynthia Imesch \u00e9voque pour nous ses inspirations et ce que la peinture lui procure comme sensations... hautes en couleurs!\" \/>\n<meta property=\"og:url\" content=\"https:\/\/blog.insieme.ch\/fr\/loisirs\/quand-je-peins-je-ne-pense-a-rien\/\" \/>\n<meta property=\"og:site_name\" content=\"insieme Blog\" \/>\n<meta property=\"article:publisher\" content=\"https:\/\/www.facebook.com\/insiemeSuisse\/\" \/>\n<meta property=\"article:published_time\" content=\"2022-12-21T09:00:51+00:00\" \/>\n<meta property=\"article:modified_time\" content=\"2022-12-22T08:42:55+00:00\" \/>\n<meta property=\"og:image\" content=\"https:\/\/blog.insieme.ch\/wp-inside\/uploads\/2022\/12\/img_1449.jpg\" \/>\n\t<meta property=\"og:image:width\" content=\"2000\" \/>\n\t<meta property=\"og:image:height\" content=\"1374\" \/>\n\t<meta property=\"og:image:type\" content=\"image\/jpeg\" \/>\n<meta name=\"author\" content=\"Cynthia Imesch\" \/>\n<meta name=\"twitter:card\" content=\"summary_large_image\" \/>\n<meta name=\"twitter:creator\" content=\"@insiemeSuisse\" \/>\n<meta name=\"twitter:site\" content=\"@insiemeSuisse\" \/>\n<meta name=\"twitter:label1\" content=\"\u00c9crit par\" \/>\n\t<meta name=\"twitter:data1\" content=\"Cynthia Imesch\" \/>\n\t<meta name=\"twitter:label2\" content=\"Dur\u00e9e de lecture estim\u00e9e\" \/>\n\t<meta name=\"twitter:data2\" content=\"2 minutes\" \/>\n<script type=\"application\/ld+json\" class=\"yoast-schema-graph\">{\"@context\":\"https:\\\/\\\/schema.org\",\"@graph\":[{\"@type\":\"Article\",\"@id\":\"https:\\\/\\\/blog.insieme.ch\\\/fr\\\/loisirs\\\/quand-je-peins-je-ne-pense-a-rien\\\/#article\",\"isPartOf\":{\"@id\":\"https:\\\/\\\/blog.insieme.ch\\\/fr\\\/loisirs\\\/quand-je-peins-je-ne-pense-a-rien\\\/\"},\"author\":{\"name\":\"Cynthia Imesch\",\"@id\":\"https:\\\/\\\/blog.insieme.ch\\\/fr\\\/#\\\/schema\\\/person\\\/0f8e897026e6d9ff2c5f22ad21e6891e\"},\"headline\":\"\u00ab&#160;Quand je peins je ne pense \u00e0 rien&#160;\u00bb\",\"datePublished\":\"2022-12-21T09:00:51+00:00\",\"dateModified\":\"2022-12-22T08:42:55+00:00\",\"mainEntityOfPage\":{\"@id\":\"https:\\\/\\\/blog.insieme.ch\\\/fr\\\/loisirs\\\/quand-je-peins-je-ne-pense-a-rien\\\/\"},\"wordCount\":446,\"commentCount\":0,\"publisher\":{\"@id\":\"https:\\\/\\\/blog.insieme.ch\\\/fr\\\/#organization\"},\"image\":{\"@id\":\"https:\\\/\\\/blog.insieme.ch\\\/fr\\\/loisirs\\\/quand-je-peins-je-ne-pense-a-rien\\\/#primaryimage\"},\"thumbnailUrl\":\"https:\\\/\\\/blog.insieme.ch\\\/wp-inside\\\/uploads\\\/2022\\\/12\\\/img_1449.jpg\",\"keywords\":[\"Art\"],\"articleSection\":[\"Loisirs\"],\"inLanguage\":\"fr-FR\",\"potentialAction\":[{\"@type\":\"CommentAction\",\"name\":\"Comment\",\"target\":[\"https:\\\/\\\/blog.insieme.ch\\\/fr\\\/loisirs\\\/quand-je-peins-je-ne-pense-a-rien\\\/#respond\"]}]},{\"@type\":\"WebPage\",\"@id\":\"https:\\\/\\\/blog.insieme.ch\\\/fr\\\/loisirs\\\/quand-je-peins-je-ne-pense-a-rien\\\/\",\"url\":\"https:\\\/\\\/blog.insieme.ch\\\/fr\\\/loisirs\\\/quand-je-peins-je-ne-pense-a-rien\\\/\",\"name\":\"\\\"Quand je peins je ne pense \u00e0 rien\\\"\",\"isPartOf\":{\"@id\":\"https:\\\/\\\/blog.insieme.ch\\\/fr\\\/#website\"},\"primaryImageOfPage\":{\"@id\":\"https:\\\/\\\/blog.insieme.ch\\\/fr\\\/loisirs\\\/quand-je-peins-je-ne-pense-a-rien\\\/#primaryimage\"},\"image\":{\"@id\":\"https:\\\/\\\/blog.insieme.ch\\\/fr\\\/loisirs\\\/quand-je-peins-je-ne-pense-a-rien\\\/#primaryimage\"},\"thumbnailUrl\":\"https:\\\/\\\/blog.insieme.ch\\\/wp-inside\\\/uploads\\\/2022\\\/12\\\/img_1449.jpg\",\"datePublished\":\"2022-12-21T09:00:51+00:00\",\"dateModified\":\"2022-12-22T08:42:55+00:00\",\"description\":\"Art-th\u00e9rapie et handicap mental: Cynthia Imesch \u00e9voque pour nous ses inspirations et ce que la peinture lui procure comme sensations... hautes en couleurs!\",\"breadcrumb\":{\"@id\":\"https:\\\/\\\/blog.insieme.ch\\\/fr\\\/loisirs\\\/quand-je-peins-je-ne-pense-a-rien\\\/#breadcrumb\"},\"inLanguage\":\"fr-FR\",\"potentialAction\":[{\"@type\":\"ReadAction\",\"target\":[\"https:\\\/\\\/blog.insieme.ch\\\/fr\\\/loisirs\\\/quand-je-peins-je-ne-pense-a-rien\\\/\"]}]},{\"@type\":\"ImageObject\",\"inLanguage\":\"fr-FR\",\"@id\":\"https:\\\/\\\/blog.insieme.ch\\\/fr\\\/loisirs\\\/quand-je-peins-je-ne-pense-a-rien\\\/#primaryimage\",\"url\":\"https:\\\/\\\/blog.insieme.ch\\\/wp-inside\\\/uploads\\\/2022\\\/12\\\/img_1449.jpg\",\"contentUrl\":\"https:\\\/\\\/blog.insieme.ch\\\/wp-inside\\\/uploads\\\/2022\\\/12\\\/img_1449.jpg\",\"width\":2000,\"height\":1374},{\"@type\":\"BreadcrumbList\",\"@id\":\"https:\\\/\\\/blog.insieme.ch\\\/fr\\\/loisirs\\\/quand-je-peins-je-ne-pense-a-rien\\\/#breadcrumb\",\"itemListElement\":[{\"@type\":\"ListItem\",\"position\":1,\"name\":\"Accueil\",\"item\":\"https:\\\/\\\/blog.insieme.ch\\\/fr\\\/\"},{\"@type\":\"ListItem\",\"position\":2,\"name\":\"Loisirs\",\"item\":\"https:\\\/\\\/blog.insieme.ch\\\/fr\\\/loisirs\\\/\"},{\"@type\":\"ListItem\",\"position\":3,\"name\":\"&#171;Quand je peins je ne pense \u00e0 rien&#187;\"}]},{\"@type\":\"WebSite\",\"@id\":\"https:\\\/\\\/blog.insieme.ch\\\/fr\\\/#website\",\"url\":\"https:\\\/\\\/blog.insieme.ch\\\/fr\\\/\",\"name\":\"insieme Blog\",\"description\":\"Alles ausser gew\u00f6hnlich\",\"publisher\":{\"@id\":\"https:\\\/\\\/blog.insieme.ch\\\/fr\\\/#organization\"},\"potentialAction\":[{\"@type\":\"SearchAction\",\"target\":{\"@type\":\"EntryPoint\",\"urlTemplate\":\"https:\\\/\\\/blog.insieme.ch\\\/fr\\\/?s={search_term_string}\"},\"query-input\":{\"@type\":\"PropertyValueSpecification\",\"valueRequired\":true,\"valueName\":\"search_term_string\"}}],\"inLanguage\":\"fr-FR\"},{\"@type\":\"Organization\",\"@id\":\"https:\\\/\\\/blog.insieme.ch\\\/fr\\\/#organization\",\"name\":\"insieme Blog\",\"url\":\"https:\\\/\\\/blog.insieme.ch\\\/fr\\\/\",\"logo\":{\"@type\":\"ImageObject\",\"inLanguage\":\"fr-FR\",\"@id\":\"https:\\\/\\\/blog.insieme.ch\\\/fr\\\/#\\\/schema\\\/logo\\\/image\\\/\",\"url\":\"https:\\\/\\\/blog.insieme.ch\\\/wp-inside\\\/uploads\\\/2021\\\/04\\\/logo-insieme-blog.png\",\"contentUrl\":\"https:\\\/\\\/blog.insieme.ch\\\/wp-inside\\\/uploads\\\/2021\\\/04\\\/logo-insieme-blog.png\",\"width\":280,\"height\":81,\"caption\":\"insieme Blog\"},\"image\":{\"@id\":\"https:\\\/\\\/blog.insieme.ch\\\/fr\\\/#\\\/schema\\\/logo\\\/image\\\/\"},\"sameAs\":[\"https:\\\/\\\/www.facebook.com\\\/insiemeSuisse\\\/\",\"https:\\\/\\\/x.com\\\/insiemeSuisse\"]},{\"@type\":\"Person\",\"@id\":\"https:\\\/\\\/blog.insieme.ch\\\/fr\\\/#\\\/schema\\\/person\\\/0f8e897026e6d9ff2c5f22ad21e6891e\",\"name\":\"Cynthia Imesch\",\"image\":{\"@type\":\"ImageObject\",\"inLanguage\":\"fr-FR\",\"@id\":\"https:\\\/\\\/secure.gravatar.com\\\/avatar\\\/eb9dea770e46c606d2f0e01e6047f58b324bf3bd78eb66f96f5bf78a4b3016e1?s=96&d=mm&r=g\",\"url\":\"https:\\\/\\\/secure.gravatar.com\\\/avatar\\\/eb9dea770e46c606d2f0e01e6047f58b324bf3bd78eb66f96f5bf78a4b3016e1?s=96&d=mm&r=g\",\"contentUrl\":\"https:\\\/\\\/secure.gravatar.com\\\/avatar\\\/eb9dea770e46c606d2f0e01e6047f58b324bf3bd78eb66f96f5bf78a4b3016e1?s=96&d=mm&r=g\",\"caption\":\"Cynthia Imesch\"},\"url\":\"https:\\\/\\\/blog.insieme.ch\\\/fr\\\/author\\\/cynthia-imesch\\\/\"}]}<\/script>\n<!-- \/ Yoast SEO plugin. -->","yoast_head_json":{"title":"\"Quand je peins je ne pense \u00e0 rien\"","description":"Art-th\u00e9rapie et handicap mental: Cynthia Imesch \u00e9voque pour nous ses inspirations et ce que la peinture lui procure comme sensations... hautes en couleurs!","robots":{"index":"index","follow":"follow","max-snippet":"max-snippet:-1","max-image-preview":"max-image-preview:large","max-video-preview":"max-video-preview:-1"},"canonical":"https:\/\/blog.insieme.ch\/fr\/loisirs\/quand-je-peins-je-ne-pense-a-rien\/","og_locale":"fr_FR","og_type":"article","og_title":"\"Quand je peins je ne pense \u00e0 rien\"","og_description":"Art-th\u00e9rapie et handicap mental: Cynthia Imesch \u00e9voque pour nous ses inspirations et ce que la peinture lui procure comme sensations... hautes en couleurs!","og_url":"https:\/\/blog.insieme.ch\/fr\/loisirs\/quand-je-peins-je-ne-pense-a-rien\/","og_site_name":"insieme Blog","article_publisher":"https:\/\/www.facebook.com\/insiemeSuisse\/","article_published_time":"2022-12-21T09:00:51+00:00","article_modified_time":"2022-12-22T08:42:55+00:00","og_image":[{"width":2000,"height":1374,"url":"https:\/\/blog.insieme.ch\/wp-inside\/uploads\/2022\/12\/img_1449.jpg","type":"image\/jpeg"}],"author":"Cynthia Imesch","twitter_card":"summary_large_image","twitter_creator":"@insiemeSuisse","twitter_site":"@insiemeSuisse","twitter_misc":{"\u00c9crit par":"Cynthia Imesch","Dur\u00e9e de lecture estim\u00e9e":"2 minutes"},"schema":{"@context":"https:\/\/schema.org","@graph":[{"@type":"Article","@id":"https:\/\/blog.insieme.ch\/fr\/loisirs\/quand-je-peins-je-ne-pense-a-rien\/#article","isPartOf":{"@id":"https:\/\/blog.insieme.ch\/fr\/loisirs\/quand-je-peins-je-ne-pense-a-rien\/"},"author":{"name":"Cynthia Imesch","@id":"https:\/\/blog.insieme.ch\/fr\/#\/schema\/person\/0f8e897026e6d9ff2c5f22ad21e6891e"},"headline":"\u00ab&#160;Quand je peins je ne pense \u00e0 rien&#160;\u00bb","datePublished":"2022-12-21T09:00:51+00:00","dateModified":"2022-12-22T08:42:55+00:00","mainEntityOfPage":{"@id":"https:\/\/blog.insieme.ch\/fr\/loisirs\/quand-je-peins-je-ne-pense-a-rien\/"},"wordCount":446,"commentCount":0,"publisher":{"@id":"https:\/\/blog.insieme.ch\/fr\/#organization"},"image":{"@id":"https:\/\/blog.insieme.ch\/fr\/loisirs\/quand-je-peins-je-ne-pense-a-rien\/#primaryimage"},"thumbnailUrl":"https:\/\/blog.insieme.ch\/wp-inside\/uploads\/2022\/12\/img_1449.jpg","keywords":["Art"],"articleSection":["Loisirs"],"inLanguage":"fr-FR","potentialAction":[{"@type":"CommentAction","name":"Comment","target":["https:\/\/blog.insieme.ch\/fr\/loisirs\/quand-je-peins-je-ne-pense-a-rien\/#respond"]}]},{"@type":"WebPage","@id":"https:\/\/blog.insieme.ch\/fr\/loisirs\/quand-je-peins-je-ne-pense-a-rien\/","url":"https:\/\/blog.insieme.ch\/fr\/loisirs\/quand-je-peins-je-ne-pense-a-rien\/","name":"\"Quand je peins je ne pense \u00e0 rien\"","isPartOf":{"@id":"https:\/\/blog.insieme.ch\/fr\/#website"},"primaryImageOfPage":{"@id":"https:\/\/blog.insieme.ch\/fr\/loisirs\/quand-je-peins-je-ne-pense-a-rien\/#primaryimage"},"image":{"@id":"https:\/\/blog.insieme.ch\/fr\/loisirs\/quand-je-peins-je-ne-pense-a-rien\/#primaryimage"},"thumbnailUrl":"https:\/\/blog.insieme.ch\/wp-inside\/uploads\/2022\/12\/img_1449.jpg","datePublished":"2022-12-21T09:00:51+00:00","dateModified":"2022-12-22T08:42:55+00:00","description":"Art-th\u00e9rapie et handicap mental: Cynthia Imesch \u00e9voque pour nous ses inspirations et ce que la peinture lui procure comme sensations... hautes en couleurs!","breadcrumb":{"@id":"https:\/\/blog.insieme.ch\/fr\/loisirs\/quand-je-peins-je-ne-pense-a-rien\/#breadcrumb"},"inLanguage":"fr-FR","potentialAction":[{"@type":"ReadAction","target":["https:\/\/blog.insieme.ch\/fr\/loisirs\/quand-je-peins-je-ne-pense-a-rien\/"]}]},{"@type":"ImageObject","inLanguage":"fr-FR","@id":"https:\/\/blog.insieme.ch\/fr\/loisirs\/quand-je-peins-je-ne-pense-a-rien\/#primaryimage","url":"https:\/\/blog.insieme.ch\/wp-inside\/uploads\/2022\/12\/img_1449.jpg","contentUrl":"https:\/\/blog.insieme.ch\/wp-inside\/uploads\/2022\/12\/img_1449.jpg","width":2000,"height":1374},{"@type":"BreadcrumbList","@id":"https:\/\/blog.insieme.ch\/fr\/loisirs\/quand-je-peins-je-ne-pense-a-rien\/#breadcrumb","itemListElement":[{"@type":"ListItem","position":1,"name":"Accueil","item":"https:\/\/blog.insieme.ch\/fr\/"},{"@type":"ListItem","position":2,"name":"Loisirs","item":"https:\/\/blog.insieme.ch\/fr\/loisirs\/"},{"@type":"ListItem","position":3,"name":"&#171;Quand je peins je ne pense \u00e0 rien&#187;"}]},{"@type":"WebSite","@id":"https:\/\/blog.insieme.ch\/fr\/#website","url":"https:\/\/blog.insieme.ch\/fr\/","name":"insieme Blog","description":"Alles ausser gew\u00f6hnlich","publisher":{"@id":"https:\/\/blog.insieme.ch\/fr\/#organization"},"potentialAction":[{"@type":"SearchAction","target":{"@type":"EntryPoint","urlTemplate":"https:\/\/blog.insieme.ch\/fr\/?s={search_term_string}"},"query-input":{"@type":"PropertyValueSpecification","valueRequired":true,"valueName":"search_term_string"}}],"inLanguage":"fr-FR"},{"@type":"Organization","@id":"https:\/\/blog.insieme.ch\/fr\/#organization","name":"insieme Blog","url":"https:\/\/blog.insieme.ch\/fr\/","logo":{"@type":"ImageObject","inLanguage":"fr-FR","@id":"https:\/\/blog.insieme.ch\/fr\/#\/schema\/logo\/image\/","url":"https:\/\/blog.insieme.ch\/wp-inside\/uploads\/2021\/04\/logo-insieme-blog.png","contentUrl":"https:\/\/blog.insieme.ch\/wp-inside\/uploads\/2021\/04\/logo-insieme-blog.png","width":280,"height":81,"caption":"insieme Blog"},"image":{"@id":"https:\/\/blog.insieme.ch\/fr\/#\/schema\/logo\/image\/"},"sameAs":["https:\/\/www.facebook.com\/insiemeSuisse\/","https:\/\/x.com\/insiemeSuisse"]},{"@type":"Person","@id":"https:\/\/blog.insieme.ch\/fr\/#\/schema\/person\/0f8e897026e6d9ff2c5f22ad21e6891e","name":"Cynthia Imesch","image":{"@type":"ImageObject","inLanguage":"fr-FR","@id":"https:\/\/secure.gravatar.com\/avatar\/eb9dea770e46c606d2f0e01e6047f58b324bf3bd78eb66f96f5bf78a4b3016e1?s=96&d=mm&r=g","url":"https:\/\/secure.gravatar.com\/avatar\/eb9dea770e46c606d2f0e01e6047f58b324bf3bd78eb66f96f5bf78a4b3016e1?s=96&d=mm&r=g","contentUrl":"https:\/\/secure.gravatar.com\/avatar\/eb9dea770e46c606d2f0e01e6047f58b324bf3bd78eb66f96f5bf78a4b3016e1?s=96&d=mm&r=g","caption":"Cynthia Imesch"},"url":"https:\/\/blog.insieme.ch\/fr\/author\/cynthia-imesch\/"}]}},"featured_media_url":"https:\/\/blog.insieme.ch\/wp-inside\/uploads\/2022\/12\/img_1449-1024x703.jpg","_links":{"self":[{"href":"https:\/\/blog.insieme.ch\/fr\/wp-json\/wp\/v2\/posts\/4516","targetHints":{"allow":["GET"]}}],"collection":[{"href":"https:\/\/blog.insieme.ch\/fr\/wp-json\/wp\/v2\/posts"}],"about":[{"href":"https:\/\/blog.insieme.ch\/fr\/wp-json\/wp\/v2\/types\/post"}],"author":[{"embeddable":true,"href":"https:\/\/blog.insieme.ch\/fr\/wp-json\/wp\/v2\/users\/33"}],"replies":[{"embeddable":true,"href":"https:\/\/blog.insieme.ch\/fr\/wp-json\/wp\/v2\/comments?post=4516"}],"version-history":[{"count":8,"href":"https:\/\/blog.insieme.ch\/fr\/wp-json\/wp\/v2\/posts\/4516\/revisions"}],"predecessor-version":[{"id":4559,"href":"https:\/\/blog.insieme.ch\/fr\/wp-json\/wp\/v2\/posts\/4516\/revisions\/4559"}],"wp:featuredmedia":[{"embeddable":true,"href":"https:\/\/blog.insieme.ch\/fr\/wp-json\/wp\/v2\/media\/4564"}],"wp:attachment":[{"href":"https:\/\/blog.insieme.ch\/fr\/wp-json\/wp\/v2\/media?parent=4516"}],"wp:term":[{"taxonomy":"category","embeddable":true,"href":"https:\/\/blog.insieme.ch\/fr\/wp-json\/wp\/v2\/categories?post=4516"},{"taxonomy":"post_tag","embeddable":true,"href":"https:\/\/blog.insieme.ch\/fr\/wp-json\/wp\/v2\/tags?post=4516"}],"curies":[{"name":"wp","href":"https:\/\/api.w.org\/{rel}","templated":true}]}}