{"id":4303,"date":"2023-01-12T09:00:07","date_gmt":"2023-01-12T08:00:07","guid":{"rendered":"https:\/\/blog.insieme.ch\/?p=4303"},"modified":"2023-01-12T17:08:48","modified_gmt":"2023-01-12T16:08:48","slug":"quand-les-parents-assument-la-curatelle","status":"publish","type":"post","link":"https:\/\/blog.insieme.ch\/fr\/famille\/quand-les-parents-assument-la-curatelle\/","title":{"rendered":"Quand les parents assument la curatelle"},"content":{"rendered":"<p><!-- flzn:zn_pagebanner --><\/p>\n<header id=\"flzn-pagebanner-1\" class=\"zone zn-pagebanner is-alignfull with-bg bg-color is-bgc-yellow-light\"><span class=\"zone-bg bg-color bgc-yellow-light alignfull\"><\/span><\/p>\n<div class=\"zone-block zn-pagebanner-block alignfull va-center\"><\/div>\n<\/header>\n<p><!-- \/flzn:zn_pagebanner --><br \/>\n<!-- flzn:zn_text --><\/p>\n<div id=\"flzn-text-1\" class=\"zone zn-text is-alignwide with-bg bg-color is-bgc-white\"><span class=\"zone-bg bg-color bgc-white alignfull\"><\/span><\/p>\n<div class=\"zone-block zn-text-block pdd-top pdd-bottom alignwide va-top\">\n<div class=\"row mw-content-zone zn-text-row\">\n<div class=\"columns large-12\">\n<div class=\"row large-up-1 with-nice-alignment nbloc-1\">\n<div class=\"column zn-text-col\">\n<div class=\"column-inner\">\n<div class=\"wig-content mw-content\">\n<p><strong>Lorsqu&#8217;une personne en situation de handicap mental atteint la majorit\u00e9, se pose alors la question du soutien dont elle a besoin pour organiser sa vie et g\u00e9rer son quotidien. Le droit de protection de l\u2019adulte propose de cr\u00e9er une curatelle sur mesure. Quelle que soit sa forme, ce sont souvent les proches qui assument cette t\u00e2che.<\/strong><!--more--><\/p>\n<\/p><\/div>\n<\/p><\/div>\n<\/p><\/div>\n<\/p><\/div>\n<\/p><\/div>\n<\/p><\/div>\n<\/div>\n<\/div>\n<p><!-- \/flzn:zn_text --><br \/>\n<!-- flzn:zn_text --><\/p>\n<div id=\"flzn-text-2\" class=\"zone zn-text is-alignwide with-bg bg-color is-bgc-yellow-light\"><span class=\"zone-bg bg-color bgc-yellow-light alignfull\"><\/span><\/p>\n<div class=\"zone-block zn-text-block alignwide va-top\">\n<div class=\"row mw-content-zone zn-text-row\">\n<div class=\"columns large-12\">\n<div class=\"row with-nice-alignment nbloc-2 va-top\">\n<div class=\"columns large-6 zn-text-col\">\n<div class=\"columns-inner\">\n<div class=\"wig-content mw-content\">\n<p>Dans son appartement, c&#8217;est Sarah qui donne le ton. Cette jeune femme de 25 ans est porteuse du trouble du spectre de l&#8217;autisme (TSA) et vit avec son ami dans un appartement de la fondation Andante Eschenz. Sarah rend visite \u00e0 ses parents toutes les deux semaines. \u00ab&#160;&#160;Notre fille est assez autonome, elle a quitt\u00e9 la maison \u00e0 17 ans pour suivre une formation \u00e0 la vie autonome&#160;&#160;\u00bb, raconte Heike, la m\u00e8re de Sarah. \u00ab&#160;&#160;Cependant, sur le plan cognitif, elle a le niveau d&#8217;une enfant de 5 \u00e0 7 ans. Elle n&#8217;a aucune notion de l&#8217;argent, ni du temps. Elle ne peut pas se repr\u00e9senter le pass\u00e9, ni se projeter dans le futur, et n\u2019a pas conscience des cons\u00e9quences de ses actes.&#160;&#160;\u00bb<\/p>\n<\/p><\/div>\n<\/p><\/div>\n<\/p><\/div>\n<div class=\"columns large-6 zn-text-col\">\n<div class=\"columns-inner\">\n<div class=\"wig-content mw-content\">\n<p>C\u2019est \u00e0 ses 18 ans que la famille s\u2019est pos\u00e9 la question de la curatelle&#160;&#160;: \u00ab&#160;&#160;Nous lui avons demand\u00e9 qui devait assumer cette t\u00e2che pour elle. Elle a voulu que je m\u2019en occupe moi&#160;&#160;\u00bb, raconte Heike. En tant que curatrice, elle coordonne les rendez-vous m\u00e9dicaux de sa fille, g\u00e8re l\u2019administratif, signe les contrats, repr\u00e9sente sa fille aupr\u00e8s des caisses maladies et de la poste, ma\u00eetrise les questions financi\u00e8res et poss\u00e8de une procuration pour les contrats de t\u00e9l\u00e9phonie mobile. Ce double r\u00f4le ne lui pose aucun probl\u00e8me, au contraire&#160;&#160;: \u00ab&#160;&#160;On \u00e9change nos points de vue mais je ne prends jamais de d\u00e9cision sans lui en parler. Il s\u2019agit d\u2019elle avant tout.&#160;&#160;\u00bb<\/p>\n<\/p><\/div>\n<\/p><\/div>\n<\/p><\/div>\n<\/p><\/div>\n<\/p><\/div>\n<\/p><\/div>\n<\/div>\n<\/div>\n<p><!-- \/flzn:zn_text --><br \/>\n<!-- flzn:zn_gallery --><\/p>\n<div id=\"flzn-gallery-1\" class=\"zone zn-gallery is-alignwide with-bg bg-color is-bgc-yellow-light\"><span class=\"zone-bg bg-color bgc-yellow-light alignfull\"><\/span><\/p>\n<div class=\"zone-block zn-gallery-block pdd-top-off alignwide va-top\">\n<div class=\"row mw-content-zone\">\n<div class=\"large-12 columns\">\n<div class=\"zn-gallery-list row small-up-2 medium-up-4 large-up-4 gallery\">\n<div class=\"zn-gallery-item gallery-item column\">\n<div class=\"zn-gallery-item-inner\">\n<p>\t\t\t\t\t\t\t\t\t\t\t\t\t<a class=\"swipebox\" href=\"https:\/\/blog.insieme.ch\/wp-inside\/uploads\/2022\/11\/ds91512-1920x1280.jpg\" title=\"Sarah rend visite \u00e0 ses parents toutes les deux semaines. \u00a9 Vera Markus\" rel=\"galleryzone-flzn-gallery-1\"><\/p>\n<div class=\"imgbox\">\n\t\t\t\t\t\t\t\t\t\t\t\t\t\t\t\t\t\t<img decoding=\"async\" src=\"https:\/\/blog.insieme.ch\/wp-inside\/uploads\/2022\/11\/ds91512-185x185.jpg\" alt=\"Une photo de la m\u00e8re et la fille, qui se regardent en souriant.\" data-interchange=\"[https:\/\/blog.insieme.ch\/wp-inside\/uploads\/2022\/11\/ds91512-185x185.jpg, small],[https:\/\/blog.insieme.ch\/wp-inside\/uploads\/2022\/11\/ds91512-370x300.jpg, gsmall],[https:\/\/blog.insieme.ch\/wp-inside\/uploads\/2022\/11\/ds91512-185x185.jpg, large],[https:\/\/blog.insieme.ch\/wp-inside\/uploads\/2022\/11\/ds91512-370x300.jpg, glarge],\"\/>\n\t\t\t\t\t\t\t\t<\/div>\n<p>\t\t\t\t\t\t\t\t\t\t\t\t\t<\/a>\n\t\t\t\t\t\t\t\t\t\t\t\t<\/div>\n<\/p><\/div>\n<div class=\"zn-gallery-item gallery-item column\">\n<div class=\"zn-gallery-item-inner\">\n<p>\t\t\t\t\t\t\t\t\t\t\t\t\t<a class=\"swipebox\" href=\"https:\/\/blog.insieme.ch\/wp-inside\/uploads\/2022\/11\/ds91583-1920x1280.jpg\" title=\"\u00ab\u00a0Je suis la curatrice de Sarah. Quand on doit prendre une d\u00e9cision, on discute beaucoup ensemble.\nJe ne prends jamais de d\u00e9cision, moi toute seule, pour Sarah. \u00bb \u00a9 Vera Markus\" rel=\"galleryzone-flzn-gallery-1\"><\/p>\n<div class=\"imgbox\">\n\t\t\t\t\t\t\t\t\t\t\t\t\t\t\t\t\t\t<img decoding=\"async\" src=\"https:\/\/blog.insieme.ch\/wp-inside\/uploads\/2022\/11\/ds91583-185x185.jpg\" alt=\"Une photo de la m\u00e8re et la fille, en train de faire des t\u00e2ches administratives sur l'ordinateur.\" data-interchange=\"[https:\/\/blog.insieme.ch\/wp-inside\/uploads\/2022\/11\/ds91583-185x185.jpg, small],[https:\/\/blog.insieme.ch\/wp-inside\/uploads\/2022\/11\/ds91583-370x300.jpg, gsmall],[https:\/\/blog.insieme.ch\/wp-inside\/uploads\/2022\/11\/ds91583-185x185.jpg, large],[https:\/\/blog.insieme.ch\/wp-inside\/uploads\/2022\/11\/ds91583-370x300.jpg, glarge],\"\/>\n\t\t\t\t\t\t\t\t<\/div>\n<p>\t\t\t\t\t\t\t\t\t\t\t\t\t<\/a>\n\t\t\t\t\t\t\t\t\t\t\t\t<\/div>\n<\/p><\/div>\n<div class=\"zn-gallery-item gallery-item column\">\n<div class=\"zn-gallery-item-inner\">\n<p>\t\t\t\t\t\t\t\t\t\t\t\t\t<a class=\"swipebox\" href=\"https:\/\/blog.insieme.ch\/wp-inside\/uploads\/2022\/11\/ds91594-2-1920x1280.jpg\" title=\"En tant que curatrice, elle coordonne les rendez-vous m\u00e9dicaux de sa fille, g\u00e8re l\u2019administratif, signe les contrats, repr\u00e9sente sa fille aupr\u00e8s des caisses maladies et de la poste, ma\u00eetrise les questions financi\u00e8res et poss\u00e8de une procuration pour les contrats de t\u00e9l\u00e9phonie mobile. \u00a9 Vera Markus\" rel=\"galleryzone-flzn-gallery-1\"><\/p>\n<div class=\"imgbox\">\n\t\t\t\t\t\t\t\t\t\t\t\t\t\t\t\t\t\t<img decoding=\"async\" src=\"https:\/\/blog.insieme.ch\/wp-inside\/uploads\/2022\/11\/ds91594-2-185x185.jpg\" alt=\"Une photo de la m\u00e8re au t\u00e9l\u00e9phone, en train de g\u00e9rer l'administratif pour sa fille.\" data-interchange=\"[https:\/\/blog.insieme.ch\/wp-inside\/uploads\/2022\/11\/ds91594-2-185x185.jpg, small],[https:\/\/blog.insieme.ch\/wp-inside\/uploads\/2022\/11\/ds91594-2-370x300.jpg, gsmall],[https:\/\/blog.insieme.ch\/wp-inside\/uploads\/2022\/11\/ds91594-2-185x185.jpg, large],[https:\/\/blog.insieme.ch\/wp-inside\/uploads\/2022\/11\/ds91594-2-370x300.jpg, glarge],\"\/>\n\t\t\t\t\t\t\t\t<\/div>\n<p>\t\t\t\t\t\t\t\t\t\t\t\t\t<\/a>\n\t\t\t\t\t\t\t\t\t\t\t\t<\/div>\n<\/p><\/div>\n<div class=\"zn-gallery-item gallery-item column\">\n<div class=\"zn-gallery-item-inner\">\n<p>\t\t\t\t\t\t\t\t\t\t\t\t\t<a class=\"swipebox\" href=\"https:\/\/blog.insieme.ch\/wp-inside\/uploads\/2022\/11\/ds91603-2-1920x1280.jpg\" title=\"Ce double r\u00f4le ne pose aucun probl\u00e8me \u00e0 Heike. \u00a9 Vera Markus\" rel=\"galleryzone-flzn-gallery-1\"><\/p>\n<div class=\"imgbox\">\n\t\t\t\t\t\t\t\t\t\t\t\t\t\t\t\t\t\t<img decoding=\"async\" src=\"https:\/\/blog.insieme.ch\/wp-inside\/uploads\/2022\/11\/ds91603-2-185x185.jpg\" alt=\"La m\u00e8re soutient sa fille en souriant.\" data-interchange=\"[https:\/\/blog.insieme.ch\/wp-inside\/uploads\/2022\/11\/ds91603-2-185x185.jpg, small],[https:\/\/blog.insieme.ch\/wp-inside\/uploads\/2022\/11\/ds91603-2-370x300.jpg, gsmall],[https:\/\/blog.insieme.ch\/wp-inside\/uploads\/2022\/11\/ds91603-2-185x185.jpg, large],[https:\/\/blog.insieme.ch\/wp-inside\/uploads\/2022\/11\/ds91603-2-370x300.jpg, glarge],\"\/>\n\t\t\t\t\t\t\t\t<\/div>\n<p>\t\t\t\t\t\t\t\t\t\t\t\t\t<\/a>\n\t\t\t\t\t\t\t\t\t\t\t\t<\/div>\n<\/p><\/div>\n<\/p><\/div>\n<\/p><\/div>\n<\/p><\/div>\n<\/div>\n<\/div>\n<p><!-- \/flzn:zn_gallery --><br \/>\n<!-- flzn:zn_text --><\/p>\n<div id=\"flzn-text-3\" class=\"zone zn-text is-alignwide with-bg bg-color is-bgc-white\"><span class=\"zone-bg bg-color bgc-white alignfull\"><\/span><\/p>\n<div class=\"zone-block zn-text-block pdd-top pdd-bottom-off alignwide va-top\">\n<div class=\"row mw-content-zone zn-text-row\">\n<div class=\"columns large-12\">\n<div class=\"row large-up-1 with-nice-alignment nbloc-1\">\n<div class=\"column zn-text-col\">\n<div class=\"column-inner\">\n<div class=\"wig-content mw-content\">\n<p><strong>Une charge administrative importante<\/strong><\/p>\n<p>Myriam est curatrice de son fils Jonas, 25 ans. Eux aussi, ont opt\u00e9 pour une curatelle de repr\u00e9sentation. Le processus d&#8217;inscription aupr\u00e8s de l&#8217;Autorit\u00e9 de protection de l&#8217;enfant et de l&#8217;adulte (APEA) leur a sembl\u00e9 carr\u00e9ment humiliant. \u00ab&#160;&#160;Jusqu&#8217;alors, nous avions toujours tout fait et tout pay\u00e9 pour notre fils et personne ne s&#8217;y \u00e9tait int\u00e9ress\u00e9. L\u00e0, nous avons d\u00fb pr\u00e9senter un extrait de casier judiciaire et un extrait du registre des poursuites pour prouver que nous pouvions assumer cette t\u00e2che.&#160;&#160;\u00bb Jonas est souvent malade et Myriam doit envoyer les d\u00e9comptes des frais de traitement aux prestations compl\u00e9mentaires. \u00ab&#160;&#160;Je suis contente d\u2019\u00eatre rembours\u00e9e, mais quand je remplis cette montagne de formulaires, j\u2019ai souvent l\u2019impression d\u2019\u00eatre une mendiante&#160;&#160;\u00bb partage-elle.<\/p>\n<blockquote>\n<p>il ne s\u2019exprime pas tr\u00e8s bien verbalement. Quand il ne comprend pas quelque chose, souvent il mure dans le silence. Alors nous sommes son porte-parole.<\/p>\n<\/blockquote>\n<p>Tanya et son mari ont assum\u00e9 la curatelle de leur fils de 21 ans. Elle connait tr\u00e8s bien les comportements de son fils. Selon elle, cette curatelle offre un avantage ind\u00e9niable&#160;&#160;: \u00ab&#160;&#160;il ne s\u2019exprime pas tr\u00e8s bien verbalement. Quand il ne comprend pas quelque chose, souvent il mure dans le silence. Alors nous sommes son porte-parole.&#160;&#160;\u00bb Priska, elle, a opt\u00e9 pour une curatelle de repr\u00e9sentation partag\u00e9e pour son fils Fabian. Comme elle et son ex-mari ne sont pas tr\u00e8s \u00e0 l\u2019aise avec les questions financi\u00e8res, ils ont d\u00e9cid\u00e9 de confier cette t\u00e2che \u00e0 une curatrice professionnelle. Tout le reste, c\u2019est elle qui le g\u00e8re. Elle discute de tout avec son fils. \u00ab&#160;&#160;Mais en fin de compte, c\u2019est \u00e0 moi que revient la d\u00e9cision.&#160;&#160;\u00bb<\/p>\n<\/p><\/div>\n<\/p><\/div>\n<\/p><\/div>\n<\/p><\/div>\n<\/p><\/div>\n<\/p><\/div>\n<\/div>\n<\/div>\n<p><!-- \/flzn:zn_text --><br \/>\n<!-- flzn:zn_text --><\/p>\n<div id=\"flzn-text-4\" class=\"zone zn-text is-alignwide\">\n<div class=\"zone-block zn-text-block pdd-top-off pdd-bottom-off alignwide va-top\">\n<div class=\"row mw-content-zone zn-text-row\">\n<div class=\"columns large-12\">\n<div class=\"row large-up-1 with-nice-alignment nbloc-1\">\n<div class=\"column zn-text-col\">\n<div class=\"column-inner\">\n<div class=\"wig-content mw-content\">\n<blockquote>\n<p>Si les proches projettent leurs propres sentiments sur la personne qu\u2019ils veulent soutenir, si la d\u00e9limitation du lien interpersonnel fait d\u00e9faut ou si les parents et les professionnel\u00b7le\u00b7s ne parviennent pas \u00e0 \u00e9tablir une collaboration bas\u00e9e sur la confiance, cela peut engendrer de grandes difficult\u00e9s.<\/p>\n<p>&nbsp;<\/p>\n<\/blockquote>\n<p><strong>Regard ext\u00e9rieur<\/strong><\/p>\n<p>Rahel Widmer dirige le service de conseil pour les curateurs\u00b7trices priv\u00e9s des services sociaux de la ville de Zurich. \u00ab&#160;&#160;Les parents ont une grande expertise, c\u2019est une bonne ressource pour les personnes concern\u00e9es ainsi que pour l&#8217;environnement de prise en charge. La continuit\u00e9 de l&#8217;accompagnement, le contact personnel r\u00e9gulier, la relation de confiance et leur flexibilit\u00e9 sont des atouts importants. Mais g\u00e9rer une curatelle signifie aussi \u00eatre appel\u00e9 \u00e0 jouer diff\u00e9rents r\u00f4les. Cela requiert de l\u2019ambivalence, il faut savoir faire la part des choses entre ce qui est souhaitable et ce qui est faisable. Toutefois, si les proches projettent leurs propres sentiments sur la personne qu&#8217;ils veulent soutenir, si la d\u00e9limitation du lien interpersonnel fait d\u00e9faut ou si les parents et les professionnel\u00b7le\u00b7s ne parviennent pas \u00e0 \u00e9tablir une collaboration bas\u00e9e sur la confiance, cela peut engendrer de grandes difficult\u00e9s.&#160;&#160;\u00bb Elle renseigne les familles sur les droits et devoir, mais aussi sur la possibilit\u00e9 de d\u00e9l\u00e9guer une partie des t\u00e2ches \u00e0 une curatelle professionnelle. Elle renseigne \u00e9galement sur les droits financiers des personnes concern\u00e9es aupr\u00e8s des assurances sociales<\/p>\n<\/p><\/div>\n<\/p><\/div>\n<\/p><\/div>\n<\/p><\/div>\n<\/p><\/div>\n<\/p><\/div>\n<\/div>\n<\/div>\n<p><!-- \/flzn:zn_text --><\/p>\n","protected":false},"excerpt":{"rendered":"<p>Lorsqu&rsquo;une personne en situation de handicap mental atteint la majorit\u00e9, se pose alors la question du soutien dont elle a besoin pour organiser sa vie et g\u00e9rer son quotidien.<\/p>\n","protected":false},"author":4,"featured_media":4311,"comment_status":"open","ping_status":"open","sticky":false,"template":"","format":"standard","meta":{"_acf_changed":false,"footnotes":""},"categories":[22,16],"tags":[41,79],"class_list":["post-4303","post","type-post","status-publish","format-standard","has-post-thumbnail","hentry","category-famille","category-handicap-mental","tag-accompagnement","tag-proches-aidants","wp-sticky"],"acf":[],"yoast_head":"<!-- This site is optimized with the Yoast SEO plugin v27.5 - https:\/\/yoast.com\/product\/yoast-seo-wordpress\/ -->\n<title>Quand les parents assument la curatelle<\/title>\n<meta name=\"description\" content=\"Lorsqu&#039;une personne en situation de handicap mental atteint la majorit\u00e9, se pose alors la question du soutien dont elle a besoin pour organiser sa vie et g\u00e9rer son quotidien.\" \/>\n<meta name=\"robots\" content=\"index, follow, max-snippet:-1, max-image-preview:large, max-video-preview:-1\" \/>\n<link rel=\"canonical\" href=\"https:\/\/blog.insieme.ch\/fr\/famille\/quand-les-parents-assument-la-curatelle\/\" \/>\n<meta property=\"og:locale\" content=\"fr_FR\" \/>\n<meta property=\"og:type\" content=\"article\" \/>\n<meta property=\"og:title\" content=\"Quand les parents assument la curatelle\" \/>\n<meta property=\"og:description\" content=\"Lorsqu&#039;une personne en situation de handicap mental atteint la majorit\u00e9, se pose alors la question du soutien dont elle a besoin pour organiser sa vie et g\u00e9rer son quotidien.\" \/>\n<meta property=\"og:url\" content=\"https:\/\/blog.insieme.ch\/fr\/famille\/quand-les-parents-assument-la-curatelle\/\" \/>\n<meta property=\"og:site_name\" content=\"insieme Blog\" \/>\n<meta property=\"article:publisher\" content=\"https:\/\/www.facebook.com\/insiemeSuisse\/\" \/>\n<meta property=\"article:published_time\" content=\"2023-01-12T08:00:07+00:00\" \/>\n<meta property=\"article:modified_time\" content=\"2023-01-12T16:08:48+00:00\" \/>\n<meta property=\"og:image\" content=\"https:\/\/blog.insieme.ch\/wp-inside\/uploads\/2022\/11\/ds91603-2.jpg\" \/>\n\t<meta property=\"og:image:width\" content=\"2000\" \/>\n\t<meta property=\"og:image:height\" content=\"1333\" \/>\n\t<meta property=\"og:image:type\" content=\"image\/jpeg\" \/>\n<meta name=\"author\" content=\"Susanne Schanda\" \/>\n<meta name=\"twitter:card\" content=\"summary_large_image\" \/>\n<meta name=\"twitter:creator\" content=\"@insiemeSuisse\" \/>\n<meta name=\"twitter:site\" content=\"@insiemeSuisse\" \/>\n<meta name=\"twitter:label1\" content=\"\u00c9crit par\" \/>\n\t<meta name=\"twitter:data1\" content=\"Susanne Schanda\" \/>\n\t<meta name=\"twitter:label2\" content=\"Dur\u00e9e de lecture estim\u00e9e\" \/>\n\t<meta name=\"twitter:data2\" content=\"4 minutes\" \/>\n<script type=\"application\/ld+json\" class=\"yoast-schema-graph\">{\"@context\":\"https:\\\/\\\/schema.org\",\"@graph\":[{\"@type\":\"Article\",\"@id\":\"https:\\\/\\\/blog.insieme.ch\\\/fr\\\/famille\\\/quand-les-parents-assument-la-curatelle\\\/#article\",\"isPartOf\":{\"@id\":\"https:\\\/\\\/blog.insieme.ch\\\/fr\\\/famille\\\/quand-les-parents-assument-la-curatelle\\\/\"},\"author\":{\"name\":\"Susanne Schanda\",\"@id\":\"https:\\\/\\\/blog.insieme.ch\\\/fr\\\/#\\\/schema\\\/person\\\/9bdc666aa1d449943ed3e91c3bc6ac50\"},\"headline\":\"Quand les parents assument la curatelle\",\"datePublished\":\"2023-01-12T08:00:07+00:00\",\"dateModified\":\"2023-01-12T16:08:48+00:00\",\"mainEntityOfPage\":{\"@id\":\"https:\\\/\\\/blog.insieme.ch\\\/fr\\\/famille\\\/quand-les-parents-assument-la-curatelle\\\/\"},\"wordCount\":870,\"commentCount\":0,\"publisher\":{\"@id\":\"https:\\\/\\\/blog.insieme.ch\\\/fr\\\/#organization\"},\"image\":{\"@id\":\"https:\\\/\\\/blog.insieme.ch\\\/fr\\\/famille\\\/quand-les-parents-assument-la-curatelle\\\/#primaryimage\"},\"thumbnailUrl\":\"https:\\\/\\\/blog.insieme.ch\\\/wp-inside\\\/uploads\\\/2022\\\/11\\\/ds91603-2.jpg\",\"keywords\":[\"Accompagnement\",\"Proches aidants\"],\"articleSection\":[\"Famille\",\"Handicap mental\"],\"inLanguage\":\"fr-FR\",\"potentialAction\":[{\"@type\":\"CommentAction\",\"name\":\"Comment\",\"target\":[\"https:\\\/\\\/blog.insieme.ch\\\/fr\\\/famille\\\/quand-les-parents-assument-la-curatelle\\\/#respond\"]}]},{\"@type\":\"WebPage\",\"@id\":\"https:\\\/\\\/blog.insieme.ch\\\/fr\\\/famille\\\/quand-les-parents-assument-la-curatelle\\\/\",\"url\":\"https:\\\/\\\/blog.insieme.ch\\\/fr\\\/famille\\\/quand-les-parents-assument-la-curatelle\\\/\",\"name\":\"Quand les parents assument la curatelle\",\"isPartOf\":{\"@id\":\"https:\\\/\\\/blog.insieme.ch\\\/fr\\\/#website\"},\"primaryImageOfPage\":{\"@id\":\"https:\\\/\\\/blog.insieme.ch\\\/fr\\\/famille\\\/quand-les-parents-assument-la-curatelle\\\/#primaryimage\"},\"image\":{\"@id\":\"https:\\\/\\\/blog.insieme.ch\\\/fr\\\/famille\\\/quand-les-parents-assument-la-curatelle\\\/#primaryimage\"},\"thumbnailUrl\":\"https:\\\/\\\/blog.insieme.ch\\\/wp-inside\\\/uploads\\\/2022\\\/11\\\/ds91603-2.jpg\",\"datePublished\":\"2023-01-12T08:00:07+00:00\",\"dateModified\":\"2023-01-12T16:08:48+00:00\",\"description\":\"Lorsqu'une personne en situation de handicap mental atteint la majorit\u00e9, se pose alors la question du soutien dont elle a besoin pour organiser sa vie et g\u00e9rer son quotidien.\",\"breadcrumb\":{\"@id\":\"https:\\\/\\\/blog.insieme.ch\\\/fr\\\/famille\\\/quand-les-parents-assument-la-curatelle\\\/#breadcrumb\"},\"inLanguage\":\"fr-FR\",\"potentialAction\":[{\"@type\":\"ReadAction\",\"target\":[\"https:\\\/\\\/blog.insieme.ch\\\/fr\\\/famille\\\/quand-les-parents-assument-la-curatelle\\\/\"]}]},{\"@type\":\"ImageObject\",\"inLanguage\":\"fr-FR\",\"@id\":\"https:\\\/\\\/blog.insieme.ch\\\/fr\\\/famille\\\/quand-les-parents-assument-la-curatelle\\\/#primaryimage\",\"url\":\"https:\\\/\\\/blog.insieme.ch\\\/wp-inside\\\/uploads\\\/2022\\\/11\\\/ds91603-2.jpg\",\"contentUrl\":\"https:\\\/\\\/blog.insieme.ch\\\/wp-inside\\\/uploads\\\/2022\\\/11\\\/ds91603-2.jpg\",\"width\":2000,\"height\":1333,\"caption\":\"Ce double r\u00f4le ne pose aucun probl\u00e8me \u00e0 Heike. \u00a9 Vera Markus\"},{\"@type\":\"BreadcrumbList\",\"@id\":\"https:\\\/\\\/blog.insieme.ch\\\/fr\\\/famille\\\/quand-les-parents-assument-la-curatelle\\\/#breadcrumb\",\"itemListElement\":[{\"@type\":\"ListItem\",\"position\":1,\"name\":\"Accueil\",\"item\":\"https:\\\/\\\/blog.insieme.ch\\\/fr\\\/\"},{\"@type\":\"ListItem\",\"position\":2,\"name\":\"Famille\",\"item\":\"https:\\\/\\\/blog.insieme.ch\\\/fr\\\/famille\\\/\"},{\"@type\":\"ListItem\",\"position\":3,\"name\":\"Quand les parents assument la curatelle\"}]},{\"@type\":\"WebSite\",\"@id\":\"https:\\\/\\\/blog.insieme.ch\\\/fr\\\/#website\",\"url\":\"https:\\\/\\\/blog.insieme.ch\\\/fr\\\/\",\"name\":\"insieme Blog\",\"description\":\"Alles ausser gew\u00f6hnlich\",\"publisher\":{\"@id\":\"https:\\\/\\\/blog.insieme.ch\\\/fr\\\/#organization\"},\"potentialAction\":[{\"@type\":\"SearchAction\",\"target\":{\"@type\":\"EntryPoint\",\"urlTemplate\":\"https:\\\/\\\/blog.insieme.ch\\\/fr\\\/?s={search_term_string}\"},\"query-input\":{\"@type\":\"PropertyValueSpecification\",\"valueRequired\":true,\"valueName\":\"search_term_string\"}}],\"inLanguage\":\"fr-FR\"},{\"@type\":\"Organization\",\"@id\":\"https:\\\/\\\/blog.insieme.ch\\\/fr\\\/#organization\",\"name\":\"insieme Blog\",\"url\":\"https:\\\/\\\/blog.insieme.ch\\\/fr\\\/\",\"logo\":{\"@type\":\"ImageObject\",\"inLanguage\":\"fr-FR\",\"@id\":\"https:\\\/\\\/blog.insieme.ch\\\/fr\\\/#\\\/schema\\\/logo\\\/image\\\/\",\"url\":\"https:\\\/\\\/blog.insieme.ch\\\/wp-inside\\\/uploads\\\/2021\\\/04\\\/logo-insieme-blog.png\",\"contentUrl\":\"https:\\\/\\\/blog.insieme.ch\\\/wp-inside\\\/uploads\\\/2021\\\/04\\\/logo-insieme-blog.png\",\"width\":280,\"height\":81,\"caption\":\"insieme Blog\"},\"image\":{\"@id\":\"https:\\\/\\\/blog.insieme.ch\\\/fr\\\/#\\\/schema\\\/logo\\\/image\\\/\"},\"sameAs\":[\"https:\\\/\\\/www.facebook.com\\\/insiemeSuisse\\\/\",\"https:\\\/\\\/x.com\\\/insiemeSuisse\"]},{\"@type\":\"Person\",\"@id\":\"https:\\\/\\\/blog.insieme.ch\\\/fr\\\/#\\\/schema\\\/person\\\/9bdc666aa1d449943ed3e91c3bc6ac50\",\"name\":\"Susanne Schanda\",\"image\":{\"@type\":\"ImageObject\",\"inLanguage\":\"fr-FR\",\"@id\":\"https:\\\/\\\/secure.gravatar.com\\\/avatar\\\/64193fc918460f85b6ec2e9ca238bd037ebbdc901ffd8e7e360e9b28cb18012a?s=96&d=mm&r=g\",\"url\":\"https:\\\/\\\/secure.gravatar.com\\\/avatar\\\/64193fc918460f85b6ec2e9ca238bd037ebbdc901ffd8e7e360e9b28cb18012a?s=96&d=mm&r=g\",\"contentUrl\":\"https:\\\/\\\/secure.gravatar.com\\\/avatar\\\/64193fc918460f85b6ec2e9ca238bd037ebbdc901ffd8e7e360e9b28cb18012a?s=96&d=mm&r=g\",\"caption\":\"Susanne Schanda\"},\"description\":\"Communication insieme\",\"url\":\"https:\\\/\\\/blog.insieme.ch\\\/fr\\\/author\\\/susanne-schanda\\\/\"}]}<\/script>\n<!-- \/ Yoast SEO plugin. -->","yoast_head_json":{"title":"Quand les parents assument la curatelle","description":"Lorsqu'une personne en situation de handicap mental atteint la majorit\u00e9, se pose alors la question du soutien dont elle a besoin pour organiser sa vie et g\u00e9rer son quotidien.","robots":{"index":"index","follow":"follow","max-snippet":"max-snippet:-1","max-image-preview":"max-image-preview:large","max-video-preview":"max-video-preview:-1"},"canonical":"https:\/\/blog.insieme.ch\/fr\/famille\/quand-les-parents-assument-la-curatelle\/","og_locale":"fr_FR","og_type":"article","og_title":"Quand les parents assument la curatelle","og_description":"Lorsqu'une personne en situation de handicap mental atteint la majorit\u00e9, se pose alors la question du soutien dont elle a besoin pour organiser sa vie et g\u00e9rer son quotidien.","og_url":"https:\/\/blog.insieme.ch\/fr\/famille\/quand-les-parents-assument-la-curatelle\/","og_site_name":"insieme Blog","article_publisher":"https:\/\/www.facebook.com\/insiemeSuisse\/","article_published_time":"2023-01-12T08:00:07+00:00","article_modified_time":"2023-01-12T16:08:48+00:00","og_image":[{"width":2000,"height":1333,"url":"https:\/\/blog.insieme.ch\/wp-inside\/uploads\/2022\/11\/ds91603-2.jpg","type":"image\/jpeg"}],"author":"Susanne Schanda","twitter_card":"summary_large_image","twitter_creator":"@insiemeSuisse","twitter_site":"@insiemeSuisse","twitter_misc":{"\u00c9crit par":"Susanne Schanda","Dur\u00e9e de lecture estim\u00e9e":"4 minutes"},"schema":{"@context":"https:\/\/schema.org","@graph":[{"@type":"Article","@id":"https:\/\/blog.insieme.ch\/fr\/famille\/quand-les-parents-assument-la-curatelle\/#article","isPartOf":{"@id":"https:\/\/blog.insieme.ch\/fr\/famille\/quand-les-parents-assument-la-curatelle\/"},"author":{"name":"Susanne Schanda","@id":"https:\/\/blog.insieme.ch\/fr\/#\/schema\/person\/9bdc666aa1d449943ed3e91c3bc6ac50"},"headline":"Quand les parents assument la curatelle","datePublished":"2023-01-12T08:00:07+00:00","dateModified":"2023-01-12T16:08:48+00:00","mainEntityOfPage":{"@id":"https:\/\/blog.insieme.ch\/fr\/famille\/quand-les-parents-assument-la-curatelle\/"},"wordCount":870,"commentCount":0,"publisher":{"@id":"https:\/\/blog.insieme.ch\/fr\/#organization"},"image":{"@id":"https:\/\/blog.insieme.ch\/fr\/famille\/quand-les-parents-assument-la-curatelle\/#primaryimage"},"thumbnailUrl":"https:\/\/blog.insieme.ch\/wp-inside\/uploads\/2022\/11\/ds91603-2.jpg","keywords":["Accompagnement","Proches aidants"],"articleSection":["Famille","Handicap mental"],"inLanguage":"fr-FR","potentialAction":[{"@type":"CommentAction","name":"Comment","target":["https:\/\/blog.insieme.ch\/fr\/famille\/quand-les-parents-assument-la-curatelle\/#respond"]}]},{"@type":"WebPage","@id":"https:\/\/blog.insieme.ch\/fr\/famille\/quand-les-parents-assument-la-curatelle\/","url":"https:\/\/blog.insieme.ch\/fr\/famille\/quand-les-parents-assument-la-curatelle\/","name":"Quand les parents assument la curatelle","isPartOf":{"@id":"https:\/\/blog.insieme.ch\/fr\/#website"},"primaryImageOfPage":{"@id":"https:\/\/blog.insieme.ch\/fr\/famille\/quand-les-parents-assument-la-curatelle\/#primaryimage"},"image":{"@id":"https:\/\/blog.insieme.ch\/fr\/famille\/quand-les-parents-assument-la-curatelle\/#primaryimage"},"thumbnailUrl":"https:\/\/blog.insieme.ch\/wp-inside\/uploads\/2022\/11\/ds91603-2.jpg","datePublished":"2023-01-12T08:00:07+00:00","dateModified":"2023-01-12T16:08:48+00:00","description":"Lorsqu'une personne en situation de handicap mental atteint la majorit\u00e9, se pose alors la question du soutien dont elle a besoin pour organiser sa vie et g\u00e9rer son quotidien.","breadcrumb":{"@id":"https:\/\/blog.insieme.ch\/fr\/famille\/quand-les-parents-assument-la-curatelle\/#breadcrumb"},"inLanguage":"fr-FR","potentialAction":[{"@type":"ReadAction","target":["https:\/\/blog.insieme.ch\/fr\/famille\/quand-les-parents-assument-la-curatelle\/"]}]},{"@type":"ImageObject","inLanguage":"fr-FR","@id":"https:\/\/blog.insieme.ch\/fr\/famille\/quand-les-parents-assument-la-curatelle\/#primaryimage","url":"https:\/\/blog.insieme.ch\/wp-inside\/uploads\/2022\/11\/ds91603-2.jpg","contentUrl":"https:\/\/blog.insieme.ch\/wp-inside\/uploads\/2022\/11\/ds91603-2.jpg","width":2000,"height":1333,"caption":"Ce double r\u00f4le ne pose aucun probl\u00e8me \u00e0 Heike. \u00a9 Vera Markus"},{"@type":"BreadcrumbList","@id":"https:\/\/blog.insieme.ch\/fr\/famille\/quand-les-parents-assument-la-curatelle\/#breadcrumb","itemListElement":[{"@type":"ListItem","position":1,"name":"Accueil","item":"https:\/\/blog.insieme.ch\/fr\/"},{"@type":"ListItem","position":2,"name":"Famille","item":"https:\/\/blog.insieme.ch\/fr\/famille\/"},{"@type":"ListItem","position":3,"name":"Quand les parents assument la curatelle"}]},{"@type":"WebSite","@id":"https:\/\/blog.insieme.ch\/fr\/#website","url":"https:\/\/blog.insieme.ch\/fr\/","name":"insieme Blog","description":"Alles ausser gew\u00f6hnlich","publisher":{"@id":"https:\/\/blog.insieme.ch\/fr\/#organization"},"potentialAction":[{"@type":"SearchAction","target":{"@type":"EntryPoint","urlTemplate":"https:\/\/blog.insieme.ch\/fr\/?s={search_term_string}"},"query-input":{"@type":"PropertyValueSpecification","valueRequired":true,"valueName":"search_term_string"}}],"inLanguage":"fr-FR"},{"@type":"Organization","@id":"https:\/\/blog.insieme.ch\/fr\/#organization","name":"insieme Blog","url":"https:\/\/blog.insieme.ch\/fr\/","logo":{"@type":"ImageObject","inLanguage":"fr-FR","@id":"https:\/\/blog.insieme.ch\/fr\/#\/schema\/logo\/image\/","url":"https:\/\/blog.insieme.ch\/wp-inside\/uploads\/2021\/04\/logo-insieme-blog.png","contentUrl":"https:\/\/blog.insieme.ch\/wp-inside\/uploads\/2021\/04\/logo-insieme-blog.png","width":280,"height":81,"caption":"insieme Blog"},"image":{"@id":"https:\/\/blog.insieme.ch\/fr\/#\/schema\/logo\/image\/"},"sameAs":["https:\/\/www.facebook.com\/insiemeSuisse\/","https:\/\/x.com\/insiemeSuisse"]},{"@type":"Person","@id":"https:\/\/blog.insieme.ch\/fr\/#\/schema\/person\/9bdc666aa1d449943ed3e91c3bc6ac50","name":"Susanne Schanda","image":{"@type":"ImageObject","inLanguage":"fr-FR","@id":"https:\/\/secure.gravatar.com\/avatar\/64193fc918460f85b6ec2e9ca238bd037ebbdc901ffd8e7e360e9b28cb18012a?s=96&d=mm&r=g","url":"https:\/\/secure.gravatar.com\/avatar\/64193fc918460f85b6ec2e9ca238bd037ebbdc901ffd8e7e360e9b28cb18012a?s=96&d=mm&r=g","contentUrl":"https:\/\/secure.gravatar.com\/avatar\/64193fc918460f85b6ec2e9ca238bd037ebbdc901ffd8e7e360e9b28cb18012a?s=96&d=mm&r=g","caption":"Susanne Schanda"},"description":"Communication insieme","url":"https:\/\/blog.insieme.ch\/fr\/author\/susanne-schanda\/"}]}},"featured_media_url":"https:\/\/blog.insieme.ch\/wp-inside\/uploads\/2022\/11\/ds91603-2-1024x682.jpg","_links":{"self":[{"href":"https:\/\/blog.insieme.ch\/fr\/wp-json\/wp\/v2\/posts\/4303","targetHints":{"allow":["GET"]}}],"collection":[{"href":"https:\/\/blog.insieme.ch\/fr\/wp-json\/wp\/v2\/posts"}],"about":[{"href":"https:\/\/blog.insieme.ch\/fr\/wp-json\/wp\/v2\/types\/post"}],"author":[{"embeddable":true,"href":"https:\/\/blog.insieme.ch\/fr\/wp-json\/wp\/v2\/users\/4"}],"replies":[{"embeddable":true,"href":"https:\/\/blog.insieme.ch\/fr\/wp-json\/wp\/v2\/comments?post=4303"}],"version-history":[{"count":11,"href":"https:\/\/blog.insieme.ch\/fr\/wp-json\/wp\/v2\/posts\/4303\/revisions"}],"predecessor-version":[{"id":4575,"href":"https:\/\/blog.insieme.ch\/fr\/wp-json\/wp\/v2\/posts\/4303\/revisions\/4575"}],"wp:featuredmedia":[{"embeddable":true,"href":"https:\/\/blog.insieme.ch\/fr\/wp-json\/wp\/v2\/media\/4311"}],"wp:attachment":[{"href":"https:\/\/blog.insieme.ch\/fr\/wp-json\/wp\/v2\/media?parent=4303"}],"wp:term":[{"taxonomy":"category","embeddable":true,"href":"https:\/\/blog.insieme.ch\/fr\/wp-json\/wp\/v2\/categories?post=4303"},{"taxonomy":"post_tag","embeddable":true,"href":"https:\/\/blog.insieme.ch\/fr\/wp-json\/wp\/v2\/tags?post=4303"}],"curies":[{"name":"wp","href":"https:\/\/api.w.org\/{rel}","templated":true}]}}