{"id":4225,"date":"2022-12-29T09:00:03","date_gmt":"2022-12-29T08:00:03","guid":{"rendered":"https:\/\/blog.insieme.ch\/?p=4225"},"modified":"2023-01-10T09:15:18","modified_gmt":"2023-01-10T08:15:18","slug":"personnes-malades-avec-un-handicap-mental-ameliorer-les-visites-chez-le-medecin","status":"publish","type":"post","link":"https:\/\/blog.insieme.ch\/fr\/falc\/personnes-malades-avec-un-handicap-mental-ameliorer-les-visites-chez-le-medecin\/","title":{"rendered":"Personnes malades avec un handicap mental&#160;: am\u00e9liorer les visites chez le m\u00e9decin"},"content":{"rendered":"<p><!-- flzn:zn_pagebanner --><\/p>\n<header id=\"flzn-pagebanner-1\" class=\"zone zn-pagebanner is-alignfull with-bg bg-color is-bgc-yellow-light\"><span class=\"zone-bg bg-color bgc-yellow-light alignfull\"><\/span><\/p>\n<div class=\"zone-block zn-pagebanner-block alignfull va-center\"><\/div>\n<\/header>\n<p><!-- \/flzn:zn_pagebanner --><br \/>\n<!-- flzn:zn_text --><\/p>\n<div id=\"flzn-text-1\" class=\"zone zn-text is-alignwide\">\n<div class=\"zone-block zn-text-block alignwide va-top\">\n<div class=\"row mw-content-zone zn-text-row widthbig\">\n<div class=\"columns large-12\">\n<div class=\"row large-up-1 with-nice-alignment nbloc-1\">\n<div class=\"column zn-text-col\">\n<div class=\"column-inner\">\n<div class=\"wig-content mw-content\">\n<p><strong>Les personnes avec des difficult\u00e9s li\u00e9es \u00e0 l\u2019autisme<\/strong><\/p>\n<p>aiment les choses connues et les situations habituelles.<\/p>\n<p>La nouveaut\u00e9 et les choses inconnues d\u00e9stabilisent ces personnes.<\/p>\n<p>Les personnes inconnues, les situations inattendues<\/p>\n<p>mais aussi les \u00e9v\u00e9nements impr\u00e9vus stressent ces personnes.<\/p>\n<p>&nbsp;<\/p>\n<p>Parfois, ces personnes doivent aussi aller \u00e0 l\u2019h\u00f4pital ou chez le m\u00e9decin.<\/p>\n<p>Pour elles, la consultation est difficile&#160;&#160;:<\/p>\n<p>Le personnel de l\u2019h\u00f4pital et les m\u00e9decins ont peu d\u2019exp\u00e9rience<br \/>\navec ces personnes.<\/p>\n<p>&nbsp;<\/p>\n<p>Les <strong>personnes avec un handicap<\/strong> <strong>mental <\/strong>ont le m\u00eame probl\u00e8me.<\/p>\n<p>Elles ne comprennent <strong>pas<\/strong> <strong>bien<\/strong> le m\u00e9decin.<\/p>\n<p>Elle ne se sentent <strong>pas<\/strong> comprises.<\/p>\n<p>&nbsp;<\/p>\n<p><strong>Le personnel m\u00e9dical peut apprendre<\/strong><\/p>\n<p>Les m\u00e9decins ont peu d\u2019exp\u00e9rience avec les personnes qui ont<\/p>\n<p>un handicap mental<\/p>\n<p>Mais le personnel de soin dans les h\u00f4pitaux et les m\u00e9decins<\/p>\n<p>peuvent apprendre.<\/p>\n<p>&nbsp;<\/p>\n<p>Pour cela, une <strong>nouvelle formation <\/strong>les aide.<br \/>\nLa formation se trouve sur internet.<br \/>\nLa formation s\u2019appelle \u00ab&#160;&#160;Ici Tous Sont Accueillis&#160;&#160;\u00bb.<\/p>\n<p>&nbsp;<\/p>\n<p>Deux sp\u00e9cialistes ont cr\u00e9\u00e9 cette formation&#160;&#160;:<br \/>\nDelphine Roduit, professeure dans une haute \u00e9cole<br \/>\net J\u00e9r\u00f4me Favrod, professeur et infirmier clinicien.<\/p>\n<p>L\u2019objectif de la nouvelle formation c\u2019est&#160;&#160;:<\/p>\n<p><strong>Mieux conna\u00eetre les besoins<\/strong> des personnes avec un handicap mental<br \/>\nou avec des difficult\u00e9s li\u00e9es \u00e0 l\u2019autisme.<\/p>\n<p>&nbsp;<\/p>\n<p>Pour mieux accompagner ces personnes,<\/p>\n<p>voil\u00e0 ce que les h\u00f4pitaux et les m\u00e9decins peuvent faire&#160;&#160;:<\/p>\n<ul>\n<li>Parler plus simplement et clairement<\/li>\n<li>Avant la consultation, expliquer comment \u00e7a va se passer<\/li>\n<li>Avant les soins, pr\u00e9senter les lieux et les personnes impliqu\u00e9es<\/li>\n<li>Bien \u00e9couter les personnes avec un handicap mental<\/li>\n<\/ul>\n<p><strong>\u00a0<\/strong><\/p>\n<p>Cela peut aussi aider ces personnes&#160;&#160;:<\/p>\n<ul>\n<li>Visiter les lieux avant<\/li>\n<li>Voir une photo du m\u00e9decin<\/li>\n<li>Voir les photos des appareils m\u00e9dicaux<\/li>\n<\/ul>\n<p>Parfois, il suffit de peu.<\/p>\n<p>Ainsi les personnes savent ce qui les attend.<\/p>\n<p>Les explications sont claires et les personnes comprennent bien.<\/p>\n<p>&nbsp;<\/p>\n<\/p><\/div>\n<\/p><\/div>\n<\/p><\/div>\n<\/p><\/div>\n<\/p><\/div>\n<\/p><\/div>\n<\/div>\n<\/div>\n<p><!-- \/flzn:zn_text --><br \/>\n<!-- flzn:zn_gallery --><\/p>\n<div id=\"flzn-gallery-1\" class=\"zone zn-gallery is-alignwide\">\n<div class=\"zone-block zn-gallery-block alignwide va-top\">\n<div class=\"row mw-content-zone\">\n<div class=\"large-12 columns\">\n<div class=\"zn-gallery-list row small-up-2 medium-up-4 large-up-4 gallery\">\n<div class=\"zn-gallery-item gallery-item column\">\n<div class=\"zn-gallery-item-inner\">\n<p>\t\t\t\t\t\t\t\t\t\t\t\t\t<a class=\"swipebox\" href=\"https:\/\/blog.insieme.ch\/wp-inside\/uploads\/2022\/11\/prise-de-sang.jpg\" title=\"L\u2019assistante m\u00e9dicale explique comment se d\u00e9roule la prise de sang. \" rel=\"galleryzone-flzn-gallery-1\"><\/p>\n<div class=\"imgbox\">\n\t\t\t\t\t\t\t\t\t\t\t\t\t\t\t\t\t\t<img decoding=\"async\" src=\"https:\/\/blog.insieme.ch\/wp-inside\/uploads\/2022\/11\/prise-de-sang-185x185.jpg\" alt=\"Le patient est couch\u00e9 sur la table de consultation et l'assistance m\u00e9dicale lui montre comme le d\u00e9roul\u00e9 de la prise de sang.\" data-interchange=\"[https:\/\/blog.insieme.ch\/wp-inside\/uploads\/2022\/11\/prise-de-sang-185x185.jpg, small],[https:\/\/blog.insieme.ch\/wp-inside\/uploads\/2022\/11\/prise-de-sang-370x300.jpg, gsmall],[https:\/\/blog.insieme.ch\/wp-inside\/uploads\/2022\/11\/prise-de-sang-185x185.jpg, large],[https:\/\/blog.insieme.ch\/wp-inside\/uploads\/2022\/11\/prise-de-sang-370x300.jpg, glarge],\"\/>\n\t\t\t\t\t\t\t\t<\/div>\n<p>\t\t\t\t\t\t\t\t\t\t\t\t\t<\/a>\n\t\t\t\t\t\t\t\t\t\t\t\t<\/div>\n<\/p><\/div>\n<div class=\"zn-gallery-item gallery-item column\">\n<div class=\"zn-gallery-item-inner\">\n<p>\t\t\t\t\t\t\t\t\t\t\t\t\t<a class=\"swipebox\" href=\"https:\/\/blog.insieme.ch\/wp-inside\/uploads\/2022\/11\/photo-2021-04-09-16-56-59.jpg\" title=\"L'assistante m\u00e9dicale explique comment se d\u00e9roule la prise de tension. \" rel=\"galleryzone-flzn-gallery-1\"><\/p>\n<div class=\"imgbox\">\n\t\t\t\t\t\t\t\t\t\t\t\t\t\t\t\t\t\t<img decoding=\"async\" src=\"https:\/\/blog.insieme.ch\/wp-inside\/uploads\/2022\/11\/photo-2021-04-09-16-56-59-185x185.jpg\" alt=\"Le patient est assis sur la table de consultation et l'assistante m\u00e9dicale lui montre l'appareil pour prendre la tension.\" data-interchange=\"[https:\/\/blog.insieme.ch\/wp-inside\/uploads\/2022\/11\/photo-2021-04-09-16-56-59-185x185.jpg, small],[https:\/\/blog.insieme.ch\/wp-inside\/uploads\/2022\/11\/photo-2021-04-09-16-56-59-370x300.jpg, gsmall],[https:\/\/blog.insieme.ch\/wp-inside\/uploads\/2022\/11\/photo-2021-04-09-16-56-59-185x185.jpg, large],[https:\/\/blog.insieme.ch\/wp-inside\/uploads\/2022\/11\/photo-2021-04-09-16-56-59-370x300.jpg, glarge],\"\/>\n\t\t\t\t\t\t\t\t<\/div>\n<p>\t\t\t\t\t\t\t\t\t\t\t\t\t<\/a>\n\t\t\t\t\t\t\t\t\t\t\t\t<\/div>\n<\/p><\/div>\n<div class=\"zn-gallery-item gallery-item column\">\n<div class=\"zn-gallery-item-inner\">\n<p>\t\t\t\t\t\t\t\t\t\t\t\t\t<a class=\"swipebox\" href=\"https:\/\/blog.insieme.ch\/wp-inside\/uploads\/2022\/11\/prise-ta.jpg\" title=\"Il faut bien expliquer les choses avant.\" rel=\"galleryzone-flzn-gallery-1\"><\/p>\n<div class=\"imgbox\">\n\t\t\t\t\t\t\t\t\t\t\t\t\t\t\t\t\t\t<img decoding=\"async\" src=\"https:\/\/blog.insieme.ch\/wp-inside\/uploads\/2022\/11\/prise-ta-185x185.jpg\" alt=\"La patient est allong\u00e9 sur la table de consultation et se fait prendre la tension.\" data-interchange=\"[https:\/\/blog.insieme.ch\/wp-inside\/uploads\/2022\/11\/prise-ta-185x185.jpg, small],[https:\/\/blog.insieme.ch\/wp-inside\/uploads\/2022\/11\/prise-ta-370x300.jpg, gsmall],[https:\/\/blog.insieme.ch\/wp-inside\/uploads\/2022\/11\/prise-ta-185x185.jpg, large],[https:\/\/blog.insieme.ch\/wp-inside\/uploads\/2022\/11\/prise-ta-370x300.jpg, glarge],\"\/>\n\t\t\t\t\t\t\t\t<\/div>\n<p>\t\t\t\t\t\t\t\t\t\t\t\t\t<\/a>\n\t\t\t\t\t\t\t\t\t\t\t\t<\/div>\n<\/p><\/div>\n<div class=\"zn-gallery-item gallery-item column\">\n<div class=\"zn-gallery-item-inner\">\n<p>\t\t\t\t\t\t\t\t\t\t\t\t\t<a class=\"swipebox\" href=\"https:\/\/blog.insieme.ch\/wp-inside\/uploads\/2022\/11\/photo-2021-04-09-16-56-56.jpg\" title=\"L\u2019\u00e9ducateur explique comment se d\u00e9roulera la consultation.\n\" rel=\"galleryzone-flzn-gallery-1\"><\/p>\n<div class=\"imgbox\">\n\t\t\t\t\t\t\t\t\t\t\t\t\t\t\t\t\t\t<img decoding=\"async\" src=\"https:\/\/blog.insieme.ch\/wp-inside\/uploads\/2022\/11\/photo-2021-04-09-16-56-56-185x185.jpg\" alt=\"Une personne avec un TSA et son \u00e9ducateur assis sur un canap\u00e9 tenant une tablette dans les mains.\" data-interchange=\"[https:\/\/blog.insieme.ch\/wp-inside\/uploads\/2022\/11\/photo-2021-04-09-16-56-56-185x185.jpg, small],[https:\/\/blog.insieme.ch\/wp-inside\/uploads\/2022\/11\/photo-2021-04-09-16-56-56-370x300.jpg, gsmall],[https:\/\/blog.insieme.ch\/wp-inside\/uploads\/2022\/11\/photo-2021-04-09-16-56-56-185x185.jpg, large],[https:\/\/blog.insieme.ch\/wp-inside\/uploads\/2022\/11\/photo-2021-04-09-16-56-56-370x300.jpg, glarge],\"\/>\n\t\t\t\t\t\t\t\t<\/div>\n<p>\t\t\t\t\t\t\t\t\t\t\t\t\t<\/a>\n\t\t\t\t\t\t\t\t\t\t\t\t<\/div>\n<\/p><\/div>\n<\/p><\/div>\n<\/p><\/div>\n<\/p><\/div>\n<\/div>\n<\/div>\n<p><!-- \/flzn:zn_gallery --><br \/>\n<!-- flzn:zn_text --><\/p>\n<div id=\"flzn-text-2\" class=\"zone zn-text is-alignwide\">\n<div class=\"zone-block zn-text-block alignwide va-top\">\n<div class=\"row mw-content-zone zn-text-row\">\n<div class=\"columns large-12\">\n<div class=\"row large-up-1 with-nice-alignment nbloc-1\">\n<div class=\"column zn-text-col\">\n<div class=\"column-inner\">\n<div class=\"wig-content mw-content\">\n<p>&nbsp;<\/p>\n<p><strong>J\u2019ai bien compris et je sais \u00e0 l\u2019avance <\/strong><\/p>\n<p>&nbsp;<\/p>\n<p>Parfois, les personnes avec un handicap mental<br \/>\nont besoin de plus de temps.<\/p>\n<p>Il faut bien expliquer les choses avant.<\/p>\n<p>Le personnel de soins peut aussi parler avec la famille.<\/p>\n<p>La famille conna\u00eet bien les besoins et les soucis de la personne.<\/p>\n<p>Le personnel de soins doit profiter des connaissances de la famille.<\/p>\n<p>&nbsp;<\/p>\n<p><strong>Bien accompagner les personnes avec un handicap mental<\/strong><\/p>\n<p>&nbsp;<\/p>\n<p>Un traitement r\u00e9ussi doit soulager la personne.<\/p>\n<p>C\u2019est ce que tout le monde veut.<\/p>\n<p>Mais le personnel de soins doit apprendre.<\/p>\n<p>Il doit apprendre \u00e0 bien accompagner les personnes<br \/>\navec un handicap mental.<\/p>\n<p>Car bien accompagner les personnes avec un handicap mental,<br \/>\nc\u2019est un plus pour tout le monde.<\/p>\n<\/p><\/div>\n<\/p><\/div>\n<\/p><\/div>\n<\/p><\/div>\n<\/p><\/div>\n<\/p><\/div>\n<\/div>\n<\/div>\n<p><!-- \/flzn:zn_text --><\/p>\n","protected":false},"excerpt":{"rendered":"<p>Les personnes avec des difficult\u00e9s li\u00e9es \u00e0 l\u2019autisme aiment les choses connues et les situations habituelles.<\/p>\n","protected":false},"author":30,"featured_media":4153,"comment_status":"open","ping_status":"open","sticky":false,"template":"","format":"standard","meta":{"_acf_changed":false,"footnotes":""},"categories":[15,21],"tags":[94],"class_list":["post-4225","post","type-post","status-publish","format-standard","has-post-thumbnail","hentry","category-falc","category-sante-et-qualite-de-vie","tag-soins","wp-sticky"],"acf":[],"yoast_head":"<!-- This site is optimized with the Yoast SEO plugin v27.5 - https:\/\/yoast.com\/product\/yoast-seo-wordpress\/ -->\n<title>Personnes malades avec un handicap mental : am\u00e9liorer les visites chez le m\u00e9decin<\/title>\n<meta name=\"description\" content=\"Les personnes avec des difficult\u00e9s li\u00e9es \u00e0 l\u2019autisme aiment les choses connues et les situations habituelles.\" \/>\n<meta name=\"robots\" content=\"index, follow, max-snippet:-1, max-image-preview:large, max-video-preview:-1\" \/>\n<link rel=\"canonical\" href=\"https:\/\/blog.insieme.ch\/fr\/falc\/personnes-malades-avec-un-handicap-mental-ameliorer-les-visites-chez-le-medecin\/\" \/>\n<meta property=\"og:locale\" content=\"fr_FR\" \/>\n<meta property=\"og:type\" content=\"article\" \/>\n<meta property=\"og:title\" content=\"Personnes malades avec un handicap mental : am\u00e9liorer les visites chez le m\u00e9decin\" \/>\n<meta property=\"og:description\" content=\"Les personnes avec des difficult\u00e9s li\u00e9es \u00e0 l\u2019autisme aiment les choses connues et les situations habituelles.\" \/>\n<meta property=\"og:url\" content=\"https:\/\/blog.insieme.ch\/fr\/falc\/personnes-malades-avec-un-handicap-mental-ameliorer-les-visites-chez-le-medecin\/\" \/>\n<meta property=\"og:site_name\" content=\"insieme Blog\" \/>\n<meta property=\"article:publisher\" content=\"https:\/\/www.facebook.com\/insiemeSuisse\/\" \/>\n<meta property=\"article:published_time\" content=\"2022-12-29T08:00:03+00:00\" \/>\n<meta property=\"article:modified_time\" content=\"2023-01-10T08:15:18+00:00\" \/>\n<meta property=\"og:image\" content=\"https:\/\/blog.insieme.ch\/wp-inside\/uploads\/2022\/11\/photo-2021-04-09-16-56-56.jpg\" \/>\n\t<meta property=\"og:image:width\" content=\"1600\" \/>\n\t<meta property=\"og:image:height\" content=\"1200\" \/>\n\t<meta property=\"og:image:type\" content=\"image\/jpeg\" \/>\n<meta name=\"author\" content=\"Anne-Sophie Ledermann traduction FALC Pro Infirmis\" \/>\n<meta name=\"twitter:card\" content=\"summary_large_image\" \/>\n<meta name=\"twitter:creator\" content=\"@insiemeSuisse\" \/>\n<meta name=\"twitter:site\" content=\"@insiemeSuisse\" \/>\n<meta name=\"twitter:label1\" content=\"\u00c9crit par\" \/>\n\t<meta name=\"twitter:data1\" content=\"Anne-Sophie Ledermann, traduction FALC Pro Infirmis\" \/>\n\t<meta name=\"twitter:label2\" content=\"Dur\u00e9e de lecture estim\u00e9e\" \/>\n\t<meta name=\"twitter:data2\" content=\"2 minutes\" \/>\n<script type=\"application\/ld+json\" class=\"yoast-schema-graph\">{\"@context\":\"https:\\\/\\\/schema.org\",\"@graph\":[{\"@type\":\"Article\",\"@id\":\"https:\\\/\\\/blog.insieme.ch\\\/fr\\\/falc\\\/personnes-malades-avec-un-handicap-mental-ameliorer-les-visites-chez-le-medecin\\\/#article\",\"isPartOf\":{\"@id\":\"https:\\\/\\\/blog.insieme.ch\\\/fr\\\/falc\\\/personnes-malades-avec-un-handicap-mental-ameliorer-les-visites-chez-le-medecin\\\/\"},\"author\":{\"name\":\"Anne-Sophie Ledermann traduction FALC Pro Infirmis\",\"@id\":\"https:\\\/\\\/blog.insieme.ch\\\/fr\\\/#\\\/schema\\\/person\\\/48f0438d9db2098a69cf89ed33c8830e\"},\"headline\":\"Personnes malades avec un handicap mental&#160;: am\u00e9liorer les visites chez le m\u00e9decin\",\"datePublished\":\"2022-12-29T08:00:03+00:00\",\"dateModified\":\"2023-01-10T08:15:18+00:00\",\"mainEntityOfPage\":{\"@id\":\"https:\\\/\\\/blog.insieme.ch\\\/fr\\\/falc\\\/personnes-malades-avec-un-handicap-mental-ameliorer-les-visites-chez-le-medecin\\\/\"},\"wordCount\":460,\"commentCount\":0,\"publisher\":{\"@id\":\"https:\\\/\\\/blog.insieme.ch\\\/fr\\\/#organization\"},\"image\":{\"@id\":\"https:\\\/\\\/blog.insieme.ch\\\/fr\\\/falc\\\/personnes-malades-avec-un-handicap-mental-ameliorer-les-visites-chez-le-medecin\\\/#primaryimage\"},\"thumbnailUrl\":\"https:\\\/\\\/blog.insieme.ch\\\/wp-inside\\\/uploads\\\/2022\\\/11\\\/photo-2021-04-09-16-56-56.jpg\",\"keywords\":[\"Soins\"],\"articleSection\":[\"Articles en FALC\",\"Sant\u00e9 et qualit\u00e9 de vie\"],\"inLanguage\":\"fr-FR\",\"potentialAction\":[{\"@type\":\"CommentAction\",\"name\":\"Comment\",\"target\":[\"https:\\\/\\\/blog.insieme.ch\\\/fr\\\/falc\\\/personnes-malades-avec-un-handicap-mental-ameliorer-les-visites-chez-le-medecin\\\/#respond\"]}]},{\"@type\":\"WebPage\",\"@id\":\"https:\\\/\\\/blog.insieme.ch\\\/fr\\\/falc\\\/personnes-malades-avec-un-handicap-mental-ameliorer-les-visites-chez-le-medecin\\\/\",\"url\":\"https:\\\/\\\/blog.insieme.ch\\\/fr\\\/falc\\\/personnes-malades-avec-un-handicap-mental-ameliorer-les-visites-chez-le-medecin\\\/\",\"name\":\"Personnes malades avec un handicap mental : am\u00e9liorer les visites chez le m\u00e9decin\",\"isPartOf\":{\"@id\":\"https:\\\/\\\/blog.insieme.ch\\\/fr\\\/#website\"},\"primaryImageOfPage\":{\"@id\":\"https:\\\/\\\/blog.insieme.ch\\\/fr\\\/falc\\\/personnes-malades-avec-un-handicap-mental-ameliorer-les-visites-chez-le-medecin\\\/#primaryimage\"},\"image\":{\"@id\":\"https:\\\/\\\/blog.insieme.ch\\\/fr\\\/falc\\\/personnes-malades-avec-un-handicap-mental-ameliorer-les-visites-chez-le-medecin\\\/#primaryimage\"},\"thumbnailUrl\":\"https:\\\/\\\/blog.insieme.ch\\\/wp-inside\\\/uploads\\\/2022\\\/11\\\/photo-2021-04-09-16-56-56.jpg\",\"datePublished\":\"2022-12-29T08:00:03+00:00\",\"dateModified\":\"2023-01-10T08:15:18+00:00\",\"description\":\"Les personnes avec des difficult\u00e9s li\u00e9es \u00e0 l\u2019autisme aiment les choses connues et les situations habituelles.\",\"breadcrumb\":{\"@id\":\"https:\\\/\\\/blog.insieme.ch\\\/fr\\\/falc\\\/personnes-malades-avec-un-handicap-mental-ameliorer-les-visites-chez-le-medecin\\\/#breadcrumb\"},\"inLanguage\":\"fr-FR\",\"potentialAction\":[{\"@type\":\"ReadAction\",\"target\":[\"https:\\\/\\\/blog.insieme.ch\\\/fr\\\/falc\\\/personnes-malades-avec-un-handicap-mental-ameliorer-les-visites-chez-le-medecin\\\/\"]}]},{\"@type\":\"ImageObject\",\"inLanguage\":\"fr-FR\",\"@id\":\"https:\\\/\\\/blog.insieme.ch\\\/fr\\\/falc\\\/personnes-malades-avec-un-handicap-mental-ameliorer-les-visites-chez-le-medecin\\\/#primaryimage\",\"url\":\"https:\\\/\\\/blog.insieme.ch\\\/wp-inside\\\/uploads\\\/2022\\\/11\\\/photo-2021-04-09-16-56-56.jpg\",\"contentUrl\":\"https:\\\/\\\/blog.insieme.ch\\\/wp-inside\\\/uploads\\\/2022\\\/11\\\/photo-2021-04-09-16-56-56.jpg\",\"width\":1600,\"height\":1200,\"caption\":\"L\u2019\u00e9ducateur explique comment se d\u00e9roulera la consultation.\"},{\"@type\":\"BreadcrumbList\",\"@id\":\"https:\\\/\\\/blog.insieme.ch\\\/fr\\\/falc\\\/personnes-malades-avec-un-handicap-mental-ameliorer-les-visites-chez-le-medecin\\\/#breadcrumb\",\"itemListElement\":[{\"@type\":\"ListItem\",\"position\":1,\"name\":\"Accueil\",\"item\":\"https:\\\/\\\/blog.insieme.ch\\\/fr\\\/\"},{\"@type\":\"ListItem\",\"position\":2,\"name\":\"Articles en FALC\",\"item\":\"https:\\\/\\\/blog.insieme.ch\\\/fr\\\/falc\\\/\"},{\"@type\":\"ListItem\",\"position\":3,\"name\":\"Personnes malades avec un handicap mental&#160;: am\u00e9liorer les visites chez le m\u00e9decin\"}]},{\"@type\":\"WebSite\",\"@id\":\"https:\\\/\\\/blog.insieme.ch\\\/fr\\\/#website\",\"url\":\"https:\\\/\\\/blog.insieme.ch\\\/fr\\\/\",\"name\":\"insieme Blog\",\"description\":\"Alles ausser gew\u00f6hnlich\",\"publisher\":{\"@id\":\"https:\\\/\\\/blog.insieme.ch\\\/fr\\\/#organization\"},\"potentialAction\":[{\"@type\":\"SearchAction\",\"target\":{\"@type\":\"EntryPoint\",\"urlTemplate\":\"https:\\\/\\\/blog.insieme.ch\\\/fr\\\/?s={search_term_string}\"},\"query-input\":{\"@type\":\"PropertyValueSpecification\",\"valueRequired\":true,\"valueName\":\"search_term_string\"}}],\"inLanguage\":\"fr-FR\"},{\"@type\":\"Organization\",\"@id\":\"https:\\\/\\\/blog.insieme.ch\\\/fr\\\/#organization\",\"name\":\"insieme Blog\",\"url\":\"https:\\\/\\\/blog.insieme.ch\\\/fr\\\/\",\"logo\":{\"@type\":\"ImageObject\",\"inLanguage\":\"fr-FR\",\"@id\":\"https:\\\/\\\/blog.insieme.ch\\\/fr\\\/#\\\/schema\\\/logo\\\/image\\\/\",\"url\":\"https:\\\/\\\/blog.insieme.ch\\\/wp-inside\\\/uploads\\\/2021\\\/04\\\/logo-insieme-blog.png\",\"contentUrl\":\"https:\\\/\\\/blog.insieme.ch\\\/wp-inside\\\/uploads\\\/2021\\\/04\\\/logo-insieme-blog.png\",\"width\":280,\"height\":81,\"caption\":\"insieme Blog\"},\"image\":{\"@id\":\"https:\\\/\\\/blog.insieme.ch\\\/fr\\\/#\\\/schema\\\/logo\\\/image\\\/\"},\"sameAs\":[\"https:\\\/\\\/www.facebook.com\\\/insiemeSuisse\\\/\",\"https:\\\/\\\/x.com\\\/insiemeSuisse\"]},{\"@type\":\"Person\",\"@id\":\"https:\\\/\\\/blog.insieme.ch\\\/fr\\\/#\\\/schema\\\/person\\\/48f0438d9db2098a69cf89ed33c8830e\",\"name\":\"Anne-Sophie Ledermann traduction FALC Pro Infirmis\",\"image\":{\"@type\":\"ImageObject\",\"inLanguage\":\"fr-FR\",\"@id\":\"https:\\\/\\\/secure.gravatar.com\\\/avatar\\\/4aa6c0d120f2208ee0ab2a906111b759c652a61b88faf4fdf317b7ede3aaf324?s=96&d=mm&r=g\",\"url\":\"https:\\\/\\\/secure.gravatar.com\\\/avatar\\\/4aa6c0d120f2208ee0ab2a906111b759c652a61b88faf4fdf317b7ede3aaf324?s=96&d=mm&r=g\",\"contentUrl\":\"https:\\\/\\\/secure.gravatar.com\\\/avatar\\\/4aa6c0d120f2208ee0ab2a906111b759c652a61b88faf4fdf317b7ede3aaf324?s=96&d=mm&r=g\",\"caption\":\"Anne-Sophie Ledermann traduction FALC Pro Infirmis\"},\"url\":\"https:\\\/\\\/blog.insieme.ch\\\/fr\\\/author\\\/anne-sophie-ledermann-traduction-falc-pro-infirmis\\\/\"}]}<\/script>\n<!-- \/ Yoast SEO plugin. -->","yoast_head_json":{"title":"Personnes malades avec un handicap mental : am\u00e9liorer les visites chez le m\u00e9decin","description":"Les personnes avec des difficult\u00e9s li\u00e9es \u00e0 l\u2019autisme aiment les choses connues et les situations habituelles.","robots":{"index":"index","follow":"follow","max-snippet":"max-snippet:-1","max-image-preview":"max-image-preview:large","max-video-preview":"max-video-preview:-1"},"canonical":"https:\/\/blog.insieme.ch\/fr\/falc\/personnes-malades-avec-un-handicap-mental-ameliorer-les-visites-chez-le-medecin\/","og_locale":"fr_FR","og_type":"article","og_title":"Personnes malades avec un handicap mental : am\u00e9liorer les visites chez le m\u00e9decin","og_description":"Les personnes avec des difficult\u00e9s li\u00e9es \u00e0 l\u2019autisme aiment les choses connues et les situations habituelles.","og_url":"https:\/\/blog.insieme.ch\/fr\/falc\/personnes-malades-avec-un-handicap-mental-ameliorer-les-visites-chez-le-medecin\/","og_site_name":"insieme Blog","article_publisher":"https:\/\/www.facebook.com\/insiemeSuisse\/","article_published_time":"2022-12-29T08:00:03+00:00","article_modified_time":"2023-01-10T08:15:18+00:00","og_image":[{"width":1600,"height":1200,"url":"https:\/\/blog.insieme.ch\/wp-inside\/uploads\/2022\/11\/photo-2021-04-09-16-56-56.jpg","type":"image\/jpeg"}],"author":"Anne-Sophie Ledermann traduction FALC Pro Infirmis","twitter_card":"summary_large_image","twitter_creator":"@insiemeSuisse","twitter_site":"@insiemeSuisse","twitter_misc":{"\u00c9crit par":"Anne-Sophie Ledermann, traduction FALC Pro Infirmis","Dur\u00e9e de lecture estim\u00e9e":"2 minutes"},"schema":{"@context":"https:\/\/schema.org","@graph":[{"@type":"Article","@id":"https:\/\/blog.insieme.ch\/fr\/falc\/personnes-malades-avec-un-handicap-mental-ameliorer-les-visites-chez-le-medecin\/#article","isPartOf":{"@id":"https:\/\/blog.insieme.ch\/fr\/falc\/personnes-malades-avec-un-handicap-mental-ameliorer-les-visites-chez-le-medecin\/"},"author":{"name":"Anne-Sophie Ledermann traduction FALC Pro Infirmis","@id":"https:\/\/blog.insieme.ch\/fr\/#\/schema\/person\/48f0438d9db2098a69cf89ed33c8830e"},"headline":"Personnes malades avec un handicap mental&#160;: am\u00e9liorer les visites chez le m\u00e9decin","datePublished":"2022-12-29T08:00:03+00:00","dateModified":"2023-01-10T08:15:18+00:00","mainEntityOfPage":{"@id":"https:\/\/blog.insieme.ch\/fr\/falc\/personnes-malades-avec-un-handicap-mental-ameliorer-les-visites-chez-le-medecin\/"},"wordCount":460,"commentCount":0,"publisher":{"@id":"https:\/\/blog.insieme.ch\/fr\/#organization"},"image":{"@id":"https:\/\/blog.insieme.ch\/fr\/falc\/personnes-malades-avec-un-handicap-mental-ameliorer-les-visites-chez-le-medecin\/#primaryimage"},"thumbnailUrl":"https:\/\/blog.insieme.ch\/wp-inside\/uploads\/2022\/11\/photo-2021-04-09-16-56-56.jpg","keywords":["Soins"],"articleSection":["Articles en FALC","Sant\u00e9 et qualit\u00e9 de vie"],"inLanguage":"fr-FR","potentialAction":[{"@type":"CommentAction","name":"Comment","target":["https:\/\/blog.insieme.ch\/fr\/falc\/personnes-malades-avec-un-handicap-mental-ameliorer-les-visites-chez-le-medecin\/#respond"]}]},{"@type":"WebPage","@id":"https:\/\/blog.insieme.ch\/fr\/falc\/personnes-malades-avec-un-handicap-mental-ameliorer-les-visites-chez-le-medecin\/","url":"https:\/\/blog.insieme.ch\/fr\/falc\/personnes-malades-avec-un-handicap-mental-ameliorer-les-visites-chez-le-medecin\/","name":"Personnes malades avec un handicap mental : am\u00e9liorer les visites chez le m\u00e9decin","isPartOf":{"@id":"https:\/\/blog.insieme.ch\/fr\/#website"},"primaryImageOfPage":{"@id":"https:\/\/blog.insieme.ch\/fr\/falc\/personnes-malades-avec-un-handicap-mental-ameliorer-les-visites-chez-le-medecin\/#primaryimage"},"image":{"@id":"https:\/\/blog.insieme.ch\/fr\/falc\/personnes-malades-avec-un-handicap-mental-ameliorer-les-visites-chez-le-medecin\/#primaryimage"},"thumbnailUrl":"https:\/\/blog.insieme.ch\/wp-inside\/uploads\/2022\/11\/photo-2021-04-09-16-56-56.jpg","datePublished":"2022-12-29T08:00:03+00:00","dateModified":"2023-01-10T08:15:18+00:00","description":"Les personnes avec des difficult\u00e9s li\u00e9es \u00e0 l\u2019autisme aiment les choses connues et les situations habituelles.","breadcrumb":{"@id":"https:\/\/blog.insieme.ch\/fr\/falc\/personnes-malades-avec-un-handicap-mental-ameliorer-les-visites-chez-le-medecin\/#breadcrumb"},"inLanguage":"fr-FR","potentialAction":[{"@type":"ReadAction","target":["https:\/\/blog.insieme.ch\/fr\/falc\/personnes-malades-avec-un-handicap-mental-ameliorer-les-visites-chez-le-medecin\/"]}]},{"@type":"ImageObject","inLanguage":"fr-FR","@id":"https:\/\/blog.insieme.ch\/fr\/falc\/personnes-malades-avec-un-handicap-mental-ameliorer-les-visites-chez-le-medecin\/#primaryimage","url":"https:\/\/blog.insieme.ch\/wp-inside\/uploads\/2022\/11\/photo-2021-04-09-16-56-56.jpg","contentUrl":"https:\/\/blog.insieme.ch\/wp-inside\/uploads\/2022\/11\/photo-2021-04-09-16-56-56.jpg","width":1600,"height":1200,"caption":"L\u2019\u00e9ducateur explique comment se d\u00e9roulera la consultation."},{"@type":"BreadcrumbList","@id":"https:\/\/blog.insieme.ch\/fr\/falc\/personnes-malades-avec-un-handicap-mental-ameliorer-les-visites-chez-le-medecin\/#breadcrumb","itemListElement":[{"@type":"ListItem","position":1,"name":"Accueil","item":"https:\/\/blog.insieme.ch\/fr\/"},{"@type":"ListItem","position":2,"name":"Articles en FALC","item":"https:\/\/blog.insieme.ch\/fr\/falc\/"},{"@type":"ListItem","position":3,"name":"Personnes malades avec un handicap mental&#160;: am\u00e9liorer les visites chez le m\u00e9decin"}]},{"@type":"WebSite","@id":"https:\/\/blog.insieme.ch\/fr\/#website","url":"https:\/\/blog.insieme.ch\/fr\/","name":"insieme Blog","description":"Alles ausser gew\u00f6hnlich","publisher":{"@id":"https:\/\/blog.insieme.ch\/fr\/#organization"},"potentialAction":[{"@type":"SearchAction","target":{"@type":"EntryPoint","urlTemplate":"https:\/\/blog.insieme.ch\/fr\/?s={search_term_string}"},"query-input":{"@type":"PropertyValueSpecification","valueRequired":true,"valueName":"search_term_string"}}],"inLanguage":"fr-FR"},{"@type":"Organization","@id":"https:\/\/blog.insieme.ch\/fr\/#organization","name":"insieme Blog","url":"https:\/\/blog.insieme.ch\/fr\/","logo":{"@type":"ImageObject","inLanguage":"fr-FR","@id":"https:\/\/blog.insieme.ch\/fr\/#\/schema\/logo\/image\/","url":"https:\/\/blog.insieme.ch\/wp-inside\/uploads\/2021\/04\/logo-insieme-blog.png","contentUrl":"https:\/\/blog.insieme.ch\/wp-inside\/uploads\/2021\/04\/logo-insieme-blog.png","width":280,"height":81,"caption":"insieme Blog"},"image":{"@id":"https:\/\/blog.insieme.ch\/fr\/#\/schema\/logo\/image\/"},"sameAs":["https:\/\/www.facebook.com\/insiemeSuisse\/","https:\/\/x.com\/insiemeSuisse"]},{"@type":"Person","@id":"https:\/\/blog.insieme.ch\/fr\/#\/schema\/person\/48f0438d9db2098a69cf89ed33c8830e","name":"Anne-Sophie Ledermann traduction FALC Pro Infirmis","image":{"@type":"ImageObject","inLanguage":"fr-FR","@id":"https:\/\/secure.gravatar.com\/avatar\/4aa6c0d120f2208ee0ab2a906111b759c652a61b88faf4fdf317b7ede3aaf324?s=96&d=mm&r=g","url":"https:\/\/secure.gravatar.com\/avatar\/4aa6c0d120f2208ee0ab2a906111b759c652a61b88faf4fdf317b7ede3aaf324?s=96&d=mm&r=g","contentUrl":"https:\/\/secure.gravatar.com\/avatar\/4aa6c0d120f2208ee0ab2a906111b759c652a61b88faf4fdf317b7ede3aaf324?s=96&d=mm&r=g","caption":"Anne-Sophie Ledermann traduction FALC Pro Infirmis"},"url":"https:\/\/blog.insieme.ch\/fr\/author\/anne-sophie-ledermann-traduction-falc-pro-infirmis\/"}]}},"featured_media_url":"https:\/\/blog.insieme.ch\/wp-inside\/uploads\/2022\/11\/photo-2021-04-09-16-56-56-1024x768.jpg","_links":{"self":[{"href":"https:\/\/blog.insieme.ch\/fr\/wp-json\/wp\/v2\/posts\/4225","targetHints":{"allow":["GET"]}}],"collection":[{"href":"https:\/\/blog.insieme.ch\/fr\/wp-json\/wp\/v2\/posts"}],"about":[{"href":"https:\/\/blog.insieme.ch\/fr\/wp-json\/wp\/v2\/types\/post"}],"author":[{"embeddable":true,"href":"https:\/\/blog.insieme.ch\/fr\/wp-json\/wp\/v2\/users\/30"}],"replies":[{"embeddable":true,"href":"https:\/\/blog.insieme.ch\/fr\/wp-json\/wp\/v2\/comments?post=4225"}],"version-history":[{"count":8,"href":"https:\/\/blog.insieme.ch\/fr\/wp-json\/wp\/v2\/posts\/4225\/revisions"}],"predecessor-version":[{"id":4571,"href":"https:\/\/blog.insieme.ch\/fr\/wp-json\/wp\/v2\/posts\/4225\/revisions\/4571"}],"wp:featuredmedia":[{"embeddable":true,"href":"https:\/\/blog.insieme.ch\/fr\/wp-json\/wp\/v2\/media\/4153"}],"wp:attachment":[{"href":"https:\/\/blog.insieme.ch\/fr\/wp-json\/wp\/v2\/media?parent=4225"}],"wp:term":[{"taxonomy":"category","embeddable":true,"href":"https:\/\/blog.insieme.ch\/fr\/wp-json\/wp\/v2\/categories?post=4225"},{"taxonomy":"post_tag","embeddable":true,"href":"https:\/\/blog.insieme.ch\/fr\/wp-json\/wp\/v2\/tags?post=4225"}],"curies":[{"name":"wp","href":"https:\/\/api.w.org\/{rel}","templated":true}]}}