{"id":4146,"date":"2022-12-01T09:00:40","date_gmt":"2022-12-01T08:00:40","guid":{"rendered":"https:\/\/blog.insieme.ch\/?p=4146"},"modified":"2022-12-07T14:49:56","modified_gmt":"2022-12-07T13:49:56","slug":"un-monde-plus-comprehensible-et-previsible","status":"publish","type":"post","link":"https:\/\/blog.insieme.ch\/fr\/sante-et-qualite-de-vie\/un-monde-plus-comprehensible-et-previsible\/","title":{"rendered":"Un monde plus compr\u00e9hensible et pr\u00e9visible"},"content":{"rendered":"<p><!-- flzn:zn_pagebanner --><\/p>\n<header id=\"flzn-pagebanner-1\" class=\"zone zn-pagebanner is-alignfull with-bg bg-color is-bgc-yellow-light\"><span class=\"zone-bg bg-color bgc-yellow-light alignfull\"><\/span><\/p>\n<div class=\"zone-block zn-pagebanner-block alignfull va-center\"><\/div>\n<\/header>\n<p><!-- \/flzn:zn_pagebanner --><br \/>\n<!-- flzn:zn_text --><\/p>\n<div id=\"flzn-text-1\" class=\"zone zn-text is-alignwide\">\n<div class=\"zone-block zn-text-block alignwide va-top\">\n<div class=\"row mw-content-zone zn-text-row\">\n<div class=\"columns large-12\">\n<div class=\"row large-up-1 with-nice-alignment nbloc-1\">\n<div class=\"column zn-text-col\">\n<div class=\"column-inner\">\n<div class=\"wig-content mw-content\">\n<p><strong>Les personnes en situation de handicap mental rencontrent d\u2019importantes difficult\u00e9s d\u2019acc\u00e8s aux soins. C\u2019est \u00e9galement le cas pour les personnes ayant un trouble du spectre de l\u2019autisme (TSA). Souvent, le personnel de sant\u00e9 ne dispose pas des connaissances n\u00e9cessaires. Une formation en ligne apporte des r\u00e9ponses concr\u00e8tes pour am\u00e9liorer les consultations des personnes TSA, avec ou sans d\u00e9ficience intellectuelle.<\/strong><!--more--><\/p>\n<p>Mandat\u00e9s par la Fondation Philanthropique Next, Delphine Roduit, ma\u00eetre d\u2019enseignement \u00e0 la HES La Source, et J\u00e9r\u00f4me Favrod, professeur ordinaire et infirmier sp\u00e9cialiste clinique, ont cr\u00e9\u00e9 la formation en ligne \u00ab&#160;&#160;ici Tous Sont Accueillis&#160;&#160;\u00bb (ici TSA) dans laquelle ils apportent des solutions et des r\u00e9ponses concr\u00e8tes pour am\u00e9liorer les consultations des personnes TSA, avec ou sans d\u00e9ficience intellectuelle. Elle est gratuite, accessible \u00e0 tous\u00b7tes et interactive, notamment gr\u00e2ce \u00e0 des vid\u00e9os, des explications d\u2019experts et des questionnaires.<\/p>\n<\/p><\/div>\n<\/p><\/div>\n<\/p><\/div>\n<\/p><\/div>\n<\/p><\/div>\n<\/p><\/div>\n<\/div>\n<\/div>\n<p><!-- \/flzn:zn_text --><br \/>\n<!-- flzn:zn_text_img --><\/p>\n<div id=\"flzn-textimg-1\" class=\"zone zn-textimg is-alignsimple with-bg bg-color is-bgc-yellow-light\"><span class=\"zone-bg bg-color bgc-yellow-light alignfull\"><\/span><\/p>\n<div class=\"zone-block zn-textimg-block pdd-top pdd-bottom alignsimple va-center\">\n<div class=\"row\">\n<div class=\"columns large-12\">\n<div class=\"row with-nice-alignment zn-textimg-row va-center\" data-equalizer data-equalize-on=\"large\">\n<div class=\"columns large-6 zn-textimg-colimg\" data-equalizer-watch>\n<div class=\"columns-inner zn-textimg-col-inner\">\n<div class=\"zn-textimg-imgs\">\n<div class=\"zn-textimg-imgbox\" title=\"L\u2019\u00e9ducateur explique comment se d\u00e9roulera la consultation.\n\">\t\t\t\t\t\t\t\t<\/p>\n<figure class=\"zn-textimg-figure\">\n\t\t\t\t\t\t\t\t\t<img decoding=\"async\" class=\"zn-textimg-img\" src=\"https:\/\/blog.insieme.ch\/wp-inside\/uploads\/2022\/11\/photo-2021-04-09-16-56-56-800x800.jpg\" alt=\"Une personne avec un TSA et son \u00e9ducateur assis sur un canap\u00e9 tenant une tablette dans les mains.\"\/><figcaption class=\"zn-textimg-caption\">L\u2019\u00e9ducateur explique comment se d\u00e9roulera la consultation.<br \/>\n<\/figcaption><\/figure>\n<\/p><\/div>\n<\/p><\/div>\n<\/p><\/div>\n<\/p><\/div>\n<div class=\"columns large-6 zn-textimg-coldesc\" data-equalizer-watch>\n<div class=\"columns-inner zn-textimg-descbox\">\n<div class=\"zn-textimg-desc wig-content\">\n<blockquote>\n<p>\u00c7a demande parfois d\u2019\u00eatre cr\u00e9atifs, d\u2019am\u00e9nager un peu les protocoles mais cela donne du sens. Aucun\u00b7e soignant\u00b7e n\u2019est satisfait\u00b7e lorsqu\u2019une consultation se passe mal. C\u2019est une richesse de rencontrer des personnes avec des besoins sp\u00e9cifiques et de construire ensemble la r\u00e9ussite du soin.<\/p>\n<\/blockquote>\n<\/div><\/div>\n<\/p><\/div>\n<\/p><\/div>\n<\/p><\/div>\n<\/p><\/div>\n<\/div>\n<\/div>\n<p><!-- \/flzn:zn_text_img --><br \/>\n<!-- flzn:zn_text --><\/p>\n<div id=\"flzn-text-2\" class=\"zone zn-text is-alignwide with-bg bg-color is-bgc-white\"><span class=\"zone-bg bg-color bgc-white alignfull\"><\/span><\/p>\n<div class=\"zone-block zn-text-block pdd-top pdd-bottom alignwide va-top\">\n<div class=\"row mw-content-zone zn-text-row\">\n<div class=\"columns large-12\">\n<div class=\"row large-up-1 with-nice-alignment nbloc-1\">\n<div class=\"column zn-text-col\">\n<div class=\"column-inner\">\n<div class=\"wig-content mw-content\">\n<p><strong>Pourquoi avoir concentr\u00e9 la formation sur les soins somatiques&#160;&#160;?<\/strong><\/p>\n<p style=\"text-align: left;\">Delphine Roduit&#160;&#160;: Les besoins sont partout mais le projet a d\u00e9marr\u00e9 avec la prise de sang, la prise de tension art\u00e9rielle et les \u00e9lectrocardiogrammes. C\u2019est le check-up que tout le monde devrait pouvoir faire. Comme il y a de nombreux obstacles pour les personnes ayant un TSA pour se rendre \u00e0 une consultation m\u00e9dicale, elles repoussent au maximum. Finalement, c\u2019est souvent quand la situation de sant\u00e9 s\u2019est vraiment aggrav\u00e9e ou que la personne est tr\u00e8s entrav\u00e9e dans son quotidien, qu\u2019elle consulte. Les consultations peuvent \u00eatre traumatisantes si on ne prend pas en compte les besoins sp\u00e9cifiques des personnes.<\/p>\n<p>&nbsp;<\/p>\n<p><strong>Quels sont les \u00e9l\u00e9ments qui changent fondamentalement d\u2019une proc\u00e9dure de soins traditionnelle&#160;&#160;?<\/strong><\/p>\n<p>J\u00e9r\u00f4me Favrod&#160;&#160;:\u00a0 Dans le TSA ou le handicap mental, le monde peut devenir incompr\u00e9hensible et impr\u00e9visible. Alors on essaye de le rendre plus compr\u00e9hensible et pr\u00e9visible, et \u00e7a marche. Il y a des moyens tellement simples&#160;&#160;: visiter le cabinet, faire des photos du lieu, des personnes impliqu\u00e9es ou des soins qu\u2019on va faire\u2026 On peut les montrer aux patients\u00b7es pour anticiper la consultation. Il faut aussi se donner le droit de tester et voir ce qui convient le mieux. Il faut essayer de comprendre le \u00ab&#160;&#160;mode d\u2019emploi&#160;&#160;\u00bb de la personne. Pour cela, les experts sont les proches, les parents ou les \u00e9ducateurs.<\/p>\n<p>Delphine Roduit&#160;&#160;: Souvent, les parents ne sont pas pris en compte dans leur expertise parentale. Ce sont eux qui peuvent rapidement orienter le personnel soignant et donner des conseils pratiques lors de la consultation. Mais il arrive aussi que les proches soient trop impliqu\u00e9s et qu\u2019on les rende responsables de la r\u00e9ussite du soin. Les parents disent aussi \u00eatre fatigu\u00e9s de toujours devoir expliquer que non, ce n\u2019est pas un caprice, car le TSA est souvent m\u00e9connu, m\u00eame par le corps m\u00e9dical. Quand on collabore en amont, on peut augmenter la pr\u00e9visibilit\u00e9. En r\u00e9alit\u00e9 prendre du temps, c\u2019est en gagner. \u00c7a demande parfois d\u2019\u00eatre cr\u00e9atifs, d\u2019am\u00e9nager un peu les protocoles mais cela donne du sens. Aucun\u00b7e soignant\u00b7e n\u2019est satisfait\u00b7e lorsqu\u2019une consultation se passe mal. C\u2019est une richesse de rencontrer des personnes avec des besoins sp\u00e9cifiques et de construire ensemble la r\u00e9ussite du soin.<\/p>\n<p>J\u00e9r\u00f4me Favrod&#160;&#160;: Apr\u00e8s la consultation, il est tr\u00e8s important que les syst\u00e8mes de sant\u00e9 m\u00e9morisent l\u2019info, et qu\u2019elle soit transmise.<\/p>\n<p>Delphine Roduit&#160;&#160;: Laisser des traces peut beaucoup soulager les parents et simplifier la prochaine prise en soin. Il s\u2019agit juste de prendre note des besoins sensoriels par exemple, de noter ce qui a bien ou mal fonctionn\u00e9 dans le dossier personnel du patient.<\/p>\n<\/p><\/div>\n<\/p><\/div>\n<\/p><\/div>\n<\/p><\/div>\n<\/p><\/div>\n<\/p><\/div>\n<\/div>\n<\/div>\n<p><!-- \/flzn:zn_text --><br \/>\n<!-- flzn:zn_gallery --><\/p>\n<div id=\"flzn-gallery-1\" class=\"zone zn-gallery is-alignsimple with-bg bg-color is-bgc-yellow-light\"><span class=\"zone-bg bg-color bgc-yellow-light alignfull\"><\/span><\/p>\n<div class=\"zone-block zn-gallery-block alignsimple va-top\">\n<div class=\"row mw-content-zone\">\n<div class=\"large-12 columns\">\n<div class=\"zn-gallery-list row small-up-2 medium-up-3 large-up-3 gallery\">\n<div class=\"zn-gallery-item gallery-item column\">\n<div class=\"zn-gallery-item-inner\">\n<p>\t\t\t\t\t\t\t\t\t\t\t\t\t<a class=\"swipebox\" href=\"https:\/\/blog.insieme.ch\/wp-inside\/uploads\/2022\/11\/prise-de-sang.jpg\" title=\"L\u2019assistante m\u00e9dicale explique comment se d\u00e9roule la prise de sang. \" rel=\"galleryzone-flzn-gallery-1\"><\/p>\n<div class=\"imgbox\">\n\t\t\t\t\t\t\t\t\t\t\t\t\t\t\t\t\t\t<img decoding=\"async\" src=\"https:\/\/blog.insieme.ch\/wp-inside\/uploads\/2022\/11\/prise-de-sang-185x185.jpg\" alt=\"Le patient est couch\u00e9 sur la table de consultation et l'assistance m\u00e9dicale lui montre comme le d\u00e9roul\u00e9 de la prise de sang.\" data-interchange=\"[https:\/\/blog.insieme.ch\/wp-inside\/uploads\/2022\/11\/prise-de-sang-185x185.jpg, small],[https:\/\/blog.insieme.ch\/wp-inside\/uploads\/2022\/11\/prise-de-sang-370x300.jpg, gsmall],[https:\/\/blog.insieme.ch\/wp-inside\/uploads\/2022\/11\/prise-de-sang-185x185.jpg, large],[https:\/\/blog.insieme.ch\/wp-inside\/uploads\/2022\/11\/prise-de-sang-370x300.jpg, glarge],\"\/>\n\t\t\t\t\t\t\t\t<\/div>\n<p>\t\t\t\t\t\t\t\t\t\t\t\t\t<\/a>\n\t\t\t\t\t\t\t\t\t\t\t\t<\/div>\n<\/p><\/div>\n<div class=\"zn-gallery-item gallery-item column\">\n<div class=\"zn-gallery-item-inner\">\n<p>\t\t\t\t\t\t\t\t\t\t\t\t\t<a class=\"swipebox\" href=\"https:\/\/blog.insieme.ch\/wp-inside\/uploads\/2022\/11\/photo-2021-04-09-16-56-59.jpg\" title=\"L'assistante m\u00e9dicale explique comment se d\u00e9roule la prise de tension. \" rel=\"galleryzone-flzn-gallery-1\"><\/p>\n<div class=\"imgbox\">\n\t\t\t\t\t\t\t\t\t\t\t\t\t\t\t\t\t\t<img decoding=\"async\" src=\"https:\/\/blog.insieme.ch\/wp-inside\/uploads\/2022\/11\/photo-2021-04-09-16-56-59-185x185.jpg\" alt=\"Le patient est assis sur la table de consultation et l'assistante m\u00e9dicale lui montre l'appareil pour prendre la tension.\" data-interchange=\"[https:\/\/blog.insieme.ch\/wp-inside\/uploads\/2022\/11\/photo-2021-04-09-16-56-59-185x185.jpg, small],[https:\/\/blog.insieme.ch\/wp-inside\/uploads\/2022\/11\/photo-2021-04-09-16-56-59-370x300.jpg, gsmall],[https:\/\/blog.insieme.ch\/wp-inside\/uploads\/2022\/11\/photo-2021-04-09-16-56-59-185x185.jpg, large],[https:\/\/blog.insieme.ch\/wp-inside\/uploads\/2022\/11\/photo-2021-04-09-16-56-59-370x300.jpg, glarge],\"\/>\n\t\t\t\t\t\t\t\t<\/div>\n<p>\t\t\t\t\t\t\t\t\t\t\t\t\t<\/a>\n\t\t\t\t\t\t\t\t\t\t\t\t<\/div>\n<\/p><\/div>\n<div class=\"zn-gallery-item gallery-item column\">\n<div class=\"zn-gallery-item-inner\">\n<p>\t\t\t\t\t\t\t\t\t\t\t\t\t<a class=\"swipebox\" href=\"https:\/\/blog.insieme.ch\/wp-inside\/uploads\/2022\/11\/prise-ta.jpg\" title=\"Il faut bien expliquer les choses avant.\" rel=\"galleryzone-flzn-gallery-1\"><\/p>\n<div class=\"imgbox\">\n\t\t\t\t\t\t\t\t\t\t\t\t\t\t\t\t\t\t<img decoding=\"async\" src=\"https:\/\/blog.insieme.ch\/wp-inside\/uploads\/2022\/11\/prise-ta-185x185.jpg\" alt=\"La patient est allong\u00e9 sur la table de consultation et se fait prendre la tension.\" data-interchange=\"[https:\/\/blog.insieme.ch\/wp-inside\/uploads\/2022\/11\/prise-ta-185x185.jpg, small],[https:\/\/blog.insieme.ch\/wp-inside\/uploads\/2022\/11\/prise-ta-370x300.jpg, gsmall],[https:\/\/blog.insieme.ch\/wp-inside\/uploads\/2022\/11\/prise-ta-185x185.jpg, large],[https:\/\/blog.insieme.ch\/wp-inside\/uploads\/2022\/11\/prise-ta-370x300.jpg, glarge],\"\/>\n\t\t\t\t\t\t\t\t<\/div>\n<p>\t\t\t\t\t\t\t\t\t\t\t\t\t<\/a>\n\t\t\t\t\t\t\t\t\t\t\t\t<\/div>\n<\/p><\/div>\n<\/p><\/div>\n<\/p><\/div>\n<\/p><\/div>\n<\/div>\n<\/div>\n<p><!-- \/flzn:zn_gallery --><br \/>\n<!-- flzn:zn_text --><\/p>\n<div id=\"flzn-text-3\" class=\"zone zn-text is-alignwide with-bg bg-color is-bgc-white\"><span class=\"zone-bg bg-color bgc-white alignfull\"><\/span><\/p>\n<div class=\"zone-block zn-text-block pdd-top pdd-bottom alignwide va-top\">\n<div class=\"row mw-content-zone zn-text-row\">\n<div class=\"columns large-12\">\n<div class=\"row large-up-1 with-nice-alignment nbloc-1\">\n<div class=\"column zn-text-col\">\n<div class=\"column-inner\">\n<div class=\"wig-content mw-content\">\n<p><strong>Il y a un manque de connaissances li\u00e9es au TSA du c\u00f4t\u00e9 du corps m\u00e9dical. Est-ce que vos \u00e9tudiants\u00b7es ont des cours sur la prise en soin des personnes ayant des besoins sp\u00e9cifiques&#160;&#160;? <\/strong><\/p>\n<p>J\u00e9r\u00f4me Favrod&#160;&#160;: M\u00eame dans une \u00e9cole de soins infirmiers, o\u00f9 les gens sont sensibilis\u00e9s, c\u2019est un combat pour obtenir des cours. A chaque fois qu\u2019il y a une refonte du programme, ce sont toujours ces cours qui risquent de dispara\u00eetre, alors il faut ren\u00e9gocier.<\/p>\n<p>Delphine Roduit&#160;&#160;: Nous \u0153uvrons \u00e0 faire intervenir des pairs praticiens\u00b7ennes en autisme parce que le discours des personnes concern\u00e9es a beaucoup d\u2019impact. C\u2019est une forme de sensibilisation. Faire se sentir concern\u00e9s tous les soignants\u00b7es, c\u2019est tout l\u2019enjeu&#160;&#160;; parce qu\u2019on est susceptibles de rencontrer ce type de patient\u00e8le dans tous les lieux de soins. Par exemple, lorsqu\u2019on a fait des ateliers d\u2019habituation aux soins avec les pairs praticiens\u00b7ennes et un groupe d\u2019\u00e9tudiantes, celles-ci nous ont dit qu\u2019elles n\u2019allaient plus jamais soigner de la m\u00eame mani\u00e8re, \u00e7a a eu un impact majeur.<\/p>\n<\/p><\/div>\n<\/p><\/div>\n<\/p><\/div>\n<\/p><\/div>\n<\/p><\/div>\n<\/p><\/div>\n<\/div>\n<\/div>\n<p><!-- \/flzn:zn_text --><\/p>\n","protected":false},"excerpt":{"rendered":"<p>Les personnes en situation de handicap mental rencontrent d\u2019importantes difficult\u00e9s d\u2019acc\u00e8s aux soins.<\/p>\n","protected":false},"author":29,"featured_media":4153,"comment_status":"open","ping_status":"open","sticky":false,"template":"","format":"standard","meta":{"_acf_changed":false,"footnotes":""},"categories":[21],"tags":[84,41,51,94],"class_list":["post-4146","post","type-post","status-publish","format-standard","has-post-thumbnail","hentry","category-sante-et-qualite-de-vie","tag-accessibilite","tag-accompagnement","tag-autisme","tag-soins","wp-sticky"],"acf":[],"yoast_head":"<!-- This site is optimized with the Yoast SEO plugin v27.5 - https:\/\/yoast.com\/product\/yoast-seo-wordpress\/ -->\n<title>Un monde plus compr\u00e9hensible et pr\u00e9visible<\/title>\n<meta name=\"description\" content=\"Les personnes en situation de handicap mental rencontrent d\u2019importantes difficult\u00e9s d\u2019acc\u00e8s aux soins.\" \/>\n<meta name=\"robots\" content=\"index, follow, max-snippet:-1, max-image-preview:large, max-video-preview:-1\" \/>\n<link rel=\"canonical\" href=\"https:\/\/blog.insieme.ch\/fr\/sante-et-qualite-de-vie\/un-monde-plus-comprehensible-et-previsible\/\" \/>\n<meta property=\"og:locale\" content=\"fr_FR\" \/>\n<meta property=\"og:type\" content=\"article\" \/>\n<meta property=\"og:title\" content=\"Un monde plus compr\u00e9hensible et pr\u00e9visible\" \/>\n<meta property=\"og:description\" content=\"Les personnes en situation de handicap mental rencontrent d\u2019importantes difficult\u00e9s d\u2019acc\u00e8s aux soins.\" \/>\n<meta property=\"og:url\" content=\"https:\/\/blog.insieme.ch\/fr\/sante-et-qualite-de-vie\/un-monde-plus-comprehensible-et-previsible\/\" \/>\n<meta property=\"og:site_name\" content=\"insieme Blog\" \/>\n<meta property=\"article:publisher\" content=\"https:\/\/www.facebook.com\/insiemeSuisse\/\" \/>\n<meta property=\"article:published_time\" content=\"2022-12-01T08:00:40+00:00\" \/>\n<meta property=\"article:modified_time\" content=\"2022-12-07T13:49:56+00:00\" \/>\n<meta property=\"og:image\" content=\"https:\/\/blog.insieme.ch\/wp-inside\/uploads\/2022\/11\/photo-2021-04-09-16-56-56.jpg\" \/>\n\t<meta property=\"og:image:width\" content=\"1600\" \/>\n\t<meta property=\"og:image:height\" content=\"1200\" \/>\n\t<meta property=\"og:image:type\" content=\"image\/jpeg\" \/>\n<meta name=\"author\" content=\"Anne-Sophie Ledermann\" \/>\n<meta name=\"twitter:card\" content=\"summary_large_image\" \/>\n<meta name=\"twitter:creator\" content=\"@insiemeSuisse\" \/>\n<meta name=\"twitter:site\" content=\"@insiemeSuisse\" \/>\n<meta name=\"twitter:label1\" content=\"\u00c9crit par\" \/>\n\t<meta name=\"twitter:data1\" content=\"Anne-Sophie Ledermann\" \/>\n\t<meta name=\"twitter:label2\" content=\"Dur\u00e9e de lecture estim\u00e9e\" \/>\n\t<meta name=\"twitter:data2\" content=\"5 minutes\" \/>\n<script type=\"application\/ld+json\" class=\"yoast-schema-graph\">{\"@context\":\"https:\\\/\\\/schema.org\",\"@graph\":[{\"@type\":\"Article\",\"@id\":\"https:\\\/\\\/blog.insieme.ch\\\/fr\\\/sante-et-qualite-de-vie\\\/un-monde-plus-comprehensible-et-previsible\\\/#article\",\"isPartOf\":{\"@id\":\"https:\\\/\\\/blog.insieme.ch\\\/fr\\\/sante-et-qualite-de-vie\\\/un-monde-plus-comprehensible-et-previsible\\\/\"},\"author\":{\"name\":\"Anne-Sophie Ledermann\",\"@id\":\"https:\\\/\\\/blog.insieme.ch\\\/fr\\\/#\\\/schema\\\/person\\\/45db1a238688cc825e658a7bf9fe0445\"},\"headline\":\"Un monde plus compr\u00e9hensible et pr\u00e9visible\",\"datePublished\":\"2022-12-01T08:00:40+00:00\",\"dateModified\":\"2022-12-07T13:49:56+00:00\",\"mainEntityOfPage\":{\"@id\":\"https:\\\/\\\/blog.insieme.ch\\\/fr\\\/sante-et-qualite-de-vie\\\/un-monde-plus-comprehensible-et-previsible\\\/\"},\"wordCount\":910,\"commentCount\":0,\"publisher\":{\"@id\":\"https:\\\/\\\/blog.insieme.ch\\\/fr\\\/#organization\"},\"image\":{\"@id\":\"https:\\\/\\\/blog.insieme.ch\\\/fr\\\/sante-et-qualite-de-vie\\\/un-monde-plus-comprehensible-et-previsible\\\/#primaryimage\"},\"thumbnailUrl\":\"https:\\\/\\\/blog.insieme.ch\\\/wp-inside\\\/uploads\\\/2022\\\/11\\\/photo-2021-04-09-16-56-56.jpg\",\"keywords\":[\"Accessibilit\u00e9\",\"Accompagnement\",\"Autisme\",\"Soins\"],\"articleSection\":[\"Sant\u00e9 et qualit\u00e9 de vie\"],\"inLanguage\":\"fr-FR\",\"potentialAction\":[{\"@type\":\"CommentAction\",\"name\":\"Comment\",\"target\":[\"https:\\\/\\\/blog.insieme.ch\\\/fr\\\/sante-et-qualite-de-vie\\\/un-monde-plus-comprehensible-et-previsible\\\/#respond\"]}]},{\"@type\":\"WebPage\",\"@id\":\"https:\\\/\\\/blog.insieme.ch\\\/fr\\\/sante-et-qualite-de-vie\\\/un-monde-plus-comprehensible-et-previsible\\\/\",\"url\":\"https:\\\/\\\/blog.insieme.ch\\\/fr\\\/sante-et-qualite-de-vie\\\/un-monde-plus-comprehensible-et-previsible\\\/\",\"name\":\"Un monde plus compr\u00e9hensible et pr\u00e9visible\",\"isPartOf\":{\"@id\":\"https:\\\/\\\/blog.insieme.ch\\\/fr\\\/#website\"},\"primaryImageOfPage\":{\"@id\":\"https:\\\/\\\/blog.insieme.ch\\\/fr\\\/sante-et-qualite-de-vie\\\/un-monde-plus-comprehensible-et-previsible\\\/#primaryimage\"},\"image\":{\"@id\":\"https:\\\/\\\/blog.insieme.ch\\\/fr\\\/sante-et-qualite-de-vie\\\/un-monde-plus-comprehensible-et-previsible\\\/#primaryimage\"},\"thumbnailUrl\":\"https:\\\/\\\/blog.insieme.ch\\\/wp-inside\\\/uploads\\\/2022\\\/11\\\/photo-2021-04-09-16-56-56.jpg\",\"datePublished\":\"2022-12-01T08:00:40+00:00\",\"dateModified\":\"2022-12-07T13:49:56+00:00\",\"description\":\"Les personnes en situation de handicap mental rencontrent d\u2019importantes difficult\u00e9s d\u2019acc\u00e8s aux soins.\",\"breadcrumb\":{\"@id\":\"https:\\\/\\\/blog.insieme.ch\\\/fr\\\/sante-et-qualite-de-vie\\\/un-monde-plus-comprehensible-et-previsible\\\/#breadcrumb\"},\"inLanguage\":\"fr-FR\",\"potentialAction\":[{\"@type\":\"ReadAction\",\"target\":[\"https:\\\/\\\/blog.insieme.ch\\\/fr\\\/sante-et-qualite-de-vie\\\/un-monde-plus-comprehensible-et-previsible\\\/\"]}]},{\"@type\":\"ImageObject\",\"inLanguage\":\"fr-FR\",\"@id\":\"https:\\\/\\\/blog.insieme.ch\\\/fr\\\/sante-et-qualite-de-vie\\\/un-monde-plus-comprehensible-et-previsible\\\/#primaryimage\",\"url\":\"https:\\\/\\\/blog.insieme.ch\\\/wp-inside\\\/uploads\\\/2022\\\/11\\\/photo-2021-04-09-16-56-56.jpg\",\"contentUrl\":\"https:\\\/\\\/blog.insieme.ch\\\/wp-inside\\\/uploads\\\/2022\\\/11\\\/photo-2021-04-09-16-56-56.jpg\",\"width\":1600,\"height\":1200,\"caption\":\"L\u2019\u00e9ducateur explique comment se d\u00e9roulera la consultation.\"},{\"@type\":\"BreadcrumbList\",\"@id\":\"https:\\\/\\\/blog.insieme.ch\\\/fr\\\/sante-et-qualite-de-vie\\\/un-monde-plus-comprehensible-et-previsible\\\/#breadcrumb\",\"itemListElement\":[{\"@type\":\"ListItem\",\"position\":1,\"name\":\"Accueil\",\"item\":\"https:\\\/\\\/blog.insieme.ch\\\/fr\\\/\"},{\"@type\":\"ListItem\",\"position\":2,\"name\":\"Sant\u00e9 et qualit\u00e9 de vie\",\"item\":\"https:\\\/\\\/blog.insieme.ch\\\/fr\\\/sante-et-qualite-de-vie\\\/\"},{\"@type\":\"ListItem\",\"position\":3,\"name\":\"Un monde plus compr\u00e9hensible et pr\u00e9visible\"}]},{\"@type\":\"WebSite\",\"@id\":\"https:\\\/\\\/blog.insieme.ch\\\/fr\\\/#website\",\"url\":\"https:\\\/\\\/blog.insieme.ch\\\/fr\\\/\",\"name\":\"insieme Blog\",\"description\":\"Alles ausser gew\u00f6hnlich\",\"publisher\":{\"@id\":\"https:\\\/\\\/blog.insieme.ch\\\/fr\\\/#organization\"},\"potentialAction\":[{\"@type\":\"SearchAction\",\"target\":{\"@type\":\"EntryPoint\",\"urlTemplate\":\"https:\\\/\\\/blog.insieme.ch\\\/fr\\\/?s={search_term_string}\"},\"query-input\":{\"@type\":\"PropertyValueSpecification\",\"valueRequired\":true,\"valueName\":\"search_term_string\"}}],\"inLanguage\":\"fr-FR\"},{\"@type\":\"Organization\",\"@id\":\"https:\\\/\\\/blog.insieme.ch\\\/fr\\\/#organization\",\"name\":\"insieme Blog\",\"url\":\"https:\\\/\\\/blog.insieme.ch\\\/fr\\\/\",\"logo\":{\"@type\":\"ImageObject\",\"inLanguage\":\"fr-FR\",\"@id\":\"https:\\\/\\\/blog.insieme.ch\\\/fr\\\/#\\\/schema\\\/logo\\\/image\\\/\",\"url\":\"https:\\\/\\\/blog.insieme.ch\\\/wp-inside\\\/uploads\\\/2021\\\/04\\\/logo-insieme-blog.png\",\"contentUrl\":\"https:\\\/\\\/blog.insieme.ch\\\/wp-inside\\\/uploads\\\/2021\\\/04\\\/logo-insieme-blog.png\",\"width\":280,\"height\":81,\"caption\":\"insieme Blog\"},\"image\":{\"@id\":\"https:\\\/\\\/blog.insieme.ch\\\/fr\\\/#\\\/schema\\\/logo\\\/image\\\/\"},\"sameAs\":[\"https:\\\/\\\/www.facebook.com\\\/insiemeSuisse\\\/\",\"https:\\\/\\\/x.com\\\/insiemeSuisse\"]},{\"@type\":\"Person\",\"@id\":\"https:\\\/\\\/blog.insieme.ch\\\/fr\\\/#\\\/schema\\\/person\\\/45db1a238688cc825e658a7bf9fe0445\",\"name\":\"Anne-Sophie Ledermann\",\"image\":{\"@type\":\"ImageObject\",\"inLanguage\":\"fr-FR\",\"@id\":\"https:\\\/\\\/secure.gravatar.com\\\/avatar\\\/c79279407d178adc7e5f415fd7b78f509e07dd6da7183fb5cef8f646e8ff4dfd?s=96&d=mm&r=g\",\"url\":\"https:\\\/\\\/secure.gravatar.com\\\/avatar\\\/c79279407d178adc7e5f415fd7b78f509e07dd6da7183fb5cef8f646e8ff4dfd?s=96&d=mm&r=g\",\"contentUrl\":\"https:\\\/\\\/secure.gravatar.com\\\/avatar\\\/c79279407d178adc7e5f415fd7b78f509e07dd6da7183fb5cef8f646e8ff4dfd?s=96&d=mm&r=g\",\"caption\":\"Anne-Sophie Ledermann\"},\"description\":\"Communication insieme\",\"url\":\"https:\\\/\\\/blog.insieme.ch\\\/fr\\\/author\\\/anne-sophie-ledermann\\\/\"}]}<\/script>\n<!-- \/ Yoast SEO plugin. -->","yoast_head_json":{"title":"Un monde plus compr\u00e9hensible et pr\u00e9visible","description":"Les personnes en situation de handicap mental rencontrent d\u2019importantes difficult\u00e9s d\u2019acc\u00e8s aux soins.","robots":{"index":"index","follow":"follow","max-snippet":"max-snippet:-1","max-image-preview":"max-image-preview:large","max-video-preview":"max-video-preview:-1"},"canonical":"https:\/\/blog.insieme.ch\/fr\/sante-et-qualite-de-vie\/un-monde-plus-comprehensible-et-previsible\/","og_locale":"fr_FR","og_type":"article","og_title":"Un monde plus compr\u00e9hensible et pr\u00e9visible","og_description":"Les personnes en situation de handicap mental rencontrent d\u2019importantes difficult\u00e9s d\u2019acc\u00e8s aux soins.","og_url":"https:\/\/blog.insieme.ch\/fr\/sante-et-qualite-de-vie\/un-monde-plus-comprehensible-et-previsible\/","og_site_name":"insieme Blog","article_publisher":"https:\/\/www.facebook.com\/insiemeSuisse\/","article_published_time":"2022-12-01T08:00:40+00:00","article_modified_time":"2022-12-07T13:49:56+00:00","og_image":[{"width":1600,"height":1200,"url":"https:\/\/blog.insieme.ch\/wp-inside\/uploads\/2022\/11\/photo-2021-04-09-16-56-56.jpg","type":"image\/jpeg"}],"author":"Anne-Sophie Ledermann","twitter_card":"summary_large_image","twitter_creator":"@insiemeSuisse","twitter_site":"@insiemeSuisse","twitter_misc":{"\u00c9crit par":"Anne-Sophie Ledermann","Dur\u00e9e de lecture estim\u00e9e":"5 minutes"},"schema":{"@context":"https:\/\/schema.org","@graph":[{"@type":"Article","@id":"https:\/\/blog.insieme.ch\/fr\/sante-et-qualite-de-vie\/un-monde-plus-comprehensible-et-previsible\/#article","isPartOf":{"@id":"https:\/\/blog.insieme.ch\/fr\/sante-et-qualite-de-vie\/un-monde-plus-comprehensible-et-previsible\/"},"author":{"name":"Anne-Sophie Ledermann","@id":"https:\/\/blog.insieme.ch\/fr\/#\/schema\/person\/45db1a238688cc825e658a7bf9fe0445"},"headline":"Un monde plus compr\u00e9hensible et pr\u00e9visible","datePublished":"2022-12-01T08:00:40+00:00","dateModified":"2022-12-07T13:49:56+00:00","mainEntityOfPage":{"@id":"https:\/\/blog.insieme.ch\/fr\/sante-et-qualite-de-vie\/un-monde-plus-comprehensible-et-previsible\/"},"wordCount":910,"commentCount":0,"publisher":{"@id":"https:\/\/blog.insieme.ch\/fr\/#organization"},"image":{"@id":"https:\/\/blog.insieme.ch\/fr\/sante-et-qualite-de-vie\/un-monde-plus-comprehensible-et-previsible\/#primaryimage"},"thumbnailUrl":"https:\/\/blog.insieme.ch\/wp-inside\/uploads\/2022\/11\/photo-2021-04-09-16-56-56.jpg","keywords":["Accessibilit\u00e9","Accompagnement","Autisme","Soins"],"articleSection":["Sant\u00e9 et qualit\u00e9 de vie"],"inLanguage":"fr-FR","potentialAction":[{"@type":"CommentAction","name":"Comment","target":["https:\/\/blog.insieme.ch\/fr\/sante-et-qualite-de-vie\/un-monde-plus-comprehensible-et-previsible\/#respond"]}]},{"@type":"WebPage","@id":"https:\/\/blog.insieme.ch\/fr\/sante-et-qualite-de-vie\/un-monde-plus-comprehensible-et-previsible\/","url":"https:\/\/blog.insieme.ch\/fr\/sante-et-qualite-de-vie\/un-monde-plus-comprehensible-et-previsible\/","name":"Un monde plus compr\u00e9hensible et pr\u00e9visible","isPartOf":{"@id":"https:\/\/blog.insieme.ch\/fr\/#website"},"primaryImageOfPage":{"@id":"https:\/\/blog.insieme.ch\/fr\/sante-et-qualite-de-vie\/un-monde-plus-comprehensible-et-previsible\/#primaryimage"},"image":{"@id":"https:\/\/blog.insieme.ch\/fr\/sante-et-qualite-de-vie\/un-monde-plus-comprehensible-et-previsible\/#primaryimage"},"thumbnailUrl":"https:\/\/blog.insieme.ch\/wp-inside\/uploads\/2022\/11\/photo-2021-04-09-16-56-56.jpg","datePublished":"2022-12-01T08:00:40+00:00","dateModified":"2022-12-07T13:49:56+00:00","description":"Les personnes en situation de handicap mental rencontrent d\u2019importantes difficult\u00e9s d\u2019acc\u00e8s aux soins.","breadcrumb":{"@id":"https:\/\/blog.insieme.ch\/fr\/sante-et-qualite-de-vie\/un-monde-plus-comprehensible-et-previsible\/#breadcrumb"},"inLanguage":"fr-FR","potentialAction":[{"@type":"ReadAction","target":["https:\/\/blog.insieme.ch\/fr\/sante-et-qualite-de-vie\/un-monde-plus-comprehensible-et-previsible\/"]}]},{"@type":"ImageObject","inLanguage":"fr-FR","@id":"https:\/\/blog.insieme.ch\/fr\/sante-et-qualite-de-vie\/un-monde-plus-comprehensible-et-previsible\/#primaryimage","url":"https:\/\/blog.insieme.ch\/wp-inside\/uploads\/2022\/11\/photo-2021-04-09-16-56-56.jpg","contentUrl":"https:\/\/blog.insieme.ch\/wp-inside\/uploads\/2022\/11\/photo-2021-04-09-16-56-56.jpg","width":1600,"height":1200,"caption":"L\u2019\u00e9ducateur explique comment se d\u00e9roulera la consultation."},{"@type":"BreadcrumbList","@id":"https:\/\/blog.insieme.ch\/fr\/sante-et-qualite-de-vie\/un-monde-plus-comprehensible-et-previsible\/#breadcrumb","itemListElement":[{"@type":"ListItem","position":1,"name":"Accueil","item":"https:\/\/blog.insieme.ch\/fr\/"},{"@type":"ListItem","position":2,"name":"Sant\u00e9 et qualit\u00e9 de vie","item":"https:\/\/blog.insieme.ch\/fr\/sante-et-qualite-de-vie\/"},{"@type":"ListItem","position":3,"name":"Un monde plus compr\u00e9hensible et pr\u00e9visible"}]},{"@type":"WebSite","@id":"https:\/\/blog.insieme.ch\/fr\/#website","url":"https:\/\/blog.insieme.ch\/fr\/","name":"insieme Blog","description":"Alles ausser gew\u00f6hnlich","publisher":{"@id":"https:\/\/blog.insieme.ch\/fr\/#organization"},"potentialAction":[{"@type":"SearchAction","target":{"@type":"EntryPoint","urlTemplate":"https:\/\/blog.insieme.ch\/fr\/?s={search_term_string}"},"query-input":{"@type":"PropertyValueSpecification","valueRequired":true,"valueName":"search_term_string"}}],"inLanguage":"fr-FR"},{"@type":"Organization","@id":"https:\/\/blog.insieme.ch\/fr\/#organization","name":"insieme Blog","url":"https:\/\/blog.insieme.ch\/fr\/","logo":{"@type":"ImageObject","inLanguage":"fr-FR","@id":"https:\/\/blog.insieme.ch\/fr\/#\/schema\/logo\/image\/","url":"https:\/\/blog.insieme.ch\/wp-inside\/uploads\/2021\/04\/logo-insieme-blog.png","contentUrl":"https:\/\/blog.insieme.ch\/wp-inside\/uploads\/2021\/04\/logo-insieme-blog.png","width":280,"height":81,"caption":"insieme Blog"},"image":{"@id":"https:\/\/blog.insieme.ch\/fr\/#\/schema\/logo\/image\/"},"sameAs":["https:\/\/www.facebook.com\/insiemeSuisse\/","https:\/\/x.com\/insiemeSuisse"]},{"@type":"Person","@id":"https:\/\/blog.insieme.ch\/fr\/#\/schema\/person\/45db1a238688cc825e658a7bf9fe0445","name":"Anne-Sophie Ledermann","image":{"@type":"ImageObject","inLanguage":"fr-FR","@id":"https:\/\/secure.gravatar.com\/avatar\/c79279407d178adc7e5f415fd7b78f509e07dd6da7183fb5cef8f646e8ff4dfd?s=96&d=mm&r=g","url":"https:\/\/secure.gravatar.com\/avatar\/c79279407d178adc7e5f415fd7b78f509e07dd6da7183fb5cef8f646e8ff4dfd?s=96&d=mm&r=g","contentUrl":"https:\/\/secure.gravatar.com\/avatar\/c79279407d178adc7e5f415fd7b78f509e07dd6da7183fb5cef8f646e8ff4dfd?s=96&d=mm&r=g","caption":"Anne-Sophie Ledermann"},"description":"Communication insieme","url":"https:\/\/blog.insieme.ch\/fr\/author\/anne-sophie-ledermann\/"}]}},"featured_media_url":"https:\/\/blog.insieme.ch\/wp-inside\/uploads\/2022\/11\/photo-2021-04-09-16-56-56-1024x768.jpg","_links":{"self":[{"href":"https:\/\/blog.insieme.ch\/fr\/wp-json\/wp\/v2\/posts\/4146","targetHints":{"allow":["GET"]}}],"collection":[{"href":"https:\/\/blog.insieme.ch\/fr\/wp-json\/wp\/v2\/posts"}],"about":[{"href":"https:\/\/blog.insieme.ch\/fr\/wp-json\/wp\/v2\/types\/post"}],"author":[{"embeddable":true,"href":"https:\/\/blog.insieme.ch\/fr\/wp-json\/wp\/v2\/users\/29"}],"replies":[{"embeddable":true,"href":"https:\/\/blog.insieme.ch\/fr\/wp-json\/wp\/v2\/comments?post=4146"}],"version-history":[{"count":10,"href":"https:\/\/blog.insieme.ch\/fr\/wp-json\/wp\/v2\/posts\/4146\/revisions"}],"predecessor-version":[{"id":4480,"href":"https:\/\/blog.insieme.ch\/fr\/wp-json\/wp\/v2\/posts\/4146\/revisions\/4480"}],"wp:featuredmedia":[{"embeddable":true,"href":"https:\/\/blog.insieme.ch\/fr\/wp-json\/wp\/v2\/media\/4153"}],"wp:attachment":[{"href":"https:\/\/blog.insieme.ch\/fr\/wp-json\/wp\/v2\/media?parent=4146"}],"wp:term":[{"taxonomy":"category","embeddable":true,"href":"https:\/\/blog.insieme.ch\/fr\/wp-json\/wp\/v2\/categories?post=4146"},{"taxonomy":"post_tag","embeddable":true,"href":"https:\/\/blog.insieme.ch\/fr\/wp-json\/wp\/v2\/tags?post=4146"}],"curies":[{"name":"wp","href":"https:\/\/api.w.org\/{rel}","templated":true}]}}