{"id":4018,"date":"2022-09-22T09:00:57","date_gmt":"2022-09-22T07:00:57","guid":{"rendered":"https:\/\/blog.insieme.ch\/?p=4018"},"modified":"2022-08-31T09:22:52","modified_gmt":"2022-08-31T07:22:52","slug":"la-vie-en-autonomie-2","status":"publish","type":"post","link":"https:\/\/blog.insieme.ch\/fr\/falc\/la-vie-en-autonomie-2\/","title":{"rendered":"La vie en autonomie"},"content":{"rendered":"<p><!-- flzn:zn_pagebanner --><\/p>\n<header id=\"flzn-pagebanner-1\" class=\"zone zn-pagebanner is-alignfull with-bg bg-color is-bgc-yellow-light\"><span class=\"zone-bg bg-color bgc-yellow-light alignfull\"><\/span><\/p>\n<div class=\"zone-block zn-pagebanner-block alignfull va-center\"><\/div>\n<\/header>\n<p><!-- \/flzn:zn_pagebanner --><br \/>\n<!-- flzn:zn_text --><\/p>\n<div id=\"flzn-text-1\" class=\"zone zn-text is-alignwide\">\n<div class=\"zone-block zn-text-block alignwide va-top\">\n<div class=\"row mw-content-zone zn-text-row\">\n<div class=\"columns large-12\">\n<div class=\"row large-up-1 with-nice-alignment nbloc-1\">\n<div class=\"column zn-text-col\">\n<div class=\"column-inner\">\n<div class=\"wig-content mw-content\">\n<p><strong>Maya, Sophie et Markus habitent ensemble.<br \/>\nIls partagent le m\u00eame appartement.<br \/>\nLeur handicap ne les emp\u00eache pas d\u2019\u00eatre autonomes.<\/p>\n<p><\/strong><\/p>\n<p>Maya, Sophie et Markus habitent et travaillent \u00e0 Meyrin, pr\u00e8s de Gen\u00e8ve.<br \/>\nUne fondation les aide pour la vie de tous les jours.<br \/>\nCette fondation s\u2019appelle \u00ab&#160;&#160;Ensemble&#160;&#160;\u00bb.<\/p>\n<p>C\u2019est la pause de midi.<br \/>\nMaya, Sophie et Markus ont d\u00een\u00e9 ensemble.<\/p>\n<p>&nbsp;<\/p>\n<div id=\"attachment_4020\" class=\"wp-caption aligncenter\" style=\"width:100%;max-width:683px\"><img decoding=\"async\" loading=\"lazy\" class=\"wp-image-4020 size-large\" src=\"https:\/\/blog.insieme.ch\/wp-inside\/uploads\/2022\/08\/2022-01-18_insieme_vergers-meyrin_tardy-print-049-683x1024.jpg\" alt=\"Photo de Markus Wittekind et Maya El Hakim sur le balcon de leur appartement.\" width=\"683\" height=\"1024\" srcset=\"https:\/\/blog.insieme.ch\/wp-inside\/uploads\/2022\/08\/2022-01-18_insieme_vergers-meyrin_tardy-print-049-683x1024.jpg 683w, https:\/\/blog.insieme.ch\/wp-inside\/uploads\/2022\/08\/2022-01-18_insieme_vergers-meyrin_tardy-print-049-200x300.jpg 200w, https:\/\/blog.insieme.ch\/wp-inside\/uploads\/2022\/08\/2022-01-18_insieme_vergers-meyrin_tardy-print-049-768x1152.jpg 768w, https:\/\/blog.insieme.ch\/wp-inside\/uploads\/2022\/08\/2022-01-18_insieme_vergers-meyrin_tardy-print-049-1024x1536.jpg 1024w, https:\/\/blog.insieme.ch\/wp-inside\/uploads\/2022\/08\/2022-01-18_insieme_vergers-meyrin_tardy-print-049-1365x2048.jpg 1365w, https:\/\/blog.insieme.ch\/wp-inside\/uploads\/2022\/08\/2022-01-18_insieme_vergers-meyrin_tardy-print-049-213x320.jpg 213w, https:\/\/blog.insieme.ch\/wp-inside\/uploads\/2022\/08\/2022-01-18_insieme_vergers-meyrin_tardy-print-049-800x1200.jpg 800w, https:\/\/blog.insieme.ch\/wp-inside\/uploads\/2022\/08\/2022-01-18_insieme_vergers-meyrin_tardy-print-049-1920x2880.jpg 1920w, https:\/\/blog.insieme.ch\/wp-inside\/uploads\/2022\/08\/2022-01-18_insieme_vergers-meyrin_tardy-print-049-scaled.jpg 1707w\" sizes=\"auto, (max-width: 683px) 100vw, 683px\" \/><\/p>\n<p class=\"wp-caption-text\">Markus Wittekind et Maya El Hakim sur le balcon de leur appartement. \u00a9Antoine Tardy<\/p>\n<\/div>\n<p>&nbsp;<\/p>\n<p><strong>Maya<\/strong> <strong>El Hakim<\/strong> se pr\u00e9pare pour retourner au travail.<br \/>\nMaya travaille dans un caf\u00e9 tout pr\u00e8s de l\u2019appartement.<br \/>\nElle accueille les clients et prend les commandes.<br \/>\nElle s\u2019occupe aussi de la caisse.<br \/>\nMaya dit&#160;&#160;:<br \/>\n\u00ab&#160;&#160;Quand il n\u2019y a pas de clients, je m\u2019ennuie.&#160;&#160;\u00bb<\/p>\n<p><strong>Markus<\/strong> <strong>Wittekind <\/strong>a 37 ans et travaille dans un h\u00f4tel-restaurant.<br \/>\nDes photos lui rappellent les consignes.<br \/>\nIl y a aussi quelqu\u2019un pour l\u2019aider dans son travail.<br \/>\nMarkus fait beaucoup de choses diff\u00e9rentes.<br \/>\nParfois il coupe les pommes de terre.<br \/>\nParfois il nettoie les chambres.<br \/>\nMarkus ne parle pas beaucoup.<\/p>\n<p>&nbsp;<\/p>\n<p><strong>Sophie Theubet <\/strong>a rendez-vous chez le docteur.<\/p>\n<p>&nbsp;<\/p>\n<p><strong>Une aide pour \u00eatre autonome<\/strong><\/p>\n<p>Une \u00e9ducatrice de la fondation \u00ab&#160;&#160;Ensemble&#160;&#160;\u00bb vient souvent<br \/>\nvoir Maya, Sophie et Markus.<br \/>\nElle s\u2019appelle Laetitia Favre.<br \/>\nLaetitia dit&#160;&#160;:<\/p>\n<p>\u00ab&#160;&#160;Maya, Sophie et Markus font un travail qui leur pla\u00eet.<br \/>\nC\u2019est important.<br \/>\nEt \u00e7a leur permet d\u2019avoir des contacts avec des personnes<br \/>\nsans handicap.&#160;&#160;\u00bb<\/p>\n<p><strong>Un agenda avec des images<\/strong><\/p>\n<p>Maya, Sophie et Markus ont un agenda.<br \/>\nC\u2019est leur programme de la semaine.<br \/>\nDans cet agenda, il y a toutes les choses \u00e0 faire.<br \/>\nPar exemple, passer l\u2019aspirateur ou acheter du lait.<br \/>\nDans l\u2019agenda de Markus, il y a beaucoup d\u2019images.<br \/>\nChaque image montre une chose \u00e0 faire.<\/p>\n<p>&nbsp;<\/p>\n<div id=\"attachment_4023\" class=\"wp-caption aligncenter\" style=\"width:100%;max-width:1024px\"><img decoding=\"async\" loading=\"lazy\" class=\"wp-image-4023 size-large\" src=\"https:\/\/blog.insieme.ch\/wp-inside\/uploads\/2022\/08\/2022-01-18_insieme_vergers-meyrin_tardy-print-040-1024x683.jpg\" alt=\"L'agenda avec les images qui montrent toutes les choses \u00e0 faire. \" width=\"1024\" height=\"683\" srcset=\"https:\/\/blog.insieme.ch\/wp-inside\/uploads\/2022\/08\/2022-01-18_insieme_vergers-meyrin_tardy-print-040-1024x683.jpg 1024w, https:\/\/blog.insieme.ch\/wp-inside\/uploads\/2022\/08\/2022-01-18_insieme_vergers-meyrin_tardy-print-040-300x200.jpg 300w, https:\/\/blog.insieme.ch\/wp-inside\/uploads\/2022\/08\/2022-01-18_insieme_vergers-meyrin_tardy-print-040-768x512.jpg 768w, https:\/\/blog.insieme.ch\/wp-inside\/uploads\/2022\/08\/2022-01-18_insieme_vergers-meyrin_tardy-print-040-1536x1025.jpg 1536w, https:\/\/blog.insieme.ch\/wp-inside\/uploads\/2022\/08\/2022-01-18_insieme_vergers-meyrin_tardy-print-040-320x213.jpg 320w, https:\/\/blog.insieme.ch\/wp-inside\/uploads\/2022\/08\/2022-01-18_insieme_vergers-meyrin_tardy-print-040-800x534.jpg 800w, https:\/\/blog.insieme.ch\/wp-inside\/uploads\/2022\/08\/2022-01-18_insieme_vergers-meyrin_tardy-print-040-1920x1281.jpg 1920w, https:\/\/blog.insieme.ch\/wp-inside\/uploads\/2022\/08\/2022-01-18_insieme_vergers-meyrin_tardy-print-040.jpg 2000w\" sizes=\"auto, (max-width: 1024px) 100vw, 1024px\" \/><\/p>\n<p class=\"wp-caption-text\">L&rsquo;agenda de l&rsquo;appartement pour conna\u00eetre le programme de la semaine. \u00a9 Antoine Tardy<\/p>\n<\/div>\n<p>&nbsp;<\/p>\n<p><strong>En fin de journ\u00e9e, c\u2019est l\u2019heure de l\u2019ap\u00e9ro&#160;&#160;!<\/strong><\/p>\n<p>Apr\u00e8s le travail vers 16h, Maya, Sophie et Markus boivent un verre ensemble.<br \/>\nC\u2019est important de passer des bons moments ensemble.<br \/>\nPar exemple&#160;&#160;:<br \/>\nse promener, faire du patin \u00e0 glace ou aller au cin\u00e9ma.<\/p>\n<p>Ensuite, vers 21h30, le veilleur de nuit arrive.<br \/>\nIl est l\u00e0,<br \/>\nsi Maya, Sophie ou Markus ont besoin d\u2019aide pendant la nuit.<\/p>\n<\/p><\/div>\n<\/p><\/div>\n<\/p><\/div>\n<\/p><\/div>\n<\/p><\/div>\n<\/p><\/div>\n<\/div>\n<\/div>\n<p><!-- \/flzn:zn_text --><\/p>\n","protected":false},"excerpt":{"rendered":"<p>Maya, Sophie et Markus habitent ensemble. Ils partagent le m\u00eame appartement. Leur handicap ne les emp\u00eache pas d\u2019\u00eatre autonomes. Maya, Sophie et Markus habitent et travaillent \u00e0 Meyrin, pr\u00e8s de [&hellip;]<\/p>\n","protected":false},"author":19,"featured_media":4020,"comment_status":"open","ping_status":"open","sticky":false,"template":"","format":"standard","meta":{"_acf_changed":false,"footnotes":""},"categories":[15,19],"tags":[46],"class_list":["post-4018","post","type-post","status-publish","format-standard","has-post-thumbnail","hentry","category-falc","category-logement","tag-vie-autonome","wp-sticky"],"acf":[],"yoast_head":"<!-- This site is optimized with the Yoast SEO plugin v27.5 - https:\/\/yoast.com\/product\/yoast-seo-wordpress\/ -->\n<title>La vie en autonomie<\/title>\n<meta name=\"robots\" content=\"index, follow, max-snippet:-1, max-image-preview:large, max-video-preview:-1\" \/>\n<link rel=\"canonical\" href=\"https:\/\/blog.insieme.ch\/fr\/falc\/la-vie-en-autonomie-2\/\" \/>\n<meta property=\"og:locale\" content=\"fr_FR\" \/>\n<meta property=\"og:type\" content=\"article\" \/>\n<meta property=\"og:title\" content=\"La vie en autonomie\" \/>\n<meta property=\"og:description\" content=\"Maya, Sophie et Markus habitent ensemble. Ils partagent le m\u00eame appartement. Leur handicap ne les emp\u00eache pas d\u2019\u00eatre autonomes. Maya, Sophie et Markus habitent et travaillent \u00e0 Meyrin, pr\u00e8s de [&hellip;]\" \/>\n<meta property=\"og:url\" content=\"https:\/\/blog.insieme.ch\/fr\/falc\/la-vie-en-autonomie-2\/\" \/>\n<meta property=\"og:site_name\" content=\"insieme Blog\" \/>\n<meta property=\"article:publisher\" content=\"https:\/\/www.facebook.com\/insiemeSuisse\/\" \/>\n<meta property=\"article:published_time\" content=\"2022-09-22T07:00:57+00:00\" \/>\n<meta property=\"og:image\" content=\"https:\/\/blog.insieme.ch\/wp-inside\/uploads\/2022\/08\/2022-01-18_insieme_vergers-meyrin_tardy-print-049-scaled.jpg\" \/>\n\t<meta property=\"og:image:width\" content=\"1707\" \/>\n\t<meta property=\"og:image:height\" content=\"2560\" \/>\n\t<meta property=\"og:image:type\" content=\"image\/jpeg\" \/>\n<meta name=\"author\" content=\"Lise Tran, traduction FALC Pro Infirmis\" \/>\n<meta name=\"twitter:card\" content=\"summary_large_image\" \/>\n<meta name=\"twitter:creator\" content=\"@insiemeSuisse\" \/>\n<meta name=\"twitter:site\" content=\"@insiemeSuisse\" \/>\n<meta name=\"twitter:label1\" content=\"\u00c9crit par\" \/>\n\t<meta name=\"twitter:data1\" content=\"Lise Tran, traduction FALC Pro Infirmis\" \/>\n\t<meta name=\"twitter:label2\" content=\"Dur\u00e9e de lecture estim\u00e9e\" \/>\n\t<meta name=\"twitter:data2\" content=\"2 minutes\" \/>\n<script type=\"application\/ld+json\" class=\"yoast-schema-graph\">{\"@context\":\"https:\\\/\\\/schema.org\",\"@graph\":[{\"@type\":\"Article\",\"@id\":\"https:\\\/\\\/blog.insieme.ch\\\/fr\\\/falc\\\/la-vie-en-autonomie-2\\\/#article\",\"isPartOf\":{\"@id\":\"https:\\\/\\\/blog.insieme.ch\\\/fr\\\/falc\\\/la-vie-en-autonomie-2\\\/\"},\"author\":{\"name\":\"Lise Tran, traduction FALC Pro Infirmis\",\"@id\":\"https:\\\/\\\/blog.insieme.ch\\\/fr\\\/#\\\/schema\\\/person\\\/b96e7415c17d2847ebb34c07a4c714a8\"},\"headline\":\"La vie en autonomie\",\"datePublished\":\"2022-09-22T07:00:57+00:00\",\"mainEntityOfPage\":{\"@id\":\"https:\\\/\\\/blog.insieme.ch\\\/fr\\\/falc\\\/la-vie-en-autonomie-2\\\/\"},\"wordCount\":393,\"commentCount\":0,\"publisher\":{\"@id\":\"https:\\\/\\\/blog.insieme.ch\\\/fr\\\/#organization\"},\"image\":{\"@id\":\"https:\\\/\\\/blog.insieme.ch\\\/fr\\\/falc\\\/la-vie-en-autonomie-2\\\/#primaryimage\"},\"thumbnailUrl\":\"https:\\\/\\\/blog.insieme.ch\\\/wp-inside\\\/uploads\\\/2022\\\/08\\\/2022-01-18_insieme_vergers-meyrin_tardy-print-049-scaled.jpg\",\"keywords\":[\"Vie autonome\"],\"articleSection\":[\"Articles en FALC\",\"Logement\"],\"inLanguage\":\"fr-FR\",\"potentialAction\":[{\"@type\":\"CommentAction\",\"name\":\"Comment\",\"target\":[\"https:\\\/\\\/blog.insieme.ch\\\/fr\\\/falc\\\/la-vie-en-autonomie-2\\\/#respond\"]}]},{\"@type\":\"WebPage\",\"@id\":\"https:\\\/\\\/blog.insieme.ch\\\/fr\\\/falc\\\/la-vie-en-autonomie-2\\\/\",\"url\":\"https:\\\/\\\/blog.insieme.ch\\\/fr\\\/falc\\\/la-vie-en-autonomie-2\\\/\",\"name\":\"La vie en autonomie\",\"isPartOf\":{\"@id\":\"https:\\\/\\\/blog.insieme.ch\\\/fr\\\/#website\"},\"primaryImageOfPage\":{\"@id\":\"https:\\\/\\\/blog.insieme.ch\\\/fr\\\/falc\\\/la-vie-en-autonomie-2\\\/#primaryimage\"},\"image\":{\"@id\":\"https:\\\/\\\/blog.insieme.ch\\\/fr\\\/falc\\\/la-vie-en-autonomie-2\\\/#primaryimage\"},\"thumbnailUrl\":\"https:\\\/\\\/blog.insieme.ch\\\/wp-inside\\\/uploads\\\/2022\\\/08\\\/2022-01-18_insieme_vergers-meyrin_tardy-print-049-scaled.jpg\",\"datePublished\":\"2022-09-22T07:00:57+00:00\",\"breadcrumb\":{\"@id\":\"https:\\\/\\\/blog.insieme.ch\\\/fr\\\/falc\\\/la-vie-en-autonomie-2\\\/#breadcrumb\"},\"inLanguage\":\"fr-FR\",\"potentialAction\":[{\"@type\":\"ReadAction\",\"target\":[\"https:\\\/\\\/blog.insieme.ch\\\/fr\\\/falc\\\/la-vie-en-autonomie-2\\\/\"]}]},{\"@type\":\"ImageObject\",\"inLanguage\":\"fr-FR\",\"@id\":\"https:\\\/\\\/blog.insieme.ch\\\/fr\\\/falc\\\/la-vie-en-autonomie-2\\\/#primaryimage\",\"url\":\"https:\\\/\\\/blog.insieme.ch\\\/wp-inside\\\/uploads\\\/2022\\\/08\\\/2022-01-18_insieme_vergers-meyrin_tardy-print-049-scaled.jpg\",\"contentUrl\":\"https:\\\/\\\/blog.insieme.ch\\\/wp-inside\\\/uploads\\\/2022\\\/08\\\/2022-01-18_insieme_vergers-meyrin_tardy-print-049-scaled.jpg\",\"width\":1707,\"height\":2560,\"caption\":\"Photo : Antoine Tardy pour insieme\"},{\"@type\":\"BreadcrumbList\",\"@id\":\"https:\\\/\\\/blog.insieme.ch\\\/fr\\\/falc\\\/la-vie-en-autonomie-2\\\/#breadcrumb\",\"itemListElement\":[{\"@type\":\"ListItem\",\"position\":1,\"name\":\"Accueil\",\"item\":\"https:\\\/\\\/blog.insieme.ch\\\/fr\\\/\"},{\"@type\":\"ListItem\",\"position\":2,\"name\":\"Articles en FALC\",\"item\":\"https:\\\/\\\/blog.insieme.ch\\\/fr\\\/falc\\\/\"},{\"@type\":\"ListItem\",\"position\":3,\"name\":\"La vie en autonomie\"}]},{\"@type\":\"WebSite\",\"@id\":\"https:\\\/\\\/blog.insieme.ch\\\/fr\\\/#website\",\"url\":\"https:\\\/\\\/blog.insieme.ch\\\/fr\\\/\",\"name\":\"insieme Blog\",\"description\":\"Alles ausser gew\u00f6hnlich\",\"publisher\":{\"@id\":\"https:\\\/\\\/blog.insieme.ch\\\/fr\\\/#organization\"},\"potentialAction\":[{\"@type\":\"SearchAction\",\"target\":{\"@type\":\"EntryPoint\",\"urlTemplate\":\"https:\\\/\\\/blog.insieme.ch\\\/fr\\\/?s={search_term_string}\"},\"query-input\":{\"@type\":\"PropertyValueSpecification\",\"valueRequired\":true,\"valueName\":\"search_term_string\"}}],\"inLanguage\":\"fr-FR\"},{\"@type\":\"Organization\",\"@id\":\"https:\\\/\\\/blog.insieme.ch\\\/fr\\\/#organization\",\"name\":\"insieme Blog\",\"url\":\"https:\\\/\\\/blog.insieme.ch\\\/fr\\\/\",\"logo\":{\"@type\":\"ImageObject\",\"inLanguage\":\"fr-FR\",\"@id\":\"https:\\\/\\\/blog.insieme.ch\\\/fr\\\/#\\\/schema\\\/logo\\\/image\\\/\",\"url\":\"https:\\\/\\\/blog.insieme.ch\\\/wp-inside\\\/uploads\\\/2021\\\/04\\\/logo-insieme-blog.png\",\"contentUrl\":\"https:\\\/\\\/blog.insieme.ch\\\/wp-inside\\\/uploads\\\/2021\\\/04\\\/logo-insieme-blog.png\",\"width\":280,\"height\":81,\"caption\":\"insieme Blog\"},\"image\":{\"@id\":\"https:\\\/\\\/blog.insieme.ch\\\/fr\\\/#\\\/schema\\\/logo\\\/image\\\/\"},\"sameAs\":[\"https:\\\/\\\/www.facebook.com\\\/insiemeSuisse\\\/\",\"https:\\\/\\\/x.com\\\/insiemeSuisse\"]},{\"@type\":\"Person\",\"@id\":\"https:\\\/\\\/blog.insieme.ch\\\/fr\\\/#\\\/schema\\\/person\\\/b96e7415c17d2847ebb34c07a4c714a8\",\"name\":\"Lise Tran, traduction FALC Pro Infirmis\",\"image\":{\"@type\":\"ImageObject\",\"inLanguage\":\"fr-FR\",\"@id\":\"https:\\\/\\\/secure.gravatar.com\\\/avatar\\\/4a5a17b94f815f018f4e3b62dad6d7edb0783620429adbef8a9db3f4e400beda?s=96&d=mm&r=g\",\"url\":\"https:\\\/\\\/secure.gravatar.com\\\/avatar\\\/4a5a17b94f815f018f4e3b62dad6d7edb0783620429adbef8a9db3f4e400beda?s=96&d=mm&r=g\",\"contentUrl\":\"https:\\\/\\\/secure.gravatar.com\\\/avatar\\\/4a5a17b94f815f018f4e3b62dad6d7edb0783620429adbef8a9db3f4e400beda?s=96&d=mm&r=g\",\"caption\":\"Lise Tran, traduction FALC Pro Infirmis\"},\"url\":\"https:\\\/\\\/blog.insieme.ch\\\/fr\\\/author\\\/lise-tran-2\\\/\"}]}<\/script>\n<!-- \/ Yoast SEO plugin. -->","yoast_head_json":{"title":"La vie en autonomie","robots":{"index":"index","follow":"follow","max-snippet":"max-snippet:-1","max-image-preview":"max-image-preview:large","max-video-preview":"max-video-preview:-1"},"canonical":"https:\/\/blog.insieme.ch\/fr\/falc\/la-vie-en-autonomie-2\/","og_locale":"fr_FR","og_type":"article","og_title":"La vie en autonomie","og_description":"Maya, Sophie et Markus habitent ensemble. Ils partagent le m\u00eame appartement. Leur handicap ne les emp\u00eache pas d\u2019\u00eatre autonomes. Maya, Sophie et Markus habitent et travaillent \u00e0 Meyrin, pr\u00e8s de [&hellip;]","og_url":"https:\/\/blog.insieme.ch\/fr\/falc\/la-vie-en-autonomie-2\/","og_site_name":"insieme Blog","article_publisher":"https:\/\/www.facebook.com\/insiemeSuisse\/","article_published_time":"2022-09-22T07:00:57+00:00","og_image":[{"width":1707,"height":2560,"url":"https:\/\/blog.insieme.ch\/wp-inside\/uploads\/2022\/08\/2022-01-18_insieme_vergers-meyrin_tardy-print-049-scaled.jpg","type":"image\/jpeg"}],"author":"Lise Tran, traduction FALC Pro Infirmis","twitter_card":"summary_large_image","twitter_creator":"@insiemeSuisse","twitter_site":"@insiemeSuisse","twitter_misc":{"\u00c9crit par":"Lise Tran, traduction FALC Pro Infirmis","Dur\u00e9e de lecture estim\u00e9e":"2 minutes"},"schema":{"@context":"https:\/\/schema.org","@graph":[{"@type":"Article","@id":"https:\/\/blog.insieme.ch\/fr\/falc\/la-vie-en-autonomie-2\/#article","isPartOf":{"@id":"https:\/\/blog.insieme.ch\/fr\/falc\/la-vie-en-autonomie-2\/"},"author":{"name":"Lise Tran, traduction FALC Pro Infirmis","@id":"https:\/\/blog.insieme.ch\/fr\/#\/schema\/person\/b96e7415c17d2847ebb34c07a4c714a8"},"headline":"La vie en autonomie","datePublished":"2022-09-22T07:00:57+00:00","mainEntityOfPage":{"@id":"https:\/\/blog.insieme.ch\/fr\/falc\/la-vie-en-autonomie-2\/"},"wordCount":393,"commentCount":0,"publisher":{"@id":"https:\/\/blog.insieme.ch\/fr\/#organization"},"image":{"@id":"https:\/\/blog.insieme.ch\/fr\/falc\/la-vie-en-autonomie-2\/#primaryimage"},"thumbnailUrl":"https:\/\/blog.insieme.ch\/wp-inside\/uploads\/2022\/08\/2022-01-18_insieme_vergers-meyrin_tardy-print-049-scaled.jpg","keywords":["Vie autonome"],"articleSection":["Articles en FALC","Logement"],"inLanguage":"fr-FR","potentialAction":[{"@type":"CommentAction","name":"Comment","target":["https:\/\/blog.insieme.ch\/fr\/falc\/la-vie-en-autonomie-2\/#respond"]}]},{"@type":"WebPage","@id":"https:\/\/blog.insieme.ch\/fr\/falc\/la-vie-en-autonomie-2\/","url":"https:\/\/blog.insieme.ch\/fr\/falc\/la-vie-en-autonomie-2\/","name":"La vie en autonomie","isPartOf":{"@id":"https:\/\/blog.insieme.ch\/fr\/#website"},"primaryImageOfPage":{"@id":"https:\/\/blog.insieme.ch\/fr\/falc\/la-vie-en-autonomie-2\/#primaryimage"},"image":{"@id":"https:\/\/blog.insieme.ch\/fr\/falc\/la-vie-en-autonomie-2\/#primaryimage"},"thumbnailUrl":"https:\/\/blog.insieme.ch\/wp-inside\/uploads\/2022\/08\/2022-01-18_insieme_vergers-meyrin_tardy-print-049-scaled.jpg","datePublished":"2022-09-22T07:00:57+00:00","breadcrumb":{"@id":"https:\/\/blog.insieme.ch\/fr\/falc\/la-vie-en-autonomie-2\/#breadcrumb"},"inLanguage":"fr-FR","potentialAction":[{"@type":"ReadAction","target":["https:\/\/blog.insieme.ch\/fr\/falc\/la-vie-en-autonomie-2\/"]}]},{"@type":"ImageObject","inLanguage":"fr-FR","@id":"https:\/\/blog.insieme.ch\/fr\/falc\/la-vie-en-autonomie-2\/#primaryimage","url":"https:\/\/blog.insieme.ch\/wp-inside\/uploads\/2022\/08\/2022-01-18_insieme_vergers-meyrin_tardy-print-049-scaled.jpg","contentUrl":"https:\/\/blog.insieme.ch\/wp-inside\/uploads\/2022\/08\/2022-01-18_insieme_vergers-meyrin_tardy-print-049-scaled.jpg","width":1707,"height":2560,"caption":"Photo : Antoine Tardy pour insieme"},{"@type":"BreadcrumbList","@id":"https:\/\/blog.insieme.ch\/fr\/falc\/la-vie-en-autonomie-2\/#breadcrumb","itemListElement":[{"@type":"ListItem","position":1,"name":"Accueil","item":"https:\/\/blog.insieme.ch\/fr\/"},{"@type":"ListItem","position":2,"name":"Articles en FALC","item":"https:\/\/blog.insieme.ch\/fr\/falc\/"},{"@type":"ListItem","position":3,"name":"La vie en autonomie"}]},{"@type":"WebSite","@id":"https:\/\/blog.insieme.ch\/fr\/#website","url":"https:\/\/blog.insieme.ch\/fr\/","name":"insieme Blog","description":"Alles ausser gew\u00f6hnlich","publisher":{"@id":"https:\/\/blog.insieme.ch\/fr\/#organization"},"potentialAction":[{"@type":"SearchAction","target":{"@type":"EntryPoint","urlTemplate":"https:\/\/blog.insieme.ch\/fr\/?s={search_term_string}"},"query-input":{"@type":"PropertyValueSpecification","valueRequired":true,"valueName":"search_term_string"}}],"inLanguage":"fr-FR"},{"@type":"Organization","@id":"https:\/\/blog.insieme.ch\/fr\/#organization","name":"insieme Blog","url":"https:\/\/blog.insieme.ch\/fr\/","logo":{"@type":"ImageObject","inLanguage":"fr-FR","@id":"https:\/\/blog.insieme.ch\/fr\/#\/schema\/logo\/image\/","url":"https:\/\/blog.insieme.ch\/wp-inside\/uploads\/2021\/04\/logo-insieme-blog.png","contentUrl":"https:\/\/blog.insieme.ch\/wp-inside\/uploads\/2021\/04\/logo-insieme-blog.png","width":280,"height":81,"caption":"insieme Blog"},"image":{"@id":"https:\/\/blog.insieme.ch\/fr\/#\/schema\/logo\/image\/"},"sameAs":["https:\/\/www.facebook.com\/insiemeSuisse\/","https:\/\/x.com\/insiemeSuisse"]},{"@type":"Person","@id":"https:\/\/blog.insieme.ch\/fr\/#\/schema\/person\/b96e7415c17d2847ebb34c07a4c714a8","name":"Lise Tran, traduction FALC Pro Infirmis","image":{"@type":"ImageObject","inLanguage":"fr-FR","@id":"https:\/\/secure.gravatar.com\/avatar\/4a5a17b94f815f018f4e3b62dad6d7edb0783620429adbef8a9db3f4e400beda?s=96&d=mm&r=g","url":"https:\/\/secure.gravatar.com\/avatar\/4a5a17b94f815f018f4e3b62dad6d7edb0783620429adbef8a9db3f4e400beda?s=96&d=mm&r=g","contentUrl":"https:\/\/secure.gravatar.com\/avatar\/4a5a17b94f815f018f4e3b62dad6d7edb0783620429adbef8a9db3f4e400beda?s=96&d=mm&r=g","caption":"Lise Tran, traduction FALC Pro Infirmis"},"url":"https:\/\/blog.insieme.ch\/fr\/author\/lise-tran-2\/"}]}},"featured_media_url":"https:\/\/blog.insieme.ch\/wp-inside\/uploads\/2022\/08\/2022-01-18_insieme_vergers-meyrin_tardy-print-049-683x1024.jpg","_links":{"self":[{"href":"https:\/\/blog.insieme.ch\/fr\/wp-json\/wp\/v2\/posts\/4018","targetHints":{"allow":["GET"]}}],"collection":[{"href":"https:\/\/blog.insieme.ch\/fr\/wp-json\/wp\/v2\/posts"}],"about":[{"href":"https:\/\/blog.insieme.ch\/fr\/wp-json\/wp\/v2\/types\/post"}],"author":[{"embeddable":true,"href":"https:\/\/blog.insieme.ch\/fr\/wp-json\/wp\/v2\/users\/19"}],"replies":[{"embeddable":true,"href":"https:\/\/blog.insieme.ch\/fr\/wp-json\/wp\/v2\/comments?post=4018"}],"version-history":[{"count":2,"href":"https:\/\/blog.insieme.ch\/fr\/wp-json\/wp\/v2\/posts\/4018\/revisions"}],"predecessor-version":[{"id":4028,"href":"https:\/\/blog.insieme.ch\/fr\/wp-json\/wp\/v2\/posts\/4018\/revisions\/4028"}],"wp:featuredmedia":[{"embeddable":true,"href":"https:\/\/blog.insieme.ch\/fr\/wp-json\/wp\/v2\/media\/4020"}],"wp:attachment":[{"href":"https:\/\/blog.insieme.ch\/fr\/wp-json\/wp\/v2\/media?parent=4018"}],"wp:term":[{"taxonomy":"category","embeddable":true,"href":"https:\/\/blog.insieme.ch\/fr\/wp-json\/wp\/v2\/categories?post=4018"},{"taxonomy":"post_tag","embeddable":true,"href":"https:\/\/blog.insieme.ch\/fr\/wp-json\/wp\/v2\/tags?post=4018"}],"curies":[{"name":"wp","href":"https:\/\/api.w.org\/{rel}","templated":true}]}}