{"id":3946,"date":"2022-06-16T09:00:23","date_gmt":"2022-06-16T07:00:23","guid":{"rendered":"https:\/\/blog.insieme.ch\/?p=3946"},"modified":"2022-06-09T14:16:39","modified_gmt":"2022-06-09T12:16:39","slug":"lumiere-solaire-shampooing-solide-apprendre-a-creer-des-objets-ensemble","status":"publish","type":"post","link":"https:\/\/blog.insieme.ch\/fr\/inclusion\/lumiere-solaire-shampooing-solide-apprendre-a-creer-des-objets-ensemble\/","title":{"rendered":"Lumi\u00e8re solaire, shampooing solide&#8230;&#160;: apprendre \u00e0 cr\u00e9er des objets ensemble"},"content":{"rendered":"<p><!-- flzn:zn_pagebanner --><\/p>\n<header id=\"flzn-pagebanner-1\" class=\"zone zn-pagebanner is-alignfull with-bg bg-color is-bgc-yellow-light\"><span class=\"zone-bg bg-color bgc-yellow-light alignfull\"><\/span><\/p>\n<div class=\"zone-block zn-pagebanner-block alignfull va-center\">\n<div class=\"row zn-pagebanner-row\">\n<div class=\"columns zn-pagebanner-col-content large-12\">\n<div class=\"columns-inner\">\n<div class=\"zn-pagebanner-content\"><\/div>\n<\/p><\/div>\n<\/p><\/div>\n<\/p><\/div>\n<\/p><\/div>\n<\/header>\n<p><!-- \/flzn:zn_pagebanner --><br \/>\n<!-- flzn:zn_text --><\/p>\n<div id=\"flzn-text-1\" class=\"zone zn-text is-alignwide\">\n<div class=\"zone-block zn-text-block alignwide va-top\">\n<div class=\"row mw-content-zone zn-text-row\">\n<div class=\"columns large-12\">\n<div class=\"row large-up-1 with-nice-alignment nbloc-1\">\n<div class=\"column zn-text-col\">\n<div class=\"column-inner\">\n<div class=\"wig-content mw-content\">\n<h4><strong>Enfants et jeunes avec et sans handicap se rencontrent au cours d\u2019un atelier cr\u00e9atif o\u00f9 ils apprennent \u00e0 fabriquer des produits durables. Ils\u00b7elles transmettent ensuite leurs nouvelles comp\u00e9tences \u00e0 leurs camarades&#160;&#160;: il s\u2019agit de make together, un projet inclusif de rencontres mis sur pied par insieme Suisse et l\u2019Institut de p\u00e9dagogie curative de la Haute \u00e9cole p\u00e9dagogique de Berne<\/strong>.<\/h4>\n<p><!--more--><\/p>\n<\/p><\/div>\n<\/p><\/div>\n<\/p><\/div>\n<\/p><\/div>\n<\/p><\/div>\n<\/p><\/div>\n<\/div>\n<\/div>\n<p><!-- \/flzn:zn_text --><br \/>\n<!-- flzn:zn_text_img --><\/p>\n<div id=\"flzn-textimg-1\" class=\"zone zn-textimg is-alignsimple\">\n<div class=\"zone-block zn-textimg-block alignsimple va-center\">\n<div class=\"row\">\n<div class=\"columns large-12\">\n<div class=\"row with-nice-alignment zn-textimg-row va-center\" data-equalizer data-equalize-on=\"large\">\n<div class=\"columns large-6 zn-textimg-colimg\" data-equalizer-watch>\n<div class=\"columns-inner zn-textimg-col-inner\">\n<div class=\"zn-textimg-imgs\">\n<div class=\"zn-textimg-imgbox\" title=\"Pour les lampes solaires, les fils \u00e9lectriques sont reli\u00e9s \u00e0 la batterie. \u00a9 Rueben Hollinger\">\n<figure class=\"zn-textimg-figure\">\n\t\t\t\t\t\t\t\t\t<img decoding=\"async\" class=\"zn-textimg-img\" src=\"https:\/\/blog.insieme.ch\/wp-inside\/uploads\/2022\/06\/lowres__insieme_maketogether____uho6987-800x600.jpg\" alt=\"Pour les lampes solaires, les fils \u00e9lectriques sont reli\u00e9s \u00e0 la batterie.\"\/><figcaption class=\"zn-textimg-caption\">Pour les lampes solaires, les fils \u00e9lectriques sont reli\u00e9s \u00e0 la batterie. \u00a9 Rueben Hollinger<\/figcaption><\/figure>\n<\/p><\/div>\n<\/p><\/div>\n<\/p><\/div>\n<\/p><\/div>\n<div class=\"columns large-6 zn-textimg-coldesc\" data-equalizer-watch>\n<div class=\"columns-inner zn-textimg-descbox\">\n<div class=\"zn-textimg-desc wig-content\">\n<p>Massimo explique \u00e0 deux gar\u00e7ons, comment fixer la batterie sous le couvercle du bocal. Puis de quelle mani\u00e8re tirer les fins fils \u00e9lectriques \u00e0 travers le trou du couvercle et les relier au panneau solaire sur le couvercle. Massimo n\u2019est pas un animateur ou un coach de l\u2019atelier make together. C\u2019est un \u00e9l\u00e8ve de l\u2019\u00e9cole sp\u00e9cialis\u00e9e de p\u00e9dagogie curative de Berne qui explique \u00e0 deux \u00e9l\u00e8ves issus de l\u2019\u00e9cole ordinaire comment s\u2019y prendre.<\/p>\n<\/div><\/div>\n<\/p><\/div>\n<\/p><\/div>\n<\/p><\/div>\n<\/p><\/div>\n<\/div>\n<\/div>\n<p><!-- \/flzn:zn_text_img --><br \/>\n<!-- flzn:zn_text --><\/p>\n<div id=\"flzn-text-2\" class=\"zone zn-text is-alignwide\">\n<div class=\"zone-block zn-text-block alignwide va-top\">\n<div class=\"row mw-content-zone zn-text-row\">\n<div class=\"columns large-12\">\n<div class=\"row large-up-1 with-nice-alignment nbloc-1\">\n<div class=\"column zn-text-col\">\n<div class=\"column-inner\">\n<div class=\"wig-content mw-content\">\n<p><span style=\"font-size: inherit; color: #000000;\">Les \u00e9l\u00e8ves des deux classes qui se rencontrent ce matin-l\u00e0 \u00e0 la biblioth\u00e8que du Kornhaus \u00e0 Berne et qui travaillent ensemble pendant trois heures ne se connaissaient pas auparavant. make together est un projet commun d\u2019insieme Suisse et de la Haute \u00e9cole p\u00e9dagogique de Berne (PHBern), soutenu par le Bureau f\u00e9d\u00e9ral de l\u2019\u00e9galit\u00e9 pour les personnes handicap\u00e9es (BFEH). \u00ab&#160;&#160;Si les possibilit\u00e9s de rencontres inclusives dans le domaine du sport existent, celles-ci font largement d\u00e9faut dans le domaine de la cr\u00e9ativit\u00e9&#160;&#160;\u00bb, explique Jill Aeschlimann d\u2019insieme Suisse.<\/span><\/p>\n<\/p><\/div>\n<\/p><\/div>\n<\/p><\/div>\n<\/p><\/div>\n<\/p><\/div>\n<\/p><\/div>\n<\/div>\n<\/div>\n<p><!-- \/flzn:zn_text --><br \/>\n<!-- flzn:zn_gallery --><\/p>\n<div id=\"flzn-gallery-1\" class=\"zone zn-gallery is-alignsimple\">\n<div class=\"zone-block zn-gallery-block alignsimple va-top\">\n<div class=\"row mw-content-zone\">\n<div class=\"large-12 columns\">\n<div class=\"zn-gallery-list slick-slider galleryslider\">\n<div class=\"zn-gallery-item slick-item with-ratio\">\n<div class=\"zn-gallery-item-inner\">\n<p>\t\t\t\t\t\t\t\t\t\t\t\t\t<a class=\"swipebox\" href=\"https:\/\/blog.insieme.ch\/wp-inside\/uploads\/2022\/06\/lowres__insieme_maketogether____uho6958-1920x1440.jpg\" title=\"Les participant\u00b7e\u00b7s repartiront avec un savon solide. \u00a9 Rueben Hollinger\" rel=\"galleryzone-flzn-gallery-1\"><\/p>\n<div class=\"imgbox\">\n\t\t\t\t\t\t\t\t\t\t\t\t\t\t\t\t\t\t<img decoding=\"async\" class=\"imgratio\" src=\"\/\/blog.insieme.ch\/wp-inside\/themes\/blog.insieme.ch\/assets\/images\/ratio-1280x600.png\" alt=\"\" width=\"0\" \/><br \/>\n\t\t\t\t\t\t\t\t\t\t\t\t\t\t\t\t\t\t<img decoding=\"async\" src=\"https:\/\/blog.insieme.ch\/wp-inside\/uploads\/2022\/06\/lowres__insieme_maketogether____uho6958-425x250.jpg\" alt=\"Une s\u00e9lection de jolis savons termin\u00e9s.\" data-interchange=\"[https:\/\/blog.insieme.ch\/wp-inside\/uploads\/2022\/06\/lowres__insieme_maketogether____uho6958-425x250.jpg, small],[https:\/\/blog.insieme.ch\/wp-inside\/uploads\/2022\/06\/lowres__insieme_maketogether____uho6958-1024x300.jpg, gsmall],[https:\/\/blog.insieme.ch\/wp-inside\/uploads\/2022\/06\/lowres__insieme_maketogether____uho6958-1280x600.jpg, glarge],[https:\/\/blog.insieme.ch\/wp-inside\/uploads\/2022\/06\/lowres__insieme_maketogether____uho6958-1280x600.jpg, xlarge],\"\/>\n\t\t\t\t\t\t\t\t<\/div>\n<p>\t\t\t\t\t\t\t\t\t\t\t\t\t<\/a>\n\t\t\t\t\t\t\t\t\t\t\t\t<\/div>\n<\/p><\/div>\n<div class=\"zn-gallery-item slick-item with-ratio with-ratio\">\n<div class=\"zn-gallery-item-inner\">\n<p>\t\t\t\t\t\t\t\t\t\t\t\t\t<a class=\"swipebox\" href=\"https:\/\/blog.insieme.ch\/wp-inside\/uploads\/2022\/06\/lowres__insieme_maketogether____uho7224-1920x1440.jpg\" title=\"Les savons sont color\u00e9s selon les go\u00fbts \u00e0 l'aide de colorants alimentaires. \u00a9 Rueben Hollinger\" rel=\"galleryzone-flzn-gallery-1\"><\/p>\n<div class=\"imgbox\">\n\t\t\t\t\t\t\t\t\t\t\t\t\t\t\t\t\t\t<img decoding=\"async\" class=\"imgratio\" src=\"\/\/blog.insieme.ch\/wp-inside\/themes\/blog.insieme.ch\/assets\/images\/ratio-1280x600.png\" alt=\"\" width=\"0\" \/><br \/>\n\t\t\t\t\t\t\t\t\t\t\t\t\t\t\t\t\t\t<img decoding=\"async\" src=\"https:\/\/blog.insieme.ch\/wp-inside\/uploads\/2022\/06\/lowres__insieme_maketogether____uho7224-425x250.jpg\" alt=\"Un savon rose et bleu qui vient d'\u00eatre press\u00e9.\" data-interchange=\"[https:\/\/blog.insieme.ch\/wp-inside\/uploads\/2022\/06\/lowres__insieme_maketogether____uho7224-425x250.jpg, small],[https:\/\/blog.insieme.ch\/wp-inside\/uploads\/2022\/06\/lowres__insieme_maketogether____uho7224-1024x300.jpg, gsmall],[https:\/\/blog.insieme.ch\/wp-inside\/uploads\/2022\/06\/lowres__insieme_maketogether____uho7224-1280x600.jpg, glarge],[https:\/\/blog.insieme.ch\/wp-inside\/uploads\/2022\/06\/lowres__insieme_maketogether____uho7224-1280x600.jpg, xlarge],\"\/>\n\t\t\t\t\t\t\t\t<\/div>\n<p>\t\t\t\t\t\t\t\t\t\t\t\t\t<\/a>\n\t\t\t\t\t\t\t\t\t\t\t\t<\/div>\n<\/p><\/div>\n<div class=\"zn-gallery-item slick-item with-ratio with-ratio with-ratio\">\n<div class=\"zn-gallery-item-inner\">\n<p>\t\t\t\t\t\t\t\t\t\t\t\t\t<a class=\"swipebox\" href=\"https:\/\/blog.insieme.ch\/wp-inside\/uploads\/2022\/06\/lowres__insieme_maketogether____uho7311-1920x1440.jpg\" title=\"La p\u00e2te est comprim\u00e9e \u00e0 l'aide d'une presse pour former le savon solide. \u00a9 Rueben Hollinger\" rel=\"galleryzone-flzn-gallery-1\"><\/p>\n<div class=\"imgbox\">\n\t\t\t\t\t\t\t\t\t\t\t\t\t\t\t\t\t\t<img decoding=\"async\" class=\"imgratio\" src=\"\/\/blog.insieme.ch\/wp-inside\/themes\/blog.insieme.ch\/assets\/images\/ratio-1280x600.png\" alt=\"\" width=\"0\" \/><br \/>\n\t\t\t\t\t\t\t\t\t\t\t\t\t\t\t\t\t\t<img decoding=\"async\" src=\"https:\/\/blog.insieme.ch\/wp-inside\/uploads\/2022\/06\/lowres__insieme_maketogether____uho7311-425x250.jpg\" alt=\"Des exemples de presse et de savons pr\u00e9sent\u00e9s sur une table.\" data-interchange=\"[https:\/\/blog.insieme.ch\/wp-inside\/uploads\/2022\/06\/lowres__insieme_maketogether____uho7311-425x250.jpg, small],[https:\/\/blog.insieme.ch\/wp-inside\/uploads\/2022\/06\/lowres__insieme_maketogether____uho7311-1024x300.jpg, gsmall],[https:\/\/blog.insieme.ch\/wp-inside\/uploads\/2022\/06\/lowres__insieme_maketogether____uho7311-1280x600.jpg, glarge],[https:\/\/blog.insieme.ch\/wp-inside\/uploads\/2022\/06\/lowres__insieme_maketogether____uho7311-1280x600.jpg, xlarge],\"\/>\n\t\t\t\t\t\t\t\t<\/div>\n<p>\t\t\t\t\t\t\t\t\t\t\t\t\t<\/a>\n\t\t\t\t\t\t\t\t\t\t\t\t<\/div>\n<\/p><\/div>\n<div class=\"zn-gallery-item slick-item with-ratio with-ratio with-ratio with-ratio\">\n<div class=\"zn-gallery-item-inner\">\n<p>\t\t\t\t\t\t\t\t\t\t\t\t\t<a class=\"swipebox\" href=\"https:\/\/blog.insieme.ch\/wp-inside\/uploads\/2022\/06\/lowres__insieme_maketogether____uho7418-1920x1440.jpg\" title=\"Les lampes solaires sont d\u00e9cor\u00e9es avec beaucoup de cr\u00e9ativit\u00e9. \u00a9 Rueben Hollinger\" rel=\"galleryzone-flzn-gallery-1\"><\/p>\n<div class=\"imgbox\">\n\t\t\t\t\t\t\t\t\t\t\t\t\t\t\t\t\t\t<img decoding=\"async\" class=\"imgratio\" src=\"\/\/blog.insieme.ch\/wp-inside\/themes\/blog.insieme.ch\/assets\/images\/ratio-1280x600.png\" alt=\"\" width=\"0\" \/><br \/>\n\t\t\t\t\t\t\t\t\t\t\t\t\t\t\t\t\t\t<img decoding=\"async\" src=\"https:\/\/blog.insieme.ch\/wp-inside\/uploads\/2022\/06\/lowres__insieme_maketogether____uho7418-425x250.jpg\" alt=\"Un bocal sert de lampe solaire. Il est d\u00e9cor\u00e9 avec des palmiers \u00e0 l'int\u00e9rieur. Une batterie est fix\u00e9e sous le couvercle.\" data-interchange=\"[https:\/\/blog.insieme.ch\/wp-inside\/uploads\/2022\/06\/lowres__insieme_maketogether____uho7418-425x250.jpg, small],[https:\/\/blog.insieme.ch\/wp-inside\/uploads\/2022\/06\/lowres__insieme_maketogether____uho7418-1024x300.jpg, gsmall],[https:\/\/blog.insieme.ch\/wp-inside\/uploads\/2022\/06\/lowres__insieme_maketogether____uho7418-1280x600.jpg, glarge],[https:\/\/blog.insieme.ch\/wp-inside\/uploads\/2022\/06\/lowres__insieme_maketogether____uho7418-1280x600.jpg, xlarge],\"\/>\n\t\t\t\t\t\t\t\t<\/div>\n<p>\t\t\t\t\t\t\t\t\t\t\t\t\t<\/a>\n\t\t\t\t\t\t\t\t\t\t\t\t<\/div>\n<\/p><\/div>\n<\/p><\/div>\n<\/p><\/div>\n<\/p><\/div>\n<\/div>\n<\/div>\n<p><!-- \/flzn:zn_gallery --><br \/>\n<!-- flzn:zn_text --><\/p>\n<div id=\"flzn-text-3\" class=\"zone zn-text is-alignwide\">\n<div class=\"zone-block zn-text-block alignwide va-top\">\n<div class=\"row mw-content-zone zn-text-row\">\n<div class=\"columns large-12\">\n<div class=\"row large-up-1 with-nice-alignment nbloc-1\">\n<div class=\"column zn-text-col\">\n<div class=\"column-inner\">\n<div class=\"wig-content mw-content\">\n<blockquote>\n<p>\u00ab&#160;&#160;Les jeunes sont all\u00e9\u00b7e\u00b7s \u00e0 la rencontre les un\u00b7e\u00b7s des autres. Si cela a si bien fonctionn\u00e9, c\u2019est certainement aussi gr\u00e2ce \u00e0 la structure g\u00e9niale de l\u2019atelier, dans laquelle chaque enfant peut \u00eatre l\u2019expert d\u2019un domaine et expliquer ensuite aux autres comment faire.&#160;&#160;\u00bb<\/p>\n<\/blockquote><\/div>\n<\/p><\/div>\n<\/p><\/div>\n<\/p><\/div>\n<\/p><\/div>\n<\/p><\/div>\n<\/div>\n<\/div>\n<p><!-- \/flzn:zn_text --><br \/>\n<!-- flzn:zn_text --><\/p>\n<div id=\"flzn-text-4\" class=\"zone zn-text is-alignwide\">\n<div class=\"zone-block zn-text-block alignwide va-top\">\n<div class=\"row mw-content-zone zn-text-row\">\n<div class=\"columns large-12\">\n<div class=\"row with-nice-alignment nbloc-2 va-top\">\n<div class=\"columns large-6 zn-text-col\">\n<div class=\"columns-inner\">\n<div class=\"wig-content mw-content\">\n<p><strong>Entre participant\u00b7e\u00b7s, \u00e9changer les connaissances<\/strong><\/p>\n<p>La biblioth\u00e8que du Kornhaus \u00e0 Berne, qui met les locaux \u00e0 disposition, et insieme r\u00e9gion de Berne, avec son \u00e9quipe de quatre personnes autour de Susanne Lizano, sont les partenaires du projet. Soutenue par plusieurs coachs, cette derni\u00e8re anime la matin\u00e9e. Entour\u00e9s d\u2019\u00e9tag\u00e8res aux nombreux livres, les jeunes se rassemblent autour de quatre grandes tables de travail sur lesquelles sont dispos\u00e9s les mat\u00e9riaux de base. Ils\u00b7elles vont fabriquer des shampooings solides et des lampes solaires. Les \u00e9l\u00e8ves sont tout d\u2019abord form\u00e9\u00b7e\u00b7s par les coachs pour devenir des expert\u00b7e\u00b7s de certaines \u00e9tapes de la fabrication. Maria, qui s\u2019int\u00e9resse particuli\u00e8rement \u00e0 la coloration de la p\u00e2te \u00e0 savon, se joint \u00e0 ce groupe-l\u00e0. Elle peut d\u00e9sormais expliquer et montrer \u00e0 Dilara le processus&#160;&#160;: vidant un peu de poudre de savon dans un r\u00e9cipient qu\u2019elle pose sur une balance de cuisine, elle demande ensuite \u00e0 Dilara de choisir l\u2019un des colorants alimentaires dans le bac \u00e0 couleurs. Celle-ci choisit le rouge fonc\u00e9 et en fait tomber quelques gouttes dans la masse blanche qui commence \u00e0 se colorer en rose. Celle-ci est ensuite comprim\u00e9e \u00e0 l\u2019aide d\u2019une presse, comme celle utilis\u00e9e en p\u00e2tisserie, afin d\u2019obtenir un shampooing solide en forme de savon.<\/p>\n<\/p><\/div>\n<\/p><\/div>\n<\/p><\/div>\n<div class=\"columns large-6 zn-text-col\">\n<div class=\"columns-inner\">\n<div class=\"wig-content mw-content\">\n<p><strong>Aller \u00e0 la rencontre des autres<\/strong><\/p>\n<p>Melinda Fend est enseignante \u00e0 l\u2019\u00e9cole secondaire de Str\u00e4ttligen, \u00e0 Thoune (BE). En faisant des recherches, elle est tomb\u00e9e sur make together&#160;&#160;: \u00ab&#160;&#160;Une offre formidable, tr\u00e8s pr\u00e9cieuse pour le niveau secondaire.&#160;&#160;\u00bb Sur le moment, ses \u00e9l\u00e8ves ont \u00e9t\u00e9 surpris de constater que les jeunes de l\u2019\u00e9cole sp\u00e9cialis\u00e9e n\u2019avaient pas du tout l\u2019air d\u2019avoir un handicap&#160;&#160;: \u00ab&#160;&#160;Les jeunes sont all\u00e9\u00b7e\u00b7s \u00e0 la rencontre les un\u00b7e\u00b7s des autres. Si cela a si bien fonctionn\u00e9, c\u2019est certainement aussi gr\u00e2ce \u00e0 la structure g\u00e9niale de l\u2019atelier, dans laquelle chaque enfant peut \u00eatre l\u2019expert d\u2019un domaine et expliquer ensuite aux autres comment faire.&#160;&#160;\u00bb<\/p>\n<p>La suite&#160;&#160;? Depuis septembre 2021, quatre ateliers inclusifs ont \u00e9t\u00e9 organis\u00e9s avec des classes \u00e0 Berne. L\u2019apr\u00e8s-midi, d\u2019autres ont \u00e9galement eu lieu, avec la possibilit\u00e9 cette fois-ci pour les jeunes de s\u2019inscrire individuellement et d\u2019entrer en contact avec d\u2019autres personnes avec et sans handicap. Actuellement, la recherche de partenaires tels que mus\u00e9es, centres de rencontre pour jeunes ou biblioth\u00e8ques est en cours, comme l\u2019explique Andreas J\u00e4ggi de la PHBern.<\/p>\n<\/p><\/div>\n<\/p><\/div>\n<\/p><\/div>\n<\/p><\/div>\n<\/p><\/div>\n<\/p><\/div>\n<\/div>\n<\/div>\n<p><!-- \/flzn:zn_text --><br \/>\n<!-- flzn:zn_image --><\/p>\n<div id=\"flzn-image-1\" class=\"zone zn-image is-alignwide\">\n<div class=\"zone-block zn-image-block pdd-top-off pdd-bottom alignwide va-top\">\n<div class=\"row mw-content-zone two-img\">\n<div class=\"columns large-12\">\n<div class=\"row with-nice-alignment va-top\">\n<div class=\"columns large-6 zn-image-col\">\n<div class=\"columns-inner zn-image-col-inner\">\n\t\t\t\t\t\t\t<a class=\"zn-image-imgbox swipebox\" href=\"https:\/\/blog.insieme.ch\/wp-inside\/uploads\/2022\/06\/lowres__insieme_maketogether____uho7402.jpg\" title=\"\" rel=\"galleryzone-flzn-image-1\">\t\t\t\t\t\t\t<\/p>\n<figure class=\"zn-image-figure\">\n\t\t\t\t\t\t\t\t<img decoding=\"async\" class=\"zn-image-img\" src=\"https:\/\/blog.insieme.ch\/wp-inside\/uploads\/2022\/06\/lowres__insieme_maketogether____uho7402-425x150.jpg\" alt=\"Le groupe d'\u00e9coliers s'entraident pour chaque \u00e9tape.\" data-interchange=\"[https:\/\/blog.insieme.ch\/wp-inside\/uploads\/2022\/06\/lowres__insieme_maketogether____uho7402-425x150.jpg, small],[https:\/\/blog.insieme.ch\/wp-inside\/uploads\/2022\/06\/lowres__insieme_maketogether____uho7402-1024x300.jpg, gsmall],[https:\/\/blog.insieme.ch\/wp-inside\/uploads\/2022\/06\/lowres__insieme_maketogether____uho7402-1920x1440.jpg, glarge],\"\/><figcaption class=\"zn-image-caption\">Le travail d&rsquo;\u00e9quipe et le soutien mutuel sont au rendez-vous. \u00a9 Rueben Hollinger<\/figcaption><\/figure>\n<p>\t\t\t\t\t\t\t<\/a>\t\t\t\t\t\t<\/div>\n<\/p><\/div>\n<div class=\"columns large-6 zn-image-col\">\n<div class=\"columns-inner zn-image-col-inner\">\n\t\t\t\t\t\t\t<a class=\"zn-image-imgbox swipebox\" href=\"https:\/\/blog.insieme.ch\/wp-inside\/uploads\/2022\/06\/lowres__insieme_maketogether____uho7156.jpg\" title=\"\" rel=\"galleryzone-flzn-image-1\">\t\t\t\t\t\t\t<\/p>\n<figure class=\"zn-image-figure\">\n\t\t\t\t\t\t\t\t<img decoding=\"async\" class=\"zn-image-img\" src=\"https:\/\/blog.insieme.ch\/wp-inside\/uploads\/2022\/06\/lowres__insieme_maketogether____uho7156-425x150.jpg\" alt=\"\" data-interchange=\"[https:\/\/blog.insieme.ch\/wp-inside\/uploads\/2022\/06\/lowres__insieme_maketogether____uho7156-425x150.jpg, small],[https:\/\/blog.insieme.ch\/wp-inside\/uploads\/2022\/06\/lowres__insieme_maketogether____uho7156-1024x300.jpg, gsmall],[https:\/\/blog.insieme.ch\/wp-inside\/uploads\/2022\/06\/lowres__insieme_maketogether____uho7156-1920x1440.jpg, glarge],\"\/><figcaption class=\"zn-image-caption\">Tout le monde a sa place durant cet atelier. \u00a9 Rueben Hollinger<\/figcaption><\/figure>\n<p>\t\t\t\t\t\t\t<\/a>\t\t\t\t\t\t<\/div>\n<\/p><\/div>\n<\/p><\/div>\n<\/p><\/div>\n<\/p><\/div>\n<\/div>\n<\/div>\n<p><!-- \/flzn:zn_image --><br \/>\n<!-- flzn:zn_button --><\/p>\n<div id=\"flzn-button-1\" class=\"zone zn-button is-alignfull with-bg bg-color is-bgc-yellow-light\"><span class=\"zone-bg bg-color bgc-yellow-light alignfull\"><\/span><\/p>\n<div class=\"zone-block zn-button-block alignfull va-top text-center\">\n<div class=\"zn-button-bgbox block-alignfull oneblock text-center\">\n<div class=\"zn-button-bgbox-bg\" ><\/div>\n<\/p><\/div>\n<div class=\"zn-button-list row small-up-1 medium-up-1 nb-bloc-1  without-blocs-bg oneblock text-center\" data-equalizer data-equalize-on=\"large\">\n<div class=\"zn-button-bloc column\" data-equalizer-watch>\n<div class=\"column-inner\">\n<div class=\"zn-button-innerbox\">\n<div class=\"zn-button-bloc-titledesc\">\n<h3 class=\"zn-button-bloc-title h2 cursive-font title-with-deco\">\n\t\t\t\t\t\t\t\t\t\tmake together\t\t\t\t\t\t\t\t\t<\/h3>\n<\/p><\/div>\n<div class=\"zn-button-buttons-box\">\n<p>\t\t\t\t\t\t\t\t\t\t\t\t\t\t\t\t\t\t<a class=\"button primary\" href=\"https:\/\/insieme.ch\/fr\/nos-activites\/projets-et-realisations\/make-together\/\" title=\"make together\"><br \/>\n\t\t\t\t\t\t\t\t\t\t\t\t\t\t\t\t\t\t\t\t\tEn savoir plus sur le projet \t\t\t\t\t\t\t\t\t\t\t\t\t\t\t\t\t\t\t<\/a>\n\t\t\t\t\t\t\t\t\t\t\t\t\t\t\t\t\t\t\t\t\t<\/div>\n<\/p><\/div>\n<\/p><\/div>\n<\/p><\/div>\n<\/p><\/div>\n<\/div>\n<\/div>\n<p><!-- \/flzn:zn_button --><\/p>\n","protected":false},"excerpt":{"rendered":"<p>Enfants et jeunes avec et sans handicap se rencontrent au cours d\u2019un atelier cr\u00e9atif o\u00f9 ils apprennent \u00e0 fabriquer des produits durables. Ils\u00b7elles transmettent ensuite leurs nouvelles comp\u00e9tences \u00e0 leurs [&hellip;]<\/p>\n","protected":false},"author":4,"featured_media":3953,"comment_status":"open","ping_status":"open","sticky":false,"template":"","format":"standard","meta":{"_acf_changed":false,"footnotes":""},"categories":[17,23],"tags":[57,45,53,52],"class_list":["post-3946","post","type-post","status-publish","format-standard","has-post-thumbnail","hentry","category-inclusion","category-loisirs","tag-apprentissage","tag-diversite","tag-enfant","tag-pedagogie","wp-sticky"],"acf":[],"yoast_head":"<!-- This site is optimized with the Yoast SEO plugin v27.5 - https:\/\/yoast.com\/product\/yoast-seo-wordpress\/ -->\n<title>Lumi\u00e8re solaire, shampooing solide... : apprendre \u00e0 cr\u00e9er des objets ensemble<\/title>\n<meta name=\"robots\" content=\"index, follow, max-snippet:-1, max-image-preview:large, max-video-preview:-1\" \/>\n<link rel=\"canonical\" href=\"https:\/\/blog.insieme.ch\/fr\/inclusion\/lumiere-solaire-shampooing-solide-apprendre-a-creer-des-objets-ensemble\/\" \/>\n<meta property=\"og:locale\" content=\"fr_FR\" \/>\n<meta property=\"og:type\" content=\"article\" \/>\n<meta property=\"og:title\" content=\"Lumi\u00e8re solaire, shampooing solide... : apprendre \u00e0 cr\u00e9er des objets ensemble\" \/>\n<meta property=\"og:description\" content=\"Enfants et jeunes avec et sans handicap se rencontrent au cours d\u2019un atelier cr\u00e9atif o\u00f9 ils apprennent \u00e0 fabriquer des produits durables. Ils\u00b7elles transmettent ensuite leurs nouvelles comp\u00e9tences \u00e0 leurs [&hellip;]\" \/>\n<meta property=\"og:url\" content=\"https:\/\/blog.insieme.ch\/fr\/inclusion\/lumiere-solaire-shampooing-solide-apprendre-a-creer-des-objets-ensemble\/\" \/>\n<meta property=\"og:site_name\" content=\"insieme Blog\" \/>\n<meta property=\"article:publisher\" content=\"https:\/\/www.facebook.com\/insiemeSuisse\/\" \/>\n<meta property=\"article:published_time\" content=\"2022-06-16T07:00:23+00:00\" \/>\n<meta property=\"og:image\" content=\"https:\/\/blog.insieme.ch\/wp-inside\/uploads\/2022\/06\/lowres__insieme_maketogether____uho7156.jpg\" \/>\n\t<meta property=\"og:image:width\" content=\"2000\" \/>\n\t<meta property=\"og:image:height\" content=\"1500\" \/>\n\t<meta property=\"og:image:type\" content=\"image\/jpeg\" \/>\n<meta name=\"author\" content=\"Susanne Schanda\" \/>\n<meta name=\"twitter:card\" content=\"summary_large_image\" \/>\n<meta name=\"twitter:creator\" content=\"@insiemeSuisse\" \/>\n<meta name=\"twitter:site\" content=\"@insiemeSuisse\" \/>\n<meta name=\"twitter:label1\" content=\"\u00c9crit par\" \/>\n\t<meta name=\"twitter:data1\" content=\"Susanne Schanda\" \/>\n\t<meta name=\"twitter:label2\" content=\"Dur\u00e9e de lecture estim\u00e9e\" \/>\n\t<meta name=\"twitter:data2\" content=\"4 minutes\" \/>\n<script type=\"application\/ld+json\" class=\"yoast-schema-graph\">{\"@context\":\"https:\\\/\\\/schema.org\",\"@graph\":[{\"@type\":\"Article\",\"@id\":\"https:\\\/\\\/blog.insieme.ch\\\/fr\\\/inclusion\\\/lumiere-solaire-shampooing-solide-apprendre-a-creer-des-objets-ensemble\\\/#article\",\"isPartOf\":{\"@id\":\"https:\\\/\\\/blog.insieme.ch\\\/fr\\\/inclusion\\\/lumiere-solaire-shampooing-solide-apprendre-a-creer-des-objets-ensemble\\\/\"},\"author\":{\"name\":\"Susanne Schanda\",\"@id\":\"https:\\\/\\\/blog.insieme.ch\\\/fr\\\/#\\\/schema\\\/person\\\/9bdc666aa1d449943ed3e91c3bc6ac50\"},\"headline\":\"Lumi\u00e8re solaire, shampooing solide&#8230;&#160;: apprendre \u00e0 cr\u00e9er des objets ensemble\",\"datePublished\":\"2022-06-16T07:00:23+00:00\",\"mainEntityOfPage\":{\"@id\":\"https:\\\/\\\/blog.insieme.ch\\\/fr\\\/inclusion\\\/lumiere-solaire-shampooing-solide-apprendre-a-creer-des-objets-ensemble\\\/\"},\"wordCount\":775,\"commentCount\":0,\"publisher\":{\"@id\":\"https:\\\/\\\/blog.insieme.ch\\\/fr\\\/#organization\"},\"image\":{\"@id\":\"https:\\\/\\\/blog.insieme.ch\\\/fr\\\/inclusion\\\/lumiere-solaire-shampooing-solide-apprendre-a-creer-des-objets-ensemble\\\/#primaryimage\"},\"thumbnailUrl\":\"https:\\\/\\\/blog.insieme.ch\\\/wp-inside\\\/uploads\\\/2022\\\/06\\\/lowres__insieme_maketogether____uho7156.jpg\",\"keywords\":[\"Apprentissage\",\"Diversit\u00e9\",\"Enfant\",\"P\u00e9dagogie\"],\"articleSection\":[\"Inclusion\",\"Loisirs\"],\"inLanguage\":\"fr-FR\",\"potentialAction\":[{\"@type\":\"CommentAction\",\"name\":\"Comment\",\"target\":[\"https:\\\/\\\/blog.insieme.ch\\\/fr\\\/inclusion\\\/lumiere-solaire-shampooing-solide-apprendre-a-creer-des-objets-ensemble\\\/#respond\"]}]},{\"@type\":\"WebPage\",\"@id\":\"https:\\\/\\\/blog.insieme.ch\\\/fr\\\/inclusion\\\/lumiere-solaire-shampooing-solide-apprendre-a-creer-des-objets-ensemble\\\/\",\"url\":\"https:\\\/\\\/blog.insieme.ch\\\/fr\\\/inclusion\\\/lumiere-solaire-shampooing-solide-apprendre-a-creer-des-objets-ensemble\\\/\",\"name\":\"Lumi\u00e8re solaire, shampooing solide... : apprendre \u00e0 cr\u00e9er des objets ensemble\",\"isPartOf\":{\"@id\":\"https:\\\/\\\/blog.insieme.ch\\\/fr\\\/#website\"},\"primaryImageOfPage\":{\"@id\":\"https:\\\/\\\/blog.insieme.ch\\\/fr\\\/inclusion\\\/lumiere-solaire-shampooing-solide-apprendre-a-creer-des-objets-ensemble\\\/#primaryimage\"},\"image\":{\"@id\":\"https:\\\/\\\/blog.insieme.ch\\\/fr\\\/inclusion\\\/lumiere-solaire-shampooing-solide-apprendre-a-creer-des-objets-ensemble\\\/#primaryimage\"},\"thumbnailUrl\":\"https:\\\/\\\/blog.insieme.ch\\\/wp-inside\\\/uploads\\\/2022\\\/06\\\/lowres__insieme_maketogether____uho7156.jpg\",\"datePublished\":\"2022-06-16T07:00:23+00:00\",\"breadcrumb\":{\"@id\":\"https:\\\/\\\/blog.insieme.ch\\\/fr\\\/inclusion\\\/lumiere-solaire-shampooing-solide-apprendre-a-creer-des-objets-ensemble\\\/#breadcrumb\"},\"inLanguage\":\"fr-FR\",\"potentialAction\":[{\"@type\":\"ReadAction\",\"target\":[\"https:\\\/\\\/blog.insieme.ch\\\/fr\\\/inclusion\\\/lumiere-solaire-shampooing-solide-apprendre-a-creer-des-objets-ensemble\\\/\"]}]},{\"@type\":\"ImageObject\",\"inLanguage\":\"fr-FR\",\"@id\":\"https:\\\/\\\/blog.insieme.ch\\\/fr\\\/inclusion\\\/lumiere-solaire-shampooing-solide-apprendre-a-creer-des-objets-ensemble\\\/#primaryimage\",\"url\":\"https:\\\/\\\/blog.insieme.ch\\\/wp-inside\\\/uploads\\\/2022\\\/06\\\/lowres__insieme_maketogether____uho7156.jpg\",\"contentUrl\":\"https:\\\/\\\/blog.insieme.ch\\\/wp-inside\\\/uploads\\\/2022\\\/06\\\/lowres__insieme_maketogether____uho7156.jpg\",\"width\":2000,\"height\":1500,\"caption\":\"Tout le monde a sa place durant cet atelier. \u00a9 Rueben Hollinger\"},{\"@type\":\"BreadcrumbList\",\"@id\":\"https:\\\/\\\/blog.insieme.ch\\\/fr\\\/inclusion\\\/lumiere-solaire-shampooing-solide-apprendre-a-creer-des-objets-ensemble\\\/#breadcrumb\",\"itemListElement\":[{\"@type\":\"ListItem\",\"position\":1,\"name\":\"Accueil\",\"item\":\"https:\\\/\\\/blog.insieme.ch\\\/fr\\\/\"},{\"@type\":\"ListItem\",\"position\":2,\"name\":\"Inclusion\",\"item\":\"https:\\\/\\\/blog.insieme.ch\\\/fr\\\/inclusion\\\/\"},{\"@type\":\"ListItem\",\"position\":3,\"name\":\"Lumi\u00e8re solaire, shampooing solide&#8230; : apprendre \u00e0 cr\u00e9er des objets ensemble\"}]},{\"@type\":\"WebSite\",\"@id\":\"https:\\\/\\\/blog.insieme.ch\\\/fr\\\/#website\",\"url\":\"https:\\\/\\\/blog.insieme.ch\\\/fr\\\/\",\"name\":\"insieme Blog\",\"description\":\"Alles ausser gew\u00f6hnlich\",\"publisher\":{\"@id\":\"https:\\\/\\\/blog.insieme.ch\\\/fr\\\/#organization\"},\"potentialAction\":[{\"@type\":\"SearchAction\",\"target\":{\"@type\":\"EntryPoint\",\"urlTemplate\":\"https:\\\/\\\/blog.insieme.ch\\\/fr\\\/?s={search_term_string}\"},\"query-input\":{\"@type\":\"PropertyValueSpecification\",\"valueRequired\":true,\"valueName\":\"search_term_string\"}}],\"inLanguage\":\"fr-FR\"},{\"@type\":\"Organization\",\"@id\":\"https:\\\/\\\/blog.insieme.ch\\\/fr\\\/#organization\",\"name\":\"insieme Blog\",\"url\":\"https:\\\/\\\/blog.insieme.ch\\\/fr\\\/\",\"logo\":{\"@type\":\"ImageObject\",\"inLanguage\":\"fr-FR\",\"@id\":\"https:\\\/\\\/blog.insieme.ch\\\/fr\\\/#\\\/schema\\\/logo\\\/image\\\/\",\"url\":\"https:\\\/\\\/blog.insieme.ch\\\/wp-inside\\\/uploads\\\/2021\\\/04\\\/logo-insieme-blog.png\",\"contentUrl\":\"https:\\\/\\\/blog.insieme.ch\\\/wp-inside\\\/uploads\\\/2021\\\/04\\\/logo-insieme-blog.png\",\"width\":280,\"height\":81,\"caption\":\"insieme Blog\"},\"image\":{\"@id\":\"https:\\\/\\\/blog.insieme.ch\\\/fr\\\/#\\\/schema\\\/logo\\\/image\\\/\"},\"sameAs\":[\"https:\\\/\\\/www.facebook.com\\\/insiemeSuisse\\\/\",\"https:\\\/\\\/x.com\\\/insiemeSuisse\"]},{\"@type\":\"Person\",\"@id\":\"https:\\\/\\\/blog.insieme.ch\\\/fr\\\/#\\\/schema\\\/person\\\/9bdc666aa1d449943ed3e91c3bc6ac50\",\"name\":\"Susanne Schanda\",\"image\":{\"@type\":\"ImageObject\",\"inLanguage\":\"fr-FR\",\"@id\":\"https:\\\/\\\/secure.gravatar.com\\\/avatar\\\/64193fc918460f85b6ec2e9ca238bd037ebbdc901ffd8e7e360e9b28cb18012a?s=96&d=mm&r=g\",\"url\":\"https:\\\/\\\/secure.gravatar.com\\\/avatar\\\/64193fc918460f85b6ec2e9ca238bd037ebbdc901ffd8e7e360e9b28cb18012a?s=96&d=mm&r=g\",\"contentUrl\":\"https:\\\/\\\/secure.gravatar.com\\\/avatar\\\/64193fc918460f85b6ec2e9ca238bd037ebbdc901ffd8e7e360e9b28cb18012a?s=96&d=mm&r=g\",\"caption\":\"Susanne Schanda\"},\"description\":\"Communication insieme\",\"url\":\"https:\\\/\\\/blog.insieme.ch\\\/fr\\\/author\\\/susanne-schanda\\\/\"}]}<\/script>\n<!-- \/ Yoast SEO plugin. -->","yoast_head_json":{"title":"Lumi\u00e8re solaire, shampooing solide... : apprendre \u00e0 cr\u00e9er des objets ensemble","robots":{"index":"index","follow":"follow","max-snippet":"max-snippet:-1","max-image-preview":"max-image-preview:large","max-video-preview":"max-video-preview:-1"},"canonical":"https:\/\/blog.insieme.ch\/fr\/inclusion\/lumiere-solaire-shampooing-solide-apprendre-a-creer-des-objets-ensemble\/","og_locale":"fr_FR","og_type":"article","og_title":"Lumi\u00e8re solaire, shampooing solide... : apprendre \u00e0 cr\u00e9er des objets ensemble","og_description":"Enfants et jeunes avec et sans handicap se rencontrent au cours d\u2019un atelier cr\u00e9atif o\u00f9 ils apprennent \u00e0 fabriquer des produits durables. Ils\u00b7elles transmettent ensuite leurs nouvelles comp\u00e9tences \u00e0 leurs [&hellip;]","og_url":"https:\/\/blog.insieme.ch\/fr\/inclusion\/lumiere-solaire-shampooing-solide-apprendre-a-creer-des-objets-ensemble\/","og_site_name":"insieme Blog","article_publisher":"https:\/\/www.facebook.com\/insiemeSuisse\/","article_published_time":"2022-06-16T07:00:23+00:00","og_image":[{"width":2000,"height":1500,"url":"https:\/\/blog.insieme.ch\/wp-inside\/uploads\/2022\/06\/lowres__insieme_maketogether____uho7156.jpg","type":"image\/jpeg"}],"author":"Susanne Schanda","twitter_card":"summary_large_image","twitter_creator":"@insiemeSuisse","twitter_site":"@insiemeSuisse","twitter_misc":{"\u00c9crit par":"Susanne Schanda","Dur\u00e9e de lecture estim\u00e9e":"4 minutes"},"schema":{"@context":"https:\/\/schema.org","@graph":[{"@type":"Article","@id":"https:\/\/blog.insieme.ch\/fr\/inclusion\/lumiere-solaire-shampooing-solide-apprendre-a-creer-des-objets-ensemble\/#article","isPartOf":{"@id":"https:\/\/blog.insieme.ch\/fr\/inclusion\/lumiere-solaire-shampooing-solide-apprendre-a-creer-des-objets-ensemble\/"},"author":{"name":"Susanne Schanda","@id":"https:\/\/blog.insieme.ch\/fr\/#\/schema\/person\/9bdc666aa1d449943ed3e91c3bc6ac50"},"headline":"Lumi\u00e8re solaire, shampooing solide&#8230;&#160;: apprendre \u00e0 cr\u00e9er des objets ensemble","datePublished":"2022-06-16T07:00:23+00:00","mainEntityOfPage":{"@id":"https:\/\/blog.insieme.ch\/fr\/inclusion\/lumiere-solaire-shampooing-solide-apprendre-a-creer-des-objets-ensemble\/"},"wordCount":775,"commentCount":0,"publisher":{"@id":"https:\/\/blog.insieme.ch\/fr\/#organization"},"image":{"@id":"https:\/\/blog.insieme.ch\/fr\/inclusion\/lumiere-solaire-shampooing-solide-apprendre-a-creer-des-objets-ensemble\/#primaryimage"},"thumbnailUrl":"https:\/\/blog.insieme.ch\/wp-inside\/uploads\/2022\/06\/lowres__insieme_maketogether____uho7156.jpg","keywords":["Apprentissage","Diversit\u00e9","Enfant","P\u00e9dagogie"],"articleSection":["Inclusion","Loisirs"],"inLanguage":"fr-FR","potentialAction":[{"@type":"CommentAction","name":"Comment","target":["https:\/\/blog.insieme.ch\/fr\/inclusion\/lumiere-solaire-shampooing-solide-apprendre-a-creer-des-objets-ensemble\/#respond"]}]},{"@type":"WebPage","@id":"https:\/\/blog.insieme.ch\/fr\/inclusion\/lumiere-solaire-shampooing-solide-apprendre-a-creer-des-objets-ensemble\/","url":"https:\/\/blog.insieme.ch\/fr\/inclusion\/lumiere-solaire-shampooing-solide-apprendre-a-creer-des-objets-ensemble\/","name":"Lumi\u00e8re solaire, shampooing solide... : apprendre \u00e0 cr\u00e9er des objets ensemble","isPartOf":{"@id":"https:\/\/blog.insieme.ch\/fr\/#website"},"primaryImageOfPage":{"@id":"https:\/\/blog.insieme.ch\/fr\/inclusion\/lumiere-solaire-shampooing-solide-apprendre-a-creer-des-objets-ensemble\/#primaryimage"},"image":{"@id":"https:\/\/blog.insieme.ch\/fr\/inclusion\/lumiere-solaire-shampooing-solide-apprendre-a-creer-des-objets-ensemble\/#primaryimage"},"thumbnailUrl":"https:\/\/blog.insieme.ch\/wp-inside\/uploads\/2022\/06\/lowres__insieme_maketogether____uho7156.jpg","datePublished":"2022-06-16T07:00:23+00:00","breadcrumb":{"@id":"https:\/\/blog.insieme.ch\/fr\/inclusion\/lumiere-solaire-shampooing-solide-apprendre-a-creer-des-objets-ensemble\/#breadcrumb"},"inLanguage":"fr-FR","potentialAction":[{"@type":"ReadAction","target":["https:\/\/blog.insieme.ch\/fr\/inclusion\/lumiere-solaire-shampooing-solide-apprendre-a-creer-des-objets-ensemble\/"]}]},{"@type":"ImageObject","inLanguage":"fr-FR","@id":"https:\/\/blog.insieme.ch\/fr\/inclusion\/lumiere-solaire-shampooing-solide-apprendre-a-creer-des-objets-ensemble\/#primaryimage","url":"https:\/\/blog.insieme.ch\/wp-inside\/uploads\/2022\/06\/lowres__insieme_maketogether____uho7156.jpg","contentUrl":"https:\/\/blog.insieme.ch\/wp-inside\/uploads\/2022\/06\/lowres__insieme_maketogether____uho7156.jpg","width":2000,"height":1500,"caption":"Tout le monde a sa place durant cet atelier. \u00a9 Rueben Hollinger"},{"@type":"BreadcrumbList","@id":"https:\/\/blog.insieme.ch\/fr\/inclusion\/lumiere-solaire-shampooing-solide-apprendre-a-creer-des-objets-ensemble\/#breadcrumb","itemListElement":[{"@type":"ListItem","position":1,"name":"Accueil","item":"https:\/\/blog.insieme.ch\/fr\/"},{"@type":"ListItem","position":2,"name":"Inclusion","item":"https:\/\/blog.insieme.ch\/fr\/inclusion\/"},{"@type":"ListItem","position":3,"name":"Lumi\u00e8re solaire, shampooing solide&#8230; : apprendre \u00e0 cr\u00e9er des objets ensemble"}]},{"@type":"WebSite","@id":"https:\/\/blog.insieme.ch\/fr\/#website","url":"https:\/\/blog.insieme.ch\/fr\/","name":"insieme Blog","description":"Alles ausser gew\u00f6hnlich","publisher":{"@id":"https:\/\/blog.insieme.ch\/fr\/#organization"},"potentialAction":[{"@type":"SearchAction","target":{"@type":"EntryPoint","urlTemplate":"https:\/\/blog.insieme.ch\/fr\/?s={search_term_string}"},"query-input":{"@type":"PropertyValueSpecification","valueRequired":true,"valueName":"search_term_string"}}],"inLanguage":"fr-FR"},{"@type":"Organization","@id":"https:\/\/blog.insieme.ch\/fr\/#organization","name":"insieme Blog","url":"https:\/\/blog.insieme.ch\/fr\/","logo":{"@type":"ImageObject","inLanguage":"fr-FR","@id":"https:\/\/blog.insieme.ch\/fr\/#\/schema\/logo\/image\/","url":"https:\/\/blog.insieme.ch\/wp-inside\/uploads\/2021\/04\/logo-insieme-blog.png","contentUrl":"https:\/\/blog.insieme.ch\/wp-inside\/uploads\/2021\/04\/logo-insieme-blog.png","width":280,"height":81,"caption":"insieme Blog"},"image":{"@id":"https:\/\/blog.insieme.ch\/fr\/#\/schema\/logo\/image\/"},"sameAs":["https:\/\/www.facebook.com\/insiemeSuisse\/","https:\/\/x.com\/insiemeSuisse"]},{"@type":"Person","@id":"https:\/\/blog.insieme.ch\/fr\/#\/schema\/person\/9bdc666aa1d449943ed3e91c3bc6ac50","name":"Susanne Schanda","image":{"@type":"ImageObject","inLanguage":"fr-FR","@id":"https:\/\/secure.gravatar.com\/avatar\/64193fc918460f85b6ec2e9ca238bd037ebbdc901ffd8e7e360e9b28cb18012a?s=96&d=mm&r=g","url":"https:\/\/secure.gravatar.com\/avatar\/64193fc918460f85b6ec2e9ca238bd037ebbdc901ffd8e7e360e9b28cb18012a?s=96&d=mm&r=g","contentUrl":"https:\/\/secure.gravatar.com\/avatar\/64193fc918460f85b6ec2e9ca238bd037ebbdc901ffd8e7e360e9b28cb18012a?s=96&d=mm&r=g","caption":"Susanne Schanda"},"description":"Communication insieme","url":"https:\/\/blog.insieme.ch\/fr\/author\/susanne-schanda\/"}]}},"featured_media_url":"https:\/\/blog.insieme.ch\/wp-inside\/uploads\/2022\/06\/lowres__insieme_maketogether____uho7156-1024x768.jpg","_links":{"self":[{"href":"https:\/\/blog.insieme.ch\/fr\/wp-json\/wp\/v2\/posts\/3946","targetHints":{"allow":["GET"]}}],"collection":[{"href":"https:\/\/blog.insieme.ch\/fr\/wp-json\/wp\/v2\/posts"}],"about":[{"href":"https:\/\/blog.insieme.ch\/fr\/wp-json\/wp\/v2\/types\/post"}],"author":[{"embeddable":true,"href":"https:\/\/blog.insieme.ch\/fr\/wp-json\/wp\/v2\/users\/4"}],"replies":[{"embeddable":true,"href":"https:\/\/blog.insieme.ch\/fr\/wp-json\/wp\/v2\/comments?post=3946"}],"version-history":[{"count":10,"href":"https:\/\/blog.insieme.ch\/fr\/wp-json\/wp\/v2\/posts\/3946\/revisions"}],"predecessor-version":[{"id":3989,"href":"https:\/\/blog.insieme.ch\/fr\/wp-json\/wp\/v2\/posts\/3946\/revisions\/3989"}],"wp:featuredmedia":[{"embeddable":true,"href":"https:\/\/blog.insieme.ch\/fr\/wp-json\/wp\/v2\/media\/3953"}],"wp:attachment":[{"href":"https:\/\/blog.insieme.ch\/fr\/wp-json\/wp\/v2\/media?parent=3946"}],"wp:term":[{"taxonomy":"category","embeddable":true,"href":"https:\/\/blog.insieme.ch\/fr\/wp-json\/wp\/v2\/categories?post=3946"},{"taxonomy":"post_tag","embeddable":true,"href":"https:\/\/blog.insieme.ch\/fr\/wp-json\/wp\/v2\/tags?post=3946"}],"curies":[{"name":"wp","href":"https:\/\/api.w.org\/{rel}","templated":true}]}}