{"id":3851,"date":"2022-07-21T09:26:20","date_gmt":"2022-07-21T07:26:20","guid":{"rendered":"https:\/\/blog.insieme.ch\/?p=3851"},"modified":"2022-07-21T10:05:17","modified_gmt":"2022-07-21T08:05:17","slug":"immersion-dans-un-atelier-de-preparation-au-bla-bla-vote","status":"publish","type":"post","link":"https:\/\/blog.insieme.ch\/fr\/inclusion\/immersion-dans-un-atelier-de-preparation-au-bla-bla-vote\/","title":{"rendered":"Immersion dans un atelier de pr\u00e9paration au Bla-Bla Vote"},"content":{"rendered":"<p><!-- flzn:zn_pagebanner --><\/p>\n<header id=\"flzn-pagebanner-1\" class=\"zone zn-pagebanner is-alignfull with-bg bg-color is-bgc-yellow-light\"><span class=\"zone-bg bg-color bgc-yellow-light alignfull\"><\/span><\/p>\n<div class=\"zone-block zn-pagebanner-block alignfull va-center\"><\/div>\n<\/header>\n<p><!-- \/flzn:zn_pagebanner --><br \/>\n<!-- flzn:zn_text --><\/p>\n<div id=\"flzn-text-1\" class=\"zone zn-text is-alignwide\">\n<div class=\"zone-block zn-text-block alignwide va-top\">\n<div class=\"row mw-content-zone zn-text-row\">\n<div class=\"columns large-12\">\n<div class=\"row large-up-1 with-nice-alignment nbloc-1\">\n<div class=\"column zn-text-col\">\n<div class=\"column-inner\">\n<div class=\"wig-content mw-content\">\n<h4><strong>Les ateliers de pr\u00e9paration au Bla-Bla Vote, espace citoyen qui veut permettre aux habitant<\/strong><strong>\u00b7e\u00b7<\/strong><strong>s et du quartier de Chailly de se faire une opinion sur un objet soumis au vote, sont men\u00e9s avec des personnes en situation de handicap vivant \u00e0 Eben-H\u00e9zer Lausanne et ont lieu peu avant les rencontres. L\u2019objet d\u00e9battu ce jour-l\u00e0 est la Loi COVID-19 soumise au vote le 28 novembre dernier.<\/strong><\/h4>\n<p><!--more--><\/p>\n<p>L\u2019atelier d\u00e9bute par un tour de table. Carlos Correvon pr\u00e9cise que cela lui fait tr\u00e8s plaisir de participer au Bla-Bla Vote et ajoute que \u00ab&#160;&#160;ce n\u2019est pas parce qu\u2019on est en institution qu\u2019on ne devrait pas avoir les m\u00eames droits que tout le monde&#160;&#160;\u00bb. Omar Odermatt, coordinateur du Bla-Bla Vote, Eben-H\u00e9zer Lausanne, rappelle que l\u2019objectif de celui-ci est d\u2019aider \u00e0 comprendre un objet qui sera vot\u00e9 par le peuple suisse.<\/p>\n<blockquote>\n<p>L\u2019atelier de pr\u00e9paration permet de r\u00e9fl\u00e9chir ensemble aux arguments importants et de lister les questions.<\/p>\n<\/blockquote>\n<p>L\u2019atelier de pr\u00e9paration permet de r\u00e9fl\u00e9chir ensemble aux arguments importants et de lister les questions. Celles-ci seront ensuite pos\u00e9es lors du d\u00e9bat en pr\u00e9sentiel avec \u00e0 chaque fois un invit\u00e9 pour et un invit\u00e9 contre l\u2019objet discut\u00e9.<\/p>\n<h2>Le d\u00e9bat commence&#160;&#160;!<\/h2>\n<p>Omar Odermatt explique ce qu\u2019est la Loi COVID-19 en montrant la vid\u00e9o de la Conf\u00e9d\u00e9ration une premi\u00e8re fois puis une deuxi\u00e8me fois au ralenti. Il pr\u00e9cise ensuite ce qu\u2019est un r\u00e9f\u00e9rendum et aborde les questions de discrimination, de droits fondamentaux, du choc des libert\u00e9s et de la diff\u00e9rence entre int\u00e9r\u00eat g\u00e9n\u00e9ral et particulier.<\/p>\n<div id=\"attachment_3850\" class=\"wp-caption alignnone\" style=\"width:100%;max-width:744px\"><img decoding=\"async\" loading=\"lazy\" class=\"wp-image-3850 size-large\" src=\"https:\/\/blog.insieme.ch\/wp-inside\/uploads\/2022\/05\/article-11_photo-3_blabla-vote_flipchart-744x1024.jpg\" alt=\"\" width=\"744\" height=\"1024\" srcset=\"https:\/\/blog.insieme.ch\/wp-inside\/uploads\/2022\/05\/article-11_photo-3_blabla-vote_flipchart-744x1024.jpg 744w, https:\/\/blog.insieme.ch\/wp-inside\/uploads\/2022\/05\/article-11_photo-3_blabla-vote_flipchart-218x300.jpg 218w, https:\/\/blog.insieme.ch\/wp-inside\/uploads\/2022\/05\/article-11_photo-3_blabla-vote_flipchart-768x1058.jpg 768w, https:\/\/blog.insieme.ch\/wp-inside\/uploads\/2022\/05\/article-11_photo-3_blabla-vote_flipchart-1116x1536.jpg 1116w, https:\/\/blog.insieme.ch\/wp-inside\/uploads\/2022\/05\/article-11_photo-3_blabla-vote_flipchart-1487x2048.jpg 1487w, https:\/\/blog.insieme.ch\/wp-inside\/uploads\/2022\/05\/article-11_photo-3_blabla-vote_flipchart-232x320.jpg 232w, https:\/\/blog.insieme.ch\/wp-inside\/uploads\/2022\/05\/article-11_photo-3_blabla-vote_flipchart-800x1102.jpg 800w, https:\/\/blog.insieme.ch\/wp-inside\/uploads\/2022\/05\/article-11_photo-3_blabla-vote_flipchart-1920x2644.jpg 1920w, https:\/\/blog.insieme.ch\/wp-inside\/uploads\/2022\/05\/article-11_photo-3_blabla-vote_flipchart-scaled.jpg 1859w\" sizes=\"auto, (max-width: 744px) 100vw, 744px\" \/><\/p>\n<p class=\"wp-caption-text\">Au fur et \u00e0 mesure, les questions relatives \u00e0 la loi COVID sont not\u00e9es sur un flipchart.<\/p>\n<\/div>\n<p>Carlos Correvon, r\u00e9sident au foyer Rhapsodie, Eben-H\u00e9zer, se demande quels sont les risques si l\u2019on accepte ou non cette loi. La coordinatrice, Nad\u00e8ge Marwood, coordinatrice du Bla-Bla Vote, note toutes les questions au fur et \u00e0 mesure sur un flipchart. Andr\u00e9 Agassis, r\u00e9sident du groupe de vie Philosophes, Eben-H\u00e9zer Lausanne, dit ne plus rien comprendre \u00e0 cette situation. Isaline Roth, r\u00e9sidente en appartement prot\u00e9g\u00e9 rattach\u00e9 au foyer La Vie-L\u00e0, Eben-H\u00e9zer Lausanne, aimerait pour sa part que \u00ab&#160;&#160;\u00e7a bouge et qu\u2019on arr\u00eate cette crise&#160;&#160;!&#160;&#160;\u00bb<\/p>\n<blockquote>\n<p>Les diverses mesures sont ensuite expliqu\u00e9es&#160;&#160;: le certificat COVID, le social pass, le port du masque, le tra\u00e7age des contacts, les quarantaines.<\/p>\n<\/blockquote>\n<p>Les diverses mesures sont ensuite expliqu\u00e9es&#160;&#160;: le certificat COVID, le social pass, le port du masque, le tra\u00e7age des contacts, les quarantaines.<\/p>\n<p>Une photo de manifestants contre le certificat COVID \u00e0 Berne est projet\u00e9e par le coordinateur. Ces personnes disent non aux r\u00e8gles de la Loi COVID-19. \u00c0 Isaline de s\u2019exclamer&#160;&#160;: \u00ab&#160;&#160;Oui mais c\u2019est pas eux qui d\u00e9cident, c\u2019est la loi&#160;&#160;! La loi c\u2019est important, c\u2019est important de prot\u00e9ger la plan\u00e8te&#160;&#160;!&#160;&#160;\u00bb Le coordinateur pr\u00e9cise qu\u2019en Suisse c\u2019est le peuple qui a le dernier mot avec les votations.<\/p>\n<blockquote>\n<p>Le coordinateur pr\u00e9cise qu\u2019en Suisse c\u2019est le peuple qui a le dernier mot avec les votations.<\/p>\n<\/blockquote>\n<div id=\"attachment_3848\" class=\"wp-caption alignnone\" style=\"width:100%;max-width:1024px\"><img decoding=\"async\" loading=\"lazy\" class=\"wp-image-3848 size-large\" src=\"https:\/\/blog.insieme.ch\/wp-inside\/uploads\/2022\/05\/article-11_photo-1_blabla-vote_coordinateurs-1024x768.jpg\" alt=\"Deux personnes sont en train de faire une pr\u00e9sentation.\" width=\"1024\" height=\"768\" srcset=\"https:\/\/blog.insieme.ch\/wp-inside\/uploads\/2022\/05\/article-11_photo-1_blabla-vote_coordinateurs-1024x768.jpg 1024w, https:\/\/blog.insieme.ch\/wp-inside\/uploads\/2022\/05\/article-11_photo-1_blabla-vote_coordinateurs-300x225.jpg 300w, https:\/\/blog.insieme.ch\/wp-inside\/uploads\/2022\/05\/article-11_photo-1_blabla-vote_coordinateurs-768x576.jpg 768w, https:\/\/blog.insieme.ch\/wp-inside\/uploads\/2022\/05\/article-11_photo-1_blabla-vote_coordinateurs-1536x1152.jpg 1536w, https:\/\/blog.insieme.ch\/wp-inside\/uploads\/2022\/05\/article-11_photo-1_blabla-vote_coordinateurs-320x240.jpg 320w, https:\/\/blog.insieme.ch\/wp-inside\/uploads\/2022\/05\/article-11_photo-1_blabla-vote_coordinateurs-800x600.jpg 800w, https:\/\/blog.insieme.ch\/wp-inside\/uploads\/2022\/05\/article-11_photo-1_blabla-vote_coordinateurs-1920x1440.jpg 1920w, https:\/\/blog.insieme.ch\/wp-inside\/uploads\/2022\/05\/article-11_photo-1_blabla-vote_coordinateurs.jpg 2000w\" sizes=\"auto, (max-width: 1024px) 100vw, 1024px\" \/><\/p>\n<p class=\"wp-caption-text\">Les questions sont syst\u00e9matiquement reformul\u00e9es avec beaucoup de pr\u00e9caution par les deux coordinateurs.<\/p>\n<\/div>\n<p>Isaline Roth ajoute que lorsqu\u2019il n\u2019y aura plus la pand\u00e9mie, on aura gagn\u00e9 et on pourra retrouver la libert\u00e9. Elle pose ensuite une question concernant les personnes non vaccin\u00e9es&#160;&#160;: sont-elles dangereuses pour le reste de la soci\u00e9t\u00e9&#160;&#160;? Pour Carlos Correvon, il faut expliquer en d\u00e9tail \u00e0 la population la situation, plut\u00f4t que de vouloir obliger ou convaincre.<\/p>\n<blockquote>\n<p>Pour Carlos Correvon, il faut expliquer en d\u00e9tail \u00e0 la population la situation, plut\u00f4t que de vouloir obliger ou convaincre.<\/p>\n<\/blockquote>\n<p>Le type de vaccin est ensuite abord\u00e9 par Bernadette Oberson, r\u00e9sidente en appartement prot\u00e9g\u00e9 rattach\u00e9 au foyer La Vie-L\u00e0, Eben-H\u00e9zer Lausanne, qui se demande pourquoi ceux qui ont peur du vaccin \u00e0 ARN messager ne font pas le Johnson &amp; Johnson&#160;&#160;?<\/p>\n<p>Les questions sont syst\u00e9matiquement reformul\u00e9es avec beaucoup de pr\u00e9caution par les deux coordinateurs. Ils insistent bien sur le fait qu\u2019ils ne sont pas l\u00e0 pour prendre position mais pour aider chacun \u00e0 faire son choix. Apr\u00e8s presque trois heures de d\u00e9bat tr\u00e8s riche et merveilleusement bien men\u00e9, l\u2019atelier de pr\u00e9paration au Bla-Bla Vote se termine avec une liste bien remplie de questions \u00e0 disposition en vue du Bla-Bla Vote qui aura lieu un mois plus tard.<\/p>\n<p>&nbsp;<\/p>\n<\/p><\/div>\n<\/p><\/div>\n<\/p><\/div>\n<\/p><\/div>\n<\/p><\/div>\n<\/p><\/div>\n<\/div>\n<\/div>\n<p><!-- \/flzn:zn_text --><br \/>\n<!-- flzn:zn_text --><\/p>\n<div id=\"flzn-text-2\" class=\"zone zn-text is-alignwide with-bg bg-color is-bgc-yellow-light\"><span class=\"zone-bg bg-color bgc-yellow-light alignfull\"><\/span><\/p>\n<div class=\"zone-block zn-text-block alignwide va-top\">\n<div class=\"row mw-content-zone zn-text-row\">\n<div class=\"columns large-12\">\n<div class=\"row large-up-1 with-nice-alignment nbloc-1\">\n<div class=\"column zn-text-col\">\n<div class=\"column-inner\">\n<div class=\"wig-content mw-content\">\n<h2 style=\"text-align: center;\">A propos du Bla-Bla Vote<\/h2>\n<p style=\"text-align: center;\">Le<a href=\"https:\/\/www.eben-hezer.ch\/bla-bla-vote.html\"> Bla-Bla Vote<\/a> est le fruit d\u2019un partenariat initi\u00e9 en 2016 entre la <a href=\"https:\/\/www.m-q-c.ch\/\">Maison de Quartier de Chailly<\/a> et le<a href=\"https:\/\/www.eben-hezer.ch\/autodetermination-et-inclusion.html\"> Mouvement Tous citoyens&#160;&#160;!<\/a> d\u2019<a href=\"https:\/\/www.eben-hezer.ch\/\">Eben-H\u00e9zer Lausanne<\/a>. Le Bla-Bla Vote est un espace citoyen politiquement neutre dont l\u2019objectif est de permettre aux habitant\u00b7e\u00b7s du quartier de Chailly (jouissant ou non du droit de vote) de se faire une opinion sur un objet soumis au vote. Il se tient \u00e0 la Maison de Quartier de Chailly peu avant les votations populaires. Les ateliers de pr\u00e9paration au Bla-Bla Vote sont men\u00e9s avec des personnes en situation de handicap vivant \u00e0 Eben-H\u00e9zer Lausanne et ont lieu peu avant les rencontres.<\/p>\n<p style=\"text-align: center;\">Le choix des objets \u00e0 d\u00e9battre se fait sur la base de trois crit\u00e8res&#160;&#160;: un sujet qui touche au quotidien des personnes concern\u00e9es, qui soit compr\u00e9hensible et qui g\u00e9n\u00e8re des avis contrast\u00e9s.<\/p>\n<\/p><\/div>\n<\/p><\/div>\n<\/p><\/div>\n<\/p><\/div>\n<\/p><\/div>\n<\/p><\/div>\n<\/div>\n<\/div>\n<p><!-- \/flzn:zn_text --><br \/>\n<!-- flzn:zn_text --><\/p>\n<div id=\"flzn-text-3\" class=\"zone zn-text is-alignwide\">\n<div class=\"zone-block zn-text-block alignwide va-top\">\n<div class=\"row mw-content-zone zn-text-row\">\n<div class=\"columns large-12\">\n<div class=\"row large-up-1 with-nice-alignment nbloc-1\">\n<div class=\"column zn-text-col\">\n<div class=\"column-inner\">\n<div class=\"wig-content mw-content\">\n<p>&nbsp;<\/p>\n<p><em>L\u2019interview dans sa version int\u00e9grale est parue dans le num\u00e9ro de d\u00e9cembre 12\/2021 de Pages Romandes, commandable\u00a0 par email \u00e0 <strong><a href=\"mailto:sarah.cornaz@bluewin.ch\" target=\"_blank\" rel=\"noopener\">sarah.cornaz@bluewin.ch<\/a><\/strong><\/em><\/p>\n<p><em><a href=\"http:\/\/www.pagesromandes.ch\/\"><img decoding=\"async\" loading=\"lazy\" class=\"alignleft wp-image-2518 size-full\" src=\"https:\/\/blog.insieme.ch\/wp-inside\/uploads\/2021\/09\/logo-pages-romandes.png\" alt=\"\" width=\"282\" height=\"117\" \/><\/a><\/em><\/p>\n<p>&nbsp;<\/p>\n<p><em>Abonnement annuel (45CHF \/ an pour 4 num\u00e9ros)&#160;&#160;:\u00a0<strong><a href=\"http:\/\/www.pagesromandes.ch\/abonnement\" target=\"_blank\" rel=\"noopener\">www.pagesromandes.ch\/abonnement\u00a0<\/a><\/strong><\/em><\/p>\n<\/p><\/div>\n<\/p><\/div>\n<\/p><\/div>\n<\/p><\/div>\n<\/p><\/div>\n<\/p><\/div>\n<\/div>\n<\/div>\n<p><!-- \/flzn:zn_text --><\/p>\n","protected":false},"excerpt":{"rendered":"<p>Les ateliers de pr\u00e9paration au Bla-Bla Vote, espace citoyen qui veut permettre \u00e0 des habitant\u00b7e\u00b7s de se faire une opinion sur un objet soumis au vote, sont men\u00e9s avec des personnes en  situation de handicap.<\/p>\n","protected":false},"author":18,"featured_media":3848,"comment_status":"open","ping_status":"open","sticky":false,"template":"","format":"standard","meta":{"_acf_changed":false,"footnotes":""},"categories":[16,17],"tags":[41,57,44],"class_list":["post-3851","post","type-post","status-publish","format-standard","has-post-thumbnail","hentry","category-handicap-mental","category-inclusion","tag-accompagnement","tag-apprentissage","tag-politique","wp-sticky"],"acf":[],"yoast_head":"<!-- This site is optimized with the Yoast SEO plugin v27.5 - https:\/\/yoast.com\/product\/yoast-seo-wordpress\/ -->\n<title>Immersion dans un atelier de pr\u00e9paration au Bla-Bla Vote<\/title>\n<meta name=\"description\" content=\"Les ateliers de pr\u00e9paration au Bla-Bla Vote, espace citoyen permettrant \u00e0 des habitant\u00b7e\u00b7s de se faire une opinion sur un objet soumis au vote, sont men\u00e9s avec des personnes en situation de handicap mental.\" \/>\n<meta name=\"robots\" content=\"index, follow, max-snippet:-1, max-image-preview:large, max-video-preview:-1\" \/>\n<link rel=\"canonical\" href=\"https:\/\/blog.insieme.ch\/fr\/inclusion\/immersion-dans-un-atelier-de-preparation-au-bla-bla-vote\/\" \/>\n<meta property=\"og:locale\" content=\"fr_FR\" \/>\n<meta property=\"og:type\" content=\"article\" \/>\n<meta property=\"og:title\" content=\"Immersion dans un atelier de pr\u00e9paration au Bla-Bla Vote\" \/>\n<meta property=\"og:description\" content=\"Les ateliers de pr\u00e9paration au Bla-Bla Vote, espace citoyen permettrant \u00e0 des habitant\u00b7e\u00b7s de se faire une opinion sur un objet soumis au vote, sont men\u00e9s avec des personnes en situation de handicap mental.\" \/>\n<meta property=\"og:url\" content=\"https:\/\/blog.insieme.ch\/fr\/inclusion\/immersion-dans-un-atelier-de-preparation-au-bla-bla-vote\/\" \/>\n<meta property=\"og:site_name\" content=\"insieme Blog\" \/>\n<meta property=\"article:publisher\" content=\"https:\/\/www.facebook.com\/insiemeSuisse\/\" \/>\n<meta property=\"article:published_time\" content=\"2022-07-21T07:26:20+00:00\" \/>\n<meta property=\"article:modified_time\" content=\"2022-07-21T08:05:17+00:00\" \/>\n<meta property=\"og:image\" content=\"https:\/\/blog.insieme.ch\/wp-inside\/uploads\/2022\/05\/article-11_photo-1_blabla-vote_coordinateurs.jpg\" \/>\n\t<meta property=\"og:image:width\" content=\"2000\" \/>\n\t<meta property=\"og:image:height\" content=\"1500\" \/>\n\t<meta property=\"og:image:type\" content=\"image\/jpeg\" \/>\n<meta name=\"author\" content=\"Sarah Cornaz\" \/>\n<meta name=\"twitter:card\" content=\"summary_large_image\" \/>\n<meta name=\"twitter:creator\" content=\"@insiemeSuisse\" \/>\n<meta name=\"twitter:site\" content=\"@insiemeSuisse\" \/>\n<meta name=\"twitter:label1\" content=\"\u00c9crit par\" \/>\n\t<meta name=\"twitter:data1\" content=\"Sarah Cornaz\" \/>\n\t<meta name=\"twitter:label2\" content=\"Dur\u00e9e de lecture estim\u00e9e\" \/>\n\t<meta name=\"twitter:data2\" content=\"5 minutes\" \/>\n<script type=\"application\/ld+json\" class=\"yoast-schema-graph\">{\"@context\":\"https:\\\/\\\/schema.org\",\"@graph\":[{\"@type\":\"Article\",\"@id\":\"https:\\\/\\\/blog.insieme.ch\\\/fr\\\/inclusion\\\/immersion-dans-un-atelier-de-preparation-au-bla-bla-vote\\\/#article\",\"isPartOf\":{\"@id\":\"https:\\\/\\\/blog.insieme.ch\\\/fr\\\/inclusion\\\/immersion-dans-un-atelier-de-preparation-au-bla-bla-vote\\\/\"},\"author\":{\"name\":\"Sarah Cornaz\",\"@id\":\"https:\\\/\\\/blog.insieme.ch\\\/fr\\\/#\\\/schema\\\/person\\\/4abd487d1a20fd75785a6c1acf29aada\"},\"headline\":\"Immersion dans un atelier de pr\u00e9paration au Bla-Bla Vote\",\"datePublished\":\"2022-07-21T07:26:20+00:00\",\"dateModified\":\"2022-07-21T08:05:17+00:00\",\"mainEntityOfPage\":{\"@id\":\"https:\\\/\\\/blog.insieme.ch\\\/fr\\\/inclusion\\\/immersion-dans-un-atelier-de-preparation-au-bla-bla-vote\\\/\"},\"wordCount\":967,\"commentCount\":0,\"publisher\":{\"@id\":\"https:\\\/\\\/blog.insieme.ch\\\/fr\\\/#organization\"},\"image\":{\"@id\":\"https:\\\/\\\/blog.insieme.ch\\\/fr\\\/inclusion\\\/immersion-dans-un-atelier-de-preparation-au-bla-bla-vote\\\/#primaryimage\"},\"thumbnailUrl\":\"https:\\\/\\\/blog.insieme.ch\\\/wp-inside\\\/uploads\\\/2022\\\/05\\\/article-11_photo-1_blabla-vote_coordinateurs.jpg\",\"keywords\":[\"Accompagnement\",\"Apprentissage\",\"Politique\"],\"articleSection\":[\"Handicap mental\",\"Inclusion\"],\"inLanguage\":\"fr-FR\",\"potentialAction\":[{\"@type\":\"CommentAction\",\"name\":\"Comment\",\"target\":[\"https:\\\/\\\/blog.insieme.ch\\\/fr\\\/inclusion\\\/immersion-dans-un-atelier-de-preparation-au-bla-bla-vote\\\/#respond\"]}]},{\"@type\":\"WebPage\",\"@id\":\"https:\\\/\\\/blog.insieme.ch\\\/fr\\\/inclusion\\\/immersion-dans-un-atelier-de-preparation-au-bla-bla-vote\\\/\",\"url\":\"https:\\\/\\\/blog.insieme.ch\\\/fr\\\/inclusion\\\/immersion-dans-un-atelier-de-preparation-au-bla-bla-vote\\\/\",\"name\":\"Immersion dans un atelier de pr\u00e9paration au Bla-Bla Vote\",\"isPartOf\":{\"@id\":\"https:\\\/\\\/blog.insieme.ch\\\/fr\\\/#website\"},\"primaryImageOfPage\":{\"@id\":\"https:\\\/\\\/blog.insieme.ch\\\/fr\\\/inclusion\\\/immersion-dans-un-atelier-de-preparation-au-bla-bla-vote\\\/#primaryimage\"},\"image\":{\"@id\":\"https:\\\/\\\/blog.insieme.ch\\\/fr\\\/inclusion\\\/immersion-dans-un-atelier-de-preparation-au-bla-bla-vote\\\/#primaryimage\"},\"thumbnailUrl\":\"https:\\\/\\\/blog.insieme.ch\\\/wp-inside\\\/uploads\\\/2022\\\/05\\\/article-11_photo-1_blabla-vote_coordinateurs.jpg\",\"datePublished\":\"2022-07-21T07:26:20+00:00\",\"dateModified\":\"2022-07-21T08:05:17+00:00\",\"description\":\"Les ateliers de pr\u00e9paration au Bla-Bla Vote, espace citoyen permettrant \u00e0 des habitant\u00b7e\u00b7s de se faire une opinion sur un objet soumis au vote, sont men\u00e9s avec des personnes en situation de handicap mental.\",\"breadcrumb\":{\"@id\":\"https:\\\/\\\/blog.insieme.ch\\\/fr\\\/inclusion\\\/immersion-dans-un-atelier-de-preparation-au-bla-bla-vote\\\/#breadcrumb\"},\"inLanguage\":\"fr-FR\",\"potentialAction\":[{\"@type\":\"ReadAction\",\"target\":[\"https:\\\/\\\/blog.insieme.ch\\\/fr\\\/inclusion\\\/immersion-dans-un-atelier-de-preparation-au-bla-bla-vote\\\/\"]}]},{\"@type\":\"ImageObject\",\"inLanguage\":\"fr-FR\",\"@id\":\"https:\\\/\\\/blog.insieme.ch\\\/fr\\\/inclusion\\\/immersion-dans-un-atelier-de-preparation-au-bla-bla-vote\\\/#primaryimage\",\"url\":\"https:\\\/\\\/blog.insieme.ch\\\/wp-inside\\\/uploads\\\/2022\\\/05\\\/article-11_photo-1_blabla-vote_coordinateurs.jpg\",\"contentUrl\":\"https:\\\/\\\/blog.insieme.ch\\\/wp-inside\\\/uploads\\\/2022\\\/05\\\/article-11_photo-1_blabla-vote_coordinateurs.jpg\",\"width\":2000,\"height\":1500},{\"@type\":\"BreadcrumbList\",\"@id\":\"https:\\\/\\\/blog.insieme.ch\\\/fr\\\/inclusion\\\/immersion-dans-un-atelier-de-preparation-au-bla-bla-vote\\\/#breadcrumb\",\"itemListElement\":[{\"@type\":\"ListItem\",\"position\":1,\"name\":\"Accueil\",\"item\":\"https:\\\/\\\/blog.insieme.ch\\\/fr\\\/\"},{\"@type\":\"ListItem\",\"position\":2,\"name\":\"Inclusion\",\"item\":\"https:\\\/\\\/blog.insieme.ch\\\/fr\\\/inclusion\\\/\"},{\"@type\":\"ListItem\",\"position\":3,\"name\":\"Immersion dans un atelier de pr\u00e9paration au Bla-Bla Vote\"}]},{\"@type\":\"WebSite\",\"@id\":\"https:\\\/\\\/blog.insieme.ch\\\/fr\\\/#website\",\"url\":\"https:\\\/\\\/blog.insieme.ch\\\/fr\\\/\",\"name\":\"insieme Blog\",\"description\":\"Alles ausser gew\u00f6hnlich\",\"publisher\":{\"@id\":\"https:\\\/\\\/blog.insieme.ch\\\/fr\\\/#organization\"},\"potentialAction\":[{\"@type\":\"SearchAction\",\"target\":{\"@type\":\"EntryPoint\",\"urlTemplate\":\"https:\\\/\\\/blog.insieme.ch\\\/fr\\\/?s={search_term_string}\"},\"query-input\":{\"@type\":\"PropertyValueSpecification\",\"valueRequired\":true,\"valueName\":\"search_term_string\"}}],\"inLanguage\":\"fr-FR\"},{\"@type\":\"Organization\",\"@id\":\"https:\\\/\\\/blog.insieme.ch\\\/fr\\\/#organization\",\"name\":\"insieme Blog\",\"url\":\"https:\\\/\\\/blog.insieme.ch\\\/fr\\\/\",\"logo\":{\"@type\":\"ImageObject\",\"inLanguage\":\"fr-FR\",\"@id\":\"https:\\\/\\\/blog.insieme.ch\\\/fr\\\/#\\\/schema\\\/logo\\\/image\\\/\",\"url\":\"https:\\\/\\\/blog.insieme.ch\\\/wp-inside\\\/uploads\\\/2021\\\/04\\\/logo-insieme-blog.png\",\"contentUrl\":\"https:\\\/\\\/blog.insieme.ch\\\/wp-inside\\\/uploads\\\/2021\\\/04\\\/logo-insieme-blog.png\",\"width\":280,\"height\":81,\"caption\":\"insieme Blog\"},\"image\":{\"@id\":\"https:\\\/\\\/blog.insieme.ch\\\/fr\\\/#\\\/schema\\\/logo\\\/image\\\/\"},\"sameAs\":[\"https:\\\/\\\/www.facebook.com\\\/insiemeSuisse\\\/\",\"https:\\\/\\\/x.com\\\/insiemeSuisse\"]},{\"@type\":\"Person\",\"@id\":\"https:\\\/\\\/blog.insieme.ch\\\/fr\\\/#\\\/schema\\\/person\\\/4abd487d1a20fd75785a6c1acf29aada\",\"name\":\"Sarah Cornaz\",\"image\":{\"@type\":\"ImageObject\",\"inLanguage\":\"fr-FR\",\"@id\":\"https:\\\/\\\/secure.gravatar.com\\\/avatar\\\/d51e6f85ca60c293e4474895ae2ce5441ee8317a1224fcf89b478932464eb57a?s=96&d=mm&r=g\",\"url\":\"https:\\\/\\\/secure.gravatar.com\\\/avatar\\\/d51e6f85ca60c293e4474895ae2ce5441ee8317a1224fcf89b478932464eb57a?s=96&d=mm&r=g\",\"contentUrl\":\"https:\\\/\\\/secure.gravatar.com\\\/avatar\\\/d51e6f85ca60c293e4474895ae2ce5441ee8317a1224fcf89b478932464eb57a?s=96&d=mm&r=g\",\"caption\":\"Sarah Cornaz\"},\"description\":\"Directrice de Pages Romandes\",\"url\":\"https:\\\/\\\/blog.insieme.ch\\\/fr\\\/author\\\/sarah-cornaz\\\/\"}]}<\/script>\n<!-- \/ Yoast SEO plugin. -->","yoast_head_json":{"title":"Immersion dans un atelier de pr\u00e9paration au Bla-Bla Vote","description":"Les ateliers de pr\u00e9paration au Bla-Bla Vote, espace citoyen permettrant \u00e0 des habitant\u00b7e\u00b7s de se faire une opinion sur un objet soumis au vote, sont men\u00e9s avec des personnes en situation de handicap mental.","robots":{"index":"index","follow":"follow","max-snippet":"max-snippet:-1","max-image-preview":"max-image-preview:large","max-video-preview":"max-video-preview:-1"},"canonical":"https:\/\/blog.insieme.ch\/fr\/inclusion\/immersion-dans-un-atelier-de-preparation-au-bla-bla-vote\/","og_locale":"fr_FR","og_type":"article","og_title":"Immersion dans un atelier de pr\u00e9paration au Bla-Bla Vote","og_description":"Les ateliers de pr\u00e9paration au Bla-Bla Vote, espace citoyen permettrant \u00e0 des habitant\u00b7e\u00b7s de se faire une opinion sur un objet soumis au vote, sont men\u00e9s avec des personnes en situation de handicap mental.","og_url":"https:\/\/blog.insieme.ch\/fr\/inclusion\/immersion-dans-un-atelier-de-preparation-au-bla-bla-vote\/","og_site_name":"insieme Blog","article_publisher":"https:\/\/www.facebook.com\/insiemeSuisse\/","article_published_time":"2022-07-21T07:26:20+00:00","article_modified_time":"2022-07-21T08:05:17+00:00","og_image":[{"width":2000,"height":1500,"url":"https:\/\/blog.insieme.ch\/wp-inside\/uploads\/2022\/05\/article-11_photo-1_blabla-vote_coordinateurs.jpg","type":"image\/jpeg"}],"author":"Sarah Cornaz","twitter_card":"summary_large_image","twitter_creator":"@insiemeSuisse","twitter_site":"@insiemeSuisse","twitter_misc":{"\u00c9crit par":"Sarah Cornaz","Dur\u00e9e de lecture estim\u00e9e":"5 minutes"},"schema":{"@context":"https:\/\/schema.org","@graph":[{"@type":"Article","@id":"https:\/\/blog.insieme.ch\/fr\/inclusion\/immersion-dans-un-atelier-de-preparation-au-bla-bla-vote\/#article","isPartOf":{"@id":"https:\/\/blog.insieme.ch\/fr\/inclusion\/immersion-dans-un-atelier-de-preparation-au-bla-bla-vote\/"},"author":{"name":"Sarah Cornaz","@id":"https:\/\/blog.insieme.ch\/fr\/#\/schema\/person\/4abd487d1a20fd75785a6c1acf29aada"},"headline":"Immersion dans un atelier de pr\u00e9paration au Bla-Bla Vote","datePublished":"2022-07-21T07:26:20+00:00","dateModified":"2022-07-21T08:05:17+00:00","mainEntityOfPage":{"@id":"https:\/\/blog.insieme.ch\/fr\/inclusion\/immersion-dans-un-atelier-de-preparation-au-bla-bla-vote\/"},"wordCount":967,"commentCount":0,"publisher":{"@id":"https:\/\/blog.insieme.ch\/fr\/#organization"},"image":{"@id":"https:\/\/blog.insieme.ch\/fr\/inclusion\/immersion-dans-un-atelier-de-preparation-au-bla-bla-vote\/#primaryimage"},"thumbnailUrl":"https:\/\/blog.insieme.ch\/wp-inside\/uploads\/2022\/05\/article-11_photo-1_blabla-vote_coordinateurs.jpg","keywords":["Accompagnement","Apprentissage","Politique"],"articleSection":["Handicap mental","Inclusion"],"inLanguage":"fr-FR","potentialAction":[{"@type":"CommentAction","name":"Comment","target":["https:\/\/blog.insieme.ch\/fr\/inclusion\/immersion-dans-un-atelier-de-preparation-au-bla-bla-vote\/#respond"]}]},{"@type":"WebPage","@id":"https:\/\/blog.insieme.ch\/fr\/inclusion\/immersion-dans-un-atelier-de-preparation-au-bla-bla-vote\/","url":"https:\/\/blog.insieme.ch\/fr\/inclusion\/immersion-dans-un-atelier-de-preparation-au-bla-bla-vote\/","name":"Immersion dans un atelier de pr\u00e9paration au Bla-Bla Vote","isPartOf":{"@id":"https:\/\/blog.insieme.ch\/fr\/#website"},"primaryImageOfPage":{"@id":"https:\/\/blog.insieme.ch\/fr\/inclusion\/immersion-dans-un-atelier-de-preparation-au-bla-bla-vote\/#primaryimage"},"image":{"@id":"https:\/\/blog.insieme.ch\/fr\/inclusion\/immersion-dans-un-atelier-de-preparation-au-bla-bla-vote\/#primaryimage"},"thumbnailUrl":"https:\/\/blog.insieme.ch\/wp-inside\/uploads\/2022\/05\/article-11_photo-1_blabla-vote_coordinateurs.jpg","datePublished":"2022-07-21T07:26:20+00:00","dateModified":"2022-07-21T08:05:17+00:00","description":"Les ateliers de pr\u00e9paration au Bla-Bla Vote, espace citoyen permettrant \u00e0 des habitant\u00b7e\u00b7s de se faire une opinion sur un objet soumis au vote, sont men\u00e9s avec des personnes en situation de handicap mental.","breadcrumb":{"@id":"https:\/\/blog.insieme.ch\/fr\/inclusion\/immersion-dans-un-atelier-de-preparation-au-bla-bla-vote\/#breadcrumb"},"inLanguage":"fr-FR","potentialAction":[{"@type":"ReadAction","target":["https:\/\/blog.insieme.ch\/fr\/inclusion\/immersion-dans-un-atelier-de-preparation-au-bla-bla-vote\/"]}]},{"@type":"ImageObject","inLanguage":"fr-FR","@id":"https:\/\/blog.insieme.ch\/fr\/inclusion\/immersion-dans-un-atelier-de-preparation-au-bla-bla-vote\/#primaryimage","url":"https:\/\/blog.insieme.ch\/wp-inside\/uploads\/2022\/05\/article-11_photo-1_blabla-vote_coordinateurs.jpg","contentUrl":"https:\/\/blog.insieme.ch\/wp-inside\/uploads\/2022\/05\/article-11_photo-1_blabla-vote_coordinateurs.jpg","width":2000,"height":1500},{"@type":"BreadcrumbList","@id":"https:\/\/blog.insieme.ch\/fr\/inclusion\/immersion-dans-un-atelier-de-preparation-au-bla-bla-vote\/#breadcrumb","itemListElement":[{"@type":"ListItem","position":1,"name":"Accueil","item":"https:\/\/blog.insieme.ch\/fr\/"},{"@type":"ListItem","position":2,"name":"Inclusion","item":"https:\/\/blog.insieme.ch\/fr\/inclusion\/"},{"@type":"ListItem","position":3,"name":"Immersion dans un atelier de pr\u00e9paration au Bla-Bla Vote"}]},{"@type":"WebSite","@id":"https:\/\/blog.insieme.ch\/fr\/#website","url":"https:\/\/blog.insieme.ch\/fr\/","name":"insieme Blog","description":"Alles ausser gew\u00f6hnlich","publisher":{"@id":"https:\/\/blog.insieme.ch\/fr\/#organization"},"potentialAction":[{"@type":"SearchAction","target":{"@type":"EntryPoint","urlTemplate":"https:\/\/blog.insieme.ch\/fr\/?s={search_term_string}"},"query-input":{"@type":"PropertyValueSpecification","valueRequired":true,"valueName":"search_term_string"}}],"inLanguage":"fr-FR"},{"@type":"Organization","@id":"https:\/\/blog.insieme.ch\/fr\/#organization","name":"insieme Blog","url":"https:\/\/blog.insieme.ch\/fr\/","logo":{"@type":"ImageObject","inLanguage":"fr-FR","@id":"https:\/\/blog.insieme.ch\/fr\/#\/schema\/logo\/image\/","url":"https:\/\/blog.insieme.ch\/wp-inside\/uploads\/2021\/04\/logo-insieme-blog.png","contentUrl":"https:\/\/blog.insieme.ch\/wp-inside\/uploads\/2021\/04\/logo-insieme-blog.png","width":280,"height":81,"caption":"insieme Blog"},"image":{"@id":"https:\/\/blog.insieme.ch\/fr\/#\/schema\/logo\/image\/"},"sameAs":["https:\/\/www.facebook.com\/insiemeSuisse\/","https:\/\/x.com\/insiemeSuisse"]},{"@type":"Person","@id":"https:\/\/blog.insieme.ch\/fr\/#\/schema\/person\/4abd487d1a20fd75785a6c1acf29aada","name":"Sarah Cornaz","image":{"@type":"ImageObject","inLanguage":"fr-FR","@id":"https:\/\/secure.gravatar.com\/avatar\/d51e6f85ca60c293e4474895ae2ce5441ee8317a1224fcf89b478932464eb57a?s=96&d=mm&r=g","url":"https:\/\/secure.gravatar.com\/avatar\/d51e6f85ca60c293e4474895ae2ce5441ee8317a1224fcf89b478932464eb57a?s=96&d=mm&r=g","contentUrl":"https:\/\/secure.gravatar.com\/avatar\/d51e6f85ca60c293e4474895ae2ce5441ee8317a1224fcf89b478932464eb57a?s=96&d=mm&r=g","caption":"Sarah Cornaz"},"description":"Directrice de Pages Romandes","url":"https:\/\/blog.insieme.ch\/fr\/author\/sarah-cornaz\/"}]}},"featured_media_url":"https:\/\/blog.insieme.ch\/wp-inside\/uploads\/2022\/05\/article-11_photo-1_blabla-vote_coordinateurs-1024x768.jpg","_links":{"self":[{"href":"https:\/\/blog.insieme.ch\/fr\/wp-json\/wp\/v2\/posts\/3851","targetHints":{"allow":["GET"]}}],"collection":[{"href":"https:\/\/blog.insieme.ch\/fr\/wp-json\/wp\/v2\/posts"}],"about":[{"href":"https:\/\/blog.insieme.ch\/fr\/wp-json\/wp\/v2\/types\/post"}],"author":[{"embeddable":true,"href":"https:\/\/blog.insieme.ch\/fr\/wp-json\/wp\/v2\/users\/18"}],"replies":[{"embeddable":true,"href":"https:\/\/blog.insieme.ch\/fr\/wp-json\/wp\/v2\/comments?post=3851"}],"version-history":[{"count":7,"href":"https:\/\/blog.insieme.ch\/fr\/wp-json\/wp\/v2\/posts\/3851\/revisions"}],"predecessor-version":[{"id":3859,"href":"https:\/\/blog.insieme.ch\/fr\/wp-json\/wp\/v2\/posts\/3851\/revisions\/3859"}],"wp:featuredmedia":[{"embeddable":true,"href":"https:\/\/blog.insieme.ch\/fr\/wp-json\/wp\/v2\/media\/3848"}],"wp:attachment":[{"href":"https:\/\/blog.insieme.ch\/fr\/wp-json\/wp\/v2\/media?parent=3851"}],"wp:term":[{"taxonomy":"category","embeddable":true,"href":"https:\/\/blog.insieme.ch\/fr\/wp-json\/wp\/v2\/categories?post=3851"},{"taxonomy":"post_tag","embeddable":true,"href":"https:\/\/blog.insieme.ch\/fr\/wp-json\/wp\/v2\/tags?post=3851"}],"curies":[{"name":"wp","href":"https:\/\/api.w.org\/{rel}","templated":true}]}}