{"id":3795,"date":"2022-08-25T09:00:00","date_gmt":"2022-08-25T07:00:00","guid":{"rendered":"https:\/\/blog.insieme.ch\/?p=3795"},"modified":"2022-06-09T10:42:48","modified_gmt":"2022-06-09T08:42:48","slug":"quatre-heures-dans-la-vie-dune-colocation-bien-organisee","status":"publish","type":"post","link":"https:\/\/blog.insieme.ch\/fr\/logement\/quatre-heures-dans-la-vie-dune-colocation-bien-organisee\/","title":{"rendered":"Quatre heures dans la vie d\u2019une colocation bien organis\u00e9e"},"content":{"rendered":"<p><!-- flzn:zn_pagebanner --><\/p>\n<header id=\"flzn-pagebanner-1\" class=\"zone zn-pagebanner is-alignfull with-bg bg-color is-bgc-yellow-light\"><span class=\"zone-bg bg-color bgc-yellow-light alignfull\"><\/span><\/p>\n<div class=\"zone-block zn-pagebanner-block alignfull va-center\">\n<div class=\"row zn-pagebanner-row\">\n<div class=\"columns zn-pagebanner-col-content large-12\">\n<div class=\"columns-inner\">\n<div class=\"zn-pagebanner-content\"><\/div>\n<\/p><\/div>\n<\/p><\/div>\n<\/p><\/div>\n<\/p><\/div>\n<\/header>\n<p><!-- \/flzn:zn_pagebanner --><br \/>\n<!-- flzn:zn_text --><\/p>\n<div id=\"flzn-text-1\" class=\"zone zn-text is-alignwide\">\n<div class=\"zone-block zn-text-block pdd-bottom-off alignwide va-top\">\n<div class=\"row mw-content-zone zn-text-row\">\n<div class=\"columns large-12\">\n<div class=\"row large-up-1 with-nice-alignment nbloc-1\">\n<div class=\"column zn-text-col\">\n<div class=\"column-inner\">\n<div class=\"wig-content mw-content\">\n<h4>L\u2019\u00e9coquartier des Vergers est le centre n\u00e9vralgique d\u2019un groupe de colocataires b\u00e9n\u00e9ficiaires de la fondation Ensemble. Les colocataires y partagent un logement, y travaillent, y ont leurs loisirs.<\/h4>\n<p><!--more--><\/p>\n<p>Il est l\u2019heure de la sieste pour les trois b\u00e9n\u00e9ficiaires de la fondation Ensemble (FE), locataire de ce vaste et moderne logement. Apr\u00e8s une matin\u00e9e de travail Maya El Hakim, Sophie Theubet et Markus Wittekind ont pour point de ralliement leur appartement des Vergers. Laetitia Favre, \u00e9ducatrice sp\u00e9cialis\u00e9e active \u00e0 l\u2019atelier itin\u00e9rant des Vergers et son coll\u00e8gue J\u00e9r\u00e9my Testas, assistant socio\u00e9ducatif \u00e9paulent sept personnes de la fondation lors de leur travail dans les commerces et la cr\u00e8che des Vergers. L\u2019agitation des trois colocataires nous parvient de l\u2019appartement juxtaposant le leur&#160;&#160;; les deux logements, ouverts l\u2019un sur l\u2019autre et dispos\u00e9s en miroir, sont occup\u00e9s depuis 2017 par six b\u00e9n\u00e9ficiaires de la fondation.<\/p>\n<div id=\"attachment_3936\" class=\"wp-caption aligncenter\" style=\"width:100%;max-width:800px\"><img decoding=\"async\" loading=\"lazy\" class=\"wp-image-3936 size-800w\" src=\"https:\/\/blog.insieme.ch\/wp-inside\/uploads\/2022\/06\/2022-01-18_insieme_vergers-meyrin_tardy-web-051-1-800x483.jpg\" alt=\"\" width=\"800\" height=\"483\" srcset=\"https:\/\/blog.insieme.ch\/wp-inside\/uploads\/2022\/06\/2022-01-18_insieme_vergers-meyrin_tardy-web-051-1-800x483.jpg 800w, https:\/\/blog.insieme.ch\/wp-inside\/uploads\/2022\/06\/2022-01-18_insieme_vergers-meyrin_tardy-web-051-1-300x181.jpg 300w, https:\/\/blog.insieme.ch\/wp-inside\/uploads\/2022\/06\/2022-01-18_insieme_vergers-meyrin_tardy-web-051-1-1024x618.jpg 1024w, https:\/\/blog.insieme.ch\/wp-inside\/uploads\/2022\/06\/2022-01-18_insieme_vergers-meyrin_tardy-web-051-1-768x464.jpg 768w, https:\/\/blog.insieme.ch\/wp-inside\/uploads\/2022\/06\/2022-01-18_insieme_vergers-meyrin_tardy-web-051-1-320x193.jpg 320w, https:\/\/blog.insieme.ch\/wp-inside\/uploads\/2022\/06\/2022-01-18_insieme_vergers-meyrin_tardy-web-051-1.jpg 1042w\" sizes=\"auto, (max-width: 800px) 100vw, 800px\" \/><\/p>\n<p class=\"wp-caption-text\">Markus Wittekind et Maya El Hakim sur le balcon dans leur logement aux Vergers \u00a9 Antoine Tardy<\/p>\n<\/div>\n<p><strong>Une volont\u00e9 de d\u00e9velopper des places de travail tr\u00e8s locales<\/strong><\/p>\n<p>Sophie Theubet, la petite cinquantaine, est l\u2019une des colocataires de l\u2019appartement des Vergers. Son travail hebdomadaire&#160;&#160;? Quatre jours de stage d\u00e9couverte \u00e0 la cuisine de la cr\u00e8che des Vergers et deux jours aupr\u00e8s d\u2019un g\u00e9ant orange de la distribution. Soudain, Maya El Hakim, pas encore 30 ans, d\u00e9boule dans le salon et demande&#160;&#160;: \u00ab&#160;&#160;\u00c7a va ma coiffure&#160;&#160;? C\u2019est J\u00e9r\u00e9my qui m\u2019a attach\u00e9 les cheveux&#160;&#160;!&#160;&#160;\u00bb La jeune femme se pr\u00e9pare \u00e0 reprendre le travail \u00e0 14h au caf\u00e9 \u00ab&#160;&#160;Le Grain du Coin&#160;&#160;\u00bb, \u00e0 deux pas de l\u2019appartement.<\/p>\n<blockquote>\n<p>\u00ab&#160;&#160;Ils d\u00e9butent en signant une convention de stage puis, si cela se passe bien, on d\u00e9finit des jours de travail en fonction des comp\u00e9tences et possibilit\u00e9s&#160;&#160;\u00bb<\/p>\n<\/blockquote>\n<p>Markus Wittekind, 37 ans, travaille quant \u00e0 lui depuis juillet \u00e0 l\u2019auberge du quartier, d\u2019abord sous la forme d\u2019un stage, puis avec un contrat de deux jours fixes. \u00ab&#160;&#160;Ils d\u00e9butent en signant une convention de stage puis, si cela se passe bien, on d\u00e9finit des jours de travail en fonction des comp\u00e9tences et possibilit\u00e9s&#160;&#160;\u00bb, explique Laetitia Favre. L\u2019ensemble des b\u00e9n\u00e9ficiaires de la fondation touchent une rente de l\u2019assurance-invalidit\u00e9. Ils ne re\u00e7oivent pas de salaire de leurs employeurs\u00b7euses mais une r\u00e9tribution de la fondation. En f\u00e9vrier 2021, seule une personne travaillait dans les commerces avoisinants, contre sept actuellement, au sein de cinq \u00e9tablissements diff\u00e9rents&#160;&#160;: \u00ab&#160;&#160;Pour les employeurs, il s\u2019agit de forces de travail. Et si la personne est peu autonome, on reste avec elle sur son lieu de travail et on l\u2019aide.&#160;&#160;\u00bb<\/p>\n<\/p><\/div>\n<\/p><\/div>\n<\/p><\/div>\n<\/p><\/div>\n<\/p><\/div>\n<\/p><\/div>\n<\/div>\n<\/div>\n<p><!-- \/flzn:zn_text --><br \/>\n<!-- flzn:zn_image --><\/p>\n<div id=\"flzn-image-1\" class=\"zone zn-image is-alignwide\">\n<div class=\"zone-block zn-image-block alignwide va-top\">\n<div class=\"row one-img\">\n<div class=\"columns large-12\">\n<div class=\"row with-nice-alignment va-top\">\n<div class=\"columns large-12 zn-image-col\">\n<div class=\"columns-inner zn-image-col-inner\">\n\t\t\t\t\t\t\t<a class=\"zn-image-imgbox swipebox\" href=\"https:\/\/blog.insieme.ch\/wp-inside\/uploads\/2022\/05\/2022-01-18_insieme_vergers-meyrin_tardy-web-032.jpg\" title=\"Reportage pour le magazine insieme, Quartier des Vergers, Meyrin, le mardi 18 janvier 2022\" rel=\"galleryzone-flzn-image-1\">\t\t\t\t\t\t\t<\/p>\n<figure class=\"zn-image-figure\">\n\t\t\t\t\t\t\t\t<img decoding=\"async\" class=\"zn-image-img\" src=\"https:\/\/blog.insieme.ch\/wp-inside\/uploads\/2022\/05\/2022-01-18_insieme_vergers-meyrin_tardy-web-032.jpg\" alt=\"\" \/><figcaption class=\"zn-image-caption\">Dans la cuisine du restaurant, Markus Wittekind y p\u00e8le les pommes de terre. \u00a9 Antoine Tardy <\/figcaption><\/figure>\n<p>\t\t\t\t\t\t\t<\/a>\t\t\t\t\t\t<\/div>\n<\/p><\/div>\n<\/p><\/div>\n<\/p><\/div>\n<\/p><\/div>\n<\/div>\n<\/div>\n<p><!-- \/flzn:zn_image --><br \/>\n<!-- flzn:zn_text --><\/p>\n<div id=\"flzn-text-2\" class=\"zone zn-text\">\n<div class=\"zone-block zn-text-block va-top\">\n<div class=\"row mw-content-zone zn-text-row\">\n<div class=\"columns large-12\">\n<div class=\"row large-up-1 with-nice-alignment nbloc-1\">\n<div class=\"column zn-text-col\">\n<div class=\"column-inner\">\n<div class=\"wig-content mw-content\">\n<p><strong>Immerger les b\u00e9n\u00e9ficiaires de la fondation dans une r\u00e9alit\u00e9 autre que celle de l\u2019institution<\/strong><br \/>\nAujourd\u2019hui, Markus s\u2019affaire en cuisine. Sous l\u2019\u0153il attentif de J\u00e9r\u00e9my, l\u2019assistant socio\u00e9ducatif, il p\u00e8le puis coupe en petits d\u00e9s les pommes de terre pour le repas de midi du lendemain&#160;&#160;: En parall\u00e8le \u00e0 son job \u00e0 l\u2019auberge, il fr\u00e9quente, deux jours par semaine, Youth for Soap, l\u2019atelier de recyclage de savon de la fondation, o\u00f9 l\u2019encadrement est plus significatif. \u00ab&#160;&#160;Il est important de leur trouver des activit\u00e9s qui leur conviennent au mieux. Mais aussi de les immerger dans une r\u00e9alit\u00e9 autre que celle de l\u2019institution, avec des personnes sans handicap&#160;&#160;\u00bb, souligne Laetitia Favre.<\/p>\n<\/p><\/div>\n<\/p><\/div>\n<\/p><\/div>\n<\/p><\/div>\n<\/p><\/div>\n<\/p><\/div>\n<\/div>\n<\/div>\n<p><!-- \/flzn:zn_text --><br \/>\n<!-- flzn:zn_text --><\/p>\n<div id=\"flzn-text-3\" class=\"zone zn-text is-alignsimple with-bg bg-color is-bgc-yellow-light\"><span class=\"zone-bg bg-color bgc-yellow-light alignfull\"><\/span><\/p>\n<div class=\"zone-block zn-text-block alignsimple va-top\">\n<div class=\"row mw-content-zone zn-text-row\">\n<div class=\"columns large-12\">\n<div class=\"row large-up-1 with-nice-alignment nbloc-1\">\n<div class=\"column zn-text-col\">\n<div class=\"column-inner\">\n<div class=\"wig-content mw-content\">\n<blockquote>\n<p>\u00ab&#160;&#160;Et parfois, quand il n\u2019y a pas de clients, je m\u2019ennuie. Quand je travaillais \u00e0 la Coop, j\u2019avais des coll\u00e8gues. L\u2019id\u00e9al serait trois jours au caf\u00e9 et deux jours au magasin.&#160;&#160;\u00bb<\/p>\n<\/blockquote>\n<p>Direction \u00ab&#160;&#160;Le Grain du Coin&#160;&#160;\u00bb, o\u00f9 Maya El Hakim s\u2019active&#160;&#160;: accueil des client\u00b7e\u00b7s, prise des commandes, service et m\u00eame op\u00e9rations \u00e0 la caisse font partie de ses t\u00e2ches. Fin juillet, la jeune femme a d\u00e9but\u00e9 son stage dans cet \u00e9tablissement. Travaillant de mani\u00e8re relativement autonome et sans l\u2019accompagnement de personnel \u00e9ducateur, elle y a progressivement augment\u00e9 ses jours de travail&#160;&#160;: \u00ab&#160;&#160;Quand j\u2019\u00e9tais chef de brigade, j\u2019avais des ordres \u00e0 donner. Avec Maya et cette exp\u00e9rience, on s\u2019adapte \u00e0 l\u2019autre&#160;&#160;\u00bb explique Vivien Dampure, responsable de salle. Si Maya a beaucoup progress\u00e9 depuis qu\u2019elle travaille tous les jours, c\u2019est la fatigue que celle-ci met en avant&#160;&#160;: \u00ab&#160;&#160;Et parfois, quand il n\u2019y a pas de clients, je m\u2019ennuie. Quand je travaillais \u00e0 la Coop, j\u2019avais des coll\u00e8gues. L\u2019id\u00e9al serait trois jours au caf\u00e9 et deux jours au magasin.&#160;&#160;\u00bb<\/p>\n<\/p><\/div>\n<\/p><\/div>\n<\/p><\/div>\n<\/p><\/div>\n<\/p><\/div>\n<\/p><\/div>\n<\/div>\n<\/div>\n<p><!-- \/flzn:zn_text --><br \/>\n<!-- flzn:zn_gallery --><\/p>\n<div id=\"flzn-gallery-1\" class=\"zone zn-gallery is-alignwide with-bg bg-color is-bgc-yellow-light\"><span class=\"zone-bg bg-color bgc-yellow-light alignfull\"><\/span><\/p>\n<div class=\"zone-block zn-gallery-block pdd-top-off alignwide va-top\">\n<div class=\"row mw-content-zone\">\n<div class=\"large-12 columns\">\n<div class=\"zn-gallery-list row small-up-2 medium-up-4 large-up-4 gallery\">\n<div class=\"zn-gallery-item gallery-item column\">\n<div class=\"zn-gallery-item-inner\">\n<p>\t\t\t\t\t\t\t\t\t\t\t\t\t<a class=\"swipebox\" href=\"https:\/\/blog.insieme.ch\/wp-inside\/uploads\/2022\/05\/2022-01-18_insieme_vergers-meyrin_tardy-web-043.jpg\" title=\"Maya El Hakim au caf\u00e9 \"Le Grain du Coin\". \u00a9 Antoine Tardy\" rel=\"galleryzone-flzn-gallery-1\"><\/p>\n<div class=\"imgbox\">\n\t\t\t\t\t\t\t\t\t\t\t\t\t\t\t\t\t\t<img decoding=\"async\" src=\"https:\/\/blog.insieme.ch\/wp-inside\/uploads\/2022\/05\/2022-01-18_insieme_vergers-meyrin_tardy-web-043-185x185.jpg\" alt=\"Un portrait de Maya El Hakim sur son lieu de travail.\" data-interchange=\"[https:\/\/blog.insieme.ch\/wp-inside\/uploads\/2022\/05\/2022-01-18_insieme_vergers-meyrin_tardy-web-043-185x185.jpg, small],[https:\/\/blog.insieme.ch\/wp-inside\/uploads\/2022\/05\/2022-01-18_insieme_vergers-meyrin_tardy-web-043-370x300.jpg, gsmall],[https:\/\/blog.insieme.ch\/wp-inside\/uploads\/2022\/05\/2022-01-18_insieme_vergers-meyrin_tardy-web-043-185x185.jpg, large],[https:\/\/blog.insieme.ch\/wp-inside\/uploads\/2022\/05\/2022-01-18_insieme_vergers-meyrin_tardy-web-043-370x300.jpg, glarge],\"\/>\n\t\t\t\t\t\t\t\t<\/div>\n<p>\t\t\t\t\t\t\t\t\t\t\t\t\t<\/a>\n\t\t\t\t\t\t\t\t\t\t\t\t<\/div>\n<\/p><\/div>\n<div class=\"zn-gallery-item gallery-item column\">\n<div class=\"zn-gallery-item-inner\">\n<p>\t\t\t\t\t\t\t\t\t\t\t\t\t<a class=\"swipebox\" href=\"https:\/\/blog.insieme.ch\/wp-inside\/uploads\/2022\/05\/2022-01-18_insieme_vergers-meyrin_tardy-web-042.jpg\" title=\"Elle travaille de mani\u00e8re relativement autonome et a pu d\u00e9velopper de nombreuses comp\u00e9tences. \u00a9 Antoine Tardy \" rel=\"galleryzone-flzn-gallery-1\"><\/p>\n<div class=\"imgbox\">\n\t\t\t\t\t\t\t\t\t\t\t\t\t\t\t\t\t\t<img decoding=\"async\" src=\"https:\/\/blog.insieme.ch\/wp-inside\/uploads\/2022\/05\/2022-01-18_insieme_vergers-meyrin_tardy-web-042-185x185.jpg\" alt=\"Une photo de Maya El Hakim derri\u00e8re le bar du caf\u00e9 o\u00f9 elle travaille.\" data-interchange=\"[https:\/\/blog.insieme.ch\/wp-inside\/uploads\/2022\/05\/2022-01-18_insieme_vergers-meyrin_tardy-web-042-185x185.jpg, small],[https:\/\/blog.insieme.ch\/wp-inside\/uploads\/2022\/05\/2022-01-18_insieme_vergers-meyrin_tardy-web-042-370x300.jpg, gsmall],[https:\/\/blog.insieme.ch\/wp-inside\/uploads\/2022\/05\/2022-01-18_insieme_vergers-meyrin_tardy-web-042-185x185.jpg, large],[https:\/\/blog.insieme.ch\/wp-inside\/uploads\/2022\/05\/2022-01-18_insieme_vergers-meyrin_tardy-web-042-370x300.jpg, glarge],\"\/>\n\t\t\t\t\t\t\t\t<\/div>\n<p>\t\t\t\t\t\t\t\t\t\t\t\t\t<\/a>\n\t\t\t\t\t\t\t\t\t\t\t\t<\/div>\n<\/p><\/div>\n<div class=\"zn-gallery-item gallery-item column\">\n<div class=\"zn-gallery-item-inner\">\n<p>\t\t\t\t\t\t\t\t\t\t\t\t\t<a class=\"swipebox\" href=\"https:\/\/blog.insieme.ch\/wp-inside\/uploads\/2022\/06\/2022-01-18_insieme_vergers-meyrin_tardy-web-044.jpg\" title=\"La jeune femme s'active avec le sourire. \u00a9 Antoine Tardy\" rel=\"galleryzone-flzn-gallery-1\"><\/p>\n<div class=\"imgbox\">\n\t\t\t\t\t\t\t\t\t\t\t\t\t\t\t\t\t\t<img decoding=\"async\" src=\"https:\/\/blog.insieme.ch\/wp-inside\/uploads\/2022\/06\/2022-01-18_insieme_vergers-meyrin_tardy-web-044-185x185.jpg\" alt=\"Un portrait de Maya El Hakim, qui affiche un grand sourire.\" data-interchange=\"[https:\/\/blog.insieme.ch\/wp-inside\/uploads\/2022\/06\/2022-01-18_insieme_vergers-meyrin_tardy-web-044-185x185.jpg, small],[https:\/\/blog.insieme.ch\/wp-inside\/uploads\/2022\/06\/2022-01-18_insieme_vergers-meyrin_tardy-web-044-370x300.jpg, gsmall],[https:\/\/blog.insieme.ch\/wp-inside\/uploads\/2022\/06\/2022-01-18_insieme_vergers-meyrin_tardy-web-044-185x185.jpg, large],[https:\/\/blog.insieme.ch\/wp-inside\/uploads\/2022\/06\/2022-01-18_insieme_vergers-meyrin_tardy-web-044-370x300.jpg, glarge],\"\/>\n\t\t\t\t\t\t\t\t<\/div>\n<p>\t\t\t\t\t\t\t\t\t\t\t\t\t<\/a>\n\t\t\t\t\t\t\t\t\t\t\t\t<\/div>\n<\/p><\/div>\n<div class=\"zn-gallery-item gallery-item column\">\n<div class=\"zn-gallery-item-inner\">\n<p>\t\t\t\t\t\t\t\t\t\t\t\t\t<a class=\"swipebox\" href=\"https:\/\/blog.insieme.ch\/wp-inside\/uploads\/2022\/06\/2022-01-18_insieme_vergers-meyrin_tardy-web-046.jpg\" title=\"Parfois, ses journ\u00e9es sont un peu longues, surtout lorsqu'il n'y a pas de clients. \u00a9 Antoine Tardy\" rel=\"galleryzone-flzn-gallery-1\"><\/p>\n<div class=\"imgbox\">\n\t\t\t\t\t\t\t\t\t\t\t\t\t\t\t\t\t\t<img decoding=\"async\" src=\"https:\/\/blog.insieme.ch\/wp-inside\/uploads\/2022\/06\/2022-01-18_insieme_vergers-meyrin_tardy-web-046-185x185.jpg\" alt=\"Maya El Hakim attabl\u00e9e derri\u00e8re la vitrine du caf\u00e9.\" data-interchange=\"[https:\/\/blog.insieme.ch\/wp-inside\/uploads\/2022\/06\/2022-01-18_insieme_vergers-meyrin_tardy-web-046-185x185.jpg, small],[https:\/\/blog.insieme.ch\/wp-inside\/uploads\/2022\/06\/2022-01-18_insieme_vergers-meyrin_tardy-web-046-370x300.jpg, gsmall],[https:\/\/blog.insieme.ch\/wp-inside\/uploads\/2022\/06\/2022-01-18_insieme_vergers-meyrin_tardy-web-046-185x185.jpg, large],[https:\/\/blog.insieme.ch\/wp-inside\/uploads\/2022\/06\/2022-01-18_insieme_vergers-meyrin_tardy-web-046-370x300.jpg, glarge],\"\/>\n\t\t\t\t\t\t\t\t<\/div>\n<p>\t\t\t\t\t\t\t\t\t\t\t\t\t<\/a>\n\t\t\t\t\t\t\t\t\t\t\t\t<\/div>\n<\/p><\/div>\n<\/p><\/div>\n<\/p><\/div>\n<\/p><\/div>\n<\/div>\n<\/div>\n<p><!-- \/flzn:zn_gallery --><br \/>\n<!-- flzn:zn_text --><\/p>\n<div id=\"flzn-text-4\" class=\"zone zn-text is-alignwide\">\n<div class=\"zone-block zn-text-block alignwide va-top\">\n<div class=\"row mw-content-zone zn-text-row\">\n<div class=\"columns large-12\">\n<div class=\"row large-up-1 with-nice-alignment nbloc-1\">\n<div class=\"column zn-text-col\">\n<div class=\"column-inner\">\n<div class=\"wig-content mw-content\">\n<p><strong>Fin de journ\u00e9e&#160;&#160;: d\u00e9briefing, loisirs et t\u00e2ches m\u00e9nag\u00e8res<\/strong><br \/>\nL\u2019apr\u00e8s-midi touche gentiment \u00e0 sa fin. Mais \u00e0 l\u2019appartement, d\u2019autres t\u00e2ches et activit\u00e9s attendent les colocataires, qu\u2019ils et elles effectueront en compagnie de Sonia Guerra, \u00e9ducatrice aujourd\u2019hui pr\u00e9sente pour le dernier shift de 16h-21h30, suivie, apr\u00e8s son d\u00e9part, par la venue du veilleur de nuit. A peine install\u00e9\u00b7e\u00b7s autour de la table de la salle \u00e0 manger, que d\u00e9barque Fabiana Bohler, habitante de l\u2019un des deux appartements communicants. \u00ab&#160;&#160;Apr\u00e8s le travail, on boit un verre ensemble et on regarde l\u2019agenda.&#160;&#160;\u00bb Maya, qui sait bien lire et \u00e9crire, note pour elle dans un cahier ce qu\u2019elle a fait au travail. A l\u2019aide de pictogrammes, Fabiana et Markus font le planning des t\u00e2ches \u00e0 effectuer<br \/>\nRaconter son week-end, souvent pass\u00e9 dans la famille, faire les courses, prendre le go\u00fbter-ap\u00e9ro dans un caf\u00e9 du quartier, se balader ou encore aller \u00e0 la piscine ou \u00e0 la patinoire&#160;&#160;: les activit\u00e9s de groupe en fin de journ\u00e9e ne manquent pas. Mais, \u00e0 c\u00f4t\u00e9 des loisirs, il y a bien \u00e9videmment le quotidien et son lot de t\u00e2ches \u00e0 effectuer. Ce soir, Fabiana cuisinera des p\u00e2tes au pesto en compagnie de l\u2019\u00e9ducatrice, alors que Markus et Maya se chargeront de mettre la table et de faire la vaisselle. Aux alentours de 21h30, chacun\u00b7e d\u00e9cidera d\u2019aller se coucher.<\/p>\n<p>&nbsp;<\/p>\n<\/p><\/div>\n<\/p><\/div>\n<\/p><\/div>\n<\/p><\/div>\n<\/p><\/div>\n<\/p><\/div>\n<\/div>\n<\/div>\n<p><!-- \/flzn:zn_text --><\/p>\n","protected":false},"excerpt":{"rendered":"<p>L\u2019\u00e9coquartier des Vergers est le centre n\u00e9vralgique d\u2019un groupe de colocataires b\u00e9n\u00e9ficiaires de la fondation Ensemble. Les colocataires y partagent un logement, y travaillent, y ont leurs loisirs.<\/p>\n","protected":false},"author":2,"featured_media":3936,"comment_status":"open","ping_status":"open","sticky":false,"template":"","format":"standard","meta":{"_acf_changed":false,"footnotes":""},"categories":[16,17,19],"tags":[46],"class_list":["post-3795","post","type-post","status-publish","format-standard","has-post-thumbnail","hentry","category-handicap-mental","category-inclusion","category-logement","tag-vie-autonome","wp-sticky"],"acf":[],"yoast_head":"<!-- This site is optimized with the Yoast SEO plugin v27.5 - https:\/\/yoast.com\/product\/yoast-seo-wordpress\/ -->\n<title>Quatre heures dans la vie d\u2019une colocation bien organis\u00e9e<\/title>\n<meta name=\"robots\" content=\"index, follow, max-snippet:-1, max-image-preview:large, max-video-preview:-1\" \/>\n<link rel=\"canonical\" href=\"https:\/\/blog.insieme.ch\/fr\/logement\/quatre-heures-dans-la-vie-dune-colocation-bien-organisee\/\" \/>\n<meta property=\"og:locale\" content=\"fr_FR\" \/>\n<meta property=\"og:type\" content=\"article\" \/>\n<meta property=\"og:title\" content=\"Quatre heures dans la vie d\u2019une colocation bien organis\u00e9e\" \/>\n<meta property=\"og:description\" content=\"L\u2019\u00e9coquartier des Vergers est le centre n\u00e9vralgique d\u2019un groupe de colocataires b\u00e9n\u00e9ficiaires de la fondation Ensemble. Les colocataires y partagent un logement, y travaillent, y ont leurs loisirs.\" \/>\n<meta property=\"og:url\" content=\"https:\/\/blog.insieme.ch\/fr\/logement\/quatre-heures-dans-la-vie-dune-colocation-bien-organisee\/\" \/>\n<meta property=\"og:site_name\" content=\"insieme Blog\" \/>\n<meta property=\"article:publisher\" content=\"https:\/\/www.facebook.com\/insiemeSuisse\/\" \/>\n<meta property=\"article:published_time\" content=\"2022-08-25T07:00:00+00:00\" \/>\n<meta property=\"og:image\" content=\"https:\/\/blog.insieme.ch\/wp-inside\/uploads\/2022\/06\/2022-01-18_insieme_vergers-meyrin_tardy-web-051-1.jpg\" \/>\n\t<meta property=\"og:image:width\" content=\"1042\" \/>\n\t<meta property=\"og:image:height\" content=\"629\" \/>\n\t<meta property=\"og:image:type\" content=\"image\/jpeg\" \/>\n<meta name=\"author\" content=\"Lise Tran\" \/>\n<meta name=\"twitter:card\" content=\"summary_large_image\" \/>\n<meta name=\"twitter:creator\" content=\"@insiemeSuisse\" \/>\n<meta name=\"twitter:site\" content=\"@insiemeSuisse\" \/>\n<meta name=\"twitter:label1\" content=\"\u00c9crit par\" \/>\n\t<meta name=\"twitter:data1\" content=\"Lise Tran\" \/>\n\t<meta name=\"twitter:label2\" content=\"Dur\u00e9e de lecture estim\u00e9e\" \/>\n\t<meta name=\"twitter:data2\" content=\"5 minutes\" \/>\n<script type=\"application\/ld+json\" class=\"yoast-schema-graph\">{\"@context\":\"https:\\\/\\\/schema.org\",\"@graph\":[{\"@type\":\"Article\",\"@id\":\"https:\\\/\\\/blog.insieme.ch\\\/fr\\\/logement\\\/quatre-heures-dans-la-vie-dune-colocation-bien-organisee\\\/#article\",\"isPartOf\":{\"@id\":\"https:\\\/\\\/blog.insieme.ch\\\/fr\\\/logement\\\/quatre-heures-dans-la-vie-dune-colocation-bien-organisee\\\/\"},\"author\":{\"name\":\"Lise Tran\",\"@id\":\"https:\\\/\\\/blog.insieme.ch\\\/fr\\\/#\\\/schema\\\/person\\\/3221ad8fe089e1e3b6f9a5ea253e648c\"},\"headline\":\"Quatre heures dans la vie d\u2019une colocation bien organis\u00e9e\",\"datePublished\":\"2022-08-25T07:00:00+00:00\",\"mainEntityOfPage\":{\"@id\":\"https:\\\/\\\/blog.insieme.ch\\\/fr\\\/logement\\\/quatre-heures-dans-la-vie-dune-colocation-bien-organisee\\\/\"},\"wordCount\":1053,\"commentCount\":0,\"publisher\":{\"@id\":\"https:\\\/\\\/blog.insieme.ch\\\/fr\\\/#organization\"},\"image\":{\"@id\":\"https:\\\/\\\/blog.insieme.ch\\\/fr\\\/logement\\\/quatre-heures-dans-la-vie-dune-colocation-bien-organisee\\\/#primaryimage\"},\"thumbnailUrl\":\"https:\\\/\\\/blog.insieme.ch\\\/wp-inside\\\/uploads\\\/2022\\\/06\\\/2022-01-18_insieme_vergers-meyrin_tardy-web-051-1.jpg\",\"keywords\":[\"Vie autonome\"],\"articleSection\":[\"Handicap mental\",\"Inclusion\",\"Logement\"],\"inLanguage\":\"fr-FR\",\"potentialAction\":[{\"@type\":\"CommentAction\",\"name\":\"Comment\",\"target\":[\"https:\\\/\\\/blog.insieme.ch\\\/fr\\\/logement\\\/quatre-heures-dans-la-vie-dune-colocation-bien-organisee\\\/#respond\"]}]},{\"@type\":\"WebPage\",\"@id\":\"https:\\\/\\\/blog.insieme.ch\\\/fr\\\/logement\\\/quatre-heures-dans-la-vie-dune-colocation-bien-organisee\\\/\",\"url\":\"https:\\\/\\\/blog.insieme.ch\\\/fr\\\/logement\\\/quatre-heures-dans-la-vie-dune-colocation-bien-organisee\\\/\",\"name\":\"Quatre heures dans la vie d\u2019une colocation bien organis\u00e9e\",\"isPartOf\":{\"@id\":\"https:\\\/\\\/blog.insieme.ch\\\/fr\\\/#website\"},\"primaryImageOfPage\":{\"@id\":\"https:\\\/\\\/blog.insieme.ch\\\/fr\\\/logement\\\/quatre-heures-dans-la-vie-dune-colocation-bien-organisee\\\/#primaryimage\"},\"image\":{\"@id\":\"https:\\\/\\\/blog.insieme.ch\\\/fr\\\/logement\\\/quatre-heures-dans-la-vie-dune-colocation-bien-organisee\\\/#primaryimage\"},\"thumbnailUrl\":\"https:\\\/\\\/blog.insieme.ch\\\/wp-inside\\\/uploads\\\/2022\\\/06\\\/2022-01-18_insieme_vergers-meyrin_tardy-web-051-1.jpg\",\"datePublished\":\"2022-08-25T07:00:00+00:00\",\"breadcrumb\":{\"@id\":\"https:\\\/\\\/blog.insieme.ch\\\/fr\\\/logement\\\/quatre-heures-dans-la-vie-dune-colocation-bien-organisee\\\/#breadcrumb\"},\"inLanguage\":\"fr-FR\",\"potentialAction\":[{\"@type\":\"ReadAction\",\"target\":[\"https:\\\/\\\/blog.insieme.ch\\\/fr\\\/logement\\\/quatre-heures-dans-la-vie-dune-colocation-bien-organisee\\\/\"]}]},{\"@type\":\"ImageObject\",\"inLanguage\":\"fr-FR\",\"@id\":\"https:\\\/\\\/blog.insieme.ch\\\/fr\\\/logement\\\/quatre-heures-dans-la-vie-dune-colocation-bien-organisee\\\/#primaryimage\",\"url\":\"https:\\\/\\\/blog.insieme.ch\\\/wp-inside\\\/uploads\\\/2022\\\/06\\\/2022-01-18_insieme_vergers-meyrin_tardy-web-051-1.jpg\",\"contentUrl\":\"https:\\\/\\\/blog.insieme.ch\\\/wp-inside\\\/uploads\\\/2022\\\/06\\\/2022-01-18_insieme_vergers-meyrin_tardy-web-051-1.jpg\",\"width\":1042,\"height\":629,\"caption\":\"Markus Wittekind et Maya El Hakim sur le balcon dans leur logement aux Vergers \u00a9 Antoine Tardy\"},{\"@type\":\"BreadcrumbList\",\"@id\":\"https:\\\/\\\/blog.insieme.ch\\\/fr\\\/logement\\\/quatre-heures-dans-la-vie-dune-colocation-bien-organisee\\\/#breadcrumb\",\"itemListElement\":[{\"@type\":\"ListItem\",\"position\":1,\"name\":\"Accueil\",\"item\":\"https:\\\/\\\/blog.insieme.ch\\\/fr\\\/\"},{\"@type\":\"ListItem\",\"position\":2,\"name\":\"Logement\",\"item\":\"https:\\\/\\\/blog.insieme.ch\\\/fr\\\/logement\\\/\"},{\"@type\":\"ListItem\",\"position\":3,\"name\":\"Quatre heures dans la vie d\u2019une colocation bien organis\u00e9e\"}]},{\"@type\":\"WebSite\",\"@id\":\"https:\\\/\\\/blog.insieme.ch\\\/fr\\\/#website\",\"url\":\"https:\\\/\\\/blog.insieme.ch\\\/fr\\\/\",\"name\":\"insieme Blog\",\"description\":\"Alles ausser gew\u00f6hnlich\",\"publisher\":{\"@id\":\"https:\\\/\\\/blog.insieme.ch\\\/fr\\\/#organization\"},\"potentialAction\":[{\"@type\":\"SearchAction\",\"target\":{\"@type\":\"EntryPoint\",\"urlTemplate\":\"https:\\\/\\\/blog.insieme.ch\\\/fr\\\/?s={search_term_string}\"},\"query-input\":{\"@type\":\"PropertyValueSpecification\",\"valueRequired\":true,\"valueName\":\"search_term_string\"}}],\"inLanguage\":\"fr-FR\"},{\"@type\":\"Organization\",\"@id\":\"https:\\\/\\\/blog.insieme.ch\\\/fr\\\/#organization\",\"name\":\"insieme Blog\",\"url\":\"https:\\\/\\\/blog.insieme.ch\\\/fr\\\/\",\"logo\":{\"@type\":\"ImageObject\",\"inLanguage\":\"fr-FR\",\"@id\":\"https:\\\/\\\/blog.insieme.ch\\\/fr\\\/#\\\/schema\\\/logo\\\/image\\\/\",\"url\":\"https:\\\/\\\/blog.insieme.ch\\\/wp-inside\\\/uploads\\\/2021\\\/04\\\/logo-insieme-blog.png\",\"contentUrl\":\"https:\\\/\\\/blog.insieme.ch\\\/wp-inside\\\/uploads\\\/2021\\\/04\\\/logo-insieme-blog.png\",\"width\":280,\"height\":81,\"caption\":\"insieme Blog\"},\"image\":{\"@id\":\"https:\\\/\\\/blog.insieme.ch\\\/fr\\\/#\\\/schema\\\/logo\\\/image\\\/\"},\"sameAs\":[\"https:\\\/\\\/www.facebook.com\\\/insiemeSuisse\\\/\",\"https:\\\/\\\/x.com\\\/insiemeSuisse\"]},{\"@type\":\"Person\",\"@id\":\"https:\\\/\\\/blog.insieme.ch\\\/fr\\\/#\\\/schema\\\/person\\\/3221ad8fe089e1e3b6f9a5ea253e648c\",\"name\":\"Lise Tran\",\"image\":{\"@type\":\"ImageObject\",\"inLanguage\":\"fr-FR\",\"@id\":\"https:\\\/\\\/secure.gravatar.com\\\/avatar\\\/4c1028ac8c35a45d0420275ec991fe6d9964020c33f7db80209f71a09cbfc3a8?s=96&d=mm&r=g\",\"url\":\"https:\\\/\\\/secure.gravatar.com\\\/avatar\\\/4c1028ac8c35a45d0420275ec991fe6d9964020c33f7db80209f71a09cbfc3a8?s=96&d=mm&r=g\",\"contentUrl\":\"https:\\\/\\\/secure.gravatar.com\\\/avatar\\\/4c1028ac8c35a45d0420275ec991fe6d9964020c33f7db80209f71a09cbfc3a8?s=96&d=mm&r=g\",\"caption\":\"Lise Tran\"},\"description\":\"Communication insieme\",\"url\":\"https:\\\/\\\/blog.insieme.ch\\\/fr\\\/author\\\/lise-tran\\\/\"}]}<\/script>\n<!-- \/ Yoast SEO plugin. -->","yoast_head_json":{"title":"Quatre heures dans la vie d\u2019une colocation bien organis\u00e9e","robots":{"index":"index","follow":"follow","max-snippet":"max-snippet:-1","max-image-preview":"max-image-preview:large","max-video-preview":"max-video-preview:-1"},"canonical":"https:\/\/blog.insieme.ch\/fr\/logement\/quatre-heures-dans-la-vie-dune-colocation-bien-organisee\/","og_locale":"fr_FR","og_type":"article","og_title":"Quatre heures dans la vie d\u2019une colocation bien organis\u00e9e","og_description":"L\u2019\u00e9coquartier des Vergers est le centre n\u00e9vralgique d\u2019un groupe de colocataires b\u00e9n\u00e9ficiaires de la fondation Ensemble. Les colocataires y partagent un logement, y travaillent, y ont leurs loisirs.","og_url":"https:\/\/blog.insieme.ch\/fr\/logement\/quatre-heures-dans-la-vie-dune-colocation-bien-organisee\/","og_site_name":"insieme Blog","article_publisher":"https:\/\/www.facebook.com\/insiemeSuisse\/","article_published_time":"2022-08-25T07:00:00+00:00","og_image":[{"width":1042,"height":629,"url":"https:\/\/blog.insieme.ch\/wp-inside\/uploads\/2022\/06\/2022-01-18_insieme_vergers-meyrin_tardy-web-051-1.jpg","type":"image\/jpeg"}],"author":"Lise Tran","twitter_card":"summary_large_image","twitter_creator":"@insiemeSuisse","twitter_site":"@insiemeSuisse","twitter_misc":{"\u00c9crit par":"Lise Tran","Dur\u00e9e de lecture estim\u00e9e":"5 minutes"},"schema":{"@context":"https:\/\/schema.org","@graph":[{"@type":"Article","@id":"https:\/\/blog.insieme.ch\/fr\/logement\/quatre-heures-dans-la-vie-dune-colocation-bien-organisee\/#article","isPartOf":{"@id":"https:\/\/blog.insieme.ch\/fr\/logement\/quatre-heures-dans-la-vie-dune-colocation-bien-organisee\/"},"author":{"name":"Lise Tran","@id":"https:\/\/blog.insieme.ch\/fr\/#\/schema\/person\/3221ad8fe089e1e3b6f9a5ea253e648c"},"headline":"Quatre heures dans la vie d\u2019une colocation bien organis\u00e9e","datePublished":"2022-08-25T07:00:00+00:00","mainEntityOfPage":{"@id":"https:\/\/blog.insieme.ch\/fr\/logement\/quatre-heures-dans-la-vie-dune-colocation-bien-organisee\/"},"wordCount":1053,"commentCount":0,"publisher":{"@id":"https:\/\/blog.insieme.ch\/fr\/#organization"},"image":{"@id":"https:\/\/blog.insieme.ch\/fr\/logement\/quatre-heures-dans-la-vie-dune-colocation-bien-organisee\/#primaryimage"},"thumbnailUrl":"https:\/\/blog.insieme.ch\/wp-inside\/uploads\/2022\/06\/2022-01-18_insieme_vergers-meyrin_tardy-web-051-1.jpg","keywords":["Vie autonome"],"articleSection":["Handicap mental","Inclusion","Logement"],"inLanguage":"fr-FR","potentialAction":[{"@type":"CommentAction","name":"Comment","target":["https:\/\/blog.insieme.ch\/fr\/logement\/quatre-heures-dans-la-vie-dune-colocation-bien-organisee\/#respond"]}]},{"@type":"WebPage","@id":"https:\/\/blog.insieme.ch\/fr\/logement\/quatre-heures-dans-la-vie-dune-colocation-bien-organisee\/","url":"https:\/\/blog.insieme.ch\/fr\/logement\/quatre-heures-dans-la-vie-dune-colocation-bien-organisee\/","name":"Quatre heures dans la vie d\u2019une colocation bien organis\u00e9e","isPartOf":{"@id":"https:\/\/blog.insieme.ch\/fr\/#website"},"primaryImageOfPage":{"@id":"https:\/\/blog.insieme.ch\/fr\/logement\/quatre-heures-dans-la-vie-dune-colocation-bien-organisee\/#primaryimage"},"image":{"@id":"https:\/\/blog.insieme.ch\/fr\/logement\/quatre-heures-dans-la-vie-dune-colocation-bien-organisee\/#primaryimage"},"thumbnailUrl":"https:\/\/blog.insieme.ch\/wp-inside\/uploads\/2022\/06\/2022-01-18_insieme_vergers-meyrin_tardy-web-051-1.jpg","datePublished":"2022-08-25T07:00:00+00:00","breadcrumb":{"@id":"https:\/\/blog.insieme.ch\/fr\/logement\/quatre-heures-dans-la-vie-dune-colocation-bien-organisee\/#breadcrumb"},"inLanguage":"fr-FR","potentialAction":[{"@type":"ReadAction","target":["https:\/\/blog.insieme.ch\/fr\/logement\/quatre-heures-dans-la-vie-dune-colocation-bien-organisee\/"]}]},{"@type":"ImageObject","inLanguage":"fr-FR","@id":"https:\/\/blog.insieme.ch\/fr\/logement\/quatre-heures-dans-la-vie-dune-colocation-bien-organisee\/#primaryimage","url":"https:\/\/blog.insieme.ch\/wp-inside\/uploads\/2022\/06\/2022-01-18_insieme_vergers-meyrin_tardy-web-051-1.jpg","contentUrl":"https:\/\/blog.insieme.ch\/wp-inside\/uploads\/2022\/06\/2022-01-18_insieme_vergers-meyrin_tardy-web-051-1.jpg","width":1042,"height":629,"caption":"Markus Wittekind et Maya El Hakim sur le balcon dans leur logement aux Vergers \u00a9 Antoine Tardy"},{"@type":"BreadcrumbList","@id":"https:\/\/blog.insieme.ch\/fr\/logement\/quatre-heures-dans-la-vie-dune-colocation-bien-organisee\/#breadcrumb","itemListElement":[{"@type":"ListItem","position":1,"name":"Accueil","item":"https:\/\/blog.insieme.ch\/fr\/"},{"@type":"ListItem","position":2,"name":"Logement","item":"https:\/\/blog.insieme.ch\/fr\/logement\/"},{"@type":"ListItem","position":3,"name":"Quatre heures dans la vie d\u2019une colocation bien organis\u00e9e"}]},{"@type":"WebSite","@id":"https:\/\/blog.insieme.ch\/fr\/#website","url":"https:\/\/blog.insieme.ch\/fr\/","name":"insieme Blog","description":"Alles ausser gew\u00f6hnlich","publisher":{"@id":"https:\/\/blog.insieme.ch\/fr\/#organization"},"potentialAction":[{"@type":"SearchAction","target":{"@type":"EntryPoint","urlTemplate":"https:\/\/blog.insieme.ch\/fr\/?s={search_term_string}"},"query-input":{"@type":"PropertyValueSpecification","valueRequired":true,"valueName":"search_term_string"}}],"inLanguage":"fr-FR"},{"@type":"Organization","@id":"https:\/\/blog.insieme.ch\/fr\/#organization","name":"insieme Blog","url":"https:\/\/blog.insieme.ch\/fr\/","logo":{"@type":"ImageObject","inLanguage":"fr-FR","@id":"https:\/\/blog.insieme.ch\/fr\/#\/schema\/logo\/image\/","url":"https:\/\/blog.insieme.ch\/wp-inside\/uploads\/2021\/04\/logo-insieme-blog.png","contentUrl":"https:\/\/blog.insieme.ch\/wp-inside\/uploads\/2021\/04\/logo-insieme-blog.png","width":280,"height":81,"caption":"insieme Blog"},"image":{"@id":"https:\/\/blog.insieme.ch\/fr\/#\/schema\/logo\/image\/"},"sameAs":["https:\/\/www.facebook.com\/insiemeSuisse\/","https:\/\/x.com\/insiemeSuisse"]},{"@type":"Person","@id":"https:\/\/blog.insieme.ch\/fr\/#\/schema\/person\/3221ad8fe089e1e3b6f9a5ea253e648c","name":"Lise Tran","image":{"@type":"ImageObject","inLanguage":"fr-FR","@id":"https:\/\/secure.gravatar.com\/avatar\/4c1028ac8c35a45d0420275ec991fe6d9964020c33f7db80209f71a09cbfc3a8?s=96&d=mm&r=g","url":"https:\/\/secure.gravatar.com\/avatar\/4c1028ac8c35a45d0420275ec991fe6d9964020c33f7db80209f71a09cbfc3a8?s=96&d=mm&r=g","contentUrl":"https:\/\/secure.gravatar.com\/avatar\/4c1028ac8c35a45d0420275ec991fe6d9964020c33f7db80209f71a09cbfc3a8?s=96&d=mm&r=g","caption":"Lise Tran"},"description":"Communication insieme","url":"https:\/\/blog.insieme.ch\/fr\/author\/lise-tran\/"}]}},"featured_media_url":"https:\/\/blog.insieme.ch\/wp-inside\/uploads\/2022\/06\/2022-01-18_insieme_vergers-meyrin_tardy-web-051-1-1024x618.jpg","_links":{"self":[{"href":"https:\/\/blog.insieme.ch\/fr\/wp-json\/wp\/v2\/posts\/3795","targetHints":{"allow":["GET"]}}],"collection":[{"href":"https:\/\/blog.insieme.ch\/fr\/wp-json\/wp\/v2\/posts"}],"about":[{"href":"https:\/\/blog.insieme.ch\/fr\/wp-json\/wp\/v2\/types\/post"}],"author":[{"embeddable":true,"href":"https:\/\/blog.insieme.ch\/fr\/wp-json\/wp\/v2\/users\/2"}],"replies":[{"embeddable":true,"href":"https:\/\/blog.insieme.ch\/fr\/wp-json\/wp\/v2\/comments?post=3795"}],"version-history":[{"count":10,"href":"https:\/\/blog.insieme.ch\/fr\/wp-json\/wp\/v2\/posts\/3795\/revisions"}],"predecessor-version":[{"id":4022,"href":"https:\/\/blog.insieme.ch\/fr\/wp-json\/wp\/v2\/posts\/3795\/revisions\/4022"}],"wp:featuredmedia":[{"embeddable":true,"href":"https:\/\/blog.insieme.ch\/fr\/wp-json\/wp\/v2\/media\/3936"}],"wp:attachment":[{"href":"https:\/\/blog.insieme.ch\/fr\/wp-json\/wp\/v2\/media?parent=3795"}],"wp:term":[{"taxonomy":"category","embeddable":true,"href":"https:\/\/blog.insieme.ch\/fr\/wp-json\/wp\/v2\/categories?post=3795"},{"taxonomy":"post_tag","embeddable":true,"href":"https:\/\/blog.insieme.ch\/fr\/wp-json\/wp\/v2\/tags?post=3795"}],"curies":[{"name":"wp","href":"https:\/\/api.w.org\/{rel}","templated":true}]}}