{"id":3783,"date":"2022-06-02T09:39:51","date_gmt":"2022-06-02T07:39:51","guid":{"rendered":"https:\/\/blog.insieme.ch\/?p=3783"},"modified":"2022-05-17T11:11:13","modified_gmt":"2022-05-17T09:11:13","slug":"droit-de-vote-pour-toutes-et-tous-quid-des-personnes-concernees","status":"publish","type":"post","link":"https:\/\/blog.insieme.ch\/fr\/inclusion\/droit-de-vote-pour-toutes-et-tous-quid-des-personnes-concernees\/","title":{"rendered":"Droit de vote pour toutes et tous&#160;: quid des personnes concern\u00e9es&#160;?"},"content":{"rendered":"<p><!-- flzn:zn_pagebanner --><\/p>\n<header id=\"flzn-pagebanner-1\" class=\"zone zn-pagebanner is-alignfull with-bg bg-color is-bgc-yellow-light\"><span class=\"zone-bg bg-color bgc-yellow-light alignfull\"><\/span><\/p>\n<div class=\"zone-block zn-pagebanner-block alignfull va-center\"><\/div>\n<\/header>\n<p><!-- \/flzn:zn_pagebanner --><br \/>\n<!-- flzn:zn_text --><\/p>\n<div id=\"flzn-text-1\" class=\"zone zn-text is-alignwide\">\n<div class=\"zone-block zn-text-block alignwide va-top\">\n<div class=\"row mw-content-zone zn-text-row\">\n<div class=\"columns large-12\">\n<div class=\"row large-up-1 with-nice-alignment nbloc-1\">\n<div class=\"column zn-text-col\">\n<div class=\"column-inner\">\n<div class=\"wig-content mw-content\">\n<h4><strong>Les <a href=\"https:\/\/www.epi.ge.ch\/les-epi\/accueil\/\">Etablissements publics pour l\u2019int\u00e9gration (EPI)<\/a> \u00e0 Gen\u00e8ve ont mis sur pied un accompagnement \u00e0 la participation politique. Interview de deux des ses r\u00e9sidentes.<\/strong><\/h4>\n<p><!--more--><\/p>\n<\/p><\/div>\n<\/p><\/div>\n<\/p><\/div>\n<\/p><\/div>\n<\/p><\/div>\n<\/p><\/div>\n<\/div>\n<\/div>\n<p><!-- \/flzn:zn_text --><br \/>\n<!-- flzn:zn_quote --><\/p>\n<div id=\"flzn-quote-1\" class=\"zone zn-quote is-alignsimple\">\n<div class=\"zone-block zn-quote-block alignsimple va-top\">\n<div class=\"row mw-content-zone\">\n<div class=\"large-12 columns\">\n<div class=\"quotebox with-img\">\n<div class=\"quotebox-inner\">\n<figure class=\"quotebox-img\">\n\t\t\t\t\t\t\t<img decoding=\"async\" src=\"https:\/\/blog.insieme.ch\/wp-inside\/uploads\/2022\/05\/article-10_-photo-nadia-depuydt-150x150.jpg\" alt=\"Nadia Depuydt\" \/><br \/>\n\t\t\t\t\t\t<\/figure>\n<blockquote class=\"quotebox-content\">\n<div class=\"quotebox-content-inner\">\n<p class=\"quotebox-desc\">J\u2019aurais besoin de cours de politique<\/p>\n<p>\t\t\t\t\t\t\t\t\t\t\t\t\t\t<cite class=\"quotebox-author\"><br \/>\n\t\t\t\t\t\t\t\t<span class=\"quotebox-name\">Nadia Depuydt<\/span>, \t\t\t\t\t\t\t\t<span class=\"quotebox-nameinfos\">porteuse d\u2019autisme Asperger, r\u00e9sidente aux EPI \u00e0 Gen\u00e8ve et \u00e9l\u00e8ve \u00e0 l\u2019\u00e9cole de culture g\u00e9n\u00e9rale Jean-Piaget<\/span>\t\t\t\t\t\t\t<\/cite>\n\t\t\t\t\t\t\t\t\t\t\t\t\t<\/div>\n<\/blockquote><\/div>\n<\/p><\/div>\n<\/p><\/div>\n<\/p><\/div>\n<\/div>\n<\/div>\n<p><!-- \/flzn:zn_quote --><br \/>\n<!-- flzn:zn_text --><\/p>\n<div id=\"flzn-text-2\" class=\"zone zn-text is-alignwide\">\n<div class=\"zone-block zn-text-block alignwide va-top\">\n<div class=\"row mw-content-zone zn-text-row\">\n<div class=\"columns large-12\">\n<div class=\"row large-up-1 with-nice-alignment nbloc-1\">\n<div class=\"column zn-text-col\">\n<div class=\"column-inner\">\n<div class=\"wig-content mw-content\">\n<p><em><strong>Depuis que le droit de vote a \u00e9t\u00e9 octroy\u00e9 \u00e0 tout le monde dans le canton de Gen\u00e8ve, est-ce que vous avez vot\u00e9&#160;&#160;? Pourquoi&#160;&#160;?<\/strong><\/em><\/p>\n<p>Non parce que cela ne m\u2019int\u00e9ressait pas. Je trouvais que \u00e7a ne servait \u00e0 rien, mais l\u00e0 maintenant je vais voter parce que je pense que \u00e7a sert quand m\u00eame \u00e0 quelque chose et pour le plaisir. \u00c7a m\u2019int\u00e9resse car je veux que mon opinion soit prise en compte et j\u2019esp\u00e8re que \u00e7a apporte des changements. Je suis plut\u00f4t int\u00e9ress\u00e9e par tout ce qui est politique.<\/p>\n<blockquote>\n<p>Je trouvais que \u00e7a ne servait \u00e0 rien, mais l\u00e0 maintenant je vais voter parce que je pense que \u00e7a sert quand m\u00eame \u00e0 quelque chose et pour le plaisir.<\/p>\n<\/blockquote>\n<p><strong><em>O\u00f9 allez-vous chercher les informations sur les sujets politiques&#160;&#160;? Qu\u2019est-ce qui pourrait vous \u00eatre utile pour vous aider \u00e0 vous informer&#160;&#160;?<\/em><\/strong><\/p>\n<p>Je m\u2019informe sur le site Wikip\u00e9dia. J\u2019aurais besoin de cours de politique. Autrement des \u00e9changes seraient utiles avec, si possible, des personnes sans handicap.<\/p>\n<p><strong><em>Certaines personnes pensent que le droit de vote ne devrait pas \u00eatre accord\u00e9 \u00e0 toutes les personnes en situation de handicap. Qu\u2019en pensez-vous&#160;&#160;?<\/em><\/strong><\/p>\n<p>Je pense que \u00e7a d\u00e9pend du handicap. Si la personne a une d\u00e9ficience intellectuelle, c\u2019est mieux qu\u2019elle ne vote pas je pense.<\/p>\n<p><em><strong>D\u2019autres personnes pensent que les curateurs ou les \u00e9ducateurs vont voter \u00e0 la place des personnes en situation de handicap&#160;&#160;? Pensez-vous que c\u2019est un risque que quelqu\u2019un vote \u00e0 votre place&#160;&#160;?<\/strong><\/em><\/p>\n<p>Non il n\u2019y a pas de risque car j\u2019ai la capacit\u00e9 de discernement, j\u2019ai un QI normal, bas mais normal.<\/p>\n<\/p><\/div>\n<\/p><\/div>\n<\/p><\/div>\n<\/p><\/div>\n<\/p><\/div>\n<\/p><\/div>\n<\/div>\n<\/div>\n<p><!-- \/flzn:zn_text --><br \/>\n<!-- flzn:zn_quote --><\/p>\n<div id=\"flzn-quote-2\" class=\"zone zn-quote is-alignsimple\">\n<div class=\"zone-block zn-quote-block alignsimple va-top\">\n<div class=\"row mw-content-zone\">\n<div class=\"large-12 columns\">\n<div class=\"quotebox with-img\">\n<div class=\"quotebox-inner\">\n<figure class=\"quotebox-img\">\n\t\t\t\t\t\t\t<img decoding=\"async\" src=\"https:\/\/blog.insieme.ch\/wp-inside\/uploads\/2022\/05\/article-10_-photo-sarah-mottet-150x150.jpg\" alt=\"Sarah Mottet\" \/><br \/>\n\t\t\t\t\t\t<\/figure>\n<blockquote class=\"quotebox-content\">\n<div class=\"quotebox-content-inner\">\n<p class=\"quotebox-desc\">Je ne suis pas trop au courant<\/p>\n<p>\t\t\t\t\t\t\t\t\t\t\t\t\t\t<cite class=\"quotebox-author\"><br \/>\n\t\t\t\t\t\t\t\t<span class=\"quotebox-name\">Sarah Mottet<\/span>, \t\t\t\t\t\t\t\t<span class=\"quotebox-nameinfos\">r\u00e9sidente et collaboratrice en emploi adapt\u00e9 aux EPI \u00e0 Gen\u00e8ve<\/span>\t\t\t\t\t\t\t<\/cite>\n\t\t\t\t\t\t\t\t\t\t\t\t\t<\/div>\n<\/blockquote><\/div>\n<\/p><\/div>\n<\/p><\/div>\n<\/p><\/div>\n<\/div>\n<\/div>\n<p><!-- \/flzn:zn_quote --><br \/>\n<!-- flzn:zn_text --><\/p>\n<div id=\"flzn-text-3\" class=\"zone zn-text is-alignwide\">\n<div class=\"zone-block zn-text-block alignwide va-top\">\n<div class=\"row mw-content-zone zn-text-row\">\n<div class=\"columns large-12\">\n<div class=\"row large-up-1 with-nice-alignment nbloc-1\">\n<div class=\"column zn-text-col\">\n<div class=\"column-inner\">\n<div class=\"wig-content mw-content\">\n<p><strong><em>Depuis que le droit de vote a \u00e9t\u00e9 octroy\u00e9 \u00e0 tout le monde dans le canton de Gen\u00e8ve, est-ce que vous votez&#160;&#160;?<\/em><\/strong><\/p>\n<p>Je ne suis pas trop au courant du coup je ne vais pas voter.<\/p>\n<blockquote>\n<p>C\u2019est int\u00e9ressant de voter, on apprend des choses.<\/p>\n<\/blockquote>\n<p><strong><em>Mais si on mettait du mat\u00e9riel adapt\u00e9 \u00e0 votre disposition, est-ce que vous iriez voter&#160;&#160;?<\/em><\/strong><\/p>\n<p>Oui pourquoi pas&#160;&#160;! C\u2019est int\u00e9ressant de voter, on apprend des choses. Moi je suis contente de pouvoir faire \u00e7a, en plus c\u2019est ma premi\u00e8re fois&#160;&#160;!<\/p>\n<p>&nbsp;<\/p>\n<\/p><\/div>\n<\/p><\/div>\n<\/p><\/div>\n<\/p><\/div>\n<\/p><\/div>\n<\/p><\/div>\n<\/div>\n<\/div>\n<p><!-- \/flzn:zn_text --><br \/>\n<!-- flzn:zn_text --><\/p>\n<div id=\"flzn-text-4\" class=\"zone zn-text is-alignwide with-bg bg-color is-bgc-white\"><span class=\"zone-bg bg-color bgc-white alignfull\"><\/span><\/p>\n<div class=\"zone-block zn-text-block pdd-top pdd-bottom alignwide va-top\">\n<div class=\"row mw-content-zone zn-text-row\">\n<div class=\"columns large-12\">\n<div class=\"row large-up-1 with-nice-alignment nbloc-1\">\n<div class=\"column zn-text-col\">\n<div class=\"column-inner\">\n<div class=\"wig-content mw-content\">\n<p><em>L\u2019interview ainsi que d&#8217;autres sujets sur le droit de vote est parue dans le num\u00e9ro de d\u00e9cembre 12\/2021 de Pages Romandes, commandable\u00a0 par email \u00e0 <strong><a href=\"mailto:sarah.cornaz@bluewin.ch\" target=\"_blank\" rel=\"noopener\">sarah.cornaz@bluewin.ch<\/a><\/strong><\/em><\/p>\n<p><em><a href=\"http:\/\/www.pagesromandes.ch\/\"><img decoding=\"async\" loading=\"lazy\" class=\"alignleft wp-image-2518 size-full\" src=\"https:\/\/blog.insieme.ch\/wp-inside\/uploads\/2021\/09\/logo-pages-romandes.png\" alt=\"\" width=\"282\" height=\"117\" \/><\/a><\/em><\/p>\n<p>&nbsp;<\/p>\n<p><em>Abonnement annuel (45CHF \/ an pour 4 num\u00e9ros)&#160;&#160;:\u00a0<strong><a href=\"http:\/\/www.pagesromandes.ch\/abonnement\" target=\"_blank\" rel=\"noopener\">www.pagesromandes.ch\/abonnement\u00a0<\/a><\/strong><\/em><\/p>\n<\/p><\/div>\n<\/p><\/div>\n<\/p><\/div>\n<\/p><\/div>\n<\/p><\/div>\n<\/p><\/div>\n<\/div>\n<\/div>\n<p><!-- \/flzn:zn_text --><\/p>\n","protected":false},"excerpt":{"rendered":"<p>Les Etablissements publics pour l\u2019int\u00e9gration (EPI) \u00e0 Gen\u00e8ve ont mis sur pied un accompagnement \u00e0 la participation politique. Interview de deux r\u00e9sidentes qui ont depuis peu le droit de vote.<\/p>\n","protected":false},"author":18,"featured_media":3838,"comment_status":"open","ping_status":"open","sticky":false,"template":"","format":"standard","meta":{"_acf_changed":false,"footnotes":""},"categories":[17],"tags":[41,47,44],"class_list":["post-3783","post","type-post","status-publish","format-standard","has-post-thumbnail","hentry","category-inclusion","tag-accompagnement","tag-autodetermination","tag-politique","wp-sticky"],"acf":[],"yoast_head":"<!-- This site is optimized with the Yoast SEO plugin v27.5 - https:\/\/yoast.com\/product\/yoast-seo-wordpress\/ -->\n<title>Droit de vote pour toutes et tous\u00a0: quid des personnes concern\u00e9es\u00a0?<\/title>\n<meta name=\"description\" content=\"Interview de deux r\u00e9sidentes des Etablissements publics pour l\u2019int\u00e9gration (EPI) \u00e0 Gen\u00e8ve qui ont depuis peu le droit de vote.\" \/>\n<meta name=\"robots\" content=\"index, follow, max-snippet:-1, max-image-preview:large, max-video-preview:-1\" \/>\n<link rel=\"canonical\" href=\"https:\/\/blog.insieme.ch\/fr\/inclusion\/droit-de-vote-pour-toutes-et-tous-quid-des-personnes-concernees\/\" \/>\n<meta property=\"og:locale\" content=\"fr_FR\" \/>\n<meta property=\"og:type\" content=\"article\" \/>\n<meta property=\"og:title\" content=\"Droit de vote pour toutes et tous\u00a0: quid des personnes concern\u00e9es\u00a0?\" \/>\n<meta property=\"og:description\" content=\"Interview de deux r\u00e9sidentes des Etablissements publics pour l\u2019int\u00e9gration (EPI) \u00e0 Gen\u00e8ve qui ont depuis peu le droit de vote.\" \/>\n<meta property=\"og:url\" content=\"https:\/\/blog.insieme.ch\/fr\/inclusion\/droit-de-vote-pour-toutes-et-tous-quid-des-personnes-concernees\/\" \/>\n<meta property=\"og:site_name\" content=\"insieme Blog\" \/>\n<meta property=\"article:publisher\" content=\"https:\/\/www.facebook.com\/insiemeSuisse\/\" \/>\n<meta property=\"article:published_time\" content=\"2022-06-02T07:39:51+00:00\" \/>\n<meta property=\"og:image\" content=\"https:\/\/blog.insieme.ch\/wp-inside\/uploads\/2022\/06\/epi-itw-pro.jpg\" \/>\n\t<meta property=\"og:image:width\" content=\"1920\" \/>\n\t<meta property=\"og:image:height\" content=\"1080\" \/>\n\t<meta property=\"og:image:type\" content=\"image\/jpeg\" \/>\n<meta name=\"author\" content=\"Sarah Cornaz\" \/>\n<meta name=\"twitter:card\" content=\"summary_large_image\" \/>\n<meta name=\"twitter:creator\" content=\"@insiemeSuisse\" \/>\n<meta name=\"twitter:site\" content=\"@insiemeSuisse\" \/>\n<meta name=\"twitter:label1\" content=\"\u00c9crit par\" \/>\n\t<meta name=\"twitter:data1\" content=\"Sarah Cornaz\" \/>\n\t<meta name=\"twitter:label2\" content=\"Dur\u00e9e de lecture estim\u00e9e\" \/>\n\t<meta name=\"twitter:data2\" content=\"2 minutes\" \/>\n<script type=\"application\/ld+json\" class=\"yoast-schema-graph\">{\"@context\":\"https:\\\/\\\/schema.org\",\"@graph\":[{\"@type\":\"Article\",\"@id\":\"https:\\\/\\\/blog.insieme.ch\\\/fr\\\/inclusion\\\/droit-de-vote-pour-toutes-et-tous-quid-des-personnes-concernees\\\/#article\",\"isPartOf\":{\"@id\":\"https:\\\/\\\/blog.insieme.ch\\\/fr\\\/inclusion\\\/droit-de-vote-pour-toutes-et-tous-quid-des-personnes-concernees\\\/\"},\"author\":{\"name\":\"Sarah Cornaz\",\"@id\":\"https:\\\/\\\/blog.insieme.ch\\\/fr\\\/#\\\/schema\\\/person\\\/4abd487d1a20fd75785a6c1acf29aada\"},\"headline\":\"Droit de vote pour toutes et tous&#160;: quid des personnes concern\u00e9es&#160;?\",\"datePublished\":\"2022-06-02T07:39:51+00:00\",\"mainEntityOfPage\":{\"@id\":\"https:\\\/\\\/blog.insieme.ch\\\/fr\\\/inclusion\\\/droit-de-vote-pour-toutes-et-tous-quid-des-personnes-concernees\\\/\"},\"wordCount\":501,\"commentCount\":0,\"publisher\":{\"@id\":\"https:\\\/\\\/blog.insieme.ch\\\/fr\\\/#organization\"},\"image\":{\"@id\":\"https:\\\/\\\/blog.insieme.ch\\\/fr\\\/inclusion\\\/droit-de-vote-pour-toutes-et-tous-quid-des-personnes-concernees\\\/#primaryimage\"},\"thumbnailUrl\":\"https:\\\/\\\/blog.insieme.ch\\\/wp-inside\\\/uploads\\\/2022\\\/06\\\/epi-itw-pro.jpg\",\"keywords\":[\"Accompagnement\",\"Autod\u00e9termination\",\"Politique\"],\"articleSection\":[\"Inclusion\"],\"inLanguage\":\"fr-FR\",\"potentialAction\":[{\"@type\":\"CommentAction\",\"name\":\"Comment\",\"target\":[\"https:\\\/\\\/blog.insieme.ch\\\/fr\\\/inclusion\\\/droit-de-vote-pour-toutes-et-tous-quid-des-personnes-concernees\\\/#respond\"]}]},{\"@type\":\"WebPage\",\"@id\":\"https:\\\/\\\/blog.insieme.ch\\\/fr\\\/inclusion\\\/droit-de-vote-pour-toutes-et-tous-quid-des-personnes-concernees\\\/\",\"url\":\"https:\\\/\\\/blog.insieme.ch\\\/fr\\\/inclusion\\\/droit-de-vote-pour-toutes-et-tous-quid-des-personnes-concernees\\\/\",\"name\":\"Droit de vote pour toutes et tous\u00a0: quid des personnes concern\u00e9es\u00a0?\",\"isPartOf\":{\"@id\":\"https:\\\/\\\/blog.insieme.ch\\\/fr\\\/#website\"},\"primaryImageOfPage\":{\"@id\":\"https:\\\/\\\/blog.insieme.ch\\\/fr\\\/inclusion\\\/droit-de-vote-pour-toutes-et-tous-quid-des-personnes-concernees\\\/#primaryimage\"},\"image\":{\"@id\":\"https:\\\/\\\/blog.insieme.ch\\\/fr\\\/inclusion\\\/droit-de-vote-pour-toutes-et-tous-quid-des-personnes-concernees\\\/#primaryimage\"},\"thumbnailUrl\":\"https:\\\/\\\/blog.insieme.ch\\\/wp-inside\\\/uploads\\\/2022\\\/06\\\/epi-itw-pro.jpg\",\"datePublished\":\"2022-06-02T07:39:51+00:00\",\"description\":\"Interview de deux r\u00e9sidentes des Etablissements publics pour l\u2019int\u00e9gration (EPI) \u00e0 Gen\u00e8ve qui ont depuis peu le droit de vote.\",\"breadcrumb\":{\"@id\":\"https:\\\/\\\/blog.insieme.ch\\\/fr\\\/inclusion\\\/droit-de-vote-pour-toutes-et-tous-quid-des-personnes-concernees\\\/#breadcrumb\"},\"inLanguage\":\"fr-FR\",\"potentialAction\":[{\"@type\":\"ReadAction\",\"target\":[\"https:\\\/\\\/blog.insieme.ch\\\/fr\\\/inclusion\\\/droit-de-vote-pour-toutes-et-tous-quid-des-personnes-concernees\\\/\"]}]},{\"@type\":\"ImageObject\",\"inLanguage\":\"fr-FR\",\"@id\":\"https:\\\/\\\/blog.insieme.ch\\\/fr\\\/inclusion\\\/droit-de-vote-pour-toutes-et-tous-quid-des-personnes-concernees\\\/#primaryimage\",\"url\":\"https:\\\/\\\/blog.insieme.ch\\\/wp-inside\\\/uploads\\\/2022\\\/06\\\/epi-itw-pro.jpg\",\"contentUrl\":\"https:\\\/\\\/blog.insieme.ch\\\/wp-inside\\\/uploads\\\/2022\\\/06\\\/epi-itw-pro.jpg\",\"width\":1920,\"height\":1080},{\"@type\":\"BreadcrumbList\",\"@id\":\"https:\\\/\\\/blog.insieme.ch\\\/fr\\\/inclusion\\\/droit-de-vote-pour-toutes-et-tous-quid-des-personnes-concernees\\\/#breadcrumb\",\"itemListElement\":[{\"@type\":\"ListItem\",\"position\":1,\"name\":\"Accueil\",\"item\":\"https:\\\/\\\/blog.insieme.ch\\\/fr\\\/\"},{\"@type\":\"ListItem\",\"position\":2,\"name\":\"Inclusion\",\"item\":\"https:\\\/\\\/blog.insieme.ch\\\/fr\\\/inclusion\\\/\"},{\"@type\":\"ListItem\",\"position\":3,\"name\":\"Droit de vote pour toutes et tous\u00a0: quid des personnes concern\u00e9es\u00a0?\"}]},{\"@type\":\"WebSite\",\"@id\":\"https:\\\/\\\/blog.insieme.ch\\\/fr\\\/#website\",\"url\":\"https:\\\/\\\/blog.insieme.ch\\\/fr\\\/\",\"name\":\"insieme Blog\",\"description\":\"Alles ausser gew\u00f6hnlich\",\"publisher\":{\"@id\":\"https:\\\/\\\/blog.insieme.ch\\\/fr\\\/#organization\"},\"potentialAction\":[{\"@type\":\"SearchAction\",\"target\":{\"@type\":\"EntryPoint\",\"urlTemplate\":\"https:\\\/\\\/blog.insieme.ch\\\/fr\\\/?s={search_term_string}\"},\"query-input\":{\"@type\":\"PropertyValueSpecification\",\"valueRequired\":true,\"valueName\":\"search_term_string\"}}],\"inLanguage\":\"fr-FR\"},{\"@type\":\"Organization\",\"@id\":\"https:\\\/\\\/blog.insieme.ch\\\/fr\\\/#organization\",\"name\":\"insieme Blog\",\"url\":\"https:\\\/\\\/blog.insieme.ch\\\/fr\\\/\",\"logo\":{\"@type\":\"ImageObject\",\"inLanguage\":\"fr-FR\",\"@id\":\"https:\\\/\\\/blog.insieme.ch\\\/fr\\\/#\\\/schema\\\/logo\\\/image\\\/\",\"url\":\"https:\\\/\\\/blog.insieme.ch\\\/wp-inside\\\/uploads\\\/2021\\\/04\\\/logo-insieme-blog.png\",\"contentUrl\":\"https:\\\/\\\/blog.insieme.ch\\\/wp-inside\\\/uploads\\\/2021\\\/04\\\/logo-insieme-blog.png\",\"width\":280,\"height\":81,\"caption\":\"insieme Blog\"},\"image\":{\"@id\":\"https:\\\/\\\/blog.insieme.ch\\\/fr\\\/#\\\/schema\\\/logo\\\/image\\\/\"},\"sameAs\":[\"https:\\\/\\\/www.facebook.com\\\/insiemeSuisse\\\/\",\"https:\\\/\\\/x.com\\\/insiemeSuisse\"]},{\"@type\":\"Person\",\"@id\":\"https:\\\/\\\/blog.insieme.ch\\\/fr\\\/#\\\/schema\\\/person\\\/4abd487d1a20fd75785a6c1acf29aada\",\"name\":\"Sarah Cornaz\",\"image\":{\"@type\":\"ImageObject\",\"inLanguage\":\"fr-FR\",\"@id\":\"https:\\\/\\\/secure.gravatar.com\\\/avatar\\\/d51e6f85ca60c293e4474895ae2ce5441ee8317a1224fcf89b478932464eb57a?s=96&d=mm&r=g\",\"url\":\"https:\\\/\\\/secure.gravatar.com\\\/avatar\\\/d51e6f85ca60c293e4474895ae2ce5441ee8317a1224fcf89b478932464eb57a?s=96&d=mm&r=g\",\"contentUrl\":\"https:\\\/\\\/secure.gravatar.com\\\/avatar\\\/d51e6f85ca60c293e4474895ae2ce5441ee8317a1224fcf89b478932464eb57a?s=96&d=mm&r=g\",\"caption\":\"Sarah Cornaz\"},\"description\":\"Directrice de Pages Romandes\",\"url\":\"https:\\\/\\\/blog.insieme.ch\\\/fr\\\/author\\\/sarah-cornaz\\\/\"}]}<\/script>\n<!-- \/ Yoast SEO plugin. -->","yoast_head_json":{"title":"Droit de vote pour toutes et tous\u00a0: quid des personnes concern\u00e9es\u00a0?","description":"Interview de deux r\u00e9sidentes des Etablissements publics pour l\u2019int\u00e9gration (EPI) \u00e0 Gen\u00e8ve qui ont depuis peu le droit de vote.","robots":{"index":"index","follow":"follow","max-snippet":"max-snippet:-1","max-image-preview":"max-image-preview:large","max-video-preview":"max-video-preview:-1"},"canonical":"https:\/\/blog.insieme.ch\/fr\/inclusion\/droit-de-vote-pour-toutes-et-tous-quid-des-personnes-concernees\/","og_locale":"fr_FR","og_type":"article","og_title":"Droit de vote pour toutes et tous\u00a0: quid des personnes concern\u00e9es\u00a0?","og_description":"Interview de deux r\u00e9sidentes des Etablissements publics pour l\u2019int\u00e9gration (EPI) \u00e0 Gen\u00e8ve qui ont depuis peu le droit de vote.","og_url":"https:\/\/blog.insieme.ch\/fr\/inclusion\/droit-de-vote-pour-toutes-et-tous-quid-des-personnes-concernees\/","og_site_name":"insieme Blog","article_publisher":"https:\/\/www.facebook.com\/insiemeSuisse\/","article_published_time":"2022-06-02T07:39:51+00:00","og_image":[{"width":1920,"height":1080,"url":"https:\/\/blog.insieme.ch\/wp-inside\/uploads\/2022\/06\/epi-itw-pro.jpg","type":"image\/jpeg"}],"author":"Sarah Cornaz","twitter_card":"summary_large_image","twitter_creator":"@insiemeSuisse","twitter_site":"@insiemeSuisse","twitter_misc":{"\u00c9crit par":"Sarah Cornaz","Dur\u00e9e de lecture estim\u00e9e":"2 minutes"},"schema":{"@context":"https:\/\/schema.org","@graph":[{"@type":"Article","@id":"https:\/\/blog.insieme.ch\/fr\/inclusion\/droit-de-vote-pour-toutes-et-tous-quid-des-personnes-concernees\/#article","isPartOf":{"@id":"https:\/\/blog.insieme.ch\/fr\/inclusion\/droit-de-vote-pour-toutes-et-tous-quid-des-personnes-concernees\/"},"author":{"name":"Sarah Cornaz","@id":"https:\/\/blog.insieme.ch\/fr\/#\/schema\/person\/4abd487d1a20fd75785a6c1acf29aada"},"headline":"Droit de vote pour toutes et tous&#160;: quid des personnes concern\u00e9es&#160;?","datePublished":"2022-06-02T07:39:51+00:00","mainEntityOfPage":{"@id":"https:\/\/blog.insieme.ch\/fr\/inclusion\/droit-de-vote-pour-toutes-et-tous-quid-des-personnes-concernees\/"},"wordCount":501,"commentCount":0,"publisher":{"@id":"https:\/\/blog.insieme.ch\/fr\/#organization"},"image":{"@id":"https:\/\/blog.insieme.ch\/fr\/inclusion\/droit-de-vote-pour-toutes-et-tous-quid-des-personnes-concernees\/#primaryimage"},"thumbnailUrl":"https:\/\/blog.insieme.ch\/wp-inside\/uploads\/2022\/06\/epi-itw-pro.jpg","keywords":["Accompagnement","Autod\u00e9termination","Politique"],"articleSection":["Inclusion"],"inLanguage":"fr-FR","potentialAction":[{"@type":"CommentAction","name":"Comment","target":["https:\/\/blog.insieme.ch\/fr\/inclusion\/droit-de-vote-pour-toutes-et-tous-quid-des-personnes-concernees\/#respond"]}]},{"@type":"WebPage","@id":"https:\/\/blog.insieme.ch\/fr\/inclusion\/droit-de-vote-pour-toutes-et-tous-quid-des-personnes-concernees\/","url":"https:\/\/blog.insieme.ch\/fr\/inclusion\/droit-de-vote-pour-toutes-et-tous-quid-des-personnes-concernees\/","name":"Droit de vote pour toutes et tous\u00a0: quid des personnes concern\u00e9es\u00a0?","isPartOf":{"@id":"https:\/\/blog.insieme.ch\/fr\/#website"},"primaryImageOfPage":{"@id":"https:\/\/blog.insieme.ch\/fr\/inclusion\/droit-de-vote-pour-toutes-et-tous-quid-des-personnes-concernees\/#primaryimage"},"image":{"@id":"https:\/\/blog.insieme.ch\/fr\/inclusion\/droit-de-vote-pour-toutes-et-tous-quid-des-personnes-concernees\/#primaryimage"},"thumbnailUrl":"https:\/\/blog.insieme.ch\/wp-inside\/uploads\/2022\/06\/epi-itw-pro.jpg","datePublished":"2022-06-02T07:39:51+00:00","description":"Interview de deux r\u00e9sidentes des Etablissements publics pour l\u2019int\u00e9gration (EPI) \u00e0 Gen\u00e8ve qui ont depuis peu le droit de vote.","breadcrumb":{"@id":"https:\/\/blog.insieme.ch\/fr\/inclusion\/droit-de-vote-pour-toutes-et-tous-quid-des-personnes-concernees\/#breadcrumb"},"inLanguage":"fr-FR","potentialAction":[{"@type":"ReadAction","target":["https:\/\/blog.insieme.ch\/fr\/inclusion\/droit-de-vote-pour-toutes-et-tous-quid-des-personnes-concernees\/"]}]},{"@type":"ImageObject","inLanguage":"fr-FR","@id":"https:\/\/blog.insieme.ch\/fr\/inclusion\/droit-de-vote-pour-toutes-et-tous-quid-des-personnes-concernees\/#primaryimage","url":"https:\/\/blog.insieme.ch\/wp-inside\/uploads\/2022\/06\/epi-itw-pro.jpg","contentUrl":"https:\/\/blog.insieme.ch\/wp-inside\/uploads\/2022\/06\/epi-itw-pro.jpg","width":1920,"height":1080},{"@type":"BreadcrumbList","@id":"https:\/\/blog.insieme.ch\/fr\/inclusion\/droit-de-vote-pour-toutes-et-tous-quid-des-personnes-concernees\/#breadcrumb","itemListElement":[{"@type":"ListItem","position":1,"name":"Accueil","item":"https:\/\/blog.insieme.ch\/fr\/"},{"@type":"ListItem","position":2,"name":"Inclusion","item":"https:\/\/blog.insieme.ch\/fr\/inclusion\/"},{"@type":"ListItem","position":3,"name":"Droit de vote pour toutes et tous\u00a0: quid des personnes concern\u00e9es\u00a0?"}]},{"@type":"WebSite","@id":"https:\/\/blog.insieme.ch\/fr\/#website","url":"https:\/\/blog.insieme.ch\/fr\/","name":"insieme Blog","description":"Alles ausser gew\u00f6hnlich","publisher":{"@id":"https:\/\/blog.insieme.ch\/fr\/#organization"},"potentialAction":[{"@type":"SearchAction","target":{"@type":"EntryPoint","urlTemplate":"https:\/\/blog.insieme.ch\/fr\/?s={search_term_string}"},"query-input":{"@type":"PropertyValueSpecification","valueRequired":true,"valueName":"search_term_string"}}],"inLanguage":"fr-FR"},{"@type":"Organization","@id":"https:\/\/blog.insieme.ch\/fr\/#organization","name":"insieme Blog","url":"https:\/\/blog.insieme.ch\/fr\/","logo":{"@type":"ImageObject","inLanguage":"fr-FR","@id":"https:\/\/blog.insieme.ch\/fr\/#\/schema\/logo\/image\/","url":"https:\/\/blog.insieme.ch\/wp-inside\/uploads\/2021\/04\/logo-insieme-blog.png","contentUrl":"https:\/\/blog.insieme.ch\/wp-inside\/uploads\/2021\/04\/logo-insieme-blog.png","width":280,"height":81,"caption":"insieme Blog"},"image":{"@id":"https:\/\/blog.insieme.ch\/fr\/#\/schema\/logo\/image\/"},"sameAs":["https:\/\/www.facebook.com\/insiemeSuisse\/","https:\/\/x.com\/insiemeSuisse"]},{"@type":"Person","@id":"https:\/\/blog.insieme.ch\/fr\/#\/schema\/person\/4abd487d1a20fd75785a6c1acf29aada","name":"Sarah Cornaz","image":{"@type":"ImageObject","inLanguage":"fr-FR","@id":"https:\/\/secure.gravatar.com\/avatar\/d51e6f85ca60c293e4474895ae2ce5441ee8317a1224fcf89b478932464eb57a?s=96&d=mm&r=g","url":"https:\/\/secure.gravatar.com\/avatar\/d51e6f85ca60c293e4474895ae2ce5441ee8317a1224fcf89b478932464eb57a?s=96&d=mm&r=g","contentUrl":"https:\/\/secure.gravatar.com\/avatar\/d51e6f85ca60c293e4474895ae2ce5441ee8317a1224fcf89b478932464eb57a?s=96&d=mm&r=g","caption":"Sarah Cornaz"},"description":"Directrice de Pages Romandes","url":"https:\/\/blog.insieme.ch\/fr\/author\/sarah-cornaz\/"}]}},"featured_media_url":"https:\/\/blog.insieme.ch\/wp-inside\/uploads\/2022\/06\/epi-itw-pro-1024x576.jpg","_links":{"self":[{"href":"https:\/\/blog.insieme.ch\/fr\/wp-json\/wp\/v2\/posts\/3783","targetHints":{"allow":["GET"]}}],"collection":[{"href":"https:\/\/blog.insieme.ch\/fr\/wp-json\/wp\/v2\/posts"}],"about":[{"href":"https:\/\/blog.insieme.ch\/fr\/wp-json\/wp\/v2\/types\/post"}],"author":[{"embeddable":true,"href":"https:\/\/blog.insieme.ch\/fr\/wp-json\/wp\/v2\/users\/18"}],"replies":[{"embeddable":true,"href":"https:\/\/blog.insieme.ch\/fr\/wp-json\/wp\/v2\/comments?post=3783"}],"version-history":[{"count":9,"href":"https:\/\/blog.insieme.ch\/fr\/wp-json\/wp\/v2\/posts\/3783\/revisions"}],"predecessor-version":[{"id":3857,"href":"https:\/\/blog.insieme.ch\/fr\/wp-json\/wp\/v2\/posts\/3783\/revisions\/3857"}],"wp:featuredmedia":[{"embeddable":true,"href":"https:\/\/blog.insieme.ch\/fr\/wp-json\/wp\/v2\/media\/3838"}],"wp:attachment":[{"href":"https:\/\/blog.insieme.ch\/fr\/wp-json\/wp\/v2\/media?parent=3783"}],"wp:term":[{"taxonomy":"category","embeddable":true,"href":"https:\/\/blog.insieme.ch\/fr\/wp-json\/wp\/v2\/categories?post=3783"},{"taxonomy":"post_tag","embeddable":true,"href":"https:\/\/blog.insieme.ch\/fr\/wp-json\/wp\/v2\/tags?post=3783"}],"curies":[{"name":"wp","href":"https:\/\/api.w.org\/{rel}","templated":true}]}}