{"id":3755,"date":"2022-05-19T09:37:32","date_gmt":"2022-05-19T07:37:32","guid":{"rendered":"https:\/\/blog.insieme.ch\/?p=3755"},"modified":"2022-05-31T08:43:13","modified_gmt":"2022-05-31T06:43:13","slug":"accompagnement-a-la-participation-politique-en-institution","status":"publish","type":"post","link":"https:\/\/blog.insieme.ch\/fr\/inclusion\/accompagnement-a-la-participation-politique-en-institution\/","title":{"rendered":"Accompagnement \u00e0 la participation politique en institution"},"content":{"rendered":"<p><!-- flzn:zn_pagebanner --><\/p>\n<header id=\"flzn-pagebanner-1\" class=\"zone zn-pagebanner is-alignfull with-bg bg-color is-bgc-yellow-light\"><span class=\"zone-bg bg-color bgc-yellow-light alignfull\"><\/span><\/p>\n<div class=\"zone-block zn-pagebanner-block alignfull va-center\"><\/div>\n<\/header>\n<p><!-- \/flzn:zn_pagebanner --><br \/>\n<!-- flzn:zn_text --><\/p>\n<div id=\"flzn-text-1\" class=\"zone zn-text is-alignwide\">\n<div class=\"zone-block zn-text-block alignwide va-top\">\n<div class=\"row mw-content-zone zn-text-row\">\n<div class=\"columns large-12\">\n<div class=\"row large-up-1 with-nice-alignment nbloc-1\">\n<div class=\"column zn-text-col\">\n<div class=\"column-inner\">\n<div class=\"wig-content mw-content\">\n<h4><strong>Les Etablissements publics pour l\u2019int\u00e9gration (EPI) \u00e0 Gen\u00e8ve ont mis sur pied un accompagnement \u00e0 la participation politique. Rencontre avec deux \u00e9ducatrices passionn\u00e9es et passionnantes des EPI&#160;&#160;: \u00a0Pilar Blanco, cheffe du secteur aux Services socio-\u00e9ducatifs et de Sandra Rigotti, ma\u00eetresse d\u2019atelier aux Services socioprofessionnels.<\/strong><\/h4>\n<p><!--more--><\/p>\n<\/p><\/div>\n<\/p><\/div>\n<\/p><\/div>\n<\/p><\/div>\n<\/p><\/div>\n<\/p><\/div>\n<\/div>\n<\/div>\n<p><!-- \/flzn:zn_text --><br \/>\n<!-- flzn:zn_text --><\/p>\n<div id=\"flzn-text-2\" class=\"zone zn-text is-alignwide\">\n<div class=\"zone-block zn-text-block alignwide va-top\">\n<div class=\"row mw-content-zone zn-text-row\">\n<div class=\"columns large-12\">\n<div class=\"row large-up-1 with-nice-alignment nbloc-1\">\n<div class=\"column zn-text-col\">\n<div class=\"column-inner\">\n<div class=\"wig-content mw-content\">\n<h2>Mise en place d\u2019un accompagnement \u00e0 l\u2019interne<\/h2>\n<p><strong><em>Sandra Rigotti<\/em>\u00a0<\/strong>&#160;&#160;: Chaque votation am\u00e8ne des questions, notamment en termes d\u2019\u00e9ducation citoyenne. Nous \u00e9voluons avec des personnes qui n\u2019ont pas l\u2019habitude que leur avis soit demand\u00e9&#160;&#160;!<\/p>\n<p><em><strong>Pilar Blanco\u00a0<\/strong><\/em>&#160;&#160;: La population genevoise a accord\u00e9 le droit de vote \u00e0 toutes et tous mais nous n\u2019avons pas pens\u00e9 \u00e0 \u00ab&#160;&#160;l\u2019apr\u00e8s&#160;&#160;\u00bb. Pr\u00e9parer \u00e0 la citoyennet\u00e9 active demande une formation \u00e0 l\u2019autod\u00e9termination et aux habilit\u00e9s communicationnelles mais demande aussi des outils sp\u00e9cifiques et des informations qui permettent \u00e0 tous et toutes de faire des choix en comprenant les tenants et aboutissants de ceux-ci. Un de nos objectifs est de mettre sur pied un groupe cantonal.<\/p>\n<blockquote>\n<p>La population genevoise a accord\u00e9 le droit de vote \u00e0 toutes et tous mais nous n\u2019avons pas pens\u00e9 \u00e0 \u00ab&#160;&#160;l\u2019apr\u00e8s&#160;&#160;\u00bb<\/p>\n<\/blockquote>\n<p>Nous nous devons de pr\u00e9parer des documents pour tous les objets soumis \u00e0 votation. Nous avons cr\u00e9\u00e9 dans un premier temps un lexique, que les personnes avec d\u00e9ficience intellectuelle ont choisi d\u2019appeler \u00ab&#160;&#160;dictionnaire&#160;&#160;\u00bb. Ce dictionnaire inclut tous les termes en lien avec la politique au sens large (Grand conseil, Chancellerie, Conseil F\u00e9d\u00e9ral etc.).<\/p>\n<p><strong>Sandra Rigotti\u00a0<\/strong>&#160;&#160;: Nous devons partir de leur propre vocabulaire tout en restant tr\u00e8s factuels et concrets. Chaque question en am\u00e8ne une autre, c\u2019est un peu comme les poup\u00e9es russes et c\u2019est ce qui rend ce projet absolument passionnant&#160;&#160;!<\/p>\n<p>&nbsp;<\/p>\n<\/p><\/div>\n<\/p><\/div>\n<\/p><\/div>\n<\/p><\/div>\n<\/p><\/div>\n<\/p><\/div>\n<\/div>\n<\/div>\n<p><!-- \/flzn:zn_text --><br \/>\n<!-- flzn:zn_image --><\/p>\n<div id=\"flzn-image-1\" class=\"zone zn-image is-alignwide\">\n<div class=\"zone-block zn-image-block alignwide va-top\">\n<div class=\"row one-img\">\n<div class=\"columns large-12\">\n<div class=\"row with-nice-alignment va-top\">\n<div class=\"columns large-12 zn-image-col\">\n<div class=\"columns-inner zn-image-col-inner\">\n\t\t\t\t\t\t\t<a class=\"zn-image-imgbox swipebox\" href=\"https:\/\/blog.insieme.ch\/wp-inside\/uploads\/2022\/05\/sharon-mccutcheon-rn9hyremvbi-unsplash.jpg\" title=\"sharon-mccutcheon-Rn9HYremvBI-unsplash\" rel=\"galleryzone-flzn-image-1\">\t\t\t\t\t\t\t<\/p>\n<figure class=\"zn-image-figure\">\n\t\t\t\t\t\t\t\t<img decoding=\"async\" class=\"zn-image-img\" src=\"https:\/\/blog.insieme.ch\/wp-inside\/uploads\/2022\/05\/sharon-mccutcheon-rn9hyremvbi-unsplash-1920x1280.jpg\" alt=\"\" \/><figcaption class=\"zn-image-caption\">Un document sur le \u00ab&#160;comment voter&#160;\u00bb en FALC  contenant des pictogrammes et des vid\u00e9os a \u00e9t\u00e9 mis en ligne par l&rsquo;Etat de Gen\u00e8ve.\u00a9 Sharon Mccutcheon \/ Unsplash<\/figcaption><\/figure>\n<p>\t\t\t\t\t\t\t<\/a>\t\t\t\t\t\t<\/div>\n<\/p><\/div>\n<\/p><\/div>\n<\/p><\/div>\n<\/p><\/div>\n<\/div>\n<\/div>\n<p><!-- \/flzn:zn_image --><br \/>\n<!-- flzn:zn_text --><\/p>\n<div id=\"flzn-text-3\" class=\"zone zn-text is-alignwide\">\n<div class=\"zone-block zn-text-block pdd-top pdd-bottom-off alignwide va-top\">\n<div class=\"row mw-content-zone zn-text-row\">\n<div class=\"columns large-12\">\n<div class=\"row with-nice-alignment nbloc-2 va-top\">\n<div class=\"columns large-6 zn-text-col\">\n<div class=\"columns-inner\">\n<div class=\"wig-content mw-content\">\n<h2>Les soutiens externes<\/h2>\n<p><strong>Pilar Blanco\u00a0<\/strong>&#160;&#160;: L\u2019\u00c9tat a mis en ligne un document sur le \u00ab&#160;&#160;comment voter&#160;&#160;\u00bb en FALC avec des pictogrammes et des vid\u00e9os. Ces outils sont tr\u00e8s utiles mais nous nous sommes rendues compte que l\u2019on ne peut pas atteindre toutes les personnes car le niveau de compr\u00e9hension est tr\u00e8s h\u00e9t\u00e9rog\u00e8ne au sein de notre population. Si la Chancellerie pouvait avoir des experts en FALC qui traduisent d\u00e9j\u00e0 les bases des objets de votation cela nous donnerait la possibilit\u00e9 d\u2019investir plus de temps ensuite \u00e0 l\u2019adaptation de ces documents.<\/p>\n<blockquote>\n<p>Si la Chancellerie pouvait avoir des experts en FALC qui traduisent d\u00e9j\u00e0 les bases des objets de votation cela nous donnerait la possibilit\u00e9 d\u2019investir plus de temps ensuite \u00e0 l\u2019adaptation de ces documents.<\/p>\n<\/blockquote>\n<p>C\u2019est une situation fascinante \u00a0la personne passe d\u2019une prise en charge o\u00f9 tout est d\u00e9cid\u00e9 pour elle \u00e0 une position o\u00f9 c\u2019est elle qui prend des d\u00e9cisions avec les risques qui accompagnent cette prise de d\u00e9cision. Ce changement de paradigme ne doit n\u00e9anmoins pas \u00eatre une source de difficult\u00e9s suppl\u00e9mentaires pour les personnes.<\/p>\n<p>&nbsp;<\/p>\n<p>&nbsp;<\/p>\n<p>&nbsp;<\/p>\n<p>&nbsp;<\/p>\n<p>&nbsp;<\/p>\n<p>&nbsp;<\/p>\n<\/p><\/div>\n<\/p><\/div>\n<\/p><\/div>\n<div class=\"columns large-6 zn-text-col\">\n<div class=\"columns-inner\">\n<div class=\"wig-content mw-content\">\n<p>Nous avions par exemple une personne tr\u00e8s enthousiaste dans le groupe qui a d\u00e9cid\u00e9 soudainement de ne plus continuer car elle se sentait stress\u00e9e. Nous devons faire le chemin avec la personne, en fonction de ce qu\u2019elle peut faire et donner.<\/p>\n<p><strong>Pilar Blanco\u00a0<\/strong>&#160;&#160;: Les personnes avec d\u00e9ficience intellectuelle sont pass\u00e9s d\u2019un contexte de non-sollicitation \u00e0 une sur-sollicitation. Leur donner la possibilit\u00e9 d\u2019avancer \u00e0 leur rythme, tenir compte de l\u2019environnement et ne pas trop les surcharger est d\u00e8s lors essentiel. Pour vous donner un exemple, au lieu de faire une s\u00e9ance de trois heures nous allons faire trois s\u00e9ances d\u2019une heure \u00e0 une semaine d\u2019intervalle chaque fois.<\/p>\n<p><strong>Sandra Rigotti\u00a0<\/strong>&#160;&#160;: Notre m\u00e9tier est en train de changer. Cela pourrait \u00eatre le r\u00f4le de la Chancellerie car cela concerne une grande partie de la population et pas seulement les personnes avec d\u00e9ficience intellectuelle. C\u2019est une premi\u00e8re approche facilitante pour tout un chacun.<\/p>\n<p><strong>Pilar Blanco&#160;&#160;: <\/strong>Nous sommes dans un moment tr\u00e8s riche pour les milieux professionnels et nous devons r\u00e9fl\u00e9chir \u00e0 comment pr\u00e9parer au mieux les \u00e9quipes. Qui doit prendre cette responsabilit\u00e9&#160;&#160;? Est-ce notre r\u00f4le&#160;&#160;? Un des objectifs de notre projet est de collaborer avec la Chancellerie et d\u2019autres \u00e9tablissements socio-\u00e9ducatifs du canton de Gen\u00e8ve car actuellement chacun fait le travail dans son coin.<\/p>\n<p>Un autre objectif serait aussi de pr\u00e9parer les personnes concern\u00e9es \u00e0 aller \u00e0 l\u2019ext\u00e9rieur, dans l\u2019espace public, \u00e0 \u00e9couter les conf\u00e9rences et qu\u2019elles se sentent \u00e0 l\u2019aise pour poser des questions.<\/p>\n<\/p><\/div>\n<\/p><\/div>\n<\/p><\/div>\n<\/p><\/div>\n<\/p><\/div>\n<\/p><\/div>\n<\/div>\n<\/div>\n<p><!-- \/flzn:zn_text --><br \/>\n<!-- flzn:zn_text --><\/p>\n<div id=\"flzn-text-4\" class=\"zone zn-text is-alignwide with-bg bg-color is-bgc-white\"><span class=\"zone-bg bg-color bgc-white alignfull\"><\/span><\/p>\n<div class=\"zone-block zn-text-block pdd-top-off pdd-bottom-off alignwide va-top\">\n<div class=\"row mw-content-zone zn-text-row\">\n<div class=\"columns large-12\">\n<div class=\"row large-up-1 with-nice-alignment nbloc-1\">\n<div class=\"column zn-text-col\">\n<div class=\"column-inner\">\n<div class=\"wig-content mw-content\">\n<p>&nbsp;<\/p>\n<p><em>L\u2019interview dans sa version int\u00e9grale est parue dans le num\u00e9ro de d\u00e9cembre 12\/2021 de Pages Romandes, commandable\u00a0 par email \u00e0 <strong><a href=\"mailto:sarah.cornaz@bluewin.ch\" target=\"_blank\" rel=\"noopener\">sarah.cornaz@bluewin.ch<\/a><\/strong><\/em><\/p>\n<p><em><a href=\"http:\/\/www.pagesromandes.ch\/\"><img decoding=\"async\" loading=\"lazy\" class=\"alignleft wp-image-2518 size-full\" src=\"https:\/\/blog.insieme.ch\/wp-inside\/uploads\/2021\/09\/logo-pages-romandes.png\" alt=\"\" width=\"282\" height=\"117\" \/><\/a><\/em><\/p>\n<p>&nbsp;<\/p>\n<p><em>Abonnement annuel (45CHF \/ an pour 4 num\u00e9ros)&#160;&#160;:\u00a0<strong><a href=\"http:\/\/www.pagesromandes.ch\/abonnement\" target=\"_blank\" rel=\"noopener\">www.pagesromandes.ch\/abonnement\u00a0<\/a><\/strong><\/em><\/p>\n<\/p><\/div>\n<\/p><\/div>\n<\/p><\/div>\n<\/p><\/div>\n<\/p><\/div>\n<\/p><\/div>\n<\/div>\n<\/div>\n<p><!-- \/flzn:zn_text --><\/p>\n","protected":false},"excerpt":{"rendered":"<p>Les Etablissements publics pour l\u2019int\u00e9gration (EPI) \u00e0 Gen\u00e8ve ont mis sur pied un accompagnement \u00e0 la participation politique. Rencontre avec deux \u00e9ducatrices passionn\u00e9es et passionnantes des EPI&#160;&#160;: \u00a0Pilar Blanco, cheffe [&hellip;]<\/p>\n","protected":false},"author":18,"featured_media":3761,"comment_status":"open","ping_status":"open","sticky":false,"template":"","format":"standard","meta":{"_acf_changed":false,"footnotes":""},"categories":[17],"tags":[41,57,47,44],"class_list":["post-3755","post","type-post","status-publish","format-standard","has-post-thumbnail","hentry","category-inclusion","tag-accompagnement","tag-apprentissage","tag-autodetermination","tag-politique","wp-sticky"],"acf":[],"yoast_head":"<!-- This site is optimized with the Yoast SEO plugin v27.5 - https:\/\/yoast.com\/product\/yoast-seo-wordpress\/ -->\n<title>Accompagnement \u00e0 la participation politique en institution<\/title>\n<meta name=\"robots\" content=\"index, follow, max-snippet:-1, max-image-preview:large, max-video-preview:-1\" \/>\n<link rel=\"canonical\" href=\"https:\/\/blog.insieme.ch\/fr\/inclusion\/accompagnement-a-la-participation-politique-en-institution\/\" \/>\n<meta property=\"og:locale\" content=\"fr_FR\" \/>\n<meta property=\"og:type\" content=\"article\" \/>\n<meta property=\"og:title\" content=\"Accompagnement \u00e0 la participation politique en institution\" \/>\n<meta property=\"og:description\" content=\"Les Etablissements publics pour l\u2019int\u00e9gration (EPI) \u00e0 Gen\u00e8ve ont mis sur pied un accompagnement \u00e0 la participation politique. Rencontre avec deux \u00e9ducatrices passionn\u00e9es et passionnantes des EPI&#160;&#160;: \u00a0Pilar Blanco, cheffe [&hellip;]\" \/>\n<meta property=\"og:url\" content=\"https:\/\/blog.insieme.ch\/fr\/inclusion\/accompagnement-a-la-participation-politique-en-institution\/\" \/>\n<meta property=\"og:site_name\" content=\"insieme Blog\" \/>\n<meta property=\"article:publisher\" content=\"https:\/\/www.facebook.com\/insiemeSuisse\/\" \/>\n<meta property=\"article:published_time\" content=\"2022-05-19T07:37:32+00:00\" \/>\n<meta property=\"article:modified_time\" content=\"2022-05-31T06:43:13+00:00\" \/>\n<meta property=\"og:image\" content=\"https:\/\/blog.insieme.ch\/wp-inside\/uploads\/2022\/05\/sharon-mccutcheon-rn9hyremvbi-unsplash.jpg\" \/>\n\t<meta property=\"og:image:width\" content=\"2000\" \/>\n\t<meta property=\"og:image:height\" content=\"1333\" \/>\n\t<meta property=\"og:image:type\" content=\"image\/jpeg\" \/>\n<meta name=\"author\" content=\"Sarah Cornaz\" \/>\n<meta name=\"twitter:card\" content=\"summary_large_image\" \/>\n<meta name=\"twitter:creator\" content=\"@insiemeSuisse\" \/>\n<meta name=\"twitter:site\" content=\"@insiemeSuisse\" \/>\n<meta name=\"twitter:label1\" content=\"\u00c9crit par\" \/>\n\t<meta name=\"twitter:data1\" content=\"Sarah Cornaz\" \/>\n\t<meta name=\"twitter:label2\" content=\"Dur\u00e9e de lecture estim\u00e9e\" \/>\n\t<meta name=\"twitter:data2\" content=\"4 minutes\" \/>\n<script type=\"application\/ld+json\" class=\"yoast-schema-graph\">{\"@context\":\"https:\\\/\\\/schema.org\",\"@graph\":[{\"@type\":\"Article\",\"@id\":\"https:\\\/\\\/blog.insieme.ch\\\/fr\\\/inclusion\\\/accompagnement-a-la-participation-politique-en-institution\\\/#article\",\"isPartOf\":{\"@id\":\"https:\\\/\\\/blog.insieme.ch\\\/fr\\\/inclusion\\\/accompagnement-a-la-participation-politique-en-institution\\\/\"},\"author\":{\"name\":\"Sarah Cornaz\",\"@id\":\"https:\\\/\\\/blog.insieme.ch\\\/fr\\\/#\\\/schema\\\/person\\\/4abd487d1a20fd75785a6c1acf29aada\"},\"headline\":\"Accompagnement \u00e0 la participation politique en institution\",\"datePublished\":\"2022-05-19T07:37:32+00:00\",\"dateModified\":\"2022-05-31T06:43:13+00:00\",\"mainEntityOfPage\":{\"@id\":\"https:\\\/\\\/blog.insieme.ch\\\/fr\\\/inclusion\\\/accompagnement-a-la-participation-politique-en-institution\\\/\"},\"wordCount\":832,\"commentCount\":0,\"publisher\":{\"@id\":\"https:\\\/\\\/blog.insieme.ch\\\/fr\\\/#organization\"},\"image\":{\"@id\":\"https:\\\/\\\/blog.insieme.ch\\\/fr\\\/inclusion\\\/accompagnement-a-la-participation-politique-en-institution\\\/#primaryimage\"},\"thumbnailUrl\":\"https:\\\/\\\/blog.insieme.ch\\\/wp-inside\\\/uploads\\\/2022\\\/05\\\/sharon-mccutcheon-rn9hyremvbi-unsplash.jpg\",\"keywords\":[\"Accompagnement\",\"Apprentissage\",\"Autod\u00e9termination\",\"Politique\"],\"articleSection\":[\"Inclusion\"],\"inLanguage\":\"fr-FR\",\"potentialAction\":[{\"@type\":\"CommentAction\",\"name\":\"Comment\",\"target\":[\"https:\\\/\\\/blog.insieme.ch\\\/fr\\\/inclusion\\\/accompagnement-a-la-participation-politique-en-institution\\\/#respond\"]}]},{\"@type\":\"WebPage\",\"@id\":\"https:\\\/\\\/blog.insieme.ch\\\/fr\\\/inclusion\\\/accompagnement-a-la-participation-politique-en-institution\\\/\",\"url\":\"https:\\\/\\\/blog.insieme.ch\\\/fr\\\/inclusion\\\/accompagnement-a-la-participation-politique-en-institution\\\/\",\"name\":\"Accompagnement \u00e0 la participation politique en institution\",\"isPartOf\":{\"@id\":\"https:\\\/\\\/blog.insieme.ch\\\/fr\\\/#website\"},\"primaryImageOfPage\":{\"@id\":\"https:\\\/\\\/blog.insieme.ch\\\/fr\\\/inclusion\\\/accompagnement-a-la-participation-politique-en-institution\\\/#primaryimage\"},\"image\":{\"@id\":\"https:\\\/\\\/blog.insieme.ch\\\/fr\\\/inclusion\\\/accompagnement-a-la-participation-politique-en-institution\\\/#primaryimage\"},\"thumbnailUrl\":\"https:\\\/\\\/blog.insieme.ch\\\/wp-inside\\\/uploads\\\/2022\\\/05\\\/sharon-mccutcheon-rn9hyremvbi-unsplash.jpg\",\"datePublished\":\"2022-05-19T07:37:32+00:00\",\"dateModified\":\"2022-05-31T06:43:13+00:00\",\"breadcrumb\":{\"@id\":\"https:\\\/\\\/blog.insieme.ch\\\/fr\\\/inclusion\\\/accompagnement-a-la-participation-politique-en-institution\\\/#breadcrumb\"},\"inLanguage\":\"fr-FR\",\"potentialAction\":[{\"@type\":\"ReadAction\",\"target\":[\"https:\\\/\\\/blog.insieme.ch\\\/fr\\\/inclusion\\\/accompagnement-a-la-participation-politique-en-institution\\\/\"]}]},{\"@type\":\"ImageObject\",\"inLanguage\":\"fr-FR\",\"@id\":\"https:\\\/\\\/blog.insieme.ch\\\/fr\\\/inclusion\\\/accompagnement-a-la-participation-politique-en-institution\\\/#primaryimage\",\"url\":\"https:\\\/\\\/blog.insieme.ch\\\/wp-inside\\\/uploads\\\/2022\\\/05\\\/sharon-mccutcheon-rn9hyremvbi-unsplash.jpg\",\"contentUrl\":\"https:\\\/\\\/blog.insieme.ch\\\/wp-inside\\\/uploads\\\/2022\\\/05\\\/sharon-mccutcheon-rn9hyremvbi-unsplash.jpg\",\"width\":2000,\"height\":1333,\"caption\":\"Un document sur le \u00ab comment voter \u00bb en FALC contenant des pictogrammes et des vid\u00e9os a \u00e9t\u00e9 mis en ligne par l'Etat de Gen\u00e8ve.\u00a9 Sharon Mccutcheon \\\/ Unsplash\"},{\"@type\":\"BreadcrumbList\",\"@id\":\"https:\\\/\\\/blog.insieme.ch\\\/fr\\\/inclusion\\\/accompagnement-a-la-participation-politique-en-institution\\\/#breadcrumb\",\"itemListElement\":[{\"@type\":\"ListItem\",\"position\":1,\"name\":\"Accueil\",\"item\":\"https:\\\/\\\/blog.insieme.ch\\\/fr\\\/\"},{\"@type\":\"ListItem\",\"position\":2,\"name\":\"Inclusion\",\"item\":\"https:\\\/\\\/blog.insieme.ch\\\/fr\\\/inclusion\\\/\"},{\"@type\":\"ListItem\",\"position\":3,\"name\":\"Accompagnement \u00e0 la participation politique en institution\"}]},{\"@type\":\"WebSite\",\"@id\":\"https:\\\/\\\/blog.insieme.ch\\\/fr\\\/#website\",\"url\":\"https:\\\/\\\/blog.insieme.ch\\\/fr\\\/\",\"name\":\"insieme Blog\",\"description\":\"Alles ausser gew\u00f6hnlich\",\"publisher\":{\"@id\":\"https:\\\/\\\/blog.insieme.ch\\\/fr\\\/#organization\"},\"potentialAction\":[{\"@type\":\"SearchAction\",\"target\":{\"@type\":\"EntryPoint\",\"urlTemplate\":\"https:\\\/\\\/blog.insieme.ch\\\/fr\\\/?s={search_term_string}\"},\"query-input\":{\"@type\":\"PropertyValueSpecification\",\"valueRequired\":true,\"valueName\":\"search_term_string\"}}],\"inLanguage\":\"fr-FR\"},{\"@type\":\"Organization\",\"@id\":\"https:\\\/\\\/blog.insieme.ch\\\/fr\\\/#organization\",\"name\":\"insieme Blog\",\"url\":\"https:\\\/\\\/blog.insieme.ch\\\/fr\\\/\",\"logo\":{\"@type\":\"ImageObject\",\"inLanguage\":\"fr-FR\",\"@id\":\"https:\\\/\\\/blog.insieme.ch\\\/fr\\\/#\\\/schema\\\/logo\\\/image\\\/\",\"url\":\"https:\\\/\\\/blog.insieme.ch\\\/wp-inside\\\/uploads\\\/2021\\\/04\\\/logo-insieme-blog.png\",\"contentUrl\":\"https:\\\/\\\/blog.insieme.ch\\\/wp-inside\\\/uploads\\\/2021\\\/04\\\/logo-insieme-blog.png\",\"width\":280,\"height\":81,\"caption\":\"insieme Blog\"},\"image\":{\"@id\":\"https:\\\/\\\/blog.insieme.ch\\\/fr\\\/#\\\/schema\\\/logo\\\/image\\\/\"},\"sameAs\":[\"https:\\\/\\\/www.facebook.com\\\/insiemeSuisse\\\/\",\"https:\\\/\\\/x.com\\\/insiemeSuisse\"]},{\"@type\":\"Person\",\"@id\":\"https:\\\/\\\/blog.insieme.ch\\\/fr\\\/#\\\/schema\\\/person\\\/4abd487d1a20fd75785a6c1acf29aada\",\"name\":\"Sarah Cornaz\",\"image\":{\"@type\":\"ImageObject\",\"inLanguage\":\"fr-FR\",\"@id\":\"https:\\\/\\\/secure.gravatar.com\\\/avatar\\\/d51e6f85ca60c293e4474895ae2ce5441ee8317a1224fcf89b478932464eb57a?s=96&d=mm&r=g\",\"url\":\"https:\\\/\\\/secure.gravatar.com\\\/avatar\\\/d51e6f85ca60c293e4474895ae2ce5441ee8317a1224fcf89b478932464eb57a?s=96&d=mm&r=g\",\"contentUrl\":\"https:\\\/\\\/secure.gravatar.com\\\/avatar\\\/d51e6f85ca60c293e4474895ae2ce5441ee8317a1224fcf89b478932464eb57a?s=96&d=mm&r=g\",\"caption\":\"Sarah Cornaz\"},\"description\":\"Directrice de Pages Romandes\",\"url\":\"https:\\\/\\\/blog.insieme.ch\\\/fr\\\/author\\\/sarah-cornaz\\\/\"}]}<\/script>\n<!-- \/ Yoast SEO plugin. -->","yoast_head_json":{"title":"Accompagnement \u00e0 la participation politique en institution","robots":{"index":"index","follow":"follow","max-snippet":"max-snippet:-1","max-image-preview":"max-image-preview:large","max-video-preview":"max-video-preview:-1"},"canonical":"https:\/\/blog.insieme.ch\/fr\/inclusion\/accompagnement-a-la-participation-politique-en-institution\/","og_locale":"fr_FR","og_type":"article","og_title":"Accompagnement \u00e0 la participation politique en institution","og_description":"Les Etablissements publics pour l\u2019int\u00e9gration (EPI) \u00e0 Gen\u00e8ve ont mis sur pied un accompagnement \u00e0 la participation politique. Rencontre avec deux \u00e9ducatrices passionn\u00e9es et passionnantes des EPI&#160;&#160;: \u00a0Pilar Blanco, cheffe [&hellip;]","og_url":"https:\/\/blog.insieme.ch\/fr\/inclusion\/accompagnement-a-la-participation-politique-en-institution\/","og_site_name":"insieme Blog","article_publisher":"https:\/\/www.facebook.com\/insiemeSuisse\/","article_published_time":"2022-05-19T07:37:32+00:00","article_modified_time":"2022-05-31T06:43:13+00:00","og_image":[{"width":2000,"height":1333,"url":"https:\/\/blog.insieme.ch\/wp-inside\/uploads\/2022\/05\/sharon-mccutcheon-rn9hyremvbi-unsplash.jpg","type":"image\/jpeg"}],"author":"Sarah Cornaz","twitter_card":"summary_large_image","twitter_creator":"@insiemeSuisse","twitter_site":"@insiemeSuisse","twitter_misc":{"\u00c9crit par":"Sarah Cornaz","Dur\u00e9e de lecture estim\u00e9e":"4 minutes"},"schema":{"@context":"https:\/\/schema.org","@graph":[{"@type":"Article","@id":"https:\/\/blog.insieme.ch\/fr\/inclusion\/accompagnement-a-la-participation-politique-en-institution\/#article","isPartOf":{"@id":"https:\/\/blog.insieme.ch\/fr\/inclusion\/accompagnement-a-la-participation-politique-en-institution\/"},"author":{"name":"Sarah Cornaz","@id":"https:\/\/blog.insieme.ch\/fr\/#\/schema\/person\/4abd487d1a20fd75785a6c1acf29aada"},"headline":"Accompagnement \u00e0 la participation politique en institution","datePublished":"2022-05-19T07:37:32+00:00","dateModified":"2022-05-31T06:43:13+00:00","mainEntityOfPage":{"@id":"https:\/\/blog.insieme.ch\/fr\/inclusion\/accompagnement-a-la-participation-politique-en-institution\/"},"wordCount":832,"commentCount":0,"publisher":{"@id":"https:\/\/blog.insieme.ch\/fr\/#organization"},"image":{"@id":"https:\/\/blog.insieme.ch\/fr\/inclusion\/accompagnement-a-la-participation-politique-en-institution\/#primaryimage"},"thumbnailUrl":"https:\/\/blog.insieme.ch\/wp-inside\/uploads\/2022\/05\/sharon-mccutcheon-rn9hyremvbi-unsplash.jpg","keywords":["Accompagnement","Apprentissage","Autod\u00e9termination","Politique"],"articleSection":["Inclusion"],"inLanguage":"fr-FR","potentialAction":[{"@type":"CommentAction","name":"Comment","target":["https:\/\/blog.insieme.ch\/fr\/inclusion\/accompagnement-a-la-participation-politique-en-institution\/#respond"]}]},{"@type":"WebPage","@id":"https:\/\/blog.insieme.ch\/fr\/inclusion\/accompagnement-a-la-participation-politique-en-institution\/","url":"https:\/\/blog.insieme.ch\/fr\/inclusion\/accompagnement-a-la-participation-politique-en-institution\/","name":"Accompagnement \u00e0 la participation politique en institution","isPartOf":{"@id":"https:\/\/blog.insieme.ch\/fr\/#website"},"primaryImageOfPage":{"@id":"https:\/\/blog.insieme.ch\/fr\/inclusion\/accompagnement-a-la-participation-politique-en-institution\/#primaryimage"},"image":{"@id":"https:\/\/blog.insieme.ch\/fr\/inclusion\/accompagnement-a-la-participation-politique-en-institution\/#primaryimage"},"thumbnailUrl":"https:\/\/blog.insieme.ch\/wp-inside\/uploads\/2022\/05\/sharon-mccutcheon-rn9hyremvbi-unsplash.jpg","datePublished":"2022-05-19T07:37:32+00:00","dateModified":"2022-05-31T06:43:13+00:00","breadcrumb":{"@id":"https:\/\/blog.insieme.ch\/fr\/inclusion\/accompagnement-a-la-participation-politique-en-institution\/#breadcrumb"},"inLanguage":"fr-FR","potentialAction":[{"@type":"ReadAction","target":["https:\/\/blog.insieme.ch\/fr\/inclusion\/accompagnement-a-la-participation-politique-en-institution\/"]}]},{"@type":"ImageObject","inLanguage":"fr-FR","@id":"https:\/\/blog.insieme.ch\/fr\/inclusion\/accompagnement-a-la-participation-politique-en-institution\/#primaryimage","url":"https:\/\/blog.insieme.ch\/wp-inside\/uploads\/2022\/05\/sharon-mccutcheon-rn9hyremvbi-unsplash.jpg","contentUrl":"https:\/\/blog.insieme.ch\/wp-inside\/uploads\/2022\/05\/sharon-mccutcheon-rn9hyremvbi-unsplash.jpg","width":2000,"height":1333,"caption":"Un document sur le \u00ab comment voter \u00bb en FALC contenant des pictogrammes et des vid\u00e9os a \u00e9t\u00e9 mis en ligne par l'Etat de Gen\u00e8ve.\u00a9 Sharon Mccutcheon \/ Unsplash"},{"@type":"BreadcrumbList","@id":"https:\/\/blog.insieme.ch\/fr\/inclusion\/accompagnement-a-la-participation-politique-en-institution\/#breadcrumb","itemListElement":[{"@type":"ListItem","position":1,"name":"Accueil","item":"https:\/\/blog.insieme.ch\/fr\/"},{"@type":"ListItem","position":2,"name":"Inclusion","item":"https:\/\/blog.insieme.ch\/fr\/inclusion\/"},{"@type":"ListItem","position":3,"name":"Accompagnement \u00e0 la participation politique en institution"}]},{"@type":"WebSite","@id":"https:\/\/blog.insieme.ch\/fr\/#website","url":"https:\/\/blog.insieme.ch\/fr\/","name":"insieme Blog","description":"Alles ausser gew\u00f6hnlich","publisher":{"@id":"https:\/\/blog.insieme.ch\/fr\/#organization"},"potentialAction":[{"@type":"SearchAction","target":{"@type":"EntryPoint","urlTemplate":"https:\/\/blog.insieme.ch\/fr\/?s={search_term_string}"},"query-input":{"@type":"PropertyValueSpecification","valueRequired":true,"valueName":"search_term_string"}}],"inLanguage":"fr-FR"},{"@type":"Organization","@id":"https:\/\/blog.insieme.ch\/fr\/#organization","name":"insieme Blog","url":"https:\/\/blog.insieme.ch\/fr\/","logo":{"@type":"ImageObject","inLanguage":"fr-FR","@id":"https:\/\/blog.insieme.ch\/fr\/#\/schema\/logo\/image\/","url":"https:\/\/blog.insieme.ch\/wp-inside\/uploads\/2021\/04\/logo-insieme-blog.png","contentUrl":"https:\/\/blog.insieme.ch\/wp-inside\/uploads\/2021\/04\/logo-insieme-blog.png","width":280,"height":81,"caption":"insieme Blog"},"image":{"@id":"https:\/\/blog.insieme.ch\/fr\/#\/schema\/logo\/image\/"},"sameAs":["https:\/\/www.facebook.com\/insiemeSuisse\/","https:\/\/x.com\/insiemeSuisse"]},{"@type":"Person","@id":"https:\/\/blog.insieme.ch\/fr\/#\/schema\/person\/4abd487d1a20fd75785a6c1acf29aada","name":"Sarah Cornaz","image":{"@type":"ImageObject","inLanguage":"fr-FR","@id":"https:\/\/secure.gravatar.com\/avatar\/d51e6f85ca60c293e4474895ae2ce5441ee8317a1224fcf89b478932464eb57a?s=96&d=mm&r=g","url":"https:\/\/secure.gravatar.com\/avatar\/d51e6f85ca60c293e4474895ae2ce5441ee8317a1224fcf89b478932464eb57a?s=96&d=mm&r=g","contentUrl":"https:\/\/secure.gravatar.com\/avatar\/d51e6f85ca60c293e4474895ae2ce5441ee8317a1224fcf89b478932464eb57a?s=96&d=mm&r=g","caption":"Sarah Cornaz"},"description":"Directrice de Pages Romandes","url":"https:\/\/blog.insieme.ch\/fr\/author\/sarah-cornaz\/"}]}},"featured_media_url":"https:\/\/blog.insieme.ch\/wp-inside\/uploads\/2022\/05\/sharon-mccutcheon-rn9hyremvbi-unsplash-1024x682.jpg","_links":{"self":[{"href":"https:\/\/blog.insieme.ch\/fr\/wp-json\/wp\/v2\/posts\/3755","targetHints":{"allow":["GET"]}}],"collection":[{"href":"https:\/\/blog.insieme.ch\/fr\/wp-json\/wp\/v2\/posts"}],"about":[{"href":"https:\/\/blog.insieme.ch\/fr\/wp-json\/wp\/v2\/types\/post"}],"author":[{"embeddable":true,"href":"https:\/\/blog.insieme.ch\/fr\/wp-json\/wp\/v2\/users\/18"}],"replies":[{"embeddable":true,"href":"https:\/\/blog.insieme.ch\/fr\/wp-json\/wp\/v2\/comments?post=3755"}],"version-history":[{"count":10,"href":"https:\/\/blog.insieme.ch\/fr\/wp-json\/wp\/v2\/posts\/3755\/revisions"}],"predecessor-version":[{"id":3876,"href":"https:\/\/blog.insieme.ch\/fr\/wp-json\/wp\/v2\/posts\/3755\/revisions\/3876"}],"wp:featuredmedia":[{"embeddable":true,"href":"https:\/\/blog.insieme.ch\/fr\/wp-json\/wp\/v2\/media\/3761"}],"wp:attachment":[{"href":"https:\/\/blog.insieme.ch\/fr\/wp-json\/wp\/v2\/media?parent=3755"}],"wp:term":[{"taxonomy":"category","embeddable":true,"href":"https:\/\/blog.insieme.ch\/fr\/wp-json\/wp\/v2\/categories?post=3755"},{"taxonomy":"post_tag","embeddable":true,"href":"https:\/\/blog.insieme.ch\/fr\/wp-json\/wp\/v2\/tags?post=3755"}],"curies":[{"name":"wp","href":"https:\/\/api.w.org\/{rel}","templated":true}]}}