{"id":3508,"date":"2022-04-21T12:00:05","date_gmt":"2022-04-21T10:00:05","guid":{"rendered":"https:\/\/blog.insieme.ch\/?p=3508"},"modified":"2022-05-04T12:42:19","modified_gmt":"2022-05-04T10:42:19","slug":"face-au-systeme-de-sante-suisse","status":"publish","type":"post","link":"https:\/\/blog.insieme.ch\/fr\/sante-et-qualite-de-vie\/face-au-systeme-de-sante-suisse\/","title":{"rendered":"Face au syst\u00e8me de sant\u00e9 suisse"},"content":{"rendered":"<p><!-- flzn:zn_pagebanner --><\/p>\n<header id=\"flzn-pagebanner-1\" class=\"zone zn-pagebanner is-alignfull with-bg bg-color is-bgc-yellow-light\"><span class=\"zone-bg bg-color bgc-yellow-light alignfull\"><\/span><\/p>\n<div class=\"zone-block zn-pagebanner-block alignfull va-center\"><\/div>\n<\/header>\n<p><!-- \/flzn:zn_pagebanner --><br \/>\n<!-- flzn:zn_text --><\/p>\n<div id=\"flzn-text-1\" class=\"zone zn-text is-alignwide\">\n<div class=\"zone-block zn-text-block alignwide va-top\">\n<div class=\"row mw-content-zone zn-text-row\">\n<div class=\"columns large-12\">\n<div class=\"row large-up-1 with-nice-alignment nbloc-1\">\n<div class=\"column zn-text-col\">\n<div class=\"column-inner\">\n<div class=\"wig-content mw-content\">\n<p><strong>Dans ce podcast, Sabrina nous raconte ses exp\u00e9riences avec le monde m\u00e9dical. Avec un message important aux professionnel\u00b7le\u00b7s de la sant\u00e9&#160;&#160;: \u00ab&#160;&#160;Prenez-nous au s\u00e9rieux&#160;&#160;!&#160;&#160;\u00bb<\/strong><\/p>\n<p><!--more--><\/p>\n<p>Tout le monde peut tomber malade et avoir besoin d\u2019aller chez le m\u00e9decin. Mais pour les personnes en situation de handicap, un rendez-vous au cabinet n\u2019est pas toujours si simple. Les patient\u00b7e\u00b7s en situation de handicap ont souvent le sentiment de ne pas \u00eatre impliqu\u00e9\u00b7es\u00b7 ni trait\u00e9\u00b7e\u00b7s sur un pied d\u2019\u00e9galit\u00e9 par les professionnel\u00b7les\u00b7s de la sant\u00e9. Le personnel soignant n\u2019a pas toujours les connaissances sp\u00e9cifiques et l\u2019exp\u00e9rience n\u00e9cessaires. Les ressources financi\u00e8res et temporelles allou\u00e9es aux prestations m\u00e9dicales pour les personnes en situation de handicap sont elles aussi insuffisantes. De mani\u00e8re g\u00e9n\u00e9rale, ces derni\u00e8res font face \u00e0 de nombreux obstacles pour acc\u00e9der aux soins m\u00e9dicaux.<\/p>\n<p>Dans ce podcast d&#8217;insieme Suisse, Sabrina nous raconte ses exp\u00e9riences avec le monde m\u00e9dical. Avec un message important aus professionnel\u00b7e\u00b7s de la sant\u00e9&#160;&#160;: &#171;Prenez-nous au s\u00e9rieux&#160;&#160;!&#187;<\/p>\n<p>&nbsp;<\/p>\n<p><iframe loading=\"lazy\" title=\"Spotify Embed: Face au syst\u00e8me de sant\u00e9 suisse\" style=\"border-radius: 12px\" width=\"100%\" height=\"152\" frameborder=\"0\" allowfullscreen allow=\"autoplay; clipboard-write; encrypted-media; fullscreen; picture-in-picture\" src=\"https:\/\/open.spotify.com\/embed\/episode\/3FGmgP8yeXu7Gsjvm9rKy1?si=9ced3c6e646946b3&#038;utm_source=oembed\"><\/iframe><\/p>\n<\/p><\/div>\n<\/p><\/div>\n<\/p><\/div>\n<\/p><\/div>\n<\/p><\/div>\n<\/p><\/div>\n<\/div>\n<\/div>\n<p><!-- \/flzn:zn_text --><br \/>\n<!-- flzn:zn_documents --><\/p>\n<div id=\"flzn-documents-1\" class=\"zone zn-documents is-alignwide with-bg bg-color is-bgc-yellow-light\"><span class=\"zone-bg bg-color bgc-yellow-light alignwide\"><\/span><\/p>\n<div class=\"zone-block zn-documents-block alignwide va-center\">\n<div class=\"row\">\n<div class=\"columns large-12\">\n<div class=\"zn-documents-titlebox zone-titlebox\" >\n<h2 class=\"zn-documents-title zone-title title-with-deco\">Documents \u00e0 t\u00e9l\u00e9charger<\/h2>\n<\/p><\/div>\n<div class=\"row zn-documents-list small-up-1 medium-up-2 large-up-2\">\n<div class=\"column zn-documents-item\">\n\t\t\t\t\t\t<a class=\"documentlink downloadlink\" href=\"https:\/\/blog.insieme.ch\/wp-inside\/uploads\/2022\/04\/resolution_f_final.pdf\" title=\"Download \u00ab resolution_f_final.pdf \u00bb\" target=\"_blank\" rel=\"noopener\"><\/p>\n<h3 class=\"documentlink-title\">R\u00e9solution pour des soins de sant\u00e9 adapt\u00e9s<\/h3>\n<p>\t\t\t\t\t\t\t<span class=\"documentlink-txt\">Das Dokument herunterladen<\/span><br \/>\n\t\t\t\t\t\t\t\t\t\t\t\t\t\t<span class=\"documentlink-info\"> &#8211; <span class=\"documentlink-weight\">314 kB<\/span><\/span><br \/>\n\t\t\t\t\t\t\t\t\t\t\t\t\t<\/a>\n\t\t\t\t\t<\/div>\n<div class=\"column zn-documents-item\">\n\t\t\t\t\t\t<a class=\"documentlink downloadlink\" href=\"https:\/\/blog.insieme.ch\/wp-inside\/uploads\/2022\/04\/resolution_soins_medicaux_de_qualite_falc.pdf\" title=\"Download \u00ab resolution_soins_medicaux_de_qualite_falc.pdf \u00bb\" target=\"_blank\" rel=\"noopener\"><\/p>\n<h3 class=\"documentlink-title\">R\u00e9solution pour des soins de sant\u00e9 adapt\u00e9s FALC<\/h3>\n<p>\t\t\t\t\t\t\t<span class=\"documentlink-txt\">Das Dokument herunterladen<\/span><br \/>\n\t\t\t\t\t\t\t\t\t\t\t\t\t\t<span class=\"documentlink-info\"> &#8211; <span class=\"documentlink-weight\">152 kB<\/span><\/span><br \/>\n\t\t\t\t\t\t\t\t\t\t\t\t\t<\/a>\n\t\t\t\t\t<\/div>\n<\/p><\/div>\n<\/p><\/div>\n<\/p><\/div>\n<\/div>\n<\/div>\n<p><!-- \/flzn:zn_documents --><br \/>\n<!-- flzn:zn_button --><\/p>\n<div id=\"flzn-button-1\" class=\"zone zn-button is-alignfull with-bg bg-color is-bgc-yellow-light\"><span class=\"zone-bg bg-color bgc-yellow-light alignfull\"><\/span><\/p>\n<div class=\"zone-block zn-button-block alignfull va-top text-center\">\n<div class=\"zn-button-bgbox block-alignfull oneblock text-center\">\n<div class=\"zn-button-bgbox-bg\" ><\/div>\n<\/p><\/div>\n<div class=\"zn-button-list row small-up-1 medium-up-1 nb-bloc-1  without-blocs-bg oneblock text-center\" data-equalizer data-equalize-on=\"large\">\n<div class=\"zn-button-bloc column\" data-equalizer-watch>\n<div class=\"column-inner\">\n<div class=\"zn-button-innerbox\">\n<div class=\"zn-button-buttons-box\">\n<p>\t\t\t\t\t\t\t\t\t\t\t\t\t\t\t\t\t\t<a class=\"button primary\" href=\"https:\/\/insieme.ch\/fr\/theme\/sante-et-qualite-de-vie\/\" target=\"_blank\" rel=\"noopener\"><br \/>\n\t\t\t\t\t\t\t\t\t\t\t\t\t\t\t\t\t\t\t\t\tAcc\u00e8s aux soins sur insieme.ch\t\t\t\t\t\t\t\t\t\t\t\t\t\t\t\t\t\t\t<\/a>\n\t\t\t\t\t\t\t\t\t\t\t\t\t\t\t\t\t\t\t\t\t<\/div>\n<\/p><\/div>\n<\/p><\/div>\n<\/p><\/div>\n<\/p><\/div>\n<\/div>\n<\/div>\n<p><!-- \/flzn:zn_button --><\/p>\n","protected":false},"excerpt":{"rendered":"<p>Dans ce podcast, Sabrina nous raconte ses exp\u00e9riences avec le monde m\u00e9dical. Avec un message important aux professionnel\u00b7e\u00b7s de la sant\u00e9: \u00abPrenez-nous au s\u00e9rieux!\u00bb<\/p>\n","protected":false},"author":21,"featured_media":3510,"comment_status":"open","ping_status":"open","sticky":false,"template":"","format":"standard","meta":{"_acf_changed":false,"footnotes":""},"categories":[21],"tags":[41,47,43,56],"class_list":["post-3508","post","type-post","status-publish","format-standard","has-post-thumbnail","hentry","category-sante-et-qualite-de-vie","tag-accompagnement","tag-autodetermination","tag-discrimination","tag-integration","wp-sticky"],"acf":[],"yoast_head":"<!-- This site is optimized with the Yoast SEO plugin v27.5 - https:\/\/yoast.com\/product\/yoast-seo-wordpress\/ -->\n<title>Face au syst\u00e8me de sant\u00e9 suisse<\/title>\n<meta name=\"description\" content=\"Dans ce podcast, Sabrina nous raconte ses exp\u00e9riences avec le monde m\u00e9dical. Avec un message important aux professionnel\u00b7le\u00b7s de la sant\u00e9: \u00abPrenez-nous au s\u00e9rieux!\u00bb\" \/>\n<meta name=\"robots\" content=\"index, follow, max-snippet:-1, max-image-preview:large, max-video-preview:-1\" \/>\n<link rel=\"canonical\" href=\"https:\/\/blog.insieme.ch\/fr\/sante-et-qualite-de-vie\/face-au-systeme-de-sante-suisse\/\" \/>\n<meta property=\"og:locale\" content=\"fr_FR\" \/>\n<meta property=\"og:type\" content=\"article\" \/>\n<meta property=\"og:title\" content=\"Face au syst\u00e8me de sant\u00e9 suisse\" \/>\n<meta property=\"og:description\" content=\"Dans ce podcast, Sabrina nous raconte ses exp\u00e9riences avec le monde m\u00e9dical. Avec un message important aux professionnel\u00b7le\u00b7s de la sant\u00e9: \u00abPrenez-nous au s\u00e9rieux!\u00bb\" \/>\n<meta property=\"og:url\" content=\"https:\/\/blog.insieme.ch\/fr\/sante-et-qualite-de-vie\/face-au-systeme-de-sante-suisse\/\" \/>\n<meta property=\"og:site_name\" content=\"insieme Blog\" \/>\n<meta property=\"article:publisher\" content=\"https:\/\/www.facebook.com\/insiemeSuisse\/\" \/>\n<meta property=\"article:published_time\" content=\"2022-04-21T10:00:05+00:00\" \/>\n<meta property=\"article:modified_time\" content=\"2022-05-04T10:42:19+00:00\" \/>\n<meta property=\"og:image\" content=\"https:\/\/blog.insieme.ch\/wp-inside\/uploads\/2022\/03\/podcast-cover-quadratisch-fr.jpg\" \/>\n\t<meta property=\"og:image:width\" content=\"2000\" \/>\n\t<meta property=\"og:image:height\" content=\"2000\" \/>\n\t<meta property=\"og:image:type\" content=\"image\/jpeg\" \/>\n<meta name=\"author\" content=\"Podcast\" \/>\n<meta name=\"twitter:card\" content=\"summary_large_image\" \/>\n<meta name=\"twitter:creator\" content=\"@insiemeSuisse\" \/>\n<meta name=\"twitter:site\" content=\"@insiemeSuisse\" \/>\n<meta name=\"twitter:label1\" content=\"\u00c9crit par\" \/>\n\t<meta name=\"twitter:data1\" content=\"Podcast\" \/>\n\t<meta name=\"twitter:label2\" content=\"Dur\u00e9e de lecture estim\u00e9e\" \/>\n\t<meta name=\"twitter:data2\" content=\"1 minute\" \/>\n<script type=\"application\/ld+json\" class=\"yoast-schema-graph\">{\"@context\":\"https:\\\/\\\/schema.org\",\"@graph\":[{\"@type\":\"Article\",\"@id\":\"https:\\\/\\\/blog.insieme.ch\\\/fr\\\/sante-et-qualite-de-vie\\\/face-au-systeme-de-sante-suisse\\\/#article\",\"isPartOf\":{\"@id\":\"https:\\\/\\\/blog.insieme.ch\\\/fr\\\/sante-et-qualite-de-vie\\\/face-au-systeme-de-sante-suisse\\\/\"},\"author\":{\"name\":\"Podcast\",\"@id\":\"https:\\\/\\\/blog.insieme.ch\\\/fr\\\/#\\\/schema\\\/person\\\/8d28de313347ddfdfa1e735b16fbb8e9\"},\"headline\":\"Face au syst\u00e8me de sant\u00e9 suisse\",\"datePublished\":\"2022-04-21T10:00:05+00:00\",\"dateModified\":\"2022-05-04T10:42:19+00:00\",\"mainEntityOfPage\":{\"@id\":\"https:\\\/\\\/blog.insieme.ch\\\/fr\\\/sante-et-qualite-de-vie\\\/face-au-systeme-de-sante-suisse\\\/\"},\"wordCount\":238,\"commentCount\":0,\"publisher\":{\"@id\":\"https:\\\/\\\/blog.insieme.ch\\\/fr\\\/#organization\"},\"image\":{\"@id\":\"https:\\\/\\\/blog.insieme.ch\\\/fr\\\/sante-et-qualite-de-vie\\\/face-au-systeme-de-sante-suisse\\\/#primaryimage\"},\"thumbnailUrl\":\"https:\\\/\\\/blog.insieme.ch\\\/wp-inside\\\/uploads\\\/2022\\\/03\\\/podcast-cover-quadratisch-fr.jpg\",\"keywords\":[\"Accompagnement\",\"Autod\u00e9termination\",\"Discrimination\",\"Int\u00e9gration\"],\"articleSection\":[\"Sant\u00e9 et qualit\u00e9 de vie\"],\"inLanguage\":\"fr-FR\",\"potentialAction\":[{\"@type\":\"CommentAction\",\"name\":\"Comment\",\"target\":[\"https:\\\/\\\/blog.insieme.ch\\\/fr\\\/sante-et-qualite-de-vie\\\/face-au-systeme-de-sante-suisse\\\/#respond\"]}]},{\"@type\":\"WebPage\",\"@id\":\"https:\\\/\\\/blog.insieme.ch\\\/fr\\\/sante-et-qualite-de-vie\\\/face-au-systeme-de-sante-suisse\\\/\",\"url\":\"https:\\\/\\\/blog.insieme.ch\\\/fr\\\/sante-et-qualite-de-vie\\\/face-au-systeme-de-sante-suisse\\\/\",\"name\":\"Face au syst\u00e8me de sant\u00e9 suisse\",\"isPartOf\":{\"@id\":\"https:\\\/\\\/blog.insieme.ch\\\/fr\\\/#website\"},\"primaryImageOfPage\":{\"@id\":\"https:\\\/\\\/blog.insieme.ch\\\/fr\\\/sante-et-qualite-de-vie\\\/face-au-systeme-de-sante-suisse\\\/#primaryimage\"},\"image\":{\"@id\":\"https:\\\/\\\/blog.insieme.ch\\\/fr\\\/sante-et-qualite-de-vie\\\/face-au-systeme-de-sante-suisse\\\/#primaryimage\"},\"thumbnailUrl\":\"https:\\\/\\\/blog.insieme.ch\\\/wp-inside\\\/uploads\\\/2022\\\/03\\\/podcast-cover-quadratisch-fr.jpg\",\"datePublished\":\"2022-04-21T10:00:05+00:00\",\"dateModified\":\"2022-05-04T10:42:19+00:00\",\"description\":\"Dans ce podcast, Sabrina nous raconte ses exp\u00e9riences avec le monde m\u00e9dical. Avec un message important aux professionnel\u00b7le\u00b7s de la sant\u00e9: \u00abPrenez-nous au s\u00e9rieux!\u00bb\",\"breadcrumb\":{\"@id\":\"https:\\\/\\\/blog.insieme.ch\\\/fr\\\/sante-et-qualite-de-vie\\\/face-au-systeme-de-sante-suisse\\\/#breadcrumb\"},\"inLanguage\":\"fr-FR\",\"potentialAction\":[{\"@type\":\"ReadAction\",\"target\":[\"https:\\\/\\\/blog.insieme.ch\\\/fr\\\/sante-et-qualite-de-vie\\\/face-au-systeme-de-sante-suisse\\\/\"]}]},{\"@type\":\"ImageObject\",\"inLanguage\":\"fr-FR\",\"@id\":\"https:\\\/\\\/blog.insieme.ch\\\/fr\\\/sante-et-qualite-de-vie\\\/face-au-systeme-de-sante-suisse\\\/#primaryimage\",\"url\":\"https:\\\/\\\/blog.insieme.ch\\\/wp-inside\\\/uploads\\\/2022\\\/03\\\/podcast-cover-quadratisch-fr.jpg\",\"contentUrl\":\"https:\\\/\\\/blog.insieme.ch\\\/wp-inside\\\/uploads\\\/2022\\\/03\\\/podcast-cover-quadratisch-fr.jpg\",\"width\":2000,\"height\":2000},{\"@type\":\"BreadcrumbList\",\"@id\":\"https:\\\/\\\/blog.insieme.ch\\\/fr\\\/sante-et-qualite-de-vie\\\/face-au-systeme-de-sante-suisse\\\/#breadcrumb\",\"itemListElement\":[{\"@type\":\"ListItem\",\"position\":1,\"name\":\"Accueil\",\"item\":\"https:\\\/\\\/blog.insieme.ch\\\/fr\\\/\"},{\"@type\":\"ListItem\",\"position\":2,\"name\":\"Sant\u00e9 et qualit\u00e9 de vie\",\"item\":\"https:\\\/\\\/blog.insieme.ch\\\/fr\\\/sante-et-qualite-de-vie\\\/\"},{\"@type\":\"ListItem\",\"position\":3,\"name\":\"Face au syst\u00e8me de sant\u00e9 suisse\"}]},{\"@type\":\"WebSite\",\"@id\":\"https:\\\/\\\/blog.insieme.ch\\\/fr\\\/#website\",\"url\":\"https:\\\/\\\/blog.insieme.ch\\\/fr\\\/\",\"name\":\"insieme Blog\",\"description\":\"Alles ausser gew\u00f6hnlich\",\"publisher\":{\"@id\":\"https:\\\/\\\/blog.insieme.ch\\\/fr\\\/#organization\"},\"potentialAction\":[{\"@type\":\"SearchAction\",\"target\":{\"@type\":\"EntryPoint\",\"urlTemplate\":\"https:\\\/\\\/blog.insieme.ch\\\/fr\\\/?s={search_term_string}\"},\"query-input\":{\"@type\":\"PropertyValueSpecification\",\"valueRequired\":true,\"valueName\":\"search_term_string\"}}],\"inLanguage\":\"fr-FR\"},{\"@type\":\"Organization\",\"@id\":\"https:\\\/\\\/blog.insieme.ch\\\/fr\\\/#organization\",\"name\":\"insieme Blog\",\"url\":\"https:\\\/\\\/blog.insieme.ch\\\/fr\\\/\",\"logo\":{\"@type\":\"ImageObject\",\"inLanguage\":\"fr-FR\",\"@id\":\"https:\\\/\\\/blog.insieme.ch\\\/fr\\\/#\\\/schema\\\/logo\\\/image\\\/\",\"url\":\"https:\\\/\\\/blog.insieme.ch\\\/wp-inside\\\/uploads\\\/2021\\\/04\\\/logo-insieme-blog.png\",\"contentUrl\":\"https:\\\/\\\/blog.insieme.ch\\\/wp-inside\\\/uploads\\\/2021\\\/04\\\/logo-insieme-blog.png\",\"width\":280,\"height\":81,\"caption\":\"insieme Blog\"},\"image\":{\"@id\":\"https:\\\/\\\/blog.insieme.ch\\\/fr\\\/#\\\/schema\\\/logo\\\/image\\\/\"},\"sameAs\":[\"https:\\\/\\\/www.facebook.com\\\/insiemeSuisse\\\/\",\"https:\\\/\\\/x.com\\\/insiemeSuisse\"]},{\"@type\":\"Person\",\"@id\":\"https:\\\/\\\/blog.insieme.ch\\\/fr\\\/#\\\/schema\\\/person\\\/8d28de313347ddfdfa1e735b16fbb8e9\",\"name\":\"Podcast\",\"image\":{\"@type\":\"ImageObject\",\"inLanguage\":\"fr-FR\",\"@id\":\"https:\\\/\\\/secure.gravatar.com\\\/avatar\\\/25e288c16fa16b9b898fb432f38e0d45419d4512ed440177cadfd8b4b12499ca?s=96&d=mm&r=g\",\"url\":\"https:\\\/\\\/secure.gravatar.com\\\/avatar\\\/25e288c16fa16b9b898fb432f38e0d45419d4512ed440177cadfd8b4b12499ca?s=96&d=mm&r=g\",\"contentUrl\":\"https:\\\/\\\/secure.gravatar.com\\\/avatar\\\/25e288c16fa16b9b898fb432f38e0d45419d4512ed440177cadfd8b4b12499ca?s=96&d=mm&r=g\",\"caption\":\"Podcast\"},\"url\":\"https:\\\/\\\/blog.insieme.ch\\\/fr\\\/author\\\/podcast\\\/\"}]}<\/script>\n<!-- \/ Yoast SEO plugin. -->","yoast_head_json":{"title":"Face au syst\u00e8me de sant\u00e9 suisse","description":"Dans ce podcast, Sabrina nous raconte ses exp\u00e9riences avec le monde m\u00e9dical. Avec un message important aux professionnel\u00b7le\u00b7s de la sant\u00e9: \u00abPrenez-nous au s\u00e9rieux!\u00bb","robots":{"index":"index","follow":"follow","max-snippet":"max-snippet:-1","max-image-preview":"max-image-preview:large","max-video-preview":"max-video-preview:-1"},"canonical":"https:\/\/blog.insieme.ch\/fr\/sante-et-qualite-de-vie\/face-au-systeme-de-sante-suisse\/","og_locale":"fr_FR","og_type":"article","og_title":"Face au syst\u00e8me de sant\u00e9 suisse","og_description":"Dans ce podcast, Sabrina nous raconte ses exp\u00e9riences avec le monde m\u00e9dical. Avec un message important aux professionnel\u00b7le\u00b7s de la sant\u00e9: \u00abPrenez-nous au s\u00e9rieux!\u00bb","og_url":"https:\/\/blog.insieme.ch\/fr\/sante-et-qualite-de-vie\/face-au-systeme-de-sante-suisse\/","og_site_name":"insieme Blog","article_publisher":"https:\/\/www.facebook.com\/insiemeSuisse\/","article_published_time":"2022-04-21T10:00:05+00:00","article_modified_time":"2022-05-04T10:42:19+00:00","og_image":[{"width":2000,"height":2000,"url":"https:\/\/blog.insieme.ch\/wp-inside\/uploads\/2022\/03\/podcast-cover-quadratisch-fr.jpg","type":"image\/jpeg"}],"author":"Podcast","twitter_card":"summary_large_image","twitter_creator":"@insiemeSuisse","twitter_site":"@insiemeSuisse","twitter_misc":{"\u00c9crit par":"Podcast","Dur\u00e9e de lecture estim\u00e9e":"1 minute"},"schema":{"@context":"https:\/\/schema.org","@graph":[{"@type":"Article","@id":"https:\/\/blog.insieme.ch\/fr\/sante-et-qualite-de-vie\/face-au-systeme-de-sante-suisse\/#article","isPartOf":{"@id":"https:\/\/blog.insieme.ch\/fr\/sante-et-qualite-de-vie\/face-au-systeme-de-sante-suisse\/"},"author":{"name":"Podcast","@id":"https:\/\/blog.insieme.ch\/fr\/#\/schema\/person\/8d28de313347ddfdfa1e735b16fbb8e9"},"headline":"Face au syst\u00e8me de sant\u00e9 suisse","datePublished":"2022-04-21T10:00:05+00:00","dateModified":"2022-05-04T10:42:19+00:00","mainEntityOfPage":{"@id":"https:\/\/blog.insieme.ch\/fr\/sante-et-qualite-de-vie\/face-au-systeme-de-sante-suisse\/"},"wordCount":238,"commentCount":0,"publisher":{"@id":"https:\/\/blog.insieme.ch\/fr\/#organization"},"image":{"@id":"https:\/\/blog.insieme.ch\/fr\/sante-et-qualite-de-vie\/face-au-systeme-de-sante-suisse\/#primaryimage"},"thumbnailUrl":"https:\/\/blog.insieme.ch\/wp-inside\/uploads\/2022\/03\/podcast-cover-quadratisch-fr.jpg","keywords":["Accompagnement","Autod\u00e9termination","Discrimination","Int\u00e9gration"],"articleSection":["Sant\u00e9 et qualit\u00e9 de vie"],"inLanguage":"fr-FR","potentialAction":[{"@type":"CommentAction","name":"Comment","target":["https:\/\/blog.insieme.ch\/fr\/sante-et-qualite-de-vie\/face-au-systeme-de-sante-suisse\/#respond"]}]},{"@type":"WebPage","@id":"https:\/\/blog.insieme.ch\/fr\/sante-et-qualite-de-vie\/face-au-systeme-de-sante-suisse\/","url":"https:\/\/blog.insieme.ch\/fr\/sante-et-qualite-de-vie\/face-au-systeme-de-sante-suisse\/","name":"Face au syst\u00e8me de sant\u00e9 suisse","isPartOf":{"@id":"https:\/\/blog.insieme.ch\/fr\/#website"},"primaryImageOfPage":{"@id":"https:\/\/blog.insieme.ch\/fr\/sante-et-qualite-de-vie\/face-au-systeme-de-sante-suisse\/#primaryimage"},"image":{"@id":"https:\/\/blog.insieme.ch\/fr\/sante-et-qualite-de-vie\/face-au-systeme-de-sante-suisse\/#primaryimage"},"thumbnailUrl":"https:\/\/blog.insieme.ch\/wp-inside\/uploads\/2022\/03\/podcast-cover-quadratisch-fr.jpg","datePublished":"2022-04-21T10:00:05+00:00","dateModified":"2022-05-04T10:42:19+00:00","description":"Dans ce podcast, Sabrina nous raconte ses exp\u00e9riences avec le monde m\u00e9dical. Avec un message important aux professionnel\u00b7le\u00b7s de la sant\u00e9: \u00abPrenez-nous au s\u00e9rieux!\u00bb","breadcrumb":{"@id":"https:\/\/blog.insieme.ch\/fr\/sante-et-qualite-de-vie\/face-au-systeme-de-sante-suisse\/#breadcrumb"},"inLanguage":"fr-FR","potentialAction":[{"@type":"ReadAction","target":["https:\/\/blog.insieme.ch\/fr\/sante-et-qualite-de-vie\/face-au-systeme-de-sante-suisse\/"]}]},{"@type":"ImageObject","inLanguage":"fr-FR","@id":"https:\/\/blog.insieme.ch\/fr\/sante-et-qualite-de-vie\/face-au-systeme-de-sante-suisse\/#primaryimage","url":"https:\/\/blog.insieme.ch\/wp-inside\/uploads\/2022\/03\/podcast-cover-quadratisch-fr.jpg","contentUrl":"https:\/\/blog.insieme.ch\/wp-inside\/uploads\/2022\/03\/podcast-cover-quadratisch-fr.jpg","width":2000,"height":2000},{"@type":"BreadcrumbList","@id":"https:\/\/blog.insieme.ch\/fr\/sante-et-qualite-de-vie\/face-au-systeme-de-sante-suisse\/#breadcrumb","itemListElement":[{"@type":"ListItem","position":1,"name":"Accueil","item":"https:\/\/blog.insieme.ch\/fr\/"},{"@type":"ListItem","position":2,"name":"Sant\u00e9 et qualit\u00e9 de vie","item":"https:\/\/blog.insieme.ch\/fr\/sante-et-qualite-de-vie\/"},{"@type":"ListItem","position":3,"name":"Face au syst\u00e8me de sant\u00e9 suisse"}]},{"@type":"WebSite","@id":"https:\/\/blog.insieme.ch\/fr\/#website","url":"https:\/\/blog.insieme.ch\/fr\/","name":"insieme Blog","description":"Alles ausser gew\u00f6hnlich","publisher":{"@id":"https:\/\/blog.insieme.ch\/fr\/#organization"},"potentialAction":[{"@type":"SearchAction","target":{"@type":"EntryPoint","urlTemplate":"https:\/\/blog.insieme.ch\/fr\/?s={search_term_string}"},"query-input":{"@type":"PropertyValueSpecification","valueRequired":true,"valueName":"search_term_string"}}],"inLanguage":"fr-FR"},{"@type":"Organization","@id":"https:\/\/blog.insieme.ch\/fr\/#organization","name":"insieme Blog","url":"https:\/\/blog.insieme.ch\/fr\/","logo":{"@type":"ImageObject","inLanguage":"fr-FR","@id":"https:\/\/blog.insieme.ch\/fr\/#\/schema\/logo\/image\/","url":"https:\/\/blog.insieme.ch\/wp-inside\/uploads\/2021\/04\/logo-insieme-blog.png","contentUrl":"https:\/\/blog.insieme.ch\/wp-inside\/uploads\/2021\/04\/logo-insieme-blog.png","width":280,"height":81,"caption":"insieme Blog"},"image":{"@id":"https:\/\/blog.insieme.ch\/fr\/#\/schema\/logo\/image\/"},"sameAs":["https:\/\/www.facebook.com\/insiemeSuisse\/","https:\/\/x.com\/insiemeSuisse"]},{"@type":"Person","@id":"https:\/\/blog.insieme.ch\/fr\/#\/schema\/person\/8d28de313347ddfdfa1e735b16fbb8e9","name":"Podcast","image":{"@type":"ImageObject","inLanguage":"fr-FR","@id":"https:\/\/secure.gravatar.com\/avatar\/25e288c16fa16b9b898fb432f38e0d45419d4512ed440177cadfd8b4b12499ca?s=96&d=mm&r=g","url":"https:\/\/secure.gravatar.com\/avatar\/25e288c16fa16b9b898fb432f38e0d45419d4512ed440177cadfd8b4b12499ca?s=96&d=mm&r=g","contentUrl":"https:\/\/secure.gravatar.com\/avatar\/25e288c16fa16b9b898fb432f38e0d45419d4512ed440177cadfd8b4b12499ca?s=96&d=mm&r=g","caption":"Podcast"},"url":"https:\/\/blog.insieme.ch\/fr\/author\/podcast\/"}]}},"featured_media_url":"https:\/\/blog.insieme.ch\/wp-inside\/uploads\/2022\/03\/podcast-cover-quadratisch-fr-1024x1024.jpg","_links":{"self":[{"href":"https:\/\/blog.insieme.ch\/fr\/wp-json\/wp\/v2\/posts\/3508","targetHints":{"allow":["GET"]}}],"collection":[{"href":"https:\/\/blog.insieme.ch\/fr\/wp-json\/wp\/v2\/posts"}],"about":[{"href":"https:\/\/blog.insieme.ch\/fr\/wp-json\/wp\/v2\/types\/post"}],"author":[{"embeddable":true,"href":"https:\/\/blog.insieme.ch\/fr\/wp-json\/wp\/v2\/users\/21"}],"replies":[{"embeddable":true,"href":"https:\/\/blog.insieme.ch\/fr\/wp-json\/wp\/v2\/comments?post=3508"}],"version-history":[{"count":8,"href":"https:\/\/blog.insieme.ch\/fr\/wp-json\/wp\/v2\/posts\/3508\/revisions"}],"predecessor-version":[{"id":3748,"href":"https:\/\/blog.insieme.ch\/fr\/wp-json\/wp\/v2\/posts\/3508\/revisions\/3748"}],"wp:featuredmedia":[{"embeddable":true,"href":"https:\/\/blog.insieme.ch\/fr\/wp-json\/wp\/v2\/media\/3510"}],"wp:attachment":[{"href":"https:\/\/blog.insieme.ch\/fr\/wp-json\/wp\/v2\/media?parent=3508"}],"wp:term":[{"taxonomy":"category","embeddable":true,"href":"https:\/\/blog.insieme.ch\/fr\/wp-json\/wp\/v2\/categories?post=3508"},{"taxonomy":"post_tag","embeddable":true,"href":"https:\/\/blog.insieme.ch\/fr\/wp-json\/wp\/v2\/tags?post=3508"}],"curies":[{"name":"wp","href":"https:\/\/api.w.org\/{rel}","templated":true}]}}