{"id":2930,"date":"2021-12-03T00:00:13","date_gmt":"2021-12-02T23:00:13","guid":{"rendered":"https:\/\/blog.insieme.ch\/?p=2930"},"modified":"2021-12-03T10:26:41","modified_gmt":"2021-12-03T09:26:41","slug":"recits-extra-ordinaires-le-podcast-inclusif-dinsieme-suisse","status":"publish","type":"post","link":"https:\/\/blog.insieme.ch\/fr\/loisirs\/recits-extra-ordinaires-le-podcast-inclusif-dinsieme-suisse\/","title":{"rendered":"R\u00e9cits extra-ordinaires&#160;: le podcast inclusif d&rsquo;insieme Suisse"},"content":{"rendered":"<p><!-- flzn:zn_pagebanner --><\/p>\n<header id=\"flzn-pagebanner-1\" class=\"zone zn-pagebanner is-alignfull with-bg bg-color is-bgc-yellow-light\"><span class=\"zone-bg bg-color bgc-yellow-light alignfull\"><\/span><\/p>\n<div class=\"zone-block zn-pagebanner-block alignfull va-center\"><\/div>\n<\/header>\n<p><!-- \/flzn:zn_pagebanner --><br \/>\n<!-- flzn:zn_text --><\/p>\n<div id=\"flzn-text-1\" class=\"zone zn-text is-alignwide\">\n<div class=\"zone-block zn-text-block alignwide va-top\">\n<div class=\"row mw-content-zone zn-text-row\">\n<div class=\"columns large-12\">\n<div class=\"row large-up-1 with-nice-alignment nbloc-1\">\n<div class=\"column zn-text-col\">\n<div class=\"column-inner\">\n<div class=\"wig-content mw-content\">\n<p><strong>Une petite pens\u00e9e peut avoir de grandes cons\u00e9quences. En particulier dans les relations avec les autres. Daniel et Tabea discutent de ce qui peut provoquer un conflit et de comment y faire face au mieux. Y r\u00e9agir ou l\u2019ignorer&#160;&#160;?<\/strong><!--more--><\/p>\n<p>Le podcast inclusif et en images d\u2019<strong><a href=\"http:\/\/www.insieme.ch\/fr\">insieme Suisse<\/a><\/strong> est d\u00e9sormais \u00e0 d\u00e9couvrir.<\/p>\n<p><iframe loading=\"lazy\" title=\"Podcast insieme - episode 01: dispute et conflit\" width=\"500\" height=\"281\" src=\"https:\/\/www.youtube.com\/embed\/f55WJxC6sn0?feature=oembed&#038;modestbranding=1&#038;showinfo=0&#038;rel=0&#038;cc_load_policy=1&#038;iv_load_policy=3\" frameborder=\"0\" allow=\"accelerometer; autoplay; clipboard-write; encrypted-media; gyroscope; picture-in-picture\" allowfullscreen frameborder=\"0\"><\/iframe><\/p>\n<p>&nbsp;<\/p>\n<p>&nbsp;<\/p>\n<p>Les vid\u00e9os du podcast avec sous-titres fran\u00e7ais et allemand sont \u00e9galement disponibles sur sur Youtube.<\/p>\n<\/p><\/div>\n<\/p><\/div>\n<\/p><\/div>\n<\/p><\/div>\n<\/p><\/div>\n<\/p><\/div>\n<\/div>\n<\/div>\n<p><!-- \/flzn:zn_text --><\/p>\n","protected":false},"excerpt":{"rendered":"<p>Le podcast inclusif et en images d\u2019insieme Suisse est d\u00e9sormais \u00e0 d\u00e9couvrir.\u00a0<\/p>\n","protected":false},"author":21,"featured_media":2982,"comment_status":"open","ping_status":"open","sticky":false,"template":"","format":"standard","meta":{"_acf_changed":false,"footnotes":""},"categories":[17,23],"tags":[45,56,42,40,49],"class_list":["post-2930","post","type-post","status-publish","format-standard","has-post-thumbnail","hentry","category-inclusion","category-loisirs","tag-diversite","tag-integration","tag-internet","tag-medias-numeriques","tag-plaisir","wp-sticky"],"acf":[],"yoast_head":"<!-- This site is optimized with the Yoast SEO plugin v27.5 - https:\/\/yoast.com\/product\/yoast-seo-wordpress\/ -->\n<title>R\u00e9cits extra-ordinaires: le podcast inclusif d&#039;insieme Suisse<\/title>\n<meta name=\"description\" content=\"Le podcast inclusif et en images d\u2019insieme Suisse est d\u00e9sormais \u00e0 d\u00e9couvrir.\u00a0\" \/>\n<meta name=\"robots\" content=\"index, follow, max-snippet:-1, max-image-preview:large, max-video-preview:-1\" \/>\n<link rel=\"canonical\" href=\"https:\/\/blog.insieme.ch\/fr\/loisirs\/recits-extra-ordinaires-le-podcast-inclusif-dinsieme-suisse\/\" \/>\n<meta property=\"og:locale\" content=\"fr_FR\" \/>\n<meta property=\"og:type\" content=\"article\" \/>\n<meta property=\"og:title\" content=\"R\u00e9cits extra-ordinaires: le podcast inclusif d&#039;insieme Suisse\" \/>\n<meta property=\"og:description\" content=\"Le podcast inclusif et en images d\u2019insieme Suisse est d\u00e9sormais \u00e0 d\u00e9couvrir.\u00a0\" \/>\n<meta property=\"og:url\" content=\"https:\/\/blog.insieme.ch\/fr\/loisirs\/recits-extra-ordinaires-le-podcast-inclusif-dinsieme-suisse\/\" \/>\n<meta property=\"og:site_name\" content=\"insieme Blog\" \/>\n<meta property=\"article:publisher\" content=\"https:\/\/www.facebook.com\/insiemeSuisse\/\" \/>\n<meta property=\"article:published_time\" content=\"2021-12-02T23:00:13+00:00\" \/>\n<meta property=\"article:modified_time\" content=\"2021-12-03T09:26:41+00:00\" \/>\n<meta property=\"og:image\" content=\"https:\/\/blog.insieme.ch\/wp-inside\/uploads\/2021\/11\/podcast-cover-quadratisch-de-1-e1638523592114.jpg\" \/>\n\t<meta property=\"og:image:width\" content=\"2000\" \/>\n\t<meta property=\"og:image:height\" content=\"1295\" \/>\n\t<meta property=\"og:image:type\" content=\"image\/jpeg\" \/>\n<meta name=\"author\" content=\"Podcast\" \/>\n<meta name=\"twitter:card\" content=\"summary_large_image\" \/>\n<meta name=\"twitter:creator\" content=\"@insiemeSuisse\" \/>\n<meta name=\"twitter:site\" content=\"@insiemeSuisse\" \/>\n<meta name=\"twitter:label1\" content=\"\u00c9crit par\" \/>\n\t<meta name=\"twitter:data1\" content=\"Podcast\" \/>\n<script type=\"application\/ld+json\" class=\"yoast-schema-graph\">{\"@context\":\"https:\\\/\\\/schema.org\",\"@graph\":[{\"@type\":\"Article\",\"@id\":\"https:\\\/\\\/blog.insieme.ch\\\/fr\\\/loisirs\\\/recits-extra-ordinaires-le-podcast-inclusif-dinsieme-suisse\\\/#article\",\"isPartOf\":{\"@id\":\"https:\\\/\\\/blog.insieme.ch\\\/fr\\\/loisirs\\\/recits-extra-ordinaires-le-podcast-inclusif-dinsieme-suisse\\\/\"},\"author\":{\"name\":\"Podcast\",\"@id\":\"https:\\\/\\\/blog.insieme.ch\\\/fr\\\/#\\\/schema\\\/person\\\/8d28de313347ddfdfa1e735b16fbb8e9\"},\"headline\":\"R\u00e9cits extra-ordinaires&#160;: le podcast inclusif d&rsquo;insieme Suisse\",\"datePublished\":\"2021-12-02T23:00:13+00:00\",\"dateModified\":\"2021-12-03T09:26:41+00:00\",\"mainEntityOfPage\":{\"@id\":\"https:\\\/\\\/blog.insieme.ch\\\/fr\\\/loisirs\\\/recits-extra-ordinaires-le-podcast-inclusif-dinsieme-suisse\\\/\"},\"wordCount\":85,\"commentCount\":0,\"publisher\":{\"@id\":\"https:\\\/\\\/blog.insieme.ch\\\/fr\\\/#organization\"},\"image\":{\"@id\":\"https:\\\/\\\/blog.insieme.ch\\\/fr\\\/loisirs\\\/recits-extra-ordinaires-le-podcast-inclusif-dinsieme-suisse\\\/#primaryimage\"},\"thumbnailUrl\":\"https:\\\/\\\/blog.insieme.ch\\\/wp-inside\\\/uploads\\\/2021\\\/11\\\/podcast-cover-quadratisch-de-1-e1638523592114.jpg\",\"keywords\":[\"Diversit\u00e9\",\"Int\u00e9gration\",\"Internet\",\"M\u00e9dias num\u00e9riques\",\"Plaisir\"],\"articleSection\":[\"Inclusion\",\"Loisirs\"],\"inLanguage\":\"fr-FR\",\"potentialAction\":[{\"@type\":\"CommentAction\",\"name\":\"Comment\",\"target\":[\"https:\\\/\\\/blog.insieme.ch\\\/fr\\\/loisirs\\\/recits-extra-ordinaires-le-podcast-inclusif-dinsieme-suisse\\\/#respond\"]}]},{\"@type\":\"WebPage\",\"@id\":\"https:\\\/\\\/blog.insieme.ch\\\/fr\\\/loisirs\\\/recits-extra-ordinaires-le-podcast-inclusif-dinsieme-suisse\\\/\",\"url\":\"https:\\\/\\\/blog.insieme.ch\\\/fr\\\/loisirs\\\/recits-extra-ordinaires-le-podcast-inclusif-dinsieme-suisse\\\/\",\"name\":\"R\u00e9cits extra-ordinaires: le podcast inclusif d'insieme Suisse\",\"isPartOf\":{\"@id\":\"https:\\\/\\\/blog.insieme.ch\\\/fr\\\/#website\"},\"primaryImageOfPage\":{\"@id\":\"https:\\\/\\\/blog.insieme.ch\\\/fr\\\/loisirs\\\/recits-extra-ordinaires-le-podcast-inclusif-dinsieme-suisse\\\/#primaryimage\"},\"image\":{\"@id\":\"https:\\\/\\\/blog.insieme.ch\\\/fr\\\/loisirs\\\/recits-extra-ordinaires-le-podcast-inclusif-dinsieme-suisse\\\/#primaryimage\"},\"thumbnailUrl\":\"https:\\\/\\\/blog.insieme.ch\\\/wp-inside\\\/uploads\\\/2021\\\/11\\\/podcast-cover-quadratisch-de-1-e1638523592114.jpg\",\"datePublished\":\"2021-12-02T23:00:13+00:00\",\"dateModified\":\"2021-12-03T09:26:41+00:00\",\"description\":\"Le podcast inclusif et en images d\u2019insieme Suisse est d\u00e9sormais \u00e0 d\u00e9couvrir.\u00a0\",\"breadcrumb\":{\"@id\":\"https:\\\/\\\/blog.insieme.ch\\\/fr\\\/loisirs\\\/recits-extra-ordinaires-le-podcast-inclusif-dinsieme-suisse\\\/#breadcrumb\"},\"inLanguage\":\"fr-FR\",\"potentialAction\":[{\"@type\":\"ReadAction\",\"target\":[\"https:\\\/\\\/blog.insieme.ch\\\/fr\\\/loisirs\\\/recits-extra-ordinaires-le-podcast-inclusif-dinsieme-suisse\\\/\"]}]},{\"@type\":\"ImageObject\",\"inLanguage\":\"fr-FR\",\"@id\":\"https:\\\/\\\/blog.insieme.ch\\\/fr\\\/loisirs\\\/recits-extra-ordinaires-le-podcast-inclusif-dinsieme-suisse\\\/#primaryimage\",\"url\":\"https:\\\/\\\/blog.insieme.ch\\\/wp-inside\\\/uploads\\\/2021\\\/11\\\/podcast-cover-quadratisch-de-1-e1638523592114.jpg\",\"contentUrl\":\"https:\\\/\\\/blog.insieme.ch\\\/wp-inside\\\/uploads\\\/2021\\\/11\\\/podcast-cover-quadratisch-de-1-e1638523592114.jpg\",\"width\":2000,\"height\":1295},{\"@type\":\"BreadcrumbList\",\"@id\":\"https:\\\/\\\/blog.insieme.ch\\\/fr\\\/loisirs\\\/recits-extra-ordinaires-le-podcast-inclusif-dinsieme-suisse\\\/#breadcrumb\",\"itemListElement\":[{\"@type\":\"ListItem\",\"position\":1,\"name\":\"Accueil\",\"item\":\"https:\\\/\\\/blog.insieme.ch\\\/fr\\\/\"},{\"@type\":\"ListItem\",\"position\":2,\"name\":\"Loisirs\",\"item\":\"https:\\\/\\\/blog.insieme.ch\\\/fr\\\/loisirs\\\/\"},{\"@type\":\"ListItem\",\"position\":3,\"name\":\"R\u00e9cits extra-ordinaires: le podcast inclusif d&#8217;insieme Suisse\"}]},{\"@type\":\"WebSite\",\"@id\":\"https:\\\/\\\/blog.insieme.ch\\\/fr\\\/#website\",\"url\":\"https:\\\/\\\/blog.insieme.ch\\\/fr\\\/\",\"name\":\"insieme Blog\",\"description\":\"Alles ausser gew\u00f6hnlich\",\"publisher\":{\"@id\":\"https:\\\/\\\/blog.insieme.ch\\\/fr\\\/#organization\"},\"potentialAction\":[{\"@type\":\"SearchAction\",\"target\":{\"@type\":\"EntryPoint\",\"urlTemplate\":\"https:\\\/\\\/blog.insieme.ch\\\/fr\\\/?s={search_term_string}\"},\"query-input\":{\"@type\":\"PropertyValueSpecification\",\"valueRequired\":true,\"valueName\":\"search_term_string\"}}],\"inLanguage\":\"fr-FR\"},{\"@type\":\"Organization\",\"@id\":\"https:\\\/\\\/blog.insieme.ch\\\/fr\\\/#organization\",\"name\":\"insieme Blog\",\"url\":\"https:\\\/\\\/blog.insieme.ch\\\/fr\\\/\",\"logo\":{\"@type\":\"ImageObject\",\"inLanguage\":\"fr-FR\",\"@id\":\"https:\\\/\\\/blog.insieme.ch\\\/fr\\\/#\\\/schema\\\/logo\\\/image\\\/\",\"url\":\"https:\\\/\\\/blog.insieme.ch\\\/wp-inside\\\/uploads\\\/2021\\\/04\\\/logo-insieme-blog.png\",\"contentUrl\":\"https:\\\/\\\/blog.insieme.ch\\\/wp-inside\\\/uploads\\\/2021\\\/04\\\/logo-insieme-blog.png\",\"width\":280,\"height\":81,\"caption\":\"insieme Blog\"},\"image\":{\"@id\":\"https:\\\/\\\/blog.insieme.ch\\\/fr\\\/#\\\/schema\\\/logo\\\/image\\\/\"},\"sameAs\":[\"https:\\\/\\\/www.facebook.com\\\/insiemeSuisse\\\/\",\"https:\\\/\\\/x.com\\\/insiemeSuisse\"]},{\"@type\":\"Person\",\"@id\":\"https:\\\/\\\/blog.insieme.ch\\\/fr\\\/#\\\/schema\\\/person\\\/8d28de313347ddfdfa1e735b16fbb8e9\",\"name\":\"Podcast\",\"image\":{\"@type\":\"ImageObject\",\"inLanguage\":\"fr-FR\",\"@id\":\"https:\\\/\\\/secure.gravatar.com\\\/avatar\\\/25e288c16fa16b9b898fb432f38e0d45419d4512ed440177cadfd8b4b12499ca?s=96&d=mm&r=g\",\"url\":\"https:\\\/\\\/secure.gravatar.com\\\/avatar\\\/25e288c16fa16b9b898fb432f38e0d45419d4512ed440177cadfd8b4b12499ca?s=96&d=mm&r=g\",\"contentUrl\":\"https:\\\/\\\/secure.gravatar.com\\\/avatar\\\/25e288c16fa16b9b898fb432f38e0d45419d4512ed440177cadfd8b4b12499ca?s=96&d=mm&r=g\",\"caption\":\"Podcast\"},\"url\":\"https:\\\/\\\/blog.insieme.ch\\\/fr\\\/author\\\/podcast\\\/\"}]}<\/script>\n<!-- \/ Yoast SEO plugin. -->","yoast_head_json":{"title":"R\u00e9cits extra-ordinaires: le podcast inclusif d'insieme Suisse","description":"Le podcast inclusif et en images d\u2019insieme Suisse est d\u00e9sormais \u00e0 d\u00e9couvrir.\u00a0","robots":{"index":"index","follow":"follow","max-snippet":"max-snippet:-1","max-image-preview":"max-image-preview:large","max-video-preview":"max-video-preview:-1"},"canonical":"https:\/\/blog.insieme.ch\/fr\/loisirs\/recits-extra-ordinaires-le-podcast-inclusif-dinsieme-suisse\/","og_locale":"fr_FR","og_type":"article","og_title":"R\u00e9cits extra-ordinaires: le podcast inclusif d'insieme Suisse","og_description":"Le podcast inclusif et en images d\u2019insieme Suisse est d\u00e9sormais \u00e0 d\u00e9couvrir.\u00a0","og_url":"https:\/\/blog.insieme.ch\/fr\/loisirs\/recits-extra-ordinaires-le-podcast-inclusif-dinsieme-suisse\/","og_site_name":"insieme Blog","article_publisher":"https:\/\/www.facebook.com\/insiemeSuisse\/","article_published_time":"2021-12-02T23:00:13+00:00","article_modified_time":"2021-12-03T09:26:41+00:00","og_image":[{"width":2000,"height":1295,"url":"https:\/\/blog.insieme.ch\/wp-inside\/uploads\/2021\/11\/podcast-cover-quadratisch-de-1-e1638523592114.jpg","type":"image\/jpeg"}],"author":"Podcast","twitter_card":"summary_large_image","twitter_creator":"@insiemeSuisse","twitter_site":"@insiemeSuisse","twitter_misc":{"\u00c9crit par":"Podcast"},"schema":{"@context":"https:\/\/schema.org","@graph":[{"@type":"Article","@id":"https:\/\/blog.insieme.ch\/fr\/loisirs\/recits-extra-ordinaires-le-podcast-inclusif-dinsieme-suisse\/#article","isPartOf":{"@id":"https:\/\/blog.insieme.ch\/fr\/loisirs\/recits-extra-ordinaires-le-podcast-inclusif-dinsieme-suisse\/"},"author":{"name":"Podcast","@id":"https:\/\/blog.insieme.ch\/fr\/#\/schema\/person\/8d28de313347ddfdfa1e735b16fbb8e9"},"headline":"R\u00e9cits extra-ordinaires&#160;: le podcast inclusif d&rsquo;insieme Suisse","datePublished":"2021-12-02T23:00:13+00:00","dateModified":"2021-12-03T09:26:41+00:00","mainEntityOfPage":{"@id":"https:\/\/blog.insieme.ch\/fr\/loisirs\/recits-extra-ordinaires-le-podcast-inclusif-dinsieme-suisse\/"},"wordCount":85,"commentCount":0,"publisher":{"@id":"https:\/\/blog.insieme.ch\/fr\/#organization"},"image":{"@id":"https:\/\/blog.insieme.ch\/fr\/loisirs\/recits-extra-ordinaires-le-podcast-inclusif-dinsieme-suisse\/#primaryimage"},"thumbnailUrl":"https:\/\/blog.insieme.ch\/wp-inside\/uploads\/2021\/11\/podcast-cover-quadratisch-de-1-e1638523592114.jpg","keywords":["Diversit\u00e9","Int\u00e9gration","Internet","M\u00e9dias num\u00e9riques","Plaisir"],"articleSection":["Inclusion","Loisirs"],"inLanguage":"fr-FR","potentialAction":[{"@type":"CommentAction","name":"Comment","target":["https:\/\/blog.insieme.ch\/fr\/loisirs\/recits-extra-ordinaires-le-podcast-inclusif-dinsieme-suisse\/#respond"]}]},{"@type":"WebPage","@id":"https:\/\/blog.insieme.ch\/fr\/loisirs\/recits-extra-ordinaires-le-podcast-inclusif-dinsieme-suisse\/","url":"https:\/\/blog.insieme.ch\/fr\/loisirs\/recits-extra-ordinaires-le-podcast-inclusif-dinsieme-suisse\/","name":"R\u00e9cits extra-ordinaires: le podcast inclusif d'insieme Suisse","isPartOf":{"@id":"https:\/\/blog.insieme.ch\/fr\/#website"},"primaryImageOfPage":{"@id":"https:\/\/blog.insieme.ch\/fr\/loisirs\/recits-extra-ordinaires-le-podcast-inclusif-dinsieme-suisse\/#primaryimage"},"image":{"@id":"https:\/\/blog.insieme.ch\/fr\/loisirs\/recits-extra-ordinaires-le-podcast-inclusif-dinsieme-suisse\/#primaryimage"},"thumbnailUrl":"https:\/\/blog.insieme.ch\/wp-inside\/uploads\/2021\/11\/podcast-cover-quadratisch-de-1-e1638523592114.jpg","datePublished":"2021-12-02T23:00:13+00:00","dateModified":"2021-12-03T09:26:41+00:00","description":"Le podcast inclusif et en images d\u2019insieme Suisse est d\u00e9sormais \u00e0 d\u00e9couvrir.\u00a0","breadcrumb":{"@id":"https:\/\/blog.insieme.ch\/fr\/loisirs\/recits-extra-ordinaires-le-podcast-inclusif-dinsieme-suisse\/#breadcrumb"},"inLanguage":"fr-FR","potentialAction":[{"@type":"ReadAction","target":["https:\/\/blog.insieme.ch\/fr\/loisirs\/recits-extra-ordinaires-le-podcast-inclusif-dinsieme-suisse\/"]}]},{"@type":"ImageObject","inLanguage":"fr-FR","@id":"https:\/\/blog.insieme.ch\/fr\/loisirs\/recits-extra-ordinaires-le-podcast-inclusif-dinsieme-suisse\/#primaryimage","url":"https:\/\/blog.insieme.ch\/wp-inside\/uploads\/2021\/11\/podcast-cover-quadratisch-de-1-e1638523592114.jpg","contentUrl":"https:\/\/blog.insieme.ch\/wp-inside\/uploads\/2021\/11\/podcast-cover-quadratisch-de-1-e1638523592114.jpg","width":2000,"height":1295},{"@type":"BreadcrumbList","@id":"https:\/\/blog.insieme.ch\/fr\/loisirs\/recits-extra-ordinaires-le-podcast-inclusif-dinsieme-suisse\/#breadcrumb","itemListElement":[{"@type":"ListItem","position":1,"name":"Accueil","item":"https:\/\/blog.insieme.ch\/fr\/"},{"@type":"ListItem","position":2,"name":"Loisirs","item":"https:\/\/blog.insieme.ch\/fr\/loisirs\/"},{"@type":"ListItem","position":3,"name":"R\u00e9cits extra-ordinaires: le podcast inclusif d&#8217;insieme Suisse"}]},{"@type":"WebSite","@id":"https:\/\/blog.insieme.ch\/fr\/#website","url":"https:\/\/blog.insieme.ch\/fr\/","name":"insieme Blog","description":"Alles ausser gew\u00f6hnlich","publisher":{"@id":"https:\/\/blog.insieme.ch\/fr\/#organization"},"potentialAction":[{"@type":"SearchAction","target":{"@type":"EntryPoint","urlTemplate":"https:\/\/blog.insieme.ch\/fr\/?s={search_term_string}"},"query-input":{"@type":"PropertyValueSpecification","valueRequired":true,"valueName":"search_term_string"}}],"inLanguage":"fr-FR"},{"@type":"Organization","@id":"https:\/\/blog.insieme.ch\/fr\/#organization","name":"insieme Blog","url":"https:\/\/blog.insieme.ch\/fr\/","logo":{"@type":"ImageObject","inLanguage":"fr-FR","@id":"https:\/\/blog.insieme.ch\/fr\/#\/schema\/logo\/image\/","url":"https:\/\/blog.insieme.ch\/wp-inside\/uploads\/2021\/04\/logo-insieme-blog.png","contentUrl":"https:\/\/blog.insieme.ch\/wp-inside\/uploads\/2021\/04\/logo-insieme-blog.png","width":280,"height":81,"caption":"insieme Blog"},"image":{"@id":"https:\/\/blog.insieme.ch\/fr\/#\/schema\/logo\/image\/"},"sameAs":["https:\/\/www.facebook.com\/insiemeSuisse\/","https:\/\/x.com\/insiemeSuisse"]},{"@type":"Person","@id":"https:\/\/blog.insieme.ch\/fr\/#\/schema\/person\/8d28de313347ddfdfa1e735b16fbb8e9","name":"Podcast","image":{"@type":"ImageObject","inLanguage":"fr-FR","@id":"https:\/\/secure.gravatar.com\/avatar\/25e288c16fa16b9b898fb432f38e0d45419d4512ed440177cadfd8b4b12499ca?s=96&d=mm&r=g","url":"https:\/\/secure.gravatar.com\/avatar\/25e288c16fa16b9b898fb432f38e0d45419d4512ed440177cadfd8b4b12499ca?s=96&d=mm&r=g","contentUrl":"https:\/\/secure.gravatar.com\/avatar\/25e288c16fa16b9b898fb432f38e0d45419d4512ed440177cadfd8b4b12499ca?s=96&d=mm&r=g","caption":"Podcast"},"url":"https:\/\/blog.insieme.ch\/fr\/author\/podcast\/"}]}},"featured_media_url":"https:\/\/blog.insieme.ch\/wp-inside\/uploads\/2021\/11\/podcast-cover-quadratisch-de-1-e1638523592114-1024x663.jpg","_links":{"self":[{"href":"https:\/\/blog.insieme.ch\/fr\/wp-json\/wp\/v2\/posts\/2930","targetHints":{"allow":["GET"]}}],"collection":[{"href":"https:\/\/blog.insieme.ch\/fr\/wp-json\/wp\/v2\/posts"}],"about":[{"href":"https:\/\/blog.insieme.ch\/fr\/wp-json\/wp\/v2\/types\/post"}],"author":[{"embeddable":true,"href":"https:\/\/blog.insieme.ch\/fr\/wp-json\/wp\/v2\/users\/21"}],"replies":[{"embeddable":true,"href":"https:\/\/blog.insieme.ch\/fr\/wp-json\/wp\/v2\/comments?post=2930"}],"version-history":[{"count":5,"href":"https:\/\/blog.insieme.ch\/fr\/wp-json\/wp\/v2\/posts\/2930\/revisions"}],"predecessor-version":[{"id":2996,"href":"https:\/\/blog.insieme.ch\/fr\/wp-json\/wp\/v2\/posts\/2930\/revisions\/2996"}],"wp:featuredmedia":[{"embeddable":true,"href":"https:\/\/blog.insieme.ch\/fr\/wp-json\/wp\/v2\/media\/2982"}],"wp:attachment":[{"href":"https:\/\/blog.insieme.ch\/fr\/wp-json\/wp\/v2\/media?parent=2930"}],"wp:term":[{"taxonomy":"category","embeddable":true,"href":"https:\/\/blog.insieme.ch\/fr\/wp-json\/wp\/v2\/categories?post=2930"},{"taxonomy":"post_tag","embeddable":true,"href":"https:\/\/blog.insieme.ch\/fr\/wp-json\/wp\/v2\/tags?post=2930"}],"curies":[{"name":"wp","href":"https:\/\/api.w.org\/{rel}","templated":true}]}}