{"id":1732,"date":"2021-04-28T08:01:41","date_gmt":"2021-04-28T06:01:41","guid":{"rendered":"https:\/\/blog.insieme.ch\/?p=1732"},"modified":"2021-05-05T15:00:40","modified_gmt":"2021-05-05T13:00:40","slug":"guider-vers-lautonomie","status":"publish","type":"post","link":"https:\/\/blog.insieme.ch\/fr\/vie-professionnelle\/guider-vers-lautonomie\/","title":{"rendered":"Guider vers l\u2019autonomie"},"content":{"rendered":"<p><!-- flzn:zn_pagebanner --><\/p>\n<header id=\"flzn-pagebanner-1\" class=\"zone zn-pagebanner is-alignfull with-bg bg-color is-bgc-yellow-light\"><span class=\"zone-bg bg-color bgc-yellow-light alignfull\"><\/span><\/p>\n<div class=\"zone-block zn-pagebanner-block alignfull va-center\"><\/div>\n<\/header>\n<p><!-- \/flzn:zn_pagebanner --><br \/>\n<!-- flzn:zn_text --><\/p>\n<div id=\"flzn-text-1\" class=\"zone zn-text is-alignwide\">\n<div class=\"zone-block zn-text-block alignwide va-top\">\n<div class=\"row mw-content-zone zn-text-row\">\n<div class=\"columns large-12\">\n<div class=\"row large-up-1 with-nice-alignment nbloc-1\">\n<div class=\"column zn-text-col\">\n<div class=\"column-inner\">\n<div class=\"wig-content mw-content\">\n<p><strong>Pour une entreprise, int\u00e9grer une personne avec handicap mental constitue une riche exp\u00e9rience. Des structures comme Actifs aident les employeurs \u00e0 trouver des solutions pratiques adapt\u00e9es. Reportage en s\u00e9ance de coaching.<\/strong><\/p>\n<p>Sylvain Abraham, 35 ans, travaille au service des parcs du Grand-Saconnex (GE)&#160;&#160;: comme stagiaire depuis 2018, puis comme aide-jardinier \u00e0 80&#160;&#160;% depuis 2019. \u00ab&#160;&#160;Je me sens bien, je suis content d\u2019\u00eatre l\u00e0&#160;&#160;! \u00c7a me tire vers le haut.&#160;&#160;\u00bb Avant, il faisait du jardinage en atelier prot\u00e9g\u00e9. Il a voulu int\u00e9grer une entreprise \u00ab&#160;&#160;pour \u00eatre avec toutes sortes de gens et avoir une vie professionnelle normale&#160;&#160;\u00bb. Un ami et une dame de l\u2019AI lui ont parl\u00e9 de l\u2019association genevoise Actifs. \u00ab&#160;&#160;C\u2019est pas mal&#160;&#160;: on peut mettre des gens qui ont des difficult\u00e9s dans un milieu ordinaire avec des gens ordinaires.&#160;&#160;\u00bb Ses t\u00e2ches&#160;&#160;: d\u00e9sherber, passer la souffleuse, la tondeuse, la d\u00e9broussailleuse. \u00ab&#160;&#160;Sylvain, \u00e7a a un rapport avec la nature \u2013 la for\u00eat, je crois.&#160;&#160;\u00bb Ce qu\u2019il pr\u00e9f\u00e8re, ce sont les machines. \u00ab&#160;&#160;Sauf la souffleuse quand le vent repousse les feuilles dans l\u2019autre sens&#160;&#160;\u00bb, sourit-il.<\/p>\n<\/p><\/div>\n<\/p><\/div>\n<\/p><\/div>\n<\/p><\/div>\n<\/p><\/div>\n<\/p><\/div>\n<\/div>\n<\/div>\n<p><!-- \/flzn:zn_text --><br \/>\n<!-- flzn:zn_image --><\/p>\n<div id=\"flzn-image-1\" class=\"zone zn-image is-alignsimple\">\n<div class=\"zone-block zn-image-block alignsimple va-top\">\n<div class=\"row one-img\">\n<div class=\"columns large-12\">\n<div class=\"row with-nice-alignment va-top\">\n<div class=\"columns large-12 zn-image-col\">\n<div class=\"columns-inner zn-image-col-inner\">\n\t\t\t\t\t\t\t<a class=\"zn-image-imgbox swipebox\" href=\"https:\/\/blog.insieme.ch\/wp-inside\/uploads\/2021\/04\/actifs_coach_yann_lheridaud-scaled.jpg\" title=\"actifs_coach_yann_lheridaud\" rel=\"galleryzone-flzn-image-1\">\t\t\t\t\t\t\t<\/p>\n<figure class=\"zn-image-figure\">\n\t\t\t\t\t\t\t\t<img decoding=\"async\" class=\"zn-image-img\" src=\"https:\/\/blog.insieme.ch\/wp-inside\/uploads\/2021\/04\/actifs_coach_yann_lheridaud-1920x1280.jpg\" alt=\"\" \/><figcaption class=\"zn-image-caption\">Tout en souplesse, le coach Yann Lh\u00e9ridaud apporte des conseils pratiques \u00e0 l\u2019employ\u00e9 et \u00e0 l\u2019employeur.  Photo&#160;: Cyril Zingaro<\/figcaption><\/figure>\n<p>\t\t\t\t\t\t\t<\/a>\t\t\t\t\t\t<\/div>\n<\/p><\/div>\n<\/p><\/div>\n<\/p><\/div>\n<\/p><\/div>\n<\/div>\n<\/div>\n<p><!-- \/flzn:zn_image --><br \/>\n<!-- flzn:zn_text --><\/p>\n<div id=\"flzn-text-2\" class=\"zone zn-text is-alignwide\">\n<div class=\"zone-block zn-text-block alignwide va-top\">\n<div class=\"row mw-content-zone zn-text-row\">\n<div class=\"columns large-12\">\n<div class=\"row large-up-1 with-nice-alignment nbloc-1\">\n<div class=\"column zn-text-col\">\n<div class=\"column-inner\">\n<div class=\"wig-content mw-content\">\n<p>Toujours plus autonome, il re\u00e7oit une formation continue. Un objectif est d\u2019enrichir ses connaissances des plantes. Sur le terrain, son employeur r\u00e9f\u00e9rent Emile Galland, chef du service, lui a dict\u00e9 25 noms en fran\u00e7ais et en latin. Il devait les chercher dans un livre, corriger, mettre au propre, puis&#160;&#160;: \u00ab&#160;&#160;Apprendre. Et \u00e7a, c\u2019\u00e9tait difficile.&#160;&#160;\u00bb Un nouveau syst\u00e8me lui a \u00e9t\u00e9 propos\u00e9&#160;&#160;: chercher sur internet les plantes et leurs photos. Mais \u00e7a coin\u00e7ait encore. Sur le plan technique&#160;&#160;: \u00ab&#160;&#160;Je suis pas trop ordinateur. Le truc que j\u2019arrivais pas bien, c\u2019est la mise en page&#160;&#160;\u00bb&#160;&#160;; son chef l\u2019aidera donc \u00e0 apprivoiser l\u2019informatique. Mais aussi sur le plan de l\u2019apprentissage des noms&#160;&#160;: \u00ab&#160;&#160;Je ne sais pas comment m\u2019y prendre.&#160;&#160;\u00bb C\u2019est l\u2019objet de cette s\u00e9ance avec Emile Galland et Yann Lh\u00e9ridaud, coach chez Actifs.<\/p>\n<h2>Recherche de solutions pratiques<\/h2>\n<p>Sylvain r\u00e9fl\u00e9chit&#160;&#160;: \u00ab&#160;&#160;On pourrait imprimer les images d\u2019internet, et je devrais trouver les noms&#160;&#160;!&#160;&#160;\u00bb Emile Galland valide, puis rappelle une astuce&#160;&#160;: \u00ab&#160;&#160;La derni\u00e8re fois, c\u2019\u00e9tait marrant, tu as imagin\u00e9 des phrases pour te rappeler les plantes. C\u2019\u00e9tait quoi pour l\u2019oranger du Mexique&#160;&#160;?&#160;&#160;\u00bb Sylvain ne s\u2019en souvient pas. \u00ab&#160;&#160;Ces moyens mn\u00e9motechniques, \u00e7a pourrait \u00eatre chouette. On devrait les marquer.&#160;&#160;\u00bb Yann Lh\u00e9ridaud \u00e9voque une autre piste&#160;&#160;: \u00ab&#160;&#160;Tu pourrais faire des croquis. Tu sais dessiner&#160;&#160;?&#160;&#160;\u00bb Rire de Sylvain et r\u00e9ponse n\u00e9gative. \u00ab&#160;&#160;Il n\u2019y a pas besoin que ce soit beau, ni d\u2019y passer une heure par v\u00e9g\u00e9tal. Et m\u00eame si plus tard \u00e7a ne te rappelle rien, on en rigolera. Le but, c\u2019est que tu te l\u2019appropries. La m\u00e9moire est plus auditive pour certains, et pour d\u2019autres elle est plus visuelle, ou \u00e9crite&#160;&#160;\u00bb, dit le coach. \u00ab&#160;&#160;Oui, moi, c\u2019est plus par les yeux&#160;&#160;!&#160;&#160;\u00bb Emile Galland&#160;&#160;: \u00ab&#160;&#160;Tu pourrais aussi r\u00e9aliser un bel herbier. C\u2019est tr\u00e8s satisfaisant \u00e0 faire. \u00c7a te plairait&#160;&#160;?&#160;&#160;\u00bb Affirmatif. \u00ab&#160;&#160;Tu verras quelles m\u00e9thodes te conviennent le mieux&#160;&#160;\u00bb, conclut le coach. Les trois hommes posent les jalons des semaines \u00e0 venir et fixent un rendez-vous le mois suivant. S\u00e9ance boucl\u00e9e en 20 minutes.<\/p>\n<\/p><\/div>\n<\/p><\/div>\n<\/p><\/div>\n<\/p><\/div>\n<\/p><\/div>\n<\/p><\/div>\n<\/div>\n<\/div>\n<p><!-- \/flzn:zn_text --><br \/>\n<!-- flzn:zn_text_img --><\/p>\n<div id=\"flzn-textimg-1\" class=\"zone zn-textimg is-alignwide\">\n<div class=\"zone-block zn-textimg-block alignwide va-center\">\n<div class=\"row\">\n<div class=\"columns large-12\">\n<div class=\"row with-nice-alignment zn-textimg-row va-center\" data-equalizer data-equalize-on=\"large\">\n<div class=\"columns large-6 zn-textimg-colimg\" data-equalizer-watch>\n<div class=\"columns-inner zn-textimg-col-inner\">\n<div class=\"zn-textimg-imgs\">\n<div class=\"zn-textimg-imgbox\" title=\"Emile Galland cherche \u00e0 aider son employ\u00e9 \u00e0 apprendre le nom des plantes. Photo: Cyril Zingaro\">\n<figure class=\"zn-textimg-figure\">\n\t\t\t\t\t\t\t\t\t<img decoding=\"async\" class=\"zn-textimg-img\" src=\"https:\/\/blog.insieme.ch\/wp-inside\/uploads\/2022\/04\/actifs_coaching_integration_professionnelle-scaled-e1619591470734-800x530.jpg\" alt=\"Emil Galland, en tenue de travail, est assis \u00e0 une table, les mains jointes et a la t\u00eate tourn\u00e9e vers la gauche.\"\/><figcaption class=\"zn-textimg-caption\">Emile Galland cherche \u00e0 aider son employ\u00e9 \u00e0 apprendre le nom des plantes. Photo&#160;: Cyril Zingaro<\/figcaption><\/figure>\n<\/p><\/div>\n<\/p><\/div>\n<\/p><\/div>\n<\/p><\/div>\n<div class=\"columns large-6 zn-textimg-coldesc\" data-equalizer-watch>\n<div class=\"columns-inner zn-textimg-descbox\">\n<div class=\"zn-textimg-desc wig-content\">\n<p>\u00ab&#160;&#160;\u00c7a d\u00e9pend, \u00e7a peut durer 15 minutes comme deux heures&#160;&#160;\u00bb, pr\u00e9cise Yann Lh\u00e9ridaud. Avec le service des parcs, la collaboration est au top. Emile Galland&#160;&#160;: \u00ab&#160;&#160;L\u2019arriv\u00e9e de Sylvain r\u00e9pondait \u00e0 un besoin. Et il s\u2019entend super bien avec ses coll\u00e8gues.&#160;&#160;\u00bb Le service compte une quinzaine de collaborateurs. Le travail d\u2019\u00e9quipe y est fondamental. Il y a beaucoup de secteurs&#160;&#160;: espaces verts, cimeti\u00e8res, fontaines, stade de foot \u2026 Les t\u00e2ches, diversifi\u00e9es, sont r\u00e9parties harmonieusement. \u00ab&#160;&#160;Tout le monde fait de tout&#160;&#160;! Pas de \u2039monsieur tonte\u203a ou de \u2039monsieur d\u00e9sherbage\u203a. Personne n\u2019aimerait faire toujours la m\u00eame chose.&#160;&#160;\u00bb Actifs apporte des comp\u00e9tences pr\u00e9cieuses. \u00ab&#160;&#160;Avoir une r\u00e9f\u00e9rence ext\u00e9rieure est utile pour nous faire lever la t\u00eate du guidon et assurer un bon suivi. Yann, il nous forme, nous aussi \u2013 et en souplesse. Il offre un regard, des conseils, des adaptations.&#160;&#160;\u00bb<\/p>\n<h2>Accompagnement sur mesure<\/h2>\n<p>Quand un chercheur d\u2019emploi contacte Actifs, la premi\u00e8re \u00e9tape est une \u00e9valuation par t\u00e9l\u00e9phone. Elle l\u2019oriente parfois vers d\u2019autres structures. Sinon, elle lui demande plus d\u2019infos, puis deux de ses intervenants le rencontrent. Si leur avis est positif, on remplit un dossier, puis Actifs cherche un stage.<\/p>\n<\/div><\/div>\n<\/p><\/div>\n<\/p><\/div>\n<\/p><\/div>\n<\/p><\/div>\n<\/div>\n<\/div>\n<p><!-- \/flzn:zn_text_img --><br \/>\n<!-- flzn:zn_text_img --><\/p>\n<div id=\"flzn-textimg-2\" class=\"zone zn-textimg is-alignwide\">\n<div class=\"zone-block zn-textimg-block alignwide va-center\">\n<div class=\"row\">\n<div class=\"columns large-12\">\n<div class=\"row with-nice-alignment zn-textimg-row va-center\" data-equalizer data-equalize-on=\"large\">\n<div class=\"columns large-6 large-push-6 zn-textimg-colimg\" data-equalizer-watch>\n<div class=\"columns-inner zn-textimg-col-inner\">\n<div class=\"zn-textimg-imgs\">\n<div class=\"zn-textimg-imgbox\" title=\"L\u2019employ\u00e9 Sylvain Abraham participe \u00e0 la r\u00e9flexion en amenant ses id\u00e9es. Photo: Cyril Zingaro\">\n<figure class=\"zn-textimg-figure\">\n\t\t\t\t\t\t\t\t\t<img decoding=\"async\" class=\"zn-textimg-img\" src=\"https:\/\/blog.insieme.ch\/wp-inside\/uploads\/2022\/04\/actifs_coaching_integration_professionnelle_2-scaled-e1619597174979-800x530.jpg\" alt=\"Sylvain Abraham est assis \u00e0 une table. Ses mains jointes sont pos\u00e9es sur la table et il sourit en regardant sur sa droite.\"\/><figcaption class=\"zn-textimg-caption\">L\u2019employ\u00e9 Sylvain Abraham participe \u00e0 la r\u00e9flexion en amenant ses id\u00e9es. Photo&#160;: Cyril Zingaro<\/figcaption><\/figure>\n<\/p><\/div>\n<\/p><\/div>\n<\/p><\/div>\n<\/p><\/div>\n<div class=\"columns large-6 large-pull-6 zn-textimg-coldesc\" data-equalizer-watch>\n<div class=\"columns-inner zn-textimg-descbox\">\n<div class=\"zn-textimg-desc wig-content\">\n<p>\u00ab&#160;&#160;Parfois, \u00e7a va vite. Mais on a quelques demandes compliqu\u00e9es&#160;&#160;\u00bb, dit Yann Lh\u00e9ridaud. Par exemple, beaucoup r\u00eavent de travailler dans le domaine animalier, mais peu de places y sont disponibles. Le d\u00e9marchage d\u2019entreprises demande de la cr\u00e9ativit\u00e9 et de la persuasion. Mais il arrive aussi que des entreprises s\u2019approchent d\u2019Actifs spontan\u00e9ment.\u00a0Outre les espaces verts, l\u2019association investigue des domaines tels que logistique, cuisine, service, petite enfance, bureau, administration \u2013 et bien d\u2019autres secteurs car elle part de la demande et des comp\u00e9tences de la per- sonne. Cela va du tout petit caf\u00e9 avec tr\u00e8s peu d\u2019employ\u00e9s jusqu\u2019aux multinationales, en passant par les communes. M\u00eame si l\u2019employeur accueille en stage, il arrive qu\u2019il ne veuille ou ne puisse pas cr\u00e9er un poste. Mais il peut finir par en proposer un apr\u00e8s un coup de c\u0153ur. Des fois, ce sont les r\u00e9f\u00e9rents de l\u2019employ\u00e9 qu\u2019il faut aider, par exemple pour la mani\u00e8re de lui expliquer les choses. \u00ab&#160;&#160;Il faut un environne- ment calme. Des consignes pr\u00e9cises et mises par \u00e9crit&#160;&#160;\u00bb, indique le coach. Il arrive que l\u2019employeur n\u2019ose pas aborder un probl\u00e8me et tente de se d\u00e9brouiller seul. Ce n\u2019est qu\u2019en bavardant en sortant d\u2019une s\u00e9ance qu\u2019il finit par l\u2019\u00e9voquer \u2013 un n\u0153ud qui doit bel et bien \u00eatre d\u00e9nou\u00e9, et le coach apporte l\u00e0 son soutien. \u00ab&#160;&#160;Le but, c\u2019est l\u2019autonomie. Quand tout se passe bien, on r\u00e9duit notre pr\u00e9sence. Tous les trois mois, puis une fois par an. Mais on peut revenir si besoin.&#160;&#160;\u00bb<\/p>\n<p><em>Cet article est paru dans le magazine insieme de d\u00e9cembre 2020.<\/em><\/p>\n<\/div><\/div>\n<\/p><\/div>\n<\/p><\/div>\n<\/p><\/div>\n<\/p><\/div>\n<\/div>\n<\/div>\n<p><!-- \/flzn:zn_text_img --><br \/>\n<!-- flzn:zn_text --><\/p>\n<div id=\"flzn-text-3\" class=\"zone zn-text is-alignwide\">\n<div class=\"zone-block zn-text-block alignwide va-top\">\n<div class=\"row mw-content-zone zn-text-row\">\n<div class=\"columns large-12\">\n<div class=\"row large-up-1 with-nice-alignment nbloc-1\">\n<div class=\"column zn-text-col\">\n<div class=\"column-inner\">\n<div class=\"wig-content mw-content\">\n<h2>Inclusion professionnelle<\/h2>\n<\/p><\/div>\n<\/p><\/div>\n<\/p><\/div>\n<\/p><\/div>\n<\/p><\/div>\n<\/p><\/div>\n<\/div>\n<\/div>\n<p><!-- \/flzn:zn_text --><br \/>\n<!-- flzn:zn_quote --><\/p>\n<div id=\"flzn-quote-1\" class=\"zone zn-quote is-alignsimple\">\n<div class=\"zone-block zn-quote-block alignsimple va-top\">\n<div class=\"row mw-content-zone\">\n<div class=\"large-12 columns\">\n<div class=\"quotebox\">\n<div class=\"quotebox-inner\">\n<blockquote class=\"quotebox-content\">\n<div class=\"quotebox-content-inner\">\n<p class=\"quotebox-desc\">insieme s\u2019engage elle aussi pour que le plus grand nombre possible de personnes avec handicap mental puissent travailler sur le march\u00e9 primaire de l\u2019emploi. Un pas important sur cette voie est la formation pratique de deux ans (FPra) selon INSOS. Selon la statistique 2018\/19, deux tiers des apprenants sont entr\u00e9s sur le march\u00e9 du travail&#160;&#160;: 26&#160;&#160;% sur le march\u00e9 primaire et 43&#160;&#160;% sur le secondaire. Et 16&#160;&#160;% des apprenants sont pass\u00e9s en formation AFP. Quant aux agences d\u2019emploi pour les personnes avec handicap en Suisse al\u00e9manique, on peut citer notamment, parmi les principales, mitschaffe.ch dans la r\u00e9gion de Schaffhouse.<\/p>\n<\/p><\/div>\n<\/blockquote><\/div>\n<\/p><\/div>\n<\/p><\/div>\n<\/p><\/div>\n<\/div>\n<\/div>\n<p><!-- \/flzn:zn_quote --><br \/>\n<!-- flzn:zn_taglist --><\/p>\n<div id=\"flzn-taglist-1\" class=\"zone zn-taglist is-alignwide\">\n<div class=\"zone-block zn-taglist-block alignwide va-top\">\n<div class=\"zone zn-taglist\">\n<div class=\"zone-block zn-taglist-block no-pdd-bottom alignfull\">\n<div class=\"row mw-1280\">\n<div class=\"columns large-12\">\n<div class=\"taglist-wrapper\">\n<div class=\"tag-list-content\">\n<div class=\"tag-item\"><a href=\"https:\/\/blog.insieme.ch\/fr\/tag\/accompagnement\/\" rel=\"tag\">Accompagnement<\/a><\/div>\n<div class=\"tag-item\"><a href=\"https:\/\/blog.insieme.ch\/fr\/tag\/integration\/\" rel=\"tag\">Int\u00e9gration<\/a><\/div>\n<div class=\"tag-item\"><a href=\"https:\/\/blog.insieme.ch\/fr\/tag\/vie-autonome\/\" rel=\"tag\">Vie autonome<\/a><\/div>\n<\/div>\n<\/div><\/div>\n<\/p><\/div>\n<\/p><\/div>\n<\/p><\/div>\n<\/div>\n<\/div>\n<p><!-- \/flzn:zn_taglist --><\/p>\n","protected":false},"excerpt":{"rendered":"<p>Pour une entreprise, int\u00e9grer une personne avec handicap mental constitue une riche exp\u00e9rience. Des structures comme Actifs aident les employeurs \u00e0 trouver des solutions pratiques adapt\u00e9es. Reportage en s\u00e9ance de [&hellip;]<\/p>\n","protected":false},"author":5,"featured_media":1762,"comment_status":"open","ping_status":"open","sticky":false,"template":"","format":"standard","meta":{"_acf_changed":false,"footnotes":""},"categories":[20],"tags":[41,56,46],"class_list":["post-1732","post","type-post","status-publish","format-standard","has-post-thumbnail","hentry","category-vie-professionnelle","tag-accompagnement","tag-integration","tag-vie-autonome","wp-sticky"],"acf":[],"yoast_head":"<!-- This site is optimized with the Yoast SEO plugin v27.5 - https:\/\/yoast.com\/product\/yoast-seo-wordpress\/ -->\n<title>Guider vers l\u2019autonomie<\/title>\n<meta name=\"description\" content=\"Pour une entreprise, int\u00e9grer une personne avec handicap mental constitue une riche exp\u00e9rience. Reportage en s\u00e9ance de coaching.\" \/>\n<meta name=\"robots\" content=\"index, follow, max-snippet:-1, max-image-preview:large, max-video-preview:-1\" \/>\n<link rel=\"canonical\" href=\"https:\/\/blog.insieme.ch\/fr\/vie-professionnelle\/guider-vers-lautonomie\/\" \/>\n<meta property=\"og:locale\" content=\"fr_FR\" \/>\n<meta property=\"og:type\" content=\"article\" \/>\n<meta property=\"og:title\" content=\"Guider vers l\u2019autonomie\" \/>\n<meta property=\"og:description\" content=\"Pour une entreprise, int\u00e9grer une personne avec handicap mental constitue une riche exp\u00e9rience. Reportage en s\u00e9ance de coaching.\" \/>\n<meta property=\"og:url\" content=\"https:\/\/blog.insieme.ch\/fr\/vie-professionnelle\/guider-vers-lautonomie\/\" \/>\n<meta property=\"og:site_name\" content=\"insieme Blog\" \/>\n<meta property=\"article:publisher\" content=\"https:\/\/www.facebook.com\/insiemeSuisse\/\" \/>\n<meta property=\"article:published_time\" content=\"2021-04-28T06:01:41+00:00\" \/>\n<meta property=\"article:modified_time\" content=\"2021-05-05T13:00:40+00:00\" \/>\n<meta property=\"og:image\" content=\"https:\/\/blog.insieme.ch\/wp-inside\/uploads\/2022\/04\/actifs_coach_yann_lheridaud-scaled.jpg\" \/>\n\t<meta property=\"og:image:width\" content=\"2560\" \/>\n\t<meta property=\"og:image:height\" content=\"1707\" \/>\n\t<meta property=\"og:image:type\" content=\"image\/jpeg\" \/>\n<meta name=\"author\" content=\"Martine Salomon\" \/>\n<meta name=\"twitter:card\" content=\"summary_large_image\" \/>\n<meta name=\"twitter:creator\" content=\"@insiemeSuisse\" \/>\n<meta name=\"twitter:site\" content=\"@insiemeSuisse\" \/>\n<meta name=\"twitter:label1\" content=\"\u00c9crit par\" \/>\n\t<meta name=\"twitter:data1\" content=\"Martine Salomon\" \/>\n\t<meta name=\"twitter:label2\" content=\"Dur\u00e9e de lecture estim\u00e9e\" \/>\n\t<meta name=\"twitter:data2\" content=\"6 minutes\" \/>\n<script type=\"application\/ld+json\" class=\"yoast-schema-graph\">{\"@context\":\"https:\\\/\\\/schema.org\",\"@graph\":[{\"@type\":\"Article\",\"@id\":\"https:\\\/\\\/blog.insieme.ch\\\/fr\\\/vie-professionnelle\\\/guider-vers-lautonomie\\\/#article\",\"isPartOf\":{\"@id\":\"https:\\\/\\\/blog.insieme.ch\\\/fr\\\/vie-professionnelle\\\/guider-vers-lautonomie\\\/\"},\"author\":{\"name\":\"Martine Salomon\",\"@id\":\"https:\\\/\\\/blog.insieme.ch\\\/fr\\\/#\\\/schema\\\/person\\\/b16bccbba67f6bc661ea83f6f0975b8b\"},\"headline\":\"Guider vers l\u2019autonomie\",\"datePublished\":\"2021-04-28T06:01:41+00:00\",\"dateModified\":\"2021-05-05T13:00:40+00:00\",\"mainEntityOfPage\":{\"@id\":\"https:\\\/\\\/blog.insieme.ch\\\/fr\\\/vie-professionnelle\\\/guider-vers-lautonomie\\\/\"},\"wordCount\":1222,\"commentCount\":0,\"publisher\":{\"@id\":\"https:\\\/\\\/blog.insieme.ch\\\/fr\\\/#organization\"},\"image\":{\"@id\":\"https:\\\/\\\/blog.insieme.ch\\\/fr\\\/vie-professionnelle\\\/guider-vers-lautonomie\\\/#primaryimage\"},\"thumbnailUrl\":\"https:\\\/\\\/blog.insieme.ch\\\/wp-inside\\\/uploads\\\/2022\\\/04\\\/actifs_coach_yann_lheridaud-scaled.jpg\",\"keywords\":[\"Accompagnement\",\"Int\u00e9gration\",\"Vie autonome\"],\"articleSection\":[\"Vie professionnelle\"],\"inLanguage\":\"fr-FR\",\"potentialAction\":[{\"@type\":\"CommentAction\",\"name\":\"Comment\",\"target\":[\"https:\\\/\\\/blog.insieme.ch\\\/fr\\\/vie-professionnelle\\\/guider-vers-lautonomie\\\/#respond\"]}]},{\"@type\":\"WebPage\",\"@id\":\"https:\\\/\\\/blog.insieme.ch\\\/fr\\\/vie-professionnelle\\\/guider-vers-lautonomie\\\/\",\"url\":\"https:\\\/\\\/blog.insieme.ch\\\/fr\\\/vie-professionnelle\\\/guider-vers-lautonomie\\\/\",\"name\":\"Guider vers l\u2019autonomie\",\"isPartOf\":{\"@id\":\"https:\\\/\\\/blog.insieme.ch\\\/fr\\\/#website\"},\"primaryImageOfPage\":{\"@id\":\"https:\\\/\\\/blog.insieme.ch\\\/fr\\\/vie-professionnelle\\\/guider-vers-lautonomie\\\/#primaryimage\"},\"image\":{\"@id\":\"https:\\\/\\\/blog.insieme.ch\\\/fr\\\/vie-professionnelle\\\/guider-vers-lautonomie\\\/#primaryimage\"},\"thumbnailUrl\":\"https:\\\/\\\/blog.insieme.ch\\\/wp-inside\\\/uploads\\\/2022\\\/04\\\/actifs_coach_yann_lheridaud-scaled.jpg\",\"datePublished\":\"2021-04-28T06:01:41+00:00\",\"dateModified\":\"2021-05-05T13:00:40+00:00\",\"description\":\"Pour une entreprise, int\u00e9grer une personne avec handicap mental constitue une riche exp\u00e9rience. Reportage en s\u00e9ance de coaching.\",\"breadcrumb\":{\"@id\":\"https:\\\/\\\/blog.insieme.ch\\\/fr\\\/vie-professionnelle\\\/guider-vers-lautonomie\\\/#breadcrumb\"},\"inLanguage\":\"fr-FR\",\"potentialAction\":[{\"@type\":\"ReadAction\",\"target\":[\"https:\\\/\\\/blog.insieme.ch\\\/fr\\\/vie-professionnelle\\\/guider-vers-lautonomie\\\/\"]}]},{\"@type\":\"ImageObject\",\"inLanguage\":\"fr-FR\",\"@id\":\"https:\\\/\\\/blog.insieme.ch\\\/fr\\\/vie-professionnelle\\\/guider-vers-lautonomie\\\/#primaryimage\",\"url\":\"https:\\\/\\\/blog.insieme.ch\\\/wp-inside\\\/uploads\\\/2022\\\/04\\\/actifs_coach_yann_lheridaud-scaled.jpg\",\"contentUrl\":\"https:\\\/\\\/blog.insieme.ch\\\/wp-inside\\\/uploads\\\/2022\\\/04\\\/actifs_coach_yann_lheridaud-scaled.jpg\",\"width\":2560,\"height\":1707,\"caption\":\"Der Arbeitscoach Yann Lh\u00e9ridaud bietet eine praxisnahe Beratung und Begleitung f\u00fcr Betriebe und ihre Angestellten an.\"},{\"@type\":\"BreadcrumbList\",\"@id\":\"https:\\\/\\\/blog.insieme.ch\\\/fr\\\/vie-professionnelle\\\/guider-vers-lautonomie\\\/#breadcrumb\",\"itemListElement\":[{\"@type\":\"ListItem\",\"position\":1,\"name\":\"Accueil\",\"item\":\"https:\\\/\\\/blog.insieme.ch\\\/fr\\\/\"},{\"@type\":\"ListItem\",\"position\":2,\"name\":\"Vie professionnelle\",\"item\":\"https:\\\/\\\/blog.insieme.ch\\\/fr\\\/vie-professionnelle\\\/\"},{\"@type\":\"ListItem\",\"position\":3,\"name\":\"Guider vers l\u2019autonomie\"}]},{\"@type\":\"WebSite\",\"@id\":\"https:\\\/\\\/blog.insieme.ch\\\/fr\\\/#website\",\"url\":\"https:\\\/\\\/blog.insieme.ch\\\/fr\\\/\",\"name\":\"insieme Blog\",\"description\":\"Alles ausser gew\u00f6hnlich\",\"publisher\":{\"@id\":\"https:\\\/\\\/blog.insieme.ch\\\/fr\\\/#organization\"},\"potentialAction\":[{\"@type\":\"SearchAction\",\"target\":{\"@type\":\"EntryPoint\",\"urlTemplate\":\"https:\\\/\\\/blog.insieme.ch\\\/fr\\\/?s={search_term_string}\"},\"query-input\":{\"@type\":\"PropertyValueSpecification\",\"valueRequired\":true,\"valueName\":\"search_term_string\"}}],\"inLanguage\":\"fr-FR\"},{\"@type\":\"Organization\",\"@id\":\"https:\\\/\\\/blog.insieme.ch\\\/fr\\\/#organization\",\"name\":\"insieme Blog\",\"url\":\"https:\\\/\\\/blog.insieme.ch\\\/fr\\\/\",\"logo\":{\"@type\":\"ImageObject\",\"inLanguage\":\"fr-FR\",\"@id\":\"https:\\\/\\\/blog.insieme.ch\\\/fr\\\/#\\\/schema\\\/logo\\\/image\\\/\",\"url\":\"https:\\\/\\\/blog.insieme.ch\\\/wp-inside\\\/uploads\\\/2021\\\/04\\\/logo-insieme-blog.png\",\"contentUrl\":\"https:\\\/\\\/blog.insieme.ch\\\/wp-inside\\\/uploads\\\/2021\\\/04\\\/logo-insieme-blog.png\",\"width\":280,\"height\":81,\"caption\":\"insieme Blog\"},\"image\":{\"@id\":\"https:\\\/\\\/blog.insieme.ch\\\/fr\\\/#\\\/schema\\\/logo\\\/image\\\/\"},\"sameAs\":[\"https:\\\/\\\/www.facebook.com\\\/insiemeSuisse\\\/\",\"https:\\\/\\\/x.com\\\/insiemeSuisse\"]},{\"@type\":\"Person\",\"@id\":\"https:\\\/\\\/blog.insieme.ch\\\/fr\\\/#\\\/schema\\\/person\\\/b16bccbba67f6bc661ea83f6f0975b8b\",\"name\":\"Martine Salomon\",\"image\":{\"@type\":\"ImageObject\",\"inLanguage\":\"fr-FR\",\"@id\":\"https:\\\/\\\/secure.gravatar.com\\\/avatar\\\/b7fcf7ee95edb0d5fecbf98c1b5e6b39f7b6416a11971e8a25201ee111d7cd02?s=96&d=mm&r=g\",\"url\":\"https:\\\/\\\/secure.gravatar.com\\\/avatar\\\/b7fcf7ee95edb0d5fecbf98c1b5e6b39f7b6416a11971e8a25201ee111d7cd02?s=96&d=mm&r=g\",\"contentUrl\":\"https:\\\/\\\/secure.gravatar.com\\\/avatar\\\/b7fcf7ee95edb0d5fecbf98c1b5e6b39f7b6416a11971e8a25201ee111d7cd02?s=96&d=mm&r=g\",\"caption\":\"Martine Salomon\"},\"description\":\"Journaliste insieme\",\"url\":\"https:\\\/\\\/blog.insieme.ch\\\/fr\\\/author\\\/martine-salomon\\\/\"}]}<\/script>\n<!-- \/ Yoast SEO plugin. -->","yoast_head_json":{"title":"Guider vers l\u2019autonomie","description":"Pour une entreprise, int\u00e9grer une personne avec handicap mental constitue une riche exp\u00e9rience. Reportage en s\u00e9ance de coaching.","robots":{"index":"index","follow":"follow","max-snippet":"max-snippet:-1","max-image-preview":"max-image-preview:large","max-video-preview":"max-video-preview:-1"},"canonical":"https:\/\/blog.insieme.ch\/fr\/vie-professionnelle\/guider-vers-lautonomie\/","og_locale":"fr_FR","og_type":"article","og_title":"Guider vers l\u2019autonomie","og_description":"Pour une entreprise, int\u00e9grer une personne avec handicap mental constitue une riche exp\u00e9rience. Reportage en s\u00e9ance de coaching.","og_url":"https:\/\/blog.insieme.ch\/fr\/vie-professionnelle\/guider-vers-lautonomie\/","og_site_name":"insieme Blog","article_publisher":"https:\/\/www.facebook.com\/insiemeSuisse\/","article_published_time":"2021-04-28T06:01:41+00:00","article_modified_time":"2021-05-05T13:00:40+00:00","og_image":[{"width":2560,"height":1707,"url":"https:\/\/blog.insieme.ch\/wp-inside\/uploads\/2022\/04\/actifs_coach_yann_lheridaud-scaled.jpg","type":"image\/jpeg"}],"author":"Martine Salomon","twitter_card":"summary_large_image","twitter_creator":"@insiemeSuisse","twitter_site":"@insiemeSuisse","twitter_misc":{"\u00c9crit par":"Martine Salomon","Dur\u00e9e de lecture estim\u00e9e":"6 minutes"},"schema":{"@context":"https:\/\/schema.org","@graph":[{"@type":"Article","@id":"https:\/\/blog.insieme.ch\/fr\/vie-professionnelle\/guider-vers-lautonomie\/#article","isPartOf":{"@id":"https:\/\/blog.insieme.ch\/fr\/vie-professionnelle\/guider-vers-lautonomie\/"},"author":{"name":"Martine Salomon","@id":"https:\/\/blog.insieme.ch\/fr\/#\/schema\/person\/b16bccbba67f6bc661ea83f6f0975b8b"},"headline":"Guider vers l\u2019autonomie","datePublished":"2021-04-28T06:01:41+00:00","dateModified":"2021-05-05T13:00:40+00:00","mainEntityOfPage":{"@id":"https:\/\/blog.insieme.ch\/fr\/vie-professionnelle\/guider-vers-lautonomie\/"},"wordCount":1222,"commentCount":0,"publisher":{"@id":"https:\/\/blog.insieme.ch\/fr\/#organization"},"image":{"@id":"https:\/\/blog.insieme.ch\/fr\/vie-professionnelle\/guider-vers-lautonomie\/#primaryimage"},"thumbnailUrl":"https:\/\/blog.insieme.ch\/wp-inside\/uploads\/2022\/04\/actifs_coach_yann_lheridaud-scaled.jpg","keywords":["Accompagnement","Int\u00e9gration","Vie autonome"],"articleSection":["Vie professionnelle"],"inLanguage":"fr-FR","potentialAction":[{"@type":"CommentAction","name":"Comment","target":["https:\/\/blog.insieme.ch\/fr\/vie-professionnelle\/guider-vers-lautonomie\/#respond"]}]},{"@type":"WebPage","@id":"https:\/\/blog.insieme.ch\/fr\/vie-professionnelle\/guider-vers-lautonomie\/","url":"https:\/\/blog.insieme.ch\/fr\/vie-professionnelle\/guider-vers-lautonomie\/","name":"Guider vers l\u2019autonomie","isPartOf":{"@id":"https:\/\/blog.insieme.ch\/fr\/#website"},"primaryImageOfPage":{"@id":"https:\/\/blog.insieme.ch\/fr\/vie-professionnelle\/guider-vers-lautonomie\/#primaryimage"},"image":{"@id":"https:\/\/blog.insieme.ch\/fr\/vie-professionnelle\/guider-vers-lautonomie\/#primaryimage"},"thumbnailUrl":"https:\/\/blog.insieme.ch\/wp-inside\/uploads\/2022\/04\/actifs_coach_yann_lheridaud-scaled.jpg","datePublished":"2021-04-28T06:01:41+00:00","dateModified":"2021-05-05T13:00:40+00:00","description":"Pour une entreprise, int\u00e9grer une personne avec handicap mental constitue une riche exp\u00e9rience. Reportage en s\u00e9ance de coaching.","breadcrumb":{"@id":"https:\/\/blog.insieme.ch\/fr\/vie-professionnelle\/guider-vers-lautonomie\/#breadcrumb"},"inLanguage":"fr-FR","potentialAction":[{"@type":"ReadAction","target":["https:\/\/blog.insieme.ch\/fr\/vie-professionnelle\/guider-vers-lautonomie\/"]}]},{"@type":"ImageObject","inLanguage":"fr-FR","@id":"https:\/\/blog.insieme.ch\/fr\/vie-professionnelle\/guider-vers-lautonomie\/#primaryimage","url":"https:\/\/blog.insieme.ch\/wp-inside\/uploads\/2022\/04\/actifs_coach_yann_lheridaud-scaled.jpg","contentUrl":"https:\/\/blog.insieme.ch\/wp-inside\/uploads\/2022\/04\/actifs_coach_yann_lheridaud-scaled.jpg","width":2560,"height":1707,"caption":"Der Arbeitscoach Yann Lh\u00e9ridaud bietet eine praxisnahe Beratung und Begleitung f\u00fcr Betriebe und ihre Angestellten an."},{"@type":"BreadcrumbList","@id":"https:\/\/blog.insieme.ch\/fr\/vie-professionnelle\/guider-vers-lautonomie\/#breadcrumb","itemListElement":[{"@type":"ListItem","position":1,"name":"Accueil","item":"https:\/\/blog.insieme.ch\/fr\/"},{"@type":"ListItem","position":2,"name":"Vie professionnelle","item":"https:\/\/blog.insieme.ch\/fr\/vie-professionnelle\/"},{"@type":"ListItem","position":3,"name":"Guider vers l\u2019autonomie"}]},{"@type":"WebSite","@id":"https:\/\/blog.insieme.ch\/fr\/#website","url":"https:\/\/blog.insieme.ch\/fr\/","name":"insieme Blog","description":"Alles ausser gew\u00f6hnlich","publisher":{"@id":"https:\/\/blog.insieme.ch\/fr\/#organization"},"potentialAction":[{"@type":"SearchAction","target":{"@type":"EntryPoint","urlTemplate":"https:\/\/blog.insieme.ch\/fr\/?s={search_term_string}"},"query-input":{"@type":"PropertyValueSpecification","valueRequired":true,"valueName":"search_term_string"}}],"inLanguage":"fr-FR"},{"@type":"Organization","@id":"https:\/\/blog.insieme.ch\/fr\/#organization","name":"insieme Blog","url":"https:\/\/blog.insieme.ch\/fr\/","logo":{"@type":"ImageObject","inLanguage":"fr-FR","@id":"https:\/\/blog.insieme.ch\/fr\/#\/schema\/logo\/image\/","url":"https:\/\/blog.insieme.ch\/wp-inside\/uploads\/2021\/04\/logo-insieme-blog.png","contentUrl":"https:\/\/blog.insieme.ch\/wp-inside\/uploads\/2021\/04\/logo-insieme-blog.png","width":280,"height":81,"caption":"insieme Blog"},"image":{"@id":"https:\/\/blog.insieme.ch\/fr\/#\/schema\/logo\/image\/"},"sameAs":["https:\/\/www.facebook.com\/insiemeSuisse\/","https:\/\/x.com\/insiemeSuisse"]},{"@type":"Person","@id":"https:\/\/blog.insieme.ch\/fr\/#\/schema\/person\/b16bccbba67f6bc661ea83f6f0975b8b","name":"Martine Salomon","image":{"@type":"ImageObject","inLanguage":"fr-FR","@id":"https:\/\/secure.gravatar.com\/avatar\/b7fcf7ee95edb0d5fecbf98c1b5e6b39f7b6416a11971e8a25201ee111d7cd02?s=96&d=mm&r=g","url":"https:\/\/secure.gravatar.com\/avatar\/b7fcf7ee95edb0d5fecbf98c1b5e6b39f7b6416a11971e8a25201ee111d7cd02?s=96&d=mm&r=g","contentUrl":"https:\/\/secure.gravatar.com\/avatar\/b7fcf7ee95edb0d5fecbf98c1b5e6b39f7b6416a11971e8a25201ee111d7cd02?s=96&d=mm&r=g","caption":"Martine Salomon"},"description":"Journaliste insieme","url":"https:\/\/blog.insieme.ch\/fr\/author\/martine-salomon\/"}]}},"featured_media_url":"https:\/\/blog.insieme.ch\/wp-inside\/uploads\/2022\/04\/actifs_coach_yann_lheridaud-1024x683.jpg","_links":{"self":[{"href":"https:\/\/blog.insieme.ch\/fr\/wp-json\/wp\/v2\/posts\/1732","targetHints":{"allow":["GET"]}}],"collection":[{"href":"https:\/\/blog.insieme.ch\/fr\/wp-json\/wp\/v2\/posts"}],"about":[{"href":"https:\/\/blog.insieme.ch\/fr\/wp-json\/wp\/v2\/types\/post"}],"author":[{"embeddable":true,"href":"https:\/\/blog.insieme.ch\/fr\/wp-json\/wp\/v2\/users\/5"}],"replies":[{"embeddable":true,"href":"https:\/\/blog.insieme.ch\/fr\/wp-json\/wp\/v2\/comments?post=1732"}],"version-history":[{"count":5,"href":"https:\/\/blog.insieme.ch\/fr\/wp-json\/wp\/v2\/posts\/1732\/revisions"}],"predecessor-version":[{"id":1838,"href":"https:\/\/blog.insieme.ch\/fr\/wp-json\/wp\/v2\/posts\/1732\/revisions\/1838"}],"wp:featuredmedia":[{"embeddable":true,"href":"https:\/\/blog.insieme.ch\/fr\/wp-json\/wp\/v2\/media\/1762"}],"wp:attachment":[{"href":"https:\/\/blog.insieme.ch\/fr\/wp-json\/wp\/v2\/media?parent=1732"}],"wp:term":[{"taxonomy":"category","embeddable":true,"href":"https:\/\/blog.insieme.ch\/fr\/wp-json\/wp\/v2\/categories?post=1732"},{"taxonomy":"post_tag","embeddable":true,"href":"https:\/\/blog.insieme.ch\/fr\/wp-json\/wp\/v2\/tags?post=1732"}],"curies":[{"name":"wp","href":"https:\/\/api.w.org\/{rel}","templated":true}]}}