{"id":1668,"date":"2021-04-21T08:33:20","date_gmt":"2021-04-21T06:33:20","guid":{"rendered":"https:\/\/blog.insieme.ch\/?p=1668"},"modified":"2021-04-29T13:41:26","modified_gmt":"2021-04-29T11:41:26","slug":"le-blog-de-querdenker-el-hombre-et-sokrates","status":"publish","type":"post","link":"https:\/\/blog.insieme.ch\/fr\/inclusion\/le-blog-de-querdenker-el-hombre-et-sokrates\/","title":{"rendered":"Le blog de Querdenker, El Hombre et Sokrates"},"content":{"rendered":"<p><!-- flzn:zn_pagebanner --><\/p>\n<header id=\"flzn-pagebanner-1\" class=\"zone zn-pagebanner is-alignfull with-bg bg-color is-bgc-yellow-light\"><span class=\"zone-bg bg-color bgc-yellow-light alignfull\"><\/span><\/p>\n<div class=\"zone-block zn-pagebanner-block alignfull va-center\"><\/div>\n<\/header>\n<p><!-- \/flzn:zn_pagebanner --><br \/>\n<!-- flzn:zn_text --><\/p>\n<div id=\"flzn-text-1\" class=\"zone zn-text is-alignwide\">\n<div class=\"zone-block zn-text-block alignwide va-top\">\n<div class=\"row mw-content-zone zn-text-row\">\n<div class=\"columns large-12\">\n<div class=\"row large-up-1 with-nice-alignment nbloc-1\">\n<div class=\"column zn-text-col\">\n<div class=\"column-inner\">\n<div class=\"wig-content mw-content\">\n<p><strong>La communication am\u00e9lior\u00e9e et alternative (CAA) fonctionne avec des pictogrammes, des caract\u00e8res et des mots. En les s\u00e9lectionnant avec les mains, les yeux ou la t\u00eate, les personnes avec handicaps complexes peuvent communiquer ce qu\u2019elles souhaitent manger \u2026 et bien plus encore. Focus sur le groupe \u00ab&#160;&#160;Sprachvirus&#160;&#160;\u00bb, auteur du blog \u00ab&#160;&#160;Idiotenspeak&#160;&#160;\u00bb.<\/strong><\/p>\n<p>Ils s\u2019appellent Querdenker, El Hombre et Sokrates, et r\u00e9digent ensemble le blog \u00ab&#160;&#160;Idiotenspeak&#160;&#160;\u00bb. Derri\u00e8re ces pseudonymes, trois hommes trentenaires qui vivent avec plusieurs troubles du spectre autistique. Ils ne peuvent pas s\u2019exprimer oralement et ont besoin de beaucoup d\u2019assistance au quotidien. Mais pour eux, ce n\u2019est pas une raison pour ne pas \u00e9changer r\u00e9guli\u00e8rement au sujet de leur blog. Ils discutent des sujets, du style et du choix des mots. Car tous les trois utilisent de nombreux outils propos\u00e9s par la communication am\u00e9lior\u00e9e et alternative (CAA).<\/p>\n<\/p><\/div>\n<\/p><\/div>\n<\/p><\/div>\n<\/p><\/div>\n<\/p><\/div>\n<\/p><\/div>\n<\/div>\n<\/div>\n<p><!-- \/flzn:zn_text --><br \/>\n<!-- flzn:zn_image --><\/p>\n<div id=\"flzn-image-1\" class=\"zone zn-image is-alignsimple\">\n<div class=\"zone-block zn-image-block alignsimple va-top\">\n<div class=\"row one-img\">\n<div class=\"columns large-12\">\n<div class=\"row with-nice-alignment va-top\">\n<div class=\"columns large-12 zn-image-col\">\n<div class=\"columns-inner zn-image-col-inner\">\n\t\t\t\t\t\t\t<a class=\"zn-image-imgbox swipebox\" href=\"https:\/\/blog.insieme.ch\/wp-inside\/uploads\/2021\/04\/blog_caa_unterstuetzte_kommunikation-scaled.jpg\" title=\"Les auteurs du blog Idiotenspeak. Photo: \u00a9 Vera Markus\" rel=\"galleryzone-flzn-image-1\">\t\t\t\t\t\t\t<\/p>\n<figure class=\"zn-image-figure\">\n\t\t\t\t\t\t\t\t<img decoding=\"async\" class=\"zn-image-img\" src=\"https:\/\/blog.insieme.ch\/wp-inside\/uploads\/2021\/04\/blog_caa_unterstuetzte_kommunikation-1920x1280.jpg\" alt=\"\" \/><figcaption class=\"zn-image-caption\">Accompagn\u00e9s par Andrea Alfar\u00e9, Christian Kaspar (Querdenker) et Jaime Garcia (El Hombre) discutent de leur prochain article de blog. Photo&#160;: \u00a9 Vera Markus<\/figcaption><\/figure>\n<p>\t\t\t\t\t\t\t<\/a>\t\t\t\t\t\t<\/div>\n<\/p><\/div>\n<\/p><\/div>\n<\/p><\/div>\n<\/p><\/div>\n<\/div>\n<\/div>\n<p><!-- \/flzn:zn_image --><br \/>\n<!-- flzn:zn_text --><\/p>\n<div id=\"flzn-text-2\" class=\"zone zn-text is-alignwide\">\n<div class=\"zone-block zn-text-block alignwide va-top\">\n<div class=\"row mw-content-zone zn-text-row\">\n<div class=\"columns large-12\">\n<div class=\"row large-up-1 with-nice-alignment nbloc-1\">\n<div class=\"column zn-text-col\">\n<div class=\"column-inner\">\n<div class=\"wig-content mw-content\">\n<p>La linguiste Andrea Alfar\u00e9, codirectrice de la soci\u00e9t\u00e9 effective communication (efc), anime les r\u00e9unions du groupe \u00ab&#160;&#160;Sprachvirus&#160;&#160;\u00bb toutes les deux semaines dans le bureau d\u2019efc en vieille ville de Rheinfelden (AG). \u00ab&#160;&#160;Idiotenspeak&#160;&#160;\u00bb est issu du groupe de travail Sprachvirus, qui existe depuis 2012. Tenir ce blog fait partie de la formation professionnelle de ces trois hommes.<\/p>\n<\/p><\/div>\n<\/p><\/div>\n<\/p><\/div>\n<\/p><\/div>\n<\/p><\/div>\n<\/p><\/div>\n<\/div>\n<\/div>\n<p><!-- \/flzn:zn_text --><br \/>\n<!-- flzn:zn_text_img --><\/p>\n<div id=\"flzn-textimg-1\" class=\"zone zn-textimg is-alignwide\">\n<div class=\"zone-block zn-textimg-block alignwide va-top\">\n<div class=\"row\">\n<div class=\"columns large-12\">\n<div class=\"row with-nice-alignment zn-textimg-row va-top\">\n<div class=\"columns large-6 zn-textimg-colimg\">\n<div class=\"columns-inner zn-textimg-col-inner\">\n<div class=\"zn-textimg-imgs\">\n<div class=\"zn-textimg-imgbox\" title=\"Les outils de CAA sont multiples: ici, le clavier avec pr\u00e9diction des mots de l\u2019appli \u00abSnap + Core First\u00bb. Photo: Vera Markus\">\n<figure class=\"zn-textimg-figure\">\n\t\t\t\t\t\t\t\t\t<img decoding=\"async\" class=\"zn-textimg-img\" src=\"https:\/\/blog.insieme.ch\/wp-inside\/uploads\/2022\/04\/blog_caa_unterstuetzte_kommunikation3-800x530.jpg\" alt=\"Une main clique sur un clavier affich\u00e9 sur un \u00e9cran de tablette. L'\u00e9cran affiche \u00e9galement des propositions de mots.\"\/><figcaption class=\"zn-textimg-caption\">Les outils de CAA sont multiples&#160;: ici, le clavier avec pr\u00e9diction des mots de l\u2019appli \u00ab&#160;Snap + Core First&#160;\u00bb. Photo&#160;: Vera Markus<\/figcaption><\/figure>\n<\/p><\/div>\n<\/p><\/div>\n<\/p><\/div>\n<\/p><\/div>\n<div class=\"columns large-6 zn-textimg-coldesc\">\n<div class=\"columns-inner zn-textimg-descbox\">\n<div class=\"zn-textimg-desc wig-content\">\n<h2>Entra\u00eener l\u2019attention et la coordination<\/h2>\n<p>Install\u00e9 \u00e0 une longue table ovale en bois, Jaime Garcia (El Hombre) tape des caract\u00e8res sur sa tablette \u00e9lectronique. Il l\u00e8ve lentement son bras gauche, regarde le clavier et pose son doigt sur une lettre. Puis, il l\u00e8ve \u00e0 nouveau son bras, marque une courte pause, et tape la lettre suivante. Alors qu\u2019il se tourne pour regarder l\u2019heure, l\u2019animatrice assise \u00e0 c\u00f4t\u00e9 de lui l\u2019incite \u00e0 se concentrer et \u00e0 regarder le clavier. Il se retourne et tape les lettres suivantes. Trois propositions de mots apparaissent \u00e0 l\u2019\u00e9cran. Sans h\u00e9siter, il choisit \u00ab&#160;&#160;drastique&#160;&#160;\u00bb. En tant qu\u2019animatrice, Andrea Alfar\u00e9 a demand\u00e9 sur quel ton ils souhaitent r\u00e9diger leur article de blog. Elle invite d\u00e9sormais Christian Kaspar (Querdenker), qui arpente nerveusement la pi\u00e8ce, \u00e0 revenir \u00e0 la table. Il a de la peine \u00e0 coordonner ses mains et les porte \u00e0 son visage. Andrea Alfar\u00e9 lui rappelle de poser sa main gauche pendant qu\u2019il l\u00e8ve lentement sa main droite. Son index est d\u00e9j\u00e0 tendu, pr\u00eat \u00e0 taper, mais son regard erre encore \u00e0 travers la pi\u00e8ce. \u00ab&#160;&#160;Regarder les lettres&#160;&#160;\u00bb, dit l\u2019animatrice. Il tape lentement, un caract\u00e8re apr\u00e8s l\u2019autre, un mot apr\u00e8s l\u2019autre&#160;&#160;: \u00ab&#160;&#160;Etre enferm\u00e9 dans une institution est contraire \u00e0 la Convention de l&#8217;ONU&#160;&#160;\u00bb Jaime Garcia l\u00e8ve sa main et regarde Andrea Alfar\u00e9, signe qu\u2019il veut dire quelque chose. Elle s\u2019assied pr\u00e8s de lui et l\u2019observe attentivement lever son bras, regarder le clavier et \u00e9crire \u00ab&#160;&#160;prison du corona&#160;&#160;\u00bb.<\/p>\n<p>&nbsp;<\/p>\n<\/div><\/div>\n<\/p><\/div>\n<\/p><\/div>\n<\/p><\/div>\n<\/p><\/div>\n<\/div>\n<\/div>\n<p><!-- \/flzn:zn_text_img --><br \/>\n<!-- flzn:zn_text --><\/p>\n<div id=\"flzn-text-3\" class=\"zone zn-text is-alignwide\">\n<div class=\"zone-block zn-text-block alignwide va-top\">\n<div class=\"row mw-content-zone zn-text-row\">\n<div class=\"columns large-12\">\n<div class=\"row large-up-1 with-nice-alignment nbloc-1\">\n<div class=\"column zn-text-col\">\n<div class=\"column-inner\">\n<div class=\"wig-content mw-content\">\n<h2>\u00ab&#160;&#160;Nous nous comportons diff\u00e9remment des neurotypiques&#160;&#160;\u00bb<\/h2>\n<p>Les trois jeunes hommes ont des difficult\u00e9s pour la perception et le traitement des \u00e9motions, la planification des actions et le contr\u00f4le des impulsions. Cependant, ils suivent l\u2019actualit\u00e9 avec int\u00e9r\u00eat et ont lu le texte original de la Convention de l\u2019ONU relative aux droits des personnes handicap\u00e9es (CDPH). Ces jeunes auteurs ont des choses \u00e0 dire et s\u2019adressent consciemment \u00e0 un public via leur blog. Ayant des difficult\u00e9s \u00e0 coordonner leur regard et leurs mouvements ainsi qu\u2019\u00e0 planifier et ex\u00e9cuter des actions en plusieurs parties, ils ont besoin d\u2019assistance et utilisent la CAA. Diff\u00e9rentes applications sur la tablette, des dossiers de communication contenant des pictogrammes et des mots, un appareil sonore qui \u00e9nonce le mot adapt\u00e9 quand on d\u00e9signe un pictogramme et deux gros boutons \u2013 le vert pour dire oui et le rouge pour dire non \u2013 les aident dans leur t\u00e2che. La CAA utilise aussi le langage gestuel. Mais cela n\u2019est pas une option pour les trois jeunes hommes&#160;&#160;: \u00ab&#160;&#160;Ils ont du mal \u00e0 coordonner leurs mouvements&#160;&#160;\u00bb, explique l\u2019animatrice.<\/p>\n<\/p><\/div>\n<\/p><\/div>\n<\/p><\/div>\n<\/p><\/div>\n<\/p><\/div>\n<\/p><\/div>\n<\/div>\n<\/div>\n<p><!-- \/flzn:zn_text --><br \/>\n<!-- flzn:zn_image --><\/p>\n<div id=\"flzn-image-2\" class=\"zone zn-image is-alignsimple\">\n<div class=\"zone-block zn-image-block alignsimple va-top\">\n<div class=\"row one-img\">\n<div class=\"columns large-12\">\n<div class=\"row with-nice-alignment va-top\">\n<div class=\"columns large-12 zn-image-col\">\n<div class=\"columns-inner zn-image-col-inner\">\n\t\t\t\t\t\t\t<a class=\"zn-image-imgbox swipebox\" href=\"https:\/\/blog.insieme.ch\/wp-inside\/uploads\/2022\/04\/blog_caa_unterstuetzte_kommunikation2-scaled.jpg\" title=\"CAA: l\u2019interface utilisateur de l'appli \u00abSnap + Core First\u00bb, avec les mots-cl\u00e9s. Photo: \u00a9 Vera Markus\" rel=\"galleryzone-flzn-image-2\">\t\t\t\t\t\t\t<\/p>\n<figure class=\"zn-image-figure\">\n\t\t\t\t\t\t\t\t<img decoding=\"async\" class=\"zn-image-img\" src=\"https:\/\/blog.insieme.ch\/wp-inside\/uploads\/2022\/04\/blog_caa_unterstuetzte_kommunikation2-1920x1280.jpg\" alt=\"\" \/><figcaption class=\"zn-image-caption\">L\u2019interface utilisateur de l&rsquo;appli \u00ab&#160;Snap + Core First&#160;\u00bb, avec les mots-cl\u00e9s. Photo&#160;: \u00a9 Vera Markus<\/figcaption><\/figure>\n<p>\t\t\t\t\t\t\t<\/a>\t\t\t\t\t\t<\/div>\n<\/p><\/div>\n<\/p><\/div>\n<\/p><\/div>\n<\/p><\/div>\n<\/div>\n<\/div>\n<p><!-- \/flzn:zn_image --><br \/>\n<!-- flzn:zn_text --><\/p>\n<div id=\"flzn-text-4\" class=\"zone zn-text is-alignwide\">\n<div class=\"zone-block zn-text-block alignwide va-top\">\n<div class=\"row mw-content-zone zn-text-row\">\n<div class=\"columns large-12\">\n<div class=\"row large-up-1 with-nice-alignment nbloc-1\">\n<div class=\"column zn-text-col\">\n<div class=\"column-inner\">\n<div class=\"wig-content mw-content\">\n<p>Sokrates (Yannick Striebel) s\u2019est retir\u00e9 sur le canap\u00e9 de la pi\u00e8ce voisine en grommelant et s\u2019est mis un coussin sur la t\u00eate. De son c\u00f4t\u00e9, Querdenker continue \u00e0 \u00e9crire. Une fois qu\u2019il a termin\u00e9, il se l\u00e8ve, vient vers nous et nous regarde d\u2019un air de d\u00e9fi. Andrea Alfar\u00e9 nous lit ce qu\u2019il a \u00e9crit&#160;&#160;: \u00ab&#160;&#160;Madame Schanda, que savez-vous au sujet de la CAA&#160;&#160;?&#160;&#160;\u00bb et \u00ab&#160;&#160;qu\u2019est-ce que vous observez chez nous&#160;&#160;?&#160;&#160;\u00bb \u2013 \u00ab&#160;&#160;Vous bougez beaucoup, vous regardez autour de vous, ce qui donne une impression d\u2019inattention&#160;&#160;; mais vous percevez tout et vous \u00e9coutez.&#160;&#160;\u00bb El Hombre commente&#160;&#160;: \u00ab&#160;&#160;Nous nous comportons diff\u00e9remment des neurotypiques.&#160;&#160;\u00bb \u2013 \u00ab&#160;&#160;Qui sont les neurotypiques&#160;&#160;?&#160;&#160;\u00bb \u2013 \u00ab&#160;&#160;Les personnes telles que vous, dont le cerveau est comme celui de la majorit\u00e9 des gens. Mais nous, nous sommes c\u00e2bl\u00e9s autrement.&#160;&#160;\u00bb<\/p>\n<\/p><\/div>\n<\/p><\/div>\n<\/p><\/div>\n<\/p><\/div>\n<\/p><\/div>\n<\/p><\/div>\n<\/div>\n<\/div>\n<p><!-- \/flzn:zn_text --><br \/>\n<!-- flzn:zn_quote --><\/p>\n<div id=\"flzn-quote-1\" class=\"zone zn-quote is-alignsimple\">\n<div class=\"zone-block zn-quote-block alignsimple va-top\">\n<div class=\"row mw-content-zone\">\n<div class=\"large-12 columns\">\n<div class=\"quotebox\">\n<div class=\"quotebox-inner\">\n<blockquote class=\"quotebox-content\">\n<div class=\"quotebox-content-inner\">\n<p class=\"quotebox-desc\">\u00ab&#160;&#160;En r\u00e9sidence, il y a peu de bons outils de CAA pour les personnes avec handicaps complexes. Ils sont sous-estim\u00e9s et ignor\u00e9s&#160;&#160;\u00bb<\/p>\n<p>\t\t\t\t\t\t\t\t\t\t\t\t\t\t<cite class=\"quotebox-author\"><br \/>\n\t\t\t\t\t\t\t\t<span class=\"quotebox-name\">Querdenker, r\u00e9dacteur du blog Idiotenspeak<\/span>\t\t\t\t\t\t\t\t\t\t\t\t\t\t\t<\/cite>\n\t\t\t\t\t\t\t\t\t\t\t\t\t<\/div>\n<\/blockquote><\/div>\n<\/p><\/div>\n<\/p><\/div>\n<\/p><\/div>\n<\/div>\n<\/div>\n<p><!-- \/flzn:zn_quote --><br \/>\n<!-- flzn:zn_text --><\/p>\n<div id=\"flzn-text-5\" class=\"zone zn-text is-alignwide\">\n<div class=\"zone-block zn-text-block alignwide va-top\">\n<div class=\"row mw-content-zone zn-text-row\">\n<div class=\"columns large-12\">\n<div class=\"row large-up-1 with-nice-alignment nbloc-1\">\n<div class=\"column zn-text-col\">\n<div class=\"column-inner\">\n<div class=\"wig-content mw-content\">\n<p>Christian Kaspar et Yannick Striebel habitent au sein d\u2019une institution, dans la m\u00eame unit\u00e9 d\u2019habitation. Jaime Garcia vit chez ses parents mais travaille dans la structure d\u2019accueil de jour de l\u2019institution de ses deux amis. \u00ab&#160;&#160;En r\u00e9sidence, il y a peu de bons outils de CAA pour les personnes avec handicaps complexes. Ils sont sous-estim\u00e9s et ignor\u00e9s&#160;&#160;\u00bb, critique Querdenker. Et El Hombre de compl\u00e9ter&#160;&#160;: \u00ab&#160;&#160;Oui, exactement. Beaucoup pensent que choisir son repas est suffisant pour nous. Mais non. Tous peuvent faire plus, aucun \u2039Schwebi\u203a n\u2019est stupide.&#160;&#160;\u00bb \u00ab&#160;&#160;Schwebi&#160;&#160;\u00bb est le diminutif que les trois blogueurs utilisent pour \u00ab&#160;&#160;Schwerbehinderte&#160;&#160;\u00bb&#160;&#160;: les personnes avec un handicap s\u00e9v\u00e8re.<\/p>\n<\/p><\/div>\n<\/p><\/div>\n<\/p><\/div>\n<\/p><\/div>\n<\/p><\/div>\n<\/p><\/div>\n<\/div>\n<\/div>\n<p><!-- \/flzn:zn_text --><br \/>\n<!-- flzn:zn_text --><\/p>\n<div id=\"flzn-text-6\" class=\"zone zn-text is-alignwide\">\n<div class=\"zone-block zn-text-block alignwide va-top\">\n<div class=\"row mw-content-zone zn-text-row\">\n<div class=\"columns large-12\">\n<div class=\"row large-up-1 with-nice-alignment nbloc-1\">\n<div class=\"column zn-text-col\">\n<div class=\"column-inner\">\n<div class=\"wig-content mw-content\">\n<h2>La CAA, une forme de communication lente<\/h2>\n<p>Les personnes vivant avec des handicaps complexes et qui ne peuvent pas s\u2019exprimer oralement sont souvent sous-estim\u00e9es, souligne Andrea Alfar\u00e9. Par ses recherches, celle-ci a constat\u00e9 que g\u00e9n\u00e9ralement, ce ne sont pas tant les troubles cognitifs qui entravent l\u2019acquisition du langage, mais davantage le comportement du partenaire d\u2019interaction et de soutien. La CAA est une forme de communication lente qui n\u00e9cessite beaucoup de patience. Si Sokrates a bien r\u00e9pondu \u00e0 quelques questions de l\u2019animatrice en montrant des pictogrammes, il a eu des difficult\u00e9s sur le plan de l\u2019\u00e9criture. Celui-ci reste sur le canap\u00e9 rouge dans la pi\u00e8ce d\u2019\u00e0 c\u00f4t\u00e9 et participe \u00e0 peine \u00e0 la discussion. \u00ab&#160;&#160;Cela fait partie du jeu&#160;&#160;\u00bb, dit Andrea Alfar\u00e9. Les r\u00e9unions se d\u00e9roulent \u00e0 chaque fois diff\u00e9remment. Les participants ont leurs tics et leurs contraintes, des probl\u00e8mes de coordination et de concentration. Mais avec le soutien n\u00e9cessaire, ils peuvent s\u2019exprimer de mani\u00e8re tr\u00e8s nuanc\u00e9e. Et en tant que groupe, ils fonctionnent bien&#160;&#160;: \u00ab&#160;&#160;El Hombre, qui ne supporte g\u00e9n\u00e9ralement pas la proximit\u00e9 physique, laisse m\u00eame Querdenker le toucher l\u00e9g\u00e8rement sur l\u2019\u00e9paule&#160;&#160;\u00bb, se r\u00e9jouit l\u2019animatrice.<\/p>\n<p>Andrea Alfar\u00e9 assiste les blogueurs pour la coordination et la concentration. Chaque rencontre dure trois heures. Dehors, une voiture arrive. El Hombre l\u00e8ve les yeux, reconna\u00eet son p\u00e8re et prend cong\u00e9 par un l\u00e9ger signe de t\u00eate. Peu apr\u00e8s, arrive le taxi qui ram\u00e8nera Querdenker et Sokrates dans leur institution. Jusqu\u2019\u00e0 la prochaine rencontre, dans deux semaines.<\/p>\n<p><em>Cet article est paru dans le magazine insieme de septembre 2020.<\/em><\/p>\n<\/p><\/div>\n<\/p><\/div>\n<\/p><\/div>\n<\/p><\/div>\n<\/p><\/div>\n<\/p><\/div>\n<\/div>\n<\/div>\n<p><!-- \/flzn:zn_text --><br \/>\n<!-- flzn:zn_text --><\/p>\n<div id=\"flzn-text-7\" class=\"zone zn-text is-alignwide\">\n<div class=\"zone-block zn-text-block alignwide va-top\">\n<div class=\"row mw-content-zone zn-text-row\">\n<div class=\"columns large-12\">\n<div class=\"row large-up-1 with-nice-alignment nbloc-1\">\n<div class=\"column zn-text-col\">\n<div class=\"column-inner\">\n<div class=\"wig-content mw-content\">\n<h2>Andrea Alfar\u00e9 et la soci\u00e9t\u00e9 effective communication<\/h2>\n<\/p><\/div>\n<\/p><\/div>\n<\/p><\/div>\n<\/p><\/div>\n<\/p><\/div>\n<\/p><\/div>\n<\/div>\n<\/div>\n<p><!-- \/flzn:zn_text --><br \/>\n<!-- flzn:zn_quote --><\/p>\n<div id=\"flzn-quote-2\" class=\"zone zn-quote is-alignsimple\">\n<div class=\"zone-block zn-quote-block alignsimple va-top\">\n<div class=\"row mw-content-zone\">\n<div class=\"large-12 columns\">\n<div class=\"quotebox\">\n<div class=\"quotebox-inner\">\n<blockquote class=\"quotebox-content\">\n<div class=\"quotebox-content-inner\">\n<p class=\"quotebox-desc\">Andrea Alfar\u00e9 est linguiste sp\u00e9cialis\u00e9e dans la communication am\u00e9lior\u00e9e et alternative (CAA) pour les personnes avec handicaps complexes et multiples. Avec Thekla Huber, elle dirige la soci\u00e9t\u00e9 effective communication (efc). Celle-ci propose des formations en communication pour les personnes qui ont besoin de CAA, ainsi que des cours et conseils en CAA pour les institutions. C\u2019est dans le cadre d\u2019une telle formation que prend place le groupe \u00ab&#160;&#160;Sprachvirus&#160;&#160;\u00bb, qui tient le blog \u00ab&#160;&#160;Idiotenspeak&#160;&#160;\u00bb (www.idiotenspeak.ch). Dans le cadre d\u2019un projet avec les centres de formation, efc est aussi partenaire d\u2019insieme. Un outil de CAA est en cours d\u2019\u00e9laboration pour les offres de formation et de loisirs des associations.<\/p>\n<\/p><\/div>\n<\/blockquote><\/div>\n<\/p><\/div>\n<\/p><\/div>\n<\/p><\/div>\n<\/div>\n<\/div>\n<p><!-- \/flzn:zn_quote --><br \/>\n<!-- flzn:zn_taglist --><\/p>\n<div id=\"flzn-taglist-1\" class=\"zone zn-taglist is-alignwide\">\n<div class=\"zone-block zn-taglist-block alignwide va-top\">\n<div class=\"zone zn-taglist\">\n<div class=\"zone-block zn-taglist-block no-pdd-bottom alignfull\">\n<div class=\"row mw-1280\">\n<div class=\"columns large-12\">\n<div class=\"taglist-wrapper\">\n<div class=\"tag-list-content\">\n<div class=\"tag-item\"><a href=\"https:\/\/blog.insieme.ch\/fr\/tag\/autisme\/\" rel=\"tag\">Autisme<\/a><\/div>\n<div class=\"tag-item\"><a href=\"https:\/\/blog.insieme.ch\/fr\/tag\/internet\/\" rel=\"tag\">Internet<\/a><\/div>\n<div class=\"tag-item\"><a href=\"https:\/\/blog.insieme.ch\/fr\/tag\/medias-numeriques\/\" rel=\"tag\">M\u00e9dias num\u00e9riques<\/a><\/div>\n<\/div>\n<\/div><\/div>\n<\/p><\/div>\n<\/p><\/div>\n<\/p><\/div>\n<\/div>\n<\/div>\n<p><!-- \/flzn:zn_taglist --><\/p>\n","protected":false},"excerpt":{"rendered":"<p>La communication am\u00e9lior\u00e9e et alternative (CAA) fonctionne avec des pictogrammes, des caract\u00e8res et des mots. En les s\u00e9lectionnant avec les mains, les yeux ou la t\u00eate, les personnes avec handicaps [&hellip;]<\/p>\n","protected":false},"author":4,"featured_media":1669,"comment_status":"open","ping_status":"open","sticky":false,"template":"","format":"standard","meta":{"_acf_changed":false,"footnotes":""},"categories":[17],"tags":[51,42,40],"class_list":["post-1668","post","type-post","status-publish","format-standard","has-post-thumbnail","hentry","category-inclusion","tag-autisme","tag-internet","tag-medias-numeriques","wp-sticky"],"acf":[],"yoast_head":"<!-- This site is optimized with the Yoast SEO plugin v27.5 - https:\/\/yoast.com\/product\/yoast-seo-wordpress\/ -->\n<title>Le blog de Querdenker, El Hombre et Sokrates<\/title>\n<meta name=\"description\" content=\"La communication am\u00e9lior\u00e9e et alternative (CAA) fonctionne avec diff\u00e9rents outils. Focus sur les auteurs du blog \u00abIdiotenspeak\u00bb.\" \/>\n<meta name=\"robots\" content=\"index, follow, max-snippet:-1, max-image-preview:large, max-video-preview:-1\" \/>\n<link rel=\"canonical\" href=\"https:\/\/blog.insieme.ch\/fr\/inclusion\/le-blog-de-querdenker-el-hombre-et-sokrates\/\" \/>\n<meta property=\"og:locale\" content=\"fr_FR\" \/>\n<meta property=\"og:type\" content=\"article\" \/>\n<meta property=\"og:title\" content=\"Le blog de Querdenker, El Hombre et Sokrates\" \/>\n<meta property=\"og:description\" content=\"La communication am\u00e9lior\u00e9e et alternative (CAA) fonctionne avec diff\u00e9rents outils. Focus sur les auteurs du blog \u00abIdiotenspeak\u00bb.\" \/>\n<meta property=\"og:url\" content=\"https:\/\/blog.insieme.ch\/fr\/inclusion\/le-blog-de-querdenker-el-hombre-et-sokrates\/\" \/>\n<meta property=\"og:site_name\" content=\"insieme Blog\" \/>\n<meta property=\"article:publisher\" content=\"https:\/\/www.facebook.com\/insiemeSuisse\/\" \/>\n<meta property=\"article:published_time\" content=\"2021-04-21T06:33:20+00:00\" \/>\n<meta property=\"article:modified_time\" content=\"2021-04-29T11:41:26+00:00\" \/>\n<meta property=\"og:image\" content=\"https:\/\/blog.insieme.ch\/wp-inside\/uploads\/2021\/04\/blog_caa_unterstuetzte_kommunikation-scaled.jpg\" \/>\n\t<meta property=\"og:image:width\" content=\"1920\" \/>\n\t<meta property=\"og:image:height\" content=\"1280\" \/>\n\t<meta property=\"og:image:type\" content=\"image\/jpeg\" \/>\n<meta name=\"author\" content=\"Susanne Schanda\" \/>\n<meta name=\"twitter:card\" content=\"summary_large_image\" \/>\n<meta name=\"twitter:creator\" content=\"@insiemeSuisse\" \/>\n<meta name=\"twitter:site\" content=\"@insiemeSuisse\" \/>\n<meta name=\"twitter:label1\" content=\"\u00c9crit par\" \/>\n\t<meta name=\"twitter:data1\" content=\"Susanne Schanda\" \/>\n\t<meta name=\"twitter:label2\" content=\"Dur\u00e9e de lecture estim\u00e9e\" \/>\n\t<meta name=\"twitter:data2\" content=\"7 minutes\" \/>\n<script type=\"application\/ld+json\" class=\"yoast-schema-graph\">{\"@context\":\"https:\\\/\\\/schema.org\",\"@graph\":[{\"@type\":\"Article\",\"@id\":\"https:\\\/\\\/blog.insieme.ch\\\/fr\\\/inclusion\\\/le-blog-de-querdenker-el-hombre-et-sokrates\\\/#article\",\"isPartOf\":{\"@id\":\"https:\\\/\\\/blog.insieme.ch\\\/fr\\\/inclusion\\\/le-blog-de-querdenker-el-hombre-et-sokrates\\\/\"},\"author\":{\"name\":\"Susanne Schanda\",\"@id\":\"https:\\\/\\\/blog.insieme.ch\\\/fr\\\/#\\\/schema\\\/person\\\/9bdc666aa1d449943ed3e91c3bc6ac50\"},\"headline\":\"Le blog de Querdenker, El Hombre et Sokrates\",\"datePublished\":\"2021-04-21T06:33:20+00:00\",\"dateModified\":\"2021-04-29T11:41:26+00:00\",\"mainEntityOfPage\":{\"@id\":\"https:\\\/\\\/blog.insieme.ch\\\/fr\\\/inclusion\\\/le-blog-de-querdenker-el-hombre-et-sokrates\\\/\"},\"wordCount\":1436,\"commentCount\":0,\"publisher\":{\"@id\":\"https:\\\/\\\/blog.insieme.ch\\\/fr\\\/#organization\"},\"image\":{\"@id\":\"https:\\\/\\\/blog.insieme.ch\\\/fr\\\/inclusion\\\/le-blog-de-querdenker-el-hombre-et-sokrates\\\/#primaryimage\"},\"thumbnailUrl\":\"https:\\\/\\\/blog.insieme.ch\\\/wp-inside\\\/uploads\\\/2021\\\/04\\\/blog_caa_unterstuetzte_kommunikation-scaled.jpg\",\"keywords\":[\"Autisme\",\"Internet\",\"M\u00e9dias num\u00e9riques\"],\"articleSection\":[\"Inclusion\"],\"inLanguage\":\"fr-FR\",\"potentialAction\":[{\"@type\":\"CommentAction\",\"name\":\"Comment\",\"target\":[\"https:\\\/\\\/blog.insieme.ch\\\/fr\\\/inclusion\\\/le-blog-de-querdenker-el-hombre-et-sokrates\\\/#respond\"]}]},{\"@type\":\"WebPage\",\"@id\":\"https:\\\/\\\/blog.insieme.ch\\\/fr\\\/inclusion\\\/le-blog-de-querdenker-el-hombre-et-sokrates\\\/\",\"url\":\"https:\\\/\\\/blog.insieme.ch\\\/fr\\\/inclusion\\\/le-blog-de-querdenker-el-hombre-et-sokrates\\\/\",\"name\":\"Le blog de Querdenker, El Hombre et Sokrates\",\"isPartOf\":{\"@id\":\"https:\\\/\\\/blog.insieme.ch\\\/fr\\\/#website\"},\"primaryImageOfPage\":{\"@id\":\"https:\\\/\\\/blog.insieme.ch\\\/fr\\\/inclusion\\\/le-blog-de-querdenker-el-hombre-et-sokrates\\\/#primaryimage\"},\"image\":{\"@id\":\"https:\\\/\\\/blog.insieme.ch\\\/fr\\\/inclusion\\\/le-blog-de-querdenker-el-hombre-et-sokrates\\\/#primaryimage\"},\"thumbnailUrl\":\"https:\\\/\\\/blog.insieme.ch\\\/wp-inside\\\/uploads\\\/2021\\\/04\\\/blog_caa_unterstuetzte_kommunikation-scaled.jpg\",\"datePublished\":\"2021-04-21T06:33:20+00:00\",\"dateModified\":\"2021-04-29T11:41:26+00:00\",\"description\":\"La communication am\u00e9lior\u00e9e et alternative (CAA) fonctionne avec diff\u00e9rents outils. Focus sur les auteurs du blog \u00abIdiotenspeak\u00bb.\",\"breadcrumb\":{\"@id\":\"https:\\\/\\\/blog.insieme.ch\\\/fr\\\/inclusion\\\/le-blog-de-querdenker-el-hombre-et-sokrates\\\/#breadcrumb\"},\"inLanguage\":\"fr-FR\",\"potentialAction\":[{\"@type\":\"ReadAction\",\"target\":[\"https:\\\/\\\/blog.insieme.ch\\\/fr\\\/inclusion\\\/le-blog-de-querdenker-el-hombre-et-sokrates\\\/\"]}]},{\"@type\":\"ImageObject\",\"inLanguage\":\"fr-FR\",\"@id\":\"https:\\\/\\\/blog.insieme.ch\\\/fr\\\/inclusion\\\/le-blog-de-querdenker-el-hombre-et-sokrates\\\/#primaryimage\",\"url\":\"https:\\\/\\\/blog.insieme.ch\\\/wp-inside\\\/uploads\\\/2021\\\/04\\\/blog_caa_unterstuetzte_kommunikation-scaled.jpg\",\"contentUrl\":\"https:\\\/\\\/blog.insieme.ch\\\/wp-inside\\\/uploads\\\/2021\\\/04\\\/blog_caa_unterstuetzte_kommunikation-scaled.jpg\",\"width\":1920,\"height\":1280,\"caption\":\"Accompagn\u00e9s par Andrea Alfar\u00e9, Christian Kaspar (Querdenker) et Jaime Garcia (El Hombre) discutent de leur prochain article de blog. Photo: \u00a9 Vera Markus\"},{\"@type\":\"BreadcrumbList\",\"@id\":\"https:\\\/\\\/blog.insieme.ch\\\/fr\\\/inclusion\\\/le-blog-de-querdenker-el-hombre-et-sokrates\\\/#breadcrumb\",\"itemListElement\":[{\"@type\":\"ListItem\",\"position\":1,\"name\":\"Accueil\",\"item\":\"https:\\\/\\\/blog.insieme.ch\\\/fr\\\/\"},{\"@type\":\"ListItem\",\"position\":2,\"name\":\"Inclusion\",\"item\":\"https:\\\/\\\/blog.insieme.ch\\\/fr\\\/inclusion\\\/\"},{\"@type\":\"ListItem\",\"position\":3,\"name\":\"Le blog de Querdenker, El Hombre et Sokrates\"}]},{\"@type\":\"WebSite\",\"@id\":\"https:\\\/\\\/blog.insieme.ch\\\/fr\\\/#website\",\"url\":\"https:\\\/\\\/blog.insieme.ch\\\/fr\\\/\",\"name\":\"insieme Blog\",\"description\":\"Alles ausser gew\u00f6hnlich\",\"publisher\":{\"@id\":\"https:\\\/\\\/blog.insieme.ch\\\/fr\\\/#organization\"},\"potentialAction\":[{\"@type\":\"SearchAction\",\"target\":{\"@type\":\"EntryPoint\",\"urlTemplate\":\"https:\\\/\\\/blog.insieme.ch\\\/fr\\\/?s={search_term_string}\"},\"query-input\":{\"@type\":\"PropertyValueSpecification\",\"valueRequired\":true,\"valueName\":\"search_term_string\"}}],\"inLanguage\":\"fr-FR\"},{\"@type\":\"Organization\",\"@id\":\"https:\\\/\\\/blog.insieme.ch\\\/fr\\\/#organization\",\"name\":\"insieme Blog\",\"url\":\"https:\\\/\\\/blog.insieme.ch\\\/fr\\\/\",\"logo\":{\"@type\":\"ImageObject\",\"inLanguage\":\"fr-FR\",\"@id\":\"https:\\\/\\\/blog.insieme.ch\\\/fr\\\/#\\\/schema\\\/logo\\\/image\\\/\",\"url\":\"https:\\\/\\\/blog.insieme.ch\\\/wp-inside\\\/uploads\\\/2021\\\/04\\\/logo-insieme-blog.png\",\"contentUrl\":\"https:\\\/\\\/blog.insieme.ch\\\/wp-inside\\\/uploads\\\/2021\\\/04\\\/logo-insieme-blog.png\",\"width\":280,\"height\":81,\"caption\":\"insieme Blog\"},\"image\":{\"@id\":\"https:\\\/\\\/blog.insieme.ch\\\/fr\\\/#\\\/schema\\\/logo\\\/image\\\/\"},\"sameAs\":[\"https:\\\/\\\/www.facebook.com\\\/insiemeSuisse\\\/\",\"https:\\\/\\\/x.com\\\/insiemeSuisse\"]},{\"@type\":\"Person\",\"@id\":\"https:\\\/\\\/blog.insieme.ch\\\/fr\\\/#\\\/schema\\\/person\\\/9bdc666aa1d449943ed3e91c3bc6ac50\",\"name\":\"Susanne Schanda\",\"image\":{\"@type\":\"ImageObject\",\"inLanguage\":\"fr-FR\",\"@id\":\"https:\\\/\\\/secure.gravatar.com\\\/avatar\\\/64193fc918460f85b6ec2e9ca238bd037ebbdc901ffd8e7e360e9b28cb18012a?s=96&d=mm&r=g\",\"url\":\"https:\\\/\\\/secure.gravatar.com\\\/avatar\\\/64193fc918460f85b6ec2e9ca238bd037ebbdc901ffd8e7e360e9b28cb18012a?s=96&d=mm&r=g\",\"contentUrl\":\"https:\\\/\\\/secure.gravatar.com\\\/avatar\\\/64193fc918460f85b6ec2e9ca238bd037ebbdc901ffd8e7e360e9b28cb18012a?s=96&d=mm&r=g\",\"caption\":\"Susanne Schanda\"},\"description\":\"Communication insieme\",\"url\":\"https:\\\/\\\/blog.insieme.ch\\\/fr\\\/author\\\/susanne-schanda\\\/\"}]}<\/script>\n<!-- \/ Yoast SEO plugin. -->","yoast_head_json":{"title":"Le blog de Querdenker, El Hombre et Sokrates","description":"La communication am\u00e9lior\u00e9e et alternative (CAA) fonctionne avec diff\u00e9rents outils. Focus sur les auteurs du blog \u00abIdiotenspeak\u00bb.","robots":{"index":"index","follow":"follow","max-snippet":"max-snippet:-1","max-image-preview":"max-image-preview:large","max-video-preview":"max-video-preview:-1"},"canonical":"https:\/\/blog.insieme.ch\/fr\/inclusion\/le-blog-de-querdenker-el-hombre-et-sokrates\/","og_locale":"fr_FR","og_type":"article","og_title":"Le blog de Querdenker, El Hombre et Sokrates","og_description":"La communication am\u00e9lior\u00e9e et alternative (CAA) fonctionne avec diff\u00e9rents outils. Focus sur les auteurs du blog \u00abIdiotenspeak\u00bb.","og_url":"https:\/\/blog.insieme.ch\/fr\/inclusion\/le-blog-de-querdenker-el-hombre-et-sokrates\/","og_site_name":"insieme Blog","article_publisher":"https:\/\/www.facebook.com\/insiemeSuisse\/","article_published_time":"2021-04-21T06:33:20+00:00","article_modified_time":"2021-04-29T11:41:26+00:00","og_image":[{"width":1920,"height":1280,"url":"https:\/\/blog.insieme.ch\/wp-inside\/uploads\/2021\/04\/blog_caa_unterstuetzte_kommunikation-scaled.jpg","type":"image\/jpeg"}],"author":"Susanne Schanda","twitter_card":"summary_large_image","twitter_creator":"@insiemeSuisse","twitter_site":"@insiemeSuisse","twitter_misc":{"\u00c9crit par":"Susanne Schanda","Dur\u00e9e de lecture estim\u00e9e":"7 minutes"},"schema":{"@context":"https:\/\/schema.org","@graph":[{"@type":"Article","@id":"https:\/\/blog.insieme.ch\/fr\/inclusion\/le-blog-de-querdenker-el-hombre-et-sokrates\/#article","isPartOf":{"@id":"https:\/\/blog.insieme.ch\/fr\/inclusion\/le-blog-de-querdenker-el-hombre-et-sokrates\/"},"author":{"name":"Susanne Schanda","@id":"https:\/\/blog.insieme.ch\/fr\/#\/schema\/person\/9bdc666aa1d449943ed3e91c3bc6ac50"},"headline":"Le blog de Querdenker, El Hombre et Sokrates","datePublished":"2021-04-21T06:33:20+00:00","dateModified":"2021-04-29T11:41:26+00:00","mainEntityOfPage":{"@id":"https:\/\/blog.insieme.ch\/fr\/inclusion\/le-blog-de-querdenker-el-hombre-et-sokrates\/"},"wordCount":1436,"commentCount":0,"publisher":{"@id":"https:\/\/blog.insieme.ch\/fr\/#organization"},"image":{"@id":"https:\/\/blog.insieme.ch\/fr\/inclusion\/le-blog-de-querdenker-el-hombre-et-sokrates\/#primaryimage"},"thumbnailUrl":"https:\/\/blog.insieme.ch\/wp-inside\/uploads\/2021\/04\/blog_caa_unterstuetzte_kommunikation-scaled.jpg","keywords":["Autisme","Internet","M\u00e9dias num\u00e9riques"],"articleSection":["Inclusion"],"inLanguage":"fr-FR","potentialAction":[{"@type":"CommentAction","name":"Comment","target":["https:\/\/blog.insieme.ch\/fr\/inclusion\/le-blog-de-querdenker-el-hombre-et-sokrates\/#respond"]}]},{"@type":"WebPage","@id":"https:\/\/blog.insieme.ch\/fr\/inclusion\/le-blog-de-querdenker-el-hombre-et-sokrates\/","url":"https:\/\/blog.insieme.ch\/fr\/inclusion\/le-blog-de-querdenker-el-hombre-et-sokrates\/","name":"Le blog de Querdenker, El Hombre et Sokrates","isPartOf":{"@id":"https:\/\/blog.insieme.ch\/fr\/#website"},"primaryImageOfPage":{"@id":"https:\/\/blog.insieme.ch\/fr\/inclusion\/le-blog-de-querdenker-el-hombre-et-sokrates\/#primaryimage"},"image":{"@id":"https:\/\/blog.insieme.ch\/fr\/inclusion\/le-blog-de-querdenker-el-hombre-et-sokrates\/#primaryimage"},"thumbnailUrl":"https:\/\/blog.insieme.ch\/wp-inside\/uploads\/2021\/04\/blog_caa_unterstuetzte_kommunikation-scaled.jpg","datePublished":"2021-04-21T06:33:20+00:00","dateModified":"2021-04-29T11:41:26+00:00","description":"La communication am\u00e9lior\u00e9e et alternative (CAA) fonctionne avec diff\u00e9rents outils. Focus sur les auteurs du blog \u00abIdiotenspeak\u00bb.","breadcrumb":{"@id":"https:\/\/blog.insieme.ch\/fr\/inclusion\/le-blog-de-querdenker-el-hombre-et-sokrates\/#breadcrumb"},"inLanguage":"fr-FR","potentialAction":[{"@type":"ReadAction","target":["https:\/\/blog.insieme.ch\/fr\/inclusion\/le-blog-de-querdenker-el-hombre-et-sokrates\/"]}]},{"@type":"ImageObject","inLanguage":"fr-FR","@id":"https:\/\/blog.insieme.ch\/fr\/inclusion\/le-blog-de-querdenker-el-hombre-et-sokrates\/#primaryimage","url":"https:\/\/blog.insieme.ch\/wp-inside\/uploads\/2021\/04\/blog_caa_unterstuetzte_kommunikation-scaled.jpg","contentUrl":"https:\/\/blog.insieme.ch\/wp-inside\/uploads\/2021\/04\/blog_caa_unterstuetzte_kommunikation-scaled.jpg","width":1920,"height":1280,"caption":"Accompagn\u00e9s par Andrea Alfar\u00e9, Christian Kaspar (Querdenker) et Jaime Garcia (El Hombre) discutent de leur prochain article de blog. Photo: \u00a9 Vera Markus"},{"@type":"BreadcrumbList","@id":"https:\/\/blog.insieme.ch\/fr\/inclusion\/le-blog-de-querdenker-el-hombre-et-sokrates\/#breadcrumb","itemListElement":[{"@type":"ListItem","position":1,"name":"Accueil","item":"https:\/\/blog.insieme.ch\/fr\/"},{"@type":"ListItem","position":2,"name":"Inclusion","item":"https:\/\/blog.insieme.ch\/fr\/inclusion\/"},{"@type":"ListItem","position":3,"name":"Le blog de Querdenker, El Hombre et Sokrates"}]},{"@type":"WebSite","@id":"https:\/\/blog.insieme.ch\/fr\/#website","url":"https:\/\/blog.insieme.ch\/fr\/","name":"insieme Blog","description":"Alles ausser gew\u00f6hnlich","publisher":{"@id":"https:\/\/blog.insieme.ch\/fr\/#organization"},"potentialAction":[{"@type":"SearchAction","target":{"@type":"EntryPoint","urlTemplate":"https:\/\/blog.insieme.ch\/fr\/?s={search_term_string}"},"query-input":{"@type":"PropertyValueSpecification","valueRequired":true,"valueName":"search_term_string"}}],"inLanguage":"fr-FR"},{"@type":"Organization","@id":"https:\/\/blog.insieme.ch\/fr\/#organization","name":"insieme Blog","url":"https:\/\/blog.insieme.ch\/fr\/","logo":{"@type":"ImageObject","inLanguage":"fr-FR","@id":"https:\/\/blog.insieme.ch\/fr\/#\/schema\/logo\/image\/","url":"https:\/\/blog.insieme.ch\/wp-inside\/uploads\/2021\/04\/logo-insieme-blog.png","contentUrl":"https:\/\/blog.insieme.ch\/wp-inside\/uploads\/2021\/04\/logo-insieme-blog.png","width":280,"height":81,"caption":"insieme Blog"},"image":{"@id":"https:\/\/blog.insieme.ch\/fr\/#\/schema\/logo\/image\/"},"sameAs":["https:\/\/www.facebook.com\/insiemeSuisse\/","https:\/\/x.com\/insiemeSuisse"]},{"@type":"Person","@id":"https:\/\/blog.insieme.ch\/fr\/#\/schema\/person\/9bdc666aa1d449943ed3e91c3bc6ac50","name":"Susanne Schanda","image":{"@type":"ImageObject","inLanguage":"fr-FR","@id":"https:\/\/secure.gravatar.com\/avatar\/64193fc918460f85b6ec2e9ca238bd037ebbdc901ffd8e7e360e9b28cb18012a?s=96&d=mm&r=g","url":"https:\/\/secure.gravatar.com\/avatar\/64193fc918460f85b6ec2e9ca238bd037ebbdc901ffd8e7e360e9b28cb18012a?s=96&d=mm&r=g","contentUrl":"https:\/\/secure.gravatar.com\/avatar\/64193fc918460f85b6ec2e9ca238bd037ebbdc901ffd8e7e360e9b28cb18012a?s=96&d=mm&r=g","caption":"Susanne Schanda"},"description":"Communication insieme","url":"https:\/\/blog.insieme.ch\/fr\/author\/susanne-schanda\/"}]}},"featured_media_url":"https:\/\/blog.insieme.ch\/wp-inside\/uploads\/2021\/04\/blog_caa_unterstuetzte_kommunikation-1024x683.jpg","_links":{"self":[{"href":"https:\/\/blog.insieme.ch\/fr\/wp-json\/wp\/v2\/posts\/1668","targetHints":{"allow":["GET"]}}],"collection":[{"href":"https:\/\/blog.insieme.ch\/fr\/wp-json\/wp\/v2\/posts"}],"about":[{"href":"https:\/\/blog.insieme.ch\/fr\/wp-json\/wp\/v2\/types\/post"}],"author":[{"embeddable":true,"href":"https:\/\/blog.insieme.ch\/fr\/wp-json\/wp\/v2\/users\/4"}],"replies":[{"embeddable":true,"href":"https:\/\/blog.insieme.ch\/fr\/wp-json\/wp\/v2\/comments?post=1668"}],"version-history":[{"count":5,"href":"https:\/\/blog.insieme.ch\/fr\/wp-json\/wp\/v2\/posts\/1668\/revisions"}],"predecessor-version":[{"id":2018,"href":"https:\/\/blog.insieme.ch\/fr\/wp-json\/wp\/v2\/posts\/1668\/revisions\/2018"}],"wp:featuredmedia":[{"embeddable":true,"href":"https:\/\/blog.insieme.ch\/fr\/wp-json\/wp\/v2\/media\/1669"}],"wp:attachment":[{"href":"https:\/\/blog.insieme.ch\/fr\/wp-json\/wp\/v2\/media?parent=1668"}],"wp:term":[{"taxonomy":"category","embeddable":true,"href":"https:\/\/blog.insieme.ch\/fr\/wp-json\/wp\/v2\/categories?post=1668"},{"taxonomy":"post_tag","embeddable":true,"href":"https:\/\/blog.insieme.ch\/fr\/wp-json\/wp\/v2\/tags?post=1668"}],"curies":[{"name":"wp","href":"https:\/\/api.w.org\/{rel}","templated":true}]}}