{"id":1324,"date":"2021-03-29T12:25:59","date_gmt":"2021-03-29T10:25:59","guid":{"rendered":"https:\/\/blog.insieme.ch\/?p=1324"},"modified":"2021-04-08T12:38:48","modified_gmt":"2021-04-08T10:38:48","slug":"lesprit-dequipe-a-son-comble","status":"publish","type":"post","link":"https:\/\/blog.insieme.ch\/fr\/loisirs\/lesprit-dequipe-a-son-comble\/","title":{"rendered":"L\u2019esprit d\u2019\u00e9quipe \u00e0 son comble"},"content":{"rendered":"<p><!-- flzn:zn_pagebanner --><\/p>\n<header id=\"flzn-pagebanner-1\" class=\"zone zn-pagebanner is-alignfull with-bg bg-color is-bgc-yellow-light\"><span class=\"zone-bg bg-color bgc-yellow-light alignfull\"><\/span><\/p>\n<div class=\"zone-block zn-pagebanner-block alignfull va-center\"><\/div>\n<\/header>\n<p><!-- \/flzn:zn_pagebanner --><br \/>\n<!-- flzn:zn_text --><\/p>\n<div id=\"flzn-text-1\" class=\"zone zn-text is-alignwide\">\n<div class=\"zone-block zn-text-block alignwide va-top\">\n<div class=\"row mw-content-zone zn-text-row\">\n<div class=\"columns large-12\">\n<div class=\"row large-up-1 with-nice-alignment nbloc-1\">\n<div class=\"column zn-text-col\">\n<div class=\"column-inner\">\n<div class=\"wig-content mw-content\">\n<p><strong>Le rafroball, sport original invent\u00e9 en Suisse, offre plaisir et adr\u00e9naline \u00e0 tout un chacun. Il r\u00e9unit des joueurs avec et sans handicap et s\u2019adapte \u00e0 tous les niveaux de capacit\u00e9s. Reportage lors d\u2019une comp\u00e9tition nationale \u00e0 Marly (FR).<\/strong><\/p>\n<p>Une jeune femme blonde \u00e0 queue de cheval entre sur le terrain en chaise roulante. Sur ses genoux tr\u00f4ne une vache en peluche noir et blanc, mascotte de son \u00e9quipe. Le moment est critique pour les Fribourgeois de Rafro Vaches. Alors qu\u2019ils menaient 2 &#8211; 0, ils ont encaiss\u00e9 un but avant la mi-temps, puis un deuxi\u00e8me apr\u00e8s la reprise. Il faut r\u00e9agir. Soudain, l\u2019\u00e9quipe reprend l\u2019avantage gr\u00e2ce \u00e0 un petit gar\u00e7on \u00e0 lunettes qui marque un but spectaculaire. Explosion de joie parmi les joueurs et le public. Le tout jeune sportif fait un galop d\u2019honneur \u00e0 travers le terrain.<\/p>\n<div id=\"attachment_1325\" class=\"wp-caption alignnone\" style=\"width:100%;max-width:800px\"><img decoding=\"async\" loading=\"lazy\" class=\"size-800w wp-image-1325\" src=\"https:\/\/blog.insieme.ch\/wp-inside\/uploads\/2021\/03\/rafroball_equipe-800x533.jpg\" alt=\"Les membres de l\u2019\u00e9quipe des Rafro Vaches, se tiennent en cercle et tendent leurs mains vers le centre, se pr\u00e9parant \u00e0 pousser leur cri d\u2019\u00e9quipe.\" width=\"800\" height=\"533\" srcset=\"https:\/\/blog.insieme.ch\/wp-inside\/uploads\/2021\/03\/rafroball_equipe-800x533.jpg 800w, https:\/\/blog.insieme.ch\/wp-inside\/uploads\/2021\/03\/rafroball_equipe-300x200.jpg 300w, https:\/\/blog.insieme.ch\/wp-inside\/uploads\/2021\/03\/rafroball_equipe-1024x683.jpg 1024w, https:\/\/blog.insieme.ch\/wp-inside\/uploads\/2021\/03\/rafroball_equipe-768x512.jpg 768w, https:\/\/blog.insieme.ch\/wp-inside\/uploads\/2021\/03\/rafroball_equipe-1536x1024.jpg 1536w, https:\/\/blog.insieme.ch\/wp-inside\/uploads\/2021\/03\/rafroball_equipe-320x213.jpg 320w, https:\/\/blog.insieme.ch\/wp-inside\/uploads\/2021\/03\/rafroball_equipe.jpg 1920w\" sizes=\"auto, (max-width: 800px) 100vw, 800px\" \/><\/p>\n<p class=\"wp-caption-text\">Dans une partie de rafroball, chacun a un r\u00f4le \u00e0 jouer, adapt\u00e9 en fonction de ses possibilit\u00e9s. Photo&#160;&#160;: Cyril Zingaro<\/p>\n<\/div>\n<p>La sc\u00e8ne se d\u00e9roule lors de la premi\u00e8re journ\u00e9e du Championnat suisse de rafroball 2020, samedi 11 janvier. Avec ou sans handicap, tout le monde peut participer \u00e0 ce sport. Une bande de copains valaisans l\u2019a invent\u00e9 il y a une grosse vingtaine d\u2019ann\u00e9es en combinant des \u00e9l\u00e9ments du handball, du basket et du foot. Son nom est form\u00e9 des premi\u00e8res syllabes de leurs patronymes&#160;&#160;: Thierry Rapillaz, Lionel et Jonas Frossard et Prince Ballestraz. Son r\u00e8glement permet une grande adaptabilit\u00e9 en fonction des capacit\u00e9s de chacun. Un joueur avec handicap peut fonctionner en duo avec un \u00ab&#160;&#160;moteur&#160;&#160;\u00bb&#160;&#160;: un partenaire qui l\u2019aide \u00e0 se d\u00e9placer, \u00e0 r\u00e9cup\u00e9rer la balle, ou \u00e0 s\u2019orienter sur le terrain. Un joueur sans handicap peut \u00e9galement participer en solo, mais seulement en s\u2019asseyant dans une chaise roulante. Quant aux buts, leurs dimensions sont toujours modul\u00e9es selon la taille et les caract\u00e9ristiques du gardien. Les \u00e9quipes m\u00e9langent aussi hommes et femmes, enfants et adultes. C\u2019est sportivement tr\u00e8s intense, mais tr\u00e8s fair-play.<\/p>\n<h2>Joie, suspense et pers\u00e9v\u00e9rance<\/h2>\n<p>L\u2019implication et le plaisir impr\u00e8gnent l\u2019atmosph\u00e8re. Comme chez la Fribourgeoise Am\u00e9lie Broch, 14 ans, qui rayonne de joie dans sa chaise roulante&#160;&#160;: que ses passes aboutissent ou non, elle arbore \u00e0 tout instant un sourire jusqu\u2019aux oreilles. Le gardien adverse a lui aussi une expressivit\u00e9 remarquable. Au-del\u00e0 de son trouble du langage, son regard et ses gestes disent tout&#160;&#160;: que ce soit son poing vainqueur apr\u00e8s avoir contr\u00e9 un tir ou son haussement d\u2019\u00e9paules d\u00e9confit adress\u00e9 au public apr\u00e8s avoir pris un but. Il y a des moments hors du temps, au suspense tout particulier&#160;&#160;: ainsi quand un joueur avec polyhandicap s\u2019appr\u00eate \u00e0 tenter une passe, et que tout le monde semble en apesanteur, dans l\u2019attente de voir s\u2019il r\u00e9ussira. Il y a mille victoires \u00e0 l\u2019int\u00e9rieur d\u2019un seul match. Chacun a un r\u00f4le \u00e0 jouer, que ce soit en levant les bras pour g\u00eaner la vis\u00e9e d\u2019un tireur, ou simplement en se pla\u00e7ant judicieusement. Par exemple, l\u2019une des personnes en chaise roulante ne parvient gu\u00e8re \u00e0 lancer la balle en l\u2019air, mais elle la fait laisser glisser au sol dans la direction voulue&#160;&#160;; et elle se distingue par son sang-froid et son excellente vision du jeu.<\/p>\n<\/p><\/div>\n<\/p><\/div>\n<\/p><\/div>\n<\/p><\/div>\n<\/p><\/div>\n<\/p><\/div>\n<\/div>\n<\/div>\n<p><!-- \/flzn:zn_text --><br \/>\n<!-- flzn:zn_quote --><\/p>\n<div id=\"flzn-quote-1\" class=\"zone zn-quote is-alignsimple\">\n<div class=\"zone-block zn-quote-block alignsimple va-top\">\n<div class=\"row mw-content-zone\">\n<div class=\"large-12 columns\">\n<div class=\"quotebox with-img\">\n<div class=\"quotebox-inner\">\n<figure class=\"quotebox-img\">\n\t\t\t\t\t\t\t<img decoding=\"async\" src=\"https:\/\/blog.insieme.ch\/wp-inside\/uploads\/2021\/03\/rafroball_joueuse-150x150.jpg\" alt=\"Am\u00e9lie Broch se pr\u00e9pare \u00e0 lancer la balle, assise dans un fauteuil roulant.\" \/><br \/>\n\t\t\t\t\t\t<\/figure>\n<blockquote class=\"quotebox-content\">\n<div class=\"quotebox-content-inner\">\n<p class=\"quotebox-desc\">\u00ab&#160;&#160;Mon \u00e9quipe, je l\u2019adore, c\u2019est ma deuxi\u00e8me famille. On s\u2019entra\u00eene tous les jeudis de 17h30 \u00e0 19h.&#160;&#160;\u00bb<\/p>\n<p>\t\t\t\t\t\t\t\t\t\t\t\t\t\t<cite class=\"quotebox-author\"><br \/>\n\t\t\t\t\t\t\t\t<span class=\"quotebox-name\">Am\u00e9lie Broch<\/span>, \t\t\t\t\t\t\t\t<span class=\"quotebox-nameinfos\">joueuse de rafroball<\/span>\t\t\t\t\t\t\t<\/cite>\n\t\t\t\t\t\t\t\t\t\t\t\t\t<\/div>\n<\/blockquote><\/div>\n<\/p><\/div>\n<\/p><\/div>\n<\/p><\/div>\n<\/div>\n<\/div>\n<p><!-- \/flzn:zn_quote --><br \/>\n<!-- flzn:zn_text --><\/p>\n<div id=\"flzn-text-2\" class=\"zone zn-text is-alignwide\">\n<div class=\"zone-block zn-text-block alignwide va-top\">\n<div class=\"row mw-content-zone zn-text-row\">\n<div class=\"columns large-12\">\n<div class=\"row large-up-1 with-nice-alignment nbloc-1\">\n<div class=\"column zn-text-col\">\n<div class=\"column-inner\">\n<div class=\"wig-content mw-content\">\n<p>Les verts montent en attaque. Les blancs de Rafro Vaches agitent leurs mains en l\u2019air d\u00e9fensivement. Un joueur en chaise roulante s\u2019appr\u00eate \u00e0 passer la balle \u00e0 un co\u00e9quipier \u00e9galement en chaise. Il y a beaucoup de monde autour d\u2019eux. Leurs \u00ab&#160;&#160;moteurs&#160;&#160;\u00bb respectifs se rapprochent l\u2019un de l\u2019autre, formant un barrage qui prot\u00e8ge la passe r\u00e9alis\u00e9e par leurs camarades. Mais la balle tombe \u00e0 terre. Le moteur du destinataire se penche pour la ramasser. On craint qu\u2019il se fasse rouler sur la main ou sur le pied. Mais il se redresse promptement et d\u00e9pose la balle dans la main de son partenaire. Tout au long du match, on voit des moteurs ramasser les balles au sol maintes et maintes fois, inlassablement. La pers\u00e9v\u00e9rance et l\u2019esprit d\u2019\u00e9quipe \u00e0 leur paroxysme&#160;&#160;! Mais il arrive aussi que le partenaire avec handicap g\u00e8re tr\u00e8s bien les passes seul \u2013 son moteur se contente alors de l\u2019aider pour les d\u00e9placements. On admire la vitesse et la pr\u00e9cision avec lesquelles certains sportifs pilotent les chaises roulantes de leurs coll\u00e8gues.<\/p>\n<\/p><\/div>\n<\/p><\/div>\n<\/p><\/div>\n<\/p><\/div>\n<\/p><\/div>\n<\/p><\/div>\n<\/div>\n<\/div>\n<p><!-- \/flzn:zn_text --><br \/>\n<!-- flzn:zn_text_img --><\/p>\n<div id=\"flzn-textimg-1\" class=\"zone zn-textimg is-alignwide\">\n<div class=\"zone-block zn-textimg-block pdd-top pdd-bottom alignwide va-center\">\n<div class=\"row\">\n<div class=\"columns large-12\">\n<div class=\"row with-nice-alignment zn-textimg-row va-center\" data-equalizer data-equalize-on=\"large\">\n<div class=\"columns large-6 zn-textimg-colimg\" data-equalizer-watch>\n<div class=\"columns-inner zn-textimg-col-inner\">\n<div class=\"zn-textimg-imgs\">\n<div class=\"zn-textimg-imgbox\" title=\"La Fribourgeoise Am\u00e9lie Broch, 14 ans, a enfin trouv\u00e9 un sport qui lui pla\u00eet. Photo: Cyril Zingaro.\">\n<figure class=\"zn-textimg-figure\">\n\t\t\t\t\t\t\t\t\t<img decoding=\"async\" class=\"zn-textimg-img\" src=\"https:\/\/blog.insieme.ch\/wp-inside\/uploads\/2021\/03\/rafroball_joueuse-800x530.jpg\" alt=\"Am\u00e9lie Broch se pr\u00e9pare \u00e0 lancer la balle, assise dans un fauteuil roulant.\"\/><figcaption class=\"zn-textimg-caption show-for-sr\">La Fribourgeoise Am\u00e9lie Broch, 14 ans, a enfin trouv\u00e9 un sport qui lui pla\u00eet. Photo&#160;: Cyril Zingaro.<\/figcaption><\/figure>\n<\/p><\/div>\n<\/p><\/div>\n<\/p><\/div>\n<\/p><\/div>\n<div class=\"columns large-6 zn-textimg-coldesc\" data-equalizer-watch>\n<div class=\"columns-inner zn-textimg-descbox\">\n<div class=\"zn-textimg-desc wig-content\">\n<h2>\u00ab&#160;&#160;J\u2019adore la comp\u00e9tition&#160;&#160;!&#160;&#160;\u00bb<\/h2>\n<p>Temps mort demand\u00e9 par les adversaires de Rafro Vaches peu avant la fin de la partie. Le coach des Fribourgeois, tr\u00e8s pro, drille ses joueurs qui m\u00e8nent 4 &#8211; 3&#160;&#160;: \u00ab&#160;&#160;C\u2019est la derni\u00e8re ligne droite. Calmez le jeu. Tirez seulement si la situation est parfaite. On ne perd pas le ballon. Pas de passes longues.&#160;&#160;\u00bb Ses conseils ont \u00e9t\u00e9 entendus. Au coup de sifflet final, les blancs sont victorieux. Apr\u00e8s le d\u00e9briefing, c\u2019est l\u2019heure d\u2019aller manger avant le match suivant. On saisit au vol deux membres de Rafro Vaches pour recueillir leurs impressions. La radieuse Am\u00e9lie Broch ne se fait pas prier. \u00ab&#160;&#160;Demain, \u00e7a fera une ann\u00e9e que je fais du rafroball. J\u2019ai longtemps cherch\u00e9 un sport qui me plaise. Maintenant je l\u2019ai trouv\u00e9 et, du coup, j\u2019en parle \u00e0 tout le monde&#160;&#160;!&#160;&#160;\u00bb, rigole-t-elle. \u00ab&#160;&#160;Mon \u00e9quipe, je l\u2019adore, c\u2019est ma deuxi\u00e8me famille. On s\u2019entra\u00eene tous les jeudis de 17h30 \u00e0 19h.&#160;&#160;\u00bb L\u2019adolescente joue parfois en attaque ou parfois en \u00ab&#160;&#160;espaceur&#160;&#160;\u00bb, dont le r\u00f4le est de cr\u00e9er des couloirs pour les tireurs. \u00ab&#160;&#160;La comp\u00e9tition, j\u2019adore \u00e7a&#160;&#160;!&#160;&#160;\u00bb, jubile-t-elle. Son camarade Aliosha Lyebyedyev, 25 ans, est gardien. Il pr\u00e9cise qu\u2019il a un handicap peu visible&#160;&#160;: IMC (infirmit\u00e9 motrice c\u00e9r\u00e9brale). Ses muscles peuvent parfois l\u00e2cher. \u00ab&#160;&#160;Pendant le match, vous avez vu&#160;&#160;? Des fois, je devais baisser les bras.&#160;&#160;\u00bb Il doit donc doser ses efforts. \u00ab&#160;&#160;Depuis gamin, on me disait \u2039Fais un sport, fais un sport&#160;&#160;!\u203a. Mais le foot, apr\u00e8s dix minutes je suis mort. C\u2019est une de mes anciennes physios qui m\u2019a parl\u00e9 du rafroball. Je me suis dit&#160;&#160;: \u2039Je fais quelques entra\u00eenements pour pas qu\u2019elle me casse les pieds.\u203a Apr\u00e8s cinq s\u00e9ances, j\u2019ai d\u00e9cid\u00e9 de rester. Dix ans plus tard, j\u2019y suis toujours&#160;&#160;\u00bb, sourit-il. \u00ab&#160;&#160;Au d\u00e9but, je n\u2019aurais jamais pens\u00e9 aller si loin. Ce sport donne de la confiance en soi.&#160;&#160;\u00bb<\/p>\n<\/div><\/div>\n<\/p><\/div>\n<\/p><\/div>\n<\/p><\/div>\n<\/p><\/div>\n<\/div>\n<\/div>\n<p><!-- \/flzn:zn_text_img --><br \/>\n<!-- flzn:zn_text_img --><\/p>\n<div id=\"flzn-textimg-2\" class=\"zone zn-textimg is-alignwide\">\n<div class=\"zone-block zn-textimg-block alignwide va-center\">\n<div class=\"row\">\n<div class=\"columns large-12\">\n<div class=\"row with-nice-alignment zn-textimg-row va-center\" data-equalizer data-equalize-on=\"large\">\n<div class=\"columns large-6 large-push-6 zn-textimg-colimg\" data-equalizer-watch>\n<div class=\"columns-inner zn-textimg-col-inner\">\n<div class=\"zn-textimg-imgs\">\n<div class=\"zn-textimg-imgbox\" title=\"Puissance et pr\u00e9cision impressionnantes dans la cat\u00e9gorie Sport. Photo: Cyril Zingaro.\">\n<figure class=\"zn-textimg-figure\">\n\t\t\t\t\t\t\t\t\t<img decoding=\"async\" class=\"zn-textimg-img\" src=\"https:\/\/blog.insieme.ch\/wp-inside\/uploads\/2021\/03\/rafroball_suisse_alemanique-800x530.jpg\" alt=\"Un joueur de rafroball, le ballon en main, avance entre deux joueurs adverses qui s\u2019efforcent de le contrer. L\u2019un est debout et l\u2019autre assis dans un fauteuil roulant.\"\/><figcaption class=\"zn-textimg-caption show-for-sr\">Puissance et pr\u00e9cision impressionnantes dans la cat\u00e9gorie Sport. Photo&#160;: Cyril Zingaro.<\/figcaption><\/figure>\n<\/p><\/div>\n<\/p><\/div>\n<\/p><\/div>\n<\/p><\/div>\n<div class=\"columns large-6 large-pull-6 zn-textimg-coldesc\" data-equalizer-watch>\n<div class=\"columns-inner zn-textimg-descbox\">\n<div class=\"zn-textimg-desc wig-content\">\n<h2>La Suisse al\u00e9manique s\u2019y met<\/h2>\n<p>Treize \u00e9quipes sont en lice dont sept dans cette cat\u00e9gorie Fun, et six dans la cat\u00e9gorie Sport qui se joue de l\u2019autre c\u00f4t\u00e9 de la salle. L\u00e0, ce sont surtout des adultes. Le fair-play est aussi pr\u00e9sent, mais l\u2019atmosph\u00e8re est nettement plus comp\u00e9titive et le niveau de jeu est \u00e9lev\u00e9. La concentration est intense, les joueurs se placent strat\u00e9giquement, leurs tirs sont puissants et pr\u00e9cis. Les Soleurois, en rouge et blanc, sont arriv\u00e9s r\u00e9cemment dans le championnat et sont tr\u00e8s vite mont\u00e9s dans la cat\u00e9gorie sup\u00e9rieure. C\u2019est l\u2019une des deux seules \u00e9quipes de Suisse al\u00e9manique pour le moment, avec celle de Berne. Cette derni\u00e8re a \u00e9t\u00e9 cr\u00e9\u00e9e il y a quelques ann\u00e9es par des anciens de Rafro Vaches, \u00e9quipe bilingue qui a ainsi jou\u00e9 un r\u00f4le de pont. Les fans du rafroball esp\u00e8rent voir ce sport se d\u00e9velopper aussi outre-Sarine.<\/p>\n<p>&nbsp;<\/p>\n<p><em>Cet article est paru dans le magazine insieme de mars 2020.<\/em><\/p>\n<\/div><\/div>\n<\/p><\/div>\n<\/p><\/div>\n<\/p><\/div>\n<\/p><\/div>\n<\/div>\n<\/div>\n<p><!-- \/flzn:zn_text_img --><br \/>\n<!-- flzn:zn_taglist --><\/p>\n<div id=\"flzn-taglist-1\" class=\"zone zn-taglist is-alignwide\">\n<div class=\"zone-block zn-taglist-block alignwide va-top\">\n<div class=\"zone zn-taglist\">\n<div class=\"zone-block zn-taglist-block no-pdd-bottom alignfull\">\n<div class=\"row mw-1280\">\n<div class=\"columns large-12\">\n<div class=\"taglist-wrapper\">\n<div class=\"tag-list-content\">\n<div class=\"tag-item\"><a href=\"https:\/\/blog.insieme.ch\/fr\/tag\/amitie\/\" rel=\"tag\">Amiti\u00e9<\/a><\/div>\n<div class=\"tag-item\"><a href=\"https:\/\/blog.insieme.ch\/fr\/tag\/plaisir\/\" rel=\"tag\">Plaisir<\/a><\/div>\n<div class=\"tag-item\"><a href=\"https:\/\/blog.insieme.ch\/fr\/tag\/sport-fr\/\" rel=\"tag\">Sport-fr<\/a><\/div>\n<\/div>\n<\/div><\/div>\n<\/p><\/div>\n<\/p><\/div>\n<\/p><\/div>\n<\/div>\n<\/div>\n<p><!-- \/flzn:zn_taglist --><\/p>\n","protected":false},"excerpt":{"rendered":"<p>Le rafroball, sport original invent\u00e9 en Suisse, offre plaisir et adr\u00e9naline \u00e0 tout un chacun. Il r\u00e9unit des joueurs avec et sans handicap et s\u2019adapte \u00e0 tous les niveaux de [&hellip;]<\/p>\n","protected":false},"author":5,"featured_media":1325,"comment_status":"open","ping_status":"open","sticky":false,"template":"","format":"standard","meta":{"_acf_changed":false,"footnotes":""},"categories":[23],"tags":[50,49,48],"class_list":["post-1324","post","type-post","status-publish","format-standard","has-post-thumbnail","hentry","category-loisirs","tag-amitie","tag-plaisir","tag-sport-fr","wp-sticky"],"acf":[],"yoast_head":"<!-- This site is optimized with the Yoast SEO plugin v27.5 - https:\/\/yoast.com\/product\/yoast-seo-wordpress\/ -->\n<title>L\u2019esprit d\u2019\u00e9quipe \u00e0 son comble<\/title>\n<meta name=\"robots\" content=\"index, follow, max-snippet:-1, max-image-preview:large, max-video-preview:-1\" \/>\n<link rel=\"canonical\" href=\"https:\/\/blog.insieme.ch\/fr\/loisirs\/lesprit-dequipe-a-son-comble\/\" \/>\n<meta property=\"og:locale\" content=\"fr_FR\" \/>\n<meta property=\"og:type\" content=\"article\" \/>\n<meta property=\"og:title\" content=\"L\u2019esprit d\u2019\u00e9quipe \u00e0 son comble\" \/>\n<meta property=\"og:description\" content=\"Le rafroball, sport original invent\u00e9 en Suisse, offre plaisir et adr\u00e9naline \u00e0 tout un chacun. Il r\u00e9unit des joueurs avec et sans handicap et s\u2019adapte \u00e0 tous les niveaux de [&hellip;]\" \/>\n<meta property=\"og:url\" content=\"https:\/\/blog.insieme.ch\/fr\/loisirs\/lesprit-dequipe-a-son-comble\/\" \/>\n<meta property=\"og:site_name\" content=\"insieme Blog\" \/>\n<meta property=\"article:publisher\" content=\"https:\/\/www.facebook.com\/insiemeSuisse\/\" \/>\n<meta property=\"article:published_time\" content=\"2021-03-29T10:25:59+00:00\" \/>\n<meta property=\"article:modified_time\" content=\"2021-04-08T10:38:48+00:00\" \/>\n<meta property=\"og:image\" content=\"https:\/\/blog.insieme.ch\/wp-inside\/uploads\/2021\/03\/rafroball_equipe.jpg\" \/>\n\t<meta property=\"og:image:width\" content=\"1920\" \/>\n\t<meta property=\"og:image:height\" content=\"1280\" \/>\n\t<meta property=\"og:image:type\" content=\"image\/jpeg\" \/>\n<meta name=\"author\" content=\"Martine Salomon\" \/>\n<meta name=\"twitter:card\" content=\"summary_large_image\" \/>\n<meta name=\"twitter:creator\" content=\"@insiemeSuisse\" \/>\n<meta name=\"twitter:site\" content=\"@insiemeSuisse\" \/>\n<meta name=\"twitter:label1\" content=\"\u00c9crit par\" \/>\n\t<meta name=\"twitter:data1\" content=\"Martine Salomon\" \/>\n\t<meta name=\"twitter:label2\" content=\"Dur\u00e9e de lecture estim\u00e9e\" \/>\n\t<meta name=\"twitter:data2\" content=\"7 minutes\" \/>\n<script type=\"application\/ld+json\" class=\"yoast-schema-graph\">{\"@context\":\"https:\\\/\\\/schema.org\",\"@graph\":[{\"@type\":\"Article\",\"@id\":\"https:\\\/\\\/blog.insieme.ch\\\/fr\\\/loisirs\\\/lesprit-dequipe-a-son-comble\\\/#article\",\"isPartOf\":{\"@id\":\"https:\\\/\\\/blog.insieme.ch\\\/fr\\\/loisirs\\\/lesprit-dequipe-a-son-comble\\\/\"},\"author\":{\"name\":\"Martine Salomon\",\"@id\":\"https:\\\/\\\/blog.insieme.ch\\\/fr\\\/#\\\/schema\\\/person\\\/b16bccbba67f6bc661ea83f6f0975b8b\"},\"headline\":\"L\u2019esprit d\u2019\u00e9quipe \u00e0 son comble\",\"datePublished\":\"2021-03-29T10:25:59+00:00\",\"dateModified\":\"2021-04-08T10:38:48+00:00\",\"mainEntityOfPage\":{\"@id\":\"https:\\\/\\\/blog.insieme.ch\\\/fr\\\/loisirs\\\/lesprit-dequipe-a-son-comble\\\/\"},\"wordCount\":1349,\"commentCount\":0,\"publisher\":{\"@id\":\"https:\\\/\\\/blog.insieme.ch\\\/fr\\\/#organization\"},\"image\":{\"@id\":\"https:\\\/\\\/blog.insieme.ch\\\/fr\\\/loisirs\\\/lesprit-dequipe-a-son-comble\\\/#primaryimage\"},\"thumbnailUrl\":\"https:\\\/\\\/blog.insieme.ch\\\/wp-inside\\\/uploads\\\/2021\\\/03\\\/rafroball_equipe.jpg\",\"keywords\":[\"Amiti\u00e9\",\"Plaisir\",\"Sport-fr\"],\"articleSection\":[\"Loisirs\"],\"inLanguage\":\"fr-FR\",\"potentialAction\":[{\"@type\":\"CommentAction\",\"name\":\"Comment\",\"target\":[\"https:\\\/\\\/blog.insieme.ch\\\/fr\\\/loisirs\\\/lesprit-dequipe-a-son-comble\\\/#respond\"]}]},{\"@type\":\"WebPage\",\"@id\":\"https:\\\/\\\/blog.insieme.ch\\\/fr\\\/loisirs\\\/lesprit-dequipe-a-son-comble\\\/\",\"url\":\"https:\\\/\\\/blog.insieme.ch\\\/fr\\\/loisirs\\\/lesprit-dequipe-a-son-comble\\\/\",\"name\":\"L\u2019esprit d\u2019\u00e9quipe \u00e0 son comble\",\"isPartOf\":{\"@id\":\"https:\\\/\\\/blog.insieme.ch\\\/fr\\\/#website\"},\"primaryImageOfPage\":{\"@id\":\"https:\\\/\\\/blog.insieme.ch\\\/fr\\\/loisirs\\\/lesprit-dequipe-a-son-comble\\\/#primaryimage\"},\"image\":{\"@id\":\"https:\\\/\\\/blog.insieme.ch\\\/fr\\\/loisirs\\\/lesprit-dequipe-a-son-comble\\\/#primaryimage\"},\"thumbnailUrl\":\"https:\\\/\\\/blog.insieme.ch\\\/wp-inside\\\/uploads\\\/2021\\\/03\\\/rafroball_equipe.jpg\",\"datePublished\":\"2021-03-29T10:25:59+00:00\",\"dateModified\":\"2021-04-08T10:38:48+00:00\",\"breadcrumb\":{\"@id\":\"https:\\\/\\\/blog.insieme.ch\\\/fr\\\/loisirs\\\/lesprit-dequipe-a-son-comble\\\/#breadcrumb\"},\"inLanguage\":\"fr-FR\",\"potentialAction\":[{\"@type\":\"ReadAction\",\"target\":[\"https:\\\/\\\/blog.insieme.ch\\\/fr\\\/loisirs\\\/lesprit-dequipe-a-son-comble\\\/\"]}]},{\"@type\":\"ImageObject\",\"inLanguage\":\"fr-FR\",\"@id\":\"https:\\\/\\\/blog.insieme.ch\\\/fr\\\/loisirs\\\/lesprit-dequipe-a-son-comble\\\/#primaryimage\",\"url\":\"https:\\\/\\\/blog.insieme.ch\\\/wp-inside\\\/uploads\\\/2021\\\/03\\\/rafroball_equipe.jpg\",\"contentUrl\":\"https:\\\/\\\/blog.insieme.ch\\\/wp-inside\\\/uploads\\\/2021\\\/03\\\/rafroball_equipe.jpg\",\"width\":1920,\"height\":1280,\"caption\":\"Dans une partie de rafroball, chacun a un r\u00f4le \u00e0 jouer, adapt\u00e9 en fonction de ses possibilit\u00e9s. Photo: Cyril Zingaro\"},{\"@type\":\"BreadcrumbList\",\"@id\":\"https:\\\/\\\/blog.insieme.ch\\\/fr\\\/loisirs\\\/lesprit-dequipe-a-son-comble\\\/#breadcrumb\",\"itemListElement\":[{\"@type\":\"ListItem\",\"position\":1,\"name\":\"Accueil\",\"item\":\"https:\\\/\\\/blog.insieme.ch\\\/fr\\\/\"},{\"@type\":\"ListItem\",\"position\":2,\"name\":\"Loisirs\",\"item\":\"https:\\\/\\\/blog.insieme.ch\\\/fr\\\/loisirs\\\/\"},{\"@type\":\"ListItem\",\"position\":3,\"name\":\"L\u2019esprit d\u2019\u00e9quipe \u00e0 son comble\"}]},{\"@type\":\"WebSite\",\"@id\":\"https:\\\/\\\/blog.insieme.ch\\\/fr\\\/#website\",\"url\":\"https:\\\/\\\/blog.insieme.ch\\\/fr\\\/\",\"name\":\"insieme Blog\",\"description\":\"Alles ausser gew\u00f6hnlich\",\"publisher\":{\"@id\":\"https:\\\/\\\/blog.insieme.ch\\\/fr\\\/#organization\"},\"potentialAction\":[{\"@type\":\"SearchAction\",\"target\":{\"@type\":\"EntryPoint\",\"urlTemplate\":\"https:\\\/\\\/blog.insieme.ch\\\/fr\\\/?s={search_term_string}\"},\"query-input\":{\"@type\":\"PropertyValueSpecification\",\"valueRequired\":true,\"valueName\":\"search_term_string\"}}],\"inLanguage\":\"fr-FR\"},{\"@type\":\"Organization\",\"@id\":\"https:\\\/\\\/blog.insieme.ch\\\/fr\\\/#organization\",\"name\":\"insieme Blog\",\"url\":\"https:\\\/\\\/blog.insieme.ch\\\/fr\\\/\",\"logo\":{\"@type\":\"ImageObject\",\"inLanguage\":\"fr-FR\",\"@id\":\"https:\\\/\\\/blog.insieme.ch\\\/fr\\\/#\\\/schema\\\/logo\\\/image\\\/\",\"url\":\"https:\\\/\\\/blog.insieme.ch\\\/wp-inside\\\/uploads\\\/2021\\\/04\\\/logo-insieme-blog.png\",\"contentUrl\":\"https:\\\/\\\/blog.insieme.ch\\\/wp-inside\\\/uploads\\\/2021\\\/04\\\/logo-insieme-blog.png\",\"width\":280,\"height\":81,\"caption\":\"insieme Blog\"},\"image\":{\"@id\":\"https:\\\/\\\/blog.insieme.ch\\\/fr\\\/#\\\/schema\\\/logo\\\/image\\\/\"},\"sameAs\":[\"https:\\\/\\\/www.facebook.com\\\/insiemeSuisse\\\/\",\"https:\\\/\\\/x.com\\\/insiemeSuisse\"]},{\"@type\":\"Person\",\"@id\":\"https:\\\/\\\/blog.insieme.ch\\\/fr\\\/#\\\/schema\\\/person\\\/b16bccbba67f6bc661ea83f6f0975b8b\",\"name\":\"Martine Salomon\",\"image\":{\"@type\":\"ImageObject\",\"inLanguage\":\"fr-FR\",\"@id\":\"https:\\\/\\\/secure.gravatar.com\\\/avatar\\\/b7fcf7ee95edb0d5fecbf98c1b5e6b39f7b6416a11971e8a25201ee111d7cd02?s=96&d=mm&r=g\",\"url\":\"https:\\\/\\\/secure.gravatar.com\\\/avatar\\\/b7fcf7ee95edb0d5fecbf98c1b5e6b39f7b6416a11971e8a25201ee111d7cd02?s=96&d=mm&r=g\",\"contentUrl\":\"https:\\\/\\\/secure.gravatar.com\\\/avatar\\\/b7fcf7ee95edb0d5fecbf98c1b5e6b39f7b6416a11971e8a25201ee111d7cd02?s=96&d=mm&r=g\",\"caption\":\"Martine Salomon\"},\"description\":\"Journaliste insieme\",\"url\":\"https:\\\/\\\/blog.insieme.ch\\\/fr\\\/author\\\/martine-salomon\\\/\"}]}<\/script>\n<!-- \/ Yoast SEO plugin. -->","yoast_head_json":{"title":"L\u2019esprit d\u2019\u00e9quipe \u00e0 son comble","robots":{"index":"index","follow":"follow","max-snippet":"max-snippet:-1","max-image-preview":"max-image-preview:large","max-video-preview":"max-video-preview:-1"},"canonical":"https:\/\/blog.insieme.ch\/fr\/loisirs\/lesprit-dequipe-a-son-comble\/","og_locale":"fr_FR","og_type":"article","og_title":"L\u2019esprit d\u2019\u00e9quipe \u00e0 son comble","og_description":"Le rafroball, sport original invent\u00e9 en Suisse, offre plaisir et adr\u00e9naline \u00e0 tout un chacun. Il r\u00e9unit des joueurs avec et sans handicap et s\u2019adapte \u00e0 tous les niveaux de [&hellip;]","og_url":"https:\/\/blog.insieme.ch\/fr\/loisirs\/lesprit-dequipe-a-son-comble\/","og_site_name":"insieme Blog","article_publisher":"https:\/\/www.facebook.com\/insiemeSuisse\/","article_published_time":"2021-03-29T10:25:59+00:00","article_modified_time":"2021-04-08T10:38:48+00:00","og_image":[{"width":1920,"height":1280,"url":"https:\/\/blog.insieme.ch\/wp-inside\/uploads\/2021\/03\/rafroball_equipe.jpg","type":"image\/jpeg"}],"author":"Martine Salomon","twitter_card":"summary_large_image","twitter_creator":"@insiemeSuisse","twitter_site":"@insiemeSuisse","twitter_misc":{"\u00c9crit par":"Martine Salomon","Dur\u00e9e de lecture estim\u00e9e":"7 minutes"},"schema":{"@context":"https:\/\/schema.org","@graph":[{"@type":"Article","@id":"https:\/\/blog.insieme.ch\/fr\/loisirs\/lesprit-dequipe-a-son-comble\/#article","isPartOf":{"@id":"https:\/\/blog.insieme.ch\/fr\/loisirs\/lesprit-dequipe-a-son-comble\/"},"author":{"name":"Martine Salomon","@id":"https:\/\/blog.insieme.ch\/fr\/#\/schema\/person\/b16bccbba67f6bc661ea83f6f0975b8b"},"headline":"L\u2019esprit d\u2019\u00e9quipe \u00e0 son comble","datePublished":"2021-03-29T10:25:59+00:00","dateModified":"2021-04-08T10:38:48+00:00","mainEntityOfPage":{"@id":"https:\/\/blog.insieme.ch\/fr\/loisirs\/lesprit-dequipe-a-son-comble\/"},"wordCount":1349,"commentCount":0,"publisher":{"@id":"https:\/\/blog.insieme.ch\/fr\/#organization"},"image":{"@id":"https:\/\/blog.insieme.ch\/fr\/loisirs\/lesprit-dequipe-a-son-comble\/#primaryimage"},"thumbnailUrl":"https:\/\/blog.insieme.ch\/wp-inside\/uploads\/2021\/03\/rafroball_equipe.jpg","keywords":["Amiti\u00e9","Plaisir","Sport-fr"],"articleSection":["Loisirs"],"inLanguage":"fr-FR","potentialAction":[{"@type":"CommentAction","name":"Comment","target":["https:\/\/blog.insieme.ch\/fr\/loisirs\/lesprit-dequipe-a-son-comble\/#respond"]}]},{"@type":"WebPage","@id":"https:\/\/blog.insieme.ch\/fr\/loisirs\/lesprit-dequipe-a-son-comble\/","url":"https:\/\/blog.insieme.ch\/fr\/loisirs\/lesprit-dequipe-a-son-comble\/","name":"L\u2019esprit d\u2019\u00e9quipe \u00e0 son comble","isPartOf":{"@id":"https:\/\/blog.insieme.ch\/fr\/#website"},"primaryImageOfPage":{"@id":"https:\/\/blog.insieme.ch\/fr\/loisirs\/lesprit-dequipe-a-son-comble\/#primaryimage"},"image":{"@id":"https:\/\/blog.insieme.ch\/fr\/loisirs\/lesprit-dequipe-a-son-comble\/#primaryimage"},"thumbnailUrl":"https:\/\/blog.insieme.ch\/wp-inside\/uploads\/2021\/03\/rafroball_equipe.jpg","datePublished":"2021-03-29T10:25:59+00:00","dateModified":"2021-04-08T10:38:48+00:00","breadcrumb":{"@id":"https:\/\/blog.insieme.ch\/fr\/loisirs\/lesprit-dequipe-a-son-comble\/#breadcrumb"},"inLanguage":"fr-FR","potentialAction":[{"@type":"ReadAction","target":["https:\/\/blog.insieme.ch\/fr\/loisirs\/lesprit-dequipe-a-son-comble\/"]}]},{"@type":"ImageObject","inLanguage":"fr-FR","@id":"https:\/\/blog.insieme.ch\/fr\/loisirs\/lesprit-dequipe-a-son-comble\/#primaryimage","url":"https:\/\/blog.insieme.ch\/wp-inside\/uploads\/2021\/03\/rafroball_equipe.jpg","contentUrl":"https:\/\/blog.insieme.ch\/wp-inside\/uploads\/2021\/03\/rafroball_equipe.jpg","width":1920,"height":1280,"caption":"Dans une partie de rafroball, chacun a un r\u00f4le \u00e0 jouer, adapt\u00e9 en fonction de ses possibilit\u00e9s. Photo: Cyril Zingaro"},{"@type":"BreadcrumbList","@id":"https:\/\/blog.insieme.ch\/fr\/loisirs\/lesprit-dequipe-a-son-comble\/#breadcrumb","itemListElement":[{"@type":"ListItem","position":1,"name":"Accueil","item":"https:\/\/blog.insieme.ch\/fr\/"},{"@type":"ListItem","position":2,"name":"Loisirs","item":"https:\/\/blog.insieme.ch\/fr\/loisirs\/"},{"@type":"ListItem","position":3,"name":"L\u2019esprit d\u2019\u00e9quipe \u00e0 son comble"}]},{"@type":"WebSite","@id":"https:\/\/blog.insieme.ch\/fr\/#website","url":"https:\/\/blog.insieme.ch\/fr\/","name":"insieme Blog","description":"Alles ausser gew\u00f6hnlich","publisher":{"@id":"https:\/\/blog.insieme.ch\/fr\/#organization"},"potentialAction":[{"@type":"SearchAction","target":{"@type":"EntryPoint","urlTemplate":"https:\/\/blog.insieme.ch\/fr\/?s={search_term_string}"},"query-input":{"@type":"PropertyValueSpecification","valueRequired":true,"valueName":"search_term_string"}}],"inLanguage":"fr-FR"},{"@type":"Organization","@id":"https:\/\/blog.insieme.ch\/fr\/#organization","name":"insieme Blog","url":"https:\/\/blog.insieme.ch\/fr\/","logo":{"@type":"ImageObject","inLanguage":"fr-FR","@id":"https:\/\/blog.insieme.ch\/fr\/#\/schema\/logo\/image\/","url":"https:\/\/blog.insieme.ch\/wp-inside\/uploads\/2021\/04\/logo-insieme-blog.png","contentUrl":"https:\/\/blog.insieme.ch\/wp-inside\/uploads\/2021\/04\/logo-insieme-blog.png","width":280,"height":81,"caption":"insieme Blog"},"image":{"@id":"https:\/\/blog.insieme.ch\/fr\/#\/schema\/logo\/image\/"},"sameAs":["https:\/\/www.facebook.com\/insiemeSuisse\/","https:\/\/x.com\/insiemeSuisse"]},{"@type":"Person","@id":"https:\/\/blog.insieme.ch\/fr\/#\/schema\/person\/b16bccbba67f6bc661ea83f6f0975b8b","name":"Martine Salomon","image":{"@type":"ImageObject","inLanguage":"fr-FR","@id":"https:\/\/secure.gravatar.com\/avatar\/b7fcf7ee95edb0d5fecbf98c1b5e6b39f7b6416a11971e8a25201ee111d7cd02?s=96&d=mm&r=g","url":"https:\/\/secure.gravatar.com\/avatar\/b7fcf7ee95edb0d5fecbf98c1b5e6b39f7b6416a11971e8a25201ee111d7cd02?s=96&d=mm&r=g","contentUrl":"https:\/\/secure.gravatar.com\/avatar\/b7fcf7ee95edb0d5fecbf98c1b5e6b39f7b6416a11971e8a25201ee111d7cd02?s=96&d=mm&r=g","caption":"Martine Salomon"},"description":"Journaliste insieme","url":"https:\/\/blog.insieme.ch\/fr\/author\/martine-salomon\/"}]}},"featured_media_url":"https:\/\/blog.insieme.ch\/wp-inside\/uploads\/2021\/03\/rafroball_equipe-1024x683.jpg","_links":{"self":[{"href":"https:\/\/blog.insieme.ch\/fr\/wp-json\/wp\/v2\/posts\/1324","targetHints":{"allow":["GET"]}}],"collection":[{"href":"https:\/\/blog.insieme.ch\/fr\/wp-json\/wp\/v2\/posts"}],"about":[{"href":"https:\/\/blog.insieme.ch\/fr\/wp-json\/wp\/v2\/types\/post"}],"author":[{"embeddable":true,"href":"https:\/\/blog.insieme.ch\/fr\/wp-json\/wp\/v2\/users\/5"}],"replies":[{"embeddable":true,"href":"https:\/\/blog.insieme.ch\/fr\/wp-json\/wp\/v2\/comments?post=1324"}],"version-history":[{"count":5,"href":"https:\/\/blog.insieme.ch\/fr\/wp-json\/wp\/v2\/posts\/1324\/revisions"}],"predecessor-version":[{"id":1540,"href":"https:\/\/blog.insieme.ch\/fr\/wp-json\/wp\/v2\/posts\/1324\/revisions\/1540"}],"wp:featuredmedia":[{"embeddable":true,"href":"https:\/\/blog.insieme.ch\/fr\/wp-json\/wp\/v2\/media\/1325"}],"wp:attachment":[{"href":"https:\/\/blog.insieme.ch\/fr\/wp-json\/wp\/v2\/media?parent=1324"}],"wp:term":[{"taxonomy":"category","embeddable":true,"href":"https:\/\/blog.insieme.ch\/fr\/wp-json\/wp\/v2\/categories?post=1324"},{"taxonomy":"post_tag","embeddable":true,"href":"https:\/\/blog.insieme.ch\/fr\/wp-json\/wp\/v2\/tags?post=1324"}],"curies":[{"name":"wp","href":"https:\/\/api.w.org\/{rel}","templated":true}]}}