{"id":1265,"date":"2021-03-29T10:52:15","date_gmt":"2021-03-29T08:52:15","guid":{"rendered":"https:\/\/blog.insieme.ch\/?p=1265"},"modified":"2021-04-08T12:37:43","modified_gmt":"2021-04-08T10:37:43","slug":"qualite-et-bonne-humeur-au-menu","status":"publish","type":"post","link":"https:\/\/blog.insieme.ch\/fr\/vie-professionnelle\/qualite-et-bonne-humeur-au-menu\/","title":{"rendered":"Qualit\u00e9 et bonne humeur au menu"},"content":{"rendered":"<p><!-- flzn:zn_pagebanner --><\/p>\n<header id=\"flzn-pagebanner-1\" class=\"zone zn-pagebanner is-alignfull with-bg bg-color is-bgc-yellow-light\"><span class=\"zone-bg bg-color bgc-yellow-light alignfull\"><\/span><\/p>\n<div class=\"zone-block zn-pagebanner-block pdd-top pdd-bottom alignfull va-center\"><\/div>\n<\/header>\n<p><!-- \/flzn:zn_pagebanner --><br \/>\n<!-- flzn:zn_text --><\/p>\n<div id=\"flzn-text-1\" class=\"zone zn-text is-alignwide\">\n<div class=\"zone-block zn-text-block alignwide va-top\">\n<div class=\"row mw-content-zone zn-text-row\">\n<div class=\"columns large-12\">\n<div class=\"row large-up-1 with-nice-alignment nbloc-1\">\n<div class=\"column zn-text-col\">\n<div class=\"column-inner\">\n<div class=\"wig-content mw-content\">\n<p><strong>Dans le village m\u00e9di\u00e9val de Saint-Ursanne (JU), l\u2019h\u00f4tel-restaurant La Demi-Lune emploie plusieurs personnes avec handicap mental. Il marie avec brio l\u2019inclusion, la qualit\u00e9 des prestations et une ambiance joyeuse.<\/strong><\/p>\n<p>Le temps s\u2019arr\u00eate. On est berc\u00e9 par la douceur des gens et de la rivi\u00e8re qui murmure en contrebas. La terrasse est tout au bord du Doubs. La plupart des clients sont \u00e9quip\u00e9s de sacs \u00e0 dos, voire de piolets. Les randonneurs sont friands du patrimoine historique de Saint-Ursanne. L\u2019h\u00f4tel-restaurant La Demi-Lune s\u00e9duit lui aussi par son charme d\u2019antan, mais \u00e9galement par son accueil soign\u00e9 et son atmosph\u00e8re chaleureuse. Calme et sourire sur les visages des visiteurs aussi bien que des employ\u00e9s. Vers 12h00, une quinzaine de clients sont pr\u00e9sents. Jacqueline Monin circule comme une libellule entre les tables&#160;&#160;: rayonnante mais discr\u00e8te, vive mais concentr\u00e9e. Les mains \u00e9quip\u00e9es d\u2019un linge, elle apporte deux assiettes de repas \u00e0 un couple. Puis elle sert deux bi\u00e8res un peu plus loin. Elle r\u00e9pond aux clients avec pr\u00e9venance et sobri\u00e9t\u00e9.<\/p>\n<div id=\"attachment_1270\" class=\"wp-caption alignnone\" style=\"width:100%;max-width:800px\"><img decoding=\"async\" loading=\"lazy\" class=\"size-800w wp-image-1270\" src=\"https:\/\/blog.insieme.ch\/wp-inside\/uploads\/2021\/03\/demi-lune_16-800x533.jpg\" alt=\"Une employ\u00e9e avec un handicap mental sert des clients de l\u2019h\u00f4tel-restaurant.\" width=\"800\" height=\"533\" srcset=\"https:\/\/blog.insieme.ch\/wp-inside\/uploads\/2021\/03\/demi-lune_16-800x533.jpg 800w, https:\/\/blog.insieme.ch\/wp-inside\/uploads\/2021\/03\/demi-lune_16-300x200.jpg 300w, https:\/\/blog.insieme.ch\/wp-inside\/uploads\/2021\/03\/demi-lune_16-1024x683.jpg 1024w, https:\/\/blog.insieme.ch\/wp-inside\/uploads\/2021\/03\/demi-lune_16-768x512.jpg 768w, https:\/\/blog.insieme.ch\/wp-inside\/uploads\/2021\/03\/demi-lune_16-1536x1024.jpg 1536w, https:\/\/blog.insieme.ch\/wp-inside\/uploads\/2021\/03\/demi-lune_16-320x213.jpg 320w, https:\/\/blog.insieme.ch\/wp-inside\/uploads\/2021\/03\/demi-lune_16.jpg 1920w\" sizes=\"auto, (max-width: 800px) 100vw, 800px\" \/><\/p>\n<p class=\"wp-caption-text\">Jacqueline Monin a trouv\u00e9 le job de ses r\u00eaves \u00e0 l\u2019h\u00f4tel-restaurant La Demi-Lune. Photo&#160;&#160;: Cyril Zingaro<\/p>\n<\/div>\n<p>Jacqueline, 25 ans, a suivi une formation de praticienne en intendance \u00e0 Seedorf (FR). \u00ab&#160;&#160;Donc je connais ce qu\u2019il faut faire, pis surtout ce qu\u2019il faut pas faire. J\u2019\u00e9vite les erreurs. M\u00eame si apr\u00e8s tout, l\u2019erreur est humaine \u2026&#160;&#160;\u00bb Elle a cherch\u00e9 du travail pendant cinq ans, accumulant les r\u00e9ponses n\u00e9gatives. \u00ab&#160;&#160;J\u2019ai perdu confiance. Je me suis beaucoup rabaiss\u00e9e.&#160;&#160;\u00bb Sa marraine lui parle de La Demi-Lune. Elle postule spontan\u00e9ment, et apr\u00e8s un stage, elle est engag\u00e9e. Elle travaille les matins du jeudi au dimanche, parfois au restaurant, parfois au nettoyage des chambres. \u00ab&#160;&#160;Ils ont vu que j\u2019\u00e9tais quelqu\u2019un d\u2019assez r\u00e9serv\u00e9, surtout au d\u00e9but. Mais j\u2019ai pu m\u2019int\u00e9grer au fil du temps.&#160;&#160;\u00bb Quant aux contacts avec les clients, elle y a \u00e9t\u00e9 bien entra\u00een\u00e9e \u00e0 Seedorf, dans une salle de service avec des clients externes.<\/p>\n<h2>Le go\u00fbt du travail bien fait<\/h2>\n<p>\u00ab&#160;&#160;Mon handicap \u00e0 moi, c\u2019est que je suis trop lente. Parce que je veux faire le travail \u00e0 fond, tout propre&#160;&#160;\u00bb, dit Jacqueline. La chambre n\u00b07 \u2013 une suite \u2013 lui prend donc particuli\u00e8rement de temps. Consciencieuse, elle se met \u00e0 la place du client et elle a le souci du d\u00e9tail. \u00ab&#160;&#160;J\u2019observe et j\u2019apprends. M\u00eame quand je suis en vacances dans d\u2019autres endroits, je replie en triangle le bout des rouleaux de papier WC&#160;&#160;!&#160;&#160;\u00bb La jeune femme ne souhaite gu\u00e8re explorer d\u2019autres activit\u00e9s professionnelles. \u00ab&#160;&#160;Je suis dans mon domaine. C\u2019est ma bulle. Chaque moment compte.&#160;&#160;\u00bb<\/p>\n<\/p><\/div>\n<\/p><\/div>\n<\/p><\/div>\n<\/p><\/div>\n<\/p><\/div>\n<\/p><\/div>\n<\/div>\n<\/div>\n<p><!-- \/flzn:zn_text --><br \/>\n<!-- flzn:zn_quote --><\/p>\n<div id=\"flzn-quote-1\" class=\"zone zn-quote is-alignsimple\">\n<div class=\"zone-block zn-quote-block alignsimple va-top\">\n<div class=\"row mw-content-zone\">\n<div class=\"large-12 columns\">\n<div class=\"quotebox with-img\">\n<div class=\"quotebox-inner\">\n<figure class=\"quotebox-img\">\n\t\t\t\t\t\t\t<img decoding=\"async\" src=\"https:\/\/blog.insieme.ch\/wp-inside\/uploads\/2021\/03\/demi-lune_remy_paratte-150x150.jpg\" alt=\"Remy Paratte, cuisinier \u00e0 l\u2019h\u00f4tel-restaurant de La Demi-Lune\" \/><br \/>\n\t\t\t\t\t\t<\/figure>\n<blockquote class=\"quotebox-content\">\n<div class=\"quotebox-content-inner\">\n<p class=\"quotebox-desc\">\u00ab&#160;&#160;C\u2019est pas facile tous les jours, car on doit travailler comme dans un restaurant classique \u2013 servir les clients le plus vite possible \u2013 et s\u2019occuper en m\u00eame temps des jeunes. Mais c\u2019est un beau challenge. Ce qui est g\u00e9nial, c\u2019est de voir qu\u2019ils font \u00e9norm\u00e9ment de progr\u00e8s, et tr\u00e8s vite.&#160;&#160;\u00bb<\/p>\n<p>\t\t\t\t\t\t\t\t\t\t\t\t\t\t<cite class=\"quotebox-author\"><br \/>\n\t\t\t\t\t\t\t\t<span class=\"quotebox-name\">R\u00e9my Paratte<\/span>, \t\t\t\t\t\t\t\t<span class=\"quotebox-nameinfos\">cuisinier \u00e0 l\u2019h\u00f4tel-restaurant de La Demi-Lune<\/span>\t\t\t\t\t\t\t<\/cite>\n\t\t\t\t\t\t\t\t\t\t\t\t\t<\/div>\n<\/blockquote><\/div>\n<\/p><\/div>\n<\/p><\/div>\n<\/p><\/div>\n<\/div>\n<\/div>\n<p><!-- \/flzn:zn_quote --><br \/>\n<!-- flzn:zn_text --><\/p>\n<div id=\"flzn-text-2\" class=\"zone zn-text is-alignwide\">\n<div class=\"zone-block zn-text-block alignwide va-top\">\n<div class=\"row mw-content-zone zn-text-row\">\n<div class=\"columns large-12\">\n<div class=\"row large-up-1 with-nice-alignment nbloc-1\">\n<div class=\"column zn-text-col\">\n<div class=\"column-inner\">\n<div class=\"wig-content mw-content\">\n<p>Dans le couloir, on croise le cuisinier affair\u00e9 \u00e0 transporter des caisses. R\u00e9my Paratte, 24 ans, a d\u00e9j\u00e0 travaill\u00e9 dans plusieurs \u00e9tablissements. Il a \u00e9t\u00e9 engag\u00e9 \u00e0 La Demi-Lune apr\u00e8s avoir postul\u00e9 \u00e0 une annonce. Une sensibilit\u00e9 au handicap \u00e9tait demand\u00e9e&#160;&#160;: cela a attis\u00e9 son int\u00e9r\u00eat. Sa soeur a des troubles autistiques. Ce concept d\u2019int\u00e9gration dans le monde du travail lui pla\u00eet&#160;&#160;: \u00ab&#160;&#160;C\u2019est pas facile tous les jours, car on doit travailler comme dans un restaurant classique \u2013 servir les clients le plus vite possible \u2013 et s\u2019occuper en m\u00eame temps des jeunes. Mais c\u2019est un beau challenge. Ce qui est g\u00e9nial, c\u2019est de voir qu\u2019ils font \u00e9norm\u00e9ment de progr\u00e8s, et tr\u00e8s vite. Comme Jonas&#160;&#160;: au d\u00e9but, c\u2019\u00e9tait tout nouveau pour lui, on a d\u00fb tout lui apprendre. Maintenant, il fait tout seul une tarte flamb\u00e9e, ou des g\u00e2teaux aux fruits&#160;&#160;!&#160;&#160;\u00bb<\/p>\n<p>En cuisine, Jonas Noirjean, 20 ans, arbore un large sourire et un regard p\u00e9tillant. Auparavant, il a travaill\u00e9 dans un atelier de menuiserie \u00e0 Porrentruy. Il voulait d\u00e9j\u00e0 devenir cuisinier, inspir\u00e9 par son oncle dont c\u2019est le m\u00e9tier. Mais il n\u2019y avait pas d\u2019opportunit\u00e9. S\u2019il travaille d\u00e9sormais \u00e0 La Demi-Lune, \u00ab&#160;&#160;c\u2019est gr\u00e2ce \u00e0 la patronne. Je connais son fils depuis tout petit.&#160;&#160;\u00bb Il y travaille cinq jours par semaine. Le jeune homme appr\u00e9cie le fait d\u2019avoir une responsabilit\u00e9 envers la client\u00e8le, et de bien l\u2019assumer. \u00ab&#160;&#160;Faut avancer, faut pas tra\u00eener.&#160;&#160;\u00bb L\u2019activit\u00e9 qui lui pla\u00eet le moins&#160;&#160;? \u00ab&#160;&#160;La plonge \u2026 mais tout cuisinier commence par l\u00e0 \u2026&#160;&#160;\u00bb Quant \u00e0 son prochain objectif&#160;&#160;: \u00ab&#160;&#160;Travailler sur le chaud, la cuisson. Je le fais d\u00e9j\u00e0 pour le personnel&#160;&#160;; mais pour les clients, j\u2019ai pas encore le niveau.&#160;&#160;\u00bb<\/p>\n<\/p><\/div>\n<\/p><\/div>\n<\/p><\/div>\n<\/p><\/div>\n<\/p><\/div>\n<\/p><\/div>\n<\/div>\n<\/div>\n<p><!-- \/flzn:zn_text --><br \/>\n<!-- flzn:zn_text_img --><\/p>\n<div id=\"flzn-textimg-1\" class=\"zone zn-textimg is-alignwide\">\n<div class=\"zone-block zn-textimg-block pdd-top pdd-bottom-off alignwide va-center\">\n<div class=\"row\">\n<div class=\"columns large-12\">\n<div class=\"row with-nice-alignment zn-textimg-row va-center\" data-equalizer data-equalize-on=\"large\">\n<div class=\"columns large-6 zn-textimg-colimg\" data-equalizer-watch>\n<div class=\"columns-inner zn-textimg-col-inner\">\n<div class=\"zn-textimg-imgs\">\n<div class=\"zn-textimg-imgbox\" title=\"La Demi-Lune est dirig\u00e9e par V\u00e9ronique Berberat. Photo: Cyril Zingaro.\">\n<figure class=\"zn-textimg-figure\">\n\t\t\t\t\t\t\t\t\t<img decoding=\"async\" class=\"zn-textimg-img\" src=\"https:\/\/blog.insieme.ch\/wp-inside\/uploads\/2021\/03\/demi-lune_veronique-berberat-800x530.jpg\" alt=\"La directrice de la Demi-Lune se tient devant son h\u00f4tel-restaurant\"\/><figcaption class=\"zn-textimg-caption show-for-sr\">La Demi-Lune est dirig\u00e9e par V\u00e9ronique Berberat. Photo&#160;: Cyril Zingaro.<\/figcaption><\/figure>\n<\/p><\/div>\n<\/p><\/div>\n<\/p><\/div>\n<\/p><\/div>\n<div class=\"columns large-6 zn-textimg-coldesc\" data-equalizer-watch>\n<div class=\"columns-inner zn-textimg-descbox\">\n<div class=\"zn-textimg-desc wig-content\">\n<h2>Adapter les outils<\/h2>\n<p>La Demi-Lune a ouvert ses portes en avril 2019. Elle est dirig\u00e9e par V\u00e9ronique Berberat, habitante de Courgenay. Ce projet lui a \u00e9t\u00e9 inspir\u00e9 par la situation d\u2019un de ses fils, Sylvain, bient\u00f4t 18 ans&#160;&#160;: \u00ab&#160;&#160;Il voulait travailler en cuisine, mais vu son handicap assez important, il n\u2019y avait pas ce qu\u2019il fallait pour lui au niveau du canton.&#160;&#160;\u00bb V\u00e9ronique Berberat disposait d\u00e9j\u00e0 d\u2019une exp\u00e9rience pr\u00e9cieuse, ayant travaill\u00e9 six ans dans le domaine du handicap (programmes \u00e9ducatifs, soutien parental). La Jurassienne a aussi effectu\u00e9 des stages au Boutique H\u00f4tel de Martigny, qui emploie des personnes avec handicap depuis plusieurs ann\u00e9es. Elle a trouv\u00e9 l\u2019exp\u00e9rience \u00ab&#160;&#160;fantastique&#160;&#160;\u00bb. Son parcours, coupl\u00e9 \u00e0 l\u2019int\u00e9r\u00eat port\u00e9 par plusieurs familles pour un tel projet d\u2019int\u00e9gration professionnelle dans la r\u00e9gion, a pes\u00e9 dans la balance&#160;&#160;: d\u00e9cision fut prise d\u2019ouvrir un h\u00f4tel-restaurant.<\/p>\n<\/div><\/div>\n<\/p><\/div>\n<\/p><\/div>\n<\/p><\/div>\n<\/p><\/div>\n<\/div>\n<\/div>\n<p><!-- \/flzn:zn_text_img --><br \/>\n<!-- flzn:zn_text_img --><\/p>\n<div id=\"flzn-textimg-2\" class=\"zone zn-textimg is-alignwide\">\n<div class=\"zone-block zn-textimg-block pdd-top pdd-bottom alignwide va-center\">\n<div class=\"row\">\n<div class=\"columns large-12\">\n<div class=\"row with-nice-alignment zn-textimg-row va-center\" data-equalizer data-equalize-on=\"large\">\n<div class=\"columns large-6 large-push-6 zn-textimg-colimg\" data-equalizer-watch>\n<div class=\"columns-inner zn-textimg-col-inner\">\n<div class=\"zn-textimg-imgs\">\n<div class=\"zn-textimg-imgbox\" title=\"Bienvenue: Jacqueline Monin pr\u00e9pare avec soin les chambres de l\u2019h\u00f4tel. Photo: Cyril Zingaro.\">\n<figure class=\"zn-textimg-figure\">\n\t\t\t\t\t\t\t\t\t<img decoding=\"async\" class=\"zn-textimg-img\" src=\"https:\/\/blog.insieme.ch\/wp-inside\/uploads\/2021\/03\/demi-lune_jacqueline-monin-800x530.jpg\" alt=\"Une jeune femme tend une cl\u00e9 de chambre d\u2019h\u00f4tel vers l\u2019appareil photo.\"\/><figcaption class=\"zn-textimg-caption show-for-sr\">Bienvenue&#160;: Jacqueline Monin pr\u00e9pare avec soin les chambres de l\u2019h\u00f4tel. Photo&#160;: Cyril Zingaro.<\/figcaption><\/figure>\n<\/p><\/div>\n<\/p><\/div>\n<\/p><\/div>\n<\/p><\/div>\n<div class=\"columns large-6 large-pull-6 zn-textimg-coldesc\" data-equalizer-watch>\n<div class=\"columns-inner zn-textimg-descbox\">\n<div class=\"zn-textimg-desc wig-content\">\n<p>L\u2019effectif compte six employ\u00e9s \u00ab&#160;&#160;atypiques&#160;&#160;\u00bb (en situation de handicap). S\u2019y ajoutent 18 employ\u00e9s \u00ab&#160;&#160;typiques&#160;&#160;\u00bb (sans handicap) l\u2019\u00e9t\u00e9 et six l\u2019hiver. Il n\u2019y a aucun crit\u00e8re quant au type de handicap. Seule exigence&#160;&#160;: \u00eatre motiv\u00e9. Chacun a son secteur de pr\u00e9dilection mais donne aussi des coups de main ailleurs, comme dans tout \u00e9tablissement de petite taille. \u00ab&#160;&#160;C\u2019est vraiment une place de travail, pas une occupation. Ils ont un contrat. Ils ont leur part des pourboires&#160;&#160;\u00bb, explique V\u00e9ronique Berberat. \u00ab&#160;&#160;Notre but, c\u2019est qu\u2019ils deviennent autonomes. On a adapt\u00e9 beaucoup d\u2019outils en fonction de leurs diff\u00e9rents handicaps&#160;&#160;\u00bb, poursuit la Jurassienne. Celle-ci soumet ensuite ces outils \u00e0 une superviseuse en m\u00e9thode ABA (analyse comportementale appliqu\u00e9e). Par exemple, un bulletin de commande bien d\u00e9taill\u00e9 avec des cases \u00e0 cocher. Un sch\u00e9ma plastifi\u00e9 r\u00e9capitulant chaque \u00e9tape pour \u00e9laborer toutes les coupes de glace. Une check-list pour v\u00e9rifier qu\u2019on n\u2019a rien oubli\u00e9 en nettoyant une chambre. En lessiverie, des photos au mur pour visualiser la suite des t\u00e2ches. Mettre en place tous ces instruments et r\u00e9ussir \u00e0 faire tourner l\u2019\u00e9tablissement demande beaucoup d\u2019\u00e9nergie&#160;&#160;: \u00ab&#160;&#160;Mais c\u2019est hyper int\u00e9ressant et tr\u00e8s gratifiant&#160;&#160;!&#160;&#160;\u00bb.<\/p>\n<\/div><\/div>\n<\/p><\/div>\n<\/p><\/div>\n<\/p><\/div>\n<\/p><\/div>\n<\/div>\n<\/div>\n<p><!-- \/flzn:zn_text_img --><br \/>\n<!-- flzn:zn_text --><\/p>\n<div id=\"flzn-text-3\" class=\"zone zn-text is-alignwide\">\n<div class=\"zone-block zn-text-block alignwide va-top\">\n<div class=\"row mw-content-zone zn-text-row\">\n<div class=\"columns large-12\">\n<div class=\"row large-up-1 with-nice-alignment nbloc-1\">\n<div class=\"column zn-text-col\">\n<div class=\"column-inner\">\n<div class=\"wig-content mw-content\">\n<h2>\u00ab&#160;&#160;Une \u00e9quipe en or&#160;&#160;\u00bb<\/h2>\n<p>Quand une t\u00e2che s\u2019av\u00e8re particuli\u00e8rement difficile, elle n\u2019est pas forc\u00e9ment exclue pour autant. \u00ab&#160;&#160;On se dit que c\u2019est pas le moment, que \u00e7a viendra plus tard. On d\u00e9compose la t\u00e2che pour qu\u2019elle devienne plus facile. On reste derri\u00e8re pour v\u00e9rifier. Puis on se retire de plus en plus&#160;&#160;\u00bb, explique V\u00e9ronique Berberat. Par exemple, une employ\u00e9e commence par d\u00e9barrasser les tables. Puis elle apprend \u00e0 prendre les commandes, mais quelqu\u2019un d\u2019autre tipe et rend la monnaie. \u00ab&#160;&#160;On sait exactement o\u00f9 et comment on veut les amener. On a des \u00e9tapes. Et on les communique au reste du personnel \u2039typique\u203a.&#160;&#160;\u00bb<\/p>\n<div id=\"attachment_1276\" class=\"wp-caption alignnone\" style=\"width:100%;max-width:800px\"><img decoding=\"async\" loading=\"lazy\" class=\"size-800w wp-image-1276\" src=\"https:\/\/blog.insieme.ch\/wp-inside\/uploads\/2021\/03\/demi-lune_equipe-en-or-800x533.jpg\" alt=\"Un cuisinier et son apprenti en situation de handicap se tiennent debout dans la cuisine.\" width=\"800\" height=\"533\" srcset=\"https:\/\/blog.insieme.ch\/wp-inside\/uploads\/2021\/03\/demi-lune_equipe-en-or-800x533.jpg 800w, https:\/\/blog.insieme.ch\/wp-inside\/uploads\/2021\/03\/demi-lune_equipe-en-or-300x200.jpg 300w, https:\/\/blog.insieme.ch\/wp-inside\/uploads\/2021\/03\/demi-lune_equipe-en-or-1024x683.jpg 1024w, https:\/\/blog.insieme.ch\/wp-inside\/uploads\/2021\/03\/demi-lune_equipe-en-or-768x512.jpg 768w, https:\/\/blog.insieme.ch\/wp-inside\/uploads\/2021\/03\/demi-lune_equipe-en-or-1536x1024.jpg 1536w, https:\/\/blog.insieme.ch\/wp-inside\/uploads\/2021\/03\/demi-lune_equipe-en-or-320x213.jpg 320w, https:\/\/blog.insieme.ch\/wp-inside\/uploads\/2021\/03\/demi-lune_equipe-en-or.jpg 1920w\" sizes=\"auto, (max-width: 800px) 100vw, 800px\" \/><\/p>\n<p class=\"wp-caption-text\">Au sein de l\u2019\u00e9quipe de La Demi-Lune, l\u2019empathie et la solidarit\u00e9 entre les coll\u00e8gues sont au premier plan. Photo&#160;&#160;: Cyril Zingaro.<\/p>\n<\/div>\n<p>Justement, \u00ab&#160;&#160;trouver l\u2019\u00e9quipe en or, qui roule&#160;&#160;\u00bb est aussi un d\u00e9fi. Les employ\u00e9s \u00ab&#160;&#160;typiques&#160;&#160;\u00bb doivent savoir prendre le relais lors des jours plus ardus&#160;&#160;: d\u00e9dramatiser et rattraper ce qu\u2019un coll\u00e8gue n\u2019a pas pu faire. L\u2019empathie et la solidarit\u00e9 sont au premier plan \u2013 dans les deux sens, d\u2019ailleurs. Et V\u00e9ronique Berberat d\u2019illustrer le propos en \u00e9voquant l\u2019une de ses employ\u00e9es avec handicap&#160;&#160;: \u00ab&#160;&#160;Elle est incroyable, elle se donne \u00e0 100&#160;&#160;%. Elle aide tout le monde. Il peut arriver n\u2019importe quoi, elle reste confiante. Elle arrive m\u00eame \u00e0 nous motiver, elle nous dit \u2039\u00e7a va aller\u203a.&#160;&#160;\u00bb L\u2019inclusion am\u00e8ne une autre ambiance que dans un restaurant ordinaire, tant pour les clients que pour l\u2019\u00e9quipe.<br \/>\n\u00ab&#160;&#160;Les coll\u00e8gues de Sylvain adorent l\u2019avoir en cuisine car il est toujours de bonne humeur.&#160;&#160;\u00bb Et c\u2019est inspirant pour la motivation&#160;&#160;: \u00ab&#160;&#160;Ils sont toujours contents de travailler&#160;&#160;!&#160;&#160;\u00bb Ils adorent les contacts et s\u2019adaptent bien \u00e0 la client\u00e8le, qui se montre tr\u00e8s satisfaite. Des gens sont venus des cantons de Vaud, Neuch\u00e2tel et B\u00e2le pour demander des conseils, en vue de monter \u00e9ventuellement un projet similaire. Quant \u00e0 La Demi-Lune, avis aux int\u00e9ress\u00e9s&#160;&#160;: elle a encore des places pour des personnes avec handicap&#160;&#160;!<\/p>\n<p>&nbsp;<\/p>\n<p><em>Cet article est paru dans le magazine insieme de septembre 2018.<\/em><\/p>\n<\/p><\/div>\n<\/p><\/div>\n<\/p><\/div>\n<\/p><\/div>\n<\/p><\/div>\n<\/p><\/div>\n<\/div>\n<\/div>\n<p><!-- \/flzn:zn_text --><br \/>\n<!-- flzn:zn_gallery --><\/p>\n<div id=\"flzn-gallery-1\" class=\"zone zn-gallery is-alignsimple\">\n<div class=\"zone-block zn-gallery-block alignsimple va-top\">\n<div class=\"row mw-content-zone\">\n<div class=\"large-12 columns\">\n<div class=\"zn-gallery-list slick-slider galleryslider-carousel\">\n<div class=\"zn-gallery-item slick-item with-ratio\">\n<div class=\"zn-gallery-item-inner\">\n<p>\t\t\t\t\t\t\t\t\t\t\t\t\t<a class=\"swipebox\" href=\"https:\/\/blog.insieme.ch\/wp-inside\/uploads\/2021\/03\/demi-lune_cuisinier.jpg\" title=\"\" rel=\"galleryzone-flzn-gallery-1\"><\/p>\n<div class=\"imgbox\">\n\t\t\t\t\t\t\t\t\t\t\t\t\t\t\t\t\t\t<img decoding=\"async\" class=\"imgratio\" src=\"\/\/blog.imk01.1ere-place.net\/wp-inside\/themes\/blog.insieme.ch\/assets\/images\/ratio-1280x600.png\" alt=\"\" width=\"0\" \/><br \/>\n\t\t\t\t\t\t\t\t\t\t\t\t\t\t\t\t\t\t<img decoding=\"async\" src=\"https:\/\/blog.insieme.ch\/wp-inside\/uploads\/2021\/03\/demi-lune_cuisinier-425x250.jpg\" alt=\"Un cuisinier en formation sert un repas.\" data-interchange=\"[https:\/\/blog.insieme.ch\/wp-inside\/uploads\/2021\/03\/demi-lune_cuisinier-425x250.jpg, small],[https:\/\/blog.insieme.ch\/wp-inside\/uploads\/2021\/03\/demi-lune_cuisinier-1024x300.jpg, gsmall],[https:\/\/blog.insieme.ch\/wp-inside\/uploads\/2021\/03\/demi-lune_cuisinier-1280x600.jpg, glarge],[https:\/\/blog.insieme.ch\/wp-inside\/uploads\/2021\/03\/demi-lune_cuisinier-1280x600.jpg, xlarge],\"\/>\n\t\t\t\t\t\t\t\t<\/div>\n<p>\t\t\t\t\t\t\t\t\t\t\t\t\t<\/a>\n\t\t\t\t\t\t\t\t\t\t\t\t<\/div>\n<\/p><\/div>\n<div class=\"zn-gallery-item slick-item with-ratio with-ratio\">\n<div class=\"zn-gallery-item-inner\">\n<p>\t\t\t\t\t\t\t\t\t\t\t\t\t<a class=\"swipebox\" href=\"https:\/\/blog.insieme.ch\/wp-inside\/uploads\/2021\/03\/demi-lune_formation.jpg\" title=\"\" rel=\"galleryzone-flzn-gallery-1\"><\/p>\n<div class=\"imgbox\">\n\t\t\t\t\t\t\t\t\t\t\t\t\t\t\t\t\t\t<img decoding=\"async\" class=\"imgratio\" src=\"\/\/blog.imk01.1ere-place.net\/wp-inside\/themes\/blog.insieme.ch\/assets\/images\/ratio-1280x600.png\" alt=\"\" width=\"0\" \/><br \/>\n\t\t\t\t\t\t\t\t\t\t\t\t\t\t\t\t\t\t<img decoding=\"async\" src=\"https:\/\/blog.insieme.ch\/wp-inside\/uploads\/2021\/03\/demi-lune_formation-425x250.jpg\" alt=\"Un cuisinier en formation pr\u00e9pare une tarte flamb\u00e9e.\" data-interchange=\"[https:\/\/blog.insieme.ch\/wp-inside\/uploads\/2021\/03\/demi-lune_formation-425x250.jpg, small],[https:\/\/blog.insieme.ch\/wp-inside\/uploads\/2021\/03\/demi-lune_formation-1024x300.jpg, gsmall],[https:\/\/blog.insieme.ch\/wp-inside\/uploads\/2021\/03\/demi-lune_formation-1280x600.jpg, glarge],[https:\/\/blog.insieme.ch\/wp-inside\/uploads\/2021\/03\/demi-lune_formation-1280x600.jpg, xlarge],\"\/>\n\t\t\t\t\t\t\t\t<\/div>\n<p>\t\t\t\t\t\t\t\t\t\t\t\t\t<\/a>\n\t\t\t\t\t\t\t\t\t\t\t\t<\/div>\n<\/p><\/div>\n<div class=\"zn-gallery-item slick-item with-ratio with-ratio with-ratio\">\n<div class=\"zn-gallery-item-inner\">\n<p>\t\t\t\t\t\t\t\t\t\t\t\t\t<a class=\"swipebox\" href=\"https:\/\/blog.insieme.ch\/wp-inside\/uploads\/2021\/03\/demi-lune_hotellerie.jpg\" title=\"\" rel=\"galleryzone-flzn-gallery-1\"><\/p>\n<div class=\"imgbox\">\n\t\t\t\t\t\t\t\t\t\t\t\t\t\t\t\t\t\t<img decoding=\"async\" class=\"imgratio\" src=\"\/\/blog.imk01.1ere-place.net\/wp-inside\/themes\/blog.insieme.ch\/assets\/images\/ratio-1280x600.png\" alt=\"\" width=\"0\" \/><br \/>\n\t\t\t\t\t\t\t\t\t\t\t\t\t\t\t\t\t\t<img decoding=\"async\" src=\"https:\/\/blog.insieme.ch\/wp-inside\/uploads\/2021\/03\/demi-lune_hotellerie-425x250.jpg\" alt=\"Une employ\u00e9e de La Demi-Lune fait le lit d\u2019une des chambres de l\u2019h\u00f4tel-restaurant.\" data-interchange=\"[https:\/\/blog.insieme.ch\/wp-inside\/uploads\/2021\/03\/demi-lune_hotellerie-425x250.jpg, small],[https:\/\/blog.insieme.ch\/wp-inside\/uploads\/2021\/03\/demi-lune_hotellerie-1024x300.jpg, gsmall],[https:\/\/blog.insieme.ch\/wp-inside\/uploads\/2021\/03\/demi-lune_hotellerie-1280x600.jpg, glarge],[https:\/\/blog.insieme.ch\/wp-inside\/uploads\/2021\/03\/demi-lune_hotellerie-1280x600.jpg, xlarge],\"\/>\n\t\t\t\t\t\t\t\t<\/div>\n<p>\t\t\t\t\t\t\t\t\t\t\t\t\t<\/a>\n\t\t\t\t\t\t\t\t\t\t\t\t<\/div>\n<\/p><\/div>\n<div class=\"zn-gallery-item slick-item with-ratio with-ratio with-ratio with-ratio\">\n<div class=\"zn-gallery-item-inner\">\n<p>\t\t\t\t\t\t\t\t\t\t\t\t\t<a class=\"swipebox\" href=\"https:\/\/blog.insieme.ch\/wp-inside\/uploads\/2021\/03\/demi-lune_service.jpg\" title=\"\" rel=\"galleryzone-flzn-gallery-1\"><\/p>\n<div class=\"imgbox\">\n\t\t\t\t\t\t\t\t\t\t\t\t\t\t\t\t\t\t<img decoding=\"async\" class=\"imgratio\" src=\"\/\/blog.imk01.1ere-place.net\/wp-inside\/themes\/blog.insieme.ch\/assets\/images\/ratio-1280x600.png\" alt=\"\" width=\"0\" \/><br \/>\n\t\t\t\t\t\t\t\t\t\t\t\t\t\t\t\t\t\t<img decoding=\"async\" src=\"https:\/\/blog.insieme.ch\/wp-inside\/uploads\/2021\/03\/demi-lune_service-425x250.jpg\" alt=\"Une employ\u00e9e de l\u2019h\u00f4tel-restaurant sert deux assiettes. En fond, on aper\u00e7oit la directrice.\" data-interchange=\"[https:\/\/blog.insieme.ch\/wp-inside\/uploads\/2021\/03\/demi-lune_service-425x250.jpg, small],[https:\/\/blog.insieme.ch\/wp-inside\/uploads\/2021\/03\/demi-lune_service-1024x300.jpg, gsmall],[https:\/\/blog.insieme.ch\/wp-inside\/uploads\/2021\/03\/demi-lune_service-1280x600.jpg, glarge],[https:\/\/blog.insieme.ch\/wp-inside\/uploads\/2021\/03\/demi-lune_service-1280x600.jpg, xlarge],\"\/>\n\t\t\t\t\t\t\t\t<\/div>\n<p>\t\t\t\t\t\t\t\t\t\t\t\t\t<\/a>\n\t\t\t\t\t\t\t\t\t\t\t\t<\/div>\n<\/p><\/div>\n<div class=\"zn-gallery-item slick-item with-ratio with-ratio with-ratio with-ratio with-ratio\">\n<div class=\"zn-gallery-item-inner\">\n<p>\t\t\t\t\t\t\t\t\t\t\t\t\t<a class=\"swipebox\" href=\"https:\/\/blog.insieme.ch\/wp-inside\/uploads\/2021\/03\/demi-lune_direction.jpg\" title=\"\" rel=\"galleryzone-flzn-gallery-1\"><\/p>\n<div class=\"imgbox\">\n\t\t\t\t\t\t\t\t\t\t\t\t\t\t\t\t\t\t<img decoding=\"async\" class=\"imgratio\" src=\"\/\/blog.imk01.1ere-place.net\/wp-inside\/themes\/blog.insieme.ch\/assets\/images\/ratio-1280x600.png\" alt=\"\" width=\"0\" \/><br \/>\n\t\t\t\t\t\t\t\t\t\t\t\t\t\t\t\t\t\t<img decoding=\"async\" src=\"https:\/\/blog.insieme.ch\/wp-inside\/uploads\/2021\/03\/demi-lune_direction-425x250.jpg\" alt=\"La directrice de l\u2019h\u00f4tel-restaurant de La Demi-Lune se tient dans son bureau\" data-interchange=\"[https:\/\/blog.insieme.ch\/wp-inside\/uploads\/2021\/03\/demi-lune_direction-425x250.jpg, small],[https:\/\/blog.insieme.ch\/wp-inside\/uploads\/2021\/03\/demi-lune_direction-1024x300.jpg, gsmall],[https:\/\/blog.insieme.ch\/wp-inside\/uploads\/2021\/03\/demi-lune_direction-1280x600.jpg, glarge],[https:\/\/blog.insieme.ch\/wp-inside\/uploads\/2021\/03\/demi-lune_direction-1280x600.jpg, xlarge],\"\/>\n\t\t\t\t\t\t\t\t<\/div>\n<p>\t\t\t\t\t\t\t\t\t\t\t\t\t<\/a>\n\t\t\t\t\t\t\t\t\t\t\t\t<\/div>\n<\/p><\/div>\n<div class=\"zn-gallery-item slick-item with-ratio with-ratio with-ratio with-ratio with-ratio with-ratio\">\n<div class=\"zn-gallery-item-inner\">\n<p>\t\t\t\t\t\t\t\t\t\t\t\t\t<a class=\"swipebox\" href=\"https:\/\/blog.insieme.ch\/wp-inside\/uploads\/2021\/03\/demi-lune_jura.jpg\" title=\"\" rel=\"galleryzone-flzn-gallery-1\"><\/p>\n<div class=\"imgbox\">\n\t\t\t\t\t\t\t\t\t\t\t\t\t\t\t\t\t\t<img decoding=\"async\" class=\"imgratio\" src=\"\/\/blog.imk01.1ere-place.net\/wp-inside\/themes\/blog.insieme.ch\/assets\/images\/ratio-1280x600.png\" alt=\"\" width=\"0\" \/><br \/>\n\t\t\t\t\t\t\t\t\t\t\t\t\t\t\t\t\t\t<img decoding=\"async\" src=\"https:\/\/blog.insieme.ch\/wp-inside\/uploads\/2021\/03\/demi-lune_jura-425x250.jpg\" alt=\"L\u2019h\u00f4tel-restaurant de La Demi-Lune\" data-interchange=\"[https:\/\/blog.insieme.ch\/wp-inside\/uploads\/2021\/03\/demi-lune_jura-425x250.jpg, small],[https:\/\/blog.insieme.ch\/wp-inside\/uploads\/2021\/03\/demi-lune_jura-1024x300.jpg, gsmall],[https:\/\/blog.insieme.ch\/wp-inside\/uploads\/2021\/03\/demi-lune_jura-1280x600.jpg, glarge],[https:\/\/blog.insieme.ch\/wp-inside\/uploads\/2021\/03\/demi-lune_jura-1280x600.jpg, xlarge],\"\/>\n\t\t\t\t\t\t\t\t<\/div>\n<p>\t\t\t\t\t\t\t\t\t\t\t\t\t<\/a>\n\t\t\t\t\t\t\t\t\t\t\t\t<\/div>\n<\/p><\/div>\n<\/p><\/div>\n<div class=\"slick-slider galleryslider-carousel-nav\">\n<div class=\"slick-item slicknav-item\">\n<div class=\"residence-gallery-slide-nav-thumb\">\n\t\t\t\t\t\t\t<img decoding=\"async\" src=\"https:\/\/blog.insieme.ch\/wp-inside\/uploads\/2021\/03\/demi-lune_cuisinier-425x250.jpg\" alt=\"Un cuisinier en formation sert un repas.\" \/>\n\t\t\t\t\t\t<\/div>\n<\/p><\/div>\n<div class=\"slick-item slicknav-item\">\n<div class=\"residence-gallery-slide-nav-thumb\">\n\t\t\t\t\t\t\t<img decoding=\"async\" src=\"https:\/\/blog.insieme.ch\/wp-inside\/uploads\/2021\/03\/demi-lune_formation-425x250.jpg\" alt=\"Un cuisinier en formation pr\u00e9pare une tarte flamb\u00e9e.\" \/>\n\t\t\t\t\t\t<\/div>\n<\/p><\/div>\n<div class=\"slick-item slicknav-item\">\n<div class=\"residence-gallery-slide-nav-thumb\">\n\t\t\t\t\t\t\t<img decoding=\"async\" src=\"https:\/\/blog.insieme.ch\/wp-inside\/uploads\/2021\/03\/demi-lune_hotellerie-425x250.jpg\" alt=\"Une employ\u00e9e de La Demi-Lune fait le lit d\u2019une des chambres de l\u2019h\u00f4tel-restaurant.\" \/>\n\t\t\t\t\t\t<\/div>\n<\/p><\/div>\n<div class=\"slick-item slicknav-item\">\n<div class=\"residence-gallery-slide-nav-thumb\">\n\t\t\t\t\t\t\t<img decoding=\"async\" src=\"https:\/\/blog.insieme.ch\/wp-inside\/uploads\/2021\/03\/demi-lune_service-425x250.jpg\" alt=\"Une employ\u00e9e de l\u2019h\u00f4tel-restaurant sert deux assiettes. En fond, on aper\u00e7oit la directrice.\" \/>\n\t\t\t\t\t\t<\/div>\n<\/p><\/div>\n<div class=\"slick-item slicknav-item\">\n<div class=\"residence-gallery-slide-nav-thumb\">\n\t\t\t\t\t\t\t<img decoding=\"async\" src=\"https:\/\/blog.insieme.ch\/wp-inside\/uploads\/2021\/03\/demi-lune_direction-425x250.jpg\" alt=\"La directrice de l\u2019h\u00f4tel-restaurant de La Demi-Lune se tient dans son bureau\" \/>\n\t\t\t\t\t\t<\/div>\n<\/p><\/div>\n<div class=\"slick-item slicknav-item\">\n<div class=\"residence-gallery-slide-nav-thumb\">\n\t\t\t\t\t\t\t<img decoding=\"async\" src=\"https:\/\/blog.insieme.ch\/wp-inside\/uploads\/2021\/03\/demi-lune_jura-425x250.jpg\" alt=\"L\u2019h\u00f4tel-restaurant de La Demi-Lune\" \/>\n\t\t\t\t\t\t<\/div>\n<\/p><\/div>\n<\/p><\/div>\n<\/p><\/div>\n<\/p><\/div>\n<\/div>\n<\/div>\n<p><!-- \/flzn:zn_gallery --><br \/>\n<!-- flzn:zn_taglist --><\/p>\n<div id=\"flzn-taglist-1\" class=\"zone zn-taglist is-alignwide\">\n<div class=\"zone-block zn-taglist-block alignwide va-top\">\n<div class=\"zone zn-taglist\">\n<div class=\"zone-block zn-taglist-block no-pdd-bottom alignfull\">\n<div class=\"row mw-1280\">\n<div class=\"columns large-12\">\n<div class=\"taglist-wrapper\">\n<div class=\"tag-list-content\">\n<div class=\"tag-item\"><a href=\"https:\/\/blog.insieme.ch\/fr\/tag\/apprentissage\/\" rel=\"tag\">Apprentissage<\/a><\/div>\n<div class=\"tag-item\"><a href=\"https:\/\/blog.insieme.ch\/fr\/tag\/integration\/\" rel=\"tag\">Int\u00e9gration<\/a><\/div>\n<div class=\"tag-item\"><a href=\"https:\/\/blog.insieme.ch\/fr\/tag\/restauration\/\" rel=\"tag\">Restauration<\/a><\/div>\n<\/div>\n<\/div><\/div>\n<\/p><\/div>\n<\/p><\/div>\n<\/p><\/div>\n<\/div>\n<\/div>\n<p><!-- \/flzn:zn_taglist --><\/p>\n","protected":false},"excerpt":{"rendered":"<p>Dans le village m\u00e9di\u00e9val de Saint-Ursanne (JU), l\u2019h\u00f4tel-restaurant La Demi-Lune emploie plusieurs personnes avec handicap mental. Il marie avec brio l\u2019inclusion, la qualit\u00e9 des prestations et une ambiance joyeuse. Le [&hellip;]<\/p>\n","protected":false},"author":5,"featured_media":1270,"comment_status":"open","ping_status":"open","sticky":false,"template":"","format":"standard","meta":{"_acf_changed":false,"footnotes":""},"categories":[20],"tags":[57,56,55],"class_list":["post-1265","post","type-post","status-publish","format-standard","has-post-thumbnail","hentry","category-vie-professionnelle","tag-apprentissage","tag-integration","tag-restauration","wp-sticky"],"acf":[],"yoast_head":"<!-- This site is optimized with the Yoast SEO plugin v27.5 - https:\/\/yoast.com\/product\/yoast-seo-wordpress\/ -->\n<title>Qualit\u00e9 et bonne humeur au menu<\/title>\n<meta name=\"robots\" content=\"index, follow, max-snippet:-1, max-image-preview:large, max-video-preview:-1\" \/>\n<link rel=\"canonical\" href=\"https:\/\/blog.insieme.ch\/fr\/vie-professionnelle\/qualite-et-bonne-humeur-au-menu\/\" \/>\n<meta property=\"og:locale\" content=\"fr_FR\" \/>\n<meta property=\"og:type\" content=\"article\" \/>\n<meta property=\"og:title\" content=\"Qualit\u00e9 et bonne humeur au menu\" \/>\n<meta property=\"og:description\" content=\"Dans le village m\u00e9di\u00e9val de Saint-Ursanne (JU), l\u2019h\u00f4tel-restaurant La Demi-Lune emploie plusieurs personnes avec handicap mental. Il marie avec brio l\u2019inclusion, la qualit\u00e9 des prestations et une ambiance joyeuse. Le [&hellip;]\" \/>\n<meta property=\"og:url\" content=\"https:\/\/blog.insieme.ch\/fr\/vie-professionnelle\/qualite-et-bonne-humeur-au-menu\/\" \/>\n<meta property=\"og:site_name\" content=\"insieme Blog\" \/>\n<meta property=\"article:publisher\" content=\"https:\/\/www.facebook.com\/insiemeSuisse\/\" \/>\n<meta property=\"article:published_time\" content=\"2021-03-29T08:52:15+00:00\" \/>\n<meta property=\"article:modified_time\" content=\"2021-04-08T10:37:43+00:00\" \/>\n<meta property=\"og:image\" content=\"https:\/\/blog.insieme.ch\/wp-inside\/uploads\/2021\/03\/demi-lune_16.jpg\" \/>\n\t<meta property=\"og:image:width\" content=\"1920\" \/>\n\t<meta property=\"og:image:height\" content=\"1280\" \/>\n\t<meta property=\"og:image:type\" content=\"image\/jpeg\" \/>\n<meta name=\"author\" content=\"Martine Salomon\" \/>\n<meta name=\"twitter:card\" content=\"summary_large_image\" \/>\n<meta name=\"twitter:creator\" content=\"@insiemeSuisse\" \/>\n<meta name=\"twitter:site\" content=\"@insiemeSuisse\" \/>\n<meta name=\"twitter:label1\" content=\"\u00c9crit par\" \/>\n\t<meta name=\"twitter:data1\" content=\"Martine Salomon\" \/>\n\t<meta name=\"twitter:label2\" content=\"Dur\u00e9e de lecture estim\u00e9e\" \/>\n\t<meta name=\"twitter:data2\" content=\"8 minutes\" \/>\n<script type=\"application\/ld+json\" class=\"yoast-schema-graph\">{\"@context\":\"https:\\\/\\\/schema.org\",\"@graph\":[{\"@type\":\"Article\",\"@id\":\"https:\\\/\\\/blog.insieme.ch\\\/fr\\\/vie-professionnelle\\\/qualite-et-bonne-humeur-au-menu\\\/#article\",\"isPartOf\":{\"@id\":\"https:\\\/\\\/blog.insieme.ch\\\/fr\\\/vie-professionnelle\\\/qualite-et-bonne-humeur-au-menu\\\/\"},\"author\":{\"name\":\"Martine Salomon\",\"@id\":\"https:\\\/\\\/blog.insieme.ch\\\/fr\\\/#\\\/schema\\\/person\\\/b16bccbba67f6bc661ea83f6f0975b8b\"},\"headline\":\"Qualit\u00e9 et bonne humeur au menu\",\"datePublished\":\"2021-03-29T08:52:15+00:00\",\"dateModified\":\"2021-04-08T10:37:43+00:00\",\"mainEntityOfPage\":{\"@id\":\"https:\\\/\\\/blog.insieme.ch\\\/fr\\\/vie-professionnelle\\\/qualite-et-bonne-humeur-au-menu\\\/\"},\"wordCount\":1613,\"commentCount\":0,\"publisher\":{\"@id\":\"https:\\\/\\\/blog.insieme.ch\\\/fr\\\/#organization\"},\"image\":{\"@id\":\"https:\\\/\\\/blog.insieme.ch\\\/fr\\\/vie-professionnelle\\\/qualite-et-bonne-humeur-au-menu\\\/#primaryimage\"},\"thumbnailUrl\":\"https:\\\/\\\/blog.insieme.ch\\\/wp-inside\\\/uploads\\\/2021\\\/03\\\/demi-lune_16.jpg\",\"keywords\":[\"Apprentissage\",\"Int\u00e9gration\",\"Restauration\"],\"articleSection\":[\"Vie professionnelle\"],\"inLanguage\":\"fr-FR\",\"potentialAction\":[{\"@type\":\"CommentAction\",\"name\":\"Comment\",\"target\":[\"https:\\\/\\\/blog.insieme.ch\\\/fr\\\/vie-professionnelle\\\/qualite-et-bonne-humeur-au-menu\\\/#respond\"]}]},{\"@type\":\"WebPage\",\"@id\":\"https:\\\/\\\/blog.insieme.ch\\\/fr\\\/vie-professionnelle\\\/qualite-et-bonne-humeur-au-menu\\\/\",\"url\":\"https:\\\/\\\/blog.insieme.ch\\\/fr\\\/vie-professionnelle\\\/qualite-et-bonne-humeur-au-menu\\\/\",\"name\":\"Qualit\u00e9 et bonne humeur au menu\",\"isPartOf\":{\"@id\":\"https:\\\/\\\/blog.insieme.ch\\\/fr\\\/#website\"},\"primaryImageOfPage\":{\"@id\":\"https:\\\/\\\/blog.insieme.ch\\\/fr\\\/vie-professionnelle\\\/qualite-et-bonne-humeur-au-menu\\\/#primaryimage\"},\"image\":{\"@id\":\"https:\\\/\\\/blog.insieme.ch\\\/fr\\\/vie-professionnelle\\\/qualite-et-bonne-humeur-au-menu\\\/#primaryimage\"},\"thumbnailUrl\":\"https:\\\/\\\/blog.insieme.ch\\\/wp-inside\\\/uploads\\\/2021\\\/03\\\/demi-lune_16.jpg\",\"datePublished\":\"2021-03-29T08:52:15+00:00\",\"dateModified\":\"2021-04-08T10:37:43+00:00\",\"breadcrumb\":{\"@id\":\"https:\\\/\\\/blog.insieme.ch\\\/fr\\\/vie-professionnelle\\\/qualite-et-bonne-humeur-au-menu\\\/#breadcrumb\"},\"inLanguage\":\"fr-FR\",\"potentialAction\":[{\"@type\":\"ReadAction\",\"target\":[\"https:\\\/\\\/blog.insieme.ch\\\/fr\\\/vie-professionnelle\\\/qualite-et-bonne-humeur-au-menu\\\/\"]}]},{\"@type\":\"ImageObject\",\"inLanguage\":\"fr-FR\",\"@id\":\"https:\\\/\\\/blog.insieme.ch\\\/fr\\\/vie-professionnelle\\\/qualite-et-bonne-humeur-au-menu\\\/#primaryimage\",\"url\":\"https:\\\/\\\/blog.insieme.ch\\\/wp-inside\\\/uploads\\\/2021\\\/03\\\/demi-lune_16.jpg\",\"contentUrl\":\"https:\\\/\\\/blog.insieme.ch\\\/wp-inside\\\/uploads\\\/2021\\\/03\\\/demi-lune_16.jpg\",\"width\":1920,\"height\":1280,\"caption\":\"Jacqueline Monin a trouv\u00e9 le job de ses r\u00eaves \u00e0 l\u2019h\u00f4tel-restaurant La Demi-Lune. Photo: Cyril Zingaro\"},{\"@type\":\"BreadcrumbList\",\"@id\":\"https:\\\/\\\/blog.insieme.ch\\\/fr\\\/vie-professionnelle\\\/qualite-et-bonne-humeur-au-menu\\\/#breadcrumb\",\"itemListElement\":[{\"@type\":\"ListItem\",\"position\":1,\"name\":\"Accueil\",\"item\":\"https:\\\/\\\/blog.insieme.ch\\\/fr\\\/\"},{\"@type\":\"ListItem\",\"position\":2,\"name\":\"Vie professionnelle\",\"item\":\"https:\\\/\\\/blog.insieme.ch\\\/fr\\\/vie-professionnelle\\\/\"},{\"@type\":\"ListItem\",\"position\":3,\"name\":\"Qualit\u00e9 et bonne humeur au menu\"}]},{\"@type\":\"WebSite\",\"@id\":\"https:\\\/\\\/blog.insieme.ch\\\/fr\\\/#website\",\"url\":\"https:\\\/\\\/blog.insieme.ch\\\/fr\\\/\",\"name\":\"insieme Blog\",\"description\":\"Alles ausser gew\u00f6hnlich\",\"publisher\":{\"@id\":\"https:\\\/\\\/blog.insieme.ch\\\/fr\\\/#organization\"},\"potentialAction\":[{\"@type\":\"SearchAction\",\"target\":{\"@type\":\"EntryPoint\",\"urlTemplate\":\"https:\\\/\\\/blog.insieme.ch\\\/fr\\\/?s={search_term_string}\"},\"query-input\":{\"@type\":\"PropertyValueSpecification\",\"valueRequired\":true,\"valueName\":\"search_term_string\"}}],\"inLanguage\":\"fr-FR\"},{\"@type\":\"Organization\",\"@id\":\"https:\\\/\\\/blog.insieme.ch\\\/fr\\\/#organization\",\"name\":\"insieme Blog\",\"url\":\"https:\\\/\\\/blog.insieme.ch\\\/fr\\\/\",\"logo\":{\"@type\":\"ImageObject\",\"inLanguage\":\"fr-FR\",\"@id\":\"https:\\\/\\\/blog.insieme.ch\\\/fr\\\/#\\\/schema\\\/logo\\\/image\\\/\",\"url\":\"https:\\\/\\\/blog.insieme.ch\\\/wp-inside\\\/uploads\\\/2021\\\/04\\\/logo-insieme-blog.png\",\"contentUrl\":\"https:\\\/\\\/blog.insieme.ch\\\/wp-inside\\\/uploads\\\/2021\\\/04\\\/logo-insieme-blog.png\",\"width\":280,\"height\":81,\"caption\":\"insieme Blog\"},\"image\":{\"@id\":\"https:\\\/\\\/blog.insieme.ch\\\/fr\\\/#\\\/schema\\\/logo\\\/image\\\/\"},\"sameAs\":[\"https:\\\/\\\/www.facebook.com\\\/insiemeSuisse\\\/\",\"https:\\\/\\\/x.com\\\/insiemeSuisse\"]},{\"@type\":\"Person\",\"@id\":\"https:\\\/\\\/blog.insieme.ch\\\/fr\\\/#\\\/schema\\\/person\\\/b16bccbba67f6bc661ea83f6f0975b8b\",\"name\":\"Martine Salomon\",\"image\":{\"@type\":\"ImageObject\",\"inLanguage\":\"fr-FR\",\"@id\":\"https:\\\/\\\/secure.gravatar.com\\\/avatar\\\/b7fcf7ee95edb0d5fecbf98c1b5e6b39f7b6416a11971e8a25201ee111d7cd02?s=96&d=mm&r=g\",\"url\":\"https:\\\/\\\/secure.gravatar.com\\\/avatar\\\/b7fcf7ee95edb0d5fecbf98c1b5e6b39f7b6416a11971e8a25201ee111d7cd02?s=96&d=mm&r=g\",\"contentUrl\":\"https:\\\/\\\/secure.gravatar.com\\\/avatar\\\/b7fcf7ee95edb0d5fecbf98c1b5e6b39f7b6416a11971e8a25201ee111d7cd02?s=96&d=mm&r=g\",\"caption\":\"Martine Salomon\"},\"description\":\"Journaliste insieme\",\"url\":\"https:\\\/\\\/blog.insieme.ch\\\/fr\\\/author\\\/martine-salomon\\\/\"}]}<\/script>\n<!-- \/ Yoast SEO plugin. -->","yoast_head_json":{"title":"Qualit\u00e9 et bonne humeur au menu","robots":{"index":"index","follow":"follow","max-snippet":"max-snippet:-1","max-image-preview":"max-image-preview:large","max-video-preview":"max-video-preview:-1"},"canonical":"https:\/\/blog.insieme.ch\/fr\/vie-professionnelle\/qualite-et-bonne-humeur-au-menu\/","og_locale":"fr_FR","og_type":"article","og_title":"Qualit\u00e9 et bonne humeur au menu","og_description":"Dans le village m\u00e9di\u00e9val de Saint-Ursanne (JU), l\u2019h\u00f4tel-restaurant La Demi-Lune emploie plusieurs personnes avec handicap mental. Il marie avec brio l\u2019inclusion, la qualit\u00e9 des prestations et une ambiance joyeuse. Le [&hellip;]","og_url":"https:\/\/blog.insieme.ch\/fr\/vie-professionnelle\/qualite-et-bonne-humeur-au-menu\/","og_site_name":"insieme Blog","article_publisher":"https:\/\/www.facebook.com\/insiemeSuisse\/","article_published_time":"2021-03-29T08:52:15+00:00","article_modified_time":"2021-04-08T10:37:43+00:00","og_image":[{"width":1920,"height":1280,"url":"https:\/\/blog.insieme.ch\/wp-inside\/uploads\/2021\/03\/demi-lune_16.jpg","type":"image\/jpeg"}],"author":"Martine Salomon","twitter_card":"summary_large_image","twitter_creator":"@insiemeSuisse","twitter_site":"@insiemeSuisse","twitter_misc":{"\u00c9crit par":"Martine Salomon","Dur\u00e9e de lecture estim\u00e9e":"8 minutes"},"schema":{"@context":"https:\/\/schema.org","@graph":[{"@type":"Article","@id":"https:\/\/blog.insieme.ch\/fr\/vie-professionnelle\/qualite-et-bonne-humeur-au-menu\/#article","isPartOf":{"@id":"https:\/\/blog.insieme.ch\/fr\/vie-professionnelle\/qualite-et-bonne-humeur-au-menu\/"},"author":{"name":"Martine Salomon","@id":"https:\/\/blog.insieme.ch\/fr\/#\/schema\/person\/b16bccbba67f6bc661ea83f6f0975b8b"},"headline":"Qualit\u00e9 et bonne humeur au menu","datePublished":"2021-03-29T08:52:15+00:00","dateModified":"2021-04-08T10:37:43+00:00","mainEntityOfPage":{"@id":"https:\/\/blog.insieme.ch\/fr\/vie-professionnelle\/qualite-et-bonne-humeur-au-menu\/"},"wordCount":1613,"commentCount":0,"publisher":{"@id":"https:\/\/blog.insieme.ch\/fr\/#organization"},"image":{"@id":"https:\/\/blog.insieme.ch\/fr\/vie-professionnelle\/qualite-et-bonne-humeur-au-menu\/#primaryimage"},"thumbnailUrl":"https:\/\/blog.insieme.ch\/wp-inside\/uploads\/2021\/03\/demi-lune_16.jpg","keywords":["Apprentissage","Int\u00e9gration","Restauration"],"articleSection":["Vie professionnelle"],"inLanguage":"fr-FR","potentialAction":[{"@type":"CommentAction","name":"Comment","target":["https:\/\/blog.insieme.ch\/fr\/vie-professionnelle\/qualite-et-bonne-humeur-au-menu\/#respond"]}]},{"@type":"WebPage","@id":"https:\/\/blog.insieme.ch\/fr\/vie-professionnelle\/qualite-et-bonne-humeur-au-menu\/","url":"https:\/\/blog.insieme.ch\/fr\/vie-professionnelle\/qualite-et-bonne-humeur-au-menu\/","name":"Qualit\u00e9 et bonne humeur au menu","isPartOf":{"@id":"https:\/\/blog.insieme.ch\/fr\/#website"},"primaryImageOfPage":{"@id":"https:\/\/blog.insieme.ch\/fr\/vie-professionnelle\/qualite-et-bonne-humeur-au-menu\/#primaryimage"},"image":{"@id":"https:\/\/blog.insieme.ch\/fr\/vie-professionnelle\/qualite-et-bonne-humeur-au-menu\/#primaryimage"},"thumbnailUrl":"https:\/\/blog.insieme.ch\/wp-inside\/uploads\/2021\/03\/demi-lune_16.jpg","datePublished":"2021-03-29T08:52:15+00:00","dateModified":"2021-04-08T10:37:43+00:00","breadcrumb":{"@id":"https:\/\/blog.insieme.ch\/fr\/vie-professionnelle\/qualite-et-bonne-humeur-au-menu\/#breadcrumb"},"inLanguage":"fr-FR","potentialAction":[{"@type":"ReadAction","target":["https:\/\/blog.insieme.ch\/fr\/vie-professionnelle\/qualite-et-bonne-humeur-au-menu\/"]}]},{"@type":"ImageObject","inLanguage":"fr-FR","@id":"https:\/\/blog.insieme.ch\/fr\/vie-professionnelle\/qualite-et-bonne-humeur-au-menu\/#primaryimage","url":"https:\/\/blog.insieme.ch\/wp-inside\/uploads\/2021\/03\/demi-lune_16.jpg","contentUrl":"https:\/\/blog.insieme.ch\/wp-inside\/uploads\/2021\/03\/demi-lune_16.jpg","width":1920,"height":1280,"caption":"Jacqueline Monin a trouv\u00e9 le job de ses r\u00eaves \u00e0 l\u2019h\u00f4tel-restaurant La Demi-Lune. Photo: Cyril Zingaro"},{"@type":"BreadcrumbList","@id":"https:\/\/blog.insieme.ch\/fr\/vie-professionnelle\/qualite-et-bonne-humeur-au-menu\/#breadcrumb","itemListElement":[{"@type":"ListItem","position":1,"name":"Accueil","item":"https:\/\/blog.insieme.ch\/fr\/"},{"@type":"ListItem","position":2,"name":"Vie professionnelle","item":"https:\/\/blog.insieme.ch\/fr\/vie-professionnelle\/"},{"@type":"ListItem","position":3,"name":"Qualit\u00e9 et bonne humeur au menu"}]},{"@type":"WebSite","@id":"https:\/\/blog.insieme.ch\/fr\/#website","url":"https:\/\/blog.insieme.ch\/fr\/","name":"insieme Blog","description":"Alles ausser gew\u00f6hnlich","publisher":{"@id":"https:\/\/blog.insieme.ch\/fr\/#organization"},"potentialAction":[{"@type":"SearchAction","target":{"@type":"EntryPoint","urlTemplate":"https:\/\/blog.insieme.ch\/fr\/?s={search_term_string}"},"query-input":{"@type":"PropertyValueSpecification","valueRequired":true,"valueName":"search_term_string"}}],"inLanguage":"fr-FR"},{"@type":"Organization","@id":"https:\/\/blog.insieme.ch\/fr\/#organization","name":"insieme Blog","url":"https:\/\/blog.insieme.ch\/fr\/","logo":{"@type":"ImageObject","inLanguage":"fr-FR","@id":"https:\/\/blog.insieme.ch\/fr\/#\/schema\/logo\/image\/","url":"https:\/\/blog.insieme.ch\/wp-inside\/uploads\/2021\/04\/logo-insieme-blog.png","contentUrl":"https:\/\/blog.insieme.ch\/wp-inside\/uploads\/2021\/04\/logo-insieme-blog.png","width":280,"height":81,"caption":"insieme Blog"},"image":{"@id":"https:\/\/blog.insieme.ch\/fr\/#\/schema\/logo\/image\/"},"sameAs":["https:\/\/www.facebook.com\/insiemeSuisse\/","https:\/\/x.com\/insiemeSuisse"]},{"@type":"Person","@id":"https:\/\/blog.insieme.ch\/fr\/#\/schema\/person\/b16bccbba67f6bc661ea83f6f0975b8b","name":"Martine Salomon","image":{"@type":"ImageObject","inLanguage":"fr-FR","@id":"https:\/\/secure.gravatar.com\/avatar\/b7fcf7ee95edb0d5fecbf98c1b5e6b39f7b6416a11971e8a25201ee111d7cd02?s=96&d=mm&r=g","url":"https:\/\/secure.gravatar.com\/avatar\/b7fcf7ee95edb0d5fecbf98c1b5e6b39f7b6416a11971e8a25201ee111d7cd02?s=96&d=mm&r=g","contentUrl":"https:\/\/secure.gravatar.com\/avatar\/b7fcf7ee95edb0d5fecbf98c1b5e6b39f7b6416a11971e8a25201ee111d7cd02?s=96&d=mm&r=g","caption":"Martine Salomon"},"description":"Journaliste insieme","url":"https:\/\/blog.insieme.ch\/fr\/author\/martine-salomon\/"}]}},"featured_media_url":"https:\/\/blog.insieme.ch\/wp-inside\/uploads\/2021\/03\/demi-lune_16-1024x683.jpg","_links":{"self":[{"href":"https:\/\/blog.insieme.ch\/fr\/wp-json\/wp\/v2\/posts\/1265","targetHints":{"allow":["GET"]}}],"collection":[{"href":"https:\/\/blog.insieme.ch\/fr\/wp-json\/wp\/v2\/posts"}],"about":[{"href":"https:\/\/blog.insieme.ch\/fr\/wp-json\/wp\/v2\/types\/post"}],"author":[{"embeddable":true,"href":"https:\/\/blog.insieme.ch\/fr\/wp-json\/wp\/v2\/users\/5"}],"replies":[{"embeddable":true,"href":"https:\/\/blog.insieme.ch\/fr\/wp-json\/wp\/v2\/comments?post=1265"}],"version-history":[{"count":5,"href":"https:\/\/blog.insieme.ch\/fr\/wp-json\/wp\/v2\/posts\/1265\/revisions"}],"predecessor-version":[{"id":1538,"href":"https:\/\/blog.insieme.ch\/fr\/wp-json\/wp\/v2\/posts\/1265\/revisions\/1538"}],"wp:featuredmedia":[{"embeddable":true,"href":"https:\/\/blog.insieme.ch\/fr\/wp-json\/wp\/v2\/media\/1270"}],"wp:attachment":[{"href":"https:\/\/blog.insieme.ch\/fr\/wp-json\/wp\/v2\/media?parent=1265"}],"wp:term":[{"taxonomy":"category","embeddable":true,"href":"https:\/\/blog.insieme.ch\/fr\/wp-json\/wp\/v2\/categories?post=1265"},{"taxonomy":"post_tag","embeddable":true,"href":"https:\/\/blog.insieme.ch\/fr\/wp-json\/wp\/v2\/tags?post=1265"}],"curies":[{"name":"wp","href":"https:\/\/api.w.org\/{rel}","templated":true}]}}